{"id":1193987,"date":"2020-09-12T00:52:24","date_gmt":"2020-09-11T23:52:24","guid":{"rendered":"https:\/\/www.pressenza.com\/?p=1193987"},"modified":"2020-09-12T00:52:24","modified_gmt":"2020-09-11T23:52:24","slug":"leao-alado-2808-mao-na-massa-pratica-de-reconciliacao","status":"publish","type":"post","link":"https:\/\/www.pressenza.com\/pt-pt\/2020\/09\/leao-alado-2808-mao-na-massa-pratica-de-reconciliacao\/","title":{"rendered":"Le\u00e3o Alado 28|08: M\u00e3o na massa. Pr\u00e1tica de reconcilia\u00e7\u00e3o"},"content":{"rendered":"<p><strong>Descri\u00e7\u00e3o do epis\u00f3dio<\/strong> <a href=\"https:\/\/open.spotify.com\/episode\/1ZYECTQyzl3bTDQ012G6Qn\" target=\"_blank\" rel=\"noopener noreferrer\">M\u00e3o na massa: pr\u00e1tica de reconcilia\u00e7\u00e3o<\/a><\/p>\n<p>Estamos inaugurando mini-epis\u00f3dios \u201cm\u00e3o na massa\u201d com pr\u00e1ticas guiadas. Este primeiro traz uma pr\u00e1tica de relaxamento e uma experi\u00eanca guiada de reconcilia\u00e7\u00e3o (tema do epis\u00f3dio anterior). Encontre um lugar silencioso e confort\u00e1vel, feche os olhos e embarque!<\/p>\n<p>M\u00fasica: O Sol de Oslo (Gilberto Gil) [Dom\u00ednio p\u00fablico]<\/p>\n<p>Contato: <a href=\"http:\/\/facebook.com\/despertaar\" target=\"_blank\" rel=\"noopener noreferrer\">facebook.com\/despertaar<\/a><\/p>\n<hr \/>\n<p>Outros epis\u00f3dios do podcast Le\u00e3o Alado <a href=\"https:\/\/open.spotify.com\/show\/4CFqX42ljawKQv7aVgeCU2\" target=\"_blank\" rel=\"noopener noreferrer\">nesse link<\/a>.<\/p>\n","protected":false},"excerpt":{"rendered":"<p>Descri\u00e7\u00e3o do epis\u00f3dio M\u00e3o na massa: pr\u00e1tica de reconcilia\u00e7\u00e3o Estamos inaugurando mini-epis\u00f3dios \u201cm\u00e3o na massa\u201d com pr\u00e1ticas guiadas. Este primeiro traz uma pr\u00e1tica de relaxamento e uma experi\u00eanca guiada de reconcilia\u00e7\u00e3o (tema do epis\u00f3dio anterior). Encontre um lugar silencioso e&hellip;<\/p>\n","protected":false},"author":44,"featured_media":1193988,"comment_status":"closed","ping_status":"closed","sticky":false,"template":"","format":"standard","meta":{"footnotes":""},"categories":[104,11390,1254],"tags":[79566,23760,78925,75299,25607],"class_list":["post-1193987","post","type-post","status-publish","format-standard","has-post-thumbnail","hentry","category-america-do-sul","category-conteudo-original","category-humanismo-espiritualidade","tag-a-mensagem-de-silo-pt-pt","tag-espiritualidade","tag-leao-alado","tag-podcast-pt-pt","tag-reconciliacao"],"yoast_head":"<!-- This site is optimized with the Yoast SEO plugin v27.1.1 - https:\/\/yoast.com\/product\/yoast-seo-wordpress\/ -->\n<title>Le\u00e3o Alado 28|08: M\u00e3o na massa. Pr\u00e1tica de reconcilia\u00e7\u00e3o<\/title>\n<meta name=\"description\" content=\"Descri\u00e7\u00e3o do epis\u00f3dio M\u00e3o na massa: pr\u00e1tica de reconcilia\u00e7\u00e3o Estamos inaugurando mini-epis\u00f3dios \u201cm\u00e3o na massa\u201d com pr\u00e1ticas guiadas. Este primeiro traz\" \/>\n<meta name=\"robots\" content=\"index, follow, max-snippet:-1, max-image-preview:large, max-video-preview:-1\" \/>\n<link rel=\"canonical\" href=\"https:\/\/www.pressenza.com\/pt-pt\/2020\/09\/leao-alado-2808-mao-na-massa-pratica-de-reconciliacao\/\" \/>\n<meta property=\"og:locale\" content=\"pt_PT\" \/>\n<meta property=\"og:type\" content=\"article\" \/>\n<meta property=\"og:title\" content=\"Le\u00e3o Alado 28|08: M\u00e3o na massa. Pr\u00e1tica de reconcilia\u00e7\u00e3o\" \/>\n<meta property=\"og:description\" content=\"Descri\u00e7\u00e3o do epis\u00f3dio M\u00e3o na massa: pr\u00e1tica de reconcilia\u00e7\u00e3o Estamos inaugurando mini-epis\u00f3dios \u201cm\u00e3o na massa\u201d com pr\u00e1ticas guiadas. Este primeiro traz\" \/>\n<meta property=\"og:url\" content=\"https:\/\/www.pressenza.com\/pt-pt\/2020\/09\/leao-alado-2808-mao-na-massa-pratica-de-reconciliacao\/\" \/>\n<meta property=\"og:site_name\" content=\"Pressenza\" \/>\n<meta property=\"article:publisher\" content=\"https:\/\/www.facebook.com\/PressenzaItalia\" \/>\n<meta property=\"article:author\" content=\"https:\/\/www.facebook.com\/PressenzaPortugues\" \/>\n<meta property=\"article:published_time\" content=\"2020-09-11T23:52:24+00:00\" \/>\n<meta property=\"og:image\" content=\"https:\/\/www.pressenza.com\/wp-content\/uploads\/2020\/09\/lea\u0303o-alado.jpg\" \/>\n\t<meta property=\"og:image:width\" content=\"1024\" \/>\n\t<meta property=\"og:image:height\" content=\"464\" \/>\n\t<meta property=\"og:image:type\" content=\"image\/jpeg\" \/>\n<meta name=\"author\" content=\"Reda\u00e7\u00e3o S\u00e3o Paulo\" \/>\n<meta name=\"twitter:card\" content=\"summary_large_image\" \/>\n<meta name=\"twitter:creator\" content=\"@pressenza_pt\" \/>\n<meta name=\"twitter:site\" content=\"@PressenzaIPA\" \/>\n<meta name=\"twitter:label1\" content=\"Escrito por\" \/>\n\t<meta name=\"twitter:data1\" content=\"Reda\u00e7\u00e3o S\u00e3o Paulo\" \/>\n<script type=\"application\/ld+json\" class=\"yoast-schema-graph\">{\"@context\":\"https:\/\/schema.org\",\"@graph\":[{\"@type\":\"Article\",\"@id\":\"https:\/\/www.pressenza.com\/pt-pt\/2020\/09\/leao-alado-2808-mao-na-massa-pratica-de-reconciliacao\/#article\",\"isPartOf\":{\"@id\":\"https:\/\/www.pressenza.com\/pt-pt\/2020\/09\/leao-alado-2808-mao-na-massa-pratica-de-reconciliacao\/\"},\"author\":{\"name\":\"Reda\u00e7\u00e3o S\u00e3o Paulo\",\"@id\":\"https:\/\/www.pressenza.com\/pt-pt\/#\/schema\/person\/d171826afb7693cfc394da95892bfd93\"},\"headline\":\"Le\u00e3o Alado 28|08: M\u00e3o na massa. Pr\u00e1tica de reconcilia\u00e7\u00e3o\",\"datePublished\":\"2020-09-11T23:52:24+00:00\",\"mainEntityOfPage\":{\"@id\":\"https:\/\/www.pressenza.com\/pt-pt\/2020\/09\/leao-alado-2808-mao-na-massa-pratica-de-reconciliacao\/\"},\"wordCount\":97,\"publisher\":{\"@id\":\"https:\/\/www.pressenza.com\/pt-pt\/#organization\"},\"image\":{\"@id\":\"https:\/\/www.pressenza.com\/pt-pt\/2020\/09\/leao-alado-2808-mao-na-massa-pratica-de-reconciliacao\/#primaryimage\"},\"thumbnailUrl\":\"https:\/\/www.pressenza.com\/wp-content\/uploads\/2020\/09\/lea\u0303o-alado.jpg\",\"keywords\":[\"A Mensagem de Silo\",\"espiritualidade\",\"Le\u00e3o Alado\",\"podcast\",\"reconciliacao\"],\"articleSection\":[\"\u00c1m\u00e9rica do Sul\",\"Conte\u00fado Original\",\"Humanismo e Espiritualidade\"],\"inLanguage\":\"pt-PT\"},{\"@type\":\"WebPage\",\"@id\":\"https:\/\/www.pressenza.com\/pt-pt\/2020\/09\/leao-alado-2808-mao-na-massa-pratica-de-reconciliacao\/\",\"url\":\"https:\/\/www.pressenza.com\/pt-pt\/2020\/09\/leao-alado-2808-mao-na-massa-pratica-de-reconciliacao\/\",\"name\":\"Le\u00e3o Alado 28|08: M\u00e3o na massa. Pr\u00e1tica de reconcilia\u00e7\u00e3o\",\"isPartOf\":{\"@id\":\"https:\/\/www.pressenza.com\/pt-pt\/#website\"},\"primaryImageOfPage\":{\"@id\":\"https:\/\/www.pressenza.com\/pt-pt\/2020\/09\/leao-alado-2808-mao-na-massa-pratica-de-reconciliacao\/#primaryimage\"},\"image\":{\"@id\":\"https:\/\/www.pressenza.com\/pt-pt\/2020\/09\/leao-alado-2808-mao-na-massa-pratica-de-reconciliacao\/#primaryimage\"},\"thumbnailUrl\":\"https:\/\/www.pressenza.com\/wp-content\/uploads\/2020\/09\/lea\u0303o-alado.jpg\",\"datePublished\":\"2020-09-11T23:52:24+00:00\",\"description\":\"Descri\u00e7\u00e3o do epis\u00f3dio M\u00e3o na massa: pr\u00e1tica de reconcilia\u00e7\u00e3o Estamos inaugurando mini-epis\u00f3dios \u201cm\u00e3o na massa\u201d com pr\u00e1ticas guiadas. Este primeiro traz\",\"breadcrumb\":{\"@id\":\"https:\/\/www.pressenza.com\/pt-pt\/2020\/09\/leao-alado-2808-mao-na-massa-pratica-de-reconciliacao\/#breadcrumb\"},\"inLanguage\":\"pt-PT\",\"potentialAction\":[{\"@type\":\"ReadAction\",\"target\":[\"https:\/\/www.pressenza.com\/pt-pt\/2020\/09\/leao-alado-2808-mao-na-massa-pratica-de-reconciliacao\/\"]}]},{\"@type\":\"ImageObject\",\"inLanguage\":\"pt-PT\",\"@id\":\"https:\/\/www.pressenza.com\/pt-pt\/2020\/09\/leao-alado-2808-mao-na-massa-pratica-de-reconciliacao\/#primaryimage\",\"url\":\"https:\/\/www.pressenza.com\/wp-content\/uploads\/2020\/09\/lea\u0303o-alado.jpg\",\"contentUrl\":\"https:\/\/www.pressenza.com\/wp-content\/uploads\/2020\/09\/lea\u0303o-alado.jpg\",\"width\":1024,\"height\":464},{\"@type\":\"BreadcrumbList\",\"@id\":\"https:\/\/www.pressenza.com\/pt-pt\/2020\/09\/leao-alado-2808-mao-na-massa-pratica-de-reconciliacao\/#breadcrumb\",\"itemListElement\":[{\"@type\":\"ListItem\",\"position\":1,\"name\":\"Accueil\",\"item\":\"https:\/\/www.pressenza.com\/pt-pt\/\"},{\"@type\":\"ListItem\",\"position\":2,\"name\":\"Le\u00e3o Alado 28|08: M\u00e3o na massa. Pr\u00e1tica de reconcilia\u00e7\u00e3o\"}]},{\"@type\":\"WebSite\",\"@id\":\"https:\/\/www.pressenza.com\/pt-pt\/#website\",\"url\":\"https:\/\/www.pressenza.com\/pt-pt\/\",\"name\":\"Pressenza\",\"description\":\"International Press Agency\",\"publisher\":{\"@id\":\"https:\/\/www.pressenza.com\/pt-pt\/#organization\"},\"potentialAction\":[{\"@type\":\"SearchAction\",\"target\":{\"@type\":\"EntryPoint\",\"urlTemplate\":\"https:\/\/www.pressenza.com\/pt-pt\/?s={search_term_string}\"},\"query-input\":{\"@type\":\"PropertyValueSpecification\",\"valueRequired\":true,\"valueName\":\"search_term_string\"}}],\"inLanguage\":\"pt-PT\"},{\"@type\":\"Organization\",\"@id\":\"https:\/\/www.pressenza.com\/pt-pt\/#organization\",\"name\":\"Pressenza\",\"url\":\"https:\/\/www.pressenza.com\/pt-pt\/\",\"logo\":{\"@type\":\"ImageObject\",\"inLanguage\":\"pt-PT\",\"@id\":\"https:\/\/www.pressenza.com\/pt-pt\/#\/schema\/logo\/image\/\",\"url\":\"https:\/\/www.pressenza.com\/wp-content\/uploads\/2022\/10\/pressenza_logo_200x200.jpg\",\"contentUrl\":\"https:\/\/www.pressenza.com\/wp-content\/uploads\/2022\/10\/pressenza_logo_200x200.jpg\",\"width\":200,\"height\":200,\"caption\":\"Pressenza\"},\"image\":{\"@id\":\"https:\/\/www.pressenza.com\/pt-pt\/#\/schema\/logo\/image\/\"},\"sameAs\":[\"https:\/\/www.facebook.com\/PressenzaItalia\",\"https:\/\/x.com\/PressenzaIPA\"]},{\"@type\":\"Person\",\"@id\":\"https:\/\/www.pressenza.com\/pt-pt\/#\/schema\/person\/d171826afb7693cfc394da95892bfd93\",\"name\":\"Reda\u00e7\u00e3o S\u00e3o Paulo\",\"description\":\"News from the Pressenza bureau in Sao Paulo, Brazil\",\"sameAs\":[\"https:\/\/www.facebook.com\/PressenzaPortugues\",\"https:\/\/x.com\/pressenza_pt\"],\"url\":\"https:\/\/www.pressenza.com\/pt-pt\/author\/redaccao-sao-paulo\/\"}]}<\/script>\n<!-- \/ Yoast SEO plugin. -->","yoast_head_json":{"title":"Le\u00e3o Alado 28|08: M\u00e3o na massa. Pr\u00e1tica de reconcilia\u00e7\u00e3o","description":"Descri\u00e7\u00e3o do epis\u00f3dio M\u00e3o na massa: pr\u00e1tica de reconcilia\u00e7\u00e3o Estamos inaugurando mini-epis\u00f3dios \u201cm\u00e3o na massa\u201d com pr\u00e1ticas guiadas. Este primeiro traz","robots":{"index":"index","follow":"follow","max-snippet":"max-snippet:-1","max-image-preview":"max-image-preview:large","max-video-preview":"max-video-preview:-1"},"canonical":"https:\/\/www.pressenza.com\/pt-pt\/2020\/09\/leao-alado-2808-mao-na-massa-pratica-de-reconciliacao\/","og_locale":"pt_PT","og_type":"article","og_title":"Le\u00e3o Alado 28|08: M\u00e3o na massa. Pr\u00e1tica de reconcilia\u00e7\u00e3o","og_description":"Descri\u00e7\u00e3o do epis\u00f3dio M\u00e3o na massa: pr\u00e1tica de reconcilia\u00e7\u00e3o Estamos inaugurando mini-epis\u00f3dios \u201cm\u00e3o na massa\u201d com pr\u00e1ticas guiadas. Este primeiro traz","og_url":"https:\/\/www.pressenza.com\/pt-pt\/2020\/09\/leao-alado-2808-mao-na-massa-pratica-de-reconciliacao\/","og_site_name":"Pressenza","article_publisher":"https:\/\/www.facebook.com\/PressenzaItalia","article_author":"https:\/\/www.facebook.com\/PressenzaPortugues","article_published_time":"2020-09-11T23:52:24+00:00","og_image":[{"width":1024,"height":464,"url":"https:\/\/www.pressenza.com\/wp-content\/uploads\/2020\/09\/lea\u0303o-alado.jpg","type":"image\/jpeg"}],"author":"Reda\u00e7\u00e3o S\u00e3o Paulo","twitter_card":"summary_large_image","twitter_creator":"@pressenza_pt","twitter_site":"@PressenzaIPA","twitter_misc":{"Escrito por":"Reda\u00e7\u00e3o S\u00e3o Paulo"},"schema":{"@context":"https:\/\/schema.org","@graph":[{"@type":"Article","@id":"https:\/\/www.pressenza.com\/pt-pt\/2020\/09\/leao-alado-2808-mao-na-massa-pratica-de-reconciliacao\/#article","isPartOf":{"@id":"https:\/\/www.pressenza.com\/pt-pt\/2020\/09\/leao-alado-2808-mao-na-massa-pratica-de-reconciliacao\/"},"author":{"name":"Reda\u00e7\u00e3o S\u00e3o Paulo","@id":"https:\/\/www.pressenza.com\/pt-pt\/#\/schema\/person\/d171826afb7693cfc394da95892bfd93"},"headline":"Le\u00e3o Alado 28|08: M\u00e3o na massa. Pr\u00e1tica de reconcilia\u00e7\u00e3o","datePublished":"2020-09-11T23:52:24+00:00","mainEntityOfPage":{"@id":"https:\/\/www.pressenza.com\/pt-pt\/2020\/09\/leao-alado-2808-mao-na-massa-pratica-de-reconciliacao\/"},"wordCount":97,"publisher":{"@id":"https:\/\/www.pressenza.com\/pt-pt\/#organization"},"image":{"@id":"https:\/\/www.pressenza.com\/pt-pt\/2020\/09\/leao-alado-2808-mao-na-massa-pratica-de-reconciliacao\/#primaryimage"},"thumbnailUrl":"https:\/\/www.pressenza.com\/wp-content\/uploads\/2020\/09\/lea\u0303o-alado.jpg","keywords":["A Mensagem de Silo","espiritualidade","Le\u00e3o Alado","podcast","reconciliacao"],"articleSection":["\u00c1m\u00e9rica do Sul","Conte\u00fado Original","Humanismo e Espiritualidade"],"inLanguage":"pt-PT"},{"@type":"WebPage","@id":"https:\/\/www.pressenza.com\/pt-pt\/2020\/09\/leao-alado-2808-mao-na-massa-pratica-de-reconciliacao\/","url":"https:\/\/www.pressenza.com\/pt-pt\/2020\/09\/leao-alado-2808-mao-na-massa-pratica-de-reconciliacao\/","name":"Le\u00e3o Alado 28|08: M\u00e3o na massa. Pr\u00e1tica de reconcilia\u00e7\u00e3o","isPartOf":{"@id":"https:\/\/www.pressenza.com\/pt-pt\/#website"},"primaryImageOfPage":{"@id":"https:\/\/www.pressenza.com\/pt-pt\/2020\/09\/leao-alado-2808-mao-na-massa-pratica-de-reconciliacao\/#primaryimage"},"image":{"@id":"https:\/\/www.pressenza.com\/pt-pt\/2020\/09\/leao-alado-2808-mao-na-massa-pratica-de-reconciliacao\/#primaryimage"},"thumbnailUrl":"https:\/\/www.pressenza.com\/wp-content\/uploads\/2020\/09\/lea\u0303o-alado.jpg","datePublished":"2020-09-11T23:52:24+00:00","description":"Descri\u00e7\u00e3o do epis\u00f3dio M\u00e3o na massa: pr\u00e1tica de reconcilia\u00e7\u00e3o Estamos inaugurando mini-epis\u00f3dios \u201cm\u00e3o na massa\u201d com pr\u00e1ticas guiadas. Este primeiro traz","breadcrumb":{"@id":"https:\/\/www.pressenza.com\/pt-pt\/2020\/09\/leao-alado-2808-mao-na-massa-pratica-de-reconciliacao\/#breadcrumb"},"inLanguage":"pt-PT","potentialAction":[{"@type":"ReadAction","target":["https:\/\/www.pressenza.com\/pt-pt\/2020\/09\/leao-alado-2808-mao-na-massa-pratica-de-reconciliacao\/"]}]},{"@type":"ImageObject","inLanguage":"pt-PT","@id":"https:\/\/www.pressenza.com\/pt-pt\/2020\/09\/leao-alado-2808-mao-na-massa-pratica-de-reconciliacao\/#primaryimage","url":"https:\/\/www.pressenza.com\/wp-content\/uploads\/2020\/09\/lea\u0303o-alado.jpg","contentUrl":"https:\/\/www.pressenza.com\/wp-content\/uploads\/2020\/09\/lea\u0303o-alado.jpg","width":1024,"height":464},{"@type":"BreadcrumbList","@id":"https:\/\/www.pressenza.com\/pt-pt\/2020\/09\/leao-alado-2808-mao-na-massa-pratica-de-reconciliacao\/#breadcrumb","itemListElement":[{"@type":"ListItem","position":1,"name":"Accueil","item":"https:\/\/www.pressenza.com\/pt-pt\/"},{"@type":"ListItem","position":2,"name":"Le\u00e3o Alado 28|08: M\u00e3o na massa. Pr\u00e1tica de reconcilia\u00e7\u00e3o"}]},{"@type":"WebSite","@id":"https:\/\/www.pressenza.com\/pt-pt\/#website","url":"https:\/\/www.pressenza.com\/pt-pt\/","name":"Pressenza","description":"International Press Agency","publisher":{"@id":"https:\/\/www.pressenza.com\/pt-pt\/#organization"},"potentialAction":[{"@type":"SearchAction","target":{"@type":"EntryPoint","urlTemplate":"https:\/\/www.pressenza.com\/pt-pt\/?s={search_term_string}"},"query-input":{"@type":"PropertyValueSpecification","valueRequired":true,"valueName":"search_term_string"}}],"inLanguage":"pt-PT"},{"@type":"Organization","@id":"https:\/\/www.pressenza.com\/pt-pt\/#organization","name":"Pressenza","url":"https:\/\/www.pressenza.com\/pt-pt\/","logo":{"@type":"ImageObject","inLanguage":"pt-PT","@id":"https:\/\/www.pressenza.com\/pt-pt\/#\/schema\/logo\/image\/","url":"https:\/\/www.pressenza.com\/wp-content\/uploads\/2022\/10\/pressenza_logo_200x200.jpg","contentUrl":"https:\/\/www.pressenza.com\/wp-content\/uploads\/2022\/10\/pressenza_logo_200x200.jpg","width":200,"height":200,"caption":"Pressenza"},"image":{"@id":"https:\/\/www.pressenza.com\/pt-pt\/#\/schema\/logo\/image\/"},"sameAs":["https:\/\/www.facebook.com\/PressenzaItalia","https:\/\/x.com\/PressenzaIPA"]},{"@type":"Person","@id":"https:\/\/www.pressenza.com\/pt-pt\/#\/schema\/person\/d171826afb7693cfc394da95892bfd93","name":"Reda\u00e7\u00e3o S\u00e3o Paulo","description":"News from the Pressenza bureau in Sao Paulo, Brazil","sameAs":["https:\/\/www.facebook.com\/PressenzaPortugues","https:\/\/x.com\/pressenza_pt"],"url":"https:\/\/www.pressenza.com\/pt-pt\/author\/redaccao-sao-paulo\/"}]}},"place":"S\u00e3o Paulo, Brasil","original_article_url":"","_links":{"self":[{"href":"https:\/\/www.pressenza.com\/pt-pt\/wp-json\/wp\/v2\/posts\/1193987","targetHints":{"allow":["GET"]}}],"collection":[{"href":"https:\/\/www.pressenza.com\/pt-pt\/wp-json\/wp\/v2\/posts"}],"about":[{"href":"https:\/\/www.pressenza.com\/pt-pt\/wp-json\/wp\/v2\/types\/post"}],"author":[{"embeddable":true,"href":"https:\/\/www.pressenza.com\/pt-pt\/wp-json\/wp\/v2\/users\/44"}],"replies":[{"embeddable":true,"href":"https:\/\/www.pressenza.com\/pt-pt\/wp-json\/wp\/v2\/comments?post=1193987"}],"version-history":[{"count":0,"href":"https:\/\/www.pressenza.com\/pt-pt\/wp-json\/wp\/v2\/posts\/1193987\/revisions"}],"wp:featuredmedia":[{"embeddable":true,"href":"https:\/\/www.pressenza.com\/pt-pt\/wp-json\/wp\/v2\/media\/1193988"}],"wp:attachment":[{"href":"https:\/\/www.pressenza.com\/pt-pt\/wp-json\/wp\/v2\/media?parent=1193987"}],"wp:term":[{"taxonomy":"category","embeddable":true,"href":"https:\/\/www.pressenza.com\/pt-pt\/wp-json\/wp\/v2\/categories?post=1193987"},{"taxonomy":"post_tag","embeddable":true,"href":"https:\/\/www.pressenza.com\/pt-pt\/wp-json\/wp\/v2\/tags?post=1193987"}],"curies":[{"name":"wp","href":"https:\/\/api.w.org\/{rel}","templated":true}]}}