{"id":1190493,"date":"2020-09-06T03:58:06","date_gmt":"2020-09-06T02:58:06","guid":{"rendered":"https:\/\/www.pressenza.com\/?p=1190493"},"modified":"2020-09-05T18:16:29","modified_gmt":"2020-09-05T17:16:29","slug":"ao-pensamento","status":"publish","type":"post","link":"https:\/\/www.pressenza.com\/pt-pt\/2020\/09\/ao-pensamento\/","title":{"rendered":"Ao pensamento"},"content":{"rendered":"<h5><span style=\"color: #999999;\">POEMA<\/span><\/h5>\n<p>&nbsp;<\/p>\n<p>&nbsp;<\/p>\n<p>Em pensamento eu posso me aglomerar<\/p>\n<p>com os amores da minha vida e ir em paz<\/p>\n<p>para a rua democr\u00e1tica e convidativa ao<\/p>\n<p>abra\u00e7o forte e coletivo pelo qual o amor<\/p>\n<p>se expande e se lan\u00e7a para muito al\u00e9m<\/p>\n<p>de n\u00f3s\u2026<\/p>\n<p>O pensamento \u00e9 criador e pode edificar<\/p>\n<p>uma cidade de afetos e de for\u00e7a rumo \u00e0<\/p>\n<p>liberdades avassaladoras e respons\u00e1veis.<\/p>\n<p>O pensamento \u00e9 libertador e pode ser o<\/p>\n<p>passaporte de toda esperan\u00e7a bela e poss\u00edvel\u2026<\/p>\n<p>Mas, \u00e9 importante aliment\u00e1-lo e dar-lhe<\/p>\n<p>fibras, torn\u00e1-lo f\u00e9rtil, vivo e generoso\u2026<\/p>\n<p>\u00c9 importante dar-lhe presentes vivos e<\/p>\n<p>faz\u00ea-lo dan\u00e7ar a m\u00fasica dos livros, a voz<\/p>\n<p>da poesia e os arroubos da raz\u00e3o e do sentimento\u2026<\/p>\n<p>E \u00e9 essencial que a loucura arrebatadora<\/p>\n<p>do pensamento se dispa de maldades e<\/p>\n<p>se vista de uma l\u00facida paix\u00e3o pelo amor\u2026<\/p>\n<p>O amor que supera limites, que agrega,<\/p>\n<p>que protege, transforma e contamina\u2026<\/p>\n<p>O Amor que cura.<\/p>\n","protected":false},"excerpt":{"rendered":"<p>POEMA &nbsp; &nbsp; Em pensamento eu posso me aglomerar com os amores da minha vida e ir em paz para a rua democr\u00e1tica e convidativa ao abra\u00e7o forte e coletivo pelo qual o amor se expande e se lan\u00e7a para&hellip;<\/p>\n","protected":false},"author":1819,"featured_media":1190495,"comment_status":"closed","ping_status":"closed","sticky":false,"template":"","format":"standard","meta":{"footnotes":""},"categories":[104,11390,112],"tags":[75238,75336,75310],"class_list":["post-1190493","post","type-post","status-publish","format-standard","has-post-thumbnail","hentry","category-america-do-sul","category-conteudo-original","category-cultura-pt-pt","tag-caderno-de-cultura","tag-poema-pt-pt","tag-poesia-pt-pt"],"yoast_head":"<!-- This site is optimized with the Yoast SEO plugin v27.1.1 - https:\/\/yoast.com\/product\/yoast-seo-wordpress\/ -->\n<title>Ao pensamento<\/title>\n<meta name=\"description\" content=\"POEMA &nbsp; &nbsp; Em pensamento eu posso me aglomerar com os amores da minha vida e ir em paz para a rua democr\u00e1tica e convidativa ao abra\u00e7o forte e\" \/>\n<meta name=\"robots\" content=\"index, follow, max-snippet:-1, max-image-preview:large, max-video-preview:-1\" \/>\n<link rel=\"canonical\" href=\"https:\/\/www.pressenza.com\/pt-pt\/2020\/09\/ao-pensamento\/\" \/>\n<meta property=\"og:locale\" content=\"pt_PT\" \/>\n<meta property=\"og:type\" content=\"article\" \/>\n<meta property=\"og:title\" content=\"Ao pensamento\" \/>\n<meta property=\"og:description\" content=\"POEMA &nbsp; &nbsp; Em pensamento eu posso me aglomerar com os amores da minha vida e ir em paz para a rua democr\u00e1tica e convidativa ao abra\u00e7o forte e\" \/>\n<meta property=\"og:url\" content=\"https:\/\/www.pressenza.com\/pt-pt\/2020\/09\/ao-pensamento\/\" \/>\n<meta property=\"og:site_name\" content=\"Pressenza\" \/>\n<meta property=\"article:publisher\" content=\"https:\/\/www.facebook.com\/PressenzaItalia\" \/>\n<meta property=\"article:published_time\" content=\"2020-09-06T02:58:06+00:00\" \/>\n<meta property=\"og:image\" content=\"https:\/\/www.pressenza.com\/wp-content\/uploads\/2020\/09\/Sasin-Tipchai-Pixabay.jpg\" \/>\n\t<meta property=\"og:image:width\" content=\"1024\" \/>\n\t<meta property=\"og:image:height\" content=\"665\" \/>\n\t<meta property=\"og:image:type\" content=\"image\/jpeg\" \/>\n<meta name=\"author\" content=\"Claudio Lessa\" \/>\n<meta name=\"twitter:card\" content=\"summary_large_image\" \/>\n<meta name=\"twitter:creator\" content=\"@PressenzaIPA\" \/>\n<meta name=\"twitter:site\" content=\"@PressenzaIPA\" \/>\n<meta name=\"twitter:label1\" content=\"Escrito por\" \/>\n\t<meta name=\"twitter:data1\" content=\"Claudio Lessa\" \/>\n\t<meta name=\"twitter:label2\" content=\"Tempo estimado de leitura\" \/>\n\t<meta name=\"twitter:data2\" content=\"1 minuto\" \/>\n<script type=\"application\/ld+json\" class=\"yoast-schema-graph\">{\"@context\":\"https:\/\/schema.org\",\"@graph\":[{\"@type\":\"Article\",\"@id\":\"https:\/\/www.pressenza.com\/pt-pt\/2020\/09\/ao-pensamento\/#article\",\"isPartOf\":{\"@id\":\"https:\/\/www.pressenza.com\/pt-pt\/2020\/09\/ao-pensamento\/\"},\"author\":{\"name\":\"Claudio Lessa\",\"@id\":\"https:\/\/www.pressenza.com\/pt-pt\/#\/schema\/person\/c63329691f539a5bd1136e29baacb4e9\"},\"headline\":\"Ao pensamento\",\"datePublished\":\"2020-09-06T02:58:06+00:00\",\"mainEntityOfPage\":{\"@id\":\"https:\/\/www.pressenza.com\/pt-pt\/2020\/09\/ao-pensamento\/\"},\"wordCount\":167,\"publisher\":{\"@id\":\"https:\/\/www.pressenza.com\/pt-pt\/#organization\"},\"image\":{\"@id\":\"https:\/\/www.pressenza.com\/pt-pt\/2020\/09\/ao-pensamento\/#primaryimage\"},\"thumbnailUrl\":\"https:\/\/www.pressenza.com\/wp-content\/uploads\/2020\/09\/Sasin-Tipchai-Pixabay.jpg\",\"keywords\":[\"caderno de cultura\",\"poema\",\"poes\u00eda\"],\"articleSection\":[\"\u00c1m\u00e9rica do Sul\",\"Conte\u00fado Original\",\"Cultura e M\u00eddia\"],\"inLanguage\":\"pt-PT\"},{\"@type\":\"WebPage\",\"@id\":\"https:\/\/www.pressenza.com\/pt-pt\/2020\/09\/ao-pensamento\/\",\"url\":\"https:\/\/www.pressenza.com\/pt-pt\/2020\/09\/ao-pensamento\/\",\"name\":\"Ao pensamento\",\"isPartOf\":{\"@id\":\"https:\/\/www.pressenza.com\/pt-pt\/#website\"},\"primaryImageOfPage\":{\"@id\":\"https:\/\/www.pressenza.com\/pt-pt\/2020\/09\/ao-pensamento\/#primaryimage\"},\"image\":{\"@id\":\"https:\/\/www.pressenza.com\/pt-pt\/2020\/09\/ao-pensamento\/#primaryimage\"},\"thumbnailUrl\":\"https:\/\/www.pressenza.com\/wp-content\/uploads\/2020\/09\/Sasin-Tipchai-Pixabay.jpg\",\"datePublished\":\"2020-09-06T02:58:06+00:00\",\"description\":\"POEMA &nbsp; &nbsp; Em pensamento eu posso me aglomerar com os amores da minha vida e ir em paz para a rua democr\u00e1tica e convidativa ao abra\u00e7o forte e\",\"breadcrumb\":{\"@id\":\"https:\/\/www.pressenza.com\/pt-pt\/2020\/09\/ao-pensamento\/#breadcrumb\"},\"inLanguage\":\"pt-PT\",\"potentialAction\":[{\"@type\":\"ReadAction\",\"target\":[\"https:\/\/www.pressenza.com\/pt-pt\/2020\/09\/ao-pensamento\/\"]}]},{\"@type\":\"ImageObject\",\"inLanguage\":\"pt-PT\",\"@id\":\"https:\/\/www.pressenza.com\/pt-pt\/2020\/09\/ao-pensamento\/#primaryimage\",\"url\":\"https:\/\/www.pressenza.com\/wp-content\/uploads\/2020\/09\/Sasin-Tipchai-Pixabay.jpg\",\"contentUrl\":\"https:\/\/www.pressenza.com\/wp-content\/uploads\/2020\/09\/Sasin-Tipchai-Pixabay.jpg\",\"width\":1024,\"height\":665},{\"@type\":\"BreadcrumbList\",\"@id\":\"https:\/\/www.pressenza.com\/pt-pt\/2020\/09\/ao-pensamento\/#breadcrumb\",\"itemListElement\":[{\"@type\":\"ListItem\",\"position\":1,\"name\":\"Accueil\",\"item\":\"https:\/\/www.pressenza.com\/pt-pt\/\"},{\"@type\":\"ListItem\",\"position\":2,\"name\":\"Ao pensamento\"}]},{\"@type\":\"WebSite\",\"@id\":\"https:\/\/www.pressenza.com\/pt-pt\/#website\",\"url\":\"https:\/\/www.pressenza.com\/pt-pt\/\",\"name\":\"Pressenza\",\"description\":\"International Press Agency\",\"publisher\":{\"@id\":\"https:\/\/www.pressenza.com\/pt-pt\/#organization\"},\"potentialAction\":[{\"@type\":\"SearchAction\",\"target\":{\"@type\":\"EntryPoint\",\"urlTemplate\":\"https:\/\/www.pressenza.com\/pt-pt\/?s={search_term_string}\"},\"query-input\":{\"@type\":\"PropertyValueSpecification\",\"valueRequired\":true,\"valueName\":\"search_term_string\"}}],\"inLanguage\":\"pt-PT\"},{\"@type\":\"Organization\",\"@id\":\"https:\/\/www.pressenza.com\/pt-pt\/#organization\",\"name\":\"Pressenza\",\"url\":\"https:\/\/www.pressenza.com\/pt-pt\/\",\"logo\":{\"@type\":\"ImageObject\",\"inLanguage\":\"pt-PT\",\"@id\":\"https:\/\/www.pressenza.com\/pt-pt\/#\/schema\/logo\/image\/\",\"url\":\"https:\/\/www.pressenza.com\/wp-content\/uploads\/2022\/10\/pressenza_logo_200x200.jpg\",\"contentUrl\":\"https:\/\/www.pressenza.com\/wp-content\/uploads\/2022\/10\/pressenza_logo_200x200.jpg\",\"width\":200,\"height\":200,\"caption\":\"Pressenza\"},\"image\":{\"@id\":\"https:\/\/www.pressenza.com\/pt-pt\/#\/schema\/logo\/image\/\"},\"sameAs\":[\"https:\/\/www.facebook.com\/PressenzaItalia\",\"https:\/\/x.com\/PressenzaIPA\"]},{\"@type\":\"Person\",\"@id\":\"https:\/\/www.pressenza.com\/pt-pt\/#\/schema\/person\/c63329691f539a5bd1136e29baacb4e9\",\"name\":\"Claudio Lessa\",\"description\":\"Poeta e escritor.\",\"url\":\"https:\/\/www.pressenza.com\/pt-pt\/author\/claudio-lessa\/\"}]}<\/script>\n<!-- \/ Yoast SEO plugin. -->","yoast_head_json":{"title":"Ao pensamento","description":"POEMA &nbsp; &nbsp; Em pensamento eu posso me aglomerar com os amores da minha vida e ir em paz para a rua democr\u00e1tica e convidativa ao abra\u00e7o forte e","robots":{"index":"index","follow":"follow","max-snippet":"max-snippet:-1","max-image-preview":"max-image-preview:large","max-video-preview":"max-video-preview:-1"},"canonical":"https:\/\/www.pressenza.com\/pt-pt\/2020\/09\/ao-pensamento\/","og_locale":"pt_PT","og_type":"article","og_title":"Ao pensamento","og_description":"POEMA &nbsp; &nbsp; Em pensamento eu posso me aglomerar com os amores da minha vida e ir em paz para a rua democr\u00e1tica e convidativa ao abra\u00e7o forte e","og_url":"https:\/\/www.pressenza.com\/pt-pt\/2020\/09\/ao-pensamento\/","og_site_name":"Pressenza","article_publisher":"https:\/\/www.facebook.com\/PressenzaItalia","article_published_time":"2020-09-06T02:58:06+00:00","og_image":[{"width":1024,"height":665,"url":"https:\/\/www.pressenza.com\/wp-content\/uploads\/2020\/09\/Sasin-Tipchai-Pixabay.jpg","type":"image\/jpeg"}],"author":"Claudio Lessa","twitter_card":"summary_large_image","twitter_creator":"@PressenzaIPA","twitter_site":"@PressenzaIPA","twitter_misc":{"Escrito por":"Claudio Lessa","Tempo estimado de leitura":"1 minuto"},"schema":{"@context":"https:\/\/schema.org","@graph":[{"@type":"Article","@id":"https:\/\/www.pressenza.com\/pt-pt\/2020\/09\/ao-pensamento\/#article","isPartOf":{"@id":"https:\/\/www.pressenza.com\/pt-pt\/2020\/09\/ao-pensamento\/"},"author":{"name":"Claudio Lessa","@id":"https:\/\/www.pressenza.com\/pt-pt\/#\/schema\/person\/c63329691f539a5bd1136e29baacb4e9"},"headline":"Ao pensamento","datePublished":"2020-09-06T02:58:06+00:00","mainEntityOfPage":{"@id":"https:\/\/www.pressenza.com\/pt-pt\/2020\/09\/ao-pensamento\/"},"wordCount":167,"publisher":{"@id":"https:\/\/www.pressenza.com\/pt-pt\/#organization"},"image":{"@id":"https:\/\/www.pressenza.com\/pt-pt\/2020\/09\/ao-pensamento\/#primaryimage"},"thumbnailUrl":"https:\/\/www.pressenza.com\/wp-content\/uploads\/2020\/09\/Sasin-Tipchai-Pixabay.jpg","keywords":["caderno de cultura","poema","poes\u00eda"],"articleSection":["\u00c1m\u00e9rica do Sul","Conte\u00fado Original","Cultura e M\u00eddia"],"inLanguage":"pt-PT"},{"@type":"WebPage","@id":"https:\/\/www.pressenza.com\/pt-pt\/2020\/09\/ao-pensamento\/","url":"https:\/\/www.pressenza.com\/pt-pt\/2020\/09\/ao-pensamento\/","name":"Ao pensamento","isPartOf":{"@id":"https:\/\/www.pressenza.com\/pt-pt\/#website"},"primaryImageOfPage":{"@id":"https:\/\/www.pressenza.com\/pt-pt\/2020\/09\/ao-pensamento\/#primaryimage"},"image":{"@id":"https:\/\/www.pressenza.com\/pt-pt\/2020\/09\/ao-pensamento\/#primaryimage"},"thumbnailUrl":"https:\/\/www.pressenza.com\/wp-content\/uploads\/2020\/09\/Sasin-Tipchai-Pixabay.jpg","datePublished":"2020-09-06T02:58:06+00:00","description":"POEMA &nbsp; &nbsp; Em pensamento eu posso me aglomerar com os amores da minha vida e ir em paz para a rua democr\u00e1tica e convidativa ao abra\u00e7o forte e","breadcrumb":{"@id":"https:\/\/www.pressenza.com\/pt-pt\/2020\/09\/ao-pensamento\/#breadcrumb"},"inLanguage":"pt-PT","potentialAction":[{"@type":"ReadAction","target":["https:\/\/www.pressenza.com\/pt-pt\/2020\/09\/ao-pensamento\/"]}]},{"@type":"ImageObject","inLanguage":"pt-PT","@id":"https:\/\/www.pressenza.com\/pt-pt\/2020\/09\/ao-pensamento\/#primaryimage","url":"https:\/\/www.pressenza.com\/wp-content\/uploads\/2020\/09\/Sasin-Tipchai-Pixabay.jpg","contentUrl":"https:\/\/www.pressenza.com\/wp-content\/uploads\/2020\/09\/Sasin-Tipchai-Pixabay.jpg","width":1024,"height":665},{"@type":"BreadcrumbList","@id":"https:\/\/www.pressenza.com\/pt-pt\/2020\/09\/ao-pensamento\/#breadcrumb","itemListElement":[{"@type":"ListItem","position":1,"name":"Accueil","item":"https:\/\/www.pressenza.com\/pt-pt\/"},{"@type":"ListItem","position":2,"name":"Ao pensamento"}]},{"@type":"WebSite","@id":"https:\/\/www.pressenza.com\/pt-pt\/#website","url":"https:\/\/www.pressenza.com\/pt-pt\/","name":"Pressenza","description":"International Press Agency","publisher":{"@id":"https:\/\/www.pressenza.com\/pt-pt\/#organization"},"potentialAction":[{"@type":"SearchAction","target":{"@type":"EntryPoint","urlTemplate":"https:\/\/www.pressenza.com\/pt-pt\/?s={search_term_string}"},"query-input":{"@type":"PropertyValueSpecification","valueRequired":true,"valueName":"search_term_string"}}],"inLanguage":"pt-PT"},{"@type":"Organization","@id":"https:\/\/www.pressenza.com\/pt-pt\/#organization","name":"Pressenza","url":"https:\/\/www.pressenza.com\/pt-pt\/","logo":{"@type":"ImageObject","inLanguage":"pt-PT","@id":"https:\/\/www.pressenza.com\/pt-pt\/#\/schema\/logo\/image\/","url":"https:\/\/www.pressenza.com\/wp-content\/uploads\/2022\/10\/pressenza_logo_200x200.jpg","contentUrl":"https:\/\/www.pressenza.com\/wp-content\/uploads\/2022\/10\/pressenza_logo_200x200.jpg","width":200,"height":200,"caption":"Pressenza"},"image":{"@id":"https:\/\/www.pressenza.com\/pt-pt\/#\/schema\/logo\/image\/"},"sameAs":["https:\/\/www.facebook.com\/PressenzaItalia","https:\/\/x.com\/PressenzaIPA"]},{"@type":"Person","@id":"https:\/\/www.pressenza.com\/pt-pt\/#\/schema\/person\/c63329691f539a5bd1136e29baacb4e9","name":"Claudio Lessa","description":"Poeta e escritor.","url":"https:\/\/www.pressenza.com\/pt-pt\/author\/claudio-lessa\/"}]}},"place":"Rio de Janeiro, Brasil","original_article_url":"","_links":{"self":[{"href":"https:\/\/www.pressenza.com\/pt-pt\/wp-json\/wp\/v2\/posts\/1190493","targetHints":{"allow":["GET"]}}],"collection":[{"href":"https:\/\/www.pressenza.com\/pt-pt\/wp-json\/wp\/v2\/posts"}],"about":[{"href":"https:\/\/www.pressenza.com\/pt-pt\/wp-json\/wp\/v2\/types\/post"}],"author":[{"embeddable":true,"href":"https:\/\/www.pressenza.com\/pt-pt\/wp-json\/wp\/v2\/users\/1819"}],"replies":[{"embeddable":true,"href":"https:\/\/www.pressenza.com\/pt-pt\/wp-json\/wp\/v2\/comments?post=1190493"}],"version-history":[{"count":0,"href":"https:\/\/www.pressenza.com\/pt-pt\/wp-json\/wp\/v2\/posts\/1190493\/revisions"}],"wp:featuredmedia":[{"embeddable":true,"href":"https:\/\/www.pressenza.com\/pt-pt\/wp-json\/wp\/v2\/media\/1190495"}],"wp:attachment":[{"href":"https:\/\/www.pressenza.com\/pt-pt\/wp-json\/wp\/v2\/media?parent=1190493"}],"wp:term":[{"taxonomy":"category","embeddable":true,"href":"https:\/\/www.pressenza.com\/pt-pt\/wp-json\/wp\/v2\/categories?post=1190493"},{"taxonomy":"post_tag","embeddable":true,"href":"https:\/\/www.pressenza.com\/pt-pt\/wp-json\/wp\/v2\/tags?post=1190493"}],"curies":[{"name":"wp","href":"https:\/\/api.w.org\/{rel}","templated":true}]}}