{"id":1189626,"date":"2020-09-04T01:05:32","date_gmt":"2020-09-04T00:05:32","guid":{"rendered":"https:\/\/www.pressenza.com\/?p=1189626"},"modified":"2020-09-04T01:05:32","modified_gmt":"2020-09-04T00:05:32","slug":"justica-global-denuncia-a-onu-violencia-letal-contra-criancas-e-adolescentes-no-rio-de-janeiro","status":"publish","type":"post","link":"https:\/\/www.pressenza.com\/pt-pt\/2020\/09\/justica-global-denuncia-a-onu-violencia-letal-contra-criancas-e-adolescentes-no-rio-de-janeiro\/","title":{"rendered":"Justi\u00e7a Global denuncia \u00e0 ONU viol\u00eancia letal contra crian\u00e7as e adolescentes no Rio de Janeiro"},"content":{"rendered":"<p><em>Agnes Callamard, relatora especial da ONU para execu\u00e7\u00f5es extrajudiciais, sum\u00e1rias ou arbitr\u00e1ria, tamb\u00e9m recebeu documento sobre casos de execu\u00e7\u00f5es envolvendo policiais, no Brasil, sem senten\u00e7a transitada em julgado.<\/em><\/p>\n<p>Ao todo, 23 crian\u00e7as e adolescentes ficaram feridas ou morreram v\u00edtimas de \u201cbalas perdidas\u201d ou de execu\u00e7\u00f5es no Rio de Janeiro, entre janeiro e julho de 2020, segundo levantamento da Justi\u00e7a Global. Os dados fazem parte do informe Viol\u00eancia letal contra crian\u00e7as e adolescentes decorrentes da pol\u00edtica de seguran\u00e7a p\u00fablica no estado do Rio de Janeiro. O levantamento foi enviado, nesta quinta-feira (3), para a Relatora Especial da ONU para execu\u00e7\u00f5es extrajudiciais, sum\u00e1rias ou arbitr\u00e1rias Agnes Callamard.<\/p>\n<p>Segundo o informe, a Baixada Fluminense concentra o maior n\u00famero de v\u00edtimas fatais. Apenas nessa regi\u00e3o, seis crian\u00e7as e adolescentes morreram. Depois, com cinco mortes est\u00e1 a zona norte da capital do Rio de Janeiro. A zona oeste aparece com dois mortos. Uma morte ocorreu em S\u00e3o Gon\u00e7alo, na regi\u00e3o metropolitana. No sul do estado, outra crian\u00e7a morreu atingida por bala perdida em Tr\u00eas Rios.<\/p>\n<p>O relat\u00f3rio da Justi\u00e7a Global denuncia as viola\u00e7\u00f5es aos direitos humanos e aponta para a viol\u00eancia estrutural cometida contra as pessoas negras e de favelas e periferias mostrando que ainda persistem as pr\u00e1ticas de execu\u00e7\u00f5es sum\u00e1rias, arbitr\u00e1rias ou extrajudiciais e das recorrentes chamadas \u201cbalas perdidas\u201d.<\/p>\n<p>O relat\u00f3rio tamb\u00e9m aponta para os impactos que as opera\u00e7\u00f5es policiais na rotina dos moradores de favelas, a exemplo da suspens\u00e3o de muitos servi\u00e7os, como das unidades de sa\u00fade, escolas, creches, com\u00e9rcios, como tamb\u00e9m o deslocamento de moradores para seus locais de trabalho. Entre os requerimentos contidos no relat\u00f3rio, a Justi\u00e7a Global pede \u00e0 ONU que exija manifesta\u00e7\u00e3o do Estado brasileiro para que se adote medidas emergenciais e em car\u00e1ter de urg\u00eancia para que cessem as viola\u00e7\u00f5es de direitos humanos que seguem acontecendo cotidianamente no estado do Rio de Janeiro. O documento solicita o afastamento dos policiais acusados de participa\u00e7\u00e3o em casos de graves viola\u00e7\u00f5es sob investiga\u00e7\u00e3o da pol\u00edcia at\u00e9 a conclus\u00e3o da investiga\u00e7\u00e3o; o oferecimento de apoio psicol\u00f3gico e t\u00e9cnico a policiais submetidos a situa\u00e7\u00f5es de risco.<\/p>\n<p>No documento enviado pela Justi\u00e7a Global tamb\u00e9m \u00e9 recomendado ao Minist\u00e9rio P\u00fablico do Estado do Rio de Janeiro a instaura\u00e7\u00e3o de procedimentos investigat\u00f3rios aut\u00f4nomos nos casos de mortes e demais viola\u00e7\u00f5es a direitos fundamentais, em especial \u00e0s mortes de crian\u00e7as e adolescentes causadas por agentes de seguran\u00e7a.<\/p>\n<p>Leia o informe\u00a0<a href=\"http:\/\/www.global.org.br\/wp-content\/uploads\/2020\/09\/Viol%C3%AAncia-letal-contra-crian%C3%A7as-e-adolescentes-decorrentes-da-pol%C3%ADtica-de-seguran%C3%A7a-p%C3%BAblica-no-estado-do-Rio-de-Janeiro.pdf\" target=\"_blank\" rel=\"noopener noreferrer\">aqui<\/a>.<\/p>\n<h4>Informe sobre execu\u00e7\u00f5es sem resposta tamb\u00e9m s\u00e3o enviados \u00e0 ONU<\/h4>\n<p>A relatora Agnes Callamard, tamb\u00e9m vai avaliar a queixa enviada na \u00faltima segunda-feira (31) pela Comiss\u00e3o de Direitos Humanos e Minorias da C\u00e2mara dos Deputados (CDHM), liderada por Helder Salom\u00e3o (PT-ES). Trata-se de 65 den\u00fancias de execu\u00e7\u00f5es sum\u00e1rias ou casos de desaparecimentos for\u00e7ados sem respostas. Entre elas est\u00e1 a do jovem Afonso Linhares, que morreu ap\u00f3s levar um tiro na cabe\u00e7a por um policial militar, por ter questionado uma abordagem truculenta, durante uma partida de futebol em Manguinhos, no Rio de Janeiro, em 2014.<br \/>\nA Justi\u00e7a Global atuou na constru\u00e7\u00e3o do relat\u00f3rio em parceria com a Rede Nacional de M\u00e3es e Familiares de V\u00edtimas de Terrorismo do Estado, a Coaliz\u00e3o Negra Por Direitos, a Rede Justi\u00e7a Criminal, o Movimento Independente M\u00e3es de Maio, a Educafro e a Iniciativa Direito \u00e0 Mem\u00f3ria e Justi\u00e7a Racial.<\/p>\n<p>O documento destaca que os casos contidos no documento fazem parte de um quadro sist\u00eamico. Segundo o Atlas da Viol\u00eancia 2020, entre 2008 e 2018, as taxas de homic\u00eddio aumentaram em 11,5% para os negros, enquanto para os n\u00e3o negros houve uma diminui\u00e7\u00e3o de 12,9%. Nos documentos submetidos \u00e0 ONU, as chacinas em Osasco (SP) e do Curi\u00f3, em Fortaleza, tamb\u00e9m est\u00e3o descritas em detalhes.<\/p>\n<p>Um dos casos que se arrastam sem resposta \u00e9 o do adolescente Davi Fiuza, de 16 anos, v\u00edtima de desaparecimento for\u00e7ado em Salvador, na Bahia. Davi estava na porta de casa quando foi levado por policiais militares em um carro descaracterizado na frente dos moradores, que sofreram diversas amea\u00e7as. A testemunha est\u00e1 sob prote\u00e7\u00e3o do estado desde que o crime ocorreu, em outubro de 2014.<\/p>\n<p>\u00c9 solicitado que a ONU adote as \u201cprovid\u00eancias pertinentes, tais como pedidos de informa\u00e7\u00e3o ao Estado brasileiro, pronunciamentos e emiss\u00e3o de recomenda\u00e7\u00f5es\u201d.<\/p>\n","protected":false},"excerpt":{"rendered":"<p>Agnes Callamard, relatora especial da ONU para execu\u00e7\u00f5es extrajudiciais, sum\u00e1rias ou arbitr\u00e1ria, tamb\u00e9m recebeu documento sobre casos de execu\u00e7\u00f5es envolvendo policiais, no Brasil, sem senten\u00e7a transitada em julgado. Ao todo, 23 crian\u00e7as e adolescentes ficaram feridas ou morreram v\u00edtimas de&hellip;<\/p>\n","protected":false},"author":1857,"featured_media":1189627,"comment_status":"closed","ping_status":"closed","sticky":false,"template":"","format":"standard","meta":{"footnotes":""},"categories":[104,116,1256],"tags":[11867,2744,10537,6878,80930,7877,2623,2887],"class_list":["post-1189626","post","type-post","status-publish","format-standard","has-post-thumbnail","hentry","category-america-do-sul","category-direitos-humanos","category-nao-violencia","tag-adolescentes","tag-brasil","tag-criancas","tag-denuncia-pt-pt","tag-desaparecimentos","tag-justica","tag-onu-pt-pt","tag-violencia-pt-pt"],"yoast_head":"<!-- This site is optimized with the Yoast SEO plugin v27.1.1 - https:\/\/yoast.com\/product\/yoast-seo-wordpress\/ -->\n<title>Justi\u00e7a Global denuncia \u00e0 ONU viol\u00eancia letal contra crian\u00e7as e adolescentes no Rio de Janeiro<\/title>\n<meta name=\"description\" content=\"Agnes Callamard, relatora especial da ONU para execu\u00e7\u00f5es extrajudiciais, sum\u00e1rias ou arbitr\u00e1ria, tamb\u00e9m recebeu documento sobre casos de execu\u00e7\u00f5es\" \/>\n<meta name=\"robots\" content=\"index, follow, max-snippet:-1, max-image-preview:large, max-video-preview:-1\" \/>\n<link rel=\"canonical\" href=\"https:\/\/www.pressenza.com\/pt-pt\/2020\/09\/justica-global-denuncia-a-onu-violencia-letal-contra-criancas-e-adolescentes-no-rio-de-janeiro\/\" \/>\n<meta property=\"og:locale\" content=\"pt_PT\" \/>\n<meta property=\"og:type\" content=\"article\" \/>\n<meta property=\"og:title\" content=\"Justi\u00e7a Global denuncia \u00e0 ONU viol\u00eancia letal contra crian\u00e7as e adolescentes no Rio de Janeiro\" \/>\n<meta property=\"og:description\" content=\"Agnes Callamard, relatora especial da ONU para execu\u00e7\u00f5es extrajudiciais, sum\u00e1rias ou arbitr\u00e1ria, tamb\u00e9m recebeu documento sobre casos de execu\u00e7\u00f5es\" \/>\n<meta property=\"og:url\" content=\"https:\/\/www.pressenza.com\/pt-pt\/2020\/09\/justica-global-denuncia-a-onu-violencia-letal-contra-criancas-e-adolescentes-no-rio-de-janeiro\/\" \/>\n<meta property=\"og:site_name\" content=\"Pressenza\" \/>\n<meta property=\"article:publisher\" content=\"https:\/\/www.facebook.com\/PressenzaItalia\" \/>\n<meta property=\"article:published_time\" content=\"2020-09-04T00:05:32+00:00\" \/>\n<meta property=\"og:image\" content=\"https:\/\/www.pressenza.com\/wp-content\/uploads\/2020\/09\/Por-Mi\u0301dia-Ninja-CC-BY-NC-SA-2.0.jpg\" \/>\n\t<meta property=\"og:image:width\" content=\"800\" \/>\n\t<meta property=\"og:image:height\" content=\"533\" \/>\n\t<meta property=\"og:image:type\" content=\"image\/jpeg\" \/>\n<meta name=\"author\" content=\"Justi\u00e7a Global\" \/>\n<meta name=\"twitter:card\" content=\"summary_large_image\" \/>\n<meta name=\"twitter:creator\" content=\"@PressenzaIPA\" \/>\n<meta name=\"twitter:site\" content=\"@PressenzaIPA\" \/>\n<meta name=\"twitter:label1\" content=\"Escrito por\" \/>\n\t<meta name=\"twitter:data1\" content=\"Justi\u00e7a Global\" \/>\n\t<meta name=\"twitter:label2\" content=\"Tempo estimado de leitura\" \/>\n\t<meta name=\"twitter:data2\" content=\"4 minutos\" \/>\n<script type=\"application\/ld+json\" class=\"yoast-schema-graph\">{\"@context\":\"https:\/\/schema.org\",\"@graph\":[{\"@type\":\"Article\",\"@id\":\"https:\/\/www.pressenza.com\/pt-pt\/2020\/09\/justica-global-denuncia-a-onu-violencia-letal-contra-criancas-e-adolescentes-no-rio-de-janeiro\/#article\",\"isPartOf\":{\"@id\":\"https:\/\/www.pressenza.com\/pt-pt\/2020\/09\/justica-global-denuncia-a-onu-violencia-letal-contra-criancas-e-adolescentes-no-rio-de-janeiro\/\"},\"author\":{\"name\":\"Justi\u00e7a Global\",\"@id\":\"https:\/\/www.pressenza.com\/pt-pt\/#\/schema\/person\/6c103dc6ff4a92cbb66ac7d94c51bab6\"},\"headline\":\"Justi\u00e7a Global denuncia \u00e0 ONU viol\u00eancia letal contra crian\u00e7as e adolescentes no Rio de Janeiro\",\"datePublished\":\"2020-09-04T00:05:32+00:00\",\"mainEntityOfPage\":{\"@id\":\"https:\/\/www.pressenza.com\/pt-pt\/2020\/09\/justica-global-denuncia-a-onu-violencia-letal-contra-criancas-e-adolescentes-no-rio-de-janeiro\/\"},\"wordCount\":793,\"publisher\":{\"@id\":\"https:\/\/www.pressenza.com\/pt-pt\/#organization\"},\"image\":{\"@id\":\"https:\/\/www.pressenza.com\/pt-pt\/2020\/09\/justica-global-denuncia-a-onu-violencia-letal-contra-criancas-e-adolescentes-no-rio-de-janeiro\/#primaryimage\"},\"thumbnailUrl\":\"https:\/\/www.pressenza.com\/wp-content\/uploads\/2020\/09\/Por-Mi\u0301dia-Ninja-CC-BY-NC-SA-2.0.jpg\",\"keywords\":[\"adolescentes\",\"Brasil\",\"criancas\",\"denuncia\",\"desaparecimentos\",\"justi\u00e7a\",\"ONU\",\"viol\u00eancia\"],\"articleSection\":[\"\u00c1m\u00e9rica do Sul\",\"Direitos Humanos\",\"N\u00e3o viol\u00eancia\"],\"inLanguage\":\"pt-PT\"},{\"@type\":\"WebPage\",\"@id\":\"https:\/\/www.pressenza.com\/pt-pt\/2020\/09\/justica-global-denuncia-a-onu-violencia-letal-contra-criancas-e-adolescentes-no-rio-de-janeiro\/\",\"url\":\"https:\/\/www.pressenza.com\/pt-pt\/2020\/09\/justica-global-denuncia-a-onu-violencia-letal-contra-criancas-e-adolescentes-no-rio-de-janeiro\/\",\"name\":\"Justi\u00e7a Global denuncia \u00e0 ONU viol\u00eancia letal contra crian\u00e7as e adolescentes no Rio de Janeiro\",\"isPartOf\":{\"@id\":\"https:\/\/www.pressenza.com\/pt-pt\/#website\"},\"primaryImageOfPage\":{\"@id\":\"https:\/\/www.pressenza.com\/pt-pt\/2020\/09\/justica-global-denuncia-a-onu-violencia-letal-contra-criancas-e-adolescentes-no-rio-de-janeiro\/#primaryimage\"},\"image\":{\"@id\":\"https:\/\/www.pressenza.com\/pt-pt\/2020\/09\/justica-global-denuncia-a-onu-violencia-letal-contra-criancas-e-adolescentes-no-rio-de-janeiro\/#primaryimage\"},\"thumbnailUrl\":\"https:\/\/www.pressenza.com\/wp-content\/uploads\/2020\/09\/Por-Mi\u0301dia-Ninja-CC-BY-NC-SA-2.0.jpg\",\"datePublished\":\"2020-09-04T00:05:32+00:00\",\"description\":\"Agnes Callamard, relatora especial da ONU para execu\u00e7\u00f5es extrajudiciais, sum\u00e1rias ou arbitr\u00e1ria, tamb\u00e9m recebeu documento sobre casos de execu\u00e7\u00f5es\",\"breadcrumb\":{\"@id\":\"https:\/\/www.pressenza.com\/pt-pt\/2020\/09\/justica-global-denuncia-a-onu-violencia-letal-contra-criancas-e-adolescentes-no-rio-de-janeiro\/#breadcrumb\"},\"inLanguage\":\"pt-PT\",\"potentialAction\":[{\"@type\":\"ReadAction\",\"target\":[\"https:\/\/www.pressenza.com\/pt-pt\/2020\/09\/justica-global-denuncia-a-onu-violencia-letal-contra-criancas-e-adolescentes-no-rio-de-janeiro\/\"]}]},{\"@type\":\"ImageObject\",\"inLanguage\":\"pt-PT\",\"@id\":\"https:\/\/www.pressenza.com\/pt-pt\/2020\/09\/justica-global-denuncia-a-onu-violencia-letal-contra-criancas-e-adolescentes-no-rio-de-janeiro\/#primaryimage\",\"url\":\"https:\/\/www.pressenza.com\/wp-content\/uploads\/2020\/09\/Por-Mi\u0301dia-Ninja-CC-BY-NC-SA-2.0.jpg\",\"contentUrl\":\"https:\/\/www.pressenza.com\/wp-content\/uploads\/2020\/09\/Por-Mi\u0301dia-Ninja-CC-BY-NC-SA-2.0.jpg\",\"width\":800,\"height\":533},{\"@type\":\"BreadcrumbList\",\"@id\":\"https:\/\/www.pressenza.com\/pt-pt\/2020\/09\/justica-global-denuncia-a-onu-violencia-letal-contra-criancas-e-adolescentes-no-rio-de-janeiro\/#breadcrumb\",\"itemListElement\":[{\"@type\":\"ListItem\",\"position\":1,\"name\":\"Accueil\",\"item\":\"https:\/\/www.pressenza.com\/pt-pt\/\"},{\"@type\":\"ListItem\",\"position\":2,\"name\":\"Justi\u00e7a Global denuncia \u00e0 ONU viol\u00eancia letal contra crian\u00e7as e adolescentes no Rio de Janeiro\"}]},{\"@type\":\"WebSite\",\"@id\":\"https:\/\/www.pressenza.com\/pt-pt\/#website\",\"url\":\"https:\/\/www.pressenza.com\/pt-pt\/\",\"name\":\"Pressenza\",\"description\":\"International Press Agency\",\"publisher\":{\"@id\":\"https:\/\/www.pressenza.com\/pt-pt\/#organization\"},\"potentialAction\":[{\"@type\":\"SearchAction\",\"target\":{\"@type\":\"EntryPoint\",\"urlTemplate\":\"https:\/\/www.pressenza.com\/pt-pt\/?s={search_term_string}\"},\"query-input\":{\"@type\":\"PropertyValueSpecification\",\"valueRequired\":true,\"valueName\":\"search_term_string\"}}],\"inLanguage\":\"pt-PT\"},{\"@type\":\"Organization\",\"@id\":\"https:\/\/www.pressenza.com\/pt-pt\/#organization\",\"name\":\"Pressenza\",\"url\":\"https:\/\/www.pressenza.com\/pt-pt\/\",\"logo\":{\"@type\":\"ImageObject\",\"inLanguage\":\"pt-PT\",\"@id\":\"https:\/\/www.pressenza.com\/pt-pt\/#\/schema\/logo\/image\/\",\"url\":\"https:\/\/www.pressenza.com\/wp-content\/uploads\/2022\/10\/pressenza_logo_200x200.jpg\",\"contentUrl\":\"https:\/\/www.pressenza.com\/wp-content\/uploads\/2022\/10\/pressenza_logo_200x200.jpg\",\"width\":200,\"height\":200,\"caption\":\"Pressenza\"},\"image\":{\"@id\":\"https:\/\/www.pressenza.com\/pt-pt\/#\/schema\/logo\/image\/\"},\"sameAs\":[\"https:\/\/www.facebook.com\/PressenzaItalia\",\"https:\/\/x.com\/PressenzaIPA\"]},{\"@type\":\"Person\",\"@id\":\"https:\/\/www.pressenza.com\/pt-pt\/#\/schema\/person\/6c103dc6ff4a92cbb66ac7d94c51bab6\",\"name\":\"Justi\u00e7a Global\",\"description\":\"A Justi\u00e7a Global \u00e9 uma organiza\u00e7\u00e3o n\u00e3o governamental de direitos humanos que trabalha com a prote\u00e7\u00e3o e promo\u00e7\u00e3o dos direitos humanos e o fortalecimento da sociedade civil e da democracia. Rio de Janeiro, Brasil.\",\"sameAs\":[\"http:\/\/www.global.org.br\/\"],\"url\":\"https:\/\/www.pressenza.com\/pt-pt\/author\/justica-global\/\"}]}<\/script>\n<!-- \/ Yoast SEO plugin. -->","yoast_head_json":{"title":"Justi\u00e7a Global denuncia \u00e0 ONU viol\u00eancia letal contra crian\u00e7as e adolescentes no Rio de Janeiro","description":"Agnes Callamard, relatora especial da ONU para execu\u00e7\u00f5es extrajudiciais, sum\u00e1rias ou arbitr\u00e1ria, tamb\u00e9m recebeu documento sobre casos de execu\u00e7\u00f5es","robots":{"index":"index","follow":"follow","max-snippet":"max-snippet:-1","max-image-preview":"max-image-preview:large","max-video-preview":"max-video-preview:-1"},"canonical":"https:\/\/www.pressenza.com\/pt-pt\/2020\/09\/justica-global-denuncia-a-onu-violencia-letal-contra-criancas-e-adolescentes-no-rio-de-janeiro\/","og_locale":"pt_PT","og_type":"article","og_title":"Justi\u00e7a Global denuncia \u00e0 ONU viol\u00eancia letal contra crian\u00e7as e adolescentes no Rio de Janeiro","og_description":"Agnes Callamard, relatora especial da ONU para execu\u00e7\u00f5es extrajudiciais, sum\u00e1rias ou arbitr\u00e1ria, tamb\u00e9m recebeu documento sobre casos de execu\u00e7\u00f5es","og_url":"https:\/\/www.pressenza.com\/pt-pt\/2020\/09\/justica-global-denuncia-a-onu-violencia-letal-contra-criancas-e-adolescentes-no-rio-de-janeiro\/","og_site_name":"Pressenza","article_publisher":"https:\/\/www.facebook.com\/PressenzaItalia","article_published_time":"2020-09-04T00:05:32+00:00","og_image":[{"width":800,"height":533,"url":"https:\/\/www.pressenza.com\/wp-content\/uploads\/2020\/09\/Por-Mi\u0301dia-Ninja-CC-BY-NC-SA-2.0.jpg","type":"image\/jpeg"}],"author":"Justi\u00e7a Global","twitter_card":"summary_large_image","twitter_creator":"@PressenzaIPA","twitter_site":"@PressenzaIPA","twitter_misc":{"Escrito por":"Justi\u00e7a Global","Tempo estimado de leitura":"4 minutos"},"schema":{"@context":"https:\/\/schema.org","@graph":[{"@type":"Article","@id":"https:\/\/www.pressenza.com\/pt-pt\/2020\/09\/justica-global-denuncia-a-onu-violencia-letal-contra-criancas-e-adolescentes-no-rio-de-janeiro\/#article","isPartOf":{"@id":"https:\/\/www.pressenza.com\/pt-pt\/2020\/09\/justica-global-denuncia-a-onu-violencia-letal-contra-criancas-e-adolescentes-no-rio-de-janeiro\/"},"author":{"name":"Justi\u00e7a Global","@id":"https:\/\/www.pressenza.com\/pt-pt\/#\/schema\/person\/6c103dc6ff4a92cbb66ac7d94c51bab6"},"headline":"Justi\u00e7a Global denuncia \u00e0 ONU viol\u00eancia letal contra crian\u00e7as e adolescentes no Rio de Janeiro","datePublished":"2020-09-04T00:05:32+00:00","mainEntityOfPage":{"@id":"https:\/\/www.pressenza.com\/pt-pt\/2020\/09\/justica-global-denuncia-a-onu-violencia-letal-contra-criancas-e-adolescentes-no-rio-de-janeiro\/"},"wordCount":793,"publisher":{"@id":"https:\/\/www.pressenza.com\/pt-pt\/#organization"},"image":{"@id":"https:\/\/www.pressenza.com\/pt-pt\/2020\/09\/justica-global-denuncia-a-onu-violencia-letal-contra-criancas-e-adolescentes-no-rio-de-janeiro\/#primaryimage"},"thumbnailUrl":"https:\/\/www.pressenza.com\/wp-content\/uploads\/2020\/09\/Por-Mi\u0301dia-Ninja-CC-BY-NC-SA-2.0.jpg","keywords":["adolescentes","Brasil","criancas","denuncia","desaparecimentos","justi\u00e7a","ONU","viol\u00eancia"],"articleSection":["\u00c1m\u00e9rica do Sul","Direitos Humanos","N\u00e3o viol\u00eancia"],"inLanguage":"pt-PT"},{"@type":"WebPage","@id":"https:\/\/www.pressenza.com\/pt-pt\/2020\/09\/justica-global-denuncia-a-onu-violencia-letal-contra-criancas-e-adolescentes-no-rio-de-janeiro\/","url":"https:\/\/www.pressenza.com\/pt-pt\/2020\/09\/justica-global-denuncia-a-onu-violencia-letal-contra-criancas-e-adolescentes-no-rio-de-janeiro\/","name":"Justi\u00e7a Global denuncia \u00e0 ONU viol\u00eancia letal contra crian\u00e7as e adolescentes no Rio de Janeiro","isPartOf":{"@id":"https:\/\/www.pressenza.com\/pt-pt\/#website"},"primaryImageOfPage":{"@id":"https:\/\/www.pressenza.com\/pt-pt\/2020\/09\/justica-global-denuncia-a-onu-violencia-letal-contra-criancas-e-adolescentes-no-rio-de-janeiro\/#primaryimage"},"image":{"@id":"https:\/\/www.pressenza.com\/pt-pt\/2020\/09\/justica-global-denuncia-a-onu-violencia-letal-contra-criancas-e-adolescentes-no-rio-de-janeiro\/#primaryimage"},"thumbnailUrl":"https:\/\/www.pressenza.com\/wp-content\/uploads\/2020\/09\/Por-Mi\u0301dia-Ninja-CC-BY-NC-SA-2.0.jpg","datePublished":"2020-09-04T00:05:32+00:00","description":"Agnes Callamard, relatora especial da ONU para execu\u00e7\u00f5es extrajudiciais, sum\u00e1rias ou arbitr\u00e1ria, tamb\u00e9m recebeu documento sobre casos de execu\u00e7\u00f5es","breadcrumb":{"@id":"https:\/\/www.pressenza.com\/pt-pt\/2020\/09\/justica-global-denuncia-a-onu-violencia-letal-contra-criancas-e-adolescentes-no-rio-de-janeiro\/#breadcrumb"},"inLanguage":"pt-PT","potentialAction":[{"@type":"ReadAction","target":["https:\/\/www.pressenza.com\/pt-pt\/2020\/09\/justica-global-denuncia-a-onu-violencia-letal-contra-criancas-e-adolescentes-no-rio-de-janeiro\/"]}]},{"@type":"ImageObject","inLanguage":"pt-PT","@id":"https:\/\/www.pressenza.com\/pt-pt\/2020\/09\/justica-global-denuncia-a-onu-violencia-letal-contra-criancas-e-adolescentes-no-rio-de-janeiro\/#primaryimage","url":"https:\/\/www.pressenza.com\/wp-content\/uploads\/2020\/09\/Por-Mi\u0301dia-Ninja-CC-BY-NC-SA-2.0.jpg","contentUrl":"https:\/\/www.pressenza.com\/wp-content\/uploads\/2020\/09\/Por-Mi\u0301dia-Ninja-CC-BY-NC-SA-2.0.jpg","width":800,"height":533},{"@type":"BreadcrumbList","@id":"https:\/\/www.pressenza.com\/pt-pt\/2020\/09\/justica-global-denuncia-a-onu-violencia-letal-contra-criancas-e-adolescentes-no-rio-de-janeiro\/#breadcrumb","itemListElement":[{"@type":"ListItem","position":1,"name":"Accueil","item":"https:\/\/www.pressenza.com\/pt-pt\/"},{"@type":"ListItem","position":2,"name":"Justi\u00e7a Global denuncia \u00e0 ONU viol\u00eancia letal contra crian\u00e7as e adolescentes no Rio de Janeiro"}]},{"@type":"WebSite","@id":"https:\/\/www.pressenza.com\/pt-pt\/#website","url":"https:\/\/www.pressenza.com\/pt-pt\/","name":"Pressenza","description":"International Press Agency","publisher":{"@id":"https:\/\/www.pressenza.com\/pt-pt\/#organization"},"potentialAction":[{"@type":"SearchAction","target":{"@type":"EntryPoint","urlTemplate":"https:\/\/www.pressenza.com\/pt-pt\/?s={search_term_string}"},"query-input":{"@type":"PropertyValueSpecification","valueRequired":true,"valueName":"search_term_string"}}],"inLanguage":"pt-PT"},{"@type":"Organization","@id":"https:\/\/www.pressenza.com\/pt-pt\/#organization","name":"Pressenza","url":"https:\/\/www.pressenza.com\/pt-pt\/","logo":{"@type":"ImageObject","inLanguage":"pt-PT","@id":"https:\/\/www.pressenza.com\/pt-pt\/#\/schema\/logo\/image\/","url":"https:\/\/www.pressenza.com\/wp-content\/uploads\/2022\/10\/pressenza_logo_200x200.jpg","contentUrl":"https:\/\/www.pressenza.com\/wp-content\/uploads\/2022\/10\/pressenza_logo_200x200.jpg","width":200,"height":200,"caption":"Pressenza"},"image":{"@id":"https:\/\/www.pressenza.com\/pt-pt\/#\/schema\/logo\/image\/"},"sameAs":["https:\/\/www.facebook.com\/PressenzaItalia","https:\/\/x.com\/PressenzaIPA"]},{"@type":"Person","@id":"https:\/\/www.pressenza.com\/pt-pt\/#\/schema\/person\/6c103dc6ff4a92cbb66ac7d94c51bab6","name":"Justi\u00e7a Global","description":"A Justi\u00e7a Global \u00e9 uma organiza\u00e7\u00e3o n\u00e3o governamental de direitos humanos que trabalha com a prote\u00e7\u00e3o e promo\u00e7\u00e3o dos direitos humanos e o fortalecimento da sociedade civil e da democracia. Rio de Janeiro, Brasil.","sameAs":["http:\/\/www.global.org.br\/"],"url":"https:\/\/www.pressenza.com\/pt-pt\/author\/justica-global\/"}]}},"place":"Rio de Janeiro, Brasil","original_article_url":"http:\/\/www.global.org.br\/blog\/justica-global-denuncia-a-onu-violencia-letal-contra-criancas-e-adolescentes-no-rio-de-janeiro\/","_links":{"self":[{"href":"https:\/\/www.pressenza.com\/pt-pt\/wp-json\/wp\/v2\/posts\/1189626","targetHints":{"allow":["GET"]}}],"collection":[{"href":"https:\/\/www.pressenza.com\/pt-pt\/wp-json\/wp\/v2\/posts"}],"about":[{"href":"https:\/\/www.pressenza.com\/pt-pt\/wp-json\/wp\/v2\/types\/post"}],"author":[{"embeddable":true,"href":"https:\/\/www.pressenza.com\/pt-pt\/wp-json\/wp\/v2\/users\/1857"}],"replies":[{"embeddable":true,"href":"https:\/\/www.pressenza.com\/pt-pt\/wp-json\/wp\/v2\/comments?post=1189626"}],"version-history":[{"count":0,"href":"https:\/\/www.pressenza.com\/pt-pt\/wp-json\/wp\/v2\/posts\/1189626\/revisions"}],"wp:featuredmedia":[{"embeddable":true,"href":"https:\/\/www.pressenza.com\/pt-pt\/wp-json\/wp\/v2\/media\/1189627"}],"wp:attachment":[{"href":"https:\/\/www.pressenza.com\/pt-pt\/wp-json\/wp\/v2\/media?parent=1189626"}],"wp:term":[{"taxonomy":"category","embeddable":true,"href":"https:\/\/www.pressenza.com\/pt-pt\/wp-json\/wp\/v2\/categories?post=1189626"},{"taxonomy":"post_tag","embeddable":true,"href":"https:\/\/www.pressenza.com\/pt-pt\/wp-json\/wp\/v2\/tags?post=1189626"}],"curies":[{"name":"wp","href":"https:\/\/api.w.org\/{rel}","templated":true}]}}