{"id":1187157,"date":"2020-08-30T03:44:10","date_gmt":"2020-08-30T02:44:10","guid":{"rendered":"https:\/\/www.pressenza.com\/?p=1187157"},"modified":"2020-08-29T22:21:04","modified_gmt":"2020-08-29T21:21:04","slug":"catarse","status":"publish","type":"post","link":"https:\/\/www.pressenza.com\/pt-pt\/2020\/08\/catarse\/","title":{"rendered":"Catarse"},"content":{"rendered":"<h5><span style=\"color: #999999;\">POEMA<\/span><\/h5>\n<p>&nbsp;<\/p>\n<p>&nbsp;<\/p>\n<p>Sinto raiva quando olho l\u00e1 pra fora<\/p>\n<p>e vejo o mundo cheio de desejos<\/p>\n<p>desesperados por existir de qualquer maneira,<\/p>\n<p>de qualquer jeito e sem cuidado.<\/p>\n<p>Sinto vontade de gritar!<\/p>\n<p>e mandar todo mundo congelar, um minuto,<\/p>\n<p>pra pensar, um pouquinho, e pra sentir&#8230;<\/p>\n<p>e perceber a monstruosa montanha de ang\u00fastia<\/p>\n<p>que est\u00e1 se formando pelo acumulo de torpes vontades,<\/p>\n<p>de vontades violentas, pela falta de um amor crescente,<\/p>\n<p>como a fase da lua.<\/p>\n<p>Eu achava que era tempo de brotar um encantamento bonito<\/p>\n<p>e verdadeiro em cada cora\u00e7\u00e3o&#8230;<\/p>\n<p>e at\u00e9 mesmo um sentimento salutar de fracasso&#8230;<\/p>\n<p>o fracasso dos valores velhos do vazio<\/p>\n<p>e opostos a uma nova humanidade&#8230;<\/p>\n<p>Com erros e acertos, acredito, que n\u00f3s j\u00e1<\/p>\n<p>t\u00ednhamos de estar em outra \u201ccoisa\u201d,<\/p>\n<p>em um mundo novo cheio de mist\u00e9rios desconhecidos<\/p>\n<p>sobre viver, cheios de novas formas at\u00e9 de errar.<\/p>\n<p>E se houvesse, ainda, competi\u00e7\u00f5es, que fossem<\/p>\n<p>por in\u00e9ditos motivos, nunca antes vislumbrados&#8230;<\/p>\n<p>\u201cAposto uma corrida pra saber que ama mais&#8230;\u201d<\/p>\n<p>\u201cJogo uma partida pra ver o time mais solid\u00e1rio&#8230;\u201d<\/p>\n<p>E ningu\u00e9m seria campe\u00e3o at\u00e9 o dia hist\u00f3rico dos empates.<\/p>\n<p>Esse mundo n\u00e3o est\u00e1 vis\u00edvel&#8230; e eu sou imperfeito,<\/p>\n<p>sinto raiva, quero quebrar um jarro de vidro para extravasar&#8230;<\/p>\n<p>quero ter uma meia horinha de choro compulsivo&#8230;<\/p>\n<p>e me aproximar da terra da catarse&#8230;<\/p>\n<p>E respiro, fundo, firme&#8230;<\/p>\n<p>Depois me acalmo e lhe vejo galgando lucidez e paz&#8230;<\/p>\n<p>e percebo que voc\u00ea traz, no cora\u00e7\u00e3o e na mente,<\/p>\n<p>um pa\u00eds cheio de esperan\u00e7as e oportunidades&#8230;<\/p>\n<p>apesar do mundo l\u00e1 fora&#8230;<\/p>\n<p>Lhe abra\u00e7o e recebo essa calma&#8230;<\/p>\n<p>Fecho os olhos e me deixo acreditar de novo&#8230;<\/p>\n<p>Ou\u00e7o, no seu peito, o barulho tranquilo<\/p>\n<p>da utopia percorrendo as suas veias&#8230;<\/p>\n<p>&nbsp;<\/p>\n<p>Cl\u00e1udio Lessa<\/p>\n","protected":false},"excerpt":{"rendered":"<p>POEMA &nbsp; &nbsp; Sinto raiva quando olho l\u00e1 pra fora e vejo o mundo cheio de desejos desesperados por existir de qualquer maneira, de qualquer jeito e sem cuidado. Sinto vontade de gritar! e mandar todo mundo congelar, um minuto,&hellip;<\/p>\n","protected":false},"author":1819,"featured_media":1187158,"comment_status":"closed","ping_status":"closed","sticky":false,"template":"","format":"standard","meta":{"footnotes":""},"categories":[104,11390,112],"tags":[75238,75336,75310],"class_list":["post-1187157","post","type-post","status-publish","format-standard","has-post-thumbnail","hentry","category-america-do-sul","category-conteudo-original","category-cultura-pt-pt","tag-caderno-de-cultura","tag-poema-pt-pt","tag-poesia-pt-pt"],"yoast_head":"<!-- This site is optimized with the Yoast SEO plugin v27.1.1 - https:\/\/yoast.com\/product\/yoast-seo-wordpress\/ -->\n<title>Catarse<\/title>\n<meta name=\"description\" content=\"POEMA &nbsp; &nbsp; Sinto raiva quando olho l\u00e1 pra fora e vejo o mundo cheio de desejos desesperados por existir de qualquer maneira, de qualquer jeito e\" \/>\n<meta name=\"robots\" content=\"index, follow, max-snippet:-1, max-image-preview:large, max-video-preview:-1\" \/>\n<link rel=\"canonical\" href=\"https:\/\/www.pressenza.com\/pt-pt\/2020\/08\/catarse\/\" \/>\n<meta property=\"og:locale\" content=\"pt_PT\" \/>\n<meta property=\"og:type\" content=\"article\" \/>\n<meta property=\"og:title\" content=\"Catarse\" \/>\n<meta property=\"og:description\" content=\"POEMA &nbsp; &nbsp; Sinto raiva quando olho l\u00e1 pra fora e vejo o mundo cheio de desejos desesperados por existir de qualquer maneira, de qualquer jeito e\" \/>\n<meta property=\"og:url\" content=\"https:\/\/www.pressenza.com\/pt-pt\/2020\/08\/catarse\/\" \/>\n<meta property=\"og:site_name\" content=\"Pressenza\" \/>\n<meta property=\"article:publisher\" content=\"https:\/\/www.facebook.com\/PressenzaItalia\" \/>\n<meta property=\"article:published_time\" content=\"2020-08-30T02:44:10+00:00\" \/>\n<meta property=\"og:image\" content=\"https:\/\/www.pressenza.com\/wp-content\/uploads\/2020\/08\/Sharon-Mccutcheon-Unsplash.jpg\" \/>\n\t<meta property=\"og:image:width\" content=\"800\" \/>\n\t<meta property=\"og:image:height\" content=\"533\" \/>\n\t<meta property=\"og:image:type\" content=\"image\/jpeg\" \/>\n<meta name=\"author\" content=\"Claudio Lessa\" \/>\n<meta name=\"twitter:card\" content=\"summary_large_image\" \/>\n<meta name=\"twitter:creator\" content=\"@PressenzaIPA\" \/>\n<meta name=\"twitter:site\" content=\"@PressenzaIPA\" \/>\n<meta name=\"twitter:label1\" content=\"Escrito por\" \/>\n\t<meta name=\"twitter:data1\" content=\"Claudio Lessa\" \/>\n\t<meta name=\"twitter:label2\" content=\"Tempo estimado de leitura\" \/>\n\t<meta name=\"twitter:data2\" content=\"2 minutos\" \/>\n<script type=\"application\/ld+json\" class=\"yoast-schema-graph\">{\"@context\":\"https:\/\/schema.org\",\"@graph\":[{\"@type\":\"Article\",\"@id\":\"https:\/\/www.pressenza.com\/pt-pt\/2020\/08\/catarse\/#article\",\"isPartOf\":{\"@id\":\"https:\/\/www.pressenza.com\/pt-pt\/2020\/08\/catarse\/\"},\"author\":{\"name\":\"Claudio Lessa\",\"@id\":\"https:\/\/www.pressenza.com\/pt-pt\/#\/schema\/person\/c63329691f539a5bd1136e29baacb4e9\"},\"headline\":\"Catarse\",\"datePublished\":\"2020-08-30T02:44:10+00:00\",\"mainEntityOfPage\":{\"@id\":\"https:\/\/www.pressenza.com\/pt-pt\/2020\/08\/catarse\/\"},\"wordCount\":305,\"publisher\":{\"@id\":\"https:\/\/www.pressenza.com\/pt-pt\/#organization\"},\"image\":{\"@id\":\"https:\/\/www.pressenza.com\/pt-pt\/2020\/08\/catarse\/#primaryimage\"},\"thumbnailUrl\":\"https:\/\/www.pressenza.com\/wp-content\/uploads\/2020\/08\/Sharon-Mccutcheon-Unsplash.jpg\",\"keywords\":[\"caderno de cultura\",\"poema\",\"poes\u00eda\"],\"articleSection\":[\"\u00c1m\u00e9rica do Sul\",\"Conte\u00fado Original\",\"Cultura e M\u00eddia\"],\"inLanguage\":\"pt-PT\"},{\"@type\":\"WebPage\",\"@id\":\"https:\/\/www.pressenza.com\/pt-pt\/2020\/08\/catarse\/\",\"url\":\"https:\/\/www.pressenza.com\/pt-pt\/2020\/08\/catarse\/\",\"name\":\"Catarse\",\"isPartOf\":{\"@id\":\"https:\/\/www.pressenza.com\/pt-pt\/#website\"},\"primaryImageOfPage\":{\"@id\":\"https:\/\/www.pressenza.com\/pt-pt\/2020\/08\/catarse\/#primaryimage\"},\"image\":{\"@id\":\"https:\/\/www.pressenza.com\/pt-pt\/2020\/08\/catarse\/#primaryimage\"},\"thumbnailUrl\":\"https:\/\/www.pressenza.com\/wp-content\/uploads\/2020\/08\/Sharon-Mccutcheon-Unsplash.jpg\",\"datePublished\":\"2020-08-30T02:44:10+00:00\",\"description\":\"POEMA &nbsp; &nbsp; Sinto raiva quando olho l\u00e1 pra fora e vejo o mundo cheio de desejos desesperados por existir de qualquer maneira, de qualquer jeito e\",\"breadcrumb\":{\"@id\":\"https:\/\/www.pressenza.com\/pt-pt\/2020\/08\/catarse\/#breadcrumb\"},\"inLanguage\":\"pt-PT\",\"potentialAction\":[{\"@type\":\"ReadAction\",\"target\":[\"https:\/\/www.pressenza.com\/pt-pt\/2020\/08\/catarse\/\"]}]},{\"@type\":\"ImageObject\",\"inLanguage\":\"pt-PT\",\"@id\":\"https:\/\/www.pressenza.com\/pt-pt\/2020\/08\/catarse\/#primaryimage\",\"url\":\"https:\/\/www.pressenza.com\/wp-content\/uploads\/2020\/08\/Sharon-Mccutcheon-Unsplash.jpg\",\"contentUrl\":\"https:\/\/www.pressenza.com\/wp-content\/uploads\/2020\/08\/Sharon-Mccutcheon-Unsplash.jpg\",\"width\":800,\"height\":533},{\"@type\":\"BreadcrumbList\",\"@id\":\"https:\/\/www.pressenza.com\/pt-pt\/2020\/08\/catarse\/#breadcrumb\",\"itemListElement\":[{\"@type\":\"ListItem\",\"position\":1,\"name\":\"Accueil\",\"item\":\"https:\/\/www.pressenza.com\/pt-pt\/\"},{\"@type\":\"ListItem\",\"position\":2,\"name\":\"Catarse\"}]},{\"@type\":\"WebSite\",\"@id\":\"https:\/\/www.pressenza.com\/pt-pt\/#website\",\"url\":\"https:\/\/www.pressenza.com\/pt-pt\/\",\"name\":\"Pressenza\",\"description\":\"International Press Agency\",\"publisher\":{\"@id\":\"https:\/\/www.pressenza.com\/pt-pt\/#organization\"},\"potentialAction\":[{\"@type\":\"SearchAction\",\"target\":{\"@type\":\"EntryPoint\",\"urlTemplate\":\"https:\/\/www.pressenza.com\/pt-pt\/?s={search_term_string}\"},\"query-input\":{\"@type\":\"PropertyValueSpecification\",\"valueRequired\":true,\"valueName\":\"search_term_string\"}}],\"inLanguage\":\"pt-PT\"},{\"@type\":\"Organization\",\"@id\":\"https:\/\/www.pressenza.com\/pt-pt\/#organization\",\"name\":\"Pressenza\",\"url\":\"https:\/\/www.pressenza.com\/pt-pt\/\",\"logo\":{\"@type\":\"ImageObject\",\"inLanguage\":\"pt-PT\",\"@id\":\"https:\/\/www.pressenza.com\/pt-pt\/#\/schema\/logo\/image\/\",\"url\":\"https:\/\/www.pressenza.com\/wp-content\/uploads\/2022\/10\/pressenza_logo_200x200.jpg\",\"contentUrl\":\"https:\/\/www.pressenza.com\/wp-content\/uploads\/2022\/10\/pressenza_logo_200x200.jpg\",\"width\":200,\"height\":200,\"caption\":\"Pressenza\"},\"image\":{\"@id\":\"https:\/\/www.pressenza.com\/pt-pt\/#\/schema\/logo\/image\/\"},\"sameAs\":[\"https:\/\/www.facebook.com\/PressenzaItalia\",\"https:\/\/x.com\/PressenzaIPA\"]},{\"@type\":\"Person\",\"@id\":\"https:\/\/www.pressenza.com\/pt-pt\/#\/schema\/person\/c63329691f539a5bd1136e29baacb4e9\",\"name\":\"Claudio Lessa\",\"description\":\"Poeta e escritor.\",\"url\":\"https:\/\/www.pressenza.com\/pt-pt\/author\/claudio-lessa\/\"}]}<\/script>\n<!-- \/ Yoast SEO plugin. -->","yoast_head_json":{"title":"Catarse","description":"POEMA &nbsp; &nbsp; Sinto raiva quando olho l\u00e1 pra fora e vejo o mundo cheio de desejos desesperados por existir de qualquer maneira, de qualquer jeito e","robots":{"index":"index","follow":"follow","max-snippet":"max-snippet:-1","max-image-preview":"max-image-preview:large","max-video-preview":"max-video-preview:-1"},"canonical":"https:\/\/www.pressenza.com\/pt-pt\/2020\/08\/catarse\/","og_locale":"pt_PT","og_type":"article","og_title":"Catarse","og_description":"POEMA &nbsp; &nbsp; Sinto raiva quando olho l\u00e1 pra fora e vejo o mundo cheio de desejos desesperados por existir de qualquer maneira, de qualquer jeito e","og_url":"https:\/\/www.pressenza.com\/pt-pt\/2020\/08\/catarse\/","og_site_name":"Pressenza","article_publisher":"https:\/\/www.facebook.com\/PressenzaItalia","article_published_time":"2020-08-30T02:44:10+00:00","og_image":[{"width":800,"height":533,"url":"https:\/\/www.pressenza.com\/wp-content\/uploads\/2020\/08\/Sharon-Mccutcheon-Unsplash.jpg","type":"image\/jpeg"}],"author":"Claudio Lessa","twitter_card":"summary_large_image","twitter_creator":"@PressenzaIPA","twitter_site":"@PressenzaIPA","twitter_misc":{"Escrito por":"Claudio Lessa","Tempo estimado de leitura":"2 minutos"},"schema":{"@context":"https:\/\/schema.org","@graph":[{"@type":"Article","@id":"https:\/\/www.pressenza.com\/pt-pt\/2020\/08\/catarse\/#article","isPartOf":{"@id":"https:\/\/www.pressenza.com\/pt-pt\/2020\/08\/catarse\/"},"author":{"name":"Claudio Lessa","@id":"https:\/\/www.pressenza.com\/pt-pt\/#\/schema\/person\/c63329691f539a5bd1136e29baacb4e9"},"headline":"Catarse","datePublished":"2020-08-30T02:44:10+00:00","mainEntityOfPage":{"@id":"https:\/\/www.pressenza.com\/pt-pt\/2020\/08\/catarse\/"},"wordCount":305,"publisher":{"@id":"https:\/\/www.pressenza.com\/pt-pt\/#organization"},"image":{"@id":"https:\/\/www.pressenza.com\/pt-pt\/2020\/08\/catarse\/#primaryimage"},"thumbnailUrl":"https:\/\/www.pressenza.com\/wp-content\/uploads\/2020\/08\/Sharon-Mccutcheon-Unsplash.jpg","keywords":["caderno de cultura","poema","poes\u00eda"],"articleSection":["\u00c1m\u00e9rica do Sul","Conte\u00fado Original","Cultura e M\u00eddia"],"inLanguage":"pt-PT"},{"@type":"WebPage","@id":"https:\/\/www.pressenza.com\/pt-pt\/2020\/08\/catarse\/","url":"https:\/\/www.pressenza.com\/pt-pt\/2020\/08\/catarse\/","name":"Catarse","isPartOf":{"@id":"https:\/\/www.pressenza.com\/pt-pt\/#website"},"primaryImageOfPage":{"@id":"https:\/\/www.pressenza.com\/pt-pt\/2020\/08\/catarse\/#primaryimage"},"image":{"@id":"https:\/\/www.pressenza.com\/pt-pt\/2020\/08\/catarse\/#primaryimage"},"thumbnailUrl":"https:\/\/www.pressenza.com\/wp-content\/uploads\/2020\/08\/Sharon-Mccutcheon-Unsplash.jpg","datePublished":"2020-08-30T02:44:10+00:00","description":"POEMA &nbsp; &nbsp; Sinto raiva quando olho l\u00e1 pra fora e vejo o mundo cheio de desejos desesperados por existir de qualquer maneira, de qualquer jeito e","breadcrumb":{"@id":"https:\/\/www.pressenza.com\/pt-pt\/2020\/08\/catarse\/#breadcrumb"},"inLanguage":"pt-PT","potentialAction":[{"@type":"ReadAction","target":["https:\/\/www.pressenza.com\/pt-pt\/2020\/08\/catarse\/"]}]},{"@type":"ImageObject","inLanguage":"pt-PT","@id":"https:\/\/www.pressenza.com\/pt-pt\/2020\/08\/catarse\/#primaryimage","url":"https:\/\/www.pressenza.com\/wp-content\/uploads\/2020\/08\/Sharon-Mccutcheon-Unsplash.jpg","contentUrl":"https:\/\/www.pressenza.com\/wp-content\/uploads\/2020\/08\/Sharon-Mccutcheon-Unsplash.jpg","width":800,"height":533},{"@type":"BreadcrumbList","@id":"https:\/\/www.pressenza.com\/pt-pt\/2020\/08\/catarse\/#breadcrumb","itemListElement":[{"@type":"ListItem","position":1,"name":"Accueil","item":"https:\/\/www.pressenza.com\/pt-pt\/"},{"@type":"ListItem","position":2,"name":"Catarse"}]},{"@type":"WebSite","@id":"https:\/\/www.pressenza.com\/pt-pt\/#website","url":"https:\/\/www.pressenza.com\/pt-pt\/","name":"Pressenza","description":"International Press Agency","publisher":{"@id":"https:\/\/www.pressenza.com\/pt-pt\/#organization"},"potentialAction":[{"@type":"SearchAction","target":{"@type":"EntryPoint","urlTemplate":"https:\/\/www.pressenza.com\/pt-pt\/?s={search_term_string}"},"query-input":{"@type":"PropertyValueSpecification","valueRequired":true,"valueName":"search_term_string"}}],"inLanguage":"pt-PT"},{"@type":"Organization","@id":"https:\/\/www.pressenza.com\/pt-pt\/#organization","name":"Pressenza","url":"https:\/\/www.pressenza.com\/pt-pt\/","logo":{"@type":"ImageObject","inLanguage":"pt-PT","@id":"https:\/\/www.pressenza.com\/pt-pt\/#\/schema\/logo\/image\/","url":"https:\/\/www.pressenza.com\/wp-content\/uploads\/2022\/10\/pressenza_logo_200x200.jpg","contentUrl":"https:\/\/www.pressenza.com\/wp-content\/uploads\/2022\/10\/pressenza_logo_200x200.jpg","width":200,"height":200,"caption":"Pressenza"},"image":{"@id":"https:\/\/www.pressenza.com\/pt-pt\/#\/schema\/logo\/image\/"},"sameAs":["https:\/\/www.facebook.com\/PressenzaItalia","https:\/\/x.com\/PressenzaIPA"]},{"@type":"Person","@id":"https:\/\/www.pressenza.com\/pt-pt\/#\/schema\/person\/c63329691f539a5bd1136e29baacb4e9","name":"Claudio Lessa","description":"Poeta e escritor.","url":"https:\/\/www.pressenza.com\/pt-pt\/author\/claudio-lessa\/"}]}},"place":"Rio de Janeiro, Brasil","original_article_url":"","_links":{"self":[{"href":"https:\/\/www.pressenza.com\/pt-pt\/wp-json\/wp\/v2\/posts\/1187157","targetHints":{"allow":["GET"]}}],"collection":[{"href":"https:\/\/www.pressenza.com\/pt-pt\/wp-json\/wp\/v2\/posts"}],"about":[{"href":"https:\/\/www.pressenza.com\/pt-pt\/wp-json\/wp\/v2\/types\/post"}],"author":[{"embeddable":true,"href":"https:\/\/www.pressenza.com\/pt-pt\/wp-json\/wp\/v2\/users\/1819"}],"replies":[{"embeddable":true,"href":"https:\/\/www.pressenza.com\/pt-pt\/wp-json\/wp\/v2\/comments?post=1187157"}],"version-history":[{"count":0,"href":"https:\/\/www.pressenza.com\/pt-pt\/wp-json\/wp\/v2\/posts\/1187157\/revisions"}],"wp:featuredmedia":[{"embeddable":true,"href":"https:\/\/www.pressenza.com\/pt-pt\/wp-json\/wp\/v2\/media\/1187158"}],"wp:attachment":[{"href":"https:\/\/www.pressenza.com\/pt-pt\/wp-json\/wp\/v2\/media?parent=1187157"}],"wp:term":[{"taxonomy":"category","embeddable":true,"href":"https:\/\/www.pressenza.com\/pt-pt\/wp-json\/wp\/v2\/categories?post=1187157"},{"taxonomy":"post_tag","embeddable":true,"href":"https:\/\/www.pressenza.com\/pt-pt\/wp-json\/wp\/v2\/tags?post=1187157"}],"curies":[{"name":"wp","href":"https:\/\/api.w.org\/{rel}","templated":true}]}}