{"id":1173920,"date":"2020-08-06T15:13:53","date_gmt":"2020-08-06T14:13:53","guid":{"rendered":"https:\/\/www.pressenza.com\/?p=1173920"},"modified":"2020-08-07T03:29:39","modified_gmt":"2020-08-07T02:29:39","slug":"requiem-para-os-vivos","status":"publish","type":"post","link":"https:\/\/www.pressenza.com\/pt-pt\/2020\/08\/requiem-para-os-vivos\/","title":{"rendered":"R\u00e9quiem para os vivos"},"content":{"rendered":"<p>Teria esperado mais uns dias. Chegar a cem. Noventa e quatro n\u00e3o impressiona tanto assim como cem. Um n\u00famero redondo, lindo, feito, limpinho, completo. Cem, e poder escrever um R\u00e9quiem, n\u00e3o para os mortos, mas para os vivos.<\/p>\n<p>Um R\u00e9quiem para os vivos mortos em vida. Vivos, que aceitam viver como mortos, inertes insens\u00edveis e inconscientes de sua condi\u00e7\u00e3o. Rostos, caras, express\u00f5es sem forma e sem corpos, na uniformidade de uma vala rasa comum, exposta \u00e0 luz do dia como continuidade do tempo, sem distin\u00e7\u00e3o entre o momento presente e o futuro, que nunca chegar\u00e1 e que vemos anular-se no \u00e1timo infinito. Corpos sem rosto, sem cara, sem express\u00e3o alguma, em convuls\u00e3o permanente, debatendo os membros desmembrados na vis\u00e3o de sonho indigesto, que acompanha o condenado ao pat\u00edbulo.<\/p>\n<p>O direito negado, o respiro negado, o ar negado, o \u00faltimo respiro negado como um peixe em agonia.<br \/>\nComo se estar morto fosse a coisa mais normal do mundo. Como se estar morto em vida fosse o novo paradigma, ou melhor, fosse o paradigma de sempre, hoje, finalmente renovado e confirmado.<\/p>\n<p>Mas n\u00e3o consegui esperar. Escrevo agora, quando para chegar a cem, faltam seis. E faltam seis, porque s\u00e3o oito horas da manh\u00e3. \u00c9 s\u00f3 esperar o finalzinho da tarde, que ser\u00e3o cinco. Sim, mil a mais no espa\u00e7o de poucas horas. Mil por dia&#8230; h\u00e1 semanas. O novo paradigma.<\/p>\n<p>Um R\u00e9quiem para os cem mil mortos de Covid e para aqueles que vir\u00e3o-, uma ora\u00e7\u00e3o f\u00fanebre para mim tamb\u00e9m. Sim, para mim tamb\u00e9m, que trabalho faz quase quarenta anos com os derrelitos, os doentes, os incur\u00e1veis, os mancos, os velhos, os paral\u00edticos, os imobilizados, os condenados da Terra, os mortos de fome, os abandonados em leitos an\u00f4nimos, as crian\u00e7as e aqueles que n\u00e3o tiveram inf\u00e2ncia alguma, por serem assassinados antes\u00a0 de qualquer escolha.<\/p>\n<p>Sim, teria escrito um R\u00e9quiem dedicado aos cem mil mortos, aos meus pensamentos, a como eu era ontem, um R\u00e9quiem para mim tamb\u00e9m. E como Sor Juana Ines de la Cruz teria assinado com sangue: <em>Libera me Domine de morte aeterna.<\/em><\/p>\n<p>Meses atr\u00e1s, j\u00e1 escrevi que tinha medo. Cinquenta e cinco milh\u00f5es de pessoas estavam prontas a me jogar na cadeia, torturar e aniquilar. Elegeram um presidente que para falar de mim e daqueles que s\u00e3o como eu, usava a palavra \u201cmatar\u201d \u201celiminar\u201d \u201cmetralhar\u201d. E falava em alto e bom som, entre gargalhadas escrachadas e aplausos.<\/p>\n<p>Hoje, aquele mesmo presidente da rep\u00fablica, atrav\u00e9s de uma canetada, vetou a lei que previa ajuda financeira aos profissionais da sa\u00fade incapacitados pela Covid. F\u00e1cil assim: n\u00e3o se pode\u00a0determinar o lugar de cont\u00e1gio, nem a modalidade do mesmo: nada de ajuda. Nada de nada. Eu e os meus colegas podemos morrer e para nossas fam\u00edlias n\u00e3o vai ter ajuda nenhuma. Acabou.<\/p>\n<p>Agora, o que acabou mesmo \u00e9 o tempo do di\u00e1logo. A hist\u00f3ria ensina o que acontece quando o fascismo e os fascistas n\u00e3o s\u00e3o levados a s\u00e9rio. A hist\u00f3ria ensina que os massacres come\u00e7am sempre com palavras, frases, ironias, com a mamata que vai acabar, com a repeti\u00e7\u00e3o da mentira at\u00e9 que se torne realidade. Eu acuso os eleitores de Bolsonaro &#8211; todos, um por um. Sim, acuso os eleitores de Bolsonaro de serem pessoalmente respons\u00e1veis pela morte de cem mil pessoas e pela minha morte tamb\u00e9m, se mais fodido, ainda eu for. Agora chega.<\/p>\n","protected":false},"excerpt":{"rendered":"<p>Teria esperado mais uns dias. Chegar a cem. Noventa e quatro n\u00e3o impressiona tanto assim como cem. Um n\u00famero redondo, lindo, feito, limpinho, completo. Cem, e poder escrever um R\u00e9quiem, n\u00e3o para os mortos, mas para os vivos. Um R\u00e9quiem&hellip;<\/p>\n","protected":false},"author":1567,"featured_media":1172681,"comment_status":"closed","ping_status":"closed","sticky":false,"template":"","format":"standard","meta":{"footnotes":""},"categories":[104,11390,165,1253],"tags":[2744,72401,59552,26314,79847,79848,73244],"class_list":["post-1173920","post","type-post","status-publish","format-standard","has-post-thumbnail","hentry","category-america-do-sul","category-conteudo-original","category-opiniao","category-saude","tag-brasil","tag-covid-19-pt-pt","tag-fascismo-pt-pt","tag-jair-bolsonaro","tag-morti-pt-pt","tag-muertos-pt-pt","tag-pandemia-pt-pt"],"yoast_head":"<!-- This site is optimized with the Yoast SEO plugin v27.1.1 - https:\/\/yoast.com\/product\/yoast-seo-wordpress\/ -->\n<title>R\u00e9quiem para os vivos<\/title>\n<meta name=\"description\" content=\"Teria esperado mais uns dias. Chegar a cem. Noventa e quatro n\u00e3o impressiona tanto assim como cem. Um n\u00famero redondo, lindo, feito, limpinho, completo.\" \/>\n<meta name=\"robots\" content=\"index, follow, max-snippet:-1, max-image-preview:large, max-video-preview:-1\" \/>\n<link rel=\"canonical\" href=\"https:\/\/www.pressenza.com\/pt-pt\/2020\/08\/requiem-para-os-vivos\/\" \/>\n<meta property=\"og:locale\" content=\"pt_PT\" \/>\n<meta property=\"og:type\" content=\"article\" \/>\n<meta property=\"og:title\" content=\"R\u00e9quiem para os vivos\" \/>\n<meta property=\"og:description\" content=\"Teria esperado mais uns dias. Chegar a cem. Noventa e quatro n\u00e3o impressiona tanto assim como cem. Um n\u00famero redondo, lindo, feito, limpinho, completo.\" \/>\n<meta property=\"og:url\" content=\"https:\/\/www.pressenza.com\/pt-pt\/2020\/08\/requiem-para-os-vivos\/\" \/>\n<meta property=\"og:site_name\" content=\"Pressenza\" \/>\n<meta property=\"article:publisher\" content=\"https:\/\/www.facebook.com\/PressenzaItalia\" \/>\n<meta property=\"article:published_time\" content=\"2020-08-06T14:13:53+00:00\" \/>\n<meta property=\"article:modified_time\" content=\"2020-08-07T02:29:39+00:00\" \/>\n<meta property=\"og:image\" content=\"https:\/\/www.pressenza.com\/wp-content\/uploads\/2020\/08\/valas1.jpeg\" \/>\n\t<meta property=\"og:image:width\" content=\"1240\" \/>\n\t<meta property=\"og:image:height\" content=\"827\" \/>\n\t<meta property=\"og:image:type\" content=\"image\/jpeg\" \/>\n<meta name=\"author\" content=\"Paolo D&#039;Aprile\" \/>\n<meta name=\"twitter:card\" content=\"summary_large_image\" \/>\n<meta name=\"twitter:creator\" content=\"@PressenzaIPA\" \/>\n<meta name=\"twitter:site\" content=\"@PressenzaIPA\" \/>\n<meta name=\"twitter:label1\" content=\"Escrito por\" \/>\n\t<meta name=\"twitter:data1\" content=\"Paolo D&#039;Aprile\" \/>\n\t<meta name=\"twitter:label2\" content=\"Tempo estimado de leitura\" \/>\n\t<meta name=\"twitter:data2\" content=\"3 minutos\" \/>\n<script type=\"application\/ld+json\" class=\"yoast-schema-graph\">{\"@context\":\"https:\/\/schema.org\",\"@graph\":[{\"@type\":\"Article\",\"@id\":\"https:\/\/www.pressenza.com\/pt-pt\/2020\/08\/requiem-para-os-vivos\/#article\",\"isPartOf\":{\"@id\":\"https:\/\/www.pressenza.com\/pt-pt\/2020\/08\/requiem-para-os-vivos\/\"},\"author\":{\"name\":\"Paolo D'Aprile\",\"@id\":\"https:\/\/www.pressenza.com\/pt-pt\/#\/schema\/person\/b7683f6cc5b4992d9641abb1dd2b2c7a\"},\"headline\":\"R\u00e9quiem para os vivos\",\"datePublished\":\"2020-08-06T14:13:53+00:00\",\"dateModified\":\"2020-08-07T02:29:39+00:00\",\"mainEntityOfPage\":{\"@id\":\"https:\/\/www.pressenza.com\/pt-pt\/2020\/08\/requiem-para-os-vivos\/\"},\"wordCount\":610,\"publisher\":{\"@id\":\"https:\/\/www.pressenza.com\/pt-pt\/#organization\"},\"image\":{\"@id\":\"https:\/\/www.pressenza.com\/pt-pt\/2020\/08\/requiem-para-os-vivos\/#primaryimage\"},\"thumbnailUrl\":\"https:\/\/www.pressenza.com\/wp-content\/uploads\/2020\/08\/valas1.jpeg\",\"keywords\":[\"Brasil\",\"COVID-19\",\"fascismo\",\"Jair Bolsonaro\",\"morti\",\"muertos\",\"pandemia\"],\"articleSection\":[\"\u00c1m\u00e9rica do Sul\",\"Conte\u00fado Original\",\"Opini\u00e3o\",\"Sa\u00fade\"],\"inLanguage\":\"pt-PT\"},{\"@type\":\"WebPage\",\"@id\":\"https:\/\/www.pressenza.com\/pt-pt\/2020\/08\/requiem-para-os-vivos\/\",\"url\":\"https:\/\/www.pressenza.com\/pt-pt\/2020\/08\/requiem-para-os-vivos\/\",\"name\":\"R\u00e9quiem para os vivos\",\"isPartOf\":{\"@id\":\"https:\/\/www.pressenza.com\/pt-pt\/#website\"},\"primaryImageOfPage\":{\"@id\":\"https:\/\/www.pressenza.com\/pt-pt\/2020\/08\/requiem-para-os-vivos\/#primaryimage\"},\"image\":{\"@id\":\"https:\/\/www.pressenza.com\/pt-pt\/2020\/08\/requiem-para-os-vivos\/#primaryimage\"},\"thumbnailUrl\":\"https:\/\/www.pressenza.com\/wp-content\/uploads\/2020\/08\/valas1.jpeg\",\"datePublished\":\"2020-08-06T14:13:53+00:00\",\"dateModified\":\"2020-08-07T02:29:39+00:00\",\"description\":\"Teria esperado mais uns dias. Chegar a cem. Noventa e quatro n\u00e3o impressiona tanto assim como cem. Um n\u00famero redondo, lindo, feito, limpinho, completo.\",\"breadcrumb\":{\"@id\":\"https:\/\/www.pressenza.com\/pt-pt\/2020\/08\/requiem-para-os-vivos\/#breadcrumb\"},\"inLanguage\":\"pt-PT\",\"potentialAction\":[{\"@type\":\"ReadAction\",\"target\":[\"https:\/\/www.pressenza.com\/pt-pt\/2020\/08\/requiem-para-os-vivos\/\"]}]},{\"@type\":\"ImageObject\",\"inLanguage\":\"pt-PT\",\"@id\":\"https:\/\/www.pressenza.com\/pt-pt\/2020\/08\/requiem-para-os-vivos\/#primaryimage\",\"url\":\"https:\/\/www.pressenza.com\/wp-content\/uploads\/2020\/08\/valas1.jpeg\",\"contentUrl\":\"https:\/\/www.pressenza.com\/wp-content\/uploads\/2020\/08\/valas1.jpeg\",\"width\":1240,\"height\":827},{\"@type\":\"BreadcrumbList\",\"@id\":\"https:\/\/www.pressenza.com\/pt-pt\/2020\/08\/requiem-para-os-vivos\/#breadcrumb\",\"itemListElement\":[{\"@type\":\"ListItem\",\"position\":1,\"name\":\"Accueil\",\"item\":\"https:\/\/www.pressenza.com\/pt-pt\/\"},{\"@type\":\"ListItem\",\"position\":2,\"name\":\"R\u00e9quiem para os vivos\"}]},{\"@type\":\"WebSite\",\"@id\":\"https:\/\/www.pressenza.com\/pt-pt\/#website\",\"url\":\"https:\/\/www.pressenza.com\/pt-pt\/\",\"name\":\"Pressenza\",\"description\":\"International Press Agency\",\"publisher\":{\"@id\":\"https:\/\/www.pressenza.com\/pt-pt\/#organization\"},\"potentialAction\":[{\"@type\":\"SearchAction\",\"target\":{\"@type\":\"EntryPoint\",\"urlTemplate\":\"https:\/\/www.pressenza.com\/pt-pt\/?s={search_term_string}\"},\"query-input\":{\"@type\":\"PropertyValueSpecification\",\"valueRequired\":true,\"valueName\":\"search_term_string\"}}],\"inLanguage\":\"pt-PT\"},{\"@type\":\"Organization\",\"@id\":\"https:\/\/www.pressenza.com\/pt-pt\/#organization\",\"name\":\"Pressenza\",\"url\":\"https:\/\/www.pressenza.com\/pt-pt\/\",\"logo\":{\"@type\":\"ImageObject\",\"inLanguage\":\"pt-PT\",\"@id\":\"https:\/\/www.pressenza.com\/pt-pt\/#\/schema\/logo\/image\/\",\"url\":\"https:\/\/www.pressenza.com\/wp-content\/uploads\/2022\/10\/pressenza_logo_200x200.jpg\",\"contentUrl\":\"https:\/\/www.pressenza.com\/wp-content\/uploads\/2022\/10\/pressenza_logo_200x200.jpg\",\"width\":200,\"height\":200,\"caption\":\"Pressenza\"},\"image\":{\"@id\":\"https:\/\/www.pressenza.com\/pt-pt\/#\/schema\/logo\/image\/\"},\"sameAs\":[\"https:\/\/www.facebook.com\/PressenzaItalia\",\"https:\/\/x.com\/PressenzaIPA\"]},{\"@type\":\"Person\",\"@id\":\"https:\/\/www.pressenza.com\/pt-pt\/#\/schema\/person\/b7683f6cc5b4992d9641abb1dd2b2c7a\",\"name\":\"Paolo D'Aprile\",\"description\":\"Nasco nel 1963... sono un uomo di mezza et\u00e0! Vivo a S\u00e3o Paulo dal 1989 e il mio lavoro di fisioterapista mi ha portato in contatto con le situazioni estreme della citt\u00e0, dalle favelas ai \\\"meninos de rua\\\". Ho partecipato a vari progetti di inclusione attraverso l'esercizio dei diritti civili. Da grande voglio fare il calciatore, l'astronauta e il pompiere.\",\"url\":\"https:\/\/www.pressenza.com\/pt-pt\/author\/paolo-daprile\/\"}]}<\/script>\n<!-- \/ Yoast SEO plugin. -->","yoast_head_json":{"title":"R\u00e9quiem para os vivos","description":"Teria esperado mais uns dias. Chegar a cem. Noventa e quatro n\u00e3o impressiona tanto assim como cem. Um n\u00famero redondo, lindo, feito, limpinho, completo.","robots":{"index":"index","follow":"follow","max-snippet":"max-snippet:-1","max-image-preview":"max-image-preview:large","max-video-preview":"max-video-preview:-1"},"canonical":"https:\/\/www.pressenza.com\/pt-pt\/2020\/08\/requiem-para-os-vivos\/","og_locale":"pt_PT","og_type":"article","og_title":"R\u00e9quiem para os vivos","og_description":"Teria esperado mais uns dias. Chegar a cem. Noventa e quatro n\u00e3o impressiona tanto assim como cem. Um n\u00famero redondo, lindo, feito, limpinho, completo.","og_url":"https:\/\/www.pressenza.com\/pt-pt\/2020\/08\/requiem-para-os-vivos\/","og_site_name":"Pressenza","article_publisher":"https:\/\/www.facebook.com\/PressenzaItalia","article_published_time":"2020-08-06T14:13:53+00:00","article_modified_time":"2020-08-07T02:29:39+00:00","og_image":[{"width":1240,"height":827,"url":"https:\/\/www.pressenza.com\/wp-content\/uploads\/2020\/08\/valas1.jpeg","type":"image\/jpeg"}],"author":"Paolo D'Aprile","twitter_card":"summary_large_image","twitter_creator":"@PressenzaIPA","twitter_site":"@PressenzaIPA","twitter_misc":{"Escrito por":"Paolo D'Aprile","Tempo estimado de leitura":"3 minutos"},"schema":{"@context":"https:\/\/schema.org","@graph":[{"@type":"Article","@id":"https:\/\/www.pressenza.com\/pt-pt\/2020\/08\/requiem-para-os-vivos\/#article","isPartOf":{"@id":"https:\/\/www.pressenza.com\/pt-pt\/2020\/08\/requiem-para-os-vivos\/"},"author":{"name":"Paolo D'Aprile","@id":"https:\/\/www.pressenza.com\/pt-pt\/#\/schema\/person\/b7683f6cc5b4992d9641abb1dd2b2c7a"},"headline":"R\u00e9quiem para os vivos","datePublished":"2020-08-06T14:13:53+00:00","dateModified":"2020-08-07T02:29:39+00:00","mainEntityOfPage":{"@id":"https:\/\/www.pressenza.com\/pt-pt\/2020\/08\/requiem-para-os-vivos\/"},"wordCount":610,"publisher":{"@id":"https:\/\/www.pressenza.com\/pt-pt\/#organization"},"image":{"@id":"https:\/\/www.pressenza.com\/pt-pt\/2020\/08\/requiem-para-os-vivos\/#primaryimage"},"thumbnailUrl":"https:\/\/www.pressenza.com\/wp-content\/uploads\/2020\/08\/valas1.jpeg","keywords":["Brasil","COVID-19","fascismo","Jair Bolsonaro","morti","muertos","pandemia"],"articleSection":["\u00c1m\u00e9rica do Sul","Conte\u00fado Original","Opini\u00e3o","Sa\u00fade"],"inLanguage":"pt-PT"},{"@type":"WebPage","@id":"https:\/\/www.pressenza.com\/pt-pt\/2020\/08\/requiem-para-os-vivos\/","url":"https:\/\/www.pressenza.com\/pt-pt\/2020\/08\/requiem-para-os-vivos\/","name":"R\u00e9quiem para os vivos","isPartOf":{"@id":"https:\/\/www.pressenza.com\/pt-pt\/#website"},"primaryImageOfPage":{"@id":"https:\/\/www.pressenza.com\/pt-pt\/2020\/08\/requiem-para-os-vivos\/#primaryimage"},"image":{"@id":"https:\/\/www.pressenza.com\/pt-pt\/2020\/08\/requiem-para-os-vivos\/#primaryimage"},"thumbnailUrl":"https:\/\/www.pressenza.com\/wp-content\/uploads\/2020\/08\/valas1.jpeg","datePublished":"2020-08-06T14:13:53+00:00","dateModified":"2020-08-07T02:29:39+00:00","description":"Teria esperado mais uns dias. Chegar a cem. Noventa e quatro n\u00e3o impressiona tanto assim como cem. Um n\u00famero redondo, lindo, feito, limpinho, completo.","breadcrumb":{"@id":"https:\/\/www.pressenza.com\/pt-pt\/2020\/08\/requiem-para-os-vivos\/#breadcrumb"},"inLanguage":"pt-PT","potentialAction":[{"@type":"ReadAction","target":["https:\/\/www.pressenza.com\/pt-pt\/2020\/08\/requiem-para-os-vivos\/"]}]},{"@type":"ImageObject","inLanguage":"pt-PT","@id":"https:\/\/www.pressenza.com\/pt-pt\/2020\/08\/requiem-para-os-vivos\/#primaryimage","url":"https:\/\/www.pressenza.com\/wp-content\/uploads\/2020\/08\/valas1.jpeg","contentUrl":"https:\/\/www.pressenza.com\/wp-content\/uploads\/2020\/08\/valas1.jpeg","width":1240,"height":827},{"@type":"BreadcrumbList","@id":"https:\/\/www.pressenza.com\/pt-pt\/2020\/08\/requiem-para-os-vivos\/#breadcrumb","itemListElement":[{"@type":"ListItem","position":1,"name":"Accueil","item":"https:\/\/www.pressenza.com\/pt-pt\/"},{"@type":"ListItem","position":2,"name":"R\u00e9quiem para os vivos"}]},{"@type":"WebSite","@id":"https:\/\/www.pressenza.com\/pt-pt\/#website","url":"https:\/\/www.pressenza.com\/pt-pt\/","name":"Pressenza","description":"International Press Agency","publisher":{"@id":"https:\/\/www.pressenza.com\/pt-pt\/#organization"},"potentialAction":[{"@type":"SearchAction","target":{"@type":"EntryPoint","urlTemplate":"https:\/\/www.pressenza.com\/pt-pt\/?s={search_term_string}"},"query-input":{"@type":"PropertyValueSpecification","valueRequired":true,"valueName":"search_term_string"}}],"inLanguage":"pt-PT"},{"@type":"Organization","@id":"https:\/\/www.pressenza.com\/pt-pt\/#organization","name":"Pressenza","url":"https:\/\/www.pressenza.com\/pt-pt\/","logo":{"@type":"ImageObject","inLanguage":"pt-PT","@id":"https:\/\/www.pressenza.com\/pt-pt\/#\/schema\/logo\/image\/","url":"https:\/\/www.pressenza.com\/wp-content\/uploads\/2022\/10\/pressenza_logo_200x200.jpg","contentUrl":"https:\/\/www.pressenza.com\/wp-content\/uploads\/2022\/10\/pressenza_logo_200x200.jpg","width":200,"height":200,"caption":"Pressenza"},"image":{"@id":"https:\/\/www.pressenza.com\/pt-pt\/#\/schema\/logo\/image\/"},"sameAs":["https:\/\/www.facebook.com\/PressenzaItalia","https:\/\/x.com\/PressenzaIPA"]},{"@type":"Person","@id":"https:\/\/www.pressenza.com\/pt-pt\/#\/schema\/person\/b7683f6cc5b4992d9641abb1dd2b2c7a","name":"Paolo D'Aprile","description":"Nasco nel 1963... sono un uomo di mezza et\u00e0! Vivo a S\u00e3o Paulo dal 1989 e il mio lavoro di fisioterapista mi ha portato in contatto con le situazioni estreme della citt\u00e0, dalle favelas ai \"meninos de rua\". Ho partecipato a vari progetti di inclusione attraverso l'esercizio dei diritti civili. Da grande voglio fare il calciatore, l'astronauta e il pompiere.","url":"https:\/\/www.pressenza.com\/pt-pt\/author\/paolo-daprile\/"}]}},"place":"","original_article_url":"","_links":{"self":[{"href":"https:\/\/www.pressenza.com\/pt-pt\/wp-json\/wp\/v2\/posts\/1173920","targetHints":{"allow":["GET"]}}],"collection":[{"href":"https:\/\/www.pressenza.com\/pt-pt\/wp-json\/wp\/v2\/posts"}],"about":[{"href":"https:\/\/www.pressenza.com\/pt-pt\/wp-json\/wp\/v2\/types\/post"}],"author":[{"embeddable":true,"href":"https:\/\/www.pressenza.com\/pt-pt\/wp-json\/wp\/v2\/users\/1567"}],"replies":[{"embeddable":true,"href":"https:\/\/www.pressenza.com\/pt-pt\/wp-json\/wp\/v2\/comments?post=1173920"}],"version-history":[{"count":0,"href":"https:\/\/www.pressenza.com\/pt-pt\/wp-json\/wp\/v2\/posts\/1173920\/revisions"}],"wp:featuredmedia":[{"embeddable":true,"href":"https:\/\/www.pressenza.com\/pt-pt\/wp-json\/wp\/v2\/media\/1172681"}],"wp:attachment":[{"href":"https:\/\/www.pressenza.com\/pt-pt\/wp-json\/wp\/v2\/media?parent=1173920"}],"wp:term":[{"taxonomy":"category","embeddable":true,"href":"https:\/\/www.pressenza.com\/pt-pt\/wp-json\/wp\/v2\/categories?post=1173920"},{"taxonomy":"post_tag","embeddable":true,"href":"https:\/\/www.pressenza.com\/pt-pt\/wp-json\/wp\/v2\/tags?post=1173920"}],"curies":[{"name":"wp","href":"https:\/\/api.w.org\/{rel}","templated":true}]}}