{"id":1167784,"date":"2020-07-28T02:52:48","date_gmt":"2020-07-28T01:52:48","guid":{"rendered":"https:\/\/www.pressenza.com\/?p=1167784"},"modified":"2020-07-28T08:59:36","modified_gmt":"2020-07-28T07:59:36","slug":"agua-e-necessario-voltar-a-estatiza-la","status":"publish","type":"post","link":"https:\/\/www.pressenza.com\/pt-pt\/2020\/07\/agua-e-necessario-voltar-a-estatiza-la\/","title":{"rendered":"\u00c1gua: \u00e9 necess\u00e1rio voltar a estatiza-la"},"content":{"rendered":"<p>Este 28 de Julho &#8220;celebramos&#8221; o 10\u00ba anivers\u00e1rio da resolu\u00e7\u00e3o da ONU que reconhece o direito humano (universal, indivis\u00edvel e imprescind\u00edvel) \u00e0 \u00e1gua pot\u00e1vel e ao saneamento. Infelizmente, a situa\u00e7\u00e3o \u00e9 tal que a vida evoluiu como se a decis\u00e3o aprovada pela mais alta organiza\u00e7\u00e3o pol\u00edtica da comunidade internacional nunca tivesse existido: 2,2 mil milh\u00f5es de pessoas n\u00e3o sabem o que \u00e9 \u00e1gua pot\u00e1vel e 4,2 milh\u00f5es n\u00e3o t\u00eam acesso a instala\u00e7\u00f5es sanit\u00e1rias e servi\u00e7os higi\u00e9nicos; mais de 9 milh\u00f5es de crian\u00e7as com menos de 5 anos morrem todos os anos de doen\u00e7as causadas, entre outras coisas, pela falta de \u00e1gua pot\u00e1vel. Lavar as m\u00e3os \u00e9 um ato imposs\u00edvel para centenas de milh\u00f5es de pessoas com as consequ\u00eancias que conhecemos neste tempo de pandemia! (1)<\/p>\n<p>A \u00e1gua apropriada para uso humano \u00e9 cada vez mais escassa: muitos dos rios, lagos e len\u00e7\u00f3is fre\u00e1ticos mais importantes do mundo est\u00e3o a morrer, secos por capta\u00e7\u00f5es de \u00e1gua muito superiores \u00e0 sua capacidade natural de renova\u00e7\u00e3o (em quantidade e qualidade), envenenados pela polui\u00e7\u00e3o e contamina\u00e7\u00e3o, sufocados por res\u00edduos&#8230; As secas estruturais est\u00e3o a afetar um n\u00famero crescente de regi\u00f5es do mundo (incluindo a Amaz\u00f3nia!). A terra est\u00e1 a ser desertificada, e a devasta\u00e7\u00e3o das florestas desempenha um papel importante. Finalmente, v\u00e1rias cidades importantes do mundo (de Nova Iorque a Nairobi, de T\u00f3quio a Dhaka&#8230;) est\u00e3o seriamente amea\u00e7adas pelas inunda\u00e7\u00f5es devido \u00e0 subida do n\u00edvel do mar. Jacarta, por exemplo, j\u00e1 est\u00e1 a ser abandonada. (2)<\/p>\n<p>Neste contexto, falar sobre o direito \u00e0 \u00e1gua e ao saneamento \u00e9 um eufemismo. De facto, os &#8220;especialistas&#8221;, os l\u00edderes pol\u00edticos e empresariais, s\u00f3 falam da escassez de \u00e1gua no mundo. De uma forma enganosa, dizem que a escassez de agua se justifica pelo crescimento da popula\u00e7\u00e3o mundial e pelas altera\u00e7\u00f5es clim\u00e1ticas (o que \u00e9 apenas parcialmente correto). Esquecem-se de mencionar o papel da economia global dominante que devora os recursos do planeta at\u00e9 se esgotarem, e o papel dos nossos sistemas sociais baseados no apetite pelo poder e pela riqueza privada, fomentados por um desenvolvimento tecnol\u00f3gico b\u00e9lico, violento e predat\u00f3rio da vida. Face \u00e0 escassez de \u00e1gua como inevit\u00e1vel, os grupos sociais dominantes veem o caminho para a salva\u00e7\u00e3o na resist\u00eancia, na capacidade de resistir e adaptar-se aos choques associados \u00e0 escassez. No entanto, nas condi\u00e7\u00f5es atuais, a resili\u00eancia s\u00f3 \u00e9 poss\u00edvel para aqueles com grande capacidade tecnol\u00f3gica e financeira. (3) Adivinha quais s\u00e3o os pa\u00edses e grupos sociais que ser\u00e3o capazes de resistir nas pr\u00f3ximas d\u00e9cadas?<\/p>\n<p>Segundo as Na\u00e7\u00f5es Unidas, o direito \u00e0 \u00e1gua, \u00e0 \u00e1gua para toda a vida, traduz-se concretamente na disponibilidade de 50 litros de \u00e1gua pot\u00e1vel por dia e por pessoa para uso dom\u00e9stico e de 1.800 m\u00b3 de \u00e1gua por ano e por pessoa para todos os usos combinados. No entanto, o pr\u00f3prio conceito do <span style=\"text-decoration: underline;\">direito humano \u00e0 \u00e1gua<\/span>, que \u00e9 igual para todos e justific\u00e1vel, foi substitu\u00eddo nos \u00faltimos 30 anos pelo conceito de <span style=\"text-decoration: underline;\">acesso equitativo e exequ\u00edvel \u00e0 \u00e1gua<\/span>. Para o &#8220;acesso equitativo a um pre\u00e7o acess\u00edvel&#8221;, j\u00e1 n\u00e3o existe qualquer obriga\u00e7\u00e3o por parte do Estado. Estamos a sair do \u00e2mbito da lei e a entrar no campo das necessidades de \u00e1gua que devem ser satisfeitas de acordo com a acessibilidade econ\u00f3mica, pol\u00edtica e social dos consumidores individuais. O pre\u00e7o &#8220;acess\u00edvel&#8221; da \u00e1gua \u00e9 um poder discut\u00edvel nas m\u00e3os de gestores de servi\u00e7os de \u00e1gua que fixam o pre\u00e7o da \u00e1gua de forma a assegurar ganhos financeiros. (4). Hoje em dia, quer sejam privadas ou &#8220;p\u00fablicas&#8221;, as empresas est\u00e3o a <span style=\"text-decoration: underline;\">ganhar dinheiro com a \u00e1gua para toda a vida<\/span>!<\/p>\n<p>Esta profunda mudan\u00e7a cultural e pol\u00edtica foi poss\u00edvel gra\u00e7as \u00e0 conjun\u00e7\u00e3o de quatro transforma\u00e7\u00f5es estruturais: <em>a comercializa\u00e7\u00e3o da vida<\/em> (tudo foi reduzido a uma mercadoria: sementes, \u00e1gua, transportes p\u00fablicos, conhecimento, sa\u00fade, habita\u00e7\u00e3o, plantas, animais, genes humanos); <em>a privatiza\u00e7\u00e3o de todos os bens e servi\u00e7os<\/em> (nada escapou a este processo, incluindo o dinheiro, que deixou de ser um s\u00edmbolo fundamental da soberania das na\u00e7\u00f5es e dos Estados); <em>a liberaliza\u00e7\u00e3o e desregulamenta\u00e7\u00e3o de toda a atividade econ\u00f3mica<\/em> em nome da livre governa\u00e7\u00e3o entre os detentores de interesses (os famosos &#8220;stakeholders&#8221;) e, finalmente, a <em>\u201cfinanceiriza\u00e7\u00e3o\u201d da economia<\/em> que submeteu as principais decis\u00f5es sobre a atribui\u00e7\u00e3o e utiliza\u00e7\u00e3o dos recursos dispon\u00edveis \u00e0s l\u00f3gicas financeiras de desempenho e efici\u00eancia a curto prazo. Os pr\u00f3prios seres humanos foram reduzidos a &#8220;recursos humanos&#8221; para serem explorados ao m\u00e1ximo do seu desempenho financeiro, apesar dos direitos humanos e para al\u00e9m deles.<\/p>\n<p>Como resultado, j\u00e1 n\u00e3o existem bens e servi\u00e7os verdadeiramente comuns ou bens verdadeiramente p\u00fablicos. Em 1980, o Supremo Tribunal dos Estados Unidos legalizou a patenteabilidade dos organismos vivos para fins privados e lucrativos. A patenteabilidade dos algoritmos (Intelig\u00eancia Artificial) tornou-se pr\u00e1tica comum nos anos 90. Mais de 50.000 patentes sobre a vida foram reconhecidas pelo sector privado. Idem, no campo da IA. Em 1992, por ocasi\u00e3o da Confer\u00eancia Internacional sobre a \u00c1gua em Dublin em prepara\u00e7\u00e3o da Primeira Cimeira da Terra no Rio de Janeiro, a resolu\u00e7\u00e3o final afirmava que a \u00e1gua j\u00e1 n\u00e3o deveria ser considerada um bem social, um bem comum, mas um bem econ\u00f3mico privado, sujeito \u00e0s regras da economia de mercado. <span style=\"text-decoration: underline;\">A sede de \u00e1gua pela vida humana deu lugar \u00e0 sede de \u00e1gua pelas atividades econ\u00f3micas para a competitividade e o lucro<\/span>. Pior ainda, em 2002, na Segunda Cimeira da Terra em Joanesburgo, foi declarado que \u00e0 natureza deveria ser atribu\u00eddo um valor monet\u00e1rio atrav\u00e9s do c\u00e1lculo dos custos e benef\u00edcios dos servi\u00e7os &#8220;ambientais&#8221; prestados pela natureza. A monetizar\u00e3o da natureza <em>(pre\u00e7os da natureza, banca da natureza)<\/em> e a patenteabilidade dos seres vivos puseram fim a qualquer forma de economia do bem comum, dos bens p\u00fablicos, da economia social e solid\u00e1ria fora dos micro-projetos.<\/p>\n<p>O direito \u00e0 vida j\u00e1 n\u00e3o est\u00e1 na m\u00e3o autoridades p\u00fablicas. As pol\u00edticas agro-alimentar, de sa\u00fade, de informa\u00e7\u00e3o e de desenvolvimento tecnol\u00f3gico, tais como o &#8220;desenvolvimento sustent\u00e1vel&#8221; e a seguran\u00e7a da \u00e1gua, j\u00e1 n\u00e3o fazem parte do dom\u00ednio da soberania do Estado. Est\u00e3o mais dependentes dos interesses dos grandes grupos privados mundiais como a Suez, Vivendi, Big Pharma, GAFAM, oligop\u00f3lios mineiros e, por \u00faltimo mas n\u00e3o menos importante, os grandes grupos financeiros (bancos, companhias de seguros). Uma das atividades mais lucrativas e crescentes no dom\u00ednio da \u00e1gua \u00e9 o sector dos seguros contra altera\u00e7\u00f5es clim\u00e1ticas (turismo, agricultura, etc.) e &#8220;acidentes clim\u00e1ticos&#8221; (secas, inunda\u00e7\u00f5es, etc.). Quanto mais incertezas afetam a \u00e1gua do planeta, maior \u00e9 o valor de mercado da \u00e1gua. Na &#8220;l\u00f3gica&#8221; financeira especulativa dominante, \u00e9 evidente que quanto mais se confirmar a escassez de \u00e1gua, mais o valor econ\u00f3mico da \u00e1gua aumentar\u00e1 em detrimento do seu valor para a comunidade global da vida na Terra.<\/p>\n<p>Adeus ao direito universal efetivo \u00e0 \u00e1gua? Sim, se os princ\u00edpios, pol\u00edticas e pr\u00e1ticas coletivas descritas acima n\u00e3o forem invertidos. A sociedade e o Estado devem se ver livres da sua privatiza\u00e7\u00e3o e \u201cfinanceiriza\u00e7\u00e3o\u201d. \u00c9 necess\u00e1rio construir <em>a sociedade de bens p\u00fablicos globais<\/em> comuns e cooperativos. H\u00e1 uma necessidade urgente de construir o sistema global de pol\u00edticas p\u00fablicas baseado na responsabilidade coletiva partilhada e na solidariedade para a salvaguarda, cuidado e promo\u00e7\u00e3o da vida e dos direitos \u00e0 vida e, portanto, a \u00e1gua para todos! A <em>r\u00e9-municipaliza\u00e7\u00e3o da \u00e1gua<\/em> \u00e9 fundamental para a constru\u00e7\u00e3o de uma pol\u00edtica p\u00fablica global, desde que seja, evidentemente, uma verdadeira municipaliza\u00e7\u00e3o cuja gest\u00e3o seja financiada por impostos e n\u00e3o pelo rendimento gerado pela venda de servi\u00e7os de \u00e1gua, mesmo a pre\u00e7os acess\u00edveis.<\/p>\n<p>Em qualquer caso, o futuro da \u00e1gua e o direito \u00e0 vida n\u00e3o podem ser alcan\u00e7ados atrav\u00e9s <em>da \u00e1gua processada<\/em> (5), mas atrav\u00e9s de uma nova era de engenharia coletiva criativa e de cultura pol\u00edtica e social guiada pela vontade de viver em conjunto com respeito pela<em> M\u00e3e Terra<\/em>.<\/p>\n<p>Notas<\/p>\n<p>(1). <a href=\"https:\/\/www.un.org\/fr\/observances\/water-day\" target=\"_blank\" rel=\"noopener noreferrer\">https:\/\/www.un.org\/fr\/observances\/water-day<\/a><\/p>\n<p>(2) Cf. <a href=\"https:\/\/ocean-climate.org\/wp-content\/uploads\/2019\/09\/fiches-DEF.pdf\" target=\"_blank\" rel=\"noopener noreferrer\">&#8220;Oceanos e altera\u00e7\u00f5es clim\u00e1ticas: os novos desafios&#8221;, ocean-climate.org &#8216; uploads &#8216; 2019\/09 &#8216; DEF files<\/a><\/p>\n<p>(3 ) Cf. Riccardo Petrella, <em>Eau et r\u00e9silience. Les strat\u00e9gies des dominants en question<\/em>, <a href=\"https:\/\/wsimag.com\/fr\/economie-et-politique\/61408-eau-et-resilience\" target=\"_blank\" rel=\"noopener noreferrer\">https:\/\/wsimag.com\/fr\/economie-et-politique\/61408-eau-et-resilience<\/a>, e pelo mesmo autor, <em>La s\u00e9curit\u00e9 hydrique pour tous les habitants de la Terre<\/em>, <a href=\"https:\/\/wsimag.com\/fr\/economie-et-politique\/61870-la-securite-hydrique-pour-tous-les-habitants-de-la-terre\" target=\"_blank\" rel=\"noopener noreferrer\">https:\/\/wsimag.com\/fr\/economie-et-politique\/61870-la-securite-hydrique-pour-tous-les-habitants-de-la-terre<\/a><\/p>\n<p>(4) No \u00e2mbito dos 17 Objetivos de Desenvolvimento Sustent\u00e1vel da Agenda das Na\u00e7\u00f5es Unidas para 2030, a \u00e1gua \u00e9 o Objetivo 6, que diz: &#8220;6.1: <em>At\u00e9 2030, garantir o acesso universal e equitativo \u00e0 \u00e1gua pot\u00e1vel segura a um custo acess\u00edvel.<\/em> <a href=\"https:\/\/www.agenda-2030.fr\/odd\/odd-6-garantir-lacces-de-tous-leau-et-lassainissement-et-assurer-une-gestion-durable-des\" target=\"_blank\" rel=\"noopener noreferrer\">https:\/\/www.agenda-2030.fr\/odd\/odd-6-garantir-lacces-de-tous-leau-et-lassainissement-et-assurer-une-gestion-durable-des<\/a> N\u00e3o h\u00e1 qualquer refer\u00eancia ao direito \u00e0 \u00e1gua.<\/p>\n<p>(5) <em>&#8220;\u00c1gua processada&#8221;<\/em> significa \u00e1gua &#8220;fabricada&#8221; pelo homem, tal como \u00e1gua dessalinizada, \u00e1gua resultante do tratamento de \u00e1guas residuais, \u00e1gua derivada de icebergues &#8220;capturados&#8221;.<\/p>\n<p>&nbsp;<\/p>\n<p><strong>Co-signat\u00e1rios convidados<\/strong><\/p>\n<p>Riccardo\u00a0<strong>Petrella,<\/strong>\u00a0Co-fondateur Comit\u00e9 International pour le Contrat Mondial de l\u2019Eau, (<u>Belgique\/Italie<\/u>)<\/p>\n<p>Leonardo\u00a0<strong>Boff<\/strong>, Th\u00e9ologien (<u>Br\u00e9sil<\/u>)<\/p>\n<p>Luis\u00a0<strong>Infanti de la Mora<\/strong>, Ev\u00eaque du Dioc\u00e8se de Aysen, \u00ab\u00a0Patagonia sin represas\u00a0\u00bb (<u>Chili<\/u>)<\/p>\n<p>Federico\u00a0<strong>Mayor<\/strong>, Ancien Directeur G\u00e9n\u00e9ral de l\u2019Unesco, Pr\u00e9sident Fondation Culture de la Paix (<u>Espagne<\/u>)<\/p>\n<p>Anibal\u00a0<strong>Faccendini,<\/strong>\u00a0Directeur Catedra de l\u2019Agua, Universidad Nacional de Rosario (<u>Argentine<\/u>)<\/p>\n<p>Joao\u00a0<strong>Cara\u00e7a<\/strong>, Co-fondateur de l\u2019Agora des Habitants de la Terre, Pr\u00e9sident Universit\u00e9 de Coimbra (<u>Portugal<\/u>)<\/p>\n<p><strong>Fondation Danielle Mitterrand<\/strong>, (J\u00e9r\u00e9mie Chomette, Marion Veber) (<u>France<\/u>)<\/p>\n<p>Marcelo\u00a0<strong>Barros,\u00a0<\/strong>Moine b\u00e9n\u00e9dictin (<u>Br\u00e9sil<\/u>)<\/p>\n<p>Jean-Pierre\u00a0<strong>Wauquier,\u00a0<\/strong>M\u00e9decin, pr\u00e9sident de H\u00b2O (<u>France<\/u>)<\/p>\n<p>Roberto\u00a0<strong>Savio,<\/strong>\u00a0Co-fondateur de l\u2019Agora des Habitants de la Terre, Fondateur de\u00a0<em>Other News<\/em>\u00a0(<u>Italie<\/u>)<\/p>\n<p>Bernard\u00a0<strong>Cassen<\/strong>, Journaliste, ancien Directeur g\u00e9n\u00e9ral du\u00a0<em>Monde diplomatique<\/em>\u00a0(<u>France<\/u>)<\/p>\n<p>Sylvie\u00a0<strong>Paquerot,<\/strong>\u00a0Professeure titulaire, Universit\u00e9 d\u2019Ottawa (<u>Canada<\/u>)<\/p>\n<p>Pierre\u00a0<strong>Jasmin,<\/strong>\u00a0Artiste pour la Paix (<u>Canada-Qu\u00e9bec<\/u>)<\/p>\n<p>Roberto\u00a0<strong>Colombo,\u00a0<\/strong>Maire de Canegrate (<u>Italie<\/u>)<\/p>\n<p>Jacques\u00a0<strong>Brodeur<\/strong>, Edupax, OSB (<u>Canada-Qu\u00e9bec<\/u>)<\/p>\n<p>Marcos P.\u00a0<strong>Arruda,\u00a0<\/strong>Dir. PACS Insituto Politicas Alternativas para o Cone Sur (<u>Br\u00e9sil<\/u>)<\/p>\n<p>Deborah\u00a0<strong>Nunes,\u00a0<\/strong>Urbaniste, Prof. Universidad del Estado de Bahia (<u>Br\u00e9sil<\/u>)<\/p>\n<p>Lilia\u00a0<strong>Ghanem,<\/strong>\u00a0Anthropologue et R\u00e9dactrice en chef de Badael (<u>France\/Liban<\/u>)<\/p>\n<p>Jean-Yves\u00a0<strong>Proulx,\u00a0<\/strong>Connaissances et citoyens (<u>Canada-Qu\u00e9bec<\/u>)<\/p>\n<p>Philippe\u00a0<strong>Giroul,\u00a0<\/strong>Ecologiste (<u>Canada-Qu\u00e9bec<\/u>)<\/p>\n<p>Sergio et Clara\u00a0<strong>Castioni,<\/strong>\u00a0Libraires, (<u>Italie<\/u>)<\/p>\n<p>Bernard\u00a0<strong>Tirtiaux<\/strong>, Ma\u00eetre verrier, \u00e9crivain, sculpteur\u00a0<u>(Belgique<\/u>)<\/p>\n<p>Maria\u00a0<strong>Palatine<\/strong>, Musicienne, Harpiste (<u>Allemagne<\/u>)<\/p>\n<p>Pietro\u00a0<strong>Pizzuti,\u00a0<\/strong>Auteur et Acteur de th\u00e9\u00e2tre (<u>Belgique\/Italie<\/u>)<\/p>\n<p>Margherita\u00a0<strong>Romanelli,\u00a0<\/strong>Sp\u00e9cialiste en coop\u00e9ration internationale pour le d\u00e9veloppement durable (<u>Italie)<\/u><\/p>\n<p>Andrey\u00a0<strong>Grachev<\/strong>, Diplomate (<u>Russie<\/u>)<\/p>\n<p>Consiglia\u00a0<strong>Salvio,\u00a0<\/strong>\u00ab Comitato regionale campano acqua bene comune \u00bb (<u>Italie)<\/u><\/p>\n<p>Alain\u00a0<strong>Adriaens<\/strong>, Ecologiste, \u00ab objecteur de croissance\u00a0\u00bb (<u>Belgique)<\/u><\/p>\n<p>Issam\u00a0<strong>Naaman,\u00a0<\/strong>Ancien ministre (<u>Liban<\/u>)<\/p>\n<p>Domenico\u00a0<strong>Rizzuti,\u00a0<\/strong>ancien syndicaliste Universit\u00e9\/recherche, Forum italo-tunisien (<u>Italie)<\/u><\/p>\n<p>Alain\u00a0<strong>Dangoisse<\/strong>, Dir. Maison du D\u00e9veloppement Durable, UCL (<u>Belgique)<\/u><\/p>\n<p>Pierre\u00a0<strong>Galand\u00a0<\/strong>(B), Impliqu\u00e9 dans plusieurs associations, en particulier l\u2019Association Belgo-Palestinienne et le Centre d\u2019Action La\u00efque, ancien s\u00e9nateur (<u>Belgique<\/u>)<\/p>\n<p><strong>Monastero del Bene Comune\u00a0<\/strong>(Paola Libanti, Silvano Nicoletto) (<u>Italie)<\/u><\/p>\n<p>Roberto\u00a0<strong>Louvin,\u00a0<\/strong>Professeur de droit compar\u00e9, Universit\u00e9 de Trieste (<u>Italie)<\/u><\/p>\n<p>Roberto\u00a0<strong>Musacchio<\/strong>, Ancien eurod\u00e9put\u00e9, Ass. Altramente (<u>Italie<\/u>)<\/p>\n<p>Jean-Claude\u00a0<strong>Garot,\u00a0<\/strong>Journaliste (<u>Belgique<\/u>)<\/p>\n<p>Angelo\u00a0<strong>Bonelli,<\/strong>\u00a0Pr\u00e9sident des Verts (<u>Italie)<\/u><\/p>\n<p>Patrizia\u00a0<strong>Sentinelli,\u00a0<\/strong>Pr\u00e9sidente de \u201cAltramente\u201d, ancienne ministre \u00e0 la coop\u00e9ration et au d\u00e9veloppement (<u>Italie<\/u>)<\/p>\n<p>Jean-Claude\u00a0<strong>Oliva,\u00a0<\/strong>Pr\u00e9sident Coordination Eau Ile de France\u00a0<u>(France<\/u>)<\/p>\n<p>Cristiana\u00a0<strong>Spinedi,\u00a0<\/strong>Professeur Enseignement secondaire (<u>Suisse<\/u>)<\/p>\n<p>Adriana\u00a0<strong>Fernandes<\/strong>, Educatrice \u00e0 la retraite (<u>Chili<\/u>)<\/p>\n<p>Lucie\u00a0<strong>Sauv\u00e9,\u00a0<\/strong>Professeur titulaire Universit\u00e9 du Qu\u00e9bec \u00e0 Montr\u00e9al-UQAM (<u>CND-Qu\u00e9bec<\/u>)<\/p>\n<p>Francesco\u00a0<strong>Comina,\u00a0<\/strong>Journaliste, \u00e9crivain (<u>Italie<\/u>)<\/p>\n<p>Ulrich\u00a0<strong>Duchrow,\u00a0<\/strong>Professeur, Universit\u00e9 de Heidelberg (<u>Allemagne<\/u>)<\/p>\n<p>Ina\u00a0<strong>Darmstaedter,\u00a0<\/strong>Pr\u00e9sidente du Festival International de la Paix de Berlin (<u>Allemagne<\/u>)<\/p>\n<p><strong>La Boisseli\u00e8re,\u00a0<\/strong>Espace citoyen d\u2019innovation sociale (Philippe Veniel, Melissa Gringeau) (<u>France)<\/u><\/p>\n<p>Julien\u00a0<strong>Le Guet<\/strong>, \u00ab\u00a0Bassines Non Merci\u00a0\u00bb (<u>France<\/u>)<\/p>\n<p>Christian\u00a0<strong>Legros,\u00a0<\/strong>Directeur Belgaqua (<u>Belgique<\/u>)<\/p>\n<p>Armando\u00a0<strong>De Negri<\/strong>, M\u00e9decin, repr\u00e9sentant du Br\u00e9sil au Comit\u00e9 de l\u2019ONU sur les droits humains (Br\u00e9sil)<\/p>\n<p>Vladimir\u00a0<strong>Mitev,\u00a0<\/strong>Journaliste\u00a0<em>Barricada\u00a0<\/em>(<u>Bulgarie<\/u>)<\/p>\n<p>Valter\u00a0<strong>Bonan,\u00a0<\/strong>Echevin aux Biens Communs, Commune de Feltre (<u>Italie<\/u>)<\/p>\n<p>Anwar\u00a0<strong>Abou Aichi,<\/strong>\u00a0Ancien ministre de la culture (<u>Palestine<\/u>)<\/p>\n<p>Hassan\u00a0<strong>Chatila<\/strong>, Professeur en philosophie (<u>France\/Syrie<\/u>)<\/p>\n<p>Bater\u00a0<strong>Wardam,<\/strong>\u00a0Conseiller minist\u00e9riel de l\u2019environnement (<u>Jordanie<\/u>)<\/p>\n<p>Mario\u00a0<strong>Agostinelli,\u00a0<\/strong>Physicien\/ISPRA<strong>,\u00a0<\/strong>Fondateur de \u201dEnergia Felice\u201d (Italie)<\/p>\n<p>Guido\u00a0<strong>Viale,\u00a0<\/strong>Saggista, economista e ambientalista (<u>Italie)<\/u><\/p>\n<p><strong>Universit\u00e9 du Bien Commun<\/strong>\u00a0(Corinne Ducrey, Cristina Bertelli, Gilles Yovan) (<u>France<\/u>)<\/p>\n<p>Maurizio\u00a0<strong>Montalto<\/strong>, Avocat, ex-pr\u00e9sident de la soci\u00e9t\u00e9 publique hydrique de Naples ABC (<u>Italie<\/u>)<\/p>\n<p>Fabrice\u00a0<strong>Delvaux,\u00a0<\/strong>Pr\u00e9sident de Kr\u00e9ativa, Education au d\u00e9veloppement durable (<u>Belgique<\/u>)<\/p>\n<p>Catherine\u00a0<strong>Schlitz,\u00a0<\/strong>Pr\u00e9sidente Pr\u00e9sence et Action Culturelles, Angleur (<u>Belgique<\/u>)<\/p>\n<p>Paul\u00a0<strong>Saiz,<\/strong>\u00a0Entrepreneur (<u>France<\/u>)<\/p>\n<p>Zein\u00a0<strong>Al-Abidine Fouad<\/strong>, Po\u00e8te\u00a0(<u>\u00c9gypte<\/u>)<\/p>\n<p>Hoda\u00a0<strong>Kamel,<\/strong>\u00a0\u00c9crivain (<u>Egypte<\/u>)<\/p>\n<p>Kais\u00a0<strong>Azzawi,\u00a0<\/strong>Ancien ambassadeur, \u00e9crivain (<u>Irak<\/u>)<\/p>\n<p>Roberto\u00a0<strong>Malvezzi,\u00a0<\/strong>Musicien, \u00e9crivain (<u>Br\u00e9sil<\/u>)<\/p>\n<p>Fernando\u00a0<strong>Ayala,\u00a0<\/strong>Diplomate (<u>Chili<\/u>)<\/p>\n<p>Alassane\u00a0<strong>Ba,\u00a0<\/strong>Directeur du Centre Humanitaire des M\u00e9tiers de la Pharmacie (<u>France<\/u>)<\/p>\n<p>Amadou\u00a0<strong>Emmanuel,\u00a0<\/strong>Resp. Relations Internationales de AMT\/WAFA (<u>Cameroun<\/u>)<\/p>\n<p>Guido\u00a0<strong>Barbera,<\/strong>\u00a0Pr\u00e9sident CIPSI (<u>Italie<\/u>)<\/p>\n<p>Ugo\u00a0<strong>Mattei,<\/strong>\u00a0Professeur de droit international \u00e0 l\u2019Universit\u00e9 de la Californie \u00e0 San Francisco (USA) et de droit civil \u00e0 l\u2019Universit\u00e9 de Turin<strong>\u00a0<\/strong>(<u>Italie<\/u>)<\/p>\n<p>Luca\u00a0<strong>Cecchi,\u00a0<\/strong>Comitato Acqua Bene Comune Verona (<u>Italie<\/u>)<\/p>\n<p>Val\u00e9rie\u00a0<strong>Cabanes,\u00a0<\/strong>Juriste en droit international, Co-fondatrice de \u00ab\u00a0Notre affaire \u00e0 tous\u00a0\u00bb (<u>France<\/u>)<\/p>\n<p>Alfonso\u00a0<strong>Pecoraro Scanio,\u00a0<\/strong>Pr\u00e9sident de l\u2019Universit\u00e0 Verde, Ancien ministre de l\u2019environnement (<u>Italie<\/u>)<\/p>\n<p>Marie France\u00a0<strong>Renard,\u00a0<\/strong>Professeur d\u2019\u00e9conomie, Universit\u00e9 de Clermont-Ferrand (<u>France<\/u>)<\/p>\n<p>Fatoumata\u00a0<strong>Kane Ki-Zerbo<\/strong>\u00a0(<u>Burkina Faso<\/u>)<\/p>\n","protected":false},"excerpt":{"rendered":"<p>Este 28 de Julho &#8220;celebramos&#8221; o 10\u00ba anivers\u00e1rio da resolu\u00e7\u00e3o da ONU que reconhece o direito humano (universal, indivis\u00edvel e imprescind\u00edvel) \u00e0 \u00e1gua pot\u00e1vel e ao saneamento. Infelizmente, a situa\u00e7\u00e3o \u00e9 tal que a vida evoluiu como se a decis\u00e3o&hellip;<\/p>\n","protected":false},"author":1266,"featured_media":1167706,"comment_status":"closed","ping_status":"closed","sticky":false,"template":"","format":"standard","meta":{"footnotes":""},"categories":[11390,116,42,165],"tags":[13191,79396,2623,76007],"class_list":["post-1167784","post","type-post","status-publish","format-standard","has-post-thumbnail","hentry","category-conteudo-original","category-direitos-humanos","category-internacional-2","category-opiniao","tag-agua-pt-pt","tag-direito-a-agua","tag-onu-pt-pt","tag-saneamento"],"yoast_head":"<!-- This site is optimized with the Yoast SEO plugin v27.1.1 - https:\/\/yoast.com\/product\/yoast-seo-wordpress\/ -->\n<title>\u00c1gua: \u00e9 necess\u00e1rio voltar a estatiza-la<\/title>\n<meta name=\"description\" content=\"Este 28 de Julho &quot;celebramos&quot; o 10\u00ba anivers\u00e1rio da resolu\u00e7\u00e3o da ONU que reconhece o direito humano (universal, indivis\u00edvel e imprescind\u00edvel) \u00e0 \u00e1gua\" \/>\n<meta name=\"robots\" content=\"index, follow, max-snippet:-1, max-image-preview:large, max-video-preview:-1\" \/>\n<link rel=\"canonical\" href=\"https:\/\/www.pressenza.com\/pt-pt\/2020\/07\/agua-e-necessario-voltar-a-estatiza-la\/\" \/>\n<meta property=\"og:locale\" content=\"pt_PT\" \/>\n<meta property=\"og:type\" content=\"article\" \/>\n<meta property=\"og:title\" content=\"\u00c1gua: \u00e9 necess\u00e1rio voltar a estatiza-la\" \/>\n<meta property=\"og:description\" content=\"Este 28 de Julho &quot;celebramos&quot; o 10\u00ba anivers\u00e1rio da resolu\u00e7\u00e3o da ONU que reconhece o direito humano (universal, indivis\u00edvel e imprescind\u00edvel) \u00e0 \u00e1gua\" \/>\n<meta property=\"og:url\" content=\"https:\/\/www.pressenza.com\/pt-pt\/2020\/07\/agua-e-necessario-voltar-a-estatiza-la\/\" \/>\n<meta property=\"og:site_name\" content=\"Pressenza\" \/>\n<meta property=\"article:publisher\" content=\"https:\/\/www.facebook.com\/PressenzaItalia\" \/>\n<meta property=\"article:published_time\" content=\"2020-07-28T01:52:48+00:00\" \/>\n<meta property=\"article:modified_time\" content=\"2020-07-28T07:59:36+00:00\" \/>\n<meta property=\"og:image\" content=\"https:\/\/www.pressenza.com\/wp-content\/uploads\/2020\/07\/eau-Etat-270720-RayMark-Pixabay.jpg\" \/>\n\t<meta property=\"og:image:width\" content=\"750\" \/>\n\t<meta property=\"og:image:height\" content=\"415\" \/>\n\t<meta property=\"og:image:type\" content=\"image\/jpeg\" \/>\n<meta name=\"author\" content=\"Riccardo Petrella\" \/>\n<meta name=\"twitter:card\" content=\"summary_large_image\" \/>\n<meta name=\"twitter:creator\" content=\"@PressenzaIPA\" \/>\n<meta name=\"twitter:site\" content=\"@PressenzaIPA\" \/>\n<meta name=\"twitter:label1\" content=\"Escrito por\" \/>\n\t<meta name=\"twitter:data1\" content=\"Riccardo Petrella\" \/>\n\t<meta name=\"twitter:label2\" content=\"Tempo estimado de leitura\" \/>\n\t<meta name=\"twitter:data2\" content=\"11 minutos\" \/>\n<script type=\"application\/ld+json\" class=\"yoast-schema-graph\">{\"@context\":\"https:\/\/schema.org\",\"@graph\":[{\"@type\":\"Article\",\"@id\":\"https:\/\/www.pressenza.com\/pt-pt\/2020\/07\/agua-e-necessario-voltar-a-estatiza-la\/#article\",\"isPartOf\":{\"@id\":\"https:\/\/www.pressenza.com\/pt-pt\/2020\/07\/agua-e-necessario-voltar-a-estatiza-la\/\"},\"author\":{\"name\":\"Riccardo Petrella\",\"@id\":\"https:\/\/www.pressenza.com\/pt-pt\/#\/schema\/person\/16ea2ff52e7bdf783c1b5242860fab9e\"},\"headline\":\"\u00c1gua: \u00e9 necess\u00e1rio voltar a estatiza-la\",\"datePublished\":\"2020-07-28T01:52:48+00:00\",\"dateModified\":\"2020-07-28T07:59:36+00:00\",\"mainEntityOfPage\":{\"@id\":\"https:\/\/www.pressenza.com\/pt-pt\/2020\/07\/agua-e-necessario-voltar-a-estatiza-la\/\"},\"wordCount\":2284,\"publisher\":{\"@id\":\"https:\/\/www.pressenza.com\/pt-pt\/#organization\"},\"image\":{\"@id\":\"https:\/\/www.pressenza.com\/pt-pt\/2020\/07\/agua-e-necessario-voltar-a-estatiza-la\/#primaryimage\"},\"thumbnailUrl\":\"https:\/\/www.pressenza.com\/wp-content\/uploads\/2020\/07\/eau-Etat-270720-RayMark-Pixabay.jpg\",\"keywords\":[\"agua\",\"direito \u00e0 agua\",\"ONU\",\"saneamento\"],\"articleSection\":[\"Conte\u00fado Original\",\"Direitos Humanos\",\"Internacional\",\"Opini\u00e3o\"],\"inLanguage\":\"pt-PT\"},{\"@type\":\"WebPage\",\"@id\":\"https:\/\/www.pressenza.com\/pt-pt\/2020\/07\/agua-e-necessario-voltar-a-estatiza-la\/\",\"url\":\"https:\/\/www.pressenza.com\/pt-pt\/2020\/07\/agua-e-necessario-voltar-a-estatiza-la\/\",\"name\":\"\u00c1gua: \u00e9 necess\u00e1rio voltar a estatiza-la\",\"isPartOf\":{\"@id\":\"https:\/\/www.pressenza.com\/pt-pt\/#website\"},\"primaryImageOfPage\":{\"@id\":\"https:\/\/www.pressenza.com\/pt-pt\/2020\/07\/agua-e-necessario-voltar-a-estatiza-la\/#primaryimage\"},\"image\":{\"@id\":\"https:\/\/www.pressenza.com\/pt-pt\/2020\/07\/agua-e-necessario-voltar-a-estatiza-la\/#primaryimage\"},\"thumbnailUrl\":\"https:\/\/www.pressenza.com\/wp-content\/uploads\/2020\/07\/eau-Etat-270720-RayMark-Pixabay.jpg\",\"datePublished\":\"2020-07-28T01:52:48+00:00\",\"dateModified\":\"2020-07-28T07:59:36+00:00\",\"description\":\"Este 28 de Julho \\\"celebramos\\\" o 10\u00ba anivers\u00e1rio da resolu\u00e7\u00e3o da ONU que reconhece o direito humano (universal, indivis\u00edvel e imprescind\u00edvel) \u00e0 \u00e1gua\",\"breadcrumb\":{\"@id\":\"https:\/\/www.pressenza.com\/pt-pt\/2020\/07\/agua-e-necessario-voltar-a-estatiza-la\/#breadcrumb\"},\"inLanguage\":\"pt-PT\",\"potentialAction\":[{\"@type\":\"ReadAction\",\"target\":[\"https:\/\/www.pressenza.com\/pt-pt\/2020\/07\/agua-e-necessario-voltar-a-estatiza-la\/\"]}]},{\"@type\":\"ImageObject\",\"inLanguage\":\"pt-PT\",\"@id\":\"https:\/\/www.pressenza.com\/pt-pt\/2020\/07\/agua-e-necessario-voltar-a-estatiza-la\/#primaryimage\",\"url\":\"https:\/\/www.pressenza.com\/wp-content\/uploads\/2020\/07\/eau-Etat-270720-RayMark-Pixabay.jpg\",\"contentUrl\":\"https:\/\/www.pressenza.com\/wp-content\/uploads\/2020\/07\/eau-Etat-270720-RayMark-Pixabay.jpg\",\"width\":750,\"height\":415,\"caption\":\"L\u2019eau, il faut republiciser l\u2019Etat\"},{\"@type\":\"BreadcrumbList\",\"@id\":\"https:\/\/www.pressenza.com\/pt-pt\/2020\/07\/agua-e-necessario-voltar-a-estatiza-la\/#breadcrumb\",\"itemListElement\":[{\"@type\":\"ListItem\",\"position\":1,\"name\":\"Accueil\",\"item\":\"https:\/\/www.pressenza.com\/pt-pt\/\"},{\"@type\":\"ListItem\",\"position\":2,\"name\":\"\u00c1gua: \u00e9 necess\u00e1rio voltar a estatiza-la\"}]},{\"@type\":\"WebSite\",\"@id\":\"https:\/\/www.pressenza.com\/pt-pt\/#website\",\"url\":\"https:\/\/www.pressenza.com\/pt-pt\/\",\"name\":\"Pressenza\",\"description\":\"International Press Agency\",\"publisher\":{\"@id\":\"https:\/\/www.pressenza.com\/pt-pt\/#organization\"},\"potentialAction\":[{\"@type\":\"SearchAction\",\"target\":{\"@type\":\"EntryPoint\",\"urlTemplate\":\"https:\/\/www.pressenza.com\/pt-pt\/?s={search_term_string}\"},\"query-input\":{\"@type\":\"PropertyValueSpecification\",\"valueRequired\":true,\"valueName\":\"search_term_string\"}}],\"inLanguage\":\"pt-PT\"},{\"@type\":\"Organization\",\"@id\":\"https:\/\/www.pressenza.com\/pt-pt\/#organization\",\"name\":\"Pressenza\",\"url\":\"https:\/\/www.pressenza.com\/pt-pt\/\",\"logo\":{\"@type\":\"ImageObject\",\"inLanguage\":\"pt-PT\",\"@id\":\"https:\/\/www.pressenza.com\/pt-pt\/#\/schema\/logo\/image\/\",\"url\":\"https:\/\/www.pressenza.com\/wp-content\/uploads\/2022\/10\/pressenza_logo_200x200.jpg\",\"contentUrl\":\"https:\/\/www.pressenza.com\/wp-content\/uploads\/2022\/10\/pressenza_logo_200x200.jpg\",\"width\":200,\"height\":200,\"caption\":\"Pressenza\"},\"image\":{\"@id\":\"https:\/\/www.pressenza.com\/pt-pt\/#\/schema\/logo\/image\/\"},\"sameAs\":[\"https:\/\/www.facebook.com\/PressenzaItalia\",\"https:\/\/x.com\/PressenzaIPA\"]},{\"@type\":\"Person\",\"@id\":\"https:\/\/www.pressenza.com\/pt-pt\/#\/schema\/person\/16ea2ff52e7bdf783c1b5242860fab9e\",\"name\":\"Riccardo Petrella\",\"description\":\"Doctor of Political and Social Sciences, honorary degree from eight universities: in Sweden, Denmark, Belgium (x2), Canada, France (x2), Argentina. Professor emeritus of the Catholic University of Louvain (Belgium); President of the Institut Europeen de Recherche sur la Politique de l'Eau (IERPE) in Brussels (www.ierpe.eu); President of the \\\"University of the Common Good\\\" (UBC), a non-profit association active in Antwerp (Belgium) and Sezano (VR-Italy) From 1978 to 1994 he headed the department FAST, Forecasting and Assessment in Science and Technology at the Commission of the European Communities in Brussels and in 2005-2006 he was President of the Apulian Aqueduct. He is the author of numerous books on economics and common goods.\",\"url\":\"https:\/\/www.pressenza.com\/pt-pt\/author\/riccardo-petrella\/\"}]}<\/script>\n<!-- \/ Yoast SEO plugin. -->","yoast_head_json":{"title":"\u00c1gua: \u00e9 necess\u00e1rio voltar a estatiza-la","description":"Este 28 de Julho \"celebramos\" o 10\u00ba anivers\u00e1rio da resolu\u00e7\u00e3o da ONU que reconhece o direito humano (universal, indivis\u00edvel e imprescind\u00edvel) \u00e0 \u00e1gua","robots":{"index":"index","follow":"follow","max-snippet":"max-snippet:-1","max-image-preview":"max-image-preview:large","max-video-preview":"max-video-preview:-1"},"canonical":"https:\/\/www.pressenza.com\/pt-pt\/2020\/07\/agua-e-necessario-voltar-a-estatiza-la\/","og_locale":"pt_PT","og_type":"article","og_title":"\u00c1gua: \u00e9 necess\u00e1rio voltar a estatiza-la","og_description":"Este 28 de Julho \"celebramos\" o 10\u00ba anivers\u00e1rio da resolu\u00e7\u00e3o da ONU que reconhece o direito humano (universal, indivis\u00edvel e imprescind\u00edvel) \u00e0 \u00e1gua","og_url":"https:\/\/www.pressenza.com\/pt-pt\/2020\/07\/agua-e-necessario-voltar-a-estatiza-la\/","og_site_name":"Pressenza","article_publisher":"https:\/\/www.facebook.com\/PressenzaItalia","article_published_time":"2020-07-28T01:52:48+00:00","article_modified_time":"2020-07-28T07:59:36+00:00","og_image":[{"width":750,"height":415,"url":"https:\/\/www.pressenza.com\/wp-content\/uploads\/2020\/07\/eau-Etat-270720-RayMark-Pixabay.jpg","type":"image\/jpeg"}],"author":"Riccardo Petrella","twitter_card":"summary_large_image","twitter_creator":"@PressenzaIPA","twitter_site":"@PressenzaIPA","twitter_misc":{"Escrito por":"Riccardo Petrella","Tempo estimado de leitura":"11 minutos"},"schema":{"@context":"https:\/\/schema.org","@graph":[{"@type":"Article","@id":"https:\/\/www.pressenza.com\/pt-pt\/2020\/07\/agua-e-necessario-voltar-a-estatiza-la\/#article","isPartOf":{"@id":"https:\/\/www.pressenza.com\/pt-pt\/2020\/07\/agua-e-necessario-voltar-a-estatiza-la\/"},"author":{"name":"Riccardo Petrella","@id":"https:\/\/www.pressenza.com\/pt-pt\/#\/schema\/person\/16ea2ff52e7bdf783c1b5242860fab9e"},"headline":"\u00c1gua: \u00e9 necess\u00e1rio voltar a estatiza-la","datePublished":"2020-07-28T01:52:48+00:00","dateModified":"2020-07-28T07:59:36+00:00","mainEntityOfPage":{"@id":"https:\/\/www.pressenza.com\/pt-pt\/2020\/07\/agua-e-necessario-voltar-a-estatiza-la\/"},"wordCount":2284,"publisher":{"@id":"https:\/\/www.pressenza.com\/pt-pt\/#organization"},"image":{"@id":"https:\/\/www.pressenza.com\/pt-pt\/2020\/07\/agua-e-necessario-voltar-a-estatiza-la\/#primaryimage"},"thumbnailUrl":"https:\/\/www.pressenza.com\/wp-content\/uploads\/2020\/07\/eau-Etat-270720-RayMark-Pixabay.jpg","keywords":["agua","direito \u00e0 agua","ONU","saneamento"],"articleSection":["Conte\u00fado Original","Direitos Humanos","Internacional","Opini\u00e3o"],"inLanguage":"pt-PT"},{"@type":"WebPage","@id":"https:\/\/www.pressenza.com\/pt-pt\/2020\/07\/agua-e-necessario-voltar-a-estatiza-la\/","url":"https:\/\/www.pressenza.com\/pt-pt\/2020\/07\/agua-e-necessario-voltar-a-estatiza-la\/","name":"\u00c1gua: \u00e9 necess\u00e1rio voltar a estatiza-la","isPartOf":{"@id":"https:\/\/www.pressenza.com\/pt-pt\/#website"},"primaryImageOfPage":{"@id":"https:\/\/www.pressenza.com\/pt-pt\/2020\/07\/agua-e-necessario-voltar-a-estatiza-la\/#primaryimage"},"image":{"@id":"https:\/\/www.pressenza.com\/pt-pt\/2020\/07\/agua-e-necessario-voltar-a-estatiza-la\/#primaryimage"},"thumbnailUrl":"https:\/\/www.pressenza.com\/wp-content\/uploads\/2020\/07\/eau-Etat-270720-RayMark-Pixabay.jpg","datePublished":"2020-07-28T01:52:48+00:00","dateModified":"2020-07-28T07:59:36+00:00","description":"Este 28 de Julho \"celebramos\" o 10\u00ba anivers\u00e1rio da resolu\u00e7\u00e3o da ONU que reconhece o direito humano (universal, indivis\u00edvel e imprescind\u00edvel) \u00e0 \u00e1gua","breadcrumb":{"@id":"https:\/\/www.pressenza.com\/pt-pt\/2020\/07\/agua-e-necessario-voltar-a-estatiza-la\/#breadcrumb"},"inLanguage":"pt-PT","potentialAction":[{"@type":"ReadAction","target":["https:\/\/www.pressenza.com\/pt-pt\/2020\/07\/agua-e-necessario-voltar-a-estatiza-la\/"]}]},{"@type":"ImageObject","inLanguage":"pt-PT","@id":"https:\/\/www.pressenza.com\/pt-pt\/2020\/07\/agua-e-necessario-voltar-a-estatiza-la\/#primaryimage","url":"https:\/\/www.pressenza.com\/wp-content\/uploads\/2020\/07\/eau-Etat-270720-RayMark-Pixabay.jpg","contentUrl":"https:\/\/www.pressenza.com\/wp-content\/uploads\/2020\/07\/eau-Etat-270720-RayMark-Pixabay.jpg","width":750,"height":415,"caption":"L\u2019eau, il faut republiciser l\u2019Etat"},{"@type":"BreadcrumbList","@id":"https:\/\/www.pressenza.com\/pt-pt\/2020\/07\/agua-e-necessario-voltar-a-estatiza-la\/#breadcrumb","itemListElement":[{"@type":"ListItem","position":1,"name":"Accueil","item":"https:\/\/www.pressenza.com\/pt-pt\/"},{"@type":"ListItem","position":2,"name":"\u00c1gua: \u00e9 necess\u00e1rio voltar a estatiza-la"}]},{"@type":"WebSite","@id":"https:\/\/www.pressenza.com\/pt-pt\/#website","url":"https:\/\/www.pressenza.com\/pt-pt\/","name":"Pressenza","description":"International Press Agency","publisher":{"@id":"https:\/\/www.pressenza.com\/pt-pt\/#organization"},"potentialAction":[{"@type":"SearchAction","target":{"@type":"EntryPoint","urlTemplate":"https:\/\/www.pressenza.com\/pt-pt\/?s={search_term_string}"},"query-input":{"@type":"PropertyValueSpecification","valueRequired":true,"valueName":"search_term_string"}}],"inLanguage":"pt-PT"},{"@type":"Organization","@id":"https:\/\/www.pressenza.com\/pt-pt\/#organization","name":"Pressenza","url":"https:\/\/www.pressenza.com\/pt-pt\/","logo":{"@type":"ImageObject","inLanguage":"pt-PT","@id":"https:\/\/www.pressenza.com\/pt-pt\/#\/schema\/logo\/image\/","url":"https:\/\/www.pressenza.com\/wp-content\/uploads\/2022\/10\/pressenza_logo_200x200.jpg","contentUrl":"https:\/\/www.pressenza.com\/wp-content\/uploads\/2022\/10\/pressenza_logo_200x200.jpg","width":200,"height":200,"caption":"Pressenza"},"image":{"@id":"https:\/\/www.pressenza.com\/pt-pt\/#\/schema\/logo\/image\/"},"sameAs":["https:\/\/www.facebook.com\/PressenzaItalia","https:\/\/x.com\/PressenzaIPA"]},{"@type":"Person","@id":"https:\/\/www.pressenza.com\/pt-pt\/#\/schema\/person\/16ea2ff52e7bdf783c1b5242860fab9e","name":"Riccardo Petrella","description":"Doctor of Political and Social Sciences, honorary degree from eight universities: in Sweden, Denmark, Belgium (x2), Canada, France (x2), Argentina. Professor emeritus of the Catholic University of Louvain (Belgium); President of the Institut Europeen de Recherche sur la Politique de l'Eau (IERPE) in Brussels (www.ierpe.eu); President of the \"University of the Common Good\" (UBC), a non-profit association active in Antwerp (Belgium) and Sezano (VR-Italy) From 1978 to 1994 he headed the department FAST, Forecasting and Assessment in Science and Technology at the Commission of the European Communities in Brussels and in 2005-2006 he was President of the Apulian Aqueduct. He is the author of numerous books on economics and common goods.","url":"https:\/\/www.pressenza.com\/pt-pt\/author\/riccardo-petrella\/"}]}},"place":"","original_article_url":"","_links":{"self":[{"href":"https:\/\/www.pressenza.com\/pt-pt\/wp-json\/wp\/v2\/posts\/1167784","targetHints":{"allow":["GET"]}}],"collection":[{"href":"https:\/\/www.pressenza.com\/pt-pt\/wp-json\/wp\/v2\/posts"}],"about":[{"href":"https:\/\/www.pressenza.com\/pt-pt\/wp-json\/wp\/v2\/types\/post"}],"author":[{"embeddable":true,"href":"https:\/\/www.pressenza.com\/pt-pt\/wp-json\/wp\/v2\/users\/1266"}],"replies":[{"embeddable":true,"href":"https:\/\/www.pressenza.com\/pt-pt\/wp-json\/wp\/v2\/comments?post=1167784"}],"version-history":[{"count":0,"href":"https:\/\/www.pressenza.com\/pt-pt\/wp-json\/wp\/v2\/posts\/1167784\/revisions"}],"wp:featuredmedia":[{"embeddable":true,"href":"https:\/\/www.pressenza.com\/pt-pt\/wp-json\/wp\/v2\/media\/1167706"}],"wp:attachment":[{"href":"https:\/\/www.pressenza.com\/pt-pt\/wp-json\/wp\/v2\/media?parent=1167784"}],"wp:term":[{"taxonomy":"category","embeddable":true,"href":"https:\/\/www.pressenza.com\/pt-pt\/wp-json\/wp\/v2\/categories?post=1167784"},{"taxonomy":"post_tag","embeddable":true,"href":"https:\/\/www.pressenza.com\/pt-pt\/wp-json\/wp\/v2\/tags?post=1167784"}],"curies":[{"name":"wp","href":"https:\/\/api.w.org\/{rel}","templated":true}]}}