{"id":1153511,"date":"2020-07-06T18:40:54","date_gmt":"2020-07-06T17:40:54","guid":{"rendered":"https:\/\/www.pressenza.com\/?p=1153511"},"modified":"2020-07-06T18:43:01","modified_gmt":"2020-07-06T17:43:01","slug":"governo-brasileiro-na-contramao-do-direito-constitucional-ambiental","status":"publish","type":"post","link":"https:\/\/www.pressenza.com\/pt-pt\/2020\/07\/governo-brasileiro-na-contramao-do-direito-constitucional-ambiental\/","title":{"rendered":"Governo brasileiro na contram\u00e3o do Direito Constitucional Ambiental"},"content":{"rendered":"<p>Para falarmos de Meio Ambiente, obrigatoriamente devemos iniciar citando os Direitos Humanos, pois, estes est\u00e3o ligados ao valor da pessoa e \u00e0 sua dignidade. Estando elencados na Constitui\u00e7\u00e3o Federal de 1988, no cap\u00edtulo dos Direitos Fundamentais, possuem a mesma finalidade que os direitos humanos. A diferen\u00e7a se d\u00e1 no plano em que s\u00e3o institu\u00eddos.<\/p>\n<p>A sociedade exige de seus governantes o respeito pelos seus direitos fundamentais, incluindo a\u00ed o direito de ter uma vida digna com meio ambiente saud\u00e1vel. Neste ponto citamos o artigo 225 da Constitui\u00e7\u00e3o Federal de 1988:<\/p>\n<p style=\"padding-left: 40px;\"><em>Art. 225, CF\/88 \u2013 \u201cTodos t\u00eam direito ao meio ambiente ecologicamente equilibrado, bem de uso comum do povo e essencial \u00e0 sadia qualidade de vida, impondo-se ao Poder P\u00fablico e \u00e0 coletividade o dever de defend\u00ea-lo e preserv\u00e1-lo para as presentes e futuras gera\u00e7\u00f5es\u201d.<\/em><\/p>\n<p>O dever de preserva\u00e7\u00e3o cabe ao Estado e \u00e0 coletividade, uma vez que o meio ambiente n\u00e3o \u00e9 um bem privado ou p\u00fablico, mas bem de uso comum do povo.<\/p>\n<p>Grupos da sociedade civil organizados, deveriam ter a liberdade de exercer sua fun\u00e7\u00e3o mantendo ativa participa\u00e7\u00e3o nas tomadas de decis\u00f5es que venham ferir os direitos fundamentais de sua comunidade.<\/p>\n<p>Mas, ambientalistas sofrem insultos quando se pronunciam contr\u00e1rios \u00e0s propostas de governo que ferem o meio ambiente, como a proposta encaminhada ao Congresso a fim de regulamentar o artigo 231 da Constitui\u00e7\u00e3o e criar &#8220;condi\u00e7\u00f5es espec\u00edficas para a pesquisa e lavra de recursos minerais, inclusive a lavra garimpeira e petr\u00f3leo e g\u00e1s, e gera\u00e7\u00e3o de energia hidrel\u00e9trica em terras ind\u00edgenas&#8221;.<\/p>\n<p>O presidente Jair Messias Bolsonaro (sem partido), quando questionado sobre o posicionamento de ONGs e grupos ambientalistas que se manifestaram contr\u00e1rios, disse que, &#8220;se pudesse&#8221;, &#8220;confinaria&#8221; os ambientalistas na Amaz\u00f4nia, j\u00e1 que &#8220;eles gostam tanto de meio ambiente&#8221;.<\/p>\n<p>\u00c9 importante ressaltar a Declara\u00e7\u00e3o Universal dos Direitos Humanos (art. 3\u00ba), quando diz que todo indiv\u00edduo tem direito \u201c\u00e0 vida\u201d, inclu\u00eddo est\u00e1 o meio ambiente equilibrado, pois esta, \u00e9 uma das condi\u00e7\u00f5es essenciais \u00e0 exist\u00eancia da vida em toda a sua plenitude e dignidade humana.<\/p>\n<p>Mas, a tr\u00e1gica realidade do Brasil, demonstra total desrespeito pelo meio ambiente, pela vida, pelos direitos humanos e por sua pr\u00f3pria Constitui\u00e7\u00e3o Federal. Permitindo os licenciamentos facilitados, o Brasil, foi palco de trag\u00e9dias ambientais como em Mariana e Brumadinho (MG), com o rompimento das barragens de min\u00e9rio, como consequ\u00eancia significativa destrui\u00e7\u00e3o de ecossistemas.<\/p>\n<p>Tivemos ainda, registros de derramamento de \u00f3leo no litoral do pa\u00eds, as queimadas marcantes na Amaz\u00f4nia, al\u00e9m das v\u00e1rias ocorr\u00eancias pela aus\u00eancia de fiscaliza\u00e7\u00e3o, monitoramento e leis ambientais r\u00edgidas.<\/p>\n<div id=\"attachment_1153534\" class=\"wp-caption alignnone\"><img loading=\"lazy\" decoding=\"async\" aria-describedby=\"caption-attachment-1153534\" class=\"wp-image-1153534 size-full\" src=\"https:\/\/www.pressenza.com\/wp-content\/uploads\/2020\/07\/Terra-Indi\u0301gena-Pirititi-Roraima-Ibama.jpg\" alt=\"\" width=\"799\" height=\"533\" srcset=\"https:\/\/www.pressenza.com\/wp-content\/uploads\/2020\/07\/Terra-Indi\u0301gena-Pirititi-Roraima-Ibama.jpg 799w, https:\/\/www.pressenza.com\/wp-content\/uploads\/2020\/07\/Terra-Indi\u0301gena-Pirititi-Roraima-Ibama-300x200.jpg 300w, https:\/\/www.pressenza.com\/wp-content\/uploads\/2020\/07\/Terra-Indi\u0301gena-Pirititi-Roraima-Ibama-720x480.jpg 720w, https:\/\/www.pressenza.com\/wp-content\/uploads\/2020\/07\/Terra-Indi\u0301gena-Pirititi-Roraima-Ibama-768x512.jpg 768w\" sizes=\"auto, (max-width: 799px) 100vw, 799px\" \/><p id=\"caption-attachment-1153534\" class=\"wp-caption-text\">Terra Indi\u0301gena Pirititi, Roraima. Foto Ibama<\/p><\/div>\n<p>A participa\u00e7\u00e3o prom\u00edscua do atual governo \u00e9 no m\u00ednimo revoltante, tendo o Presidente da Rep\u00fablica Jair Messias Bolsonaro (sem partido), o pilar principal que, literalmente desmonta a sua Constitui\u00e7\u00e3o Federal, tamb\u00e9m conhecida como (<a href=\"https:\/\/www2.senado.leg.br\/bdsf\/bitstream\/handle\/id\/139952\/Constituicoes_Brasileiras_v7_1988.pdf?sequence=10&amp;isAllowed=y\" target=\"_blank\" rel=\"noopener noreferrer\">Carta Magna 1988<\/a>).<\/p>\n<p>A consequ\u00eancia deste desmonte, afeta bruscamente a preserva\u00e7\u00e3o ambiental, a atua\u00e7\u00e3o de ambientalistas, e a imagem do pa\u00eds, afinal, em 2019, o pa\u00eds deixou de ser retratado pela imprensa internacional como uma das lideran\u00e7as no combate ao aquecimento global para, aos poucos, ser visto como na\u00e7\u00e3o que amea\u00e7a os esfor\u00e7os globais de preserva\u00e7\u00e3o do ecossistema.<\/p>\n<p>Dentre as v\u00e1rias viola\u00e7\u00f5es ao Meio Ambiente feitas pelo atual governo, podemos citar:<\/p>\n<ul>\n<li>A desestrutura\u00e7\u00e3o do Instituto Brasileiro do Meio Ambiente e dos Recursos Naturais Renov\u00e1veis (Ibama) e do Instituto Chico Mendes de Conserva\u00e7\u00e3o da Biodiversidade (ICMbio), com perdas de autonomia de t\u00e9cnicos e de seguran\u00e7a em campo a fiscais ambientais;<\/li>\n<li>A transfer\u00eancia do <a href=\"http:\/\/www.florestal.gov.br\/component\/content\/article?id=1634&amp;Itemid=0\" target=\"_blank\" rel=\"noopener noreferrer\">Servi\u00e7o Florestal Brasileiro<\/a> do Minist\u00e9rio do Meio Ambiente para o Minist\u00e9rio da Agricultura;<\/li>\n<li>A flexibiliza\u00e7\u00e3o e redu\u00e7\u00e3o das multas por crimes ambientais, e institucionaliza\u00e7\u00e3o desta pr\u00e1tica por meio do projeto de cria\u00e7\u00e3o do &#8220;<a href=\"https:\/\/www.mma.gov.br\/informma\/item\/15569-portaria-institui-o-n%C3%BAcleo-de-concilia%C3%A7%C3%A3o-ambiental.html\" target=\"_blank\" rel=\"noopener noreferrer\">N\u00facleo de Concilia\u00e7\u00e3o<\/a>&#8220;, que poder\u00e1 mudar o valor ou at\u00e9 mesmo anular multas por crimes ambientais;<\/li>\n<li>A contesta\u00e7\u00e3o dos dados oficiais de desmatamento do sistema Deter, do Instituto Nacional de Pesquisas Espaciais (Inpe), criado pelo governo em 2004 e que possibilita o \u00e1gil diagn\u00f3stico de \u00e1reas desmatadas. Al\u00e9m da demiss\u00e3o do diretor do Instituto ao ser confrontado tecnicamente;<\/li>\n<li>A interrup\u00e7\u00e3o do bilion\u00e1rio <a href=\"https:\/\/amazonia.org.br\/2020\/06\/mourao-diz-que-recursos-do-fundo-amazonia-serao-liberados-em-ate-tres-meses\/\" target=\"_blank\" rel=\"noopener noreferrer\">Fundo Amaz\u00f4nia<\/a>, que financiava mais de uma centena de projetos de prote\u00e7\u00e3o da Amaz\u00f4nia e seus povos e que teve os recursos suspensos pelas fontes doadoras (Noruega e Alemanha) devido ao aumento do desmatamento e \u00e0 extin\u00e7\u00e3o de Conselhos que faziam a gest\u00e3o dos recursos;<\/li>\n<li>As propostas para redu\u00e7\u00e3o de terras ind\u00edgenas e \u00e1reas remanescentes de quilombos;<\/li>\n<li>A libera\u00e7\u00e3o excessiva de agrot\u00f3xicos, alguns inclusive proibidos em outros lugares do mundo;<\/li>\n<li>A pr\u00f3pria escolha de um ministro do Meio Ambiente, Ricardo Salles que, al\u00e9m de j\u00e1 ter sido condenado por crime ambiental no Estado de S\u00e3o Paulo, defende os interesses do agroneg\u00f3cio em detrimento dos ambientais;<\/li>\n<li>A fragiliza\u00e7\u00e3o da reforma agr\u00e1ria e da agricultura familiar;<\/li>\n<li>A privatiza\u00e7\u00e3o do setor de saneamento, algo que j\u00e1 apresentou resultados negativos onde foi implantado, e indo de encontro ao atual movimento de grandes cidades mundiais, que est\u00e3o reestatizando o setor.<\/li>\n<\/ul>\n<div id=\"attachment_1153524\" class=\"wp-caption alignnone\"><img loading=\"lazy\" decoding=\"async\" aria-describedby=\"caption-attachment-1153524\" class=\"wp-image-1153524 size-full\" src=\"https:\/\/www.pressenza.com\/wp-content\/uploads\/2020\/07\/incendio-de-terras-Mato-Grosso-do-Sul-Agencia-Brasil.jpg\" alt=\"\" width=\"800\" height=\"479\" srcset=\"https:\/\/www.pressenza.com\/wp-content\/uploads\/2020\/07\/incendio-de-terras-Mato-Grosso-do-Sul-Agencia-Brasil.jpg 800w, https:\/\/www.pressenza.com\/wp-content\/uploads\/2020\/07\/incendio-de-terras-Mato-Grosso-do-Sul-Agencia-Brasil-300x180.jpg 300w, https:\/\/www.pressenza.com\/wp-content\/uploads\/2020\/07\/incendio-de-terras-Mato-Grosso-do-Sul-Agencia-Brasil-720x431.jpg 720w, https:\/\/www.pressenza.com\/wp-content\/uploads\/2020\/07\/incendio-de-terras-Mato-Grosso-do-Sul-Agencia-Brasil-768x460.jpg 768w\" sizes=\"auto, (max-width: 800px) 100vw, 800px\" \/><p id=\"caption-attachment-1153524\" class=\"wp-caption-text\">Incendios florestais entre Miranda e Corumb\u00e1 BR 262 e MS 184. Foto Ag\u00eancia Brasil<\/p><\/div>\n<p>Os grupos sociais enfrentam a luta pelo Meio Ambiente, tendo como principal ponto dificultador o atual governo, que conforme citamos, desmonta todo o direito constitucional ambiental e retrocede, todos os avan\u00e7os para um pa\u00eds justo e de qualidade ambiental para \u00e0 vida s\u00e3o gradativamente desmantelados.<\/p>\n<p>Temos v\u00e1rios pontos conceituais e jur\u00eddicos que garantem a efetividade de a\u00e7\u00f5es sob aspectos sociais de direito, na garantia de prote\u00e7\u00e3o, na garantia de pr\u00e1ticas governamentais e principalmente de participa\u00e7\u00e3o da sociedade.<\/p>\n<p>Os fundamentos constitucionais de prote\u00e7\u00e3o ao meio ambiente clamam por efetiva\u00e7\u00e3o, principalmente diante o desmantelamento em prol de escusos interesses pol\u00edticos e econ\u00f4micos.<\/p>\n<p>Marcos regulat\u00f3rios de prote\u00e7\u00e3o ao equil\u00edbrio do meio ambiente, representado pelo Direito Constitucional Ambiental, est\u00e1 diretamente ligado \u00e0 sadia qualidade de vida de &#8220;todos&#8221; devendo ser respeitado de forma priorit\u00e1ria.<\/p>\n","protected":false},"excerpt":{"rendered":"<p>Para falarmos de Meio Ambiente, obrigatoriamente devemos iniciar citando os Direitos Humanos, pois, estes est\u00e3o ligados ao valor da pessoa e \u00e0 sua dignidade. Estando elencados na Constitui\u00e7\u00e3o Federal de 1988, no cap\u00edtulo dos Direitos Fundamentais, possuem a mesma finalidade&hellip;<\/p>\n","protected":false},"author":1879,"featured_media":1153544,"comment_status":"closed","ping_status":"closed","sticky":false,"template":"","format":"standard","meta":{"footnotes":""},"categories":[104,11390,115],"tags":[52115,2744,52924,5144,78314,78315,78317,78316,6003,68917],"class_list":["post-1153511","post","type-post","status-publish","format-standard","has-post-thumbnail","hentry","category-america-do-sul","category-conteudo-original","category-ecologia-e-meio-ambiente","tag-bolsonaro-pt-pt-2","tag-brasil","tag-chico-mendes","tag-constituicao","tag-direito-ambiental","tag-ecologia-pt-pt","tag-ibama-pt-pt","tag-icmbio","tag-meio-ambiente","tag-salles"],"yoast_head":"<!-- This site is optimized with the Yoast SEO plugin v27.1.1 - https:\/\/yoast.com\/product\/yoast-seo-wordpress\/ -->\n<title>Governo brasileiro na contram\u00e3o do Direito Constitucional Ambiental<\/title>\n<meta name=\"description\" content=\"Para falarmos de Meio Ambiente, obrigatoriamente devemos iniciar citando os Direitos Humanos, pois, estes est\u00e3o ligados ao valor da pessoa e \u00e0 sua\" \/>\n<meta name=\"robots\" content=\"index, follow, max-snippet:-1, max-image-preview:large, max-video-preview:-1\" \/>\n<link rel=\"canonical\" href=\"https:\/\/www.pressenza.com\/pt-pt\/2020\/07\/governo-brasileiro-na-contramao-do-direito-constitucional-ambiental\/\" \/>\n<meta property=\"og:locale\" content=\"pt_PT\" \/>\n<meta property=\"og:type\" content=\"article\" \/>\n<meta property=\"og:title\" content=\"Governo brasileiro na contram\u00e3o do Direito Constitucional Ambiental\" \/>\n<meta property=\"og:description\" content=\"Para falarmos de Meio Ambiente, obrigatoriamente devemos iniciar citando os Direitos Humanos, pois, estes est\u00e3o ligados ao valor da pessoa e \u00e0 sua\" \/>\n<meta property=\"og:url\" content=\"https:\/\/www.pressenza.com\/pt-pt\/2020\/07\/governo-brasileiro-na-contramao-do-direito-constitucional-ambiental\/\" \/>\n<meta property=\"og:site_name\" content=\"Pressenza\" \/>\n<meta property=\"article:publisher\" content=\"https:\/\/www.facebook.com\/PressenzaItalia\" \/>\n<meta property=\"article:published_time\" content=\"2020-07-06T17:40:54+00:00\" \/>\n<meta property=\"article:modified_time\" content=\"2020-07-06T17:43:01+00:00\" \/>\n<meta property=\"og:image\" content=\"https:\/\/www.pressenza.com\/wp-content\/uploads\/2020\/07\/Terra-Indi\u0301gena-Porquinhos-Maranha\u0303o-Ibama.jpg\" \/>\n\t<meta property=\"og:image:width\" content=\"799\" \/>\n\t<meta property=\"og:image:height\" content=\"534\" \/>\n\t<meta property=\"og:image:type\" content=\"image\/jpeg\" \/>\n<meta name=\"author\" content=\"Fernanda Perdig\u00e3o\" \/>\n<meta name=\"twitter:card\" content=\"summary_large_image\" \/>\n<meta name=\"twitter:creator\" content=\"@PressenzaIPA\" \/>\n<meta name=\"twitter:site\" content=\"@PressenzaIPA\" \/>\n<meta name=\"twitter:label1\" content=\"Escrito por\" \/>\n\t<meta name=\"twitter:data1\" content=\"Fernanda Perdig\u00e3o\" \/>\n\t<meta name=\"twitter:label2\" content=\"Tempo estimado de leitura\" \/>\n\t<meta name=\"twitter:data2\" content=\"5 minutos\" \/>\n<script type=\"application\/ld+json\" class=\"yoast-schema-graph\">{\"@context\":\"https:\/\/schema.org\",\"@graph\":[{\"@type\":\"Article\",\"@id\":\"https:\/\/www.pressenza.com\/pt-pt\/2020\/07\/governo-brasileiro-na-contramao-do-direito-constitucional-ambiental\/#article\",\"isPartOf\":{\"@id\":\"https:\/\/www.pressenza.com\/pt-pt\/2020\/07\/governo-brasileiro-na-contramao-do-direito-constitucional-ambiental\/\"},\"author\":{\"name\":\"Fernanda Perdig\u00e3o\",\"@id\":\"https:\/\/www.pressenza.com\/pt-pt\/#\/schema\/person\/cd5d88212bb634ae311a38bf6a88e91b\"},\"headline\":\"Governo brasileiro na contram\u00e3o do Direito Constitucional Ambiental\",\"datePublished\":\"2020-07-06T17:40:54+00:00\",\"dateModified\":\"2020-07-06T17:43:01+00:00\",\"mainEntityOfPage\":{\"@id\":\"https:\/\/www.pressenza.com\/pt-pt\/2020\/07\/governo-brasileiro-na-contramao-do-direito-constitucional-ambiental\/\"},\"wordCount\":1077,\"publisher\":{\"@id\":\"https:\/\/www.pressenza.com\/pt-pt\/#organization\"},\"image\":{\"@id\":\"https:\/\/www.pressenza.com\/pt-pt\/2020\/07\/governo-brasileiro-na-contramao-do-direito-constitucional-ambiental\/#primaryimage\"},\"thumbnailUrl\":\"https:\/\/www.pressenza.com\/wp-content\/uploads\/2020\/07\/Terra-Indi\u0301gena-Porquinhos-Maranha\u0303o-Ibama.jpg\",\"keywords\":[\"Bolsonaro\",\"Brasil\",\"Chico Mendes\",\"constitui\u00e7\u00e3o\",\"direito ambiental\",\"ecologia\",\"IBAMA\",\"ICMbio\",\"meio ambiente\",\"Salles\"],\"articleSection\":[\"\u00c1m\u00e9rica do Sul\",\"Conte\u00fado Original\",\"Ecologia e Meio Ambiente\"],\"inLanguage\":\"pt-PT\"},{\"@type\":\"WebPage\",\"@id\":\"https:\/\/www.pressenza.com\/pt-pt\/2020\/07\/governo-brasileiro-na-contramao-do-direito-constitucional-ambiental\/\",\"url\":\"https:\/\/www.pressenza.com\/pt-pt\/2020\/07\/governo-brasileiro-na-contramao-do-direito-constitucional-ambiental\/\",\"name\":\"Governo brasileiro na contram\u00e3o do Direito Constitucional Ambiental\",\"isPartOf\":{\"@id\":\"https:\/\/www.pressenza.com\/pt-pt\/#website\"},\"primaryImageOfPage\":{\"@id\":\"https:\/\/www.pressenza.com\/pt-pt\/2020\/07\/governo-brasileiro-na-contramao-do-direito-constitucional-ambiental\/#primaryimage\"},\"image\":{\"@id\":\"https:\/\/www.pressenza.com\/pt-pt\/2020\/07\/governo-brasileiro-na-contramao-do-direito-constitucional-ambiental\/#primaryimage\"},\"thumbnailUrl\":\"https:\/\/www.pressenza.com\/wp-content\/uploads\/2020\/07\/Terra-Indi\u0301gena-Porquinhos-Maranha\u0303o-Ibama.jpg\",\"datePublished\":\"2020-07-06T17:40:54+00:00\",\"dateModified\":\"2020-07-06T17:43:01+00:00\",\"description\":\"Para falarmos de Meio Ambiente, obrigatoriamente devemos iniciar citando os Direitos Humanos, pois, estes est\u00e3o ligados ao valor da pessoa e \u00e0 sua\",\"breadcrumb\":{\"@id\":\"https:\/\/www.pressenza.com\/pt-pt\/2020\/07\/governo-brasileiro-na-contramao-do-direito-constitucional-ambiental\/#breadcrumb\"},\"inLanguage\":\"pt-PT\",\"potentialAction\":[{\"@type\":\"ReadAction\",\"target\":[\"https:\/\/www.pressenza.com\/pt-pt\/2020\/07\/governo-brasileiro-na-contramao-do-direito-constitucional-ambiental\/\"]}]},{\"@type\":\"ImageObject\",\"inLanguage\":\"pt-PT\",\"@id\":\"https:\/\/www.pressenza.com\/pt-pt\/2020\/07\/governo-brasileiro-na-contramao-do-direito-constitucional-ambiental\/#primaryimage\",\"url\":\"https:\/\/www.pressenza.com\/wp-content\/uploads\/2020\/07\/Terra-Indi\u0301gena-Porquinhos-Maranha\u0303o-Ibama.jpg\",\"contentUrl\":\"https:\/\/www.pressenza.com\/wp-content\/uploads\/2020\/07\/Terra-Indi\u0301gena-Porquinhos-Maranha\u0303o-Ibama.jpg\",\"width\":799,\"height\":534},{\"@type\":\"BreadcrumbList\",\"@id\":\"https:\/\/www.pressenza.com\/pt-pt\/2020\/07\/governo-brasileiro-na-contramao-do-direito-constitucional-ambiental\/#breadcrumb\",\"itemListElement\":[{\"@type\":\"ListItem\",\"position\":1,\"name\":\"Accueil\",\"item\":\"https:\/\/www.pressenza.com\/pt-pt\/\"},{\"@type\":\"ListItem\",\"position\":2,\"name\":\"Governo brasileiro na contram\u00e3o do Direito Constitucional Ambiental\"}]},{\"@type\":\"WebSite\",\"@id\":\"https:\/\/www.pressenza.com\/pt-pt\/#website\",\"url\":\"https:\/\/www.pressenza.com\/pt-pt\/\",\"name\":\"Pressenza\",\"description\":\"International Press Agency\",\"publisher\":{\"@id\":\"https:\/\/www.pressenza.com\/pt-pt\/#organization\"},\"potentialAction\":[{\"@type\":\"SearchAction\",\"target\":{\"@type\":\"EntryPoint\",\"urlTemplate\":\"https:\/\/www.pressenza.com\/pt-pt\/?s={search_term_string}\"},\"query-input\":{\"@type\":\"PropertyValueSpecification\",\"valueRequired\":true,\"valueName\":\"search_term_string\"}}],\"inLanguage\":\"pt-PT\"},{\"@type\":\"Organization\",\"@id\":\"https:\/\/www.pressenza.com\/pt-pt\/#organization\",\"name\":\"Pressenza\",\"url\":\"https:\/\/www.pressenza.com\/pt-pt\/\",\"logo\":{\"@type\":\"ImageObject\",\"inLanguage\":\"pt-PT\",\"@id\":\"https:\/\/www.pressenza.com\/pt-pt\/#\/schema\/logo\/image\/\",\"url\":\"https:\/\/www.pressenza.com\/wp-content\/uploads\/2022\/10\/pressenza_logo_200x200.jpg\",\"contentUrl\":\"https:\/\/www.pressenza.com\/wp-content\/uploads\/2022\/10\/pressenza_logo_200x200.jpg\",\"width\":200,\"height\":200,\"caption\":\"Pressenza\"},\"image\":{\"@id\":\"https:\/\/www.pressenza.com\/pt-pt\/#\/schema\/logo\/image\/\"},\"sameAs\":[\"https:\/\/www.facebook.com\/PressenzaItalia\",\"https:\/\/x.com\/PressenzaIPA\"]},{\"@type\":\"Person\",\"@id\":\"https:\/\/www.pressenza.com\/pt-pt\/#\/schema\/person\/cd5d88212bb634ae311a38bf6a88e91b\",\"name\":\"Fernanda Perdig\u00e3o\",\"description\":\"Humanista, Atingida pela minera\u00e7\u00e3o, Ativista, Ambientalista, Defensora de direitos humanos, Empreendedora Social.\",\"url\":\"https:\/\/www.pressenza.com\/pt-pt\/author\/fernanda-perdigao\/\"}]}<\/script>\n<!-- \/ Yoast SEO plugin. -->","yoast_head_json":{"title":"Governo brasileiro na contram\u00e3o do Direito Constitucional Ambiental","description":"Para falarmos de Meio Ambiente, obrigatoriamente devemos iniciar citando os Direitos Humanos, pois, estes est\u00e3o ligados ao valor da pessoa e \u00e0 sua","robots":{"index":"index","follow":"follow","max-snippet":"max-snippet:-1","max-image-preview":"max-image-preview:large","max-video-preview":"max-video-preview:-1"},"canonical":"https:\/\/www.pressenza.com\/pt-pt\/2020\/07\/governo-brasileiro-na-contramao-do-direito-constitucional-ambiental\/","og_locale":"pt_PT","og_type":"article","og_title":"Governo brasileiro na contram\u00e3o do Direito Constitucional Ambiental","og_description":"Para falarmos de Meio Ambiente, obrigatoriamente devemos iniciar citando os Direitos Humanos, pois, estes est\u00e3o ligados ao valor da pessoa e \u00e0 sua","og_url":"https:\/\/www.pressenza.com\/pt-pt\/2020\/07\/governo-brasileiro-na-contramao-do-direito-constitucional-ambiental\/","og_site_name":"Pressenza","article_publisher":"https:\/\/www.facebook.com\/PressenzaItalia","article_published_time":"2020-07-06T17:40:54+00:00","article_modified_time":"2020-07-06T17:43:01+00:00","og_image":[{"width":799,"height":534,"url":"https:\/\/www.pressenza.com\/wp-content\/uploads\/2020\/07\/Terra-Indi\u0301gena-Porquinhos-Maranha\u0303o-Ibama.jpg","type":"image\/jpeg"}],"author":"Fernanda Perdig\u00e3o","twitter_card":"summary_large_image","twitter_creator":"@PressenzaIPA","twitter_site":"@PressenzaIPA","twitter_misc":{"Escrito por":"Fernanda Perdig\u00e3o","Tempo estimado de leitura":"5 minutos"},"schema":{"@context":"https:\/\/schema.org","@graph":[{"@type":"Article","@id":"https:\/\/www.pressenza.com\/pt-pt\/2020\/07\/governo-brasileiro-na-contramao-do-direito-constitucional-ambiental\/#article","isPartOf":{"@id":"https:\/\/www.pressenza.com\/pt-pt\/2020\/07\/governo-brasileiro-na-contramao-do-direito-constitucional-ambiental\/"},"author":{"name":"Fernanda Perdig\u00e3o","@id":"https:\/\/www.pressenza.com\/pt-pt\/#\/schema\/person\/cd5d88212bb634ae311a38bf6a88e91b"},"headline":"Governo brasileiro na contram\u00e3o do Direito Constitucional Ambiental","datePublished":"2020-07-06T17:40:54+00:00","dateModified":"2020-07-06T17:43:01+00:00","mainEntityOfPage":{"@id":"https:\/\/www.pressenza.com\/pt-pt\/2020\/07\/governo-brasileiro-na-contramao-do-direito-constitucional-ambiental\/"},"wordCount":1077,"publisher":{"@id":"https:\/\/www.pressenza.com\/pt-pt\/#organization"},"image":{"@id":"https:\/\/www.pressenza.com\/pt-pt\/2020\/07\/governo-brasileiro-na-contramao-do-direito-constitucional-ambiental\/#primaryimage"},"thumbnailUrl":"https:\/\/www.pressenza.com\/wp-content\/uploads\/2020\/07\/Terra-Indi\u0301gena-Porquinhos-Maranha\u0303o-Ibama.jpg","keywords":["Bolsonaro","Brasil","Chico Mendes","constitui\u00e7\u00e3o","direito ambiental","ecologia","IBAMA","ICMbio","meio ambiente","Salles"],"articleSection":["\u00c1m\u00e9rica do Sul","Conte\u00fado Original","Ecologia e Meio Ambiente"],"inLanguage":"pt-PT"},{"@type":"WebPage","@id":"https:\/\/www.pressenza.com\/pt-pt\/2020\/07\/governo-brasileiro-na-contramao-do-direito-constitucional-ambiental\/","url":"https:\/\/www.pressenza.com\/pt-pt\/2020\/07\/governo-brasileiro-na-contramao-do-direito-constitucional-ambiental\/","name":"Governo brasileiro na contram\u00e3o do Direito Constitucional Ambiental","isPartOf":{"@id":"https:\/\/www.pressenza.com\/pt-pt\/#website"},"primaryImageOfPage":{"@id":"https:\/\/www.pressenza.com\/pt-pt\/2020\/07\/governo-brasileiro-na-contramao-do-direito-constitucional-ambiental\/#primaryimage"},"image":{"@id":"https:\/\/www.pressenza.com\/pt-pt\/2020\/07\/governo-brasileiro-na-contramao-do-direito-constitucional-ambiental\/#primaryimage"},"thumbnailUrl":"https:\/\/www.pressenza.com\/wp-content\/uploads\/2020\/07\/Terra-Indi\u0301gena-Porquinhos-Maranha\u0303o-Ibama.jpg","datePublished":"2020-07-06T17:40:54+00:00","dateModified":"2020-07-06T17:43:01+00:00","description":"Para falarmos de Meio Ambiente, obrigatoriamente devemos iniciar citando os Direitos Humanos, pois, estes est\u00e3o ligados ao valor da pessoa e \u00e0 sua","breadcrumb":{"@id":"https:\/\/www.pressenza.com\/pt-pt\/2020\/07\/governo-brasileiro-na-contramao-do-direito-constitucional-ambiental\/#breadcrumb"},"inLanguage":"pt-PT","potentialAction":[{"@type":"ReadAction","target":["https:\/\/www.pressenza.com\/pt-pt\/2020\/07\/governo-brasileiro-na-contramao-do-direito-constitucional-ambiental\/"]}]},{"@type":"ImageObject","inLanguage":"pt-PT","@id":"https:\/\/www.pressenza.com\/pt-pt\/2020\/07\/governo-brasileiro-na-contramao-do-direito-constitucional-ambiental\/#primaryimage","url":"https:\/\/www.pressenza.com\/wp-content\/uploads\/2020\/07\/Terra-Indi\u0301gena-Porquinhos-Maranha\u0303o-Ibama.jpg","contentUrl":"https:\/\/www.pressenza.com\/wp-content\/uploads\/2020\/07\/Terra-Indi\u0301gena-Porquinhos-Maranha\u0303o-Ibama.jpg","width":799,"height":534},{"@type":"BreadcrumbList","@id":"https:\/\/www.pressenza.com\/pt-pt\/2020\/07\/governo-brasileiro-na-contramao-do-direito-constitucional-ambiental\/#breadcrumb","itemListElement":[{"@type":"ListItem","position":1,"name":"Accueil","item":"https:\/\/www.pressenza.com\/pt-pt\/"},{"@type":"ListItem","position":2,"name":"Governo brasileiro na contram\u00e3o do Direito Constitucional Ambiental"}]},{"@type":"WebSite","@id":"https:\/\/www.pressenza.com\/pt-pt\/#website","url":"https:\/\/www.pressenza.com\/pt-pt\/","name":"Pressenza","description":"International Press Agency","publisher":{"@id":"https:\/\/www.pressenza.com\/pt-pt\/#organization"},"potentialAction":[{"@type":"SearchAction","target":{"@type":"EntryPoint","urlTemplate":"https:\/\/www.pressenza.com\/pt-pt\/?s={search_term_string}"},"query-input":{"@type":"PropertyValueSpecification","valueRequired":true,"valueName":"search_term_string"}}],"inLanguage":"pt-PT"},{"@type":"Organization","@id":"https:\/\/www.pressenza.com\/pt-pt\/#organization","name":"Pressenza","url":"https:\/\/www.pressenza.com\/pt-pt\/","logo":{"@type":"ImageObject","inLanguage":"pt-PT","@id":"https:\/\/www.pressenza.com\/pt-pt\/#\/schema\/logo\/image\/","url":"https:\/\/www.pressenza.com\/wp-content\/uploads\/2022\/10\/pressenza_logo_200x200.jpg","contentUrl":"https:\/\/www.pressenza.com\/wp-content\/uploads\/2022\/10\/pressenza_logo_200x200.jpg","width":200,"height":200,"caption":"Pressenza"},"image":{"@id":"https:\/\/www.pressenza.com\/pt-pt\/#\/schema\/logo\/image\/"},"sameAs":["https:\/\/www.facebook.com\/PressenzaItalia","https:\/\/x.com\/PressenzaIPA"]},{"@type":"Person","@id":"https:\/\/www.pressenza.com\/pt-pt\/#\/schema\/person\/cd5d88212bb634ae311a38bf6a88e91b","name":"Fernanda Perdig\u00e3o","description":"Humanista, Atingida pela minera\u00e7\u00e3o, Ativista, Ambientalista, Defensora de direitos humanos, Empreendedora Social.","url":"https:\/\/www.pressenza.com\/pt-pt\/author\/fernanda-perdigao\/"}]}},"place":"Brumadinho, Minas Gerais","original_article_url":"","_links":{"self":[{"href":"https:\/\/www.pressenza.com\/pt-pt\/wp-json\/wp\/v2\/posts\/1153511","targetHints":{"allow":["GET"]}}],"collection":[{"href":"https:\/\/www.pressenza.com\/pt-pt\/wp-json\/wp\/v2\/posts"}],"about":[{"href":"https:\/\/www.pressenza.com\/pt-pt\/wp-json\/wp\/v2\/types\/post"}],"author":[{"embeddable":true,"href":"https:\/\/www.pressenza.com\/pt-pt\/wp-json\/wp\/v2\/users\/1879"}],"replies":[{"embeddable":true,"href":"https:\/\/www.pressenza.com\/pt-pt\/wp-json\/wp\/v2\/comments?post=1153511"}],"version-history":[{"count":0,"href":"https:\/\/www.pressenza.com\/pt-pt\/wp-json\/wp\/v2\/posts\/1153511\/revisions"}],"wp:featuredmedia":[{"embeddable":true,"href":"https:\/\/www.pressenza.com\/pt-pt\/wp-json\/wp\/v2\/media\/1153544"}],"wp:attachment":[{"href":"https:\/\/www.pressenza.com\/pt-pt\/wp-json\/wp\/v2\/media?parent=1153511"}],"wp:term":[{"taxonomy":"category","embeddable":true,"href":"https:\/\/www.pressenza.com\/pt-pt\/wp-json\/wp\/v2\/categories?post=1153511"},{"taxonomy":"post_tag","embeddable":true,"href":"https:\/\/www.pressenza.com\/pt-pt\/wp-json\/wp\/v2\/tags?post=1153511"}],"curies":[{"name":"wp","href":"https:\/\/api.w.org\/{rel}","templated":true}]}}