{"id":1152573,"date":"2020-07-05T03:53:46","date_gmt":"2020-07-05T02:53:46","guid":{"rendered":"https:\/\/www.pressenza.com\/?p=1152573"},"modified":"2020-07-05T03:19:56","modified_gmt":"2020-07-05T02:19:56","slug":"a-invencao-do-seculo","status":"publish","type":"post","link":"https:\/\/www.pressenza.com\/pt-pt\/2020\/07\/a-invencao-do-seculo\/","title":{"rendered":"A inven\u00e7\u00e3o do s\u00e9culo"},"content":{"rendered":"<h5><span style=\"color: #999999;\">CR\u00d4NICA<\/span><\/h5>\n<p>&nbsp;<\/p>\n<p>&nbsp;<\/p>\n<p>O rel\u00f3gio marcava onze da noite, de uma s\u00e9rie de tr\u00eas dias de calor insuport\u00e1vel,\u00a0 mais quente\u00a0 semana j\u00e1 registrada no fim de primavera, no Brooklyn. Ouvi um estalo no velho ar condicionado na janela do meu quarto. Era o fim da vida do velho Carrier, um quadrado de a\u00e7o e madeira, provavelmente comprado nos anos 80.<\/p>\n<p>Estava em Crown Heights, bairro de classe trabalhadora, recentemente gentrificado, dividido geograficamente por judeus ortodoxos e negros, palco de s\u00e9rios conflitos \u00e9ticos no passado recente.\u00a0 Nos \u00faltimos anos, a regi\u00e3o foi invadida por jovens brancos e fam\u00edlias latinas de classe m\u00e9dia.\u00a0 Aqui achei um espa\u00e7o para minha nova temporada, depois de um ano em South Carolina. \u00c9 um novo recome\u00e7o, quarto\u00a0 simples, quase pens\u00e3o, cercado por habita\u00e7\u00f5es populares.<\/p>\n<p>Passei a minha inf\u00e2ncia nos sub\u00farbios do Rio de Janeiro, com sons, cores e cheiros parecidos a de qualquer periferia.\u00a0 Todas se parecem, no abandono e nas ruas imperfeitas. A chuva de ver\u00e3o, por exemplo,\u00a0 molha as cal\u00e7adas de cimento e evapora com a mesma rapidez.\u00a0 H\u00e1 a sensa\u00e7\u00e3o de vizinhan\u00e7a, camaradagem e por isso mesmo, conflitos familiares em alta voz.\u00a0 Olhares curiosos me cercam, mas nenhuma rejei\u00e7\u00e3o mais s\u00e9ria. \u00c0s vezes, sensa\u00e7\u00e3o de que estou sendo observado pela vizinha dominicana, pelo paquistan\u00eas da mercearia, mas acho que \u00e9 s\u00f3 porque sou novo por aqui. Todos somos. Mais de 40% da cidade n\u00e3o nasceu aqui, emigrou de algum lugar. Outros 30% s\u00e3o americanos de primeira gera\u00e7\u00e3o, ou seja, filhos de imigrantes.<\/p>\n<p>L\u00e1 fora, crian\u00e7as ainda brincam com hidrantes quebrados,\u00a0 jorrando \u00e1gua fresca, alimentam uma dan\u00e7a ao redor, ao som de Hip hop e sorrisos. Na pra\u00e7a meninas jogam futebol e remexem os quadris como nos bailes funk das favelas do Rio, grupos de africanos cantam e dan\u00e7am com seu atabaque. O ar est\u00e1 cheio de energia e vida.\u00a0 Quando chegava a noite percebia uma festa de vaga lumes, milhares, bailando sob o gramado e jardins.<\/p>\n<p>O calor \u00e9 sufocante e sem ar condicionado naquela noite, tentei alternativas: um saco de gelo amarrado no circulador n\u00e3o parece funcionar. Reviro na cama e o colch\u00e3o parece que foi aquecido, Tento tr\u00eas banhos, nada. Em ato de desespero e com a sensa\u00e7\u00e3o t\u00e9rmica pr\u00f3xima aos quarenta graus, coloco uma fronha no saco pl\u00e1stico de gelo e abra\u00e7o como se fosse um urso de pel\u00facia. Um urso polar, imagino.\u00a0 Acordo molhado de suor e da \u00e1gua que vazou do pl\u00e1stico. Cama molhada, tr\u00eas da manh\u00e3 e nada do sono chegar.<\/p>\n<p>Sentado na cama \u00e0s cinco da manh\u00e3, tonto. Que horas ser\u00e1 que abre a loja de eletrodom\u00e9sticos mais pr\u00f3xima? A \u00fanica coisa que penso \u00e9 comprar urgente um novo aparelho.\u00a0 Vejo pela janela que muitos vizinhos apenas contam com circuladores nas pequenas janelas.\u00a0 Como conseguem ?\u00a0 Ah sim, me lembro.\u00a0 S\u00f3 fui ter meu primeiro ar condicionado aos 23 anos. Antes, um velho ventilador nas quentes noites cariocas. Era um ventilador enorme, com uns aros que soltavam e faziam um barulho ..clec..clec..clec. N\u00e3o tenho saudade de coisas ruins, mas agora tanto tempo depois, \u00e9 uma recorda\u00e7\u00e3o engra\u00e7ada.<\/p>\n<p>Cada vez mais estou sens\u00edvel aos ver\u00f5es escaldantes. Descobri que existe at\u00e9 uma predisposi\u00e7\u00e3o gen\u00e9tica para intoler\u00e2ncia ao calor &#8211; deve ser essa a raz\u00e3o das minhas noites em claro na juventude. Nunca conseguia dormir direito. Chegava ao trabalho \u00e0s nove, derretendo. Minha chefe D\u00e9bora Meth, me olhava e j\u00e1 sabia que eu havia dormido pouco &#8220;S\u00f3 as depois das quatro n\u00e3o \u00e9 &#8221; ?\u00a0 Sim. Respondia ofegante ao entrar no ar condicionado da sala.<\/p>\n<p>Volta a realidade no Brooklyn. E o calor n\u00e3o termina. Decido n\u00e3o mais dormir, verifico meus e-mails. No Facebook, amigos de f\u00e9rias na neve na cordilheira dos andes, pleno inverno no hemisf\u00e9rio sul. Quase choro.\u00a0 Vejo que alguns postam fotos do Central Park no inverno, a cidade atolada, engarrafada, surtando de frio.\u00a0 Tudo para nos convencer que o inverno que passou foi pior. Eu adoro as quatro esta\u00e7\u00f5es, acho que o corpo precisa de repouso e mudan\u00e7a de temperaturas. O ar quente que sai da entrada do metr\u00f4, o suor que escorre pelas costas. O ver\u00e3o intenso nos debilita, nos enfraquece.<\/p>\n<p>Consegui as dez da manh\u00e3 achar uma loja e comprei um ar condicionado m\u00f3vel &#8211; nunca mais fico em nenhum lugar sem ele.\u00a0 Esqueci que carregar uma caixa de 35 quilos depois de n\u00e3o dormir, por quatro imensos quarteir\u00f5es, n\u00e3o seria uma tarefa f\u00e1cil. Quando sair da loja pingava, derretia.\u00a0 Ao chegar ao meu pr\u00e9dio, sem elevador, os cinco andares pareciam o monte everest, em uma escalada que levou meia hora.<\/p>\n<p>Fechei o quarto, fui vedar as janelas e portas, instalei o ar condicionado e finalmente cai na cama a espera do sono. Lentamente o ar no quarto foi refrescando e me enchendo de felicidade. Sabe aquela alegria infantil de ver uma bola de sab\u00e3o flutuando ?\u00a0 A alegria de abrir a geladeira e encontrar uma barra de chocolate perdida?\u00a0 N\u00e3o por muito tempo. O alarme do celular me avisou. T\u00e1 na hora de cumprir a agenda do dia, com v\u00e1rios compromissos. Hora de enfrentar a rua escaldante. Penso com alegria, a noite vou poder dormir de novo.<\/p>\n<p>Aqui estou no Brooklyn, no lugar onde o ar condicionado foi inventado em 1902, por um tal de Carrier, sim o mesmo da marca do velho aparelho que quebrou.\u00a0 Foi justamente aqui, no ber\u00e7o da &#8220;inven\u00e7\u00e3o do s\u00e9culo&#8221;,\u00a0 onde eu descobri finalmente que n\u00e3o posso viver, sem essa m\u00e1quina incr\u00edvel.<\/p>\n<hr \/>\n<p>** Camilo Jos\u00e9 Vergara \u00e9 escritor, fot\u00f3grafo e documentarista Chileno, radicado em Nova York. Vergara foi comparado a Jacob Riis por sua documenta\u00e7\u00e3o fotogr\u00e1fica \u00e1reas pobres americanas e ambientes urbanos em decomposi\u00e7\u00e3o.<\/p>\n","protected":false},"excerpt":{"rendered":"<p>CR\u00d4NICA &nbsp; &nbsp; O rel\u00f3gio marcava onze da noite, de uma s\u00e9rie de tr\u00eas dias de calor insuport\u00e1vel,\u00a0 mais quente\u00a0 semana j\u00e1 registrada no fim de primavera, no Brooklyn. Ouvi um estalo no velho ar condicionado na janela do meu&hellip;<\/p>\n","protected":false},"author":1826,"featured_media":1152574,"comment_status":"closed","ping_status":"closed","sticky":false,"template":"","format":"standard","meta":{"footnotes":""},"categories":[105,11390,112],"tags":[75238,75338,8868,75388],"class_list":["post-1152573","post","type-post","status-publish","format-standard","has-post-thumbnail","hentry","category-america-do-norte","category-conteudo-original","category-cultura-pt-pt","tag-caderno-de-cultura","tag-cronica","tag-nova-iorque","tag-rio-pt-pt"],"yoast_head":"<!-- This site is optimized with the Yoast SEO plugin v27.1.1 - https:\/\/yoast.com\/product\/yoast-seo-wordpress\/ -->\n<title>A inven\u00e7\u00e3o do s\u00e9culo<\/title>\n<meta name=\"description\" content=\"CR\u00d4NICA &nbsp; &nbsp; O rel\u00f3gio marcava onze da noite, de uma s\u00e9rie de tr\u00eas dias de calor insuport\u00e1vel,\u00a0 mais quente\u00a0 semana j\u00e1 registrada no fim de\" \/>\n<meta name=\"robots\" content=\"index, follow, max-snippet:-1, max-image-preview:large, max-video-preview:-1\" \/>\n<link rel=\"canonical\" href=\"https:\/\/www.pressenza.com\/pt-pt\/2020\/07\/a-invencao-do-seculo\/\" \/>\n<meta property=\"og:locale\" content=\"pt_PT\" \/>\n<meta property=\"og:type\" content=\"article\" \/>\n<meta property=\"og:title\" content=\"A inven\u00e7\u00e3o do s\u00e9culo\" \/>\n<meta property=\"og:description\" content=\"CR\u00d4NICA &nbsp; &nbsp; O rel\u00f3gio marcava onze da noite, de uma s\u00e9rie de tr\u00eas dias de calor insuport\u00e1vel,\u00a0 mais quente\u00a0 semana j\u00e1 registrada no fim de\" \/>\n<meta property=\"og:url\" content=\"https:\/\/www.pressenza.com\/pt-pt\/2020\/07\/a-invencao-do-seculo\/\" \/>\n<meta property=\"og:site_name\" content=\"Pressenza\" \/>\n<meta property=\"article:publisher\" content=\"https:\/\/www.facebook.com\/PressenzaItalia\" \/>\n<meta property=\"article:published_time\" content=\"2020-07-05T02:53:46+00:00\" \/>\n<meta property=\"og:image\" content=\"https:\/\/www.pressenza.com\/wp-content\/uploads\/2020\/07\/de-Camilo-Jose\u0301-Vergara.jpeg\" \/>\n\t<meta property=\"og:image:width\" content=\"720\" \/>\n\t<meta property=\"og:image:height\" content=\"413\" \/>\n\t<meta property=\"og:image:type\" content=\"image\/jpeg\" \/>\n<meta name=\"author\" content=\"Marco Da Costa\" \/>\n<meta name=\"twitter:card\" content=\"summary_large_image\" \/>\n<meta name=\"twitter:creator\" content=\"@PressenzaIPA\" \/>\n<meta name=\"twitter:site\" content=\"@PressenzaIPA\" \/>\n<meta name=\"twitter:label1\" content=\"Escrito por\" \/>\n\t<meta name=\"twitter:data1\" content=\"Marco Da Costa\" \/>\n\t<meta name=\"twitter:label2\" content=\"Tempo estimado de leitura\" \/>\n\t<meta name=\"twitter:data2\" content=\"5 minutos\" \/>\n<script type=\"application\/ld+json\" class=\"yoast-schema-graph\">{\"@context\":\"https:\/\/schema.org\",\"@graph\":[{\"@type\":\"Article\",\"@id\":\"https:\/\/www.pressenza.com\/pt-pt\/2020\/07\/a-invencao-do-seculo\/#article\",\"isPartOf\":{\"@id\":\"https:\/\/www.pressenza.com\/pt-pt\/2020\/07\/a-invencao-do-seculo\/\"},\"author\":{\"name\":\"Marco Da Costa\",\"@id\":\"https:\/\/www.pressenza.com\/pt-pt\/#\/schema\/person\/23cf5828ff22cc74ccb391d78d94cfef\"},\"headline\":\"A inven\u00e7\u00e3o do s\u00e9culo\",\"datePublished\":\"2020-07-05T02:53:46+00:00\",\"mainEntityOfPage\":{\"@id\":\"https:\/\/www.pressenza.com\/pt-pt\/2020\/07\/a-invencao-do-seculo\/\"},\"wordCount\":1008,\"publisher\":{\"@id\":\"https:\/\/www.pressenza.com\/pt-pt\/#organization\"},\"image\":{\"@id\":\"https:\/\/www.pressenza.com\/pt-pt\/2020\/07\/a-invencao-do-seculo\/#primaryimage\"},\"thumbnailUrl\":\"https:\/\/www.pressenza.com\/wp-content\/uploads\/2020\/07\/de-Camilo-Jose\u0301-Vergara.jpeg\",\"keywords\":[\"caderno de cultura\",\"cr\u00f4nica\",\"nova iorque\",\"Rio\"],\"articleSection\":[\"Am\u00e9rica do Norte\",\"Conte\u00fado Original\",\"Cultura e M\u00eddia\"],\"inLanguage\":\"pt-PT\"},{\"@type\":\"WebPage\",\"@id\":\"https:\/\/www.pressenza.com\/pt-pt\/2020\/07\/a-invencao-do-seculo\/\",\"url\":\"https:\/\/www.pressenza.com\/pt-pt\/2020\/07\/a-invencao-do-seculo\/\",\"name\":\"A inven\u00e7\u00e3o do s\u00e9culo\",\"isPartOf\":{\"@id\":\"https:\/\/www.pressenza.com\/pt-pt\/#website\"},\"primaryImageOfPage\":{\"@id\":\"https:\/\/www.pressenza.com\/pt-pt\/2020\/07\/a-invencao-do-seculo\/#primaryimage\"},\"image\":{\"@id\":\"https:\/\/www.pressenza.com\/pt-pt\/2020\/07\/a-invencao-do-seculo\/#primaryimage\"},\"thumbnailUrl\":\"https:\/\/www.pressenza.com\/wp-content\/uploads\/2020\/07\/de-Camilo-Jose\u0301-Vergara.jpeg\",\"datePublished\":\"2020-07-05T02:53:46+00:00\",\"description\":\"CR\u00d4NICA &nbsp; &nbsp; O rel\u00f3gio marcava onze da noite, de uma s\u00e9rie de tr\u00eas dias de calor insuport\u00e1vel,\u00a0 mais quente\u00a0 semana j\u00e1 registrada no fim de\",\"breadcrumb\":{\"@id\":\"https:\/\/www.pressenza.com\/pt-pt\/2020\/07\/a-invencao-do-seculo\/#breadcrumb\"},\"inLanguage\":\"pt-PT\",\"potentialAction\":[{\"@type\":\"ReadAction\",\"target\":[\"https:\/\/www.pressenza.com\/pt-pt\/2020\/07\/a-invencao-do-seculo\/\"]}]},{\"@type\":\"ImageObject\",\"inLanguage\":\"pt-PT\",\"@id\":\"https:\/\/www.pressenza.com\/pt-pt\/2020\/07\/a-invencao-do-seculo\/#primaryimage\",\"url\":\"https:\/\/www.pressenza.com\/wp-content\/uploads\/2020\/07\/de-Camilo-Jose\u0301-Vergara.jpeg\",\"contentUrl\":\"https:\/\/www.pressenza.com\/wp-content\/uploads\/2020\/07\/de-Camilo-Jose\u0301-Vergara.jpeg\",\"width\":720,\"height\":413},{\"@type\":\"BreadcrumbList\",\"@id\":\"https:\/\/www.pressenza.com\/pt-pt\/2020\/07\/a-invencao-do-seculo\/#breadcrumb\",\"itemListElement\":[{\"@type\":\"ListItem\",\"position\":1,\"name\":\"Accueil\",\"item\":\"https:\/\/www.pressenza.com\/pt-pt\/\"},{\"@type\":\"ListItem\",\"position\":2,\"name\":\"A inven\u00e7\u00e3o do s\u00e9culo\"}]},{\"@type\":\"WebSite\",\"@id\":\"https:\/\/www.pressenza.com\/pt-pt\/#website\",\"url\":\"https:\/\/www.pressenza.com\/pt-pt\/\",\"name\":\"Pressenza\",\"description\":\"International Press Agency\",\"publisher\":{\"@id\":\"https:\/\/www.pressenza.com\/pt-pt\/#organization\"},\"potentialAction\":[{\"@type\":\"SearchAction\",\"target\":{\"@type\":\"EntryPoint\",\"urlTemplate\":\"https:\/\/www.pressenza.com\/pt-pt\/?s={search_term_string}\"},\"query-input\":{\"@type\":\"PropertyValueSpecification\",\"valueRequired\":true,\"valueName\":\"search_term_string\"}}],\"inLanguage\":\"pt-PT\"},{\"@type\":\"Organization\",\"@id\":\"https:\/\/www.pressenza.com\/pt-pt\/#organization\",\"name\":\"Pressenza\",\"url\":\"https:\/\/www.pressenza.com\/pt-pt\/\",\"logo\":{\"@type\":\"ImageObject\",\"inLanguage\":\"pt-PT\",\"@id\":\"https:\/\/www.pressenza.com\/pt-pt\/#\/schema\/logo\/image\/\",\"url\":\"https:\/\/www.pressenza.com\/wp-content\/uploads\/2022\/10\/pressenza_logo_200x200.jpg\",\"contentUrl\":\"https:\/\/www.pressenza.com\/wp-content\/uploads\/2022\/10\/pressenza_logo_200x200.jpg\",\"width\":200,\"height\":200,\"caption\":\"Pressenza\"},\"image\":{\"@id\":\"https:\/\/www.pressenza.com\/pt-pt\/#\/schema\/logo\/image\/\"},\"sameAs\":[\"https:\/\/www.facebook.com\/PressenzaItalia\",\"https:\/\/x.com\/PressenzaIPA\"]},{\"@type\":\"Person\",\"@id\":\"https:\/\/www.pressenza.com\/pt-pt\/#\/schema\/person\/23cf5828ff22cc74ccb391d78d94cfef\",\"name\":\"Marco Da Costa\",\"description\":\"Jornalista e escritor, criador de conte\u00fado para redes sociais, podcasts e textos profissionais.\",\"url\":\"https:\/\/www.pressenza.com\/pt-pt\/author\/marco-da-costa\/\"}]}<\/script>\n<!-- \/ Yoast SEO plugin. -->","yoast_head_json":{"title":"A inven\u00e7\u00e3o do s\u00e9culo","description":"CR\u00d4NICA &nbsp; &nbsp; O rel\u00f3gio marcava onze da noite, de uma s\u00e9rie de tr\u00eas dias de calor insuport\u00e1vel,\u00a0 mais quente\u00a0 semana j\u00e1 registrada no fim de","robots":{"index":"index","follow":"follow","max-snippet":"max-snippet:-1","max-image-preview":"max-image-preview:large","max-video-preview":"max-video-preview:-1"},"canonical":"https:\/\/www.pressenza.com\/pt-pt\/2020\/07\/a-invencao-do-seculo\/","og_locale":"pt_PT","og_type":"article","og_title":"A inven\u00e7\u00e3o do s\u00e9culo","og_description":"CR\u00d4NICA &nbsp; &nbsp; O rel\u00f3gio marcava onze da noite, de uma s\u00e9rie de tr\u00eas dias de calor insuport\u00e1vel,\u00a0 mais quente\u00a0 semana j\u00e1 registrada no fim de","og_url":"https:\/\/www.pressenza.com\/pt-pt\/2020\/07\/a-invencao-do-seculo\/","og_site_name":"Pressenza","article_publisher":"https:\/\/www.facebook.com\/PressenzaItalia","article_published_time":"2020-07-05T02:53:46+00:00","og_image":[{"width":720,"height":413,"url":"https:\/\/www.pressenza.com\/wp-content\/uploads\/2020\/07\/de-Camilo-Jose\u0301-Vergara.jpeg","type":"image\/jpeg"}],"author":"Marco Da Costa","twitter_card":"summary_large_image","twitter_creator":"@PressenzaIPA","twitter_site":"@PressenzaIPA","twitter_misc":{"Escrito por":"Marco Da Costa","Tempo estimado de leitura":"5 minutos"},"schema":{"@context":"https:\/\/schema.org","@graph":[{"@type":"Article","@id":"https:\/\/www.pressenza.com\/pt-pt\/2020\/07\/a-invencao-do-seculo\/#article","isPartOf":{"@id":"https:\/\/www.pressenza.com\/pt-pt\/2020\/07\/a-invencao-do-seculo\/"},"author":{"name":"Marco Da Costa","@id":"https:\/\/www.pressenza.com\/pt-pt\/#\/schema\/person\/23cf5828ff22cc74ccb391d78d94cfef"},"headline":"A inven\u00e7\u00e3o do s\u00e9culo","datePublished":"2020-07-05T02:53:46+00:00","mainEntityOfPage":{"@id":"https:\/\/www.pressenza.com\/pt-pt\/2020\/07\/a-invencao-do-seculo\/"},"wordCount":1008,"publisher":{"@id":"https:\/\/www.pressenza.com\/pt-pt\/#organization"},"image":{"@id":"https:\/\/www.pressenza.com\/pt-pt\/2020\/07\/a-invencao-do-seculo\/#primaryimage"},"thumbnailUrl":"https:\/\/www.pressenza.com\/wp-content\/uploads\/2020\/07\/de-Camilo-Jose\u0301-Vergara.jpeg","keywords":["caderno de cultura","cr\u00f4nica","nova iorque","Rio"],"articleSection":["Am\u00e9rica do Norte","Conte\u00fado Original","Cultura e M\u00eddia"],"inLanguage":"pt-PT"},{"@type":"WebPage","@id":"https:\/\/www.pressenza.com\/pt-pt\/2020\/07\/a-invencao-do-seculo\/","url":"https:\/\/www.pressenza.com\/pt-pt\/2020\/07\/a-invencao-do-seculo\/","name":"A inven\u00e7\u00e3o do s\u00e9culo","isPartOf":{"@id":"https:\/\/www.pressenza.com\/pt-pt\/#website"},"primaryImageOfPage":{"@id":"https:\/\/www.pressenza.com\/pt-pt\/2020\/07\/a-invencao-do-seculo\/#primaryimage"},"image":{"@id":"https:\/\/www.pressenza.com\/pt-pt\/2020\/07\/a-invencao-do-seculo\/#primaryimage"},"thumbnailUrl":"https:\/\/www.pressenza.com\/wp-content\/uploads\/2020\/07\/de-Camilo-Jose\u0301-Vergara.jpeg","datePublished":"2020-07-05T02:53:46+00:00","description":"CR\u00d4NICA &nbsp; &nbsp; O rel\u00f3gio marcava onze da noite, de uma s\u00e9rie de tr\u00eas dias de calor insuport\u00e1vel,\u00a0 mais quente\u00a0 semana j\u00e1 registrada no fim de","breadcrumb":{"@id":"https:\/\/www.pressenza.com\/pt-pt\/2020\/07\/a-invencao-do-seculo\/#breadcrumb"},"inLanguage":"pt-PT","potentialAction":[{"@type":"ReadAction","target":["https:\/\/www.pressenza.com\/pt-pt\/2020\/07\/a-invencao-do-seculo\/"]}]},{"@type":"ImageObject","inLanguage":"pt-PT","@id":"https:\/\/www.pressenza.com\/pt-pt\/2020\/07\/a-invencao-do-seculo\/#primaryimage","url":"https:\/\/www.pressenza.com\/wp-content\/uploads\/2020\/07\/de-Camilo-Jose\u0301-Vergara.jpeg","contentUrl":"https:\/\/www.pressenza.com\/wp-content\/uploads\/2020\/07\/de-Camilo-Jose\u0301-Vergara.jpeg","width":720,"height":413},{"@type":"BreadcrumbList","@id":"https:\/\/www.pressenza.com\/pt-pt\/2020\/07\/a-invencao-do-seculo\/#breadcrumb","itemListElement":[{"@type":"ListItem","position":1,"name":"Accueil","item":"https:\/\/www.pressenza.com\/pt-pt\/"},{"@type":"ListItem","position":2,"name":"A inven\u00e7\u00e3o do s\u00e9culo"}]},{"@type":"WebSite","@id":"https:\/\/www.pressenza.com\/pt-pt\/#website","url":"https:\/\/www.pressenza.com\/pt-pt\/","name":"Pressenza","description":"International Press Agency","publisher":{"@id":"https:\/\/www.pressenza.com\/pt-pt\/#organization"},"potentialAction":[{"@type":"SearchAction","target":{"@type":"EntryPoint","urlTemplate":"https:\/\/www.pressenza.com\/pt-pt\/?s={search_term_string}"},"query-input":{"@type":"PropertyValueSpecification","valueRequired":true,"valueName":"search_term_string"}}],"inLanguage":"pt-PT"},{"@type":"Organization","@id":"https:\/\/www.pressenza.com\/pt-pt\/#organization","name":"Pressenza","url":"https:\/\/www.pressenza.com\/pt-pt\/","logo":{"@type":"ImageObject","inLanguage":"pt-PT","@id":"https:\/\/www.pressenza.com\/pt-pt\/#\/schema\/logo\/image\/","url":"https:\/\/www.pressenza.com\/wp-content\/uploads\/2022\/10\/pressenza_logo_200x200.jpg","contentUrl":"https:\/\/www.pressenza.com\/wp-content\/uploads\/2022\/10\/pressenza_logo_200x200.jpg","width":200,"height":200,"caption":"Pressenza"},"image":{"@id":"https:\/\/www.pressenza.com\/pt-pt\/#\/schema\/logo\/image\/"},"sameAs":["https:\/\/www.facebook.com\/PressenzaItalia","https:\/\/x.com\/PressenzaIPA"]},{"@type":"Person","@id":"https:\/\/www.pressenza.com\/pt-pt\/#\/schema\/person\/23cf5828ff22cc74ccb391d78d94cfef","name":"Marco Da Costa","description":"Jornalista e escritor, criador de conte\u00fado para redes sociais, podcasts e textos profissionais.","url":"https:\/\/www.pressenza.com\/pt-pt\/author\/marco-da-costa\/"}]}},"place":"Nova Iorque, EUA","original_article_url":"","_links":{"self":[{"href":"https:\/\/www.pressenza.com\/pt-pt\/wp-json\/wp\/v2\/posts\/1152573","targetHints":{"allow":["GET"]}}],"collection":[{"href":"https:\/\/www.pressenza.com\/pt-pt\/wp-json\/wp\/v2\/posts"}],"about":[{"href":"https:\/\/www.pressenza.com\/pt-pt\/wp-json\/wp\/v2\/types\/post"}],"author":[{"embeddable":true,"href":"https:\/\/www.pressenza.com\/pt-pt\/wp-json\/wp\/v2\/users\/1826"}],"replies":[{"embeddable":true,"href":"https:\/\/www.pressenza.com\/pt-pt\/wp-json\/wp\/v2\/comments?post=1152573"}],"version-history":[{"count":0,"href":"https:\/\/www.pressenza.com\/pt-pt\/wp-json\/wp\/v2\/posts\/1152573\/revisions"}],"wp:featuredmedia":[{"embeddable":true,"href":"https:\/\/www.pressenza.com\/pt-pt\/wp-json\/wp\/v2\/media\/1152574"}],"wp:attachment":[{"href":"https:\/\/www.pressenza.com\/pt-pt\/wp-json\/wp\/v2\/media?parent=1152573"}],"wp:term":[{"taxonomy":"category","embeddable":true,"href":"https:\/\/www.pressenza.com\/pt-pt\/wp-json\/wp\/v2\/categories?post=1152573"},{"taxonomy":"post_tag","embeddable":true,"href":"https:\/\/www.pressenza.com\/pt-pt\/wp-json\/wp\/v2\/tags?post=1152573"}],"curies":[{"name":"wp","href":"https:\/\/api.w.org\/{rel}","templated":true}]}}