{"id":1144131,"date":"2020-06-26T01:00:24","date_gmt":"2020-06-26T00:00:24","guid":{"rendered":"https:\/\/www.pressenza.com\/?p=1144131"},"modified":"2020-06-26T01:25:30","modified_gmt":"2020-06-26T00:25:30","slug":"guterres-pede-a-israel-que-abandone-planos-de-anexacao-de-areas-da-cisjordania","status":"publish","type":"post","link":"https:\/\/www.pressenza.com\/pt-pt\/2020\/06\/guterres-pede-a-israel-que-abandone-planos-de-anexacao-de-areas-da-cisjordania\/","title":{"rendered":"Guterres pede a Israel que abandone planos de anexa\u00e7\u00e3o de \u00e1reas da Cisjord\u00e2nia"},"content":{"rendered":"<p><strong>Secret\u00e1rio-geral fala de \u201cretrocessos na busca de uma solu\u00e7\u00e3o de dois Estados e planos de retoma de negocia\u00e7\u00f5es\u201d; Autoridade Palestina perdeu 80% da receita mensal por recusar impostos que Israel recolhe em seu nome; enviado especial da ONU pede uma chance para a diplomacia.<\/strong><\/p>\n<p>O Conselho de Seguran\u00e7a debateu, esta quarta-feira, a situa\u00e7\u00e3o no Oriente M\u00e9dio, com participa\u00e7\u00e3o de ministros de Estados-membros, do coordenador especial da ONU para o Processo de Paz na regi\u00e3o, Nickolay Mladenov, e do secret\u00e1rio-geral Ant\u00f3nio Guterres.<\/p>\n<p>O chefe da ONU abriu a reuni\u00e3o alertando sobre \u201cum momento decisivo\u201d. Guterres pediu a Israel que abandone \u201cplanos de anexa\u00e7\u00e3o\u201d de territ\u00f3rios na Cisjord\u00e2nia. Segundo ele, uma poss\u00edvel anexa\u00e7\u00e3o poderia \u201cminar de forma grave o direito internacional, prejudicar gravemente a perspectiva de uma solu\u00e7\u00e3o de dois Estados e debilitar as possibilidades de renova\u00e7\u00e3o de negocia\u00e7\u00f5es.\u201d<\/p>\n<h4>Autoridade<\/h4>\n<p>Guterres mencionou a decis\u00e3o unilateral da lideran\u00e7a palestina de se retirar de todos os acordos com Israel e Estados Unidos.<\/p>\n<p>O secret\u00e1rio-geral citou ainda a crise da Covid-19, a redu\u00e7\u00e3o do apoio de doadores e a recente decis\u00e3o da Autoridade Palestina de n\u00e3o aceitar impostos que Israel recolhe em seu nome como parte da oposi\u00e7\u00e3o aos planos de anexa\u00e7\u00e3o.<\/p>\n<p>At\u00e9 agora, a situa\u00e7\u00e3o levou \u00e0 perda de 80% da receita mensal da Autoridade Palestina, segundo o coordenador especial para o Processo de Paz no Oriente M\u00e9dio. Nickolay Mladenov alertou que essa lacuna \u201cn\u00e3o pode ser preenchida por doadores.\u201d<\/p>\n<h4>Incerteza<\/h4>\n<p>Com o aumento da incerteza econ\u00f4mica, os mais vulner\u00e1veis s\u00e3o palestinos isolados em Gaza e \u201csob o controle do Hamas h\u00e1 mais de uma d\u00e9cada\u201d. Mladenov alertou para a falta de tratamento essencial com o fim da coordena\u00e7\u00e3o civil.<\/p>\n<p>Ele destacou que a ONU e outras organiza\u00e7\u00f5es t\u00eam sido cada vez mais solicitadas a assumir tarefas de coordena\u00e7\u00e3o.<\/p>\n<p>O enviado disse que com a redu\u00e7\u00e3o da perspectiva de uma solu\u00e7\u00e3o negociada de dois Estados surge o espectro de f\u00faria, radicaliza\u00e7\u00e3o e viol\u00eancia.<\/p>\n<h4>Mensagem<\/h4>\n<p>Para o coordenador, a amea\u00e7a de anexa\u00e7\u00e3o de \u00e1reas da Cisjord\u00e2nia tem implica\u00e7\u00f5es legais, na seguran\u00e7a e na economia. Mas tamb\u00e9m enviar\u00e1 \u201cuma mensagem de que negocia\u00e7\u00f5es bilaterais n\u00e3o podem alcan\u00e7ar uma paz justa\u201d, o que segundo ele n\u00e3o se pode permitir.<\/p>\n<p>Mladenov alertou que \u201cnada de bom pode resultar do colapso do di\u00e1logo e da comunica\u00e7\u00e3o\u201d. Ele pediu que seja dada uma oportunidade \u00e0 diplomacia para resolver a atual situa\u00e7\u00e3o no Oriente M\u00e9dio.<\/p>\n","protected":false},"excerpt":{"rendered":"<p>Secret\u00e1rio-geral fala de \u201cretrocessos na busca de uma solu\u00e7\u00e3o de dois Estados e planos de retoma de negocia\u00e7\u00f5es\u201d; Autoridade Palestina perdeu 80% da receita mensal por recusar impostos que Israel recolhe em seu nome; enviado especial da ONU pede uma&hellip;<\/p>\n","protected":false},"author":933,"featured_media":1144132,"comment_status":"closed","ping_status":"closed","sticky":false,"template":"","format":"standard","meta":{"footnotes":""},"categories":[108,1257,111],"tags":[64114,77872,2625,2623],"class_list":["post-1144131","post","type-post","status-publish","format-standard","has-post-thumbnail","hentry","category-oriente-medio","category-paz-desarmamento","category-politica-pt-pt","tag-cisjordania-pt-pt","tag-guterres-pt-pt","tag-israel-pt-pt","tag-onu-pt-pt"],"yoast_head":"<!-- This site is optimized with the Yoast SEO plugin v27.1.1 - https:\/\/yoast.com\/product\/yoast-seo-wordpress\/ -->\n<title>Guterres pede a Israel que abandone planos de anexa\u00e7\u00e3o de \u00e1reas da Cisjord\u00e2nia<\/title>\n<meta name=\"description\" content=\"Secret\u00e1rio-geral fala de \u201cretrocessos na busca de uma solu\u00e7\u00e3o de dois Estados e planos de retoma de negocia\u00e7\u00f5es\u201d; Autoridade Palestina perdeu 80% da\" \/>\n<meta name=\"robots\" content=\"index, follow, max-snippet:-1, max-image-preview:large, max-video-preview:-1\" \/>\n<link rel=\"canonical\" href=\"https:\/\/www.pressenza.com\/pt-pt\/2020\/06\/guterres-pede-a-israel-que-abandone-planos-de-anexacao-de-areas-da-cisjordania\/\" \/>\n<meta property=\"og:locale\" content=\"pt_PT\" \/>\n<meta property=\"og:type\" content=\"article\" \/>\n<meta property=\"og:title\" content=\"Guterres pede a Israel que abandone planos de anexa\u00e7\u00e3o de \u00e1reas da Cisjord\u00e2nia\" \/>\n<meta property=\"og:description\" content=\"Secret\u00e1rio-geral fala de \u201cretrocessos na busca de uma solu\u00e7\u00e3o de dois Estados e planos de retoma de negocia\u00e7\u00f5es\u201d; Autoridade Palestina perdeu 80% da\" \/>\n<meta property=\"og:url\" content=\"https:\/\/www.pressenza.com\/pt-pt\/2020\/06\/guterres-pede-a-israel-que-abandone-planos-de-anexacao-de-areas-da-cisjordania\/\" \/>\n<meta property=\"og:site_name\" content=\"Pressenza\" \/>\n<meta property=\"article:publisher\" content=\"https:\/\/www.facebook.com\/PressenzaItalia\" \/>\n<meta property=\"article:author\" content=\"https:\/\/www.facebook.com\/UN.News.Centre\" \/>\n<meta property=\"article:published_time\" content=\"2020-06-26T00:00:24+00:00\" \/>\n<meta property=\"article:modified_time\" content=\"2020-06-26T00:25:30+00:00\" \/>\n<meta property=\"og:image\" content=\"https:\/\/www.pressenza.com\/wp-content\/uploads\/2020\/06\/image1170x530cropped-1-1.jpg\" \/>\n\t<meta property=\"og:image:width\" content=\"1178\" \/>\n\t<meta property=\"og:image:height\" content=\"530\" \/>\n\t<meta property=\"og:image:type\" content=\"image\/jpeg\" \/>\n<meta name=\"author\" content=\"UN News Centre\" \/>\n<meta name=\"twitter:card\" content=\"summary_large_image\" \/>\n<meta name=\"twitter:creator\" content=\"@UN_News_Centre\" \/>\n<meta name=\"twitter:site\" content=\"@PressenzaIPA\" \/>\n<meta name=\"twitter:label1\" content=\"Escrito por\" \/>\n\t<meta name=\"twitter:data1\" content=\"UN News Centre\" \/>\n\t<meta name=\"twitter:label2\" content=\"Tempo estimado de leitura\" \/>\n\t<meta name=\"twitter:data2\" content=\"2 minutos\" \/>\n<script type=\"application\/ld+json\" class=\"yoast-schema-graph\">{\"@context\":\"https:\/\/schema.org\",\"@graph\":[{\"@type\":\"Article\",\"@id\":\"https:\/\/www.pressenza.com\/pt-pt\/2020\/06\/guterres-pede-a-israel-que-abandone-planos-de-anexacao-de-areas-da-cisjordania\/#article\",\"isPartOf\":{\"@id\":\"https:\/\/www.pressenza.com\/pt-pt\/2020\/06\/guterres-pede-a-israel-que-abandone-planos-de-anexacao-de-areas-da-cisjordania\/\"},\"author\":{\"name\":\"UN News Centre\",\"@id\":\"https:\/\/www.pressenza.com\/pt-pt\/#\/schema\/person\/868696f3a70d4f8ef7caec14cc979248\"},\"headline\":\"Guterres pede a Israel que abandone planos de anexa\u00e7\u00e3o de \u00e1reas da Cisjord\u00e2nia\",\"datePublished\":\"2020-06-26T00:00:24+00:00\",\"dateModified\":\"2020-06-26T00:25:30+00:00\",\"mainEntityOfPage\":{\"@id\":\"https:\/\/www.pressenza.com\/pt-pt\/2020\/06\/guterres-pede-a-israel-que-abandone-planos-de-anexacao-de-areas-da-cisjordania\/\"},\"wordCount\":462,\"publisher\":{\"@id\":\"https:\/\/www.pressenza.com\/pt-pt\/#organization\"},\"image\":{\"@id\":\"https:\/\/www.pressenza.com\/pt-pt\/2020\/06\/guterres-pede-a-israel-que-abandone-planos-de-anexacao-de-areas-da-cisjordania\/#primaryimage\"},\"thumbnailUrl\":\"https:\/\/www.pressenza.com\/wp-content\/uploads\/2020\/06\/image1170x530cropped-1-1.jpg\",\"keywords\":[\"Cisjordania\",\"Guterres\",\"Israel\",\"ONU\"],\"articleSection\":[\"Oriente M\u00e9dio\",\"Paz e Desarmamento\",\"Pol\u00edtica\"],\"inLanguage\":\"pt-PT\"},{\"@type\":\"WebPage\",\"@id\":\"https:\/\/www.pressenza.com\/pt-pt\/2020\/06\/guterres-pede-a-israel-que-abandone-planos-de-anexacao-de-areas-da-cisjordania\/\",\"url\":\"https:\/\/www.pressenza.com\/pt-pt\/2020\/06\/guterres-pede-a-israel-que-abandone-planos-de-anexacao-de-areas-da-cisjordania\/\",\"name\":\"Guterres pede a Israel que abandone planos de anexa\u00e7\u00e3o de \u00e1reas da Cisjord\u00e2nia\",\"isPartOf\":{\"@id\":\"https:\/\/www.pressenza.com\/pt-pt\/#website\"},\"primaryImageOfPage\":{\"@id\":\"https:\/\/www.pressenza.com\/pt-pt\/2020\/06\/guterres-pede-a-israel-que-abandone-planos-de-anexacao-de-areas-da-cisjordania\/#primaryimage\"},\"image\":{\"@id\":\"https:\/\/www.pressenza.com\/pt-pt\/2020\/06\/guterres-pede-a-israel-que-abandone-planos-de-anexacao-de-areas-da-cisjordania\/#primaryimage\"},\"thumbnailUrl\":\"https:\/\/www.pressenza.com\/wp-content\/uploads\/2020\/06\/image1170x530cropped-1-1.jpg\",\"datePublished\":\"2020-06-26T00:00:24+00:00\",\"dateModified\":\"2020-06-26T00:25:30+00:00\",\"description\":\"Secret\u00e1rio-geral fala de \u201cretrocessos na busca de uma solu\u00e7\u00e3o de dois Estados e planos de retoma de negocia\u00e7\u00f5es\u201d; Autoridade Palestina perdeu 80% da\",\"breadcrumb\":{\"@id\":\"https:\/\/www.pressenza.com\/pt-pt\/2020\/06\/guterres-pede-a-israel-que-abandone-planos-de-anexacao-de-areas-da-cisjordania\/#breadcrumb\"},\"inLanguage\":\"pt-PT\",\"potentialAction\":[{\"@type\":\"ReadAction\",\"target\":[\"https:\/\/www.pressenza.com\/pt-pt\/2020\/06\/guterres-pede-a-israel-que-abandone-planos-de-anexacao-de-areas-da-cisjordania\/\"]}]},{\"@type\":\"ImageObject\",\"inLanguage\":\"pt-PT\",\"@id\":\"https:\/\/www.pressenza.com\/pt-pt\/2020\/06\/guterres-pede-a-israel-que-abandone-planos-de-anexacao-de-areas-da-cisjordania\/#primaryimage\",\"url\":\"https:\/\/www.pressenza.com\/wp-content\/uploads\/2020\/06\/image1170x530cropped-1-1.jpg\",\"contentUrl\":\"https:\/\/www.pressenza.com\/wp-content\/uploads\/2020\/06\/image1170x530cropped-1-1.jpg\",\"width\":1178,\"height\":530},{\"@type\":\"BreadcrumbList\",\"@id\":\"https:\/\/www.pressenza.com\/pt-pt\/2020\/06\/guterres-pede-a-israel-que-abandone-planos-de-anexacao-de-areas-da-cisjordania\/#breadcrumb\",\"itemListElement\":[{\"@type\":\"ListItem\",\"position\":1,\"name\":\"Accueil\",\"item\":\"https:\/\/www.pressenza.com\/pt-pt\/\"},{\"@type\":\"ListItem\",\"position\":2,\"name\":\"Guterres pede a Israel que abandone planos de anexa\u00e7\u00e3o de \u00e1reas da Cisjord\u00e2nia\"}]},{\"@type\":\"WebSite\",\"@id\":\"https:\/\/www.pressenza.com\/pt-pt\/#website\",\"url\":\"https:\/\/www.pressenza.com\/pt-pt\/\",\"name\":\"Pressenza\",\"description\":\"International Press Agency\",\"publisher\":{\"@id\":\"https:\/\/www.pressenza.com\/pt-pt\/#organization\"},\"potentialAction\":[{\"@type\":\"SearchAction\",\"target\":{\"@type\":\"EntryPoint\",\"urlTemplate\":\"https:\/\/www.pressenza.com\/pt-pt\/?s={search_term_string}\"},\"query-input\":{\"@type\":\"PropertyValueSpecification\",\"valueRequired\":true,\"valueName\":\"search_term_string\"}}],\"inLanguage\":\"pt-PT\"},{\"@type\":\"Organization\",\"@id\":\"https:\/\/www.pressenza.com\/pt-pt\/#organization\",\"name\":\"Pressenza\",\"url\":\"https:\/\/www.pressenza.com\/pt-pt\/\",\"logo\":{\"@type\":\"ImageObject\",\"inLanguage\":\"pt-PT\",\"@id\":\"https:\/\/www.pressenza.com\/pt-pt\/#\/schema\/logo\/image\/\",\"url\":\"https:\/\/www.pressenza.com\/wp-content\/uploads\/2022\/10\/pressenza_logo_200x200.jpg\",\"contentUrl\":\"https:\/\/www.pressenza.com\/wp-content\/uploads\/2022\/10\/pressenza_logo_200x200.jpg\",\"width\":200,\"height\":200,\"caption\":\"Pressenza\"},\"image\":{\"@id\":\"https:\/\/www.pressenza.com\/pt-pt\/#\/schema\/logo\/image\/\"},\"sameAs\":[\"https:\/\/www.facebook.com\/PressenzaItalia\",\"https:\/\/x.com\/PressenzaIPA\"]},{\"@type\":\"Person\",\"@id\":\"https:\/\/www.pressenza.com\/pt-pt\/#\/schema\/person\/868696f3a70d4f8ef7caec14cc979248\",\"name\":\"UN News Centre\",\"description\":\"News from the UN News Service www.un.org\/News\/\",\"sameAs\":[\"http:\/\/www.un.org\/News\/\",\"https:\/\/www.facebook.com\/UN.News.Centre\",\"https:\/\/x.com\/UN_News_Centre\"],\"url\":\"https:\/\/www.pressenza.com\/pt-pt\/author\/unnewscentre\/\"}]}<\/script>\n<!-- \/ Yoast SEO plugin. -->","yoast_head_json":{"title":"Guterres pede a Israel que abandone planos de anexa\u00e7\u00e3o de \u00e1reas da Cisjord\u00e2nia","description":"Secret\u00e1rio-geral fala de \u201cretrocessos na busca de uma solu\u00e7\u00e3o de dois Estados e planos de retoma de negocia\u00e7\u00f5es\u201d; Autoridade Palestina perdeu 80% da","robots":{"index":"index","follow":"follow","max-snippet":"max-snippet:-1","max-image-preview":"max-image-preview:large","max-video-preview":"max-video-preview:-1"},"canonical":"https:\/\/www.pressenza.com\/pt-pt\/2020\/06\/guterres-pede-a-israel-que-abandone-planos-de-anexacao-de-areas-da-cisjordania\/","og_locale":"pt_PT","og_type":"article","og_title":"Guterres pede a Israel que abandone planos de anexa\u00e7\u00e3o de \u00e1reas da Cisjord\u00e2nia","og_description":"Secret\u00e1rio-geral fala de \u201cretrocessos na busca de uma solu\u00e7\u00e3o de dois Estados e planos de retoma de negocia\u00e7\u00f5es\u201d; Autoridade Palestina perdeu 80% da","og_url":"https:\/\/www.pressenza.com\/pt-pt\/2020\/06\/guterres-pede-a-israel-que-abandone-planos-de-anexacao-de-areas-da-cisjordania\/","og_site_name":"Pressenza","article_publisher":"https:\/\/www.facebook.com\/PressenzaItalia","article_author":"https:\/\/www.facebook.com\/UN.News.Centre","article_published_time":"2020-06-26T00:00:24+00:00","article_modified_time":"2020-06-26T00:25:30+00:00","og_image":[{"width":1178,"height":530,"url":"https:\/\/www.pressenza.com\/wp-content\/uploads\/2020\/06\/image1170x530cropped-1-1.jpg","type":"image\/jpeg"}],"author":"UN News Centre","twitter_card":"summary_large_image","twitter_creator":"@UN_News_Centre","twitter_site":"@PressenzaIPA","twitter_misc":{"Escrito por":"UN News Centre","Tempo estimado de leitura":"2 minutos"},"schema":{"@context":"https:\/\/schema.org","@graph":[{"@type":"Article","@id":"https:\/\/www.pressenza.com\/pt-pt\/2020\/06\/guterres-pede-a-israel-que-abandone-planos-de-anexacao-de-areas-da-cisjordania\/#article","isPartOf":{"@id":"https:\/\/www.pressenza.com\/pt-pt\/2020\/06\/guterres-pede-a-israel-que-abandone-planos-de-anexacao-de-areas-da-cisjordania\/"},"author":{"name":"UN News Centre","@id":"https:\/\/www.pressenza.com\/pt-pt\/#\/schema\/person\/868696f3a70d4f8ef7caec14cc979248"},"headline":"Guterres pede a Israel que abandone planos de anexa\u00e7\u00e3o de \u00e1reas da Cisjord\u00e2nia","datePublished":"2020-06-26T00:00:24+00:00","dateModified":"2020-06-26T00:25:30+00:00","mainEntityOfPage":{"@id":"https:\/\/www.pressenza.com\/pt-pt\/2020\/06\/guterres-pede-a-israel-que-abandone-planos-de-anexacao-de-areas-da-cisjordania\/"},"wordCount":462,"publisher":{"@id":"https:\/\/www.pressenza.com\/pt-pt\/#organization"},"image":{"@id":"https:\/\/www.pressenza.com\/pt-pt\/2020\/06\/guterres-pede-a-israel-que-abandone-planos-de-anexacao-de-areas-da-cisjordania\/#primaryimage"},"thumbnailUrl":"https:\/\/www.pressenza.com\/wp-content\/uploads\/2020\/06\/image1170x530cropped-1-1.jpg","keywords":["Cisjordania","Guterres","Israel","ONU"],"articleSection":["Oriente M\u00e9dio","Paz e Desarmamento","Pol\u00edtica"],"inLanguage":"pt-PT"},{"@type":"WebPage","@id":"https:\/\/www.pressenza.com\/pt-pt\/2020\/06\/guterres-pede-a-israel-que-abandone-planos-de-anexacao-de-areas-da-cisjordania\/","url":"https:\/\/www.pressenza.com\/pt-pt\/2020\/06\/guterres-pede-a-israel-que-abandone-planos-de-anexacao-de-areas-da-cisjordania\/","name":"Guterres pede a Israel que abandone planos de anexa\u00e7\u00e3o de \u00e1reas da Cisjord\u00e2nia","isPartOf":{"@id":"https:\/\/www.pressenza.com\/pt-pt\/#website"},"primaryImageOfPage":{"@id":"https:\/\/www.pressenza.com\/pt-pt\/2020\/06\/guterres-pede-a-israel-que-abandone-planos-de-anexacao-de-areas-da-cisjordania\/#primaryimage"},"image":{"@id":"https:\/\/www.pressenza.com\/pt-pt\/2020\/06\/guterres-pede-a-israel-que-abandone-planos-de-anexacao-de-areas-da-cisjordania\/#primaryimage"},"thumbnailUrl":"https:\/\/www.pressenza.com\/wp-content\/uploads\/2020\/06\/image1170x530cropped-1-1.jpg","datePublished":"2020-06-26T00:00:24+00:00","dateModified":"2020-06-26T00:25:30+00:00","description":"Secret\u00e1rio-geral fala de \u201cretrocessos na busca de uma solu\u00e7\u00e3o de dois Estados e planos de retoma de negocia\u00e7\u00f5es\u201d; Autoridade Palestina perdeu 80% da","breadcrumb":{"@id":"https:\/\/www.pressenza.com\/pt-pt\/2020\/06\/guterres-pede-a-israel-que-abandone-planos-de-anexacao-de-areas-da-cisjordania\/#breadcrumb"},"inLanguage":"pt-PT","potentialAction":[{"@type":"ReadAction","target":["https:\/\/www.pressenza.com\/pt-pt\/2020\/06\/guterres-pede-a-israel-que-abandone-planos-de-anexacao-de-areas-da-cisjordania\/"]}]},{"@type":"ImageObject","inLanguage":"pt-PT","@id":"https:\/\/www.pressenza.com\/pt-pt\/2020\/06\/guterres-pede-a-israel-que-abandone-planos-de-anexacao-de-areas-da-cisjordania\/#primaryimage","url":"https:\/\/www.pressenza.com\/wp-content\/uploads\/2020\/06\/image1170x530cropped-1-1.jpg","contentUrl":"https:\/\/www.pressenza.com\/wp-content\/uploads\/2020\/06\/image1170x530cropped-1-1.jpg","width":1178,"height":530},{"@type":"BreadcrumbList","@id":"https:\/\/www.pressenza.com\/pt-pt\/2020\/06\/guterres-pede-a-israel-que-abandone-planos-de-anexacao-de-areas-da-cisjordania\/#breadcrumb","itemListElement":[{"@type":"ListItem","position":1,"name":"Accueil","item":"https:\/\/www.pressenza.com\/pt-pt\/"},{"@type":"ListItem","position":2,"name":"Guterres pede a Israel que abandone planos de anexa\u00e7\u00e3o de \u00e1reas da Cisjord\u00e2nia"}]},{"@type":"WebSite","@id":"https:\/\/www.pressenza.com\/pt-pt\/#website","url":"https:\/\/www.pressenza.com\/pt-pt\/","name":"Pressenza","description":"International Press Agency","publisher":{"@id":"https:\/\/www.pressenza.com\/pt-pt\/#organization"},"potentialAction":[{"@type":"SearchAction","target":{"@type":"EntryPoint","urlTemplate":"https:\/\/www.pressenza.com\/pt-pt\/?s={search_term_string}"},"query-input":{"@type":"PropertyValueSpecification","valueRequired":true,"valueName":"search_term_string"}}],"inLanguage":"pt-PT"},{"@type":"Organization","@id":"https:\/\/www.pressenza.com\/pt-pt\/#organization","name":"Pressenza","url":"https:\/\/www.pressenza.com\/pt-pt\/","logo":{"@type":"ImageObject","inLanguage":"pt-PT","@id":"https:\/\/www.pressenza.com\/pt-pt\/#\/schema\/logo\/image\/","url":"https:\/\/www.pressenza.com\/wp-content\/uploads\/2022\/10\/pressenza_logo_200x200.jpg","contentUrl":"https:\/\/www.pressenza.com\/wp-content\/uploads\/2022\/10\/pressenza_logo_200x200.jpg","width":200,"height":200,"caption":"Pressenza"},"image":{"@id":"https:\/\/www.pressenza.com\/pt-pt\/#\/schema\/logo\/image\/"},"sameAs":["https:\/\/www.facebook.com\/PressenzaItalia","https:\/\/x.com\/PressenzaIPA"]},{"@type":"Person","@id":"https:\/\/www.pressenza.com\/pt-pt\/#\/schema\/person\/868696f3a70d4f8ef7caec14cc979248","name":"UN News Centre","description":"News from the UN News Service www.un.org\/News\/","sameAs":["http:\/\/www.un.org\/News\/","https:\/\/www.facebook.com\/UN.News.Centre","https:\/\/x.com\/UN_News_Centre"],"url":"https:\/\/www.pressenza.com\/pt-pt\/author\/unnewscentre\/"}]}},"place":"","original_article_url":"https:\/\/news.un.org\/pt\/story\/2020\/06\/1718092?utm_source=ONU+News+-+Newsletter&utm_campaign=41c7b04dcf-EMAIL_CAMPAIGN_2020_06_26_12_00&utm_medium=email&utm_term=0_98793f891c-41c7b04dcf-107091005","_links":{"self":[{"href":"https:\/\/www.pressenza.com\/pt-pt\/wp-json\/wp\/v2\/posts\/1144131","targetHints":{"allow":["GET"]}}],"collection":[{"href":"https:\/\/www.pressenza.com\/pt-pt\/wp-json\/wp\/v2\/posts"}],"about":[{"href":"https:\/\/www.pressenza.com\/pt-pt\/wp-json\/wp\/v2\/types\/post"}],"author":[{"embeddable":true,"href":"https:\/\/www.pressenza.com\/pt-pt\/wp-json\/wp\/v2\/users\/933"}],"replies":[{"embeddable":true,"href":"https:\/\/www.pressenza.com\/pt-pt\/wp-json\/wp\/v2\/comments?post=1144131"}],"version-history":[{"count":0,"href":"https:\/\/www.pressenza.com\/pt-pt\/wp-json\/wp\/v2\/posts\/1144131\/revisions"}],"wp:featuredmedia":[{"embeddable":true,"href":"https:\/\/www.pressenza.com\/pt-pt\/wp-json\/wp\/v2\/media\/1144132"}],"wp:attachment":[{"href":"https:\/\/www.pressenza.com\/pt-pt\/wp-json\/wp\/v2\/media?parent=1144131"}],"wp:term":[{"taxonomy":"category","embeddable":true,"href":"https:\/\/www.pressenza.com\/pt-pt\/wp-json\/wp\/v2\/categories?post=1144131"},{"taxonomy":"post_tag","embeddable":true,"href":"https:\/\/www.pressenza.com\/pt-pt\/wp-json\/wp\/v2\/tags?post=1144131"}],"curies":[{"name":"wp","href":"https:\/\/api.w.org\/{rel}","templated":true}]}}