{"id":1142818,"date":"2020-06-24T00:21:06","date_gmt":"2020-06-23T23:21:06","guid":{"rendered":"https:\/\/www.pressenza.com\/?p=1142818"},"modified":"2020-06-24T00:22:11","modified_gmt":"2020-06-23T23:22:11","slug":"pacto-eco-social-do-sul","status":"publish","type":"post","link":"https:\/\/www.pressenza.com\/pt-pt\/2020\/06\/pacto-eco-social-do-sul\/","title":{"rendered":"Pacto Eco Social do Sul"},"content":{"rendered":"<p><strong>Comunicado de imprensa<\/strong><\/p>\n<p>Na quarta-feira, 24 de Junho, ter\u00e1 lugar o lan\u00e7amento p\u00fablico virtual do Pacto EcoSocial do Sul, uma proposta auto-convocada por um conjunto de organiza\u00e7\u00f5es sociais e individuais com vista a configurar em conjunto &#8220;um horizonte colectivo de transforma\u00e7\u00e3o para a Nossa Am\u00e9rica que garanta um futuro digno&#8221;.<\/p>\n<p>O evento ter\u00e1 lugar na <a href=\"https:\/\/www.clacso.org\/actividad\/presentacion-del-pacto-social-ecologico-economico-e-intercultural-para-america-latina\/\" target=\"_blank\" rel=\"noopener noreferrer\">plataforma do Conselho Latino-americano de Ci\u00eancias Sociais<\/a> (CLACSO), com o apoio da Associa\u00e7\u00e3o Latino-americana de Sociologia (ALAS), \u00e0s 16h00 no M\u00e9xico, Col\u00f4mbia, Equador e Peru, \u00e0s 17h00 na Venezuela e Bol\u00edvia, \u00e0s 18h00 na Argentina, Brasil, Uruguai e Paraguai, na quarta-feira, 24 de Junho.<\/p>\n<p>A soci\u00f3loga, investigadora e escritora argentina <strong>Maristella Svampa<\/strong>, o gestor cultural boliviano, membro do movimento Cultura Viva Comunit\u00e1ria, <strong>Mario Rodriguez<\/strong>, bem como o pensador colombiano p\u00f3s-desenvolvimento <strong>Arturo Escobar<\/strong>,\u00a0 apresentar\u00e3o a iniciativa. Convidaram os activistas socioambientais como a l\u00edder afrodescendente <strong>Francia M\u00e1rquez<\/strong>, da Col\u00f4mbia, um l\u00edder sindical, um representante do movimento dos sem abrigo do Brasil, l\u00edderes ind\u00edgenas e afrodescendentes, bem como <strong>Vandana Shiva<\/strong>, fil\u00f3sofa e ecofeminista da India, e o l\u00edder ambientalista nigeriano <strong>Nnimmo Bassey<\/strong>.<\/p>\n<p>O Pacto Eco-Social do Sul procura &#8220;contrariar a din\u00e2mica de realojamento capitalista, concentra\u00e7\u00e3o da riqueza e destrui\u00e7\u00e3o dos ecossistemas que vemos emergir em plena crise da COVID-19&#8221;, combinando justi\u00e7a social, de g\u00e9nero, \u00e9tnica e ecol\u00f3gica. Desde o seu aparecimento na Internet, em 2 de Junho, e antes do seu lan\u00e7amento oficial, j\u00e1 reuniu o apoio de 1.700 indiv\u00edduos e 350 organiza\u00e7\u00f5es em toda a Am\u00e9rica Latina.<\/p>\n<p>O pacto procura reorganizar as sociedades em torno do cuidar da vida. As propostas incluem a reforma fiscal progressiva, a introdu\u00e7\u00e3o de um rendimento b\u00e1sico universal, a anula\u00e7\u00e3o da d\u00edvida externa, a prioriza\u00e7\u00e3o da soberania alimentar e uma transi\u00e7\u00e3o s\u00f3cio-ecol\u00f3gica radical.<\/p>\n<p>Entre os signat\u00e1rios est\u00e3o, por exemplo, o ecologista brasileiro <strong>Leonardo Boff<\/strong>, o escritor colombiano <strong>William Ospina<\/strong>, a antrop\u00f3loga feminista <strong>Rita Segato<\/strong>, a defensora dos direitos ind\u00edgenas <strong>Patricia Gualinga<\/strong> e o ex-presidente da Assembleia Constituinte do Equador, <strong>Alberto Acosta<\/strong>.<\/p>\n<p><strong>Contactos:<br \/>\n<\/strong>Argentina: Maristella Svampa:\u00a0<a href=\"mailto:maristellasvampa@yahoo.com\">maristellasvampa@yahoo.com<\/a>; Bolivia: Mario Rodr\u00edguez Ib\u00e1\u00f1ez:\u00a0<a href=\"mailto:mario.reddiversidad@gmail.com\">mario.reddiversidad@gmail.com<\/a>; Brasil: Breno Bringel:\u00a0<a href=\"mailto:brenobringel@gmail.com\">brenobringel@gmail.com<\/a>; Chile: Lucio Cuenca:\u00a0<a href=\"mailto:cuenca.lucio@gmail.com\">cuenca.lucio@gmail.com<\/a>; Colombia: Arturo Escobar:\u00a0<a href=\"mailto:turoescobar@gmail.com\">turoescobar@gmail.com<\/a>; Tatiana Roa Avenda\u00f1o:\u00a0<a href=\"mailto:troaa@censat.org\">troaa@censat.org<\/a>; Ecuador: Alberto Acosta:\u00a0<a href=\"mailto:alacosta49@yahoo.com\">alacosta49@yahoo.com<\/a>; Esperanza Mart\u00ednez:\u00a0<a href=\"mailto:esperanza@accionecol%C3%B3gica.org\">esperanza@accionecol\u00f3gica.org<\/a>; Per\u00fa: Jaime Borda:\u00a0<a href=\"mailto:jaime_borda@yahoo.es\">jaime_borda@yahoo.es<\/a>; Jos\u00e9 de Echave:\u00a0<a href=\"mailto:jdeechave@cooperaccion.org.pe\">jdeechave@cooperaccion.org.pe<\/a>; Venezuela: Edgardo Lander:\u00a0<a href=\"mailto:elanderl@yahoo.com\">elanderl@yahoo.com<\/a>Pacto<\/p>\n","protected":false},"excerpt":{"rendered":"<p>Comunicado de imprensa Na quarta-feira, 24 de Junho, ter\u00e1 lugar o lan\u00e7amento p\u00fablico virtual do Pacto EcoSocial do Sul, uma proposta auto-convocada por um conjunto de organiza\u00e7\u00f5es sociais e individuais com vista a configurar em conjunto &#8220;um horizonte colectivo de&hellip;<\/p>\n","protected":false},"author":1011,"featured_media":1142713,"comment_status":"closed","ping_status":"closed","sticky":false,"template":"","format":"standard","meta":{"footnotes":""},"categories":[104,1255,115,153,111],"tags":[77788],"class_list":["post-1142818","post","type-post","status-publish","format-standard","has-post-thumbnail","hentry","category-america-do-sul","category-diversidade","category-ecologia-e-meio-ambiente","category-nota-de-imprensa","category-politica-pt-pt","tag-pacto-eco-social-do-sul"],"yoast_head":"<!-- This site is optimized with the Yoast SEO plugin v27.1.1 - https:\/\/yoast.com\/product\/yoast-seo-wordpress\/ -->\n<title>Pacto Eco Social do Sul<\/title>\n<meta name=\"description\" content=\"Comunicado de imprensa Na quarta-feira, 24 de Junho, ter\u00e1 lugar o lan\u00e7amento p\u00fablico virtual do Pacto EcoSocial do Sul, uma proposta auto-convocada por um\" \/>\n<meta name=\"robots\" content=\"index, follow, max-snippet:-1, max-image-preview:large, max-video-preview:-1\" \/>\n<link rel=\"canonical\" href=\"https:\/\/www.pressenza.com\/pt-pt\/2020\/06\/pacto-eco-social-do-sul\/\" \/>\n<meta property=\"og:locale\" content=\"pt_PT\" \/>\n<meta property=\"og:type\" content=\"article\" \/>\n<meta property=\"og:title\" content=\"Pacto Eco Social do Sul\" \/>\n<meta property=\"og:description\" content=\"Comunicado de imprensa Na quarta-feira, 24 de Junho, ter\u00e1 lugar o lan\u00e7amento p\u00fablico virtual do Pacto EcoSocial do Sul, uma proposta auto-convocada por um\" \/>\n<meta property=\"og:url\" content=\"https:\/\/www.pressenza.com\/pt-pt\/2020\/06\/pacto-eco-social-do-sul\/\" \/>\n<meta property=\"og:site_name\" content=\"Pressenza\" \/>\n<meta property=\"article:publisher\" content=\"https:\/\/www.facebook.com\/PressenzaItalia\" \/>\n<meta property=\"article:published_time\" content=\"2020-06-23T23:21:06+00:00\" \/>\n<meta property=\"article:modified_time\" content=\"2020-06-23T23:22:11+00:00\" \/>\n<meta property=\"og:image\" content=\"https:\/\/www.pressenza.com\/wp-content\/uploads\/2020\/06\/post-webinar.png\" \/>\n\t<meta property=\"og:image:width\" content=\"1920\" \/>\n\t<meta property=\"og:image:height\" content=\"1484\" \/>\n\t<meta property=\"og:image:type\" content=\"image\/png\" \/>\n<meta name=\"author\" content=\"Redacci\u00f3n Ecuador\" \/>\n<meta name=\"twitter:card\" content=\"summary_large_image\" \/>\n<meta name=\"twitter:creator\" content=\"@PressenzaIPA\" \/>\n<meta name=\"twitter:site\" content=\"@PressenzaIPA\" \/>\n<meta name=\"twitter:label1\" content=\"Escrito por\" \/>\n\t<meta name=\"twitter:data1\" content=\"Redacci\u00f3n Ecuador\" \/>\n\t<meta name=\"twitter:label2\" content=\"Tempo estimado de leitura\" \/>\n\t<meta name=\"twitter:data2\" content=\"2 minutos\" \/>\n<script type=\"application\/ld+json\" class=\"yoast-schema-graph\">{\"@context\":\"https:\/\/schema.org\",\"@graph\":[{\"@type\":\"Article\",\"@id\":\"https:\/\/www.pressenza.com\/pt-pt\/2020\/06\/pacto-eco-social-do-sul\/#article\",\"isPartOf\":{\"@id\":\"https:\/\/www.pressenza.com\/pt-pt\/2020\/06\/pacto-eco-social-do-sul\/\"},\"author\":{\"name\":\"Redacci\u00f3n Ecuador\",\"@id\":\"https:\/\/www.pressenza.com\/pt-pt\/#\/schema\/person\/883a735c40665759bcc6fe0c26bcb46f\"},\"headline\":\"Pacto Eco Social do Sul\",\"datePublished\":\"2020-06-23T23:21:06+00:00\",\"dateModified\":\"2020-06-23T23:22:11+00:00\",\"mainEntityOfPage\":{\"@id\":\"https:\/\/www.pressenza.com\/pt-pt\/2020\/06\/pacto-eco-social-do-sul\/\"},\"wordCount\":439,\"publisher\":{\"@id\":\"https:\/\/www.pressenza.com\/pt-pt\/#organization\"},\"image\":{\"@id\":\"https:\/\/www.pressenza.com\/pt-pt\/2020\/06\/pacto-eco-social-do-sul\/#primaryimage\"},\"thumbnailUrl\":\"https:\/\/www.pressenza.com\/wp-content\/uploads\/2020\/06\/post-webinar.png\",\"keywords\":[\"Pacto Eco Social do Sul\"],\"articleSection\":[\"\u00c1m\u00e9rica do Sul\",\"Diversidade\",\"Ecologia e Meio Ambiente\",\"Nota de imprensa\",\"Pol\u00edtica\"],\"inLanguage\":\"pt-PT\"},{\"@type\":\"WebPage\",\"@id\":\"https:\/\/www.pressenza.com\/pt-pt\/2020\/06\/pacto-eco-social-do-sul\/\",\"url\":\"https:\/\/www.pressenza.com\/pt-pt\/2020\/06\/pacto-eco-social-do-sul\/\",\"name\":\"Pacto Eco Social do Sul\",\"isPartOf\":{\"@id\":\"https:\/\/www.pressenza.com\/pt-pt\/#website\"},\"primaryImageOfPage\":{\"@id\":\"https:\/\/www.pressenza.com\/pt-pt\/2020\/06\/pacto-eco-social-do-sul\/#primaryimage\"},\"image\":{\"@id\":\"https:\/\/www.pressenza.com\/pt-pt\/2020\/06\/pacto-eco-social-do-sul\/#primaryimage\"},\"thumbnailUrl\":\"https:\/\/www.pressenza.com\/wp-content\/uploads\/2020\/06\/post-webinar.png\",\"datePublished\":\"2020-06-23T23:21:06+00:00\",\"dateModified\":\"2020-06-23T23:22:11+00:00\",\"description\":\"Comunicado de imprensa Na quarta-feira, 24 de Junho, ter\u00e1 lugar o lan\u00e7amento p\u00fablico virtual do Pacto EcoSocial do Sul, uma proposta auto-convocada por um\",\"breadcrumb\":{\"@id\":\"https:\/\/www.pressenza.com\/pt-pt\/2020\/06\/pacto-eco-social-do-sul\/#breadcrumb\"},\"inLanguage\":\"pt-PT\",\"potentialAction\":[{\"@type\":\"ReadAction\",\"target\":[\"https:\/\/www.pressenza.com\/pt-pt\/2020\/06\/pacto-eco-social-do-sul\/\"]}]},{\"@type\":\"ImageObject\",\"inLanguage\":\"pt-PT\",\"@id\":\"https:\/\/www.pressenza.com\/pt-pt\/2020\/06\/pacto-eco-social-do-sul\/#primaryimage\",\"url\":\"https:\/\/www.pressenza.com\/wp-content\/uploads\/2020\/06\/post-webinar.png\",\"contentUrl\":\"https:\/\/www.pressenza.com\/wp-content\/uploads\/2020\/06\/post-webinar.png\",\"width\":1920,\"height\":1484},{\"@type\":\"BreadcrumbList\",\"@id\":\"https:\/\/www.pressenza.com\/pt-pt\/2020\/06\/pacto-eco-social-do-sul\/#breadcrumb\",\"itemListElement\":[{\"@type\":\"ListItem\",\"position\":1,\"name\":\"Accueil\",\"item\":\"https:\/\/www.pressenza.com\/pt-pt\/\"},{\"@type\":\"ListItem\",\"position\":2,\"name\":\"Pacto Eco Social do Sul\"}]},{\"@type\":\"WebSite\",\"@id\":\"https:\/\/www.pressenza.com\/pt-pt\/#website\",\"url\":\"https:\/\/www.pressenza.com\/pt-pt\/\",\"name\":\"Pressenza\",\"description\":\"International Press Agency\",\"publisher\":{\"@id\":\"https:\/\/www.pressenza.com\/pt-pt\/#organization\"},\"potentialAction\":[{\"@type\":\"SearchAction\",\"target\":{\"@type\":\"EntryPoint\",\"urlTemplate\":\"https:\/\/www.pressenza.com\/pt-pt\/?s={search_term_string}\"},\"query-input\":{\"@type\":\"PropertyValueSpecification\",\"valueRequired\":true,\"valueName\":\"search_term_string\"}}],\"inLanguage\":\"pt-PT\"},{\"@type\":\"Organization\",\"@id\":\"https:\/\/www.pressenza.com\/pt-pt\/#organization\",\"name\":\"Pressenza\",\"url\":\"https:\/\/www.pressenza.com\/pt-pt\/\",\"logo\":{\"@type\":\"ImageObject\",\"inLanguage\":\"pt-PT\",\"@id\":\"https:\/\/www.pressenza.com\/pt-pt\/#\/schema\/logo\/image\/\",\"url\":\"https:\/\/www.pressenza.com\/wp-content\/uploads\/2022\/10\/pressenza_logo_200x200.jpg\",\"contentUrl\":\"https:\/\/www.pressenza.com\/wp-content\/uploads\/2022\/10\/pressenza_logo_200x200.jpg\",\"width\":200,\"height\":200,\"caption\":\"Pressenza\"},\"image\":{\"@id\":\"https:\/\/www.pressenza.com\/pt-pt\/#\/schema\/logo\/image\/\"},\"sameAs\":[\"https:\/\/www.facebook.com\/PressenzaItalia\",\"https:\/\/x.com\/PressenzaIPA\"]},{\"@type\":\"Person\",\"@id\":\"https:\/\/www.pressenza.com\/pt-pt\/#\/schema\/person\/883a735c40665759bcc6fe0c26bcb46f\",\"name\":\"Redacci\u00f3n Ecuador\",\"description\":\"News published by the Pressenza bureau in Quito, Ecuador\",\"url\":\"https:\/\/www.pressenza.com\/pt-pt\/author\/redaccion-ecuador\/\"}]}<\/script>\n<!-- \/ Yoast SEO plugin. -->","yoast_head_json":{"title":"Pacto Eco Social do Sul","description":"Comunicado de imprensa Na quarta-feira, 24 de Junho, ter\u00e1 lugar o lan\u00e7amento p\u00fablico virtual do Pacto EcoSocial do Sul, uma proposta auto-convocada por um","robots":{"index":"index","follow":"follow","max-snippet":"max-snippet:-1","max-image-preview":"max-image-preview:large","max-video-preview":"max-video-preview:-1"},"canonical":"https:\/\/www.pressenza.com\/pt-pt\/2020\/06\/pacto-eco-social-do-sul\/","og_locale":"pt_PT","og_type":"article","og_title":"Pacto Eco Social do Sul","og_description":"Comunicado de imprensa Na quarta-feira, 24 de Junho, ter\u00e1 lugar o lan\u00e7amento p\u00fablico virtual do Pacto EcoSocial do Sul, uma proposta auto-convocada por um","og_url":"https:\/\/www.pressenza.com\/pt-pt\/2020\/06\/pacto-eco-social-do-sul\/","og_site_name":"Pressenza","article_publisher":"https:\/\/www.facebook.com\/PressenzaItalia","article_published_time":"2020-06-23T23:21:06+00:00","article_modified_time":"2020-06-23T23:22:11+00:00","og_image":[{"width":1920,"height":1484,"url":"https:\/\/www.pressenza.com\/wp-content\/uploads\/2020\/06\/post-webinar.png","type":"image\/png"}],"author":"Redacci\u00f3n Ecuador","twitter_card":"summary_large_image","twitter_creator":"@PressenzaIPA","twitter_site":"@PressenzaIPA","twitter_misc":{"Escrito por":"Redacci\u00f3n Ecuador","Tempo estimado de leitura":"2 minutos"},"schema":{"@context":"https:\/\/schema.org","@graph":[{"@type":"Article","@id":"https:\/\/www.pressenza.com\/pt-pt\/2020\/06\/pacto-eco-social-do-sul\/#article","isPartOf":{"@id":"https:\/\/www.pressenza.com\/pt-pt\/2020\/06\/pacto-eco-social-do-sul\/"},"author":{"name":"Redacci\u00f3n Ecuador","@id":"https:\/\/www.pressenza.com\/pt-pt\/#\/schema\/person\/883a735c40665759bcc6fe0c26bcb46f"},"headline":"Pacto Eco Social do Sul","datePublished":"2020-06-23T23:21:06+00:00","dateModified":"2020-06-23T23:22:11+00:00","mainEntityOfPage":{"@id":"https:\/\/www.pressenza.com\/pt-pt\/2020\/06\/pacto-eco-social-do-sul\/"},"wordCount":439,"publisher":{"@id":"https:\/\/www.pressenza.com\/pt-pt\/#organization"},"image":{"@id":"https:\/\/www.pressenza.com\/pt-pt\/2020\/06\/pacto-eco-social-do-sul\/#primaryimage"},"thumbnailUrl":"https:\/\/www.pressenza.com\/wp-content\/uploads\/2020\/06\/post-webinar.png","keywords":["Pacto Eco Social do Sul"],"articleSection":["\u00c1m\u00e9rica do Sul","Diversidade","Ecologia e Meio Ambiente","Nota de imprensa","Pol\u00edtica"],"inLanguage":"pt-PT"},{"@type":"WebPage","@id":"https:\/\/www.pressenza.com\/pt-pt\/2020\/06\/pacto-eco-social-do-sul\/","url":"https:\/\/www.pressenza.com\/pt-pt\/2020\/06\/pacto-eco-social-do-sul\/","name":"Pacto Eco Social do Sul","isPartOf":{"@id":"https:\/\/www.pressenza.com\/pt-pt\/#website"},"primaryImageOfPage":{"@id":"https:\/\/www.pressenza.com\/pt-pt\/2020\/06\/pacto-eco-social-do-sul\/#primaryimage"},"image":{"@id":"https:\/\/www.pressenza.com\/pt-pt\/2020\/06\/pacto-eco-social-do-sul\/#primaryimage"},"thumbnailUrl":"https:\/\/www.pressenza.com\/wp-content\/uploads\/2020\/06\/post-webinar.png","datePublished":"2020-06-23T23:21:06+00:00","dateModified":"2020-06-23T23:22:11+00:00","description":"Comunicado de imprensa Na quarta-feira, 24 de Junho, ter\u00e1 lugar o lan\u00e7amento p\u00fablico virtual do Pacto EcoSocial do Sul, uma proposta auto-convocada por um","breadcrumb":{"@id":"https:\/\/www.pressenza.com\/pt-pt\/2020\/06\/pacto-eco-social-do-sul\/#breadcrumb"},"inLanguage":"pt-PT","potentialAction":[{"@type":"ReadAction","target":["https:\/\/www.pressenza.com\/pt-pt\/2020\/06\/pacto-eco-social-do-sul\/"]}]},{"@type":"ImageObject","inLanguage":"pt-PT","@id":"https:\/\/www.pressenza.com\/pt-pt\/2020\/06\/pacto-eco-social-do-sul\/#primaryimage","url":"https:\/\/www.pressenza.com\/wp-content\/uploads\/2020\/06\/post-webinar.png","contentUrl":"https:\/\/www.pressenza.com\/wp-content\/uploads\/2020\/06\/post-webinar.png","width":1920,"height":1484},{"@type":"BreadcrumbList","@id":"https:\/\/www.pressenza.com\/pt-pt\/2020\/06\/pacto-eco-social-do-sul\/#breadcrumb","itemListElement":[{"@type":"ListItem","position":1,"name":"Accueil","item":"https:\/\/www.pressenza.com\/pt-pt\/"},{"@type":"ListItem","position":2,"name":"Pacto Eco Social do Sul"}]},{"@type":"WebSite","@id":"https:\/\/www.pressenza.com\/pt-pt\/#website","url":"https:\/\/www.pressenza.com\/pt-pt\/","name":"Pressenza","description":"International Press Agency","publisher":{"@id":"https:\/\/www.pressenza.com\/pt-pt\/#organization"},"potentialAction":[{"@type":"SearchAction","target":{"@type":"EntryPoint","urlTemplate":"https:\/\/www.pressenza.com\/pt-pt\/?s={search_term_string}"},"query-input":{"@type":"PropertyValueSpecification","valueRequired":true,"valueName":"search_term_string"}}],"inLanguage":"pt-PT"},{"@type":"Organization","@id":"https:\/\/www.pressenza.com\/pt-pt\/#organization","name":"Pressenza","url":"https:\/\/www.pressenza.com\/pt-pt\/","logo":{"@type":"ImageObject","inLanguage":"pt-PT","@id":"https:\/\/www.pressenza.com\/pt-pt\/#\/schema\/logo\/image\/","url":"https:\/\/www.pressenza.com\/wp-content\/uploads\/2022\/10\/pressenza_logo_200x200.jpg","contentUrl":"https:\/\/www.pressenza.com\/wp-content\/uploads\/2022\/10\/pressenza_logo_200x200.jpg","width":200,"height":200,"caption":"Pressenza"},"image":{"@id":"https:\/\/www.pressenza.com\/pt-pt\/#\/schema\/logo\/image\/"},"sameAs":["https:\/\/www.facebook.com\/PressenzaItalia","https:\/\/x.com\/PressenzaIPA"]},{"@type":"Person","@id":"https:\/\/www.pressenza.com\/pt-pt\/#\/schema\/person\/883a735c40665759bcc6fe0c26bcb46f","name":"Redacci\u00f3n Ecuador","description":"News published by the Pressenza bureau in Quito, Ecuador","url":"https:\/\/www.pressenza.com\/pt-pt\/author\/redaccion-ecuador\/"}]}},"place":"Ecuador","original_article_url":"","_links":{"self":[{"href":"https:\/\/www.pressenza.com\/pt-pt\/wp-json\/wp\/v2\/posts\/1142818","targetHints":{"allow":["GET"]}}],"collection":[{"href":"https:\/\/www.pressenza.com\/pt-pt\/wp-json\/wp\/v2\/posts"}],"about":[{"href":"https:\/\/www.pressenza.com\/pt-pt\/wp-json\/wp\/v2\/types\/post"}],"author":[{"embeddable":true,"href":"https:\/\/www.pressenza.com\/pt-pt\/wp-json\/wp\/v2\/users\/1011"}],"replies":[{"embeddable":true,"href":"https:\/\/www.pressenza.com\/pt-pt\/wp-json\/wp\/v2\/comments?post=1142818"}],"version-history":[{"count":0,"href":"https:\/\/www.pressenza.com\/pt-pt\/wp-json\/wp\/v2\/posts\/1142818\/revisions"}],"wp:featuredmedia":[{"embeddable":true,"href":"https:\/\/www.pressenza.com\/pt-pt\/wp-json\/wp\/v2\/media\/1142713"}],"wp:attachment":[{"href":"https:\/\/www.pressenza.com\/pt-pt\/wp-json\/wp\/v2\/media?parent=1142818"}],"wp:term":[{"taxonomy":"category","embeddable":true,"href":"https:\/\/www.pressenza.com\/pt-pt\/wp-json\/wp\/v2\/categories?post=1142818"},{"taxonomy":"post_tag","embeddable":true,"href":"https:\/\/www.pressenza.com\/pt-pt\/wp-json\/wp\/v2\/tags?post=1142818"}],"curies":[{"name":"wp","href":"https:\/\/api.w.org\/{rel}","templated":true}]}}