{"id":1134959,"date":"2020-06-14T03:59:03","date_gmt":"2020-06-14T02:59:03","guid":{"rendered":"https:\/\/www.pressenza.com\/?p=1134959"},"modified":"2020-06-14T01:16:22","modified_gmt":"2020-06-14T00:16:22","slug":"presenca","status":"publish","type":"post","link":"https:\/\/www.pressenza.com\/pt-pt\/2020\/06\/presenca\/","title":{"rendered":"Presen\u00e7a"},"content":{"rendered":"<h5><span style=\"color: #999999;\">POEMA<\/span><\/h5>\n<p>&nbsp;<\/p>\n<p>&nbsp;<\/p>\n<p>Porque neste domingo chuvoso eu estou com voc\u00ea&#8230;<\/p>\n<p>parte de mim est\u00e1 feliz&#8230;<\/p>\n<p>Porque voc\u00ea me ilumina com sua simples, delicada presen\u00e7a.<\/p>\n<p>Porque muita gente est\u00e1 morrendo l\u00e1 fora, sob esta chuva&#8230;<\/p>\n<p>parte de mim est\u00e1 triste&#8230;<\/p>\n<p>e n\u00e3o consegue emoldurar sorrisos profundos,<\/p>\n<p>porque a dor passeia insinuante por a\u00ed<\/p>\n<p>e eu ou\u00e7o as vozes chorando&#8230;<\/p>\n<p>Se essa alegria que voc\u00ea traz pudesse reverberar mais&#8230;<\/p>\n<p>ah, eu jorraria os pequenos segredos dessa particular felicidade para nossos irm\u00e3os do mundo&#8230;<\/p>\n<p>para que o consolo se converta em for\u00e7a intensa<\/p>\n<p>e todos possam configurar presen\u00e7as&#8230;<\/p>\n<p>que nos mantenham calmos e fortes&#8230;<\/p>\n<p>Ser\u00e1 que consigo esse feito?<\/p>\n<p>O de enviar aconchego desde um espa\u00e7o t\u00e3o pequeno&#8230;<\/p>\n<p>desde o pr\u00f3prio santu\u00e1rio?<\/p>\n<p>Sua presen\u00e7a \u00e9 um b\u00e1lsamo que canta aos meu sentidos&#8230;<\/p>\n<p>e diz&#8230; Voc\u00ea \u00e9 parte uma vontade maior&#8230;<\/p>\n<p>Seu alcance \u00e9 a sua contribui\u00e7\u00e3o&#8230;<\/p>\n","protected":false},"excerpt":{"rendered":"<p>POEMA &nbsp; &nbsp; Porque neste domingo chuvoso eu estou com voc\u00ea&#8230; parte de mim est\u00e1 feliz&#8230; Porque voc\u00ea me ilumina com sua simples, delicada presen\u00e7a. Porque muita gente est\u00e1 morrendo l\u00e1 fora, sob esta chuva&#8230; parte de mim est\u00e1 triste&#8230;&hellip;<\/p>\n","protected":false},"author":1819,"featured_media":1134960,"comment_status":"closed","ping_status":"closed","sticky":false,"template":"","format":"standard","meta":{"footnotes":""},"categories":[104,11390,112],"tags":[75238,75336,75310],"class_list":["post-1134959","post","type-post","status-publish","format-standard","has-post-thumbnail","hentry","category-america-do-sul","category-conteudo-original","category-cultura-pt-pt","tag-caderno-de-cultura","tag-poema-pt-pt","tag-poesia-pt-pt"],"yoast_head":"<!-- This site is optimized with the Yoast SEO plugin v27.1.1 - https:\/\/yoast.com\/product\/yoast-seo-wordpress\/ -->\n<title>Presen\u00e7a<\/title>\n<meta name=\"description\" content=\"POEMA &nbsp; &nbsp; Porque neste domingo chuvoso eu estou com voc\u00ea... parte de mim est\u00e1 feliz... Porque voc\u00ea me ilumina com sua simples, delicada\" \/>\n<meta name=\"robots\" content=\"index, follow, max-snippet:-1, max-image-preview:large, max-video-preview:-1\" \/>\n<link rel=\"canonical\" href=\"https:\/\/www.pressenza.com\/pt-pt\/2020\/06\/presenca\/\" \/>\n<meta property=\"og:locale\" content=\"pt_PT\" \/>\n<meta property=\"og:type\" content=\"article\" \/>\n<meta property=\"og:title\" content=\"Presen\u00e7a\" \/>\n<meta property=\"og:description\" content=\"POEMA &nbsp; &nbsp; Porque neste domingo chuvoso eu estou com voc\u00ea... parte de mim est\u00e1 feliz... Porque voc\u00ea me ilumina com sua simples, delicada\" \/>\n<meta property=\"og:url\" content=\"https:\/\/www.pressenza.com\/pt-pt\/2020\/06\/presenca\/\" \/>\n<meta property=\"og:site_name\" content=\"Pressenza\" \/>\n<meta property=\"article:publisher\" content=\"https:\/\/www.facebook.com\/PressenzaItalia\" \/>\n<meta property=\"article:published_time\" content=\"2020-06-14T02:59:03+00:00\" \/>\n<meta property=\"og:image\" content=\"https:\/\/www.pressenza.com\/wp-content\/uploads\/2020\/06\/presencia.jpg\" \/>\n\t<meta property=\"og:image:width\" content=\"1024\" \/>\n\t<meta property=\"og:image:height\" content=\"631\" \/>\n\t<meta property=\"og:image:type\" content=\"image\/jpeg\" \/>\n<meta name=\"author\" content=\"Claudio Lessa\" \/>\n<meta name=\"twitter:card\" content=\"summary_large_image\" \/>\n<meta name=\"twitter:creator\" content=\"@PressenzaIPA\" \/>\n<meta name=\"twitter:site\" content=\"@PressenzaIPA\" \/>\n<meta name=\"twitter:label1\" content=\"Escrito por\" \/>\n\t<meta name=\"twitter:data1\" content=\"Claudio Lessa\" \/>\n\t<meta name=\"twitter:label2\" content=\"Tempo estimado de leitura\" \/>\n\t<meta name=\"twitter:data2\" content=\"1 minuto\" \/>\n<script type=\"application\/ld+json\" class=\"yoast-schema-graph\">{\"@context\":\"https:\/\/schema.org\",\"@graph\":[{\"@type\":\"Article\",\"@id\":\"https:\/\/www.pressenza.com\/pt-pt\/2020\/06\/presenca\/#article\",\"isPartOf\":{\"@id\":\"https:\/\/www.pressenza.com\/pt-pt\/2020\/06\/presenca\/\"},\"author\":{\"name\":\"Claudio Lessa\",\"@id\":\"https:\/\/www.pressenza.com\/pt-pt\/#\/schema\/person\/c63329691f539a5bd1136e29baacb4e9\"},\"headline\":\"Presen\u00e7a\",\"datePublished\":\"2020-06-14T02:59:03+00:00\",\"mainEntityOfPage\":{\"@id\":\"https:\/\/www.pressenza.com\/pt-pt\/2020\/06\/presenca\/\"},\"wordCount\":156,\"publisher\":{\"@id\":\"https:\/\/www.pressenza.com\/pt-pt\/#organization\"},\"image\":{\"@id\":\"https:\/\/www.pressenza.com\/pt-pt\/2020\/06\/presenca\/#primaryimage\"},\"thumbnailUrl\":\"https:\/\/www.pressenza.com\/wp-content\/uploads\/2020\/06\/presencia.jpg\",\"keywords\":[\"caderno de cultura\",\"poema\",\"poes\u00eda\"],\"articleSection\":[\"\u00c1m\u00e9rica do Sul\",\"Conte\u00fado Original\",\"Cultura e M\u00eddia\"],\"inLanguage\":\"pt-PT\"},{\"@type\":\"WebPage\",\"@id\":\"https:\/\/www.pressenza.com\/pt-pt\/2020\/06\/presenca\/\",\"url\":\"https:\/\/www.pressenza.com\/pt-pt\/2020\/06\/presenca\/\",\"name\":\"Presen\u00e7a\",\"isPartOf\":{\"@id\":\"https:\/\/www.pressenza.com\/pt-pt\/#website\"},\"primaryImageOfPage\":{\"@id\":\"https:\/\/www.pressenza.com\/pt-pt\/2020\/06\/presenca\/#primaryimage\"},\"image\":{\"@id\":\"https:\/\/www.pressenza.com\/pt-pt\/2020\/06\/presenca\/#primaryimage\"},\"thumbnailUrl\":\"https:\/\/www.pressenza.com\/wp-content\/uploads\/2020\/06\/presencia.jpg\",\"datePublished\":\"2020-06-14T02:59:03+00:00\",\"description\":\"POEMA &nbsp; &nbsp; Porque neste domingo chuvoso eu estou com voc\u00ea... parte de mim est\u00e1 feliz... Porque voc\u00ea me ilumina com sua simples, delicada\",\"breadcrumb\":{\"@id\":\"https:\/\/www.pressenza.com\/pt-pt\/2020\/06\/presenca\/#breadcrumb\"},\"inLanguage\":\"pt-PT\",\"potentialAction\":[{\"@type\":\"ReadAction\",\"target\":[\"https:\/\/www.pressenza.com\/pt-pt\/2020\/06\/presenca\/\"]}]},{\"@type\":\"ImageObject\",\"inLanguage\":\"pt-PT\",\"@id\":\"https:\/\/www.pressenza.com\/pt-pt\/2020\/06\/presenca\/#primaryimage\",\"url\":\"https:\/\/www.pressenza.com\/wp-content\/uploads\/2020\/06\/presencia.jpg\",\"contentUrl\":\"https:\/\/www.pressenza.com\/wp-content\/uploads\/2020\/06\/presencia.jpg\",\"width\":1024,\"height\":631},{\"@type\":\"BreadcrumbList\",\"@id\":\"https:\/\/www.pressenza.com\/pt-pt\/2020\/06\/presenca\/#breadcrumb\",\"itemListElement\":[{\"@type\":\"ListItem\",\"position\":1,\"name\":\"Accueil\",\"item\":\"https:\/\/www.pressenza.com\/pt-pt\/\"},{\"@type\":\"ListItem\",\"position\":2,\"name\":\"Presen\u00e7a\"}]},{\"@type\":\"WebSite\",\"@id\":\"https:\/\/www.pressenza.com\/pt-pt\/#website\",\"url\":\"https:\/\/www.pressenza.com\/pt-pt\/\",\"name\":\"Pressenza\",\"description\":\"International Press Agency\",\"publisher\":{\"@id\":\"https:\/\/www.pressenza.com\/pt-pt\/#organization\"},\"potentialAction\":[{\"@type\":\"SearchAction\",\"target\":{\"@type\":\"EntryPoint\",\"urlTemplate\":\"https:\/\/www.pressenza.com\/pt-pt\/?s={search_term_string}\"},\"query-input\":{\"@type\":\"PropertyValueSpecification\",\"valueRequired\":true,\"valueName\":\"search_term_string\"}}],\"inLanguage\":\"pt-PT\"},{\"@type\":\"Organization\",\"@id\":\"https:\/\/www.pressenza.com\/pt-pt\/#organization\",\"name\":\"Pressenza\",\"url\":\"https:\/\/www.pressenza.com\/pt-pt\/\",\"logo\":{\"@type\":\"ImageObject\",\"inLanguage\":\"pt-PT\",\"@id\":\"https:\/\/www.pressenza.com\/pt-pt\/#\/schema\/logo\/image\/\",\"url\":\"https:\/\/www.pressenza.com\/wp-content\/uploads\/2022\/10\/pressenza_logo_200x200.jpg\",\"contentUrl\":\"https:\/\/www.pressenza.com\/wp-content\/uploads\/2022\/10\/pressenza_logo_200x200.jpg\",\"width\":200,\"height\":200,\"caption\":\"Pressenza\"},\"image\":{\"@id\":\"https:\/\/www.pressenza.com\/pt-pt\/#\/schema\/logo\/image\/\"},\"sameAs\":[\"https:\/\/www.facebook.com\/PressenzaItalia\",\"https:\/\/x.com\/PressenzaIPA\"]},{\"@type\":\"Person\",\"@id\":\"https:\/\/www.pressenza.com\/pt-pt\/#\/schema\/person\/c63329691f539a5bd1136e29baacb4e9\",\"name\":\"Claudio Lessa\",\"description\":\"Poeta e escritor.\",\"url\":\"https:\/\/www.pressenza.com\/pt-pt\/author\/claudio-lessa\/\"}]}<\/script>\n<!-- \/ Yoast SEO plugin. -->","yoast_head_json":{"title":"Presen\u00e7a","description":"POEMA &nbsp; &nbsp; Porque neste domingo chuvoso eu estou com voc\u00ea... parte de mim est\u00e1 feliz... Porque voc\u00ea me ilumina com sua simples, delicada","robots":{"index":"index","follow":"follow","max-snippet":"max-snippet:-1","max-image-preview":"max-image-preview:large","max-video-preview":"max-video-preview:-1"},"canonical":"https:\/\/www.pressenza.com\/pt-pt\/2020\/06\/presenca\/","og_locale":"pt_PT","og_type":"article","og_title":"Presen\u00e7a","og_description":"POEMA &nbsp; &nbsp; Porque neste domingo chuvoso eu estou com voc\u00ea... parte de mim est\u00e1 feliz... Porque voc\u00ea me ilumina com sua simples, delicada","og_url":"https:\/\/www.pressenza.com\/pt-pt\/2020\/06\/presenca\/","og_site_name":"Pressenza","article_publisher":"https:\/\/www.facebook.com\/PressenzaItalia","article_published_time":"2020-06-14T02:59:03+00:00","og_image":[{"width":1024,"height":631,"url":"https:\/\/www.pressenza.com\/wp-content\/uploads\/2020\/06\/presencia.jpg","type":"image\/jpeg"}],"author":"Claudio Lessa","twitter_card":"summary_large_image","twitter_creator":"@PressenzaIPA","twitter_site":"@PressenzaIPA","twitter_misc":{"Escrito por":"Claudio Lessa","Tempo estimado de leitura":"1 minuto"},"schema":{"@context":"https:\/\/schema.org","@graph":[{"@type":"Article","@id":"https:\/\/www.pressenza.com\/pt-pt\/2020\/06\/presenca\/#article","isPartOf":{"@id":"https:\/\/www.pressenza.com\/pt-pt\/2020\/06\/presenca\/"},"author":{"name":"Claudio Lessa","@id":"https:\/\/www.pressenza.com\/pt-pt\/#\/schema\/person\/c63329691f539a5bd1136e29baacb4e9"},"headline":"Presen\u00e7a","datePublished":"2020-06-14T02:59:03+00:00","mainEntityOfPage":{"@id":"https:\/\/www.pressenza.com\/pt-pt\/2020\/06\/presenca\/"},"wordCount":156,"publisher":{"@id":"https:\/\/www.pressenza.com\/pt-pt\/#organization"},"image":{"@id":"https:\/\/www.pressenza.com\/pt-pt\/2020\/06\/presenca\/#primaryimage"},"thumbnailUrl":"https:\/\/www.pressenza.com\/wp-content\/uploads\/2020\/06\/presencia.jpg","keywords":["caderno de cultura","poema","poes\u00eda"],"articleSection":["\u00c1m\u00e9rica do Sul","Conte\u00fado Original","Cultura e M\u00eddia"],"inLanguage":"pt-PT"},{"@type":"WebPage","@id":"https:\/\/www.pressenza.com\/pt-pt\/2020\/06\/presenca\/","url":"https:\/\/www.pressenza.com\/pt-pt\/2020\/06\/presenca\/","name":"Presen\u00e7a","isPartOf":{"@id":"https:\/\/www.pressenza.com\/pt-pt\/#website"},"primaryImageOfPage":{"@id":"https:\/\/www.pressenza.com\/pt-pt\/2020\/06\/presenca\/#primaryimage"},"image":{"@id":"https:\/\/www.pressenza.com\/pt-pt\/2020\/06\/presenca\/#primaryimage"},"thumbnailUrl":"https:\/\/www.pressenza.com\/wp-content\/uploads\/2020\/06\/presencia.jpg","datePublished":"2020-06-14T02:59:03+00:00","description":"POEMA &nbsp; &nbsp; Porque neste domingo chuvoso eu estou com voc\u00ea... parte de mim est\u00e1 feliz... Porque voc\u00ea me ilumina com sua simples, delicada","breadcrumb":{"@id":"https:\/\/www.pressenza.com\/pt-pt\/2020\/06\/presenca\/#breadcrumb"},"inLanguage":"pt-PT","potentialAction":[{"@type":"ReadAction","target":["https:\/\/www.pressenza.com\/pt-pt\/2020\/06\/presenca\/"]}]},{"@type":"ImageObject","inLanguage":"pt-PT","@id":"https:\/\/www.pressenza.com\/pt-pt\/2020\/06\/presenca\/#primaryimage","url":"https:\/\/www.pressenza.com\/wp-content\/uploads\/2020\/06\/presencia.jpg","contentUrl":"https:\/\/www.pressenza.com\/wp-content\/uploads\/2020\/06\/presencia.jpg","width":1024,"height":631},{"@type":"BreadcrumbList","@id":"https:\/\/www.pressenza.com\/pt-pt\/2020\/06\/presenca\/#breadcrumb","itemListElement":[{"@type":"ListItem","position":1,"name":"Accueil","item":"https:\/\/www.pressenza.com\/pt-pt\/"},{"@type":"ListItem","position":2,"name":"Presen\u00e7a"}]},{"@type":"WebSite","@id":"https:\/\/www.pressenza.com\/pt-pt\/#website","url":"https:\/\/www.pressenza.com\/pt-pt\/","name":"Pressenza","description":"International Press Agency","publisher":{"@id":"https:\/\/www.pressenza.com\/pt-pt\/#organization"},"potentialAction":[{"@type":"SearchAction","target":{"@type":"EntryPoint","urlTemplate":"https:\/\/www.pressenza.com\/pt-pt\/?s={search_term_string}"},"query-input":{"@type":"PropertyValueSpecification","valueRequired":true,"valueName":"search_term_string"}}],"inLanguage":"pt-PT"},{"@type":"Organization","@id":"https:\/\/www.pressenza.com\/pt-pt\/#organization","name":"Pressenza","url":"https:\/\/www.pressenza.com\/pt-pt\/","logo":{"@type":"ImageObject","inLanguage":"pt-PT","@id":"https:\/\/www.pressenza.com\/pt-pt\/#\/schema\/logo\/image\/","url":"https:\/\/www.pressenza.com\/wp-content\/uploads\/2022\/10\/pressenza_logo_200x200.jpg","contentUrl":"https:\/\/www.pressenza.com\/wp-content\/uploads\/2022\/10\/pressenza_logo_200x200.jpg","width":200,"height":200,"caption":"Pressenza"},"image":{"@id":"https:\/\/www.pressenza.com\/pt-pt\/#\/schema\/logo\/image\/"},"sameAs":["https:\/\/www.facebook.com\/PressenzaItalia","https:\/\/x.com\/PressenzaIPA"]},{"@type":"Person","@id":"https:\/\/www.pressenza.com\/pt-pt\/#\/schema\/person\/c63329691f539a5bd1136e29baacb4e9","name":"Claudio Lessa","description":"Poeta e escritor.","url":"https:\/\/www.pressenza.com\/pt-pt\/author\/claudio-lessa\/"}]}},"place":"Rio de Janeiro, Brasil","original_article_url":"","_links":{"self":[{"href":"https:\/\/www.pressenza.com\/pt-pt\/wp-json\/wp\/v2\/posts\/1134959","targetHints":{"allow":["GET"]}}],"collection":[{"href":"https:\/\/www.pressenza.com\/pt-pt\/wp-json\/wp\/v2\/posts"}],"about":[{"href":"https:\/\/www.pressenza.com\/pt-pt\/wp-json\/wp\/v2\/types\/post"}],"author":[{"embeddable":true,"href":"https:\/\/www.pressenza.com\/pt-pt\/wp-json\/wp\/v2\/users\/1819"}],"replies":[{"embeddable":true,"href":"https:\/\/www.pressenza.com\/pt-pt\/wp-json\/wp\/v2\/comments?post=1134959"}],"version-history":[{"count":0,"href":"https:\/\/www.pressenza.com\/pt-pt\/wp-json\/wp\/v2\/posts\/1134959\/revisions"}],"wp:featuredmedia":[{"embeddable":true,"href":"https:\/\/www.pressenza.com\/pt-pt\/wp-json\/wp\/v2\/media\/1134960"}],"wp:attachment":[{"href":"https:\/\/www.pressenza.com\/pt-pt\/wp-json\/wp\/v2\/media?parent=1134959"}],"wp:term":[{"taxonomy":"category","embeddable":true,"href":"https:\/\/www.pressenza.com\/pt-pt\/wp-json\/wp\/v2\/categories?post=1134959"},{"taxonomy":"post_tag","embeddable":true,"href":"https:\/\/www.pressenza.com\/pt-pt\/wp-json\/wp\/v2\/tags?post=1134959"}],"curies":[{"name":"wp","href":"https:\/\/api.w.org\/{rel}","templated":true}]}}