{"id":1134019,"date":"2020-06-14T03:58:18","date_gmt":"2020-06-14T02:58:18","guid":{"rendered":"https:\/\/www.pressenza.com\/?p=1134019"},"modified":"2020-06-14T01:15:06","modified_gmt":"2020-06-14T00:15:06","slug":"visibilidade-e-dome-office","status":"publish","type":"post","link":"https:\/\/www.pressenza.com\/pt-pt\/2020\/06\/visibilidade-e-dome-office\/","title":{"rendered":"Visibilidade e Dome Office"},"content":{"rendered":"<h5><span style=\"color: #999999;\">OLHARES<\/span><\/h5>\n<p>&nbsp;<\/p>\n<p>&nbsp;<\/p>\n<p><em>\u201cVisibilidade \u00e9 bom para mostrar que nem todos s\u00e3o iguais.\u201d<\/em><br \/>\n<em>S\u00e3o Paulo Ap\u00f3stolo<\/em><\/p>\n<p>Nunca imaginei come\u00e7ar um texto por uma cita\u00e7\u00e3o religiosa. N\u00e3o \u00e9 meu perfil, mas essa frase que junta visibilidade e desigualdade caiu como uma luva, e me permitirei contextualizar essa ep\u00edgrafe ao texto. Citar um romano e compartilhar pelo meu celular chin\u00eas, n\u00e3o me aproxima mais do assunto que tratarei, met\u00e1foras e coincid\u00eancias n\u00e3o devem chegar a esse ponto. Mas nesse texto me permitirei recontextualizar ou me apropriar de alguns fragmentos do nosso cotidiano para tra\u00e7ar um fio condutor, assim como autores de filmes biogr\u00e1ficos que atropelam a linha do tempo em nome da boa dramaturgia.<\/p>\n<p>Dramaturgia \u00e9 o que me trouxe aqui, ao ficar refletindo, coisa de quem est\u00e1 de quarentena \u2013 h\u00e1 um mito de que a clausura d\u00e1 mais tempo pra pensar, mas o mito caiu com o Home Office \u2013 ao notar que diante das primeiras medidas contra a pandemia do Covid-19 no Brasil, em especial no Rio de Janeiro, onde moro, a maior rede de streaming Norte-americana com sua filial aqui era apontada como o \u201cpassatempo\u201d para quem tem internet r\u00e1pida e gosta de s\u00e9ries e filmes. De repente canais da TV Paga que n\u00e3o cobram barato por suas mensalidades adicionais nos \u201cpacotes\u201d, liberaram durante o m\u00eas de mar\u00e7o o acesso \u00e0 sua programa\u00e7\u00e3o sem cobran\u00e7a, para diminuir a ociosidade desta quarentena. Uma esp\u00e9cie de solidariedade estrat\u00e9gica, para n\u00e3o perder mercado para uma concorrente que vem, pela internet, determinando o ranking do mercado. Mas de que mercado estamos falando? Quem paga o <em>Pay Per View<\/em>? Quem paga pela internet? O que o V.O.D. <em>(Video On Demand)<\/em> e a \u201cUberiza\u00e7\u00e3o\u201d tem em comum? Se tivesse as respostas, n\u00e3o as daria aqui, venderia, pois o mercado dita as regras\u2026 eu n\u00e3o.<\/p>\n<p>Tentando responder pra mim mesmo enquanto voc\u00ea l\u00ea, como uma pessoa amiga de um tagarela que n\u00e3o d\u00e1 espa\u00e7o para um aparte ou um retruque: se na guerra, havendo morte e fome, mercados continuaram lucrando muito com a morte e a fome, n\u00e3o \u00e9, como diria uma lideran\u00e7a, \u201cuma gripezinha\u201d que abandonaria a necessidade do lucro. Ou melhor dizendo, a \u201ccapetaliza\u00e7\u00e3o\u201d da solidariedade. Mas como tamb\u00e9m n\u00e3o segui para a \u00e1rea da sa\u00fade, me manterei no que entendo ainda um pouquinho, as \u201cm\u00eddias\u201d. E pensando no t\u00edtulo e na sua ep\u00edgrafe, volto pro quarto e sala de cada clausura, para a tela do celular ou do computador, ou para a TV. Sim, essa TV respons\u00e1vel, e muito, por uma tradi\u00e7\u00e3o que sucedeu ao r\u00e1dio, na capacidade e manter pessoas em casa no hor\u00e1rio nobre em outros tempos. No s\u00e9culo XXI a TV se torna \u201ca op\u00e7\u00e3o que sobra\u201d para passar o tempo da quarentena em casa, com programas que visam informar e conscientizar os cidad\u00e3os ao isolamento como forma de n\u00e3o proliferar o COVID-19, mas tamb\u00e9m tendo que dar o \u201cexemplo\u201d paralisando a grava\u00e7\u00e3o de seu carro-chefe: as novelas. Em 51 anos foi a primeira vez que vi algo que jamais pensaria ver em vida: parar uma novela na metade para poupar o elenco, e substituir por uma reprise\u2026 o que dir\u00e1 4 novelas!<\/p>\n<p>E a\u00ed chegamos onde se d\u00e1 um dos primeiros n\u00f3s desse cord\u00e3o que n\u00e3o encontramos as pontas: as principais redes de streaming est\u00e3o bombando nos acessos e a da maior empresa de conte\u00fado multim\u00eddia, que tamb\u00e9m ainda \u00e9 a maior rede de emissoras do Brasil, tem sofrido para dar conta de tantos acessos simult\u00e2neos, pois ainda estava captando clientes, assim como as principais redes de banda larga no Rio de Janeiro est\u00e3o com seus momentos de queda de transmiss\u00e3o mais frequentes, pois lazer e trabalho se transferiram para os lares, ou seja, muito maior n\u00famero de acessos, o que antes era filtrado pelas redes empresariais. A \u201cm\u00e1quina\u201d n\u00e3o pode parar, mesmo que seja para poupar a m\u00e1quina da empresa em primeiro lugar, e a do funcion\u00e1rio em segundo lugar. Funcion\u00e1rios que trabalhar\u00e3o ent\u00e3o com sua m\u00e1quina dom\u00e9stica.<\/p>\n<p>Dom\u00e9stica no dicion\u00e1rio \u00e9 \u201creferente ao lar\u201d, pode ser a profissional que cuida da casa do Senhor ou da Senhora, quase sempre mulheres. <em>Domus<\/em>, palavra em latim, remete \u00e0 casa, e <em>Domo<\/em>, \u00e0 c\u00fapula da igreja, o que traz um ar sagrado ao \u201cdomic\u00edlio\u201d. O Senhor do domic\u00edlio, no caso, \u00e9 o <em>Dominus<\/em>, dominador, o que pela constru\u00e7\u00e3o da palavra traz outros pesos a esse posto, ou Dom, quando referente a Reis em seus reinados. Essa viagem minha no \u2018domo\u2019 da quest\u00e3o \u00e9 para situar alguns personagens peculiares de outra din\u00e2mica que tem a ver com a visibilidade dentro e fora do domic\u00edlio.<\/p>\n<p>Os trabalhadores dom\u00e9sticos s\u00e3o os que t\u00eam sido mais expostos \u00e0 pandemia nas ruas, pois h\u00e1 um jogo, seja no emprego formal, e principalmente para os que permanecem informais, nos quais por melhor que sejam, eles n\u00e3o podem fazer<em> \u201cDome Office\u201d<\/em> e nem faltar ao trabalho. Cada transporte proibido ou limitado, complica seu acesso ao domic\u00edlio do seu empregador. Boa parte desses trabalhadores, semelhantes ao V.O.D., trabalham <em>On Demand<\/em>, mas se n\u00e3o cumprem o <em>Demand<\/em>, n\u00e3o recebem o <em>V<\/em>(encimento).<\/p>\n<p>Assisto pela TV trabalhadores tendo que justificar \u00e0s autoridades que precisam trabalhar, apenas para ter acesso aos poucos trens que circulam nas linhas f\u00e9rreas da regi\u00e3o metropolitana do Rio de Janeiro, e no mesmo jornal a queixa do volume de idosos que circulam pelas ruas, principalmente da Zona Sul, e que s\u00e3o gentilmente aconselhados a n\u00e3o ficarem nas ruas por serem o principal grupo de risco em caso de contamina\u00e7\u00e3o pela \u201cgripezinha\u201d da tal \u201clideran\u00e7a\u201d.<\/p>\n<p>Existem idosos tamb\u00e9m onde moram os trabalhadores dom\u00e9sticos, que n\u00e3o podem ficar em quarentena pois n\u00e3o ter\u00e3o como se alimentar, se n\u00e3o forem os escolhidos pelas autoridades por algum crit\u00e9rio que os confirme como trabalhadores, para conseguir garantir mais aquela di\u00e1ria. Voltamos a lei da \u201cvadiagem\u201d para os trabalhadores \u201cessenciais\u201d.<\/p>\n<p>Assisto pela internet a atriz que gravava <em>live<\/em> em seu perfil na rede social, enquanto sua empregada preta, com o cl\u00e1ssico uniforme branco, heran\u00e7a dos tempos que <em>Dom<\/em> era <em>Dom<\/em>, Senhor era <em>Sinh\u00f4<\/em> e Senhora era <em>Sinh\u00e1<\/em>, trabalhava ao fundo. E ap\u00f3s cr\u00edticas, ela se defendeu afirmando que a empregada preferiu ficar em quarentena na casa da patroa para n\u00e3o ficar sozinha na pr\u00f3pria casa. N\u00e3o voltarei ao par\u00e1grafo que falo sobre \u201cdomesticar\u201d, verbo que n\u00e3o referenciei mas todos dominam bem no Brasil, um dos poucos pa\u00edses no mundo a manter essa fun\u00e7\u00e3o trabalhista, assim como seus elevadores e acessos de servi\u00e7o. Mas volto aos bairros e \u00e0s comunidades onde os que n\u00e3o podem ficar em quarentena encontram para al\u00e9m dos obst\u00e1culos cotidianos para chegar ao trabalho, com transportes de m\u00e1 qualidade, agora nem os tem para tal. Nem todo Sinh\u00f4 e Sinh\u00e1 \u201cabrem m\u00e3o\u201d e pagam o <em>Vencimento On Demand<\/em> para essas trabalhadoras e esses trabalhadores se manterem nos dias que n\u00e3o podem contribuir em suas casas, como o fazem sempre, pois o bunker est\u00e1 cheio de compras para as semanas que se seguem. O \u201cquarto de empregada\u201d dever\u00e1 ser o primeiro c\u00f4modo a complementar o que precisar ser estocado.<\/p>\n<p>Assisto pelas redes sociais, em p\u00e1ginas ativistas dos direitos humanos sobre a falta de \u00e1gua nos 2 principais complexos do Rio de Janeiro, em um momento que a ordem \u00e9 lavar as m\u00e3os com \u00e1gua e sab\u00e3o, e se n\u00e3o puder com o inacess\u00edvel e inflacionado \u00e1lcool gel? Aquele produto que deve estar com v\u00e1rios frascos estocados na casa do patr\u00e3o. A desigualdade da qual o S\u00e3o Paulo Ap\u00f3stolo mencionou se demonstra no poder de compra de produtos, no poder de compra do acesso \u00e0s redes de TV e de internet, no poder de ter \u00e1gua corrente, com \u201cGeosmina importada\u201d, em sua torneira para a sua higiene, e a possibilidade de ser bem tratada no seu ir e vir em momentos e locais de acesso proibido.<\/p>\n<p>Sobre as grandes cadeias de entretenimento na TV aberta e paga, e na internet, surge na \u00faltima rede um movimento por parte de artistas, que mesmo em tempos sem pandemia j\u00e1 vinham sendo perseguidos de fazer livremente seus shows com discurso livre, em pra\u00e7as, palcos, transportes p\u00fablicos de massa, festivais etc. Essa persegui\u00e7\u00e3o surgiu por termos um outro v\u00edrus que tomou cora\u00e7\u00f5es e mentes, n\u00e3o uma maioria da popula\u00e7\u00e3o, mas de um contingente grande o suficiente para criar um ser acima das gripezinhas, e que persiste em transformar a cultura, a educa\u00e7\u00e3o e a sa\u00fade em vil\u00e3s constantes em seu projeto de visibilidade. Projeto esse que se baseou em outros projetos bem sucedidos de visibilidade, projetos que inclusive fundamentam o que conhecemos como publicidade. Na contram\u00e3o desse v\u00edrus pr\u00e9-p\u00e2ndemico, e suplantando os conceitos domesticados de \u201cdome office\u201d, cineastas tem liberado suas filmografias na rede, m\u00fasicos famosos e an\u00f4nimos tem feito apresenta\u00e7\u00f5es online e offline (janelas dos condom\u00ednios), educadores n\u00e3o formais d\u00e3o aulas online livres, a arte em si tem sabido como sempre foi na hist\u00f3ria, jogar com o regulamento embaixo do bra\u00e7o e transcender. Trazer visibilidade e trocas diretas para os que se encontram imobilizados em seus domic\u00edlios, em suas propriedades, ou em seus reinos.<\/p>\n<p>Assisto a tudo da mesma cadeira onde escrevo, nesse computador com componentes chineses, divagando sobre a ep\u00edgrafe do ap\u00f3stolo romano (ao contr\u00e1rio do que disse que faria), e me apropriando desses contextos que ora vivo, ora convivo, para pensar de maneira datada, sobre o que esse momento de auto isolamento, e de outras formas de manter a m\u00e1quina funcionando a partir de nossos domus, trar\u00e1 de aprendizado para os que podem e os que n\u00e3o podem. Para os que podem ser vistos em sua arte, e os que n\u00e3o est\u00e3o podendo nem defender as suas demandas di\u00e1rias para seus pr\u00f3prios domic\u00edlios. Para o quanto a arte do encontro \u00e9 obrigada a se digitalizar, e como faz falta aquele abra\u00e7o do Gil. Para se domesticar sem as dom\u00e9sticas, e ser senhor ou senhora de seu domic\u00edlio. Para lavar as m\u00e3os com \u00e1gua e sab\u00e3o ap\u00f3s teclar o final desse par\u00e1grafo, e deixar o \u00e1lcool gel para a falta do sab\u00e3o. E agradecer ter \u201c\u00e1gua de cheiro\u201d, pois amigas e amigos meus n\u00e3o est\u00e3o sentindo nem o cheiro da \u00e1gua. Ah\u2026 encontrei a outra ponta do cord\u00e3o\u2026 fa\u00e7amos novos n\u00f3s.<\/p>\n","protected":false},"excerpt":{"rendered":"<p>OLHARES &nbsp; &nbsp; \u201cVisibilidade \u00e9 bom para mostrar que nem todos s\u00e3o iguais.\u201d S\u00e3o Paulo Ap\u00f3stolo Nunca imaginei come\u00e7ar um texto por uma cita\u00e7\u00e3o religiosa. N\u00e3o \u00e9 meu perfil, mas essa frase que junta visibilidade e desigualdade caiu como uma&hellip;<\/p>\n","protected":false},"author":1863,"featured_media":1134020,"comment_status":"closed","ping_status":"closed","sticky":false,"template":"","format":"standard","meta":{"footnotes":""},"categories":[104,112,165],"tags":[75238,23349,59118,73009,75388,70279],"class_list":["post-1134019","post","type-post","status-publish","format-standard","has-post-thumbnail","hentry","category-america-do-sul","category-cultura-pt-pt","category-opiniao","tag-caderno-de-cultura","tag-desigualdade","tag-midias","tag-quarentena","tag-rio-pt-pt","tag-visibilidade"],"yoast_head":"<!-- This site is optimized with the Yoast SEO plugin v27.1.1 - https:\/\/yoast.com\/product\/yoast-seo-wordpress\/ -->\n<title>Visibilidade e Dome Office<\/title>\n<meta name=\"description\" content=\"OLHARES &nbsp; &nbsp; \u201cVisibilidade \u00e9 bom para mostrar que nem todos s\u00e3o iguais.\u201d S\u00e3o Paulo Ap\u00f3stolo Nunca imaginei come\u00e7ar um texto por uma cita\u00e7\u00e3o\" \/>\n<meta name=\"robots\" content=\"index, follow, max-snippet:-1, max-image-preview:large, max-video-preview:-1\" \/>\n<link rel=\"canonical\" href=\"https:\/\/www.pressenza.com\/pt-pt\/2020\/06\/visibilidade-e-dome-office\/\" \/>\n<meta property=\"og:locale\" content=\"pt_PT\" \/>\n<meta property=\"og:type\" content=\"article\" \/>\n<meta property=\"og:title\" content=\"Visibilidade e Dome Office\" \/>\n<meta property=\"og:description\" content=\"OLHARES &nbsp; &nbsp; \u201cVisibilidade \u00e9 bom para mostrar que nem todos s\u00e3o iguais.\u201d S\u00e3o Paulo Ap\u00f3stolo Nunca imaginei come\u00e7ar um texto por uma cita\u00e7\u00e3o\" \/>\n<meta property=\"og:url\" content=\"https:\/\/www.pressenza.com\/pt-pt\/2020\/06\/visibilidade-e-dome-office\/\" \/>\n<meta property=\"og:site_name\" content=\"Pressenza\" \/>\n<meta property=\"article:publisher\" content=\"https:\/\/www.facebook.com\/PressenzaItalia\" \/>\n<meta property=\"article:published_time\" content=\"2020-06-14T02:58:18+00:00\" \/>\n<meta property=\"og:image\" content=\"https:\/\/www.pressenza.com\/wp-content\/uploads\/2020\/06\/teojab-Pixabay-.jpg\" \/>\n\t<meta property=\"og:image:width\" content=\"1024\" \/>\n\t<meta property=\"og:image:height\" content=\"576\" \/>\n\t<meta property=\"og:image:type\" content=\"image\/jpeg\" \/>\n<meta name=\"author\" content=\"Clementino Junior\" \/>\n<meta name=\"twitter:card\" content=\"summary_large_image\" \/>\n<meta name=\"twitter:creator\" content=\"@PressenzaIPA\" \/>\n<meta name=\"twitter:site\" content=\"@PressenzaIPA\" \/>\n<meta name=\"twitter:label1\" content=\"Escrito por\" \/>\n\t<meta name=\"twitter:data1\" content=\"Clementino Junior\" \/>\n\t<meta name=\"twitter:label2\" content=\"Tempo estimado de leitura\" \/>\n\t<meta name=\"twitter:data2\" content=\"9 minutos\" \/>\n<script type=\"application\/ld+json\" class=\"yoast-schema-graph\">{\"@context\":\"https:\/\/schema.org\",\"@graph\":[{\"@type\":\"Article\",\"@id\":\"https:\/\/www.pressenza.com\/pt-pt\/2020\/06\/visibilidade-e-dome-office\/#article\",\"isPartOf\":{\"@id\":\"https:\/\/www.pressenza.com\/pt-pt\/2020\/06\/visibilidade-e-dome-office\/\"},\"author\":{\"name\":\"Clementino Junior\",\"@id\":\"https:\/\/www.pressenza.com\/pt-pt\/#\/schema\/person\/22c6a7c0a683559f5faef2a7548be22e\"},\"headline\":\"Visibilidade e Dome Office\",\"datePublished\":\"2020-06-14T02:58:18+00:00\",\"mainEntityOfPage\":{\"@id\":\"https:\/\/www.pressenza.com\/pt-pt\/2020\/06\/visibilidade-e-dome-office\/\"},\"wordCount\":1849,\"publisher\":{\"@id\":\"https:\/\/www.pressenza.com\/pt-pt\/#organization\"},\"image\":{\"@id\":\"https:\/\/www.pressenza.com\/pt-pt\/2020\/06\/visibilidade-e-dome-office\/#primaryimage\"},\"thumbnailUrl\":\"https:\/\/www.pressenza.com\/wp-content\/uploads\/2020\/06\/teojab-Pixabay-.jpg\",\"keywords\":[\"caderno de cultura\",\"desigualdade\",\"m\u00eddias\",\"quarentena\",\"Rio\",\"visibilidade\"],\"articleSection\":[\"\u00c1m\u00e9rica do Sul\",\"Cultura e M\u00eddia\",\"Opini\u00e3o\"],\"inLanguage\":\"pt-PT\"},{\"@type\":\"WebPage\",\"@id\":\"https:\/\/www.pressenza.com\/pt-pt\/2020\/06\/visibilidade-e-dome-office\/\",\"url\":\"https:\/\/www.pressenza.com\/pt-pt\/2020\/06\/visibilidade-e-dome-office\/\",\"name\":\"Visibilidade e Dome Office\",\"isPartOf\":{\"@id\":\"https:\/\/www.pressenza.com\/pt-pt\/#website\"},\"primaryImageOfPage\":{\"@id\":\"https:\/\/www.pressenza.com\/pt-pt\/2020\/06\/visibilidade-e-dome-office\/#primaryimage\"},\"image\":{\"@id\":\"https:\/\/www.pressenza.com\/pt-pt\/2020\/06\/visibilidade-e-dome-office\/#primaryimage\"},\"thumbnailUrl\":\"https:\/\/www.pressenza.com\/wp-content\/uploads\/2020\/06\/teojab-Pixabay-.jpg\",\"datePublished\":\"2020-06-14T02:58:18+00:00\",\"description\":\"OLHARES &nbsp; &nbsp; \u201cVisibilidade \u00e9 bom para mostrar que nem todos s\u00e3o iguais.\u201d S\u00e3o Paulo Ap\u00f3stolo Nunca imaginei come\u00e7ar um texto por uma cita\u00e7\u00e3o\",\"breadcrumb\":{\"@id\":\"https:\/\/www.pressenza.com\/pt-pt\/2020\/06\/visibilidade-e-dome-office\/#breadcrumb\"},\"inLanguage\":\"pt-PT\",\"potentialAction\":[{\"@type\":\"ReadAction\",\"target\":[\"https:\/\/www.pressenza.com\/pt-pt\/2020\/06\/visibilidade-e-dome-office\/\"]}]},{\"@type\":\"ImageObject\",\"inLanguage\":\"pt-PT\",\"@id\":\"https:\/\/www.pressenza.com\/pt-pt\/2020\/06\/visibilidade-e-dome-office\/#primaryimage\",\"url\":\"https:\/\/www.pressenza.com\/wp-content\/uploads\/2020\/06\/teojab-Pixabay-.jpg\",\"contentUrl\":\"https:\/\/www.pressenza.com\/wp-content\/uploads\/2020\/06\/teojab-Pixabay-.jpg\",\"width\":1024,\"height\":576},{\"@type\":\"BreadcrumbList\",\"@id\":\"https:\/\/www.pressenza.com\/pt-pt\/2020\/06\/visibilidade-e-dome-office\/#breadcrumb\",\"itemListElement\":[{\"@type\":\"ListItem\",\"position\":1,\"name\":\"Accueil\",\"item\":\"https:\/\/www.pressenza.com\/pt-pt\/\"},{\"@type\":\"ListItem\",\"position\":2,\"name\":\"Visibilidade e Dome Office\"}]},{\"@type\":\"WebSite\",\"@id\":\"https:\/\/www.pressenza.com\/pt-pt\/#website\",\"url\":\"https:\/\/www.pressenza.com\/pt-pt\/\",\"name\":\"Pressenza\",\"description\":\"International Press Agency\",\"publisher\":{\"@id\":\"https:\/\/www.pressenza.com\/pt-pt\/#organization\"},\"potentialAction\":[{\"@type\":\"SearchAction\",\"target\":{\"@type\":\"EntryPoint\",\"urlTemplate\":\"https:\/\/www.pressenza.com\/pt-pt\/?s={search_term_string}\"},\"query-input\":{\"@type\":\"PropertyValueSpecification\",\"valueRequired\":true,\"valueName\":\"search_term_string\"}}],\"inLanguage\":\"pt-PT\"},{\"@type\":\"Organization\",\"@id\":\"https:\/\/www.pressenza.com\/pt-pt\/#organization\",\"name\":\"Pressenza\",\"url\":\"https:\/\/www.pressenza.com\/pt-pt\/\",\"logo\":{\"@type\":\"ImageObject\",\"inLanguage\":\"pt-PT\",\"@id\":\"https:\/\/www.pressenza.com\/pt-pt\/#\/schema\/logo\/image\/\",\"url\":\"https:\/\/www.pressenza.com\/wp-content\/uploads\/2022\/10\/pressenza_logo_200x200.jpg\",\"contentUrl\":\"https:\/\/www.pressenza.com\/wp-content\/uploads\/2022\/10\/pressenza_logo_200x200.jpg\",\"width\":200,\"height\":200,\"caption\":\"Pressenza\"},\"image\":{\"@id\":\"https:\/\/www.pressenza.com\/pt-pt\/#\/schema\/logo\/image\/\"},\"sameAs\":[\"https:\/\/www.facebook.com\/PressenzaItalia\",\"https:\/\/x.com\/PressenzaIPA\"]},{\"@type\":\"Person\",\"@id\":\"https:\/\/www.pressenza.com\/pt-pt\/#\/schema\/person\/22c6a7c0a683559f5faef2a7548be22e\",\"name\":\"Clementino Junior\",\"description\":\"Clementino Junior Cineasta, Cineclubista, Educador Audiovisual, Pesquisador e Doutorando em Educa\u00e7\u00e3o do GEASur\/Unirio, e Fundador do CAN, Cineclube Atl\u00e2ntico Negro. Rio de Janeiro, Brasil.\",\"sameAs\":[\"https:\/\/medium.com\/@clementinojunior\"],\"url\":\"https:\/\/www.pressenza.com\/pt-pt\/author\/clementino-junior\/\"}]}<\/script>\n<!-- \/ Yoast SEO plugin. -->","yoast_head_json":{"title":"Visibilidade e Dome Office","description":"OLHARES &nbsp; &nbsp; \u201cVisibilidade \u00e9 bom para mostrar que nem todos s\u00e3o iguais.\u201d S\u00e3o Paulo Ap\u00f3stolo Nunca imaginei come\u00e7ar um texto por uma cita\u00e7\u00e3o","robots":{"index":"index","follow":"follow","max-snippet":"max-snippet:-1","max-image-preview":"max-image-preview:large","max-video-preview":"max-video-preview:-1"},"canonical":"https:\/\/www.pressenza.com\/pt-pt\/2020\/06\/visibilidade-e-dome-office\/","og_locale":"pt_PT","og_type":"article","og_title":"Visibilidade e Dome Office","og_description":"OLHARES &nbsp; &nbsp; \u201cVisibilidade \u00e9 bom para mostrar que nem todos s\u00e3o iguais.\u201d S\u00e3o Paulo Ap\u00f3stolo Nunca imaginei come\u00e7ar um texto por uma cita\u00e7\u00e3o","og_url":"https:\/\/www.pressenza.com\/pt-pt\/2020\/06\/visibilidade-e-dome-office\/","og_site_name":"Pressenza","article_publisher":"https:\/\/www.facebook.com\/PressenzaItalia","article_published_time":"2020-06-14T02:58:18+00:00","og_image":[{"width":1024,"height":576,"url":"https:\/\/www.pressenza.com\/wp-content\/uploads\/2020\/06\/teojab-Pixabay-.jpg","type":"image\/jpeg"}],"author":"Clementino Junior","twitter_card":"summary_large_image","twitter_creator":"@PressenzaIPA","twitter_site":"@PressenzaIPA","twitter_misc":{"Escrito por":"Clementino Junior","Tempo estimado de leitura":"9 minutos"},"schema":{"@context":"https:\/\/schema.org","@graph":[{"@type":"Article","@id":"https:\/\/www.pressenza.com\/pt-pt\/2020\/06\/visibilidade-e-dome-office\/#article","isPartOf":{"@id":"https:\/\/www.pressenza.com\/pt-pt\/2020\/06\/visibilidade-e-dome-office\/"},"author":{"name":"Clementino Junior","@id":"https:\/\/www.pressenza.com\/pt-pt\/#\/schema\/person\/22c6a7c0a683559f5faef2a7548be22e"},"headline":"Visibilidade e Dome Office","datePublished":"2020-06-14T02:58:18+00:00","mainEntityOfPage":{"@id":"https:\/\/www.pressenza.com\/pt-pt\/2020\/06\/visibilidade-e-dome-office\/"},"wordCount":1849,"publisher":{"@id":"https:\/\/www.pressenza.com\/pt-pt\/#organization"},"image":{"@id":"https:\/\/www.pressenza.com\/pt-pt\/2020\/06\/visibilidade-e-dome-office\/#primaryimage"},"thumbnailUrl":"https:\/\/www.pressenza.com\/wp-content\/uploads\/2020\/06\/teojab-Pixabay-.jpg","keywords":["caderno de cultura","desigualdade","m\u00eddias","quarentena","Rio","visibilidade"],"articleSection":["\u00c1m\u00e9rica do Sul","Cultura e M\u00eddia","Opini\u00e3o"],"inLanguage":"pt-PT"},{"@type":"WebPage","@id":"https:\/\/www.pressenza.com\/pt-pt\/2020\/06\/visibilidade-e-dome-office\/","url":"https:\/\/www.pressenza.com\/pt-pt\/2020\/06\/visibilidade-e-dome-office\/","name":"Visibilidade e Dome Office","isPartOf":{"@id":"https:\/\/www.pressenza.com\/pt-pt\/#website"},"primaryImageOfPage":{"@id":"https:\/\/www.pressenza.com\/pt-pt\/2020\/06\/visibilidade-e-dome-office\/#primaryimage"},"image":{"@id":"https:\/\/www.pressenza.com\/pt-pt\/2020\/06\/visibilidade-e-dome-office\/#primaryimage"},"thumbnailUrl":"https:\/\/www.pressenza.com\/wp-content\/uploads\/2020\/06\/teojab-Pixabay-.jpg","datePublished":"2020-06-14T02:58:18+00:00","description":"OLHARES &nbsp; &nbsp; \u201cVisibilidade \u00e9 bom para mostrar que nem todos s\u00e3o iguais.\u201d S\u00e3o Paulo Ap\u00f3stolo Nunca imaginei come\u00e7ar um texto por uma cita\u00e7\u00e3o","breadcrumb":{"@id":"https:\/\/www.pressenza.com\/pt-pt\/2020\/06\/visibilidade-e-dome-office\/#breadcrumb"},"inLanguage":"pt-PT","potentialAction":[{"@type":"ReadAction","target":["https:\/\/www.pressenza.com\/pt-pt\/2020\/06\/visibilidade-e-dome-office\/"]}]},{"@type":"ImageObject","inLanguage":"pt-PT","@id":"https:\/\/www.pressenza.com\/pt-pt\/2020\/06\/visibilidade-e-dome-office\/#primaryimage","url":"https:\/\/www.pressenza.com\/wp-content\/uploads\/2020\/06\/teojab-Pixabay-.jpg","contentUrl":"https:\/\/www.pressenza.com\/wp-content\/uploads\/2020\/06\/teojab-Pixabay-.jpg","width":1024,"height":576},{"@type":"BreadcrumbList","@id":"https:\/\/www.pressenza.com\/pt-pt\/2020\/06\/visibilidade-e-dome-office\/#breadcrumb","itemListElement":[{"@type":"ListItem","position":1,"name":"Accueil","item":"https:\/\/www.pressenza.com\/pt-pt\/"},{"@type":"ListItem","position":2,"name":"Visibilidade e Dome Office"}]},{"@type":"WebSite","@id":"https:\/\/www.pressenza.com\/pt-pt\/#website","url":"https:\/\/www.pressenza.com\/pt-pt\/","name":"Pressenza","description":"International Press Agency","publisher":{"@id":"https:\/\/www.pressenza.com\/pt-pt\/#organization"},"potentialAction":[{"@type":"SearchAction","target":{"@type":"EntryPoint","urlTemplate":"https:\/\/www.pressenza.com\/pt-pt\/?s={search_term_string}"},"query-input":{"@type":"PropertyValueSpecification","valueRequired":true,"valueName":"search_term_string"}}],"inLanguage":"pt-PT"},{"@type":"Organization","@id":"https:\/\/www.pressenza.com\/pt-pt\/#organization","name":"Pressenza","url":"https:\/\/www.pressenza.com\/pt-pt\/","logo":{"@type":"ImageObject","inLanguage":"pt-PT","@id":"https:\/\/www.pressenza.com\/pt-pt\/#\/schema\/logo\/image\/","url":"https:\/\/www.pressenza.com\/wp-content\/uploads\/2022\/10\/pressenza_logo_200x200.jpg","contentUrl":"https:\/\/www.pressenza.com\/wp-content\/uploads\/2022\/10\/pressenza_logo_200x200.jpg","width":200,"height":200,"caption":"Pressenza"},"image":{"@id":"https:\/\/www.pressenza.com\/pt-pt\/#\/schema\/logo\/image\/"},"sameAs":["https:\/\/www.facebook.com\/PressenzaItalia","https:\/\/x.com\/PressenzaIPA"]},{"@type":"Person","@id":"https:\/\/www.pressenza.com\/pt-pt\/#\/schema\/person\/22c6a7c0a683559f5faef2a7548be22e","name":"Clementino Junior","description":"Clementino Junior Cineasta, Cineclubista, Educador Audiovisual, Pesquisador e Doutorando em Educa\u00e7\u00e3o do GEASur\/Unirio, e Fundador do CAN, Cineclube Atl\u00e2ntico Negro. Rio de Janeiro, Brasil.","sameAs":["https:\/\/medium.com\/@clementinojunior"],"url":"https:\/\/www.pressenza.com\/pt-pt\/author\/clementino-junior\/"}]}},"place":"","original_article_url":"","_links":{"self":[{"href":"https:\/\/www.pressenza.com\/pt-pt\/wp-json\/wp\/v2\/posts\/1134019","targetHints":{"allow":["GET"]}}],"collection":[{"href":"https:\/\/www.pressenza.com\/pt-pt\/wp-json\/wp\/v2\/posts"}],"about":[{"href":"https:\/\/www.pressenza.com\/pt-pt\/wp-json\/wp\/v2\/types\/post"}],"author":[{"embeddable":true,"href":"https:\/\/www.pressenza.com\/pt-pt\/wp-json\/wp\/v2\/users\/1863"}],"replies":[{"embeddable":true,"href":"https:\/\/www.pressenza.com\/pt-pt\/wp-json\/wp\/v2\/comments?post=1134019"}],"version-history":[{"count":0,"href":"https:\/\/www.pressenza.com\/pt-pt\/wp-json\/wp\/v2\/posts\/1134019\/revisions"}],"wp:featuredmedia":[{"embeddable":true,"href":"https:\/\/www.pressenza.com\/pt-pt\/wp-json\/wp\/v2\/media\/1134020"}],"wp:attachment":[{"href":"https:\/\/www.pressenza.com\/pt-pt\/wp-json\/wp\/v2\/media?parent=1134019"}],"wp:term":[{"taxonomy":"category","embeddable":true,"href":"https:\/\/www.pressenza.com\/pt-pt\/wp-json\/wp\/v2\/categories?post=1134019"},{"taxonomy":"post_tag","embeddable":true,"href":"https:\/\/www.pressenza.com\/pt-pt\/wp-json\/wp\/v2\/tags?post=1134019"}],"curies":[{"name":"wp","href":"https:\/\/api.w.org\/{rel}","templated":true}]}}