{"id":1133709,"date":"2020-06-13T00:26:17","date_gmt":"2020-06-12T23:26:17","guid":{"rendered":"https:\/\/www.pressenza.com\/?p=1133709"},"modified":"2020-06-13T00:26:17","modified_gmt":"2020-06-12T23:26:17","slug":"poderia-a-covid-19-ajudar-a-trazer-paz-ao-iemen","status":"publish","type":"post","link":"https:\/\/www.pressenza.com\/pt-pt\/2020\/06\/poderia-a-covid-19-ajudar-a-trazer-paz-ao-iemen\/","title":{"rendered":"Poderia a Covid-19 ajudar a trazer paz ao I\u00eamen?"},"content":{"rendered":"<p><em>Por<strong> Hooria Mashour<\/strong><\/em><\/p>\n<p>&nbsp;<\/p>\n<p><strong>Negocia\u00e7\u00f5es de paz online podem mudar o cen\u00e1rio atual?\u00a0<\/strong><\/p>\n<p>O I\u00eamen est\u00e1 envolvido em\u00a0<a href=\"https:\/\/www.politize.com.br\/crise-no-iemen\/\" target=\"_blank\" rel=\"noopener noreferrer\">um conflito armado<\/a>\u00a0desde que os\u00a0<a href=\"https:\/\/noticias.uol.com.br\/ultimas-noticias\/bbc\/2015\/01\/23\/saiba-quem-sao-os-hutis-os-rebeldes-que-derrubaram-o-governo-do-iemen.htm\" target=\"_blank\" rel=\"noopener noreferrer\">houthis, rebeldes apoiados pelo Ir\u00e3<\/a>, derrubaram o governo em setembro de 2014. Esta \u00e9\u00a0<a href=\"https:\/\/forbes.com.br\/colunas\/2018\/04\/crise-humanitaria-do-iemen-e-considerada-a-pior-do-mundo\/\" target=\"_blank\" rel=\"noopener noreferrer\">considerada a pior crise humanit\u00e1ria do s\u00e9culo<\/a>. Aproximadamente 80% da popula\u00e7\u00e3o necessita de ajuda humanit\u00e1ria urgente e, no m\u00eas de maio, enquanto o povo iemenita celebrava o seu quinto Eid-Al-Fitr desde o in\u00edcio do conflito, o que j\u00e1 era dif\u00edcil ficou ainda pior: al\u00e9m de sofrer com a agonia acumulada da guerra e com doen\u00e7as que assolam o pa\u00eds h\u00e1 anos, agora surge um novo obst\u00e1culo: a Covid-19.<\/p>\n<p>O primeiro caso de Covid-19 no I\u00eamen foi anunciado <a href=\"https:\/\/www.em.com.br\/app\/noticia\/internacional\/2020\/04\/10\/interna_internacional,1137464\/primeiro-caso-de-coronavirus-no-iemen-em-guerra.shtml\" target=\"_blank\" rel=\"noopener noreferrer\">no\u00a0dia 10 de abril<\/a>, e hoje o v\u00edrus j\u00e1 se espalhou por todo o pa\u00eds; at\u00e9 o momento,\u00a0<a href=\"https:\/\/news.google.com\/covid19\/map?hl=en-US&amp;mid=\/m\/01z88t&amp;gl=US&amp;ceid=US:en\" target=\"_blank\" rel=\"noopener noreferrer\">484 casos j\u00e1 foram registrados, com 112 \u00f3bitos<\/a>. A subnotifica\u00e7\u00e3o \u00e9 uma realidade da regi\u00e3o, e teme-se que os n\u00fameros reais sejam bem maiores. Al\u00e9m disso, o novo coronav\u00edrus circula no I\u00eamen ao lado de outras doen\u00e7as \u00a0end\u00eamicas como mal\u00e1ria, c\u00f3lera, dengue e\u00a0<a href=\"https:\/\/www.monitordooriente.com\/20200510-cinquenta-pessoas-morrem-no-iemen-por-doenca-do-chicungunha\/\" target=\"_blank\" rel=\"noopener noreferrer\">chicungunha<\/a>.<\/p>\n<p>No dia 25 de mar\u00e7o, o secret\u00e1rio-geral das Na\u00e7\u00f5es Unidas, Ant\u00f3nio Guterres,\u00a0<a href=\"https:\/\/nacoesunidas.org\/em-meio-a-catastrofe-humanitaria-secretario-geral-da-onu-pede-fim-das-hostilidades-no-iemen\/\" target=\"_blank\" rel=\"noopener noreferrer\">pediu<\/a>\u00a0\u00e0s fac\u00e7\u00f5es em guerra no pa\u00eds para cessar as hostilidades e focar na luta contra o v\u00edrus. A Ar\u00e1bia Saudita tomou a<a href=\"http:\/\/www.rfi.fr\/pt\/mundo\/20200409-ar%C3%A1bia-saudita-decreta-unilateralmente-tr%C3%A9gua-provis%C3%B3ria-no-i%C3%A9men\" target=\"_blank\" rel=\"noopener noreferrer\">\u00a0decis\u00e3o unilateral de cessar-fogo em abril<\/a>, mas o conflito na regi\u00e3o continuou. Enquanto os l\u00edderes n\u00e3o chegam a uma resposta unificada para encerrar os conflitos e focar na nova amea\u00e7a, v\u00e1rios grupos ativistas est\u00e3o promovem uma agenda de cessar-fogo, pedindo pelo fim do conflito que j\u00e1 dura quase 6 anos.<\/p>\n<p>Estima-se que mais de\u00a0<a href=\"https:\/\/expresso.pt\/coronavirus\/2020-05-26-O-Iemen-esta-a-morrer-e-o-mundo-esta-a-espera-que-caia-o-pano-como-a-pior-crise-humanitaria-se-agravou-com-a-covid-19-1\" target=\"_blank\" rel=\"noopener noreferrer\">112 mil<\/a>\u00a0pessoas j\u00e1 foram mortas como resultado direto do conflito armado que acontece no I\u00eamen. Entre civis, as perdas foram relatadas em diferentes frentes \u2014 entre houthis e tropas do governo apoiadas pela coaliz\u00e3o liderada pela Ar\u00e1bia Saudita ao norte, e entre separatistas apoiados pelos Emirados \u00c1rabes Unidos e tropas do governo.<\/p>\n<p>Esses fatores, al\u00e9m das cont\u00ednuas amea\u00e7as feitas por\u00a0<a href=\"https:\/\/g1.globo.com\/mundo\/noticia\/2020\/02\/23\/al-qaeda-confirma-morte-do-chefe-da-organizacao-no-iemen.ghtml\" target=\"_blank\" rel=\"noopener noreferrer\">grupos extremistas<\/a>\u00a0em algumas regi\u00f5es do pa\u00eds, reduziram o I\u00eamen\u00a0<a href=\"https:\/\/noticias.uol.com.br\/ultimas-noticias\/rfi\/2018\/12\/13\/avancam-negociacoes-por-ajuda-humanitaria-ao-iemen-onde-20-milhoes-sao-ameacados-pela-fome.htm\" target=\"_blank\" rel=\"noopener noreferrer\">a um estado fragilizado com uma economia falida<\/a>.\u00a0Em frangalhos, o pa\u00eds n\u00e3o tem capacidade de resistir aos impactos potencialmente arrasadores da Covid-19, que inclusive j\u00e1 devastaram economias muito mais robustas.<\/p>\n<h4>Uma sociedade em nega\u00e7\u00e3o<\/h4>\n<p>Apesar da <a href=\"https:\/\/news.un.org\/pt\/story\/2020\/05\/1714662\" target=\"_blank\" rel=\"noopener noreferrer\">fragilidade<\/a>\u00a0do sistema de sa\u00fade iemenita, o que existe atualmente no pa\u00eds \u00e9 uma nega\u00e7\u00e3o social e pol\u00edtica generalizada sobre a gravidade da Covid-19. Embora toques de recolher tenham sido impostos de forma tempor\u00e1ria pelas autoridades que de fato est\u00e3o no poder em v\u00e1rias regi\u00f5es, as pessoas n\u00e3o est\u00e3o ficando em casa nem seguindo medidas de distanciamento social. Enquanto metade da popula\u00e7\u00e3o mundial vive sob n\u00edveis variados de lockdowns e quarentenas, a popula\u00e7\u00e3o do I\u00eamen continua a viver normalmente\u00a0\u2014 incluindo\u00a0a <a href=\"https:\/\/www.icrc.org\/pt\/document\/iemen-milhoes-de-pessoas-se-preparam-para-o-ramada-em-meio-inundacoes-conflitos-e-ameaca-do\" target=\"_blank\" rel=\"noopener noreferrer\">realiza\u00e7\u00e3o de cerim\u00f4nias religiosas e eventos sociais<\/a>\u00a0relacionados \u00e0s celebra\u00e7\u00f5es do m\u00eas sagrado do Ramad\u00e3 e do\u00a0Eid al-Fit\u00a0\u2014, a despeito dos\u00a0<a href=\"https:\/\/www.msf.org.br\/noticias\/iemen-autoridades-devem-fazer-todo-o-possivel-para-facilitar-resposta-covid-19\" target=\"_blank\" rel=\"noopener noreferrer\">avisos<\/a>\u00a0sobre os prov\u00e1veis impactos desastrosos que a Covid-19 pode vir a ter sobre o I\u00eamen.<\/p>\n<p>Neste interim, os pol\u00edticos locais ainda n\u00e3o reconheceram o tamanho da adversidade a ser enfrentada e muito menos suspenderam as suas disputas internas, para que pudessem colaborar e lutar contra esse problema urgente de sa\u00fade p\u00fablica.<\/p>\n<div id=\"attachment_1133736\" class=\"wp-caption alignnone\"><img loading=\"lazy\" decoding=\"async\" aria-describedby=\"caption-attachment-1133736\" class=\"wp-image-1133736 size-full\" src=\"https:\/\/www.pressenza.com\/wp-content\/uploads\/2020\/06\/Felton-Davis.jpg\" alt=\"\" width=\"800\" height=\"450\" srcset=\"https:\/\/www.pressenza.com\/wp-content\/uploads\/2020\/06\/Felton-Davis.jpg 800w, https:\/\/www.pressenza.com\/wp-content\/uploads\/2020\/06\/Felton-Davis-300x169.jpg 300w, https:\/\/www.pressenza.com\/wp-content\/uploads\/2020\/06\/Felton-Davis-720x405.jpg 720w, https:\/\/www.pressenza.com\/wp-content\/uploads\/2020\/06\/Felton-Davis-768x432.jpg 768w, https:\/\/www.pressenza.com\/wp-content\/uploads\/2020\/06\/Felton-Davis-750x422.jpg 750w\" sizes=\"auto, (max-width: 800px) 100vw, 800px\" \/><p id=\"caption-attachment-1133736\" class=\"wp-caption-text\">Foto Felton Davis<\/p><\/div>\n<p>O\u00a0<a href=\"https:\/\/nacoesunidas.org\/em-meio-a-catastrofe-humanitaria-secretario-geral-da-onu-pede-fim-das-hostilidades-no-iemen\/\" target=\"_blank\" rel=\"noopener noreferrer\">pedido<\/a>\u00a0do secret\u00e1rio-geral Guterres para um cessar-fogo foi ignorado e o governo do I\u00eamen, apoiado pela Ar\u00e1bia Saudita, continua a enfrentar tanto separatistas no sul quanto houthis no norte. O conflito armado no norte inclui ainda um elemento regional, \u00e0 medida que os houthis continuam a lan\u00e7ar m\u00edsseis na dire\u00e7\u00e3o da Ar\u00e1bia Saudita, que, por sua vez, responde com ataques a\u00e9reos \u00e0 cidade de Sana&#8217;a, a maior do I\u00eamen.<\/p>\n<h4>Negocia\u00e7\u00f5es de paz on-line podem mudar o cen\u00e1rio atual?<\/h4>\n<p>Enquanto l\u00edderes pol\u00edticos n\u00e3o se unificam na luta contra a Covid-19, ativistas iemenitas se movimentam para transformar essa crise de sa\u00fade p\u00fablica em uma oportunidade para impor o cessar-fogo.<\/p>\n<p>A organiza\u00e7\u00e3o\u00a0<a href=\"https:\/\/twitter.com\/WoSolidarityYe\" target=\"_blank\" rel=\"noopener noreferrer\">Women Solidarity Network<\/a>, da qual fa\u00e7o parte, emitiu, no dia 15 de abril,\u00a0<a href=\"http:\/\/www.women4yemen.org\/index.php\/en\/statements\/statement-by-the-yemeni-women-group-of-nine-network\" target=\"_blank\" rel=\"noopener noreferrer\">uma nota conjunta<\/a>\u00a0com outras oito organiza\u00e7\u00f5es que lutam pelos direitos das mulheres, solicitando o cessar-fogo imediato e exigindo que todas as autoridades pol\u00edticas, sem distin\u00e7\u00e3o ideol\u00f3gica, colaborassem com organiza\u00e7\u00f5es da sociedade civil em prepara\u00e7\u00e3o \u00e0 Covid-19, criando \u00e1reas de quarentena, testes e treinamentos.\u00a0Pessoas que tiveram de fugir de suas casas e cidades (<a href=\"https:\/\/pt.wikipedia.org\/wiki\/Deslocados_internos#:~:text=Deslocados%20internos%2C%20tamb%C3%A9m%20conhecidos%20como,permanecendo%20dentro%20do%20seu%20pa%C3%ADs.\" target=\"_blank\" rel=\"noopener noreferrer\">deslocados internos<\/a>) e aquelas que vivem sobre vulnerabilidade socioecon\u00f4mica s\u00e3o as que correm maior risco.<\/p>\n<p>O novo coronav\u00edrus for\u00e7ou milh\u00f5es de pessoas no mundo todo a exercer suas atividades on-line. Talvez essa mudan\u00e7a represente uma oportunidade de trazer paz ao I\u00eamen, com a remo\u00e7\u00e3o de muitos dos obst\u00e1culos log\u00edsticos que normalmente s\u00e3o enfrentados, como viagens, vistos e hospedagens. As negocia\u00e7\u00f5es de paz on-line j\u00e1 foram realizadas anteriormente. A Women Solidarity Network, que inclui mais de 250 mulheres em posi\u00e7\u00f5es de lideran\u00e7a espalhadas pelo mundo, tem realizado encontros on-line com apoio da\u00a0<a href=\"https:\/\/publicate.it\/p\/RgYVpD105222\" target=\"_blank\" rel=\"noopener noreferrer\">Peace Track Initiative<\/a>.<\/p>\n<p>Esse tipo de iniciativa permitiria aos l\u00edderes dedicar mais tempo \u00e0s discuss\u00f5es de paz e facilitar a inclus\u00e3o de interessados do mundo todo, localizados em diversos fusos hor\u00e1rios. Por exemplo, o secret\u00e1rio-geral da ONU enviado ao I\u00eamen, Martin Grifftiths, tem tido\u00a0<a href=\"https:\/\/www.noticiasaominuto.com\/mundo\/1455004\/onu-apresenta-propostas-de-cessar-fogo-para-o-conflito-no-iemen\" target=\"_blank\" rel=\"noopener noreferrer\">conversas on-line<\/a>\u00a0com v\u00e1rios l\u00edderes pol\u00edticos iemenitas.<\/p>\n<p>A realiza\u00e7\u00e3o de negocia\u00e7\u00f5es de paz on-line permitiria tamb\u00e9m a participa\u00e7\u00e3o das principais partes interessadas, que \u00a0geralmente s\u00e3o\u00a0<a href=\"https:\/\/www.wilsoncenter.org\/blog-post\/unfulfilled-ambition-yemens-national-action-plan-women-leaves-much-be-desired\" target=\"_blank\" rel=\"noopener noreferrer\">exclu\u00eddas<\/a>\u00a0das negocia\u00e7\u00f5es de paz tradicionais \u2013 como mulheres e grupos da sociedade civil.<\/p>\n<p>Milh\u00f5es de iemenitas est\u00e3o sofrendo com a guerra. Antes que milhares sejam afetados pela Covid-19, \u00e9 preciso que a classe pol\u00edtica compreenda que \u00e9 imposs\u00edvel lutar contra esse v\u00edrus sem que haja colabora\u00e7\u00e3o.<\/p>\n<hr \/>\n<h6>Hooria Mashous \u00e9 ativista pol\u00edtica e defensora dos direitos humanos, especializada em g\u00eanero e justi\u00e7a de transi\u00e7\u00e3o. Foi ministra dos direitos humanos no governo de consenso nacional entre 2012 e 2014. Antes disso, comp\u00f4s o Comit\u00ea Nacional das Mulheres. Atualmente \u00e9 integrante da organiza\u00e7\u00e3o Women Solidarity Network e \u00a0ganhadora uma bolsa de pesquisa do Peace Track Initiative Feminist.<\/h6>\n","protected":false},"excerpt":{"rendered":"<p>Por Hooria Mashour &nbsp; Negocia\u00e7\u00f5es de paz online podem mudar o cen\u00e1rio atual?\u00a0 O I\u00eamen est\u00e1 envolvido em\u00a0um conflito armado\u00a0desde que os\u00a0houthis, rebeldes apoiados pelo Ir\u00e3, derrubaram o governo em setembro de 2014. Esta \u00e9\u00a0considerada a pior crise humanit\u00e1ria do&hellip;<\/p>\n","protected":false},"author":1277,"featured_media":1133746,"comment_status":"closed","ping_status":"closed","sticky":false,"template":"","format":"standard","meta":{"footnotes":""},"categories":[108,1257,111],"tags":[72401,5204,23175,12472,73244],"class_list":["post-1133709","post","type-post","status-publish","format-standard","has-post-thumbnail","hentry","category-oriente-medio","category-paz-desarmamento","category-politica-pt-pt","tag-covid-19-pt-pt","tag-direitos-humanos","tag-iemen","tag-oriente-medio-pt-pt","tag-pandemia-pt-pt"],"yoast_head":"<!-- This site is optimized with the Yoast SEO plugin v27.1.1 - https:\/\/yoast.com\/product\/yoast-seo-wordpress\/ -->\n<title>Poderia a Covid-19 ajudar a trazer paz ao I\u00eamen?<\/title>\n<meta name=\"description\" content=\"Por Hooria Mashour &nbsp; Negocia\u00e7\u00f5es de paz online podem mudar o cen\u00e1rio atual?\u00a0 O I\u00eamen est\u00e1 envolvido em\u00a0um conflito armado\u00a0desde que os\u00a0houthis,\" \/>\n<meta name=\"robots\" content=\"index, follow, max-snippet:-1, max-image-preview:large, max-video-preview:-1\" \/>\n<link rel=\"canonical\" href=\"https:\/\/www.pressenza.com\/pt-pt\/2020\/06\/poderia-a-covid-19-ajudar-a-trazer-paz-ao-iemen\/\" \/>\n<meta property=\"og:locale\" content=\"pt_PT\" \/>\n<meta property=\"og:type\" content=\"article\" \/>\n<meta property=\"og:title\" content=\"Poderia a Covid-19 ajudar a trazer paz ao I\u00eamen?\" \/>\n<meta property=\"og:description\" content=\"Por Hooria Mashour &nbsp; Negocia\u00e7\u00f5es de paz online podem mudar o cen\u00e1rio atual?\u00a0 O I\u00eamen est\u00e1 envolvido em\u00a0um conflito armado\u00a0desde que os\u00a0houthis,\" \/>\n<meta property=\"og:url\" content=\"https:\/\/www.pressenza.com\/pt-pt\/2020\/06\/poderia-a-covid-19-ajudar-a-trazer-paz-ao-iemen\/\" \/>\n<meta property=\"og:site_name\" content=\"Pressenza\" \/>\n<meta property=\"article:publisher\" content=\"https:\/\/www.facebook.com\/PressenzaItalia\" \/>\n<meta property=\"article:published_time\" content=\"2020-06-12T23:26:17+00:00\" \/>\n<meta property=\"og:image\" content=\"https:\/\/www.pressenza.com\/wp-content\/uploads\/2020\/06\/Carl-Waldmeier.jpg\" \/>\n\t<meta property=\"og:image:width\" content=\"800\" \/>\n\t<meta property=\"og:image:height\" content=\"534\" \/>\n\t<meta property=\"og:image:type\" content=\"image\/jpeg\" \/>\n<meta name=\"author\" content=\"Global Voices Online\" \/>\n<meta name=\"twitter:card\" content=\"summary_large_image\" \/>\n<meta name=\"twitter:creator\" content=\"@PressenzaIPA\" \/>\n<meta name=\"twitter:site\" content=\"@PressenzaIPA\" \/>\n<meta name=\"twitter:label1\" content=\"Escrito por\" \/>\n\t<meta name=\"twitter:data1\" content=\"Global Voices Online\" \/>\n\t<meta name=\"twitter:label2\" content=\"Tempo estimado de leitura\" \/>\n\t<meta name=\"twitter:data2\" content=\"6 minutos\" \/>\n<script type=\"application\/ld+json\" class=\"yoast-schema-graph\">{\"@context\":\"https:\/\/schema.org\",\"@graph\":[{\"@type\":\"Article\",\"@id\":\"https:\/\/www.pressenza.com\/pt-pt\/2020\/06\/poderia-a-covid-19-ajudar-a-trazer-paz-ao-iemen\/#article\",\"isPartOf\":{\"@id\":\"https:\/\/www.pressenza.com\/pt-pt\/2020\/06\/poderia-a-covid-19-ajudar-a-trazer-paz-ao-iemen\/\"},\"author\":{\"name\":\"Global Voices Online\",\"@id\":\"https:\/\/www.pressenza.com\/pt-pt\/#\/schema\/person\/a6c3e727f5a3eb6cce9a762fc2af8b72\"},\"headline\":\"Poderia a Covid-19 ajudar a trazer paz ao I\u00eamen?\",\"datePublished\":\"2020-06-12T23:26:17+00:00\",\"mainEntityOfPage\":{\"@id\":\"https:\/\/www.pressenza.com\/pt-pt\/2020\/06\/poderia-a-covid-19-ajudar-a-trazer-paz-ao-iemen\/\"},\"wordCount\":1113,\"publisher\":{\"@id\":\"https:\/\/www.pressenza.com\/pt-pt\/#organization\"},\"image\":{\"@id\":\"https:\/\/www.pressenza.com\/pt-pt\/2020\/06\/poderia-a-covid-19-ajudar-a-trazer-paz-ao-iemen\/#primaryimage\"},\"thumbnailUrl\":\"https:\/\/www.pressenza.com\/wp-content\/uploads\/2020\/06\/Carl-Waldmeier.jpg\",\"keywords\":[\"COVID-19\",\"direitos humanos\",\"I\u00eamen\",\"oriente medio\",\"pandemia\"],\"articleSection\":[\"Oriente M\u00e9dio\",\"Paz e Desarmamento\",\"Pol\u00edtica\"],\"inLanguage\":\"pt-PT\"},{\"@type\":\"WebPage\",\"@id\":\"https:\/\/www.pressenza.com\/pt-pt\/2020\/06\/poderia-a-covid-19-ajudar-a-trazer-paz-ao-iemen\/\",\"url\":\"https:\/\/www.pressenza.com\/pt-pt\/2020\/06\/poderia-a-covid-19-ajudar-a-trazer-paz-ao-iemen\/\",\"name\":\"Poderia a Covid-19 ajudar a trazer paz ao I\u00eamen?\",\"isPartOf\":{\"@id\":\"https:\/\/www.pressenza.com\/pt-pt\/#website\"},\"primaryImageOfPage\":{\"@id\":\"https:\/\/www.pressenza.com\/pt-pt\/2020\/06\/poderia-a-covid-19-ajudar-a-trazer-paz-ao-iemen\/#primaryimage\"},\"image\":{\"@id\":\"https:\/\/www.pressenza.com\/pt-pt\/2020\/06\/poderia-a-covid-19-ajudar-a-trazer-paz-ao-iemen\/#primaryimage\"},\"thumbnailUrl\":\"https:\/\/www.pressenza.com\/wp-content\/uploads\/2020\/06\/Carl-Waldmeier.jpg\",\"datePublished\":\"2020-06-12T23:26:17+00:00\",\"description\":\"Por Hooria Mashour &nbsp; Negocia\u00e7\u00f5es de paz online podem mudar o cen\u00e1rio atual?\u00a0 O I\u00eamen est\u00e1 envolvido em\u00a0um conflito armado\u00a0desde que os\u00a0houthis,\",\"breadcrumb\":{\"@id\":\"https:\/\/www.pressenza.com\/pt-pt\/2020\/06\/poderia-a-covid-19-ajudar-a-trazer-paz-ao-iemen\/#breadcrumb\"},\"inLanguage\":\"pt-PT\",\"potentialAction\":[{\"@type\":\"ReadAction\",\"target\":[\"https:\/\/www.pressenza.com\/pt-pt\/2020\/06\/poderia-a-covid-19-ajudar-a-trazer-paz-ao-iemen\/\"]}]},{\"@type\":\"ImageObject\",\"inLanguage\":\"pt-PT\",\"@id\":\"https:\/\/www.pressenza.com\/pt-pt\/2020\/06\/poderia-a-covid-19-ajudar-a-trazer-paz-ao-iemen\/#primaryimage\",\"url\":\"https:\/\/www.pressenza.com\/wp-content\/uploads\/2020\/06\/Carl-Waldmeier.jpg\",\"contentUrl\":\"https:\/\/www.pressenza.com\/wp-content\/uploads\/2020\/06\/Carl-Waldmeier.jpg\",\"width\":800,\"height\":534},{\"@type\":\"BreadcrumbList\",\"@id\":\"https:\/\/www.pressenza.com\/pt-pt\/2020\/06\/poderia-a-covid-19-ajudar-a-trazer-paz-ao-iemen\/#breadcrumb\",\"itemListElement\":[{\"@type\":\"ListItem\",\"position\":1,\"name\":\"Accueil\",\"item\":\"https:\/\/www.pressenza.com\/pt-pt\/\"},{\"@type\":\"ListItem\",\"position\":2,\"name\":\"Poderia a Covid-19 ajudar a trazer paz ao I\u00eamen?\"}]},{\"@type\":\"WebSite\",\"@id\":\"https:\/\/www.pressenza.com\/pt-pt\/#website\",\"url\":\"https:\/\/www.pressenza.com\/pt-pt\/\",\"name\":\"Pressenza\",\"description\":\"International Press Agency\",\"publisher\":{\"@id\":\"https:\/\/www.pressenza.com\/pt-pt\/#organization\"},\"potentialAction\":[{\"@type\":\"SearchAction\",\"target\":{\"@type\":\"EntryPoint\",\"urlTemplate\":\"https:\/\/www.pressenza.com\/pt-pt\/?s={search_term_string}\"},\"query-input\":{\"@type\":\"PropertyValueSpecification\",\"valueRequired\":true,\"valueName\":\"search_term_string\"}}],\"inLanguage\":\"pt-PT\"},{\"@type\":\"Organization\",\"@id\":\"https:\/\/www.pressenza.com\/pt-pt\/#organization\",\"name\":\"Pressenza\",\"url\":\"https:\/\/www.pressenza.com\/pt-pt\/\",\"logo\":{\"@type\":\"ImageObject\",\"inLanguage\":\"pt-PT\",\"@id\":\"https:\/\/www.pressenza.com\/pt-pt\/#\/schema\/logo\/image\/\",\"url\":\"https:\/\/www.pressenza.com\/wp-content\/uploads\/2022\/10\/pressenza_logo_200x200.jpg\",\"contentUrl\":\"https:\/\/www.pressenza.com\/wp-content\/uploads\/2022\/10\/pressenza_logo_200x200.jpg\",\"width\":200,\"height\":200,\"caption\":\"Pressenza\"},\"image\":{\"@id\":\"https:\/\/www.pressenza.com\/pt-pt\/#\/schema\/logo\/image\/\"},\"sameAs\":[\"https:\/\/www.facebook.com\/PressenzaItalia\",\"https:\/\/x.com\/PressenzaIPA\"]},{\"@type\":\"Person\",\"@id\":\"https:\/\/www.pressenza.com\/pt-pt\/#\/schema\/person\/a6c3e727f5a3eb6cce9a762fc2af8b72\",\"name\":\"Global Voices Online\",\"description\":\"Global Voices is an international, multilingual, primarily volunteer community of writers, translators, academics, and human rights activists. Together, we leverage the power of the internet to build understanding across borders.\",\"sameAs\":[\"https:\/\/it.globalvoices.org\"],\"url\":\"https:\/\/www.pressenza.com\/pt-pt\/author\/global-voices-online\/\"}]}<\/script>\n<!-- \/ Yoast SEO plugin. -->","yoast_head_json":{"title":"Poderia a Covid-19 ajudar a trazer paz ao I\u00eamen?","description":"Por Hooria Mashour &nbsp; Negocia\u00e7\u00f5es de paz online podem mudar o cen\u00e1rio atual?\u00a0 O I\u00eamen est\u00e1 envolvido em\u00a0um conflito armado\u00a0desde que os\u00a0houthis,","robots":{"index":"index","follow":"follow","max-snippet":"max-snippet:-1","max-image-preview":"max-image-preview:large","max-video-preview":"max-video-preview:-1"},"canonical":"https:\/\/www.pressenza.com\/pt-pt\/2020\/06\/poderia-a-covid-19-ajudar-a-trazer-paz-ao-iemen\/","og_locale":"pt_PT","og_type":"article","og_title":"Poderia a Covid-19 ajudar a trazer paz ao I\u00eamen?","og_description":"Por Hooria Mashour &nbsp; Negocia\u00e7\u00f5es de paz online podem mudar o cen\u00e1rio atual?\u00a0 O I\u00eamen est\u00e1 envolvido em\u00a0um conflito armado\u00a0desde que os\u00a0houthis,","og_url":"https:\/\/www.pressenza.com\/pt-pt\/2020\/06\/poderia-a-covid-19-ajudar-a-trazer-paz-ao-iemen\/","og_site_name":"Pressenza","article_publisher":"https:\/\/www.facebook.com\/PressenzaItalia","article_published_time":"2020-06-12T23:26:17+00:00","og_image":[{"width":800,"height":534,"url":"https:\/\/www.pressenza.com\/wp-content\/uploads\/2020\/06\/Carl-Waldmeier.jpg","type":"image\/jpeg"}],"author":"Global Voices Online","twitter_card":"summary_large_image","twitter_creator":"@PressenzaIPA","twitter_site":"@PressenzaIPA","twitter_misc":{"Escrito por":"Global Voices Online","Tempo estimado de leitura":"6 minutos"},"schema":{"@context":"https:\/\/schema.org","@graph":[{"@type":"Article","@id":"https:\/\/www.pressenza.com\/pt-pt\/2020\/06\/poderia-a-covid-19-ajudar-a-trazer-paz-ao-iemen\/#article","isPartOf":{"@id":"https:\/\/www.pressenza.com\/pt-pt\/2020\/06\/poderia-a-covid-19-ajudar-a-trazer-paz-ao-iemen\/"},"author":{"name":"Global Voices Online","@id":"https:\/\/www.pressenza.com\/pt-pt\/#\/schema\/person\/a6c3e727f5a3eb6cce9a762fc2af8b72"},"headline":"Poderia a Covid-19 ajudar a trazer paz ao I\u00eamen?","datePublished":"2020-06-12T23:26:17+00:00","mainEntityOfPage":{"@id":"https:\/\/www.pressenza.com\/pt-pt\/2020\/06\/poderia-a-covid-19-ajudar-a-trazer-paz-ao-iemen\/"},"wordCount":1113,"publisher":{"@id":"https:\/\/www.pressenza.com\/pt-pt\/#organization"},"image":{"@id":"https:\/\/www.pressenza.com\/pt-pt\/2020\/06\/poderia-a-covid-19-ajudar-a-trazer-paz-ao-iemen\/#primaryimage"},"thumbnailUrl":"https:\/\/www.pressenza.com\/wp-content\/uploads\/2020\/06\/Carl-Waldmeier.jpg","keywords":["COVID-19","direitos humanos","I\u00eamen","oriente medio","pandemia"],"articleSection":["Oriente M\u00e9dio","Paz e Desarmamento","Pol\u00edtica"],"inLanguage":"pt-PT"},{"@type":"WebPage","@id":"https:\/\/www.pressenza.com\/pt-pt\/2020\/06\/poderia-a-covid-19-ajudar-a-trazer-paz-ao-iemen\/","url":"https:\/\/www.pressenza.com\/pt-pt\/2020\/06\/poderia-a-covid-19-ajudar-a-trazer-paz-ao-iemen\/","name":"Poderia a Covid-19 ajudar a trazer paz ao I\u00eamen?","isPartOf":{"@id":"https:\/\/www.pressenza.com\/pt-pt\/#website"},"primaryImageOfPage":{"@id":"https:\/\/www.pressenza.com\/pt-pt\/2020\/06\/poderia-a-covid-19-ajudar-a-trazer-paz-ao-iemen\/#primaryimage"},"image":{"@id":"https:\/\/www.pressenza.com\/pt-pt\/2020\/06\/poderia-a-covid-19-ajudar-a-trazer-paz-ao-iemen\/#primaryimage"},"thumbnailUrl":"https:\/\/www.pressenza.com\/wp-content\/uploads\/2020\/06\/Carl-Waldmeier.jpg","datePublished":"2020-06-12T23:26:17+00:00","description":"Por Hooria Mashour &nbsp; Negocia\u00e7\u00f5es de paz online podem mudar o cen\u00e1rio atual?\u00a0 O I\u00eamen est\u00e1 envolvido em\u00a0um conflito armado\u00a0desde que os\u00a0houthis,","breadcrumb":{"@id":"https:\/\/www.pressenza.com\/pt-pt\/2020\/06\/poderia-a-covid-19-ajudar-a-trazer-paz-ao-iemen\/#breadcrumb"},"inLanguage":"pt-PT","potentialAction":[{"@type":"ReadAction","target":["https:\/\/www.pressenza.com\/pt-pt\/2020\/06\/poderia-a-covid-19-ajudar-a-trazer-paz-ao-iemen\/"]}]},{"@type":"ImageObject","inLanguage":"pt-PT","@id":"https:\/\/www.pressenza.com\/pt-pt\/2020\/06\/poderia-a-covid-19-ajudar-a-trazer-paz-ao-iemen\/#primaryimage","url":"https:\/\/www.pressenza.com\/wp-content\/uploads\/2020\/06\/Carl-Waldmeier.jpg","contentUrl":"https:\/\/www.pressenza.com\/wp-content\/uploads\/2020\/06\/Carl-Waldmeier.jpg","width":800,"height":534},{"@type":"BreadcrumbList","@id":"https:\/\/www.pressenza.com\/pt-pt\/2020\/06\/poderia-a-covid-19-ajudar-a-trazer-paz-ao-iemen\/#breadcrumb","itemListElement":[{"@type":"ListItem","position":1,"name":"Accueil","item":"https:\/\/www.pressenza.com\/pt-pt\/"},{"@type":"ListItem","position":2,"name":"Poderia a Covid-19 ajudar a trazer paz ao I\u00eamen?"}]},{"@type":"WebSite","@id":"https:\/\/www.pressenza.com\/pt-pt\/#website","url":"https:\/\/www.pressenza.com\/pt-pt\/","name":"Pressenza","description":"International Press Agency","publisher":{"@id":"https:\/\/www.pressenza.com\/pt-pt\/#organization"},"potentialAction":[{"@type":"SearchAction","target":{"@type":"EntryPoint","urlTemplate":"https:\/\/www.pressenza.com\/pt-pt\/?s={search_term_string}"},"query-input":{"@type":"PropertyValueSpecification","valueRequired":true,"valueName":"search_term_string"}}],"inLanguage":"pt-PT"},{"@type":"Organization","@id":"https:\/\/www.pressenza.com\/pt-pt\/#organization","name":"Pressenza","url":"https:\/\/www.pressenza.com\/pt-pt\/","logo":{"@type":"ImageObject","inLanguage":"pt-PT","@id":"https:\/\/www.pressenza.com\/pt-pt\/#\/schema\/logo\/image\/","url":"https:\/\/www.pressenza.com\/wp-content\/uploads\/2022\/10\/pressenza_logo_200x200.jpg","contentUrl":"https:\/\/www.pressenza.com\/wp-content\/uploads\/2022\/10\/pressenza_logo_200x200.jpg","width":200,"height":200,"caption":"Pressenza"},"image":{"@id":"https:\/\/www.pressenza.com\/pt-pt\/#\/schema\/logo\/image\/"},"sameAs":["https:\/\/www.facebook.com\/PressenzaItalia","https:\/\/x.com\/PressenzaIPA"]},{"@type":"Person","@id":"https:\/\/www.pressenza.com\/pt-pt\/#\/schema\/person\/a6c3e727f5a3eb6cce9a762fc2af8b72","name":"Global Voices Online","description":"Global Voices is an international, multilingual, primarily volunteer community of writers, translators, academics, and human rights activists. Together, we leverage the power of the internet to build understanding across borders.","sameAs":["https:\/\/it.globalvoices.org"],"url":"https:\/\/www.pressenza.com\/pt-pt\/author\/global-voices-online\/"}]}},"place":"I\u00eamen","original_article_url":"https:\/\/pt.globalvoices.org\/2020\/06\/11\/poderia-a-covid-19-ajudar-a-trazer-paz-ao-iemen\/","_links":{"self":[{"href":"https:\/\/www.pressenza.com\/pt-pt\/wp-json\/wp\/v2\/posts\/1133709","targetHints":{"allow":["GET"]}}],"collection":[{"href":"https:\/\/www.pressenza.com\/pt-pt\/wp-json\/wp\/v2\/posts"}],"about":[{"href":"https:\/\/www.pressenza.com\/pt-pt\/wp-json\/wp\/v2\/types\/post"}],"author":[{"embeddable":true,"href":"https:\/\/www.pressenza.com\/pt-pt\/wp-json\/wp\/v2\/users\/1277"}],"replies":[{"embeddable":true,"href":"https:\/\/www.pressenza.com\/pt-pt\/wp-json\/wp\/v2\/comments?post=1133709"}],"version-history":[{"count":0,"href":"https:\/\/www.pressenza.com\/pt-pt\/wp-json\/wp\/v2\/posts\/1133709\/revisions"}],"wp:featuredmedia":[{"embeddable":true,"href":"https:\/\/www.pressenza.com\/pt-pt\/wp-json\/wp\/v2\/media\/1133746"}],"wp:attachment":[{"href":"https:\/\/www.pressenza.com\/pt-pt\/wp-json\/wp\/v2\/media?parent=1133709"}],"wp:term":[{"taxonomy":"category","embeddable":true,"href":"https:\/\/www.pressenza.com\/pt-pt\/wp-json\/wp\/v2\/categories?post=1133709"},{"taxonomy":"post_tag","embeddable":true,"href":"https:\/\/www.pressenza.com\/pt-pt\/wp-json\/wp\/v2\/tags?post=1133709"}],"curies":[{"name":"wp","href":"https:\/\/api.w.org\/{rel}","templated":true}]}}