{"id":1127729,"date":"2020-06-07T03:59:14","date_gmt":"2020-06-07T02:59:14","guid":{"rendered":"https:\/\/www.pressenza.com\/?p=1127729"},"modified":"2020-06-07T02:12:34","modified_gmt":"2020-06-07T01:12:34","slug":"o-navio-negreiro-do-cinema","status":"publish","type":"post","link":"https:\/\/www.pressenza.com\/pt-pt\/2020\/06\/o-navio-negreiro-do-cinema\/","title":{"rendered":"O Navio Negreiro do Cinema"},"content":{"rendered":"<h5><span style=\"color: #999999;\">CINEMA<\/span><\/h5>\n<p>&nbsp;<\/p>\n<p>&nbsp;<\/p>\n<p>Em 2019, tive a oportunidade de me aprofundar e conhecer uma variedade de produ\u00e7\u00f5es e narrativas da cinematografia afro-brasileira e isso ocorreu durante o curso que fiz de \u201cCinema e Direitos Humanos\u201d promovido pela <a href=\"https:\/\/www.google.com\/url?sa=t&amp;rct=j&amp;q=&amp;esrc=s&amp;source=web&amp;cd=&amp;cad=rja&amp;uact=8&amp;ved=2ahUKEwih-tmvmO3pAhW5GrkGHQkPCfkQFjAAegQIARAC&amp;url=https%3A%2F%2Fwww.asbrinc.org%2F&amp;usg=AOvVaw1mVQjD8NiXPjWN1kqFOyFJ\" target=\"_blank\" rel=\"noopener noreferrer\">ASBRINC<\/a> (Associa\u00e7\u00e3o Brincar e Viver) e pelo <a href=\"http:\/\/www.pontodeculturapaqueta.com.br\/site\/cine-floresta-nossa\" target=\"_blank\" rel=\"noopener noreferrer\">Ponto de Cultura Cine Floresta Nossa<\/a>, em parceria com a Escola de Comunica\u00e7\u00e3o da UFRJ, e foi nesse encontro que conheci o Clementino Jr., um cineasta extremamente ativo e narrador talentoso que durante algumas aulas trouxe um panorama rico e pouco difundido do cinema negro. E n\u00e3o tinha como n\u00e3o se encantar com a riqueza das produ\u00e7\u00f5es apresentadas por ele em cada aula, filmes como por exemplo a \u201cAlma no Olho\u201d do cineasta Z\u00f3zimo Bulbul, o filme \u201cCores e Botas\u201d da diretora Juliana vicente, al\u00e9m das produ\u00e7\u00f5es independentes do Cineclube Atl\u00e2ntico Negro, s\u00e3o todos uma joia do cinema afro-brasileiro que tratam de temas que n\u00e3o s\u00e3o abordados de um modo geral pelo cinema nacional e que tamb\u00e9m n\u00e3o ganham espa\u00e7o nos cinemas, por\u00e9m, da mesma maneira que tive o privil\u00e9gio de conhecer, compartilho com voc\u00eas um pouco do olhar desses cineastas.<\/p>\n<p><iframe loading=\"lazy\" src=\"https:\/\/www.youtube.com\/embed\/RTQlaxiokBA\" width=\"720\" height=\"405\" frameborder=\"0\" allowfullscreen=\"allowfullscreen\"><\/iframe><\/p>\n<p><iframe loading=\"lazy\" src=\"https:\/\/www.youtube.com\/embed\/Ll8EYEygU0o\" width=\"720\" height=\"405\" frameborder=\"0\" allowfullscreen=\"allowfullscreen\"><span style=\"display: inline-block; width: 0px; overflow: hidden; line-height: 0;\" data-mce-type=\"bookmark\" class=\"mce_SELRES_start\">\ufeff<\/span><\/iframe><\/p>\n<p>Essa trajet\u00f3ria do Clementino que envolve o cinema, o cineclubismo e a educa\u00e7\u00e3o, tem in\u00edcio no final da d\u00e9cada de 1990, quando vai para Washington DC, ap\u00f3s receber um convite de um amigo Haitiano de seus pais, dos anos 60, que naquela altura se tornar\u00e1 o embaixador do Haiti nos EUA, e seu sonho de se tornar um cineasta entra em curso, quando ele se depara com uma mostra de cinema africano que ocorria no <em>Smithsonian National Museum of African American History &amp; Culture<\/em>, uma sess\u00e3o que segundo ele, lhe fez realmente trilhar esse caminho.<\/p>\n<p style=\"padding-left: 40px;\"><em>\u201cPela primeira vez assisti um longa realizado e escrito por um africano negro, <strong>Ousmane Sembene<\/strong>. O filme era Guelwaar e essa tarde marcou minha vida. Esse filme senegal\u00eas era falado em Wolofe franc\u00eas, e legendado em ingl\u00eas. Al\u00e9m do volume de informa\u00e7\u00f5es idiom\u00e1ticas, a narrativa daquele que muitos consideravam o \u201cpai do cinema africano\u201d me afetou profundamente. Pela primeira vez via a cultura mu\u00e7ulmana sendo tratada de maneira n\u00e3o criminosa, diferente do cinema que eu tinha acesso, bem como dos telejornais brasileiros. Vi tamb\u00e9m uma outra maneira de debater os problemas do continente africano (mis\u00e9ria, doen\u00e7a, subdesenvolvimento) tratados sobre uma nova perspectiva, de maneira cr\u00edtica, e apresentando a pot\u00eancia desta na\u00e7\u00e3o. A partir daquele momento decidi que compartilharia a descoberta do cinema africano, com os brasileiros.\u201d<br \/>\n<\/em>Clementino Jr.<\/p>\n<p>No mesmo ano dessa viagem (1997), Clementino vai viver e trabalhar com audiovisual em Mo\u00e7ambique e s\u00f3 retornar ao Brasil em 2000, iniciando aqui na terrinha, seus primeiros filmes autorais em anima\u00e7\u00e3o, mas sem abordar ainda a tem\u00e1tica \u00e9tnico-racial, mas que o levou a participar de v\u00e1rios festivais e a pensar na possibilidade criar um cineclube relacionado ao tema da \u201ccultura negra\u201d. E foi atuando como educador e ministrando uma disciplina no curso de especializa\u00e7\u00e3o em hist\u00f3ria e cultura afro-brasileira, da Atl\u00e2ntica Educacional, que ele foi convidado a assumir o Cineclube da ABDeC-RJ (se\u00e7\u00e3o da Associa\u00e7\u00e3o Brasileira de Documentaristas e curta-metragista Nacional, no Rio de Janeiro) que na \u00e9poca, acontecia semanalmente na <a href=\"http:\/\/www.casaruibarbosa.gov.br\/\" target=\"_blank\" rel=\"noopener noreferrer\">Funda\u00e7\u00e3o Casa de Rui Barbosa<\/a>, foi esse o momento onde ele come\u00e7a a exibir os filmes de protagonismo negro, ao qual vinha pesquisando ao longo da sua jornada, j\u00e1 testando a receptividade do p\u00fablico.<\/p>\n<p style=\"padding-left: 40px;\"><em>\u201cPropus \u00e0 coordenadora do curso da Atl\u00e2ntica Educacional, fazermos um Cineclube \u00e0s sextas-feiras \u00e0 noite, que era v\u00e9spera dos m\u00f3dulos de imers\u00e3o em finais de semana, uma vez por m\u00eas. As sess\u00f5es seriam tem\u00e1ticas e dialogariam com a disciplina do dia seguinte. E assim nasceu o <a href=\"http:\/\/atlanticonegro.blogspot.com\/\" target=\"_blank\" rel=\"noopener noreferrer\"><strong>CAN &#8211; Cineclube Atl\u00e2ntico Negro<\/strong><\/a>, na sexta-feira dia <strong>12 de setembro de 2008<\/strong>, exibindo, como pr\u00e9-estreia, na v\u00e9spera de seu lan\u00e7amento na TV p\u00fablica, o document\u00e1rio Devo\u00e7\u00e3o de S\u00e9rgio Sanz, que trata de sincretismo religioso&#8221;<\/em>, diz Clementino.<\/p>\n<div id=\"attachment_1127804\" class=\"wp-caption alignnone\"><img loading=\"lazy\" decoding=\"async\" aria-describedby=\"caption-attachment-1127804\" class=\"wp-image-1127804 size-full\" src=\"https:\/\/www.pressenza.com\/wp-content\/uploads\/2020\/06\/CAN-e-Clementino.jpg\" alt=\"\" width=\"1024\" height=\"597\" srcset=\"https:\/\/www.pressenza.com\/wp-content\/uploads\/2020\/06\/CAN-e-Clementino.jpg 1024w, https:\/\/www.pressenza.com\/wp-content\/uploads\/2020\/06\/CAN-e-Clementino-300x175.jpg 300w, https:\/\/www.pressenza.com\/wp-content\/uploads\/2020\/06\/CAN-e-Clementino-720x420.jpg 720w, https:\/\/www.pressenza.com\/wp-content\/uploads\/2020\/06\/CAN-e-Clementino-768x448.jpg 768w\" sizes=\"auto, (max-width: 1024px) 100vw, 1024px\" \/><p id=\"caption-attachment-1127804\" class=\"wp-caption-text\">Foto acervo pessoal Clementino Jr.<\/p><\/div>\n<p>Os mares pelo qual o Navio Negreiro do Cinema &#8211; apelido do CAN &#8211; tem atracado \u00e9 longa e cheia de realiza\u00e7\u00f5es, atualmente est\u00e1 sediado no <a href=\"https:\/\/www.facebook.com\/terreirocontemporaneo\/\" target=\"_blank\" rel=\"noopener noreferrer\">Terreiro Contempor\u00e2neo<\/a>, um centro cultural criado por Rubens Barbot e Gatto Larsen, que abriga companhias de teatro e dan\u00e7as negras e perif\u00e9ricas do Rio de Janeiro. Seu capit\u00e3o \u2013 Clementino Jr. &#8211; tem usado o cinema para a educa\u00e7\u00e3o, trabalhando com a forma\u00e7\u00e3o cr\u00edtica online e atuando nas itiner\u00e2ncias com exibi\u00e7\u00f5es em escolas, espa\u00e7os de arte nas diversas periferias da cidade, com o objetivo de formar novos pensadores, realizadores e dessa maneira ampliar seus portos. Nessa jornada o CAN j\u00e1 lan\u00e7ou 26 produ\u00e7\u00f5es autorais, sendo o longa document\u00e1rio <em>\u201cO Anjo de Chocolate\u201d<\/em>, 25 curtas-metragens &#8211; entre document\u00e1rios, fic\u00e7\u00f5es e experimental &#8211; al\u00e9m de 3 longas-metragens em andamento. Todas essas produ\u00e7\u00f5es podem ser encontradas no <a href=\"https:\/\/vimeo.com\/user6168839\" target=\"_blank\" rel=\"noopener noreferrer\">canal do vimeo<\/a> do Cine Clube Atl\u00e2ntico Negro.<\/p>\n<p><iframe loading=\"lazy\" src=\"https:\/\/www.youtube.com\/embed\/1Lnkem2D9SY\" width=\"720\" height=\"405\" frameborder=\"0\" allowfullscreen=\"allowfullscreen\"><span style=\"display: inline-block; width: 0px; overflow: hidden; line-height: 0;\" data-mce-type=\"bookmark\" class=\"mce_SELRES_start\">\ufeff<\/span><\/iframe><\/p>\n<p>E como Stuart Hall diria: <em>\u201cTodos n\u00f3s escrevemos e falamos de um lugar e de um tempo em particular, de uma hist\u00f3ria e de uma cultura que \u00e9 espec\u00edfica. O que dizemos \u00e9 sempre \u2018no contexto\u2019 em que estamos\u201d<\/em>. O CAN, segundo Clementino \u201cprojeta\u201d as culturas e tradi\u00e7\u00f5es de matriz africana na tela, para nos permitir a empatia e identifica\u00e7\u00e3o com nossas poss\u00edveis origens, nos ajudando a pensar o nosso futuro. E a partir de hoje, navegaremos a bordo do navio negreiro do cinema, com o capit\u00e3o Clementino Jr., Cineasta, Cineclubista, Educador Audiovisual, Pesquisador e Doutorando em Educa\u00e7\u00e3o do GEASur\/Unirio, e Fundador do CAN \u2014 Cineclube Atl\u00e2ntico Negro, que passa a colaborar com a Pressenza, trazendo um olhar distinto em textos que contribuir\u00e3o para a forma\u00e7\u00e3o do nosso caderno semanal de Cultura e M\u00eddia.<\/p>\n<p>Bora navergar!<\/p>\n","protected":false},"excerpt":{"rendered":"<p>CINEMA &nbsp; &nbsp; Em 2019, tive a oportunidade de me aprofundar e conhecer uma variedade de produ\u00e7\u00f5es e narrativas da cinematografia afro-brasileira e isso ocorreu durante o curso que fiz de \u201cCinema e Direitos Humanos\u201d promovido pela ASBRINC (Associa\u00e7\u00e3o Brincar&hellip;<\/p>\n","protected":false},"author":1817,"featured_media":1127814,"comment_status":"closed","ping_status":"closed","sticky":false,"template":"","format":"standard","meta":{"footnotes":""},"categories":[104,11390,112],"tags":[76899,76898,76900,2744,75238,75953,476,76897],"class_list":["post-1127729","post","type-post","status-publish","format-standard","has-post-thumbnail","hentry","category-america-do-sul","category-conteudo-original","category-cultura-pt-pt","tag-afro-pt-pt","tag-afro-brasileiro","tag-atlantico-negro","tag-brasil","tag-caderno-de-cultura","tag-cineclube","tag-cinema","tag-clementino-jr"],"yoast_head":"<!-- This site is optimized with the Yoast SEO plugin v27.1.1 - https:\/\/yoast.com\/product\/yoast-seo-wordpress\/ -->\n<title>O Navio Negreiro do Cinema<\/title>\n<meta name=\"description\" content=\"CINEMA &nbsp; &nbsp; Em 2019, tive a oportunidade de me aprofundar e conhecer uma variedade de produ\u00e7\u00f5es e narrativas da cinematografia afro-brasileira e\" \/>\n<meta name=\"robots\" content=\"index, follow, max-snippet:-1, max-image-preview:large, max-video-preview:-1\" \/>\n<link rel=\"canonical\" href=\"https:\/\/www.pressenza.com\/pt-pt\/2020\/06\/o-navio-negreiro-do-cinema\/\" \/>\n<meta property=\"og:locale\" content=\"pt_PT\" \/>\n<meta property=\"og:type\" content=\"article\" \/>\n<meta property=\"og:title\" content=\"O Navio Negreiro do Cinema\" \/>\n<meta property=\"og:description\" content=\"CINEMA &nbsp; &nbsp; Em 2019, tive a oportunidade de me aprofundar e conhecer uma variedade de produ\u00e7\u00f5es e narrativas da cinematografia afro-brasileira e\" \/>\n<meta property=\"og:url\" content=\"https:\/\/www.pressenza.com\/pt-pt\/2020\/06\/o-navio-negreiro-do-cinema\/\" \/>\n<meta property=\"og:site_name\" content=\"Pressenza\" \/>\n<meta property=\"article:publisher\" content=\"https:\/\/www.facebook.com\/PressenzaItalia\" \/>\n<meta property=\"article:published_time\" content=\"2020-06-07T02:59:14+00:00\" \/>\n<meta property=\"og:image\" content=\"https:\/\/www.pressenza.com\/wp-content\/uploads\/2020\/06\/CAN-acervo-pessoal.jpg\" \/>\n\t<meta property=\"og:image:width\" content=\"720\" \/>\n\t<meta property=\"og:image:height\" content=\"480\" \/>\n\t<meta property=\"og:image:type\" content=\"image\/jpeg\" \/>\n<meta name=\"author\" content=\"Jacqueline Melo\" \/>\n<meta name=\"twitter:card\" content=\"summary_large_image\" \/>\n<meta name=\"twitter:creator\" content=\"@PressenzaIPA\" \/>\n<meta name=\"twitter:site\" content=\"@PressenzaIPA\" \/>\n<meta name=\"twitter:label1\" content=\"Escrito por\" \/>\n\t<meta name=\"twitter:data1\" content=\"Jacqueline Melo\" \/>\n\t<meta name=\"twitter:label2\" content=\"Tempo estimado de leitura\" \/>\n\t<meta name=\"twitter:data2\" content=\"5 minutos\" \/>\n<script type=\"application\/ld+json\" class=\"yoast-schema-graph\">{\"@context\":\"https:\/\/schema.org\",\"@graph\":[{\"@type\":\"Article\",\"@id\":\"https:\/\/www.pressenza.com\/pt-pt\/2020\/06\/o-navio-negreiro-do-cinema\/#article\",\"isPartOf\":{\"@id\":\"https:\/\/www.pressenza.com\/pt-pt\/2020\/06\/o-navio-negreiro-do-cinema\/\"},\"author\":{\"name\":\"Jacqueline Melo\",\"@id\":\"https:\/\/www.pressenza.com\/pt-pt\/#\/schema\/person\/94ffdf3f1a8e8a8e515cc11121074ccf\"},\"headline\":\"O Navio Negreiro do Cinema\",\"datePublished\":\"2020-06-07T02:59:14+00:00\",\"mainEntityOfPage\":{\"@id\":\"https:\/\/www.pressenza.com\/pt-pt\/2020\/06\/o-navio-negreiro-do-cinema\/\"},\"wordCount\":1019,\"publisher\":{\"@id\":\"https:\/\/www.pressenza.com\/pt-pt\/#organization\"},\"image\":{\"@id\":\"https:\/\/www.pressenza.com\/pt-pt\/2020\/06\/o-navio-negreiro-do-cinema\/#primaryimage\"},\"thumbnailUrl\":\"https:\/\/www.pressenza.com\/wp-content\/uploads\/2020\/06\/CAN-acervo-pessoal.jpg\",\"keywords\":[\"afro\",\"afro-brasileiro\",\"Atlantico Negro\",\"Brasil\",\"caderno de cultura\",\"cineclube\",\"cinema\",\"Clementino Jr.\"],\"articleSection\":[\"\u00c1m\u00e9rica do Sul\",\"Conte\u00fado Original\",\"Cultura e M\u00eddia\"],\"inLanguage\":\"pt-PT\"},{\"@type\":\"WebPage\",\"@id\":\"https:\/\/www.pressenza.com\/pt-pt\/2020\/06\/o-navio-negreiro-do-cinema\/\",\"url\":\"https:\/\/www.pressenza.com\/pt-pt\/2020\/06\/o-navio-negreiro-do-cinema\/\",\"name\":\"O Navio Negreiro do Cinema\",\"isPartOf\":{\"@id\":\"https:\/\/www.pressenza.com\/pt-pt\/#website\"},\"primaryImageOfPage\":{\"@id\":\"https:\/\/www.pressenza.com\/pt-pt\/2020\/06\/o-navio-negreiro-do-cinema\/#primaryimage\"},\"image\":{\"@id\":\"https:\/\/www.pressenza.com\/pt-pt\/2020\/06\/o-navio-negreiro-do-cinema\/#primaryimage\"},\"thumbnailUrl\":\"https:\/\/www.pressenza.com\/wp-content\/uploads\/2020\/06\/CAN-acervo-pessoal.jpg\",\"datePublished\":\"2020-06-07T02:59:14+00:00\",\"description\":\"CINEMA &nbsp; &nbsp; Em 2019, tive a oportunidade de me aprofundar e conhecer uma variedade de produ\u00e7\u00f5es e narrativas da cinematografia afro-brasileira e\",\"breadcrumb\":{\"@id\":\"https:\/\/www.pressenza.com\/pt-pt\/2020\/06\/o-navio-negreiro-do-cinema\/#breadcrumb\"},\"inLanguage\":\"pt-PT\",\"potentialAction\":[{\"@type\":\"ReadAction\",\"target\":[\"https:\/\/www.pressenza.com\/pt-pt\/2020\/06\/o-navio-negreiro-do-cinema\/\"]}]},{\"@type\":\"ImageObject\",\"inLanguage\":\"pt-PT\",\"@id\":\"https:\/\/www.pressenza.com\/pt-pt\/2020\/06\/o-navio-negreiro-do-cinema\/#primaryimage\",\"url\":\"https:\/\/www.pressenza.com\/wp-content\/uploads\/2020\/06\/CAN-acervo-pessoal.jpg\",\"contentUrl\":\"https:\/\/www.pressenza.com\/wp-content\/uploads\/2020\/06\/CAN-acervo-pessoal.jpg\",\"width\":720,\"height\":480},{\"@type\":\"BreadcrumbList\",\"@id\":\"https:\/\/www.pressenza.com\/pt-pt\/2020\/06\/o-navio-negreiro-do-cinema\/#breadcrumb\",\"itemListElement\":[{\"@type\":\"ListItem\",\"position\":1,\"name\":\"Accueil\",\"item\":\"https:\/\/www.pressenza.com\/pt-pt\/\"},{\"@type\":\"ListItem\",\"position\":2,\"name\":\"O Navio Negreiro do Cinema\"}]},{\"@type\":\"WebSite\",\"@id\":\"https:\/\/www.pressenza.com\/pt-pt\/#website\",\"url\":\"https:\/\/www.pressenza.com\/pt-pt\/\",\"name\":\"Pressenza\",\"description\":\"International Press Agency\",\"publisher\":{\"@id\":\"https:\/\/www.pressenza.com\/pt-pt\/#organization\"},\"potentialAction\":[{\"@type\":\"SearchAction\",\"target\":{\"@type\":\"EntryPoint\",\"urlTemplate\":\"https:\/\/www.pressenza.com\/pt-pt\/?s={search_term_string}\"},\"query-input\":{\"@type\":\"PropertyValueSpecification\",\"valueRequired\":true,\"valueName\":\"search_term_string\"}}],\"inLanguage\":\"pt-PT\"},{\"@type\":\"Organization\",\"@id\":\"https:\/\/www.pressenza.com\/pt-pt\/#organization\",\"name\":\"Pressenza\",\"url\":\"https:\/\/www.pressenza.com\/pt-pt\/\",\"logo\":{\"@type\":\"ImageObject\",\"inLanguage\":\"pt-PT\",\"@id\":\"https:\/\/www.pressenza.com\/pt-pt\/#\/schema\/logo\/image\/\",\"url\":\"https:\/\/www.pressenza.com\/wp-content\/uploads\/2022\/10\/pressenza_logo_200x200.jpg\",\"contentUrl\":\"https:\/\/www.pressenza.com\/wp-content\/uploads\/2022\/10\/pressenza_logo_200x200.jpg\",\"width\":200,\"height\":200,\"caption\":\"Pressenza\"},\"image\":{\"@id\":\"https:\/\/www.pressenza.com\/pt-pt\/#\/schema\/logo\/image\/\"},\"sameAs\":[\"https:\/\/www.facebook.com\/PressenzaItalia\",\"https:\/\/x.com\/PressenzaIPA\"]},{\"@type\":\"Person\",\"@id\":\"https:\/\/www.pressenza.com\/pt-pt\/#\/schema\/person\/94ffdf3f1a8e8a8e515cc11121074ccf\",\"name\":\"Jacqueline Melo\",\"description\":\"\u00c9 humanista, produtora de cinema e se dedica a produ\u00e7\u00e3o e desenvolvimento de projetos culturais.\",\"url\":\"https:\/\/www.pressenza.com\/pt-pt\/author\/jacqueline-melo\/\"}]}<\/script>\n<!-- \/ Yoast SEO plugin. -->","yoast_head_json":{"title":"O Navio Negreiro do Cinema","description":"CINEMA &nbsp; &nbsp; Em 2019, tive a oportunidade de me aprofundar e conhecer uma variedade de produ\u00e7\u00f5es e narrativas da cinematografia afro-brasileira e","robots":{"index":"index","follow":"follow","max-snippet":"max-snippet:-1","max-image-preview":"max-image-preview:large","max-video-preview":"max-video-preview:-1"},"canonical":"https:\/\/www.pressenza.com\/pt-pt\/2020\/06\/o-navio-negreiro-do-cinema\/","og_locale":"pt_PT","og_type":"article","og_title":"O Navio Negreiro do Cinema","og_description":"CINEMA &nbsp; &nbsp; Em 2019, tive a oportunidade de me aprofundar e conhecer uma variedade de produ\u00e7\u00f5es e narrativas da cinematografia afro-brasileira e","og_url":"https:\/\/www.pressenza.com\/pt-pt\/2020\/06\/o-navio-negreiro-do-cinema\/","og_site_name":"Pressenza","article_publisher":"https:\/\/www.facebook.com\/PressenzaItalia","article_published_time":"2020-06-07T02:59:14+00:00","og_image":[{"width":720,"height":480,"url":"https:\/\/www.pressenza.com\/wp-content\/uploads\/2020\/06\/CAN-acervo-pessoal.jpg","type":"image\/jpeg"}],"author":"Jacqueline Melo","twitter_card":"summary_large_image","twitter_creator":"@PressenzaIPA","twitter_site":"@PressenzaIPA","twitter_misc":{"Escrito por":"Jacqueline Melo","Tempo estimado de leitura":"5 minutos"},"schema":{"@context":"https:\/\/schema.org","@graph":[{"@type":"Article","@id":"https:\/\/www.pressenza.com\/pt-pt\/2020\/06\/o-navio-negreiro-do-cinema\/#article","isPartOf":{"@id":"https:\/\/www.pressenza.com\/pt-pt\/2020\/06\/o-navio-negreiro-do-cinema\/"},"author":{"name":"Jacqueline Melo","@id":"https:\/\/www.pressenza.com\/pt-pt\/#\/schema\/person\/94ffdf3f1a8e8a8e515cc11121074ccf"},"headline":"O Navio Negreiro do Cinema","datePublished":"2020-06-07T02:59:14+00:00","mainEntityOfPage":{"@id":"https:\/\/www.pressenza.com\/pt-pt\/2020\/06\/o-navio-negreiro-do-cinema\/"},"wordCount":1019,"publisher":{"@id":"https:\/\/www.pressenza.com\/pt-pt\/#organization"},"image":{"@id":"https:\/\/www.pressenza.com\/pt-pt\/2020\/06\/o-navio-negreiro-do-cinema\/#primaryimage"},"thumbnailUrl":"https:\/\/www.pressenza.com\/wp-content\/uploads\/2020\/06\/CAN-acervo-pessoal.jpg","keywords":["afro","afro-brasileiro","Atlantico Negro","Brasil","caderno de cultura","cineclube","cinema","Clementino Jr."],"articleSection":["\u00c1m\u00e9rica do Sul","Conte\u00fado Original","Cultura e M\u00eddia"],"inLanguage":"pt-PT"},{"@type":"WebPage","@id":"https:\/\/www.pressenza.com\/pt-pt\/2020\/06\/o-navio-negreiro-do-cinema\/","url":"https:\/\/www.pressenza.com\/pt-pt\/2020\/06\/o-navio-negreiro-do-cinema\/","name":"O Navio Negreiro do Cinema","isPartOf":{"@id":"https:\/\/www.pressenza.com\/pt-pt\/#website"},"primaryImageOfPage":{"@id":"https:\/\/www.pressenza.com\/pt-pt\/2020\/06\/o-navio-negreiro-do-cinema\/#primaryimage"},"image":{"@id":"https:\/\/www.pressenza.com\/pt-pt\/2020\/06\/o-navio-negreiro-do-cinema\/#primaryimage"},"thumbnailUrl":"https:\/\/www.pressenza.com\/wp-content\/uploads\/2020\/06\/CAN-acervo-pessoal.jpg","datePublished":"2020-06-07T02:59:14+00:00","description":"CINEMA &nbsp; &nbsp; Em 2019, tive a oportunidade de me aprofundar e conhecer uma variedade de produ\u00e7\u00f5es e narrativas da cinematografia afro-brasileira e","breadcrumb":{"@id":"https:\/\/www.pressenza.com\/pt-pt\/2020\/06\/o-navio-negreiro-do-cinema\/#breadcrumb"},"inLanguage":"pt-PT","potentialAction":[{"@type":"ReadAction","target":["https:\/\/www.pressenza.com\/pt-pt\/2020\/06\/o-navio-negreiro-do-cinema\/"]}]},{"@type":"ImageObject","inLanguage":"pt-PT","@id":"https:\/\/www.pressenza.com\/pt-pt\/2020\/06\/o-navio-negreiro-do-cinema\/#primaryimage","url":"https:\/\/www.pressenza.com\/wp-content\/uploads\/2020\/06\/CAN-acervo-pessoal.jpg","contentUrl":"https:\/\/www.pressenza.com\/wp-content\/uploads\/2020\/06\/CAN-acervo-pessoal.jpg","width":720,"height":480},{"@type":"BreadcrumbList","@id":"https:\/\/www.pressenza.com\/pt-pt\/2020\/06\/o-navio-negreiro-do-cinema\/#breadcrumb","itemListElement":[{"@type":"ListItem","position":1,"name":"Accueil","item":"https:\/\/www.pressenza.com\/pt-pt\/"},{"@type":"ListItem","position":2,"name":"O Navio Negreiro do Cinema"}]},{"@type":"WebSite","@id":"https:\/\/www.pressenza.com\/pt-pt\/#website","url":"https:\/\/www.pressenza.com\/pt-pt\/","name":"Pressenza","description":"International Press Agency","publisher":{"@id":"https:\/\/www.pressenza.com\/pt-pt\/#organization"},"potentialAction":[{"@type":"SearchAction","target":{"@type":"EntryPoint","urlTemplate":"https:\/\/www.pressenza.com\/pt-pt\/?s={search_term_string}"},"query-input":{"@type":"PropertyValueSpecification","valueRequired":true,"valueName":"search_term_string"}}],"inLanguage":"pt-PT"},{"@type":"Organization","@id":"https:\/\/www.pressenza.com\/pt-pt\/#organization","name":"Pressenza","url":"https:\/\/www.pressenza.com\/pt-pt\/","logo":{"@type":"ImageObject","inLanguage":"pt-PT","@id":"https:\/\/www.pressenza.com\/pt-pt\/#\/schema\/logo\/image\/","url":"https:\/\/www.pressenza.com\/wp-content\/uploads\/2022\/10\/pressenza_logo_200x200.jpg","contentUrl":"https:\/\/www.pressenza.com\/wp-content\/uploads\/2022\/10\/pressenza_logo_200x200.jpg","width":200,"height":200,"caption":"Pressenza"},"image":{"@id":"https:\/\/www.pressenza.com\/pt-pt\/#\/schema\/logo\/image\/"},"sameAs":["https:\/\/www.facebook.com\/PressenzaItalia","https:\/\/x.com\/PressenzaIPA"]},{"@type":"Person","@id":"https:\/\/www.pressenza.com\/pt-pt\/#\/schema\/person\/94ffdf3f1a8e8a8e515cc11121074ccf","name":"Jacqueline Melo","description":"\u00c9 humanista, produtora de cinema e se dedica a produ\u00e7\u00e3o e desenvolvimento de projetos culturais.","url":"https:\/\/www.pressenza.com\/pt-pt\/author\/jacqueline-melo\/"}]}},"place":"Rio de Janeiro, Brasil","original_article_url":"","_links":{"self":[{"href":"https:\/\/www.pressenza.com\/pt-pt\/wp-json\/wp\/v2\/posts\/1127729","targetHints":{"allow":["GET"]}}],"collection":[{"href":"https:\/\/www.pressenza.com\/pt-pt\/wp-json\/wp\/v2\/posts"}],"about":[{"href":"https:\/\/www.pressenza.com\/pt-pt\/wp-json\/wp\/v2\/types\/post"}],"author":[{"embeddable":true,"href":"https:\/\/www.pressenza.com\/pt-pt\/wp-json\/wp\/v2\/users\/1817"}],"replies":[{"embeddable":true,"href":"https:\/\/www.pressenza.com\/pt-pt\/wp-json\/wp\/v2\/comments?post=1127729"}],"version-history":[{"count":0,"href":"https:\/\/www.pressenza.com\/pt-pt\/wp-json\/wp\/v2\/posts\/1127729\/revisions"}],"wp:featuredmedia":[{"embeddable":true,"href":"https:\/\/www.pressenza.com\/pt-pt\/wp-json\/wp\/v2\/media\/1127814"}],"wp:attachment":[{"href":"https:\/\/www.pressenza.com\/pt-pt\/wp-json\/wp\/v2\/media?parent=1127729"}],"wp:term":[{"taxonomy":"category","embeddable":true,"href":"https:\/\/www.pressenza.com\/pt-pt\/wp-json\/wp\/v2\/categories?post=1127729"},{"taxonomy":"post_tag","embeddable":true,"href":"https:\/\/www.pressenza.com\/pt-pt\/wp-json\/wp\/v2\/tags?post=1127729"}],"curies":[{"name":"wp","href":"https:\/\/api.w.org\/{rel}","templated":true}]}}