{"id":1122026,"date":"2020-05-31T03:55:01","date_gmt":"2020-05-31T02:55:01","guid":{"rendered":"https:\/\/www.pressenza.com\/?p=1122026"},"modified":"2020-05-31T03:40:19","modified_gmt":"2020-05-31T02:40:19","slug":"o-odio-que-voce-semeia","status":"publish","type":"post","link":"https:\/\/www.pressenza.com\/pt-pt\/2020\/05\/o-odio-que-voce-semeia\/","title":{"rendered":"O \u00f3dio que voc\u00ea semeia"},"content":{"rendered":"<h5><span style=\"color: #999999;\">CINEMA<\/span><\/h5>\n<p>&nbsp;<\/p>\n<p>&nbsp;<\/p>\n<p>Um menino de 14 anos foi baleado em a\u00e7\u00e3o da Pol\u00edcia Civil e Federal, na \u00faltima segunda (18\/5), enquanto brincava dentro de casa com amiguinhos no Complexo do Salgueiro, em S\u00e3o Gon\u00e7alo (RJ). Jo\u00e3o Pedro de Mattos Pinto ainda foi levado pelos policiais de helic\u00f3ptero sem o consentimento da fam\u00edlia, que s\u00f3 soube da sua morte na manh\u00e3 seguinte no IML, ap\u00f3s peregrinar pelos hospitais da regi\u00e3o.<\/p>\n<p>Esse foi apenas mais um epis\u00f3dio chocante da rotina de genoc\u00eddio promovido pelo Estado brasileiro contra popula\u00e7\u00f5es negras perif\u00e9ricas e que a pesquisadora Etyelle Araujo debateu no #8 Epis\u00f3dio do Podcast Cineclube Marighella. Se voc\u00ea ainda n\u00e3o conferiu, <a href=\"https:\/\/sptfy.com\/EtyelleAraujo\" target=\"_blank\" rel=\"noopener noreferrer\">ou\u00e7a no Spotify<\/a>.<\/p>\n<p>A entrevista discutiu a quest\u00e3o a partir da perspectiva das m\u00e3es que perderam filhos v\u00edtimas de viol\u00eancia policial e, ao final, a doutoranda em Estudos da Linguagem pela PUC-Rio, que atualmente desenvolve sua pesquisa na Universidade de Harvard, recomendou o filme \u2018O \u00d3dio que voc\u00ea Semeia\u2019 (2018). Com dire\u00e7\u00e3o de George Tillman Jr. o longa norte-americano mostra que quest\u00e3o da viol\u00eancia policial contra jovens negros n\u00e3o \u00e9 exclusividade brasileira, ainda que, aqui, a brutalidade e o desprezo pela vida atinjam n\u00edveis ainda mais aterradores.<\/p>\n<p>O \u00d3dio que Voc\u00ea Semeia (2018)<br \/>\n2h 13 min<br \/>\nEstados Unidos<br \/>\nDire\u00e7\u00e3o: George Tillman Jr.<br \/>\nElenco: Amandla Stenberg, Regina Hall, Russell Hornsby<\/p>\n<p><strong>Sinopse<\/strong><\/p>\n<p>Starr Carter (Amandla Stenberg) \u00e9 uma adolescente negra de dezesseis anos que presencia o assassinato de Khalil, seu melhor amigo, por um policial branco. Ela \u00e9 for\u00e7ada a testemunhar no tribunal por ser a \u00fanica pessoa presente na cena do crime. Mesmo sofrendo uma s\u00e9rie de chantagens, ela est\u00e1 disposta a dizer a verdade pela honra de seu amigo, custe o que custar.<\/p>\n<p><iframe loading=\"lazy\" src=\"https:\/\/www.youtube.com\/embed\/5Ush5KHb23c\" width=\"720\" height=\"405\" frameborder=\"0\" allowfullscreen=\"allowfullscreen\"><span style=\"display: inline-block; width: 0px; overflow: hidden; line-height: 0;\" data-mce-type=\"bookmark\" class=\"mce_SELRES_start\">\ufeff<\/span><\/iframe><\/p>\n<p><strong>Onde assistir?<\/strong><br \/>\n<a href=\"https:\/\/bit.ly\/2yZwhmq\" target=\"_blank\" rel=\"noopener noreferrer\">Telecine Play<\/a> | <a href=\"https:\/\/bit.ly\/OdioSemeiaLooke\" target=\"_blank\" rel=\"noopener noreferrer\">Looke<\/a><\/p>\n","protected":false},"excerpt":{"rendered":"<p>CINEMA &nbsp; &nbsp; Um menino de 14 anos foi baleado em a\u00e7\u00e3o da Pol\u00edcia Civil e Federal, na \u00faltima segunda (18\/5), enquanto brincava dentro de casa com amiguinhos no Complexo do Salgueiro, em S\u00e3o Gon\u00e7alo (RJ). Jo\u00e3o Pedro de Mattos&hellip;<\/p>\n","protected":false},"author":1840,"featured_media":1122027,"comment_status":"closed","ping_status":"closed","sticky":false,"template":"","format":"standard","meta":{"footnotes":""},"categories":[104,112],"tags":[75238,75953,476,76539],"class_list":["post-1122026","post","type-post","status-publish","format-standard","has-post-thumbnail","hentry","category-america-do-sul","category-cultura-pt-pt","tag-caderno-de-cultura","tag-cineclube","tag-cinema","tag-dica"],"yoast_head":"<!-- This site is optimized with the Yoast SEO plugin v27.1.1 - https:\/\/yoast.com\/product\/yoast-seo-wordpress\/ -->\n<title>O \u00f3dio que voc\u00ea semeia<\/title>\n<meta name=\"description\" content=\"CINEMA &nbsp; &nbsp; Um menino de 14 anos foi baleado em a\u00e7\u00e3o da Pol\u00edcia Civil e Federal, na \u00faltima segunda (18\/5), enquanto brincava dentro de casa com\" \/>\n<meta name=\"robots\" content=\"index, follow, max-snippet:-1, max-image-preview:large, max-video-preview:-1\" \/>\n<link rel=\"canonical\" href=\"https:\/\/www.pressenza.com\/pt-pt\/2020\/05\/o-odio-que-voce-semeia\/\" \/>\n<meta property=\"og:locale\" content=\"pt_PT\" \/>\n<meta property=\"og:type\" content=\"article\" \/>\n<meta property=\"og:title\" content=\"O \u00f3dio que voc\u00ea semeia\" \/>\n<meta property=\"og:description\" content=\"CINEMA &nbsp; &nbsp; Um menino de 14 anos foi baleado em a\u00e7\u00e3o da Pol\u00edcia Civil e Federal, na \u00faltima segunda (18\/5), enquanto brincava dentro de casa com\" \/>\n<meta property=\"og:url\" content=\"https:\/\/www.pressenza.com\/pt-pt\/2020\/05\/o-odio-que-voce-semeia\/\" \/>\n<meta property=\"og:site_name\" content=\"Pressenza\" \/>\n<meta property=\"article:publisher\" content=\"https:\/\/www.facebook.com\/PressenzaItalia\" \/>\n<meta property=\"article:author\" content=\"https:\/\/www.facebook.com\/cineclubemarighella\/\" \/>\n<meta property=\"article:published_time\" content=\"2020-05-31T02:55:01+00:00\" \/>\n<meta property=\"og:image\" content=\"https:\/\/www.pressenza.com\/wp-content\/uploads\/2020\/05\/Dica-de-filme-02.jpg\" \/>\n\t<meta property=\"og:image:width\" content=\"1030\" \/>\n\t<meta property=\"og:image:height\" content=\"600\" \/>\n\t<meta property=\"og:image:type\" content=\"image\/jpeg\" \/>\n<meta name=\"author\" content=\"Cineclube Marighella\" \/>\n<meta name=\"twitter:card\" content=\"summary_large_image\" \/>\n<meta name=\"twitter:creator\" content=\"@PressenzaIPA\" \/>\n<meta name=\"twitter:site\" content=\"@PressenzaIPA\" \/>\n<meta name=\"twitter:label1\" content=\"Escrito por\" \/>\n\t<meta name=\"twitter:data1\" content=\"Cineclube Marighella\" \/>\n\t<meta name=\"twitter:label2\" content=\"Tempo estimado de leitura\" \/>\n\t<meta name=\"twitter:data2\" content=\"2 minutos\" \/>\n<script type=\"application\/ld+json\" class=\"yoast-schema-graph\">{\"@context\":\"https:\/\/schema.org\",\"@graph\":[{\"@type\":\"Article\",\"@id\":\"https:\/\/www.pressenza.com\/pt-pt\/2020\/05\/o-odio-que-voce-semeia\/#article\",\"isPartOf\":{\"@id\":\"https:\/\/www.pressenza.com\/pt-pt\/2020\/05\/o-odio-que-voce-semeia\/\"},\"author\":{\"name\":\"Cineclube Marighella\",\"@id\":\"https:\/\/www.pressenza.com\/pt-pt\/#\/schema\/person\/8f6d4aa72fedbf30f96005ca60aab02c\"},\"headline\":\"O \u00f3dio que voc\u00ea semeia\",\"datePublished\":\"2020-05-31T02:55:01+00:00\",\"mainEntityOfPage\":{\"@id\":\"https:\/\/www.pressenza.com\/pt-pt\/2020\/05\/o-odio-que-voce-semeia\/\"},\"wordCount\":310,\"publisher\":{\"@id\":\"https:\/\/www.pressenza.com\/pt-pt\/#organization\"},\"image\":{\"@id\":\"https:\/\/www.pressenza.com\/pt-pt\/2020\/05\/o-odio-que-voce-semeia\/#primaryimage\"},\"thumbnailUrl\":\"https:\/\/www.pressenza.com\/wp-content\/uploads\/2020\/05\/Dica-de-filme-02.jpg\",\"keywords\":[\"caderno de cultura\",\"cineclube\",\"cinema\",\"dica\"],\"articleSection\":[\"\u00c1m\u00e9rica do Sul\",\"Cultura e M\u00eddia\"],\"inLanguage\":\"pt-PT\"},{\"@type\":\"WebPage\",\"@id\":\"https:\/\/www.pressenza.com\/pt-pt\/2020\/05\/o-odio-que-voce-semeia\/\",\"url\":\"https:\/\/www.pressenza.com\/pt-pt\/2020\/05\/o-odio-que-voce-semeia\/\",\"name\":\"O \u00f3dio que voc\u00ea semeia\",\"isPartOf\":{\"@id\":\"https:\/\/www.pressenza.com\/pt-pt\/#website\"},\"primaryImageOfPage\":{\"@id\":\"https:\/\/www.pressenza.com\/pt-pt\/2020\/05\/o-odio-que-voce-semeia\/#primaryimage\"},\"image\":{\"@id\":\"https:\/\/www.pressenza.com\/pt-pt\/2020\/05\/o-odio-que-voce-semeia\/#primaryimage\"},\"thumbnailUrl\":\"https:\/\/www.pressenza.com\/wp-content\/uploads\/2020\/05\/Dica-de-filme-02.jpg\",\"datePublished\":\"2020-05-31T02:55:01+00:00\",\"description\":\"CINEMA &nbsp; &nbsp; Um menino de 14 anos foi baleado em a\u00e7\u00e3o da Pol\u00edcia Civil e Federal, na \u00faltima segunda (18\/5), enquanto brincava dentro de casa com\",\"breadcrumb\":{\"@id\":\"https:\/\/www.pressenza.com\/pt-pt\/2020\/05\/o-odio-que-voce-semeia\/#breadcrumb\"},\"inLanguage\":\"pt-PT\",\"potentialAction\":[{\"@type\":\"ReadAction\",\"target\":[\"https:\/\/www.pressenza.com\/pt-pt\/2020\/05\/o-odio-que-voce-semeia\/\"]}]},{\"@type\":\"ImageObject\",\"inLanguage\":\"pt-PT\",\"@id\":\"https:\/\/www.pressenza.com\/pt-pt\/2020\/05\/o-odio-que-voce-semeia\/#primaryimage\",\"url\":\"https:\/\/www.pressenza.com\/wp-content\/uploads\/2020\/05\/Dica-de-filme-02.jpg\",\"contentUrl\":\"https:\/\/www.pressenza.com\/wp-content\/uploads\/2020\/05\/Dica-de-filme-02.jpg\",\"width\":1030,\"height\":600},{\"@type\":\"BreadcrumbList\",\"@id\":\"https:\/\/www.pressenza.com\/pt-pt\/2020\/05\/o-odio-que-voce-semeia\/#breadcrumb\",\"itemListElement\":[{\"@type\":\"ListItem\",\"position\":1,\"name\":\"Accueil\",\"item\":\"https:\/\/www.pressenza.com\/pt-pt\/\"},{\"@type\":\"ListItem\",\"position\":2,\"name\":\"O \u00f3dio que voc\u00ea semeia\"}]},{\"@type\":\"WebSite\",\"@id\":\"https:\/\/www.pressenza.com\/pt-pt\/#website\",\"url\":\"https:\/\/www.pressenza.com\/pt-pt\/\",\"name\":\"Pressenza\",\"description\":\"International Press Agency\",\"publisher\":{\"@id\":\"https:\/\/www.pressenza.com\/pt-pt\/#organization\"},\"potentialAction\":[{\"@type\":\"SearchAction\",\"target\":{\"@type\":\"EntryPoint\",\"urlTemplate\":\"https:\/\/www.pressenza.com\/pt-pt\/?s={search_term_string}\"},\"query-input\":{\"@type\":\"PropertyValueSpecification\",\"valueRequired\":true,\"valueName\":\"search_term_string\"}}],\"inLanguage\":\"pt-PT\"},{\"@type\":\"Organization\",\"@id\":\"https:\/\/www.pressenza.com\/pt-pt\/#organization\",\"name\":\"Pressenza\",\"url\":\"https:\/\/www.pressenza.com\/pt-pt\/\",\"logo\":{\"@type\":\"ImageObject\",\"inLanguage\":\"pt-PT\",\"@id\":\"https:\/\/www.pressenza.com\/pt-pt\/#\/schema\/logo\/image\/\",\"url\":\"https:\/\/www.pressenza.com\/wp-content\/uploads\/2022\/10\/pressenza_logo_200x200.jpg\",\"contentUrl\":\"https:\/\/www.pressenza.com\/wp-content\/uploads\/2022\/10\/pressenza_logo_200x200.jpg\",\"width\":200,\"height\":200,\"caption\":\"Pressenza\"},\"image\":{\"@id\":\"https:\/\/www.pressenza.com\/pt-pt\/#\/schema\/logo\/image\/\"},\"sameAs\":[\"https:\/\/www.facebook.com\/PressenzaItalia\",\"https:\/\/x.com\/PressenzaIPA\"]},{\"@type\":\"Person\",\"@id\":\"https:\/\/www.pressenza.com\/pt-pt\/#\/schema\/person\/8f6d4aa72fedbf30f96005ca60aab02c\",\"name\":\"Cineclube Marighella\",\"description\":\"Cineclube itinerante que organiza debates a partir de sess\u00f5es de cinema, produz podcast e promove conte\u00fado cultural nas redes em defesa da igualdade, liberdade e democracia.\",\"sameAs\":[\"https:\/\/www.cineclubemarighella.com.br\/\",\"https:\/\/www.facebook.com\/cineclubemarighella\/\"],\"url\":\"https:\/\/www.pressenza.com\/pt-pt\/author\/cineclube-marighella\/\"}]}<\/script>\n<!-- \/ Yoast SEO plugin. -->","yoast_head_json":{"title":"O \u00f3dio que voc\u00ea semeia","description":"CINEMA &nbsp; &nbsp; Um menino de 14 anos foi baleado em a\u00e7\u00e3o da Pol\u00edcia Civil e Federal, na \u00faltima segunda (18\/5), enquanto brincava dentro de casa com","robots":{"index":"index","follow":"follow","max-snippet":"max-snippet:-1","max-image-preview":"max-image-preview:large","max-video-preview":"max-video-preview:-1"},"canonical":"https:\/\/www.pressenza.com\/pt-pt\/2020\/05\/o-odio-que-voce-semeia\/","og_locale":"pt_PT","og_type":"article","og_title":"O \u00f3dio que voc\u00ea semeia","og_description":"CINEMA &nbsp; &nbsp; Um menino de 14 anos foi baleado em a\u00e7\u00e3o da Pol\u00edcia Civil e Federal, na \u00faltima segunda (18\/5), enquanto brincava dentro de casa com","og_url":"https:\/\/www.pressenza.com\/pt-pt\/2020\/05\/o-odio-que-voce-semeia\/","og_site_name":"Pressenza","article_publisher":"https:\/\/www.facebook.com\/PressenzaItalia","article_author":"https:\/\/www.facebook.com\/cineclubemarighella\/","article_published_time":"2020-05-31T02:55:01+00:00","og_image":[{"width":1030,"height":600,"url":"https:\/\/www.pressenza.com\/wp-content\/uploads\/2020\/05\/Dica-de-filme-02.jpg","type":"image\/jpeg"}],"author":"Cineclube Marighella","twitter_card":"summary_large_image","twitter_creator":"@PressenzaIPA","twitter_site":"@PressenzaIPA","twitter_misc":{"Escrito por":"Cineclube Marighella","Tempo estimado de leitura":"2 minutos"},"schema":{"@context":"https:\/\/schema.org","@graph":[{"@type":"Article","@id":"https:\/\/www.pressenza.com\/pt-pt\/2020\/05\/o-odio-que-voce-semeia\/#article","isPartOf":{"@id":"https:\/\/www.pressenza.com\/pt-pt\/2020\/05\/o-odio-que-voce-semeia\/"},"author":{"name":"Cineclube Marighella","@id":"https:\/\/www.pressenza.com\/pt-pt\/#\/schema\/person\/8f6d4aa72fedbf30f96005ca60aab02c"},"headline":"O \u00f3dio que voc\u00ea semeia","datePublished":"2020-05-31T02:55:01+00:00","mainEntityOfPage":{"@id":"https:\/\/www.pressenza.com\/pt-pt\/2020\/05\/o-odio-que-voce-semeia\/"},"wordCount":310,"publisher":{"@id":"https:\/\/www.pressenza.com\/pt-pt\/#organization"},"image":{"@id":"https:\/\/www.pressenza.com\/pt-pt\/2020\/05\/o-odio-que-voce-semeia\/#primaryimage"},"thumbnailUrl":"https:\/\/www.pressenza.com\/wp-content\/uploads\/2020\/05\/Dica-de-filme-02.jpg","keywords":["caderno de cultura","cineclube","cinema","dica"],"articleSection":["\u00c1m\u00e9rica do Sul","Cultura e M\u00eddia"],"inLanguage":"pt-PT"},{"@type":"WebPage","@id":"https:\/\/www.pressenza.com\/pt-pt\/2020\/05\/o-odio-que-voce-semeia\/","url":"https:\/\/www.pressenza.com\/pt-pt\/2020\/05\/o-odio-que-voce-semeia\/","name":"O \u00f3dio que voc\u00ea semeia","isPartOf":{"@id":"https:\/\/www.pressenza.com\/pt-pt\/#website"},"primaryImageOfPage":{"@id":"https:\/\/www.pressenza.com\/pt-pt\/2020\/05\/o-odio-que-voce-semeia\/#primaryimage"},"image":{"@id":"https:\/\/www.pressenza.com\/pt-pt\/2020\/05\/o-odio-que-voce-semeia\/#primaryimage"},"thumbnailUrl":"https:\/\/www.pressenza.com\/wp-content\/uploads\/2020\/05\/Dica-de-filme-02.jpg","datePublished":"2020-05-31T02:55:01+00:00","description":"CINEMA &nbsp; &nbsp; Um menino de 14 anos foi baleado em a\u00e7\u00e3o da Pol\u00edcia Civil e Federal, na \u00faltima segunda (18\/5), enquanto brincava dentro de casa com","breadcrumb":{"@id":"https:\/\/www.pressenza.com\/pt-pt\/2020\/05\/o-odio-que-voce-semeia\/#breadcrumb"},"inLanguage":"pt-PT","potentialAction":[{"@type":"ReadAction","target":["https:\/\/www.pressenza.com\/pt-pt\/2020\/05\/o-odio-que-voce-semeia\/"]}]},{"@type":"ImageObject","inLanguage":"pt-PT","@id":"https:\/\/www.pressenza.com\/pt-pt\/2020\/05\/o-odio-que-voce-semeia\/#primaryimage","url":"https:\/\/www.pressenza.com\/wp-content\/uploads\/2020\/05\/Dica-de-filme-02.jpg","contentUrl":"https:\/\/www.pressenza.com\/wp-content\/uploads\/2020\/05\/Dica-de-filme-02.jpg","width":1030,"height":600},{"@type":"BreadcrumbList","@id":"https:\/\/www.pressenza.com\/pt-pt\/2020\/05\/o-odio-que-voce-semeia\/#breadcrumb","itemListElement":[{"@type":"ListItem","position":1,"name":"Accueil","item":"https:\/\/www.pressenza.com\/pt-pt\/"},{"@type":"ListItem","position":2,"name":"O \u00f3dio que voc\u00ea semeia"}]},{"@type":"WebSite","@id":"https:\/\/www.pressenza.com\/pt-pt\/#website","url":"https:\/\/www.pressenza.com\/pt-pt\/","name":"Pressenza","description":"International Press Agency","publisher":{"@id":"https:\/\/www.pressenza.com\/pt-pt\/#organization"},"potentialAction":[{"@type":"SearchAction","target":{"@type":"EntryPoint","urlTemplate":"https:\/\/www.pressenza.com\/pt-pt\/?s={search_term_string}"},"query-input":{"@type":"PropertyValueSpecification","valueRequired":true,"valueName":"search_term_string"}}],"inLanguage":"pt-PT"},{"@type":"Organization","@id":"https:\/\/www.pressenza.com\/pt-pt\/#organization","name":"Pressenza","url":"https:\/\/www.pressenza.com\/pt-pt\/","logo":{"@type":"ImageObject","inLanguage":"pt-PT","@id":"https:\/\/www.pressenza.com\/pt-pt\/#\/schema\/logo\/image\/","url":"https:\/\/www.pressenza.com\/wp-content\/uploads\/2022\/10\/pressenza_logo_200x200.jpg","contentUrl":"https:\/\/www.pressenza.com\/wp-content\/uploads\/2022\/10\/pressenza_logo_200x200.jpg","width":200,"height":200,"caption":"Pressenza"},"image":{"@id":"https:\/\/www.pressenza.com\/pt-pt\/#\/schema\/logo\/image\/"},"sameAs":["https:\/\/www.facebook.com\/PressenzaItalia","https:\/\/x.com\/PressenzaIPA"]},{"@type":"Person","@id":"https:\/\/www.pressenza.com\/pt-pt\/#\/schema\/person\/8f6d4aa72fedbf30f96005ca60aab02c","name":"Cineclube Marighella","description":"Cineclube itinerante que organiza debates a partir de sess\u00f5es de cinema, produz podcast e promove conte\u00fado cultural nas redes em defesa da igualdade, liberdade e democracia.","sameAs":["https:\/\/www.cineclubemarighella.com.br\/","https:\/\/www.facebook.com\/cineclubemarighella\/"],"url":"https:\/\/www.pressenza.com\/pt-pt\/author\/cineclube-marighella\/"}]}},"place":"Rio de Janeiro, Brasil","original_article_url":"","_links":{"self":[{"href":"https:\/\/www.pressenza.com\/pt-pt\/wp-json\/wp\/v2\/posts\/1122026","targetHints":{"allow":["GET"]}}],"collection":[{"href":"https:\/\/www.pressenza.com\/pt-pt\/wp-json\/wp\/v2\/posts"}],"about":[{"href":"https:\/\/www.pressenza.com\/pt-pt\/wp-json\/wp\/v2\/types\/post"}],"author":[{"embeddable":true,"href":"https:\/\/www.pressenza.com\/pt-pt\/wp-json\/wp\/v2\/users\/1840"}],"replies":[{"embeddable":true,"href":"https:\/\/www.pressenza.com\/pt-pt\/wp-json\/wp\/v2\/comments?post=1122026"}],"version-history":[{"count":0,"href":"https:\/\/www.pressenza.com\/pt-pt\/wp-json\/wp\/v2\/posts\/1122026\/revisions"}],"wp:featuredmedia":[{"embeddable":true,"href":"https:\/\/www.pressenza.com\/pt-pt\/wp-json\/wp\/v2\/media\/1122027"}],"wp:attachment":[{"href":"https:\/\/www.pressenza.com\/pt-pt\/wp-json\/wp\/v2\/media?parent=1122026"}],"wp:term":[{"taxonomy":"category","embeddable":true,"href":"https:\/\/www.pressenza.com\/pt-pt\/wp-json\/wp\/v2\/categories?post=1122026"},{"taxonomy":"post_tag","embeddable":true,"href":"https:\/\/www.pressenza.com\/pt-pt\/wp-json\/wp\/v2\/tags?post=1122026"}],"curies":[{"name":"wp","href":"https:\/\/api.w.org\/{rel}","templated":true}]}}