{"id":112069,"date":"2014-06-11T23:01:40","date_gmt":"2014-06-11T22:01:40","guid":{"rendered":"http:\/\/www.pressenza.com\/?p=112069"},"modified":"2014-06-11T23:13:29","modified_gmt":"2014-06-11T22:13:29","slug":"24-teses-para-um-novo-paradigma-partir-dos-movimentos-emergentes","status":"publish","type":"post","link":"https:\/\/www.pressenza.com\/pt-pt\/2014\/06\/24-teses-para-um-novo-paradigma-partir-dos-movimentos-emergentes\/","title":{"rendered":"24 teses para um novo paradigma a partir dos movimentos emergentes"},"content":{"rendered":"<p>Grupo de trabalho colaborativo de membros do 15M, Occupy, Indign\u00e9s, YoSoy 132, Occupy Russia<\/p>\n<p>Recopila\u00e7\u00e3o sint\u00e9tica dos pontos em comum dos chamados movimentos sociais emergentes que apareceram em diferentes lugares do planeta desde 2011.<\/p>\n<p><strong>Tese 1. Do Despertar da Consci\u00eancia.<br \/>\n<\/strong>\u201cDorm\u00edamos&#8230; Despertamos!\u201d. Tomamos consci\u00eancia de nossas possibilidades. \u201cEste n\u00e3o \u00e9 um sonho, \u00e9 um despertar\u201d, \u201cEsta \u00e9 a revolu\u00e7\u00e3o da consci\u00eancia\u201d que vai se descobrindo\/revelando a si-mesma novas possibilidades.<\/p>\n<p><strong>Tese 2. Da Liberdade.<br \/>\n<\/strong>Nenhum de n\u00f3s escolheu o pa\u00eds, nem o lugar, nem o momento que aparecemos como seres humanos. Partimos da <em>n\u00e3o-liberdade<\/em>.<\/p>\n<p style=\"padding-left: 30px;\"><strong>Tese 2.1<\/strong> O caminho em dire\u00e7\u00e3o \u00e0 <em>liberdade<\/em> chama-se <em>libera\u00e7\u00e3o<\/em>. \u00c9 liberar-se passo a passo, \u00e9 movimento, \u00e9 processo.<\/p>\n<p style=\"padding-left: 30px;\"><strong>Tese 2.2<\/strong> \u201cN\u00e3o temos medo\u201d. A libera\u00e7\u00e3o avan\u00e7a quando vamos superando o temor e o medo.<\/p>\n<p style=\"padding-left: 30px;\"><strong>Tese 2.3<\/strong> Partimos da n\u00e3o-liberdade individual e avan\u00e7amos em dire\u00e7\u00e3o \u00e0 \u201cco-liberdade\u201d, liberdade compartilhada com outras\/os. Alcan\u00e7a-se a verdadeira libera\u00e7\u00e3o com os demais e para os demais.<\/p>\n<p style=\"padding-left: 30px;\"><strong>Tese 2.4<\/strong>\u00a0A tend\u00eancia do processo humano \u00e9 em dire\u00e7\u00e3o a uma maior liberdade social e tamb\u00e9m em dire\u00e7\u00e3o \u00e0 libera\u00e7\u00e3o pessoal.<\/p>\n<p><strong>Tese 3. Da Historicidade.<\/strong><br \/>\nAcumulamos hist\u00f3ria.<\/p>\n<p style=\"padding-left: 30px;\"><strong>Tese 3.1<\/strong> Beneficiamo-nos do <em>saber<\/em> e do <em>conhecimento acumulado<\/em> pelas mulheres e homens que nos precederam. Vamos aprendendo ao nos incorporarmos no meio social onde vivemos e evolu\u00edmos.<\/p>\n<p style=\"padding-left: 30px;\"><strong>Tese 3.2<\/strong> Utilizamos todo tipo de objetos, ferramentas, constru\u00e7\u00f5es que foram produzidas e aperfei\u00e7oadas ao longo do tempo.<\/p>\n<p><strong>Tese 4. Do Aprendizado.<\/strong><\/p>\n<p style=\"padding-left: 30px;\"><strong>Tese 4.1<\/strong><br \/>\nAprendemos quais s\u00e3o os fatores que <strong>ajudam<\/strong>\u00a0o progresso humano:<br \/>\n&#8211; Ampliar a participa\u00e7\u00e3o cidad\u00e3 em todos os espa\u00e7os sociais e pol\u00edticos.<br \/>\n&#8211; Aumentar a qualidade de vida dos cidad\u00e3os.<br \/>\n&#8211; Melhorar a educa\u00e7\u00e3o, a sa\u00fade, o habitat e a alimenta\u00e7\u00e3o.<br \/>\n&#8211; Colocar a economia a servi\u00e7o das pessoas e n\u00e3o o contr\u00e1rio, as pessoas a servi\u00e7o da economia.<br \/>\n&#8211; Reduzir os gastos com armamento e militarismo.<br \/>\n&#8211; Potencializar o di\u00e1logo e minimizar ao m\u00e1ximo a viol\u00eancia institucional em suas diferentes formas.<br \/>\n&#8211; Velar pela integra\u00e7\u00e3o social e a solu\u00e7\u00e3o consensual de conflitos, quer sejam entre indiv\u00edduos, grupos ou povos.<\/p>\n<p style=\"padding-left: 30px;\">Priorizar os pontos anteriores ser\u00e1 o que vai abrir o futuro social.<\/p>\n<p style=\"padding-left: 30px;\"><strong>Tese 4.2\u00a0<\/strong>Aprendemos quais s\u00e3o os fatores que <strong>det\u00eam<\/strong> o progresso humano:<br \/>\n&#8211; Postergar cidad\u00e3s\/\u00e3os em sua participa\u00e7\u00e3o social, em seus direitos, em suas liberdades e negar-lhes aspectos da exist\u00eancia.<br \/>\n&#8211; Conceber a economia numa \u00fanica dire\u00e7\u00e3o de acumula\u00e7\u00e3o de recursos em poucas m\u00e3os, em detrimento da maioria.<br \/>\n&#8211; Relegar cidad\u00e3s\/\u00e3os a baixas condi\u00e7\u00f5es de exist\u00eancia: escravos numa \u00e9poca, prolet\u00e1rios em outra, ou consumidores na atual.<br \/>\n&#8211; Colocar o valor da economia por cima do ser humano, produzindo exclus\u00e3o, doen\u00e7a e inclusive a morte de muitas pessoas.<br \/>\n&#8211; Manter ex\u00e9rcitos com cada vez maior capacidade destrutiva. Pesquisando e produzindo armas de destrui\u00e7\u00e3o em massa.<br \/>\n&#8211; Manter pol\u00edticas onde uns pa\u00edses submetem, oprimem, invadem ou interferem em outros pa\u00edses.<br \/>\n&#8211; Exercer as diferentes formas de viol\u00eancia f\u00edsica, econ\u00f4mica, racial, geracional, religiosa, de g\u00eanero, moral ou psicol\u00f3gica.<\/p>\n<p><strong>Tese 5. Da Igualdade.<br \/>\n<\/strong> Somos iguais frente ao direito, a lei, as oportunidades. N\u00e3o s\u00f3 como teoria ou aspira\u00e7\u00e3o, mas como pr\u00e1tica!<\/p>\n<p><strong>Tese 6. Da Horizontalidade.<\/strong><br \/>\nRelacionamo-nos desde e na horizontal. Promovemos a horizontalidade, a explicitamos e a desenvolvemos em todos os campos.<\/p>\n<p style=\"padding-left: 30px;\"><strong>Tese 6.1<\/strong> Horizontalidade em rela\u00e7\u00f5es de parceria, de colabora\u00e7\u00e3o, de interc\u00e2mbio e n\u00e3o mais representantes, nem chefes, nem c\u00fapulas. Ningu\u00e9m no comando.<\/p>\n<p style=\"padding-left: 30px;\"><strong>Tese 6.2<\/strong>\u00a0Potencializamos a cria\u00e7\u00e3o de fun\u00e7\u00f5es para os temas coletivos, segundo as necessidades. Fun\u00e7\u00f5es que sejam rotativas e que prestem contas ao conjunto.<\/p>\n<p style=\"padding-left: 30px;\"><strong>Tese 6.3<\/strong> Estamos contra a competitividade, desse individualismo exacerbado com excesso de protagonismo que prop\u00f5e o sistema. Estamos expressando a sensibilidade do n\u00e3o-protagonismo, do an\u00f4nimo, do conjunto.<\/p>\n<p><strong>Tese 7. Da Diversidade.<\/strong><br \/>\nSomos diferentes, com diferentes olhares, ideologias, cren\u00e7as, etc., e enriquecemos o conjunto com essa variedade de contribui\u00e7\u00f5es.<\/p>\n<p style=\"padding-left: 30px;\"><strong>Tese 7.1<\/strong> Vamos ampliar essa diversidade porque estamos crescendo, mudando e nos desenvolvendo permanentemente.<\/p>\n<p><strong>Tese 8. Da Inclusividade.<br \/>\n<\/strong>Frente ao diferente, n\u00e3o nos basta \u201ctoler\u00e1-lo\u201d. Tentamos ir al\u00e9m, para incluir, aproximar e vincular.<\/p>\n<p style=\"padding-left: 30px;\"><strong>Tese 8.1<\/strong> Praticamos a \u201cescuta ativa\u201d, com inten\u00e7\u00e3o de compreender o diferente, abrindo novas vias de entendimento e comunica\u00e7\u00e3o.<\/p>\n<p style=\"padding-left: 30px;\"><strong>Tese 8.2<\/strong> Queremos tamb\u00e9m incluir os violentos, pois entendemos que abandonar\u00e3o a viol\u00eancia ao compreenderem seu erro de comportamento.<\/p>\n<p><strong>Tese 9. Da Sociabilidade.<br \/>\n<\/strong>\u201cJuntos podemos\u201d resolver os conflitos. Pois ainda que nos sejam apresentados de forma individualizada, s\u00e3o conflitos sociais. Visibilizando e socializando o conflito, criamos condi\u00e7\u00f5es para resolver os problemas que, de forma isolada, jamais poder\u00edamos resolver. Avan\u00e7amos em dire\u00e7\u00e3o a \u201c<em>assambleiar o conflito<\/em>\u201d.<\/p>\n<p><strong>Tese 10. Da Intelig\u00eancia Coletiva.<\/strong><br \/>\nColocamos a intelig\u00eancia para trabalhar em rede. A soma de intelig\u00eancias individuais n\u00e3o tem o mesmo resultado que trabalhando em rela\u00e7\u00e3o e em rede, procurando a <em>intelig\u00eancia coletiva<\/em>. Esta multiplica as respostas e encontra melhores solu\u00e7\u00f5es. A intelig\u00eancia coletiva produz um salto de n\u00edvel no trabalho conjunto.<\/p>\n<p><strong>Tese 11. De Pacificar.<\/strong><br \/>\nO processo humano progride mais r\u00e1pido quando n\u00e3o perde energia em confronta\u00e7\u00f5es violentas. Praticamos rela\u00e7\u00f5es de colabora\u00e7\u00e3o que incrementam o progresso social.<\/p>\n<p><strong>Tese 12. Da N\u00e3o-Viol\u00eancia.<\/strong><br \/>\n\u201cN\u00e3o precisamos da viol\u00eancia, temos a raz\u00e3o\u201d.<\/p>\n<p style=\"padding-left: 30px;\"><strong>Tese 12.1<\/strong> Defendemos a n\u00e3o-viol\u00eancia como a postura existencial mais valente poss\u00edvel.<\/p>\n<p style=\"padding-left: 30px;\"><strong>Tese 12.2<\/strong> Habitualmente convivemos com a viol\u00eancia, a temos perto e nosso trabalho consiste em desativ\u00e1-la.<\/p>\n<p><strong>Tese 13. Da A\u00e7\u00e3o Volunt\u00e1ria.<\/strong><br \/>\nFazemos sem c\u00e1lculo econ\u00f4mico. Constru\u00edmos por e para o conjunto. \u201cColocamos gotas de \u00e1gua no grande rio da esp\u00e9cie humana\u201d.<\/p>\n<p><strong>Tese 14. Da Coer\u00eancia.<\/strong><br \/>\nAtuamos de acordo a nossos princ\u00edpios. Queremos que confluam o pensamento, a emo\u00e7\u00e3o e a a\u00e7\u00e3o. \u201cQuando dizemos algo, nos comprometemos e o fazemos\u201d.<\/p>\n<p><strong>Tese 15. Do Conjunto.<\/strong><br \/>\nDescubro a mim mesmo a trav\u00e9s do n\u00f3s.<\/p>\n<p style=\"padding-left: 30px;\"><strong>Tese 15.1<\/strong> A partir do conjunto podemos construir nossa libera\u00e7\u00e3o.<\/p>\n<p style=\"padding-left: 30px;\"><strong>Tese 15.2<\/strong> \u00c9 no conjunto onde se expressa o melhor de cada um.<\/p>\n<p style=\"padding-left: 30px;\"><strong>Tese 15.3<\/strong> \u00c9 no conjunto onde nos descobrimos <em>humanos<\/em> e onde descobrimos o <em>humano<\/em> nos outros.<\/p>\n<p><strong>Tese 16. Do Respeito.<\/strong><br \/>\nQueremos que as pessoas se expressem livremente e sem que sejam julgadas, enquanto n\u00e3o violentem os demais.<\/p>\n<p style=\"padding-left: 30px;\"><strong>Tese 16.1<\/strong>\u00a0Respeitamos os demais e respeitamo-nos. Isto aumenta nossa dignidade.<\/p>\n<p style=\"padding-left: 30px;\"><strong>Tese 16.2<\/strong> Respeitamos o outro mesmo que tenha uma ideologia, cren\u00e7a ou conduta diferente da nossa.<\/p>\n<p style=\"padding-left: 30px;\"><strong>Tese 16.3<\/strong>\u00a0Respeitamo a n\u00f3s mesmos quando somos coerentes em nossas vidas.<\/p>\n<p><strong>Tese 17. Da Espiritualidade.<\/strong><\/p>\n<p style=\"padding-left: 30px;\"><strong>Tese 17.1<\/strong> Assistimos o surgimento de uma forma de religiosidade ateia.<\/p>\n<p style=\"padding-left: 30px;\"><strong>Tese 17.2<\/strong>\u00a0Existe uma busca de espiritualidade sem deuses e sem templos.<\/p>\n<p style=\"padding-left: 30px;\"><strong>Tese 17.3<\/strong> N\u00e3o somos melhores nem piores por sermos ateus ou crentes.<\/p>\n<p style=\"padding-left: 30px;\"><strong>Tese 17.4<\/strong> As religi\u00f5es tem sido ambivalentes em quanto \u00e0 ajuda ao processo humano. Em certos momentos o apoiaram, em outros momentos o frearam e criaram enorme sofrimento.<\/p>\n<p><strong>Tese 18, da Inspira\u00e7\u00e3o.<\/strong><br \/>\nTivemos a experi\u00eancia de \u201cconex\u00e3o\u201d entre n\u00f3s, de sintonia, de \u201cestar no mesmo\u201d. Fomos capazes de criar uma atmosfera que inundava as ruas e pra\u00e7as tingindo tudo de liberdade, de possibilidades, com seres humanos conectados na luta. <em>Tudo se enche de humanidade!<\/em><\/p>\n<p>Quando isso se d\u00e1, tudo se v\u00ea poss\u00edvel, n\u00e3o h\u00e1 limites. Essa energia \u00e9 parte de nossa inspira\u00e7\u00e3o&#8230;<\/p>\n<p><strong>Tese 19. Da Mundializa\u00e7\u00e3o.<br \/>\n<\/strong> Sabemos da import\u00e2ncia das a\u00e7\u00f5es locais, mas tamb\u00e9m sabemos que elas sozinhas n\u00e3o resolvem problemas globais. O mundo est\u00e1 num processo de mundializa\u00e7\u00e3o e hoje certas solu\u00e7\u00f5es tem que ter essa escala. Algumas s\u00e3o:<\/p>\n<p style=\"padding-left: 30px;\"><strong>Tese 19.1<\/strong>\u00a0Acabar com a fome no planeta, \u00e9 a prioridade.<\/p>\n<p style=\"padding-left: 30px;\"><strong>Tese 19.2<\/strong>\u00a0Redirecionar o gasto militar-armamentista em dire\u00e7\u00e3o ao desenvolvimento social para deixar de frear o progresso humano.<\/p>\n<p style=\"padding-left: 30px;\"><strong>Tese 19.3<\/strong> Aprofundar na democracia, fazendo-a mais participativa e avan\u00e7ar na justi\u00e7a, transpar\u00eancia, equidade sem exclus\u00f5es sociais.<\/p>\n<p style=\"padding-left: 30px;\"><strong>Tese 19.4<\/strong>\u00a0Priorizar a sa\u00fade, a educa\u00e7\u00e3o e a moradia para todas e todos.<\/p>\n<p style=\"padding-left: 30px;\"><strong>Tese 19.5<\/strong> Estas propostas n\u00e3o s\u00e3o utopias irrealiz\u00e1veis, e sim aspira\u00e7\u00f5es reais e poss\u00edveis. H\u00e1 condi\u00e7\u00f5es t\u00e9cnicas e recursos suficientes. Os 99% da popula\u00e7\u00e3o mundial compartilham esta aspira\u00e7\u00e3o. J\u00e1 est\u00e1 surgindo a sintonia entre os povos que possibilitar\u00e1 tudo isto&#8230; Os movimentos emergentes s\u00e3o um sintoma&#8230; J\u00e1 estamos avan\u00e7ando na rede em dire\u00e7\u00e3o \u00e0 conex\u00e3o global&#8230; \u201c<em>Nossos sonhos n\u00e3o cabem em suas urnas<\/em>\u201d.<\/p>\n<p><strong>Tese 20. Da rEvolu\u00e7\u00e3o.<\/strong><br \/>\nNo s\u00e9culo XXI podemos e nos corresponde reformular a a\u00e7\u00e3o social e o tipo de sociedade que queremos.<\/p>\n<p style=\"padding-left: 30px;\"><strong>Tese 20.1<\/strong> Esta rEvolu\u00e7\u00e3o \u00e9 n\u00e3o-violenta. \u201cPr\u00f3xima esta\u00e7\u00e3o: rEvolu\u00e7\u00e3o\u201d.<\/p>\n<p style=\"padding-left: 30px;\"><strong>Tese 20.2<\/strong> As formas de luta social baseadas na viol\u00eancia refor\u00e7am o velho sistema patriarcal e violento.<\/p>\n<p style=\"padding-left: 30px;\"><strong>Tese 20.3<\/strong> Uma forma de luta \u00e9 a n\u00e3o-colabora\u00e7\u00e3o com leis <em>ileg\u00edtimas<\/em>. A <em>desobedi\u00eancia civil<\/em>.<\/p>\n<p style=\"padding-left: 30px;\"><strong>Tese 20.4<\/strong> A melhor forma de luta \u00e9 construir alternativas a aquilo que n\u00e3o funciona, que sirvam de <em>efeitos demonstra\u00e7\u00e3o <\/em>do novo.<\/p>\n<p><strong>Tese 21. Do Despertar da Gera\u00e7\u00e3o Planet\u00e1ria.<\/strong><\/p>\n<p style=\"padding-left: 30px;\"><strong>Tese 21.1<\/strong>\u00a0Estamos assistindo o despertar de uma gera\u00e7\u00e3o a n\u00edvel mundial que se expressa nos movimentos sociais emergentes.<\/p>\n<p style=\"padding-left: 30px;\"><strong>Tese 21.2<\/strong> Uma gera\u00e7\u00e3o que encontra apoio e alento das gera\u00e7\u00f5es precedentes. N\u00e3o est\u00e1 em confronto com elas.<\/p>\n<p style=\"padding-left: 30px;\"><strong>Tese 21.3<\/strong> A socializa\u00e7\u00e3o do manejo das tecnologias de comunica\u00e7\u00e3o instant\u00e2nea a n\u00edvel mundial e o incremento das redes sociais est\u00e3o criando as condi\u00e7\u00f5es de trabalho em rede para uma nova etapa do processo humano.<\/p>\n<p><strong>Tese 22. Do Novo Paradigma.<br \/>\n<\/strong>A intera\u00e7\u00e3o das teses anteriores configura um novo paradigma de civiliza\u00e7\u00e3o que necessariamente vai produzir profundas mudan\u00e7as no social, cultura e existencial do ser humano.<\/p>\n<p>\u201cDesculpe os inc\u00f4modos, estamos mudando o mundo\u201d.<\/p>\n<p><strong>Tese 23. O Novo Paradigma j\u00e1 est\u00e1 instalado.<\/strong><br \/>\nEm refer\u00eancia \u00e0 Tese 2 da Liberdade, estas Teses podem livremente serem escolhidas para serem discutidas, rejeitadas, socializadas, estudadas, aprofundadas, aplicadas, ignoradas, combatidas, incorporadas \u00e0 pr\u00f3pria vida, negadas, entre muitas outras possibilidades.<\/p>\n<p>Dependendo da postura que tomar, o futuro ir\u00e1 se abrindo ou contrariamente ir\u00e1 se fechando. O que com certeza n\u00e3o poder\u00e1 ser feito \u00e9 elimin\u00e1-las, esquec\u00ea-las, e muito menos impedir que se desenvolvam,<\/p>\n<p>Porque j\u00e1 est\u00e3o instaladas na consci\u00eancia de muitos cidad\u00e3os, tamb\u00e9m na sua. Vieram para ficar e n\u00e3o v\u00e3o embora. \u201cj\u00e1 mudamos sua consci\u00eancia\u201d.<\/p>\n<p>\u201cSe n\u00e3o nos deixam sonhar, n\u00e3o os deixaremos dormir\u201d.<\/p>\n<p><strong>Tese 24. O Novo Paradigma j\u00e1 est\u00e1 se replicando.<\/strong><br \/>\nS\u00e3o m\u00faltiplas as manifesta\u00e7\u00f5es de transforma\u00e7\u00f5es em toda a sociedade.<\/p>\n<p style=\"padding-left: 30px;\"><strong>Tese 24.1\u00a0<\/strong>Aplicamos as energias em resgatar tudo o que sirva, para melhor\u00e1-lo e, sobre tudo, construir o novo. Nem sequer lutamos contra o velho, pois est\u00e1 caindo por si mesmo.<\/p>\n<p style=\"padding-left: 30px;\"><strong>Tese 24.2<\/strong> Em algum momento que n\u00e3o podemos definir, este Novo Paradigma entrar\u00e1 em regime de replica\u00e7\u00e3o viral&#8230;<\/p>\n<p>&nbsp;<\/p>\n<p>*O site para deixar sugest\u00f5es \u00e9 \u00a0<a href=\"http:\/\/tesisnuevosmovimientos.wordpress.com\/\" target=\"_blank\">http:\/\/tesisnuevosmovimientos.wordpress.com\/<\/a><\/p>\n<p>Tradu\u00e7\u00e3o: Ernesto Kramer<\/p>\n","protected":false},"excerpt":{"rendered":"<p>Grupo de trabalho colaborativo de membros do 15M, Occupy, Indign\u00e9s, YoSoy 132, Occupy Russia Recopila\u00e7\u00e3o sint\u00e9tica dos pontos em comum dos chamados movimentos sociais emergentes que apareceram em diferentes lugares do planeta desde 2011. Tese 1. Do Despertar da Consci\u00eancia.&hellip;<\/p>\n","protected":false},"author":19,"featured_media":107576,"comment_status":"closed","ping_status":"open","sticky":false,"template":"","format":"standard","meta":{"footnotes":""},"categories":[42],"tags":[10843,10957,10960,10956,10959,10958],"class_list":["post-112069","post","type-post","status-publish","format-standard","has-post-thumbnail","hentry","category-internacional-2","tag-15m-pt-pt","tag-indignes-pt-pt","tag-movimentos-emergentes","tag-occupy-pt-pt","tag-occupy-russia","tag-yosoy-132-pt-pt"],"yoast_head":"<!-- This site is optimized with the Yoast SEO plugin v27.1.1 - https:\/\/yoast.com\/product\/yoast-seo-wordpress\/ -->\n<title>24 teses para um novo paradigma a partir dos movimentos emergentes<\/title>\n<meta name=\"description\" content=\"Grupo de trabalho colaborativo de membros do 15M, Occupy, Indign\u00e9s, YoSoy 132, Occupy Russia Recopila\u00e7\u00e3o sint\u00e9tica dos pontos em comum dos chamados\" \/>\n<meta name=\"robots\" content=\"index, follow, max-snippet:-1, max-image-preview:large, max-video-preview:-1\" \/>\n<link rel=\"canonical\" href=\"https:\/\/www.pressenza.com\/pt-pt\/2014\/06\/24-teses-para-um-novo-paradigma-partir-dos-movimentos-emergentes\/\" \/>\n<meta property=\"og:locale\" content=\"pt_PT\" \/>\n<meta property=\"og:type\" content=\"article\" \/>\n<meta property=\"og:title\" content=\"24 teses para um novo paradigma a partir dos movimentos emergentes\" \/>\n<meta property=\"og:description\" content=\"Grupo de trabalho colaborativo de membros do 15M, Occupy, Indign\u00e9s, YoSoy 132, Occupy Russia Recopila\u00e7\u00e3o sint\u00e9tica dos pontos em comum dos chamados\" \/>\n<meta property=\"og:url\" content=\"https:\/\/www.pressenza.com\/pt-pt\/2014\/06\/24-teses-para-um-novo-paradigma-partir-dos-movimentos-emergentes\/\" \/>\n<meta property=\"og:site_name\" content=\"Pressenza\" \/>\n<meta property=\"article:publisher\" content=\"https:\/\/www.facebook.com\/PressenzaItalia\" \/>\n<meta property=\"article:author\" content=\"https:\/\/www.facebook.com\/pressenza\" \/>\n<meta property=\"article:published_time\" content=\"2014-06-11T22:01:40+00:00\" \/>\n<meta property=\"article:modified_time\" content=\"2014-06-11T22:13:29+00:00\" \/>\n<meta property=\"og:image\" content=\"https:\/\/www.pressenza.com\/wp-content\/uploads\/2014\/05\/Puerta-del-Sol_-viernes-20-mayo-2011_respuesta-de-la-poblacion-ante-la-amenaza-de-desalojo-600x3991.jpg\" \/>\n\t<meta property=\"og:image:width\" content=\"600\" \/>\n\t<meta property=\"og:image:height\" content=\"399\" \/>\n\t<meta property=\"og:image:type\" content=\"image\/jpeg\" \/>\n<meta name=\"author\" content=\"Pressenza IPA\" \/>\n<meta name=\"twitter:card\" content=\"summary_large_image\" \/>\n<meta name=\"twitter:creator\" content=\"@PressenzaIPA\" \/>\n<meta name=\"twitter:site\" content=\"@PressenzaIPA\" \/>\n<meta name=\"twitter:label1\" content=\"Escrito por\" \/>\n\t<meta name=\"twitter:data1\" content=\"Pressenza IPA\" \/>\n\t<meta name=\"twitter:label2\" content=\"Tempo estimado de leitura\" \/>\n\t<meta name=\"twitter:data2\" content=\"9 minutos\" \/>\n<script type=\"application\/ld+json\" class=\"yoast-schema-graph\">{\"@context\":\"https:\/\/schema.org\",\"@graph\":[{\"@type\":\"Article\",\"@id\":\"https:\/\/www.pressenza.com\/pt-pt\/2014\/06\/24-teses-para-um-novo-paradigma-partir-dos-movimentos-emergentes\/#article\",\"isPartOf\":{\"@id\":\"https:\/\/www.pressenza.com\/pt-pt\/2014\/06\/24-teses-para-um-novo-paradigma-partir-dos-movimentos-emergentes\/\"},\"author\":{\"name\":\"Pressenza IPA\",\"@id\":\"https:\/\/www.pressenza.com\/pt-pt\/#\/schema\/person\/010e5d02bcf40965427a1289a4cc8d75\"},\"headline\":\"24 teses para um novo paradigma a partir dos movimentos emergentes\",\"datePublished\":\"2014-06-11T22:01:40+00:00\",\"dateModified\":\"2014-06-11T22:13:29+00:00\",\"mainEntityOfPage\":{\"@id\":\"https:\/\/www.pressenza.com\/pt-pt\/2014\/06\/24-teses-para-um-novo-paradigma-partir-dos-movimentos-emergentes\/\"},\"wordCount\":1858,\"publisher\":{\"@id\":\"https:\/\/www.pressenza.com\/pt-pt\/#organization\"},\"image\":{\"@id\":\"https:\/\/www.pressenza.com\/pt-pt\/2014\/06\/24-teses-para-um-novo-paradigma-partir-dos-movimentos-emergentes\/#primaryimage\"},\"thumbnailUrl\":\"https:\/\/www.pressenza.com\/wp-content\/uploads\/2014\/05\/Puerta-del-Sol_-viernes-20-mayo-2011_respuesta-de-la-poblacion-ante-la-amenaza-de-desalojo-600x3991.jpg\",\"keywords\":[\"15M\",\"Indign\u00e9s\",\"movimentos emergentes\",\"Occupy\",\"Occupy Russia\",\"YoSoy 132\"],\"articleSection\":[\"Internacional\"],\"inLanguage\":\"pt-PT\"},{\"@type\":\"WebPage\",\"@id\":\"https:\/\/www.pressenza.com\/pt-pt\/2014\/06\/24-teses-para-um-novo-paradigma-partir-dos-movimentos-emergentes\/\",\"url\":\"https:\/\/www.pressenza.com\/pt-pt\/2014\/06\/24-teses-para-um-novo-paradigma-partir-dos-movimentos-emergentes\/\",\"name\":\"24 teses para um novo paradigma a partir dos movimentos emergentes\",\"isPartOf\":{\"@id\":\"https:\/\/www.pressenza.com\/pt-pt\/#website\"},\"primaryImageOfPage\":{\"@id\":\"https:\/\/www.pressenza.com\/pt-pt\/2014\/06\/24-teses-para-um-novo-paradigma-partir-dos-movimentos-emergentes\/#primaryimage\"},\"image\":{\"@id\":\"https:\/\/www.pressenza.com\/pt-pt\/2014\/06\/24-teses-para-um-novo-paradigma-partir-dos-movimentos-emergentes\/#primaryimage\"},\"thumbnailUrl\":\"https:\/\/www.pressenza.com\/wp-content\/uploads\/2014\/05\/Puerta-del-Sol_-viernes-20-mayo-2011_respuesta-de-la-poblacion-ante-la-amenaza-de-desalojo-600x3991.jpg\",\"datePublished\":\"2014-06-11T22:01:40+00:00\",\"dateModified\":\"2014-06-11T22:13:29+00:00\",\"description\":\"Grupo de trabalho colaborativo de membros do 15M, Occupy, Indign\u00e9s, YoSoy 132, Occupy Russia Recopila\u00e7\u00e3o sint\u00e9tica dos pontos em comum dos chamados\",\"breadcrumb\":{\"@id\":\"https:\/\/www.pressenza.com\/pt-pt\/2014\/06\/24-teses-para-um-novo-paradigma-partir-dos-movimentos-emergentes\/#breadcrumb\"},\"inLanguage\":\"pt-PT\",\"potentialAction\":[{\"@type\":\"ReadAction\",\"target\":[\"https:\/\/www.pressenza.com\/pt-pt\/2014\/06\/24-teses-para-um-novo-paradigma-partir-dos-movimentos-emergentes\/\"]}]},{\"@type\":\"ImageObject\",\"inLanguage\":\"pt-PT\",\"@id\":\"https:\/\/www.pressenza.com\/pt-pt\/2014\/06\/24-teses-para-um-novo-paradigma-partir-dos-movimentos-emergentes\/#primaryimage\",\"url\":\"https:\/\/www.pressenza.com\/wp-content\/uploads\/2014\/05\/Puerta-del-Sol_-viernes-20-mayo-2011_respuesta-de-la-poblacion-ante-la-amenaza-de-desalojo-600x3991.jpg\",\"contentUrl\":\"https:\/\/www.pressenza.com\/wp-content\/uploads\/2014\/05\/Puerta-del-Sol_-viernes-20-mayo-2011_respuesta-de-la-poblacion-ante-la-amenaza-de-desalojo-600x3991.jpg\",\"width\":600,\"height\":399},{\"@type\":\"BreadcrumbList\",\"@id\":\"https:\/\/www.pressenza.com\/pt-pt\/2014\/06\/24-teses-para-um-novo-paradigma-partir-dos-movimentos-emergentes\/#breadcrumb\",\"itemListElement\":[{\"@type\":\"ListItem\",\"position\":1,\"name\":\"Accueil\",\"item\":\"https:\/\/www.pressenza.com\/pt-pt\/\"},{\"@type\":\"ListItem\",\"position\":2,\"name\":\"24 teses para um novo paradigma a partir dos movimentos emergentes\"}]},{\"@type\":\"WebSite\",\"@id\":\"https:\/\/www.pressenza.com\/pt-pt\/#website\",\"url\":\"https:\/\/www.pressenza.com\/pt-pt\/\",\"name\":\"Pressenza\",\"description\":\"International Press Agency\",\"publisher\":{\"@id\":\"https:\/\/www.pressenza.com\/pt-pt\/#organization\"},\"potentialAction\":[{\"@type\":\"SearchAction\",\"target\":{\"@type\":\"EntryPoint\",\"urlTemplate\":\"https:\/\/www.pressenza.com\/pt-pt\/?s={search_term_string}\"},\"query-input\":{\"@type\":\"PropertyValueSpecification\",\"valueRequired\":true,\"valueName\":\"search_term_string\"}}],\"inLanguage\":\"pt-PT\"},{\"@type\":\"Organization\",\"@id\":\"https:\/\/www.pressenza.com\/pt-pt\/#organization\",\"name\":\"Pressenza\",\"url\":\"https:\/\/www.pressenza.com\/pt-pt\/\",\"logo\":{\"@type\":\"ImageObject\",\"inLanguage\":\"pt-PT\",\"@id\":\"https:\/\/www.pressenza.com\/pt-pt\/#\/schema\/logo\/image\/\",\"url\":\"https:\/\/www.pressenza.com\/wp-content\/uploads\/2022\/10\/pressenza_logo_200x200.jpg\",\"contentUrl\":\"https:\/\/www.pressenza.com\/wp-content\/uploads\/2022\/10\/pressenza_logo_200x200.jpg\",\"width\":200,\"height\":200,\"caption\":\"Pressenza\"},\"image\":{\"@id\":\"https:\/\/www.pressenza.com\/pt-pt\/#\/schema\/logo\/image\/\"},\"sameAs\":[\"https:\/\/www.facebook.com\/PressenzaItalia\",\"https:\/\/x.com\/PressenzaIPA\"]},{\"@type\":\"Person\",\"@id\":\"https:\/\/www.pressenza.com\/pt-pt\/#\/schema\/person\/010e5d02bcf40965427a1289a4cc8d75\",\"name\":\"Pressenza IPA\",\"description\":\"News from Pressenza IPA correspondents\",\"sameAs\":[\"https:\/\/www.facebook.com\/pressenza\",\"https:\/\/x.com\/PressenzaIPA\"],\"url\":\"https:\/\/www.pressenza.com\/pt-pt\/author\/pressenza-ipa\/\"}]}<\/script>\n<!-- \/ Yoast SEO plugin. -->","yoast_head_json":{"title":"24 teses para um novo paradigma a partir dos movimentos emergentes","description":"Grupo de trabalho colaborativo de membros do 15M, Occupy, Indign\u00e9s, YoSoy 132, Occupy Russia Recopila\u00e7\u00e3o sint\u00e9tica dos pontos em comum dos chamados","robots":{"index":"index","follow":"follow","max-snippet":"max-snippet:-1","max-image-preview":"max-image-preview:large","max-video-preview":"max-video-preview:-1"},"canonical":"https:\/\/www.pressenza.com\/pt-pt\/2014\/06\/24-teses-para-um-novo-paradigma-partir-dos-movimentos-emergentes\/","og_locale":"pt_PT","og_type":"article","og_title":"24 teses para um novo paradigma a partir dos movimentos emergentes","og_description":"Grupo de trabalho colaborativo de membros do 15M, Occupy, Indign\u00e9s, YoSoy 132, Occupy Russia Recopila\u00e7\u00e3o sint\u00e9tica dos pontos em comum dos chamados","og_url":"https:\/\/www.pressenza.com\/pt-pt\/2014\/06\/24-teses-para-um-novo-paradigma-partir-dos-movimentos-emergentes\/","og_site_name":"Pressenza","article_publisher":"https:\/\/www.facebook.com\/PressenzaItalia","article_author":"https:\/\/www.facebook.com\/pressenza","article_published_time":"2014-06-11T22:01:40+00:00","article_modified_time":"2014-06-11T22:13:29+00:00","og_image":[{"width":600,"height":399,"url":"https:\/\/www.pressenza.com\/wp-content\/uploads\/2014\/05\/Puerta-del-Sol_-viernes-20-mayo-2011_respuesta-de-la-poblacion-ante-la-amenaza-de-desalojo-600x3991.jpg","type":"image\/jpeg"}],"author":"Pressenza IPA","twitter_card":"summary_large_image","twitter_creator":"@PressenzaIPA","twitter_site":"@PressenzaIPA","twitter_misc":{"Escrito por":"Pressenza IPA","Tempo estimado de leitura":"9 minutos"},"schema":{"@context":"https:\/\/schema.org","@graph":[{"@type":"Article","@id":"https:\/\/www.pressenza.com\/pt-pt\/2014\/06\/24-teses-para-um-novo-paradigma-partir-dos-movimentos-emergentes\/#article","isPartOf":{"@id":"https:\/\/www.pressenza.com\/pt-pt\/2014\/06\/24-teses-para-um-novo-paradigma-partir-dos-movimentos-emergentes\/"},"author":{"name":"Pressenza IPA","@id":"https:\/\/www.pressenza.com\/pt-pt\/#\/schema\/person\/010e5d02bcf40965427a1289a4cc8d75"},"headline":"24 teses para um novo paradigma a partir dos movimentos emergentes","datePublished":"2014-06-11T22:01:40+00:00","dateModified":"2014-06-11T22:13:29+00:00","mainEntityOfPage":{"@id":"https:\/\/www.pressenza.com\/pt-pt\/2014\/06\/24-teses-para-um-novo-paradigma-partir-dos-movimentos-emergentes\/"},"wordCount":1858,"publisher":{"@id":"https:\/\/www.pressenza.com\/pt-pt\/#organization"},"image":{"@id":"https:\/\/www.pressenza.com\/pt-pt\/2014\/06\/24-teses-para-um-novo-paradigma-partir-dos-movimentos-emergentes\/#primaryimage"},"thumbnailUrl":"https:\/\/www.pressenza.com\/wp-content\/uploads\/2014\/05\/Puerta-del-Sol_-viernes-20-mayo-2011_respuesta-de-la-poblacion-ante-la-amenaza-de-desalojo-600x3991.jpg","keywords":["15M","Indign\u00e9s","movimentos emergentes","Occupy","Occupy Russia","YoSoy 132"],"articleSection":["Internacional"],"inLanguage":"pt-PT"},{"@type":"WebPage","@id":"https:\/\/www.pressenza.com\/pt-pt\/2014\/06\/24-teses-para-um-novo-paradigma-partir-dos-movimentos-emergentes\/","url":"https:\/\/www.pressenza.com\/pt-pt\/2014\/06\/24-teses-para-um-novo-paradigma-partir-dos-movimentos-emergentes\/","name":"24 teses para um novo paradigma a partir dos movimentos emergentes","isPartOf":{"@id":"https:\/\/www.pressenza.com\/pt-pt\/#website"},"primaryImageOfPage":{"@id":"https:\/\/www.pressenza.com\/pt-pt\/2014\/06\/24-teses-para-um-novo-paradigma-partir-dos-movimentos-emergentes\/#primaryimage"},"image":{"@id":"https:\/\/www.pressenza.com\/pt-pt\/2014\/06\/24-teses-para-um-novo-paradigma-partir-dos-movimentos-emergentes\/#primaryimage"},"thumbnailUrl":"https:\/\/www.pressenza.com\/wp-content\/uploads\/2014\/05\/Puerta-del-Sol_-viernes-20-mayo-2011_respuesta-de-la-poblacion-ante-la-amenaza-de-desalojo-600x3991.jpg","datePublished":"2014-06-11T22:01:40+00:00","dateModified":"2014-06-11T22:13:29+00:00","description":"Grupo de trabalho colaborativo de membros do 15M, Occupy, Indign\u00e9s, YoSoy 132, Occupy Russia Recopila\u00e7\u00e3o sint\u00e9tica dos pontos em comum dos chamados","breadcrumb":{"@id":"https:\/\/www.pressenza.com\/pt-pt\/2014\/06\/24-teses-para-um-novo-paradigma-partir-dos-movimentos-emergentes\/#breadcrumb"},"inLanguage":"pt-PT","potentialAction":[{"@type":"ReadAction","target":["https:\/\/www.pressenza.com\/pt-pt\/2014\/06\/24-teses-para-um-novo-paradigma-partir-dos-movimentos-emergentes\/"]}]},{"@type":"ImageObject","inLanguage":"pt-PT","@id":"https:\/\/www.pressenza.com\/pt-pt\/2014\/06\/24-teses-para-um-novo-paradigma-partir-dos-movimentos-emergentes\/#primaryimage","url":"https:\/\/www.pressenza.com\/wp-content\/uploads\/2014\/05\/Puerta-del-Sol_-viernes-20-mayo-2011_respuesta-de-la-poblacion-ante-la-amenaza-de-desalojo-600x3991.jpg","contentUrl":"https:\/\/www.pressenza.com\/wp-content\/uploads\/2014\/05\/Puerta-del-Sol_-viernes-20-mayo-2011_respuesta-de-la-poblacion-ante-la-amenaza-de-desalojo-600x3991.jpg","width":600,"height":399},{"@type":"BreadcrumbList","@id":"https:\/\/www.pressenza.com\/pt-pt\/2014\/06\/24-teses-para-um-novo-paradigma-partir-dos-movimentos-emergentes\/#breadcrumb","itemListElement":[{"@type":"ListItem","position":1,"name":"Accueil","item":"https:\/\/www.pressenza.com\/pt-pt\/"},{"@type":"ListItem","position":2,"name":"24 teses para um novo paradigma a partir dos movimentos emergentes"}]},{"@type":"WebSite","@id":"https:\/\/www.pressenza.com\/pt-pt\/#website","url":"https:\/\/www.pressenza.com\/pt-pt\/","name":"Pressenza","description":"International Press Agency","publisher":{"@id":"https:\/\/www.pressenza.com\/pt-pt\/#organization"},"potentialAction":[{"@type":"SearchAction","target":{"@type":"EntryPoint","urlTemplate":"https:\/\/www.pressenza.com\/pt-pt\/?s={search_term_string}"},"query-input":{"@type":"PropertyValueSpecification","valueRequired":true,"valueName":"search_term_string"}}],"inLanguage":"pt-PT"},{"@type":"Organization","@id":"https:\/\/www.pressenza.com\/pt-pt\/#organization","name":"Pressenza","url":"https:\/\/www.pressenza.com\/pt-pt\/","logo":{"@type":"ImageObject","inLanguage":"pt-PT","@id":"https:\/\/www.pressenza.com\/pt-pt\/#\/schema\/logo\/image\/","url":"https:\/\/www.pressenza.com\/wp-content\/uploads\/2022\/10\/pressenza_logo_200x200.jpg","contentUrl":"https:\/\/www.pressenza.com\/wp-content\/uploads\/2022\/10\/pressenza_logo_200x200.jpg","width":200,"height":200,"caption":"Pressenza"},"image":{"@id":"https:\/\/www.pressenza.com\/pt-pt\/#\/schema\/logo\/image\/"},"sameAs":["https:\/\/www.facebook.com\/PressenzaItalia","https:\/\/x.com\/PressenzaIPA"]},{"@type":"Person","@id":"https:\/\/www.pressenza.com\/pt-pt\/#\/schema\/person\/010e5d02bcf40965427a1289a4cc8d75","name":"Pressenza IPA","description":"News from Pressenza IPA correspondents","sameAs":["https:\/\/www.facebook.com\/pressenza","https:\/\/x.com\/PressenzaIPA"],"url":"https:\/\/www.pressenza.com\/pt-pt\/author\/pressenza-ipa\/"}]}},"place":"","original_article_url":"","_links":{"self":[{"href":"https:\/\/www.pressenza.com\/pt-pt\/wp-json\/wp\/v2\/posts\/112069","targetHints":{"allow":["GET"]}}],"collection":[{"href":"https:\/\/www.pressenza.com\/pt-pt\/wp-json\/wp\/v2\/posts"}],"about":[{"href":"https:\/\/www.pressenza.com\/pt-pt\/wp-json\/wp\/v2\/types\/post"}],"author":[{"embeddable":true,"href":"https:\/\/www.pressenza.com\/pt-pt\/wp-json\/wp\/v2\/users\/19"}],"replies":[{"embeddable":true,"href":"https:\/\/www.pressenza.com\/pt-pt\/wp-json\/wp\/v2\/comments?post=112069"}],"version-history":[{"count":0,"href":"https:\/\/www.pressenza.com\/pt-pt\/wp-json\/wp\/v2\/posts\/112069\/revisions"}],"wp:featuredmedia":[{"embeddable":true,"href":"https:\/\/www.pressenza.com\/pt-pt\/wp-json\/wp\/v2\/media\/107576"}],"wp:attachment":[{"href":"https:\/\/www.pressenza.com\/pt-pt\/wp-json\/wp\/v2\/media?parent=112069"}],"wp:term":[{"taxonomy":"category","embeddable":true,"href":"https:\/\/www.pressenza.com\/pt-pt\/wp-json\/wp\/v2\/categories?post=112069"},{"taxonomy":"post_tag","embeddable":true,"href":"https:\/\/www.pressenza.com\/pt-pt\/wp-json\/wp\/v2\/tags?post=112069"}],"curies":[{"name":"wp","href":"https:\/\/api.w.org\/{rel}","templated":true}]}}