{"id":1120302,"date":"2020-05-29T00:00:38","date_gmt":"2020-05-28T23:00:38","guid":{"rendered":"https:\/\/www.pressenza.com\/?p=1120302"},"modified":"2020-05-29T00:00:38","modified_gmt":"2020-05-28T23:00:38","slug":"o-poder-dos-microbios-na-politica-brasileira","status":"publish","type":"post","link":"https:\/\/www.pressenza.com\/pt-pt\/2020\/05\/o-poder-dos-microbios-na-politica-brasileira\/","title":{"rendered":"O poder dos micr\u00f3bios na pol\u00edtica brasileira"},"content":{"rendered":"<p>Precisamos urgentemente de um ant\u00eddoto para exterminar a amea\u00e7a de uma doen\u00e7a, que muitos pensavam estar extinta, mas que voltou com for\u00e7a total num pa\u00eds continental da Am\u00e9rica do Sul. A doen\u00e7a se alastrou em todo territ\u00f3rio e est\u00e1 dizimando milhares de vidas. Os povos origin\u00e1rios, pretos e pobres s\u00e3o os mais amea\u00e7ados, mas o micr\u00f3bio ataca tamb\u00e9m a classe m\u00e9dia e, quem mais ousar oferecer alguma resist\u00eancia ao seu ataque.<\/p>\n<p>N\u00e3o, eu n\u00e3o estou falando da pandemia, mas do governo de Jair Messias Bolsonaro.<\/p>\n<p>No \u00faltimo dia 22 de abril, data simb\u00f3lica para todos os brasileiros, onde se comemora o descobrimento, foi realizada em Bras\u00edlia, no terceiro andar do Pal\u00e1cio da Alvorada, a reuni\u00e3o de uma col\u00f4nia de bact\u00e9rias devoradoras da liberdade e da democracia. A pauta do encontro revelou que a ignor\u00e2ncia caminha junto com a maldade e o autoritarismo.<\/p>\n<p>Por determina\u00e7\u00e3o do ministro, Celso de Melo, decano do Supremo Tribunal Federal, o document\u00e1rio <em>trash<\/em> e de quinta categoria foi liberado para ser divulgado para todos os brasileiros e, a quem mais no mundo, se interessar pela aberra\u00e7\u00e3o que acontece no Brasil em pleno s\u00e9c 21.<\/p>\n<p>Mesmo o Brasil estando entre os principais focos da pandemia da Covid-19 no\u00a0 mundo, o mandat\u00e1rio brasileiro teceu um ros\u00e1rio de improp\u00e9rios e sequer citou as mortes dos brasileiros ou apontou um caminho para que o pa\u00eds possa vencer a pandemia e achatar a curva de mortes e de contamina\u00e7\u00f5es. N\u00e3o o fez, n\u00e3o porque \u00e9 incompetente, mas porque \u00e9 mal. Ficou claro para todos, que o interesse daquele grupo de micr\u00f3bios\u00a0 que estavam ali reunidos era se autodefender e promover um ataque \u00e0s institui\u00e7\u00f5es democr\u00e1ticas e aos direitos garantidos pela Constitui\u00e7\u00e3o. No m\u00ednimo, t\u00ednhamos ali, um crime de conspira\u00e7\u00e3o, onde todos deveriam ter sa\u00eddo algemados.<\/p>\n<p>Podemos elencar um a um os crimes ali cometidos, tanto pelo presidente da rep\u00fablica, quanto pelos seus comparsas.<\/p>\n<p>Al\u00e9m da falta de decoro, que ficou evidente, na aglutina\u00e7\u00e3o dos micr\u00f3bios foram cometidos outros crimes como, a exalta\u00e7\u00e3o da tortura, o aparelhamento do estado para proteger a\u00e7\u00f5es do governo e de seus familiares com a interfer\u00eancia na Policia Federal, a quebra de leis de prote\u00e7\u00e3o ambiental, o apoio a pr\u00e1tica autorit\u00e1rias como, a ame\u00e7a de pris\u00e3o para prefeito e governadores, ataques \u00e0 liberdade de imprensa , o apoio de forma\u00e7\u00e3o de mil\u00edcias armadas para combater o que lhe \u00e9 diferente, o incentivo claro a confrontos sociais de classes e um ataque direto aos ministros do Supremo Tribunal Federal.<\/p>\n<p>Tudo o que foi visto na reuni\u00e3o ministerial n\u00e3o chegou a ser novidade, pois aquelas falas j\u00e1 estavam presentes no cen\u00e1rio brasileiros desde a pr\u00e9 campanha de Jair Bolsonaro \u00e0 presid\u00eancia da Rep\u00fablica.\u00a0 Nenhum brasileiro foi enganado, muito menos a imprensa. Todos sabiam da folha corrida de Bolsonaro e seus filhos quando entraram nessa aventura e se deixaram levar pelas ideias fascistas que eles defendiam.<\/p>\n<p>Toda a hostilidade, mal caratismo e ideais conspiradores estavam no curr\u00edculo do Messias, inclusive tendo gerado o seu afastamento das For\u00e7as Armadas.<\/p>\n<div id=\"attachment_1120317\" class=\"wp-caption alignnone\"><img loading=\"lazy\" decoding=\"async\" aria-describedby=\"caption-attachment-1120317\" class=\"wp-image-1120317 size-full\" src=\"https:\/\/www.pressenza.com\/wp-content\/uploads\/2020\/05\/Palacio-do-Planalto-22-04-2020.jpg\" alt=\"\" width=\"799\" height=\"533\" srcset=\"https:\/\/www.pressenza.com\/wp-content\/uploads\/2020\/05\/Palacio-do-Planalto-22-04-2020.jpg 799w, https:\/\/www.pressenza.com\/wp-content\/uploads\/2020\/05\/Palacio-do-Planalto-22-04-2020-300x200.jpg 300w, https:\/\/www.pressenza.com\/wp-content\/uploads\/2020\/05\/Palacio-do-Planalto-22-04-2020-720x480.jpg 720w, https:\/\/www.pressenza.com\/wp-content\/uploads\/2020\/05\/Palacio-do-Planalto-22-04-2020-768x512.jpg 768w\" sizes=\"auto, (max-width: 799px) 100vw, 799px\" \/><p id=\"caption-attachment-1120317\" class=\"wp-caption-text\">Foto Palacio do Planalto 22\/04\/2020<\/p><\/div>\n<p>Com o pensamento cr\u00edtico\u00a0 abolido dos meios de comunica\u00e7\u00e3o e a consci\u00eancia de classe jogada na lata do lixo, estamos voltando a estaca zero e tentando sem sucesso colocar em pr\u00e1tica\u00a0 d\u00e9cadas de discuss\u00f5es e conhecimento cientifico sobre\u00a0 conceitos de esquerda, direita, centro e outras vertentes n\u00e3o t\u00e3o convencionais. A pergunta \u00e9 _ por que voltamos ao passado?<\/p>\n<p>Poderia dizer a principio, que a partidariza\u00e7\u00e3o do estado tenha sido um dos fatores. Ao juntar em grupos, pessoas\u00a0 com forma\u00e7\u00e3o t\u00e3o distinta e sem a solidifica\u00e7\u00e3o necess\u00e1ria dos fundamentos do pensamento que norteiam a\u00a0 sociedade moderna, cometemos o pecado quase mortal, de misturar o joio e trigo sobre a mesma bandeira.\u00a0 Capital e social se negam no discurso e se amasiam nos encontros palacianos depois da meia noite.<\/p>\n<p>Numa vis\u00e3o mais ampla e fundamentada na psicologia social, podemos apontar \u2013 pelo menos a grosso modo \u2013 que o recalque seja o grande respons\u00e1vel por todo o caos social. Na psicologia de grupos ou social, vemos que os indiv\u00edduos est\u00e3o condicionados \u00e0s influencias do grupo, mas conservam suas convic\u00e7\u00f5es prim\u00e1rias, geralmente enraizadas na ignor\u00e2ncia \u2013 aquilo que ele n\u00e3o teve condi\u00e7\u00f5es de absorver ou, que simplesmente, recusa.<\/p>\n<p>No atual momento brasileiro, tirando obviamente a estrat\u00e9gia nefasta de corruptos se livrarem de suas penas, usando para isso, os meios legais, atrav\u00e9s do aparelhamento\u00a0 politico, sem precedentes na hist\u00f3ria de nosso pa\u00eds, onde\u00a0 for\u00e7as parlamentares,\u00a0 justi\u00e7a , o poder central do executivo\u00a0 e, agora as For\u00e7as armadas, caminham de m\u00e3os dadas para fabricar uma carapa\u00e7a protetora a seus pares, vemos uma sociedade dividida pela pr\u00f3pria ignor\u00e2ncia, incentivada pelos meios de comunica\u00e7\u00e3o de massa e pela prolifera\u00e7\u00e3o de ferramentas de multiplica\u00e7\u00e3o de opini\u00f5es da grande rede, principalmente nas chamadas redes sociais, atrav\u00e9s das opini\u00f5es de psicopatas e as chamadas fake news. A falta de um filtro na imprensa, fundamentado na \u00e9tica da comunica\u00e7\u00e3o e de um norte na utiliza\u00e7\u00e3o das redes est\u00e3o possibilitando \u2013 a passos largos \u2013 os alicerces s\u00f3lidos do\u00a0 fascismo e do caos na sociedade brasileira. O caminho sem volta da ignor\u00e2ncia, onde o \u201colho por olho e o dente por dente\u201d, pode ser exercido num ovo atirado, no cassetete no lombo,\u00a0 numa execu\u00e7\u00e3o a tiros , nos coquet\u00e9is molotov ou numa opera\u00e7\u00e3o da Policia Federal.<\/p>\n<p>Tudo isso, no entanto, parece pouco diante dos pequenos conflitos di\u00e1rios onde a grande massa pede socorro para colocar o alimento na mesa diante de uma pandemia. Fam\u00edlias\u00a0 est\u00e3o sendo destru\u00eddas, justamente no governo que se elegeu com o discurso hip\u00f3crita\u00a0 de preserv\u00e1-la.<\/p>\n<p>Estamos sendo governados por uma ra\u00e7a que se acha suprema, instituindo a eugenia nos tr\u00f3picos constru\u00eddo pela miscigena\u00e7\u00e3o, assim como o nazismo fez na Alemanha.\u00a0\u00a0 Fechar os olhos para as injusti\u00e7as, os ouvidos, para as bombas e a voz, contra os desvios morais de nossos comandantes n\u00e3o v\u00e3o nos absolver do processo destrutivo que estamos construindo \u2013 por participa\u00e7\u00e3o direta ou omiss\u00e3o.<\/p>\n<p>Promover o confronto entre direita e esquerda dentro de um contexto, que n\u00e3o seja pelo vi\u00e9s democr\u00e1tico, onde o di\u00e1logo busque um entendimento para a conviv\u00eancia pac\u00edfica na intercess\u00e3o\u00a0 das duas correntes de pensamento \u00e9 se revelar e se auto pronunciar joio ou simplesmente, idiota \u2013 pois extremos n\u00e3o dialogam.<\/p>\n<p>Corremos riscos de estarmos sendo governados por fascistas e mais ainda, por termos dado a esses fascistas, o direito legal de nos governar, influenciados obviamente pelas distor\u00e7\u00f5es do sistema democr\u00e1tico. Isso, se agrava ainda mais quando a sociedade clama em silencio por reformas pol\u00edticas, dando a esses mesmos\u00a0\u00a0 fascistas as armas para a transforma\u00e7\u00e3o, enquanto o v\u00edrus\u00a0 e a pandemia avan\u00e7am pelo interior do pa\u00eds, matando pessoas e colocando em risco a seguran\u00e7a sanit\u00e1ria e a produ\u00e7\u00e3o de alimentos.\u00a0 Estamos transformando, o que poderia nos salvar no nosso novo calv\u00e1rio. E vamos continuar caminhando, cada vez mais\u00a0 sem liberdade de dizer o que pensamos e, pior, sem vontade de continuar pensando, pois esse \u00e9 projeto em curso no Brasil. O projeto da baioneta que corta l\u00ednguas e pensamentos e lava as cal\u00e7adas e pra\u00e7as com sangue. Precisamos nos curar para salvar vidas e a democracia brasileira.<\/p>\n","protected":false},"excerpt":{"rendered":"<p>Precisamos urgentemente de um ant\u00eddoto para exterminar a amea\u00e7a de uma doen\u00e7a, que muitos pensavam estar extinta, mas que voltou com for\u00e7a total num pa\u00eds continental da Am\u00e9rica do Sul. A doen\u00e7a se alastrou em todo territ\u00f3rio e est\u00e1 dizimando&hellip;<\/p>\n","protected":false},"author":1816,"featured_media":1120305,"comment_status":"closed","ping_status":"closed","sticky":false,"template":"","format":"standard","meta":{"footnotes":""},"categories":[104,165,111],"tags":[52115,2744,72448,76405,76404,73244,18768,5625],"class_list":["post-1120302","post","type-post","status-publish","format-standard","has-post-thumbnail","hentry","category-america-do-sul","category-opiniao","category-politica-pt-pt","tag-bolsonaro-pt-pt-2","tag-brasil","tag-covid19-pt-pt","tag-fascistas-pt-pt","tag-microbios","tag-pandemia-pt-pt","tag-politica","tag-stf"],"yoast_head":"<!-- This site is optimized with the Yoast SEO plugin v27.1.1 - https:\/\/yoast.com\/product\/yoast-seo-wordpress\/ -->\n<title>O poder dos micr\u00f3bios na pol\u00edtica brasileira<\/title>\n<meta name=\"description\" content=\"Precisamos urgentemente de um ant\u00eddoto para exterminar a amea\u00e7a de uma doen\u00e7a, que muitos pensavam estar extinta, mas que voltou com for\u00e7a total num pa\u00eds\" \/>\n<meta name=\"robots\" content=\"index, follow, max-snippet:-1, max-image-preview:large, max-video-preview:-1\" \/>\n<link rel=\"canonical\" href=\"https:\/\/www.pressenza.com\/pt-pt\/2020\/05\/o-poder-dos-microbios-na-politica-brasileira\/\" \/>\n<meta property=\"og:locale\" content=\"pt_PT\" \/>\n<meta property=\"og:type\" content=\"article\" \/>\n<meta property=\"og:title\" content=\"O poder dos micr\u00f3bios na pol\u00edtica brasileira\" \/>\n<meta property=\"og:description\" content=\"Precisamos urgentemente de um ant\u00eddoto para exterminar a amea\u00e7a de uma doen\u00e7a, que muitos pensavam estar extinta, mas que voltou com for\u00e7a total num pa\u00eds\" \/>\n<meta property=\"og:url\" content=\"https:\/\/www.pressenza.com\/pt-pt\/2020\/05\/o-poder-dos-microbios-na-politica-brasileira\/\" \/>\n<meta property=\"og:site_name\" content=\"Pressenza\" \/>\n<meta property=\"article:publisher\" content=\"https:\/\/www.facebook.com\/PressenzaItalia\" \/>\n<meta property=\"article:published_time\" content=\"2020-05-28T23:00:38+00:00\" \/>\n<meta property=\"og:image\" content=\"https:\/\/www.pressenza.com\/wp-content\/uploads\/2020\/05\/pala\u0301cio-do-planalto.jpg\" \/>\n\t<meta property=\"og:image:width\" content=\"799\" \/>\n\t<meta property=\"og:image:height\" content=\"451\" \/>\n\t<meta property=\"og:image:type\" content=\"image\/jpeg\" \/>\n<meta name=\"author\" content=\"Guido Mendes\" \/>\n<meta name=\"twitter:card\" content=\"summary_large_image\" \/>\n<meta name=\"twitter:creator\" content=\"@PressenzaIPA\" \/>\n<meta name=\"twitter:site\" content=\"@PressenzaIPA\" \/>\n<meta name=\"twitter:label1\" content=\"Escrito por\" \/>\n\t<meta name=\"twitter:data1\" content=\"Guido Mendes\" \/>\n\t<meta name=\"twitter:label2\" content=\"Tempo estimado de leitura\" \/>\n\t<meta name=\"twitter:data2\" content=\"7 minutos\" \/>\n<script type=\"application\/ld+json\" class=\"yoast-schema-graph\">{\"@context\":\"https:\/\/schema.org\",\"@graph\":[{\"@type\":\"Article\",\"@id\":\"https:\/\/www.pressenza.com\/pt-pt\/2020\/05\/o-poder-dos-microbios-na-politica-brasileira\/#article\",\"isPartOf\":{\"@id\":\"https:\/\/www.pressenza.com\/pt-pt\/2020\/05\/o-poder-dos-microbios-na-politica-brasileira\/\"},\"author\":{\"name\":\"Guido Mendes\",\"@id\":\"https:\/\/www.pressenza.com\/pt-pt\/#\/schema\/person\/67a606644b0edb6dfd60ade0e5aba169\"},\"headline\":\"O poder dos micr\u00f3bios na pol\u00edtica brasileira\",\"datePublished\":\"2020-05-28T23:00:38+00:00\",\"mainEntityOfPage\":{\"@id\":\"https:\/\/www.pressenza.com\/pt-pt\/2020\/05\/o-poder-dos-microbios-na-politica-brasileira\/\"},\"wordCount\":1320,\"publisher\":{\"@id\":\"https:\/\/www.pressenza.com\/pt-pt\/#organization\"},\"image\":{\"@id\":\"https:\/\/www.pressenza.com\/pt-pt\/2020\/05\/o-poder-dos-microbios-na-politica-brasileira\/#primaryimage\"},\"thumbnailUrl\":\"https:\/\/www.pressenza.com\/wp-content\/uploads\/2020\/05\/pala\u0301cio-do-planalto.jpg\",\"keywords\":[\"Bolsonaro\",\"Brasil\",\"COVID19\",\"fascistas\",\"microbios\",\"pandemia\",\"politica\",\"STF\"],\"articleSection\":[\"\u00c1m\u00e9rica do Sul\",\"Opini\u00e3o\",\"Pol\u00edtica\"],\"inLanguage\":\"pt-PT\"},{\"@type\":\"WebPage\",\"@id\":\"https:\/\/www.pressenza.com\/pt-pt\/2020\/05\/o-poder-dos-microbios-na-politica-brasileira\/\",\"url\":\"https:\/\/www.pressenza.com\/pt-pt\/2020\/05\/o-poder-dos-microbios-na-politica-brasileira\/\",\"name\":\"O poder dos micr\u00f3bios na pol\u00edtica brasileira\",\"isPartOf\":{\"@id\":\"https:\/\/www.pressenza.com\/pt-pt\/#website\"},\"primaryImageOfPage\":{\"@id\":\"https:\/\/www.pressenza.com\/pt-pt\/2020\/05\/o-poder-dos-microbios-na-politica-brasileira\/#primaryimage\"},\"image\":{\"@id\":\"https:\/\/www.pressenza.com\/pt-pt\/2020\/05\/o-poder-dos-microbios-na-politica-brasileira\/#primaryimage\"},\"thumbnailUrl\":\"https:\/\/www.pressenza.com\/wp-content\/uploads\/2020\/05\/pala\u0301cio-do-planalto.jpg\",\"datePublished\":\"2020-05-28T23:00:38+00:00\",\"description\":\"Precisamos urgentemente de um ant\u00eddoto para exterminar a amea\u00e7a de uma doen\u00e7a, que muitos pensavam estar extinta, mas que voltou com for\u00e7a total num pa\u00eds\",\"breadcrumb\":{\"@id\":\"https:\/\/www.pressenza.com\/pt-pt\/2020\/05\/o-poder-dos-microbios-na-politica-brasileira\/#breadcrumb\"},\"inLanguage\":\"pt-PT\",\"potentialAction\":[{\"@type\":\"ReadAction\",\"target\":[\"https:\/\/www.pressenza.com\/pt-pt\/2020\/05\/o-poder-dos-microbios-na-politica-brasileira\/\"]}]},{\"@type\":\"ImageObject\",\"inLanguage\":\"pt-PT\",\"@id\":\"https:\/\/www.pressenza.com\/pt-pt\/2020\/05\/o-poder-dos-microbios-na-politica-brasileira\/#primaryimage\",\"url\":\"https:\/\/www.pressenza.com\/wp-content\/uploads\/2020\/05\/pala\u0301cio-do-planalto.jpg\",\"contentUrl\":\"https:\/\/www.pressenza.com\/wp-content\/uploads\/2020\/05\/pala\u0301cio-do-planalto.jpg\",\"width\":799,\"height\":451},{\"@type\":\"BreadcrumbList\",\"@id\":\"https:\/\/www.pressenza.com\/pt-pt\/2020\/05\/o-poder-dos-microbios-na-politica-brasileira\/#breadcrumb\",\"itemListElement\":[{\"@type\":\"ListItem\",\"position\":1,\"name\":\"Accueil\",\"item\":\"https:\/\/www.pressenza.com\/pt-pt\/\"},{\"@type\":\"ListItem\",\"position\":2,\"name\":\"O poder dos micr\u00f3bios na pol\u00edtica brasileira\"}]},{\"@type\":\"WebSite\",\"@id\":\"https:\/\/www.pressenza.com\/pt-pt\/#website\",\"url\":\"https:\/\/www.pressenza.com\/pt-pt\/\",\"name\":\"Pressenza\",\"description\":\"International Press Agency\",\"publisher\":{\"@id\":\"https:\/\/www.pressenza.com\/pt-pt\/#organization\"},\"potentialAction\":[{\"@type\":\"SearchAction\",\"target\":{\"@type\":\"EntryPoint\",\"urlTemplate\":\"https:\/\/www.pressenza.com\/pt-pt\/?s={search_term_string}\"},\"query-input\":{\"@type\":\"PropertyValueSpecification\",\"valueRequired\":true,\"valueName\":\"search_term_string\"}}],\"inLanguage\":\"pt-PT\"},{\"@type\":\"Organization\",\"@id\":\"https:\/\/www.pressenza.com\/pt-pt\/#organization\",\"name\":\"Pressenza\",\"url\":\"https:\/\/www.pressenza.com\/pt-pt\/\",\"logo\":{\"@type\":\"ImageObject\",\"inLanguage\":\"pt-PT\",\"@id\":\"https:\/\/www.pressenza.com\/pt-pt\/#\/schema\/logo\/image\/\",\"url\":\"https:\/\/www.pressenza.com\/wp-content\/uploads\/2022\/10\/pressenza_logo_200x200.jpg\",\"contentUrl\":\"https:\/\/www.pressenza.com\/wp-content\/uploads\/2022\/10\/pressenza_logo_200x200.jpg\",\"width\":200,\"height\":200,\"caption\":\"Pressenza\"},\"image\":{\"@id\":\"https:\/\/www.pressenza.com\/pt-pt\/#\/schema\/logo\/image\/\"},\"sameAs\":[\"https:\/\/www.facebook.com\/PressenzaItalia\",\"https:\/\/x.com\/PressenzaIPA\"]},{\"@type\":\"Person\",\"@id\":\"https:\/\/www.pressenza.com\/pt-pt\/#\/schema\/person\/67a606644b0edb6dfd60ade0e5aba169\",\"name\":\"Guido Mendes\",\"description\":\"Jornalista graduado e p\u00f3s graduado em Gest\u00e3o Ambiental e Qualidade de Vida e psicoterapeuta\",\"url\":\"https:\/\/www.pressenza.com\/pt-pt\/author\/guido-mendes\/\"}]}<\/script>\n<!-- \/ Yoast SEO plugin. -->","yoast_head_json":{"title":"O poder dos micr\u00f3bios na pol\u00edtica brasileira","description":"Precisamos urgentemente de um ant\u00eddoto para exterminar a amea\u00e7a de uma doen\u00e7a, que muitos pensavam estar extinta, mas que voltou com for\u00e7a total num pa\u00eds","robots":{"index":"index","follow":"follow","max-snippet":"max-snippet:-1","max-image-preview":"max-image-preview:large","max-video-preview":"max-video-preview:-1"},"canonical":"https:\/\/www.pressenza.com\/pt-pt\/2020\/05\/o-poder-dos-microbios-na-politica-brasileira\/","og_locale":"pt_PT","og_type":"article","og_title":"O poder dos micr\u00f3bios na pol\u00edtica brasileira","og_description":"Precisamos urgentemente de um ant\u00eddoto para exterminar a amea\u00e7a de uma doen\u00e7a, que muitos pensavam estar extinta, mas que voltou com for\u00e7a total num pa\u00eds","og_url":"https:\/\/www.pressenza.com\/pt-pt\/2020\/05\/o-poder-dos-microbios-na-politica-brasileira\/","og_site_name":"Pressenza","article_publisher":"https:\/\/www.facebook.com\/PressenzaItalia","article_published_time":"2020-05-28T23:00:38+00:00","og_image":[{"width":799,"height":451,"url":"https:\/\/www.pressenza.com\/wp-content\/uploads\/2020\/05\/pala\u0301cio-do-planalto.jpg","type":"image\/jpeg"}],"author":"Guido Mendes","twitter_card":"summary_large_image","twitter_creator":"@PressenzaIPA","twitter_site":"@PressenzaIPA","twitter_misc":{"Escrito por":"Guido Mendes","Tempo estimado de leitura":"7 minutos"},"schema":{"@context":"https:\/\/schema.org","@graph":[{"@type":"Article","@id":"https:\/\/www.pressenza.com\/pt-pt\/2020\/05\/o-poder-dos-microbios-na-politica-brasileira\/#article","isPartOf":{"@id":"https:\/\/www.pressenza.com\/pt-pt\/2020\/05\/o-poder-dos-microbios-na-politica-brasileira\/"},"author":{"name":"Guido Mendes","@id":"https:\/\/www.pressenza.com\/pt-pt\/#\/schema\/person\/67a606644b0edb6dfd60ade0e5aba169"},"headline":"O poder dos micr\u00f3bios na pol\u00edtica brasileira","datePublished":"2020-05-28T23:00:38+00:00","mainEntityOfPage":{"@id":"https:\/\/www.pressenza.com\/pt-pt\/2020\/05\/o-poder-dos-microbios-na-politica-brasileira\/"},"wordCount":1320,"publisher":{"@id":"https:\/\/www.pressenza.com\/pt-pt\/#organization"},"image":{"@id":"https:\/\/www.pressenza.com\/pt-pt\/2020\/05\/o-poder-dos-microbios-na-politica-brasileira\/#primaryimage"},"thumbnailUrl":"https:\/\/www.pressenza.com\/wp-content\/uploads\/2020\/05\/pala\u0301cio-do-planalto.jpg","keywords":["Bolsonaro","Brasil","COVID19","fascistas","microbios","pandemia","politica","STF"],"articleSection":["\u00c1m\u00e9rica do Sul","Opini\u00e3o","Pol\u00edtica"],"inLanguage":"pt-PT"},{"@type":"WebPage","@id":"https:\/\/www.pressenza.com\/pt-pt\/2020\/05\/o-poder-dos-microbios-na-politica-brasileira\/","url":"https:\/\/www.pressenza.com\/pt-pt\/2020\/05\/o-poder-dos-microbios-na-politica-brasileira\/","name":"O poder dos micr\u00f3bios na pol\u00edtica brasileira","isPartOf":{"@id":"https:\/\/www.pressenza.com\/pt-pt\/#website"},"primaryImageOfPage":{"@id":"https:\/\/www.pressenza.com\/pt-pt\/2020\/05\/o-poder-dos-microbios-na-politica-brasileira\/#primaryimage"},"image":{"@id":"https:\/\/www.pressenza.com\/pt-pt\/2020\/05\/o-poder-dos-microbios-na-politica-brasileira\/#primaryimage"},"thumbnailUrl":"https:\/\/www.pressenza.com\/wp-content\/uploads\/2020\/05\/pala\u0301cio-do-planalto.jpg","datePublished":"2020-05-28T23:00:38+00:00","description":"Precisamos urgentemente de um ant\u00eddoto para exterminar a amea\u00e7a de uma doen\u00e7a, que muitos pensavam estar extinta, mas que voltou com for\u00e7a total num pa\u00eds","breadcrumb":{"@id":"https:\/\/www.pressenza.com\/pt-pt\/2020\/05\/o-poder-dos-microbios-na-politica-brasileira\/#breadcrumb"},"inLanguage":"pt-PT","potentialAction":[{"@type":"ReadAction","target":["https:\/\/www.pressenza.com\/pt-pt\/2020\/05\/o-poder-dos-microbios-na-politica-brasileira\/"]}]},{"@type":"ImageObject","inLanguage":"pt-PT","@id":"https:\/\/www.pressenza.com\/pt-pt\/2020\/05\/o-poder-dos-microbios-na-politica-brasileira\/#primaryimage","url":"https:\/\/www.pressenza.com\/wp-content\/uploads\/2020\/05\/pala\u0301cio-do-planalto.jpg","contentUrl":"https:\/\/www.pressenza.com\/wp-content\/uploads\/2020\/05\/pala\u0301cio-do-planalto.jpg","width":799,"height":451},{"@type":"BreadcrumbList","@id":"https:\/\/www.pressenza.com\/pt-pt\/2020\/05\/o-poder-dos-microbios-na-politica-brasileira\/#breadcrumb","itemListElement":[{"@type":"ListItem","position":1,"name":"Accueil","item":"https:\/\/www.pressenza.com\/pt-pt\/"},{"@type":"ListItem","position":2,"name":"O poder dos micr\u00f3bios na pol\u00edtica brasileira"}]},{"@type":"WebSite","@id":"https:\/\/www.pressenza.com\/pt-pt\/#website","url":"https:\/\/www.pressenza.com\/pt-pt\/","name":"Pressenza","description":"International Press Agency","publisher":{"@id":"https:\/\/www.pressenza.com\/pt-pt\/#organization"},"potentialAction":[{"@type":"SearchAction","target":{"@type":"EntryPoint","urlTemplate":"https:\/\/www.pressenza.com\/pt-pt\/?s={search_term_string}"},"query-input":{"@type":"PropertyValueSpecification","valueRequired":true,"valueName":"search_term_string"}}],"inLanguage":"pt-PT"},{"@type":"Organization","@id":"https:\/\/www.pressenza.com\/pt-pt\/#organization","name":"Pressenza","url":"https:\/\/www.pressenza.com\/pt-pt\/","logo":{"@type":"ImageObject","inLanguage":"pt-PT","@id":"https:\/\/www.pressenza.com\/pt-pt\/#\/schema\/logo\/image\/","url":"https:\/\/www.pressenza.com\/wp-content\/uploads\/2022\/10\/pressenza_logo_200x200.jpg","contentUrl":"https:\/\/www.pressenza.com\/wp-content\/uploads\/2022\/10\/pressenza_logo_200x200.jpg","width":200,"height":200,"caption":"Pressenza"},"image":{"@id":"https:\/\/www.pressenza.com\/pt-pt\/#\/schema\/logo\/image\/"},"sameAs":["https:\/\/www.facebook.com\/PressenzaItalia","https:\/\/x.com\/PressenzaIPA"]},{"@type":"Person","@id":"https:\/\/www.pressenza.com\/pt-pt\/#\/schema\/person\/67a606644b0edb6dfd60ade0e5aba169","name":"Guido Mendes","description":"Jornalista graduado e p\u00f3s graduado em Gest\u00e3o Ambiental e Qualidade de Vida e psicoterapeuta","url":"https:\/\/www.pressenza.com\/pt-pt\/author\/guido-mendes\/"}]}},"place":"Rio de Janeiro, Brasil","original_article_url":"","_links":{"self":[{"href":"https:\/\/www.pressenza.com\/pt-pt\/wp-json\/wp\/v2\/posts\/1120302","targetHints":{"allow":["GET"]}}],"collection":[{"href":"https:\/\/www.pressenza.com\/pt-pt\/wp-json\/wp\/v2\/posts"}],"about":[{"href":"https:\/\/www.pressenza.com\/pt-pt\/wp-json\/wp\/v2\/types\/post"}],"author":[{"embeddable":true,"href":"https:\/\/www.pressenza.com\/pt-pt\/wp-json\/wp\/v2\/users\/1816"}],"replies":[{"embeddable":true,"href":"https:\/\/www.pressenza.com\/pt-pt\/wp-json\/wp\/v2\/comments?post=1120302"}],"version-history":[{"count":0,"href":"https:\/\/www.pressenza.com\/pt-pt\/wp-json\/wp\/v2\/posts\/1120302\/revisions"}],"wp:featuredmedia":[{"embeddable":true,"href":"https:\/\/www.pressenza.com\/pt-pt\/wp-json\/wp\/v2\/media\/1120305"}],"wp:attachment":[{"href":"https:\/\/www.pressenza.com\/pt-pt\/wp-json\/wp\/v2\/media?parent=1120302"}],"wp:term":[{"taxonomy":"category","embeddable":true,"href":"https:\/\/www.pressenza.com\/pt-pt\/wp-json\/wp\/v2\/categories?post=1120302"},{"taxonomy":"post_tag","embeddable":true,"href":"https:\/\/www.pressenza.com\/pt-pt\/wp-json\/wp\/v2\/tags?post=1120302"}],"curies":[{"name":"wp","href":"https:\/\/api.w.org\/{rel}","templated":true}]}}