{"id":1119741,"date":"2020-05-28T03:07:47","date_gmt":"2020-05-28T02:07:47","guid":{"rendered":"https:\/\/www.pressenza.com\/?p=1119741"},"modified":"2020-05-28T03:07:47","modified_gmt":"2020-05-28T02:07:47","slug":"eu-nao-consigo-respirar-milhares-de-pessoas-tomam-as-ruas-para-exigir-justica-por-george-floyd","status":"publish","type":"post","link":"https:\/\/www.pressenza.com\/pt-pt\/2020\/05\/eu-nao-consigo-respirar-milhares-de-pessoas-tomam-as-ruas-para-exigir-justica-por-george-floyd\/","title":{"rendered":"\u2018Eu n\u00e3o consigo respirar\u2019: Milhares de pessoas tomam as ruas para exigir justi\u00e7a por George Floyd"},"content":{"rendered":"<p><em>Por<strong> Um Pr\u00edncipe do Gueto \/@principedgueto<\/strong><\/em><\/p>\n<p>Ap\u00f3s um v\u00eddeo ser publicado nas redes sociais na \u00faltima segunda feira, 25, o qual mostra um policial ajoelhado no pesco\u00e7o de um homem negro por v\u00e1rios minutos at\u00e9 mat\u00e1-lo asfixiado, milhares de pessoas sa\u00edram \u00e0s ruas de Minneapolis nesta ter\u00e7a-feira, 26, para protestar contra o assassinato de George Floyd.<\/p>\n<p>Durante o protesto de ontem (26), os manifestantes entraram em conflito com a pol\u00edcia. Em imagens publicadas na internet, \u00e9 poss\u00edvel ver viaturas sendo atacadas e a pol\u00edcia usando g\u00e1s de pimenta contra as pessoas. Houve caos e depreda\u00e7\u00f5es na cidade, segundo a rede de TV CBS.<\/p>\n<p>\u201cEstamos aqui para que eles saibam que isso n\u00e3o pode ser tolerado; haver\u00e1 graves consequ\u00eancias se eles continuarem nos matando, isso n\u00e3o acontecer\u00e1 mais um dia\u201d, disse um manifestante em entrevista \u00e0 CBS.<\/p>\n<p>\u201cEles o trataram pior do que tratam os animais\u201d, disse Philonise Floyd, irm\u00e3o de Floyd.<\/p>\n<p>Os pais de George Floyd, disseram \u00e0 CNN que os policiais devem ser acusados de \u201cassassinato\u201d. O candidato \u00e0 presid\u00eancia dos Estados Unidos, Joe Biden, disse hoje que \u201cos policiais devem ser totalmente responsabilizados.\u201d Os quatros policiais envolvidos no caso foram demitido ontem pelo prefeito de Minneapolis.<\/p>\n<div id=\"attachment_1119677\" class=\"wp-caption alignnone\"><img loading=\"lazy\" decoding=\"async\" aria-describedby=\"caption-attachment-1119677\" class=\"wp-image-1119677 size-full\" src=\"https:\/\/www.pressenza.com\/wp-content\/uploads\/2020\/05\/fibonacci-blue1.jpg\" alt=\"\" width=\"1024\" height=\"576\" srcset=\"https:\/\/www.pressenza.com\/wp-content\/uploads\/2020\/05\/fibonacci-blue1.jpg 1024w, https:\/\/www.pressenza.com\/wp-content\/uploads\/2020\/05\/fibonacci-blue1-300x169.jpg 300w, https:\/\/www.pressenza.com\/wp-content\/uploads\/2020\/05\/fibonacci-blue1-720x405.jpg 720w, https:\/\/www.pressenza.com\/wp-content\/uploads\/2020\/05\/fibonacci-blue1-768x432.jpg 768w, https:\/\/www.pressenza.com\/wp-content\/uploads\/2020\/05\/fibonacci-blue1-750x422.jpg 750w\" sizes=\"auto, (max-width: 1024px) 100vw, 1024px\" \/><p id=\"caption-attachment-1119677\" class=\"wp-caption-text\">Foto Fibonacci Blue<\/p><\/div>\n<div id=\"attachment_1119727\" class=\"wp-caption alignnone\"><img loading=\"lazy\" decoding=\"async\" aria-describedby=\"caption-attachment-1119727\" class=\"wp-image-1119727 size-full\" src=\"https:\/\/www.pressenza.com\/wp-content\/uploads\/2020\/05\/fibonacci-blue.jpg\" alt=\"\" width=\"1024\" height=\"576\" srcset=\"https:\/\/www.pressenza.com\/wp-content\/uploads\/2020\/05\/fibonacci-blue.jpg 1024w, https:\/\/www.pressenza.com\/wp-content\/uploads\/2020\/05\/fibonacci-blue-300x169.jpg 300w, https:\/\/www.pressenza.com\/wp-content\/uploads\/2020\/05\/fibonacci-blue-720x405.jpg 720w, https:\/\/www.pressenza.com\/wp-content\/uploads\/2020\/05\/fibonacci-blue-768x432.jpg 768w, https:\/\/www.pressenza.com\/wp-content\/uploads\/2020\/05\/fibonacci-blue-750x422.jpg 750w\" sizes=\"auto, (max-width: 1024px) 100vw, 1024px\" \/><p id=\"caption-attachment-1119727\" class=\"wp-caption-text\">Foto Fibonacci Blue<\/p><\/div>\n<div id=\"attachment_1119717\" class=\"wp-caption alignnone\"><img loading=\"lazy\" decoding=\"async\" aria-describedby=\"caption-attachment-1119717\" class=\"wp-image-1119717 size-full\" src=\"https:\/\/www.pressenza.com\/wp-content\/uploads\/2020\/05\/fibonacci-blue2.jpg\" alt=\"\" width=\"1024\" height=\"576\" srcset=\"https:\/\/www.pressenza.com\/wp-content\/uploads\/2020\/05\/fibonacci-blue2.jpg 1024w, https:\/\/www.pressenza.com\/wp-content\/uploads\/2020\/05\/fibonacci-blue2-300x169.jpg 300w, https:\/\/www.pressenza.com\/wp-content\/uploads\/2020\/05\/fibonacci-blue2-720x405.jpg 720w, https:\/\/www.pressenza.com\/wp-content\/uploads\/2020\/05\/fibonacci-blue2-768x432.jpg 768w, https:\/\/www.pressenza.com\/wp-content\/uploads\/2020\/05\/fibonacci-blue2-750x422.jpg 750w\" sizes=\"auto, (max-width: 1024px) 100vw, 1024px\" \/><p id=\"caption-attachment-1119717\" class=\"wp-caption-text\">Foto Fibonacci Blue<\/p><\/div>\n<div id=\"attachment_1119707\" class=\"wp-caption alignnone\"><img loading=\"lazy\" decoding=\"async\" aria-describedby=\"caption-attachment-1119707\" class=\"wp-image-1119707 size-full\" src=\"https:\/\/www.pressenza.com\/wp-content\/uploads\/2020\/05\/fibonacci-blue3.jpg\" alt=\"\" width=\"1024\" height=\"576\" srcset=\"https:\/\/www.pressenza.com\/wp-content\/uploads\/2020\/05\/fibonacci-blue3.jpg 1024w, https:\/\/www.pressenza.com\/wp-content\/uploads\/2020\/05\/fibonacci-blue3-300x169.jpg 300w, https:\/\/www.pressenza.com\/wp-content\/uploads\/2020\/05\/fibonacci-blue3-720x405.jpg 720w, https:\/\/www.pressenza.com\/wp-content\/uploads\/2020\/05\/fibonacci-blue3-768x432.jpg 768w, https:\/\/www.pressenza.com\/wp-content\/uploads\/2020\/05\/fibonacci-blue3-750x422.jpg 750w\" sizes=\"auto, (max-width: 1024px) 100vw, 1024px\" \/><p id=\"caption-attachment-1119707\" class=\"wp-caption-text\">Foto Fibonacci Blue<\/p><\/div>\n<div id=\"attachment_1119697\" class=\"wp-caption alignnone\"><img loading=\"lazy\" decoding=\"async\" aria-describedby=\"caption-attachment-1119697\" class=\"wp-image-1119697 size-full\" src=\"https:\/\/www.pressenza.com\/wp-content\/uploads\/2020\/05\/fibonacci-blue4.jpg\" alt=\"\" width=\"1024\" height=\"576\" srcset=\"https:\/\/www.pressenza.com\/wp-content\/uploads\/2020\/05\/fibonacci-blue4.jpg 1024w, https:\/\/www.pressenza.com\/wp-content\/uploads\/2020\/05\/fibonacci-blue4-300x169.jpg 300w, https:\/\/www.pressenza.com\/wp-content\/uploads\/2020\/05\/fibonacci-blue4-720x405.jpg 720w, https:\/\/www.pressenza.com\/wp-content\/uploads\/2020\/05\/fibonacci-blue4-768x432.jpg 768w, https:\/\/www.pressenza.com\/wp-content\/uploads\/2020\/05\/fibonacci-blue4-750x422.jpg 750w\" sizes=\"auto, (max-width: 1024px) 100vw, 1024px\" \/><p id=\"caption-attachment-1119697\" class=\"wp-caption-text\">Foto Fibonacci Blue<\/p><\/div>\n","protected":false},"excerpt":{"rendered":"<p>Por Um Pr\u00edncipe do Gueto \/@principedgueto Ap\u00f3s um v\u00eddeo ser publicado nas redes sociais na \u00faltima segunda feira, 25, o qual mostra um policial ajoelhado no pesco\u00e7o de um homem negro por v\u00e1rios minutos at\u00e9 mat\u00e1-lo asfixiado, milhares de pessoas&hellip;<\/p>\n","protected":false},"author":1225,"featured_media":1119675,"comment_status":"closed","ping_status":"closed","sticky":false,"template":"","format":"standard","meta":{"footnotes":""},"categories":[105,116,1255],"tags":[76349,63809,76350],"class_list":["post-1119741","post","type-post","status-publish","format-standard","has-post-thumbnail","hentry","category-america-do-norte","category-direitos-humanos","category-diversidade","tag-racismoecrime-pt-pt","tag-eua-pt-pt-6","tag-george-floyd-pt-pt"],"yoast_head":"<!-- This site is optimized with the Yoast SEO plugin v27.1.1 - https:\/\/yoast.com\/product\/yoast-seo-wordpress\/ -->\n<title>\u2018Eu n\u00e3o consigo respirar\u2019: Milhares de pessoas tomam as ruas para exigir justi\u00e7a por George Floyd<\/title>\n<meta name=\"description\" content=\"Por Um Pr\u00edncipe do Gueto \/@principedgueto Ap\u00f3s um v\u00eddeo ser publicado nas redes sociais na \u00faltima segunda feira, 25, o qual mostra um policial ajoelhado\" \/>\n<meta name=\"robots\" content=\"index, follow, max-snippet:-1, max-image-preview:large, max-video-preview:-1\" \/>\n<link rel=\"canonical\" href=\"https:\/\/www.pressenza.com\/pt-pt\/2020\/05\/eu-nao-consigo-respirar-milhares-de-pessoas-tomam-as-ruas-para-exigir-justica-por-george-floyd\/\" \/>\n<meta property=\"og:locale\" content=\"pt_PT\" \/>\n<meta property=\"og:type\" content=\"article\" \/>\n<meta property=\"og:title\" content=\"\u2018Eu n\u00e3o consigo respirar\u2019: Milhares de pessoas tomam as ruas para exigir justi\u00e7a por George Floyd\" \/>\n<meta property=\"og:description\" content=\"Por Um Pr\u00edncipe do Gueto \/@principedgueto Ap\u00f3s um v\u00eddeo ser publicado nas redes sociais na \u00faltima segunda feira, 25, o qual mostra um policial ajoelhado\" \/>\n<meta property=\"og:url\" content=\"https:\/\/www.pressenza.com\/pt-pt\/2020\/05\/eu-nao-consigo-respirar-milhares-de-pessoas-tomam-as-ruas-para-exigir-justica-por-george-floyd\/\" \/>\n<meta property=\"og:site_name\" content=\"Pressenza\" \/>\n<meta property=\"article:publisher\" content=\"https:\/\/www.facebook.com\/PressenzaItalia\" \/>\n<meta property=\"article:author\" content=\"https:\/\/www.facebook.com\/MidiaNINJA\/\" \/>\n<meta property=\"article:published_time\" content=\"2020-05-28T02:07:47+00:00\" \/>\n<meta property=\"og:image\" content=\"https:\/\/www.pressenza.com\/wp-content\/uploads\/2020\/05\/racismo-Dayse-Gomis2.jpg\" \/>\n\t<meta property=\"og:image:width\" content=\"920\" \/>\n\t<meta property=\"og:image:height\" content=\"639\" \/>\n\t<meta property=\"og:image:type\" content=\"image\/jpeg\" \/>\n<meta name=\"author\" content=\"M\u00eddia NINJA\" \/>\n<meta name=\"twitter:card\" content=\"summary_large_image\" \/>\n<meta name=\"twitter:creator\" content=\"@PressenzaIPA\" \/>\n<meta name=\"twitter:site\" content=\"@PressenzaIPA\" \/>\n<meta name=\"twitter:label1\" content=\"Escrito por\" \/>\n\t<meta name=\"twitter:data1\" content=\"M\u00eddia NINJA\" \/>\n\t<meta name=\"twitter:label2\" content=\"Tempo estimado de leitura\" \/>\n\t<meta name=\"twitter:data2\" content=\"1 minuto\" \/>\n<script type=\"application\/ld+json\" class=\"yoast-schema-graph\">{\"@context\":\"https:\/\/schema.org\",\"@graph\":[{\"@type\":\"Article\",\"@id\":\"https:\/\/www.pressenza.com\/pt-pt\/2020\/05\/eu-nao-consigo-respirar-milhares-de-pessoas-tomam-as-ruas-para-exigir-justica-por-george-floyd\/#article\",\"isPartOf\":{\"@id\":\"https:\/\/www.pressenza.com\/pt-pt\/2020\/05\/eu-nao-consigo-respirar-milhares-de-pessoas-tomam-as-ruas-para-exigir-justica-por-george-floyd\/\"},\"author\":{\"name\":\"M\u00eddia NINJA\",\"@id\":\"https:\/\/www.pressenza.com\/pt-pt\/#\/schema\/person\/61b235dea98d4f5f651cc1bd138a88bf\"},\"headline\":\"\u2018Eu n\u00e3o consigo respirar\u2019: Milhares de pessoas tomam as ruas para exigir justi\u00e7a por George Floyd\",\"datePublished\":\"2020-05-28T02:07:47+00:00\",\"mainEntityOfPage\":{\"@id\":\"https:\/\/www.pressenza.com\/pt-pt\/2020\/05\/eu-nao-consigo-respirar-milhares-de-pessoas-tomam-as-ruas-para-exigir-justica-por-george-floyd\/\"},\"wordCount\":277,\"publisher\":{\"@id\":\"https:\/\/www.pressenza.com\/pt-pt\/#organization\"},\"image\":{\"@id\":\"https:\/\/www.pressenza.com\/pt-pt\/2020\/05\/eu-nao-consigo-respirar-milhares-de-pessoas-tomam-as-ruas-para-exigir-justica-por-george-floyd\/#primaryimage\"},\"thumbnailUrl\":\"https:\/\/www.pressenza.com\/wp-content\/uploads\/2020\/05\/racismo-Dayse-Gomis2.jpg\",\"keywords\":[\"#racismoecrime\",\"EUA\",\"George Floyd\"],\"articleSection\":[\"Am\u00e9rica do Norte\",\"Direitos Humanos\",\"Diversidade\"],\"inLanguage\":\"pt-PT\"},{\"@type\":\"WebPage\",\"@id\":\"https:\/\/www.pressenza.com\/pt-pt\/2020\/05\/eu-nao-consigo-respirar-milhares-de-pessoas-tomam-as-ruas-para-exigir-justica-por-george-floyd\/\",\"url\":\"https:\/\/www.pressenza.com\/pt-pt\/2020\/05\/eu-nao-consigo-respirar-milhares-de-pessoas-tomam-as-ruas-para-exigir-justica-por-george-floyd\/\",\"name\":\"\u2018Eu n\u00e3o consigo respirar\u2019: Milhares de pessoas tomam as ruas para exigir justi\u00e7a por George Floyd\",\"isPartOf\":{\"@id\":\"https:\/\/www.pressenza.com\/pt-pt\/#website\"},\"primaryImageOfPage\":{\"@id\":\"https:\/\/www.pressenza.com\/pt-pt\/2020\/05\/eu-nao-consigo-respirar-milhares-de-pessoas-tomam-as-ruas-para-exigir-justica-por-george-floyd\/#primaryimage\"},\"image\":{\"@id\":\"https:\/\/www.pressenza.com\/pt-pt\/2020\/05\/eu-nao-consigo-respirar-milhares-de-pessoas-tomam-as-ruas-para-exigir-justica-por-george-floyd\/#primaryimage\"},\"thumbnailUrl\":\"https:\/\/www.pressenza.com\/wp-content\/uploads\/2020\/05\/racismo-Dayse-Gomis2.jpg\",\"datePublished\":\"2020-05-28T02:07:47+00:00\",\"description\":\"Por Um Pr\u00edncipe do Gueto \/@principedgueto Ap\u00f3s um v\u00eddeo ser publicado nas redes sociais na \u00faltima segunda feira, 25, o qual mostra um policial ajoelhado\",\"breadcrumb\":{\"@id\":\"https:\/\/www.pressenza.com\/pt-pt\/2020\/05\/eu-nao-consigo-respirar-milhares-de-pessoas-tomam-as-ruas-para-exigir-justica-por-george-floyd\/#breadcrumb\"},\"inLanguage\":\"pt-PT\",\"potentialAction\":[{\"@type\":\"ReadAction\",\"target\":[\"https:\/\/www.pressenza.com\/pt-pt\/2020\/05\/eu-nao-consigo-respirar-milhares-de-pessoas-tomam-as-ruas-para-exigir-justica-por-george-floyd\/\"]}]},{\"@type\":\"ImageObject\",\"inLanguage\":\"pt-PT\",\"@id\":\"https:\/\/www.pressenza.com\/pt-pt\/2020\/05\/eu-nao-consigo-respirar-milhares-de-pessoas-tomam-as-ruas-para-exigir-justica-por-george-floyd\/#primaryimage\",\"url\":\"https:\/\/www.pressenza.com\/wp-content\/uploads\/2020\/05\/racismo-Dayse-Gomis2.jpg\",\"contentUrl\":\"https:\/\/www.pressenza.com\/wp-content\/uploads\/2020\/05\/racismo-Dayse-Gomis2.jpg\",\"width\":920,\"height\":639},{\"@type\":\"BreadcrumbList\",\"@id\":\"https:\/\/www.pressenza.com\/pt-pt\/2020\/05\/eu-nao-consigo-respirar-milhares-de-pessoas-tomam-as-ruas-para-exigir-justica-por-george-floyd\/#breadcrumb\",\"itemListElement\":[{\"@type\":\"ListItem\",\"position\":1,\"name\":\"Accueil\",\"item\":\"https:\/\/www.pressenza.com\/pt-pt\/\"},{\"@type\":\"ListItem\",\"position\":2,\"name\":\"\u2018Eu n\u00e3o consigo respirar\u2019: Milhares de pessoas tomam as ruas para exigir justi\u00e7a por George Floyd\"}]},{\"@type\":\"WebSite\",\"@id\":\"https:\/\/www.pressenza.com\/pt-pt\/#website\",\"url\":\"https:\/\/www.pressenza.com\/pt-pt\/\",\"name\":\"Pressenza\",\"description\":\"International Press Agency\",\"publisher\":{\"@id\":\"https:\/\/www.pressenza.com\/pt-pt\/#organization\"},\"potentialAction\":[{\"@type\":\"SearchAction\",\"target\":{\"@type\":\"EntryPoint\",\"urlTemplate\":\"https:\/\/www.pressenza.com\/pt-pt\/?s={search_term_string}\"},\"query-input\":{\"@type\":\"PropertyValueSpecification\",\"valueRequired\":true,\"valueName\":\"search_term_string\"}}],\"inLanguage\":\"pt-PT\"},{\"@type\":\"Organization\",\"@id\":\"https:\/\/www.pressenza.com\/pt-pt\/#organization\",\"name\":\"Pressenza\",\"url\":\"https:\/\/www.pressenza.com\/pt-pt\/\",\"logo\":{\"@type\":\"ImageObject\",\"inLanguage\":\"pt-PT\",\"@id\":\"https:\/\/www.pressenza.com\/pt-pt\/#\/schema\/logo\/image\/\",\"url\":\"https:\/\/www.pressenza.com\/wp-content\/uploads\/2022\/10\/pressenza_logo_200x200.jpg\",\"contentUrl\":\"https:\/\/www.pressenza.com\/wp-content\/uploads\/2022\/10\/pressenza_logo_200x200.jpg\",\"width\":200,\"height\":200,\"caption\":\"Pressenza\"},\"image\":{\"@id\":\"https:\/\/www.pressenza.com\/pt-pt\/#\/schema\/logo\/image\/\"},\"sameAs\":[\"https:\/\/www.facebook.com\/PressenzaItalia\",\"https:\/\/x.com\/PressenzaIPA\"]},{\"@type\":\"Person\",\"@id\":\"https:\/\/www.pressenza.com\/pt-pt\/#\/schema\/person\/61b235dea98d4f5f651cc1bd138a88bf\",\"name\":\"M\u00eddia NINJA\",\"description\":\"Narrativas independentes, jornalismo e a\u00e7\u00e3o. Uma rede de comunicadores que produzem e distribuem informa\u00e7\u00f5es sobre o movimento, atuando e comunicando. https:\/\/midianinja.org\/\",\"sameAs\":[\"https:\/\/midianinja.org\/\",\"https:\/\/www.facebook.com\/MidiaNINJA\/\"],\"url\":\"https:\/\/www.pressenza.com\/pt-pt\/author\/media-ninja\/\"}]}<\/script>\n<!-- \/ Yoast SEO plugin. -->","yoast_head_json":{"title":"\u2018Eu n\u00e3o consigo respirar\u2019: Milhares de pessoas tomam as ruas para exigir justi\u00e7a por George Floyd","description":"Por Um Pr\u00edncipe do Gueto \/@principedgueto Ap\u00f3s um v\u00eddeo ser publicado nas redes sociais na \u00faltima segunda feira, 25, o qual mostra um policial ajoelhado","robots":{"index":"index","follow":"follow","max-snippet":"max-snippet:-1","max-image-preview":"max-image-preview:large","max-video-preview":"max-video-preview:-1"},"canonical":"https:\/\/www.pressenza.com\/pt-pt\/2020\/05\/eu-nao-consigo-respirar-milhares-de-pessoas-tomam-as-ruas-para-exigir-justica-por-george-floyd\/","og_locale":"pt_PT","og_type":"article","og_title":"\u2018Eu n\u00e3o consigo respirar\u2019: Milhares de pessoas tomam as ruas para exigir justi\u00e7a por George Floyd","og_description":"Por Um Pr\u00edncipe do Gueto \/@principedgueto Ap\u00f3s um v\u00eddeo ser publicado nas redes sociais na \u00faltima segunda feira, 25, o qual mostra um policial ajoelhado","og_url":"https:\/\/www.pressenza.com\/pt-pt\/2020\/05\/eu-nao-consigo-respirar-milhares-de-pessoas-tomam-as-ruas-para-exigir-justica-por-george-floyd\/","og_site_name":"Pressenza","article_publisher":"https:\/\/www.facebook.com\/PressenzaItalia","article_author":"https:\/\/www.facebook.com\/MidiaNINJA\/","article_published_time":"2020-05-28T02:07:47+00:00","og_image":[{"width":920,"height":639,"url":"https:\/\/www.pressenza.com\/wp-content\/uploads\/2020\/05\/racismo-Dayse-Gomis2.jpg","type":"image\/jpeg"}],"author":"M\u00eddia NINJA","twitter_card":"summary_large_image","twitter_creator":"@PressenzaIPA","twitter_site":"@PressenzaIPA","twitter_misc":{"Escrito por":"M\u00eddia NINJA","Tempo estimado de leitura":"1 minuto"},"schema":{"@context":"https:\/\/schema.org","@graph":[{"@type":"Article","@id":"https:\/\/www.pressenza.com\/pt-pt\/2020\/05\/eu-nao-consigo-respirar-milhares-de-pessoas-tomam-as-ruas-para-exigir-justica-por-george-floyd\/#article","isPartOf":{"@id":"https:\/\/www.pressenza.com\/pt-pt\/2020\/05\/eu-nao-consigo-respirar-milhares-de-pessoas-tomam-as-ruas-para-exigir-justica-por-george-floyd\/"},"author":{"name":"M\u00eddia NINJA","@id":"https:\/\/www.pressenza.com\/pt-pt\/#\/schema\/person\/61b235dea98d4f5f651cc1bd138a88bf"},"headline":"\u2018Eu n\u00e3o consigo respirar\u2019: Milhares de pessoas tomam as ruas para exigir justi\u00e7a por George Floyd","datePublished":"2020-05-28T02:07:47+00:00","mainEntityOfPage":{"@id":"https:\/\/www.pressenza.com\/pt-pt\/2020\/05\/eu-nao-consigo-respirar-milhares-de-pessoas-tomam-as-ruas-para-exigir-justica-por-george-floyd\/"},"wordCount":277,"publisher":{"@id":"https:\/\/www.pressenza.com\/pt-pt\/#organization"},"image":{"@id":"https:\/\/www.pressenza.com\/pt-pt\/2020\/05\/eu-nao-consigo-respirar-milhares-de-pessoas-tomam-as-ruas-para-exigir-justica-por-george-floyd\/#primaryimage"},"thumbnailUrl":"https:\/\/www.pressenza.com\/wp-content\/uploads\/2020\/05\/racismo-Dayse-Gomis2.jpg","keywords":["#racismoecrime","EUA","George Floyd"],"articleSection":["Am\u00e9rica do Norte","Direitos Humanos","Diversidade"],"inLanguage":"pt-PT"},{"@type":"WebPage","@id":"https:\/\/www.pressenza.com\/pt-pt\/2020\/05\/eu-nao-consigo-respirar-milhares-de-pessoas-tomam-as-ruas-para-exigir-justica-por-george-floyd\/","url":"https:\/\/www.pressenza.com\/pt-pt\/2020\/05\/eu-nao-consigo-respirar-milhares-de-pessoas-tomam-as-ruas-para-exigir-justica-por-george-floyd\/","name":"\u2018Eu n\u00e3o consigo respirar\u2019: Milhares de pessoas tomam as ruas para exigir justi\u00e7a por George Floyd","isPartOf":{"@id":"https:\/\/www.pressenza.com\/pt-pt\/#website"},"primaryImageOfPage":{"@id":"https:\/\/www.pressenza.com\/pt-pt\/2020\/05\/eu-nao-consigo-respirar-milhares-de-pessoas-tomam-as-ruas-para-exigir-justica-por-george-floyd\/#primaryimage"},"image":{"@id":"https:\/\/www.pressenza.com\/pt-pt\/2020\/05\/eu-nao-consigo-respirar-milhares-de-pessoas-tomam-as-ruas-para-exigir-justica-por-george-floyd\/#primaryimage"},"thumbnailUrl":"https:\/\/www.pressenza.com\/wp-content\/uploads\/2020\/05\/racismo-Dayse-Gomis2.jpg","datePublished":"2020-05-28T02:07:47+00:00","description":"Por Um Pr\u00edncipe do Gueto \/@principedgueto Ap\u00f3s um v\u00eddeo ser publicado nas redes sociais na \u00faltima segunda feira, 25, o qual mostra um policial ajoelhado","breadcrumb":{"@id":"https:\/\/www.pressenza.com\/pt-pt\/2020\/05\/eu-nao-consigo-respirar-milhares-de-pessoas-tomam-as-ruas-para-exigir-justica-por-george-floyd\/#breadcrumb"},"inLanguage":"pt-PT","potentialAction":[{"@type":"ReadAction","target":["https:\/\/www.pressenza.com\/pt-pt\/2020\/05\/eu-nao-consigo-respirar-milhares-de-pessoas-tomam-as-ruas-para-exigir-justica-por-george-floyd\/"]}]},{"@type":"ImageObject","inLanguage":"pt-PT","@id":"https:\/\/www.pressenza.com\/pt-pt\/2020\/05\/eu-nao-consigo-respirar-milhares-de-pessoas-tomam-as-ruas-para-exigir-justica-por-george-floyd\/#primaryimage","url":"https:\/\/www.pressenza.com\/wp-content\/uploads\/2020\/05\/racismo-Dayse-Gomis2.jpg","contentUrl":"https:\/\/www.pressenza.com\/wp-content\/uploads\/2020\/05\/racismo-Dayse-Gomis2.jpg","width":920,"height":639},{"@type":"BreadcrumbList","@id":"https:\/\/www.pressenza.com\/pt-pt\/2020\/05\/eu-nao-consigo-respirar-milhares-de-pessoas-tomam-as-ruas-para-exigir-justica-por-george-floyd\/#breadcrumb","itemListElement":[{"@type":"ListItem","position":1,"name":"Accueil","item":"https:\/\/www.pressenza.com\/pt-pt\/"},{"@type":"ListItem","position":2,"name":"\u2018Eu n\u00e3o consigo respirar\u2019: Milhares de pessoas tomam as ruas para exigir justi\u00e7a por George Floyd"}]},{"@type":"WebSite","@id":"https:\/\/www.pressenza.com\/pt-pt\/#website","url":"https:\/\/www.pressenza.com\/pt-pt\/","name":"Pressenza","description":"International Press Agency","publisher":{"@id":"https:\/\/www.pressenza.com\/pt-pt\/#organization"},"potentialAction":[{"@type":"SearchAction","target":{"@type":"EntryPoint","urlTemplate":"https:\/\/www.pressenza.com\/pt-pt\/?s={search_term_string}"},"query-input":{"@type":"PropertyValueSpecification","valueRequired":true,"valueName":"search_term_string"}}],"inLanguage":"pt-PT"},{"@type":"Organization","@id":"https:\/\/www.pressenza.com\/pt-pt\/#organization","name":"Pressenza","url":"https:\/\/www.pressenza.com\/pt-pt\/","logo":{"@type":"ImageObject","inLanguage":"pt-PT","@id":"https:\/\/www.pressenza.com\/pt-pt\/#\/schema\/logo\/image\/","url":"https:\/\/www.pressenza.com\/wp-content\/uploads\/2022\/10\/pressenza_logo_200x200.jpg","contentUrl":"https:\/\/www.pressenza.com\/wp-content\/uploads\/2022\/10\/pressenza_logo_200x200.jpg","width":200,"height":200,"caption":"Pressenza"},"image":{"@id":"https:\/\/www.pressenza.com\/pt-pt\/#\/schema\/logo\/image\/"},"sameAs":["https:\/\/www.facebook.com\/PressenzaItalia","https:\/\/x.com\/PressenzaIPA"]},{"@type":"Person","@id":"https:\/\/www.pressenza.com\/pt-pt\/#\/schema\/person\/61b235dea98d4f5f651cc1bd138a88bf","name":"M\u00eddia NINJA","description":"Narrativas independentes, jornalismo e a\u00e7\u00e3o. Uma rede de comunicadores que produzem e distribuem informa\u00e7\u00f5es sobre o movimento, atuando e comunicando. https:\/\/midianinja.org\/","sameAs":["https:\/\/midianinja.org\/","https:\/\/www.facebook.com\/MidiaNINJA\/"],"url":"https:\/\/www.pressenza.com\/pt-pt\/author\/media-ninja\/"}]}},"place":"Rio de Janeiro, Brasil","original_article_url":"https:\/\/midianinja.org\/news\/eu-nao-consigo-respirar-milhares-de-pessoas-tomam-as-ruas-para-exigir-justica-por-george-floyd\/","_links":{"self":[{"href":"https:\/\/www.pressenza.com\/pt-pt\/wp-json\/wp\/v2\/posts\/1119741","targetHints":{"allow":["GET"]}}],"collection":[{"href":"https:\/\/www.pressenza.com\/pt-pt\/wp-json\/wp\/v2\/posts"}],"about":[{"href":"https:\/\/www.pressenza.com\/pt-pt\/wp-json\/wp\/v2\/types\/post"}],"author":[{"embeddable":true,"href":"https:\/\/www.pressenza.com\/pt-pt\/wp-json\/wp\/v2\/users\/1225"}],"replies":[{"embeddable":true,"href":"https:\/\/www.pressenza.com\/pt-pt\/wp-json\/wp\/v2\/comments?post=1119741"}],"version-history":[{"count":0,"href":"https:\/\/www.pressenza.com\/pt-pt\/wp-json\/wp\/v2\/posts\/1119741\/revisions"}],"wp:featuredmedia":[{"embeddable":true,"href":"https:\/\/www.pressenza.com\/pt-pt\/wp-json\/wp\/v2\/media\/1119675"}],"wp:attachment":[{"href":"https:\/\/www.pressenza.com\/pt-pt\/wp-json\/wp\/v2\/media?parent=1119741"}],"wp:term":[{"taxonomy":"category","embeddable":true,"href":"https:\/\/www.pressenza.com\/pt-pt\/wp-json\/wp\/v2\/categories?post=1119741"},{"taxonomy":"post_tag","embeddable":true,"href":"https:\/\/www.pressenza.com\/pt-pt\/wp-json\/wp\/v2\/tags?post=1119741"}],"curies":[{"name":"wp","href":"https:\/\/api.w.org\/{rel}","templated":true}]}}