{"id":1114977,"date":"2020-05-24T03:55:44","date_gmt":"2020-05-24T02:55:44","guid":{"rendered":"https:\/\/www.pressenza.com\/?p=1114977"},"modified":"2020-05-24T02:14:01","modified_gmt":"2020-05-24T01:14:01","slug":"conotacao-feliz","status":"publish","type":"post","link":"https:\/\/www.pressenza.com\/pt-pt\/2020\/05\/conotacao-feliz\/","title":{"rendered":"Conota\u00e7\u00e3o feliz"},"content":{"rendered":"<h5><span style=\"color: #999999;\">POEMA<\/span><\/h5>\n<p>&nbsp;<\/p>\n<p>&nbsp;<\/p>\n<p>O melhor poeta<\/p>\n<p>N\u00e3o \u00e9 o solit\u00e1rio,<\/p>\n<p>Nem o sofredor, absoluto,<\/p>\n<p>Que dilacera a vida pr\u00f3pria<\/p>\n<p>Em busca de inspira\u00e7\u00e3o. N\u00e3o.<\/p>\n<p>O melhor poeta<\/p>\n<p>Tem um porto de esperan\u00e7a no cora\u00e7\u00e3o<\/p>\n<p>E luta, vigorosamente, pela vida<\/p>\n<p>E pela exist\u00eancia da Vida.<\/p>\n<p>Um poeta, \u00e0s vezes,<\/p>\n<p>N\u00e3o \u00e9 aquele que escreve, e sim,<\/p>\n<p>Aquele que redefine a poesia<\/p>\n<p>Atrav\u00e9s de atitudes.<\/p>\n<p>Que grita quando todos calam!<\/p>\n<p>E acompanha a prociss\u00e3o da liberdade&#8230;<\/p>\n<p>Poetas participam.<\/p>\n<p>N\u00e3o se excluem da responsabilidade de participar,<\/p>\n<p>J\u00e1 que, como homens da arte,<\/p>\n<p>Possuem a virtude de dar \u00e0 responsabilidade<\/p>\n<p>Uma conota\u00e7\u00e3o feliz.<\/p>\n<p>Portanto, s\u00e3o construtores, oper\u00e1rios, amigos, fi\u00e9is&#8230;<\/p>\n<p>E como poetas: construtores amigos, oper\u00e1rios fi\u00e9is&#8230;<\/p>\n<p>Poetas, enfim.<\/p>\n","protected":false},"excerpt":{"rendered":"<p>POEMA &nbsp; &nbsp; O melhor poeta N\u00e3o \u00e9 o solit\u00e1rio, Nem o sofredor, absoluto, Que dilacera a vida pr\u00f3pria Em busca de inspira\u00e7\u00e3o. N\u00e3o. O melhor poeta Tem um porto de esperan\u00e7a no cora\u00e7\u00e3o E luta, vigorosamente, pela vida E&hellip;<\/p>\n","protected":false},"author":1819,"featured_media":1116462,"comment_status":"closed","ping_status":"closed","sticky":false,"template":"","format":"standard","meta":{"footnotes":""},"categories":[104,11390,112],"tags":[75238,597,75336,75310,76067],"class_list":["post-1114977","post","type-post","status-publish","format-standard","has-post-thumbnail","hentry","category-america-do-sul","category-conteudo-original","category-cultura-pt-pt","tag-caderno-de-cultura","tag-cultura-pt-pt-2","tag-poema-pt-pt","tag-poesia-pt-pt","tag-poeta-pt-pt"],"yoast_head":"<!-- This site is optimized with the Yoast SEO plugin v27.1.1 - https:\/\/yoast.com\/product\/yoast-seo-wordpress\/ -->\n<title>Conota\u00e7\u00e3o feliz<\/title>\n<meta name=\"description\" content=\"POEMA &nbsp; &nbsp; O melhor poeta N\u00e3o \u00e9 o solit\u00e1rio, Nem o sofredor, absoluto, Que dilacera a vida pr\u00f3pria Em busca de inspira\u00e7\u00e3o. N\u00e3o. O melhor poeta\" \/>\n<meta name=\"robots\" content=\"index, follow, max-snippet:-1, max-image-preview:large, max-video-preview:-1\" \/>\n<link rel=\"canonical\" href=\"https:\/\/www.pressenza.com\/pt-pt\/2020\/05\/conotacao-feliz\/\" \/>\n<meta property=\"og:locale\" content=\"pt_PT\" \/>\n<meta property=\"og:type\" content=\"article\" \/>\n<meta property=\"og:title\" content=\"Conota\u00e7\u00e3o feliz\" \/>\n<meta property=\"og:description\" content=\"POEMA &nbsp; &nbsp; O melhor poeta N\u00e3o \u00e9 o solit\u00e1rio, Nem o sofredor, absoluto, Que dilacera a vida pr\u00f3pria Em busca de inspira\u00e7\u00e3o. N\u00e3o. O melhor poeta\" \/>\n<meta property=\"og:url\" content=\"https:\/\/www.pressenza.com\/pt-pt\/2020\/05\/conotacao-feliz\/\" \/>\n<meta property=\"og:site_name\" content=\"Pressenza\" \/>\n<meta property=\"article:publisher\" content=\"https:\/\/www.facebook.com\/PressenzaItalia\" \/>\n<meta property=\"article:published_time\" content=\"2020-05-24T02:55:44+00:00\" \/>\n<meta property=\"og:image\" content=\"https:\/\/www.pressenza.com\/wp-content\/uploads\/2020\/05\/Ilustrac\u0327a\u0303o-Vitor-Vanes.jpg\" \/>\n\t<meta property=\"og:image:width\" content=\"1216\" \/>\n\t<meta property=\"og:image:height\" content=\"804\" \/>\n\t<meta property=\"og:image:type\" content=\"image\/jpeg\" \/>\n<meta name=\"author\" content=\"Claudio Lessa\" \/>\n<meta name=\"twitter:card\" content=\"summary_large_image\" \/>\n<meta name=\"twitter:creator\" content=\"@PressenzaIPA\" \/>\n<meta name=\"twitter:site\" content=\"@PressenzaIPA\" \/>\n<meta name=\"twitter:label1\" content=\"Escrito por\" \/>\n\t<meta name=\"twitter:data1\" content=\"Claudio Lessa\" \/>\n\t<meta name=\"twitter:label2\" content=\"Tempo estimado de leitura\" \/>\n\t<meta name=\"twitter:data2\" content=\"1 minuto\" \/>\n<script type=\"application\/ld+json\" class=\"yoast-schema-graph\">{\"@context\":\"https:\/\/schema.org\",\"@graph\":[{\"@type\":\"Article\",\"@id\":\"https:\/\/www.pressenza.com\/pt-pt\/2020\/05\/conotacao-feliz\/#article\",\"isPartOf\":{\"@id\":\"https:\/\/www.pressenza.com\/pt-pt\/2020\/05\/conotacao-feliz\/\"},\"author\":{\"name\":\"Claudio Lessa\",\"@id\":\"https:\/\/www.pressenza.com\/pt-pt\/#\/schema\/person\/c63329691f539a5bd1136e29baacb4e9\"},\"headline\":\"Conota\u00e7\u00e3o feliz\",\"datePublished\":\"2020-05-24T02:55:44+00:00\",\"mainEntityOfPage\":{\"@id\":\"https:\/\/www.pressenza.com\/pt-pt\/2020\/05\/conotacao-feliz\/\"},\"wordCount\":132,\"publisher\":{\"@id\":\"https:\/\/www.pressenza.com\/pt-pt\/#organization\"},\"image\":{\"@id\":\"https:\/\/www.pressenza.com\/pt-pt\/2020\/05\/conotacao-feliz\/#primaryimage\"},\"thumbnailUrl\":\"https:\/\/www.pressenza.com\/wp-content\/uploads\/2020\/05\/Ilustrac\u0327a\u0303o-Vitor-Vanes.jpg\",\"keywords\":[\"caderno de cultura\",\"cultura\",\"poema\",\"poes\u00eda\",\"poeta\"],\"articleSection\":[\"\u00c1m\u00e9rica do Sul\",\"Conte\u00fado Original\",\"Cultura e M\u00eddia\"],\"inLanguage\":\"pt-PT\"},{\"@type\":\"WebPage\",\"@id\":\"https:\/\/www.pressenza.com\/pt-pt\/2020\/05\/conotacao-feliz\/\",\"url\":\"https:\/\/www.pressenza.com\/pt-pt\/2020\/05\/conotacao-feliz\/\",\"name\":\"Conota\u00e7\u00e3o feliz\",\"isPartOf\":{\"@id\":\"https:\/\/www.pressenza.com\/pt-pt\/#website\"},\"primaryImageOfPage\":{\"@id\":\"https:\/\/www.pressenza.com\/pt-pt\/2020\/05\/conotacao-feliz\/#primaryimage\"},\"image\":{\"@id\":\"https:\/\/www.pressenza.com\/pt-pt\/2020\/05\/conotacao-feliz\/#primaryimage\"},\"thumbnailUrl\":\"https:\/\/www.pressenza.com\/wp-content\/uploads\/2020\/05\/Ilustrac\u0327a\u0303o-Vitor-Vanes.jpg\",\"datePublished\":\"2020-05-24T02:55:44+00:00\",\"description\":\"POEMA &nbsp; &nbsp; O melhor poeta N\u00e3o \u00e9 o solit\u00e1rio, Nem o sofredor, absoluto, Que dilacera a vida pr\u00f3pria Em busca de inspira\u00e7\u00e3o. N\u00e3o. O melhor poeta\",\"breadcrumb\":{\"@id\":\"https:\/\/www.pressenza.com\/pt-pt\/2020\/05\/conotacao-feliz\/#breadcrumb\"},\"inLanguage\":\"pt-PT\",\"potentialAction\":[{\"@type\":\"ReadAction\",\"target\":[\"https:\/\/www.pressenza.com\/pt-pt\/2020\/05\/conotacao-feliz\/\"]}]},{\"@type\":\"ImageObject\",\"inLanguage\":\"pt-PT\",\"@id\":\"https:\/\/www.pressenza.com\/pt-pt\/2020\/05\/conotacao-feliz\/#primaryimage\",\"url\":\"https:\/\/www.pressenza.com\/wp-content\/uploads\/2020\/05\/Ilustrac\u0327a\u0303o-Vitor-Vanes.jpg\",\"contentUrl\":\"https:\/\/www.pressenza.com\/wp-content\/uploads\/2020\/05\/Ilustrac\u0327a\u0303o-Vitor-Vanes.jpg\",\"width\":1216,\"height\":804},{\"@type\":\"BreadcrumbList\",\"@id\":\"https:\/\/www.pressenza.com\/pt-pt\/2020\/05\/conotacao-feliz\/#breadcrumb\",\"itemListElement\":[{\"@type\":\"ListItem\",\"position\":1,\"name\":\"Accueil\",\"item\":\"https:\/\/www.pressenza.com\/pt-pt\/\"},{\"@type\":\"ListItem\",\"position\":2,\"name\":\"Conota\u00e7\u00e3o feliz\"}]},{\"@type\":\"WebSite\",\"@id\":\"https:\/\/www.pressenza.com\/pt-pt\/#website\",\"url\":\"https:\/\/www.pressenza.com\/pt-pt\/\",\"name\":\"Pressenza\",\"description\":\"International Press Agency\",\"publisher\":{\"@id\":\"https:\/\/www.pressenza.com\/pt-pt\/#organization\"},\"potentialAction\":[{\"@type\":\"SearchAction\",\"target\":{\"@type\":\"EntryPoint\",\"urlTemplate\":\"https:\/\/www.pressenza.com\/pt-pt\/?s={search_term_string}\"},\"query-input\":{\"@type\":\"PropertyValueSpecification\",\"valueRequired\":true,\"valueName\":\"search_term_string\"}}],\"inLanguage\":\"pt-PT\"},{\"@type\":\"Organization\",\"@id\":\"https:\/\/www.pressenza.com\/pt-pt\/#organization\",\"name\":\"Pressenza\",\"url\":\"https:\/\/www.pressenza.com\/pt-pt\/\",\"logo\":{\"@type\":\"ImageObject\",\"inLanguage\":\"pt-PT\",\"@id\":\"https:\/\/www.pressenza.com\/pt-pt\/#\/schema\/logo\/image\/\",\"url\":\"https:\/\/www.pressenza.com\/wp-content\/uploads\/2022\/10\/pressenza_logo_200x200.jpg\",\"contentUrl\":\"https:\/\/www.pressenza.com\/wp-content\/uploads\/2022\/10\/pressenza_logo_200x200.jpg\",\"width\":200,\"height\":200,\"caption\":\"Pressenza\"},\"image\":{\"@id\":\"https:\/\/www.pressenza.com\/pt-pt\/#\/schema\/logo\/image\/\"},\"sameAs\":[\"https:\/\/www.facebook.com\/PressenzaItalia\",\"https:\/\/x.com\/PressenzaIPA\"]},{\"@type\":\"Person\",\"@id\":\"https:\/\/www.pressenza.com\/pt-pt\/#\/schema\/person\/c63329691f539a5bd1136e29baacb4e9\",\"name\":\"Claudio Lessa\",\"description\":\"Poeta e escritor.\",\"url\":\"https:\/\/www.pressenza.com\/pt-pt\/author\/claudio-lessa\/\"}]}<\/script>\n<!-- \/ Yoast SEO plugin. -->","yoast_head_json":{"title":"Conota\u00e7\u00e3o feliz","description":"POEMA &nbsp; &nbsp; O melhor poeta N\u00e3o \u00e9 o solit\u00e1rio, Nem o sofredor, absoluto, Que dilacera a vida pr\u00f3pria Em busca de inspira\u00e7\u00e3o. N\u00e3o. O melhor poeta","robots":{"index":"index","follow":"follow","max-snippet":"max-snippet:-1","max-image-preview":"max-image-preview:large","max-video-preview":"max-video-preview:-1"},"canonical":"https:\/\/www.pressenza.com\/pt-pt\/2020\/05\/conotacao-feliz\/","og_locale":"pt_PT","og_type":"article","og_title":"Conota\u00e7\u00e3o feliz","og_description":"POEMA &nbsp; &nbsp; O melhor poeta N\u00e3o \u00e9 o solit\u00e1rio, Nem o sofredor, absoluto, Que dilacera a vida pr\u00f3pria Em busca de inspira\u00e7\u00e3o. N\u00e3o. O melhor poeta","og_url":"https:\/\/www.pressenza.com\/pt-pt\/2020\/05\/conotacao-feliz\/","og_site_name":"Pressenza","article_publisher":"https:\/\/www.facebook.com\/PressenzaItalia","article_published_time":"2020-05-24T02:55:44+00:00","og_image":[{"width":1216,"height":804,"url":"https:\/\/www.pressenza.com\/wp-content\/uploads\/2020\/05\/Ilustrac\u0327a\u0303o-Vitor-Vanes.jpg","type":"image\/jpeg"}],"author":"Claudio Lessa","twitter_card":"summary_large_image","twitter_creator":"@PressenzaIPA","twitter_site":"@PressenzaIPA","twitter_misc":{"Escrito por":"Claudio Lessa","Tempo estimado de leitura":"1 minuto"},"schema":{"@context":"https:\/\/schema.org","@graph":[{"@type":"Article","@id":"https:\/\/www.pressenza.com\/pt-pt\/2020\/05\/conotacao-feliz\/#article","isPartOf":{"@id":"https:\/\/www.pressenza.com\/pt-pt\/2020\/05\/conotacao-feliz\/"},"author":{"name":"Claudio Lessa","@id":"https:\/\/www.pressenza.com\/pt-pt\/#\/schema\/person\/c63329691f539a5bd1136e29baacb4e9"},"headline":"Conota\u00e7\u00e3o feliz","datePublished":"2020-05-24T02:55:44+00:00","mainEntityOfPage":{"@id":"https:\/\/www.pressenza.com\/pt-pt\/2020\/05\/conotacao-feliz\/"},"wordCount":132,"publisher":{"@id":"https:\/\/www.pressenza.com\/pt-pt\/#organization"},"image":{"@id":"https:\/\/www.pressenza.com\/pt-pt\/2020\/05\/conotacao-feliz\/#primaryimage"},"thumbnailUrl":"https:\/\/www.pressenza.com\/wp-content\/uploads\/2020\/05\/Ilustrac\u0327a\u0303o-Vitor-Vanes.jpg","keywords":["caderno de cultura","cultura","poema","poes\u00eda","poeta"],"articleSection":["\u00c1m\u00e9rica do Sul","Conte\u00fado Original","Cultura e M\u00eddia"],"inLanguage":"pt-PT"},{"@type":"WebPage","@id":"https:\/\/www.pressenza.com\/pt-pt\/2020\/05\/conotacao-feliz\/","url":"https:\/\/www.pressenza.com\/pt-pt\/2020\/05\/conotacao-feliz\/","name":"Conota\u00e7\u00e3o feliz","isPartOf":{"@id":"https:\/\/www.pressenza.com\/pt-pt\/#website"},"primaryImageOfPage":{"@id":"https:\/\/www.pressenza.com\/pt-pt\/2020\/05\/conotacao-feliz\/#primaryimage"},"image":{"@id":"https:\/\/www.pressenza.com\/pt-pt\/2020\/05\/conotacao-feliz\/#primaryimage"},"thumbnailUrl":"https:\/\/www.pressenza.com\/wp-content\/uploads\/2020\/05\/Ilustrac\u0327a\u0303o-Vitor-Vanes.jpg","datePublished":"2020-05-24T02:55:44+00:00","description":"POEMA &nbsp; &nbsp; O melhor poeta N\u00e3o \u00e9 o solit\u00e1rio, Nem o sofredor, absoluto, Que dilacera a vida pr\u00f3pria Em busca de inspira\u00e7\u00e3o. N\u00e3o. O melhor poeta","breadcrumb":{"@id":"https:\/\/www.pressenza.com\/pt-pt\/2020\/05\/conotacao-feliz\/#breadcrumb"},"inLanguage":"pt-PT","potentialAction":[{"@type":"ReadAction","target":["https:\/\/www.pressenza.com\/pt-pt\/2020\/05\/conotacao-feliz\/"]}]},{"@type":"ImageObject","inLanguage":"pt-PT","@id":"https:\/\/www.pressenza.com\/pt-pt\/2020\/05\/conotacao-feliz\/#primaryimage","url":"https:\/\/www.pressenza.com\/wp-content\/uploads\/2020\/05\/Ilustrac\u0327a\u0303o-Vitor-Vanes.jpg","contentUrl":"https:\/\/www.pressenza.com\/wp-content\/uploads\/2020\/05\/Ilustrac\u0327a\u0303o-Vitor-Vanes.jpg","width":1216,"height":804},{"@type":"BreadcrumbList","@id":"https:\/\/www.pressenza.com\/pt-pt\/2020\/05\/conotacao-feliz\/#breadcrumb","itemListElement":[{"@type":"ListItem","position":1,"name":"Accueil","item":"https:\/\/www.pressenza.com\/pt-pt\/"},{"@type":"ListItem","position":2,"name":"Conota\u00e7\u00e3o feliz"}]},{"@type":"WebSite","@id":"https:\/\/www.pressenza.com\/pt-pt\/#website","url":"https:\/\/www.pressenza.com\/pt-pt\/","name":"Pressenza","description":"International Press Agency","publisher":{"@id":"https:\/\/www.pressenza.com\/pt-pt\/#organization"},"potentialAction":[{"@type":"SearchAction","target":{"@type":"EntryPoint","urlTemplate":"https:\/\/www.pressenza.com\/pt-pt\/?s={search_term_string}"},"query-input":{"@type":"PropertyValueSpecification","valueRequired":true,"valueName":"search_term_string"}}],"inLanguage":"pt-PT"},{"@type":"Organization","@id":"https:\/\/www.pressenza.com\/pt-pt\/#organization","name":"Pressenza","url":"https:\/\/www.pressenza.com\/pt-pt\/","logo":{"@type":"ImageObject","inLanguage":"pt-PT","@id":"https:\/\/www.pressenza.com\/pt-pt\/#\/schema\/logo\/image\/","url":"https:\/\/www.pressenza.com\/wp-content\/uploads\/2022\/10\/pressenza_logo_200x200.jpg","contentUrl":"https:\/\/www.pressenza.com\/wp-content\/uploads\/2022\/10\/pressenza_logo_200x200.jpg","width":200,"height":200,"caption":"Pressenza"},"image":{"@id":"https:\/\/www.pressenza.com\/pt-pt\/#\/schema\/logo\/image\/"},"sameAs":["https:\/\/www.facebook.com\/PressenzaItalia","https:\/\/x.com\/PressenzaIPA"]},{"@type":"Person","@id":"https:\/\/www.pressenza.com\/pt-pt\/#\/schema\/person\/c63329691f539a5bd1136e29baacb4e9","name":"Claudio Lessa","description":"Poeta e escritor.","url":"https:\/\/www.pressenza.com\/pt-pt\/author\/claudio-lessa\/"}]}},"place":"Rio de Janeiro, Brasil","original_article_url":"","_links":{"self":[{"href":"https:\/\/www.pressenza.com\/pt-pt\/wp-json\/wp\/v2\/posts\/1114977","targetHints":{"allow":["GET"]}}],"collection":[{"href":"https:\/\/www.pressenza.com\/pt-pt\/wp-json\/wp\/v2\/posts"}],"about":[{"href":"https:\/\/www.pressenza.com\/pt-pt\/wp-json\/wp\/v2\/types\/post"}],"author":[{"embeddable":true,"href":"https:\/\/www.pressenza.com\/pt-pt\/wp-json\/wp\/v2\/users\/1819"}],"replies":[{"embeddable":true,"href":"https:\/\/www.pressenza.com\/pt-pt\/wp-json\/wp\/v2\/comments?post=1114977"}],"version-history":[{"count":0,"href":"https:\/\/www.pressenza.com\/pt-pt\/wp-json\/wp\/v2\/posts\/1114977\/revisions"}],"wp:featuredmedia":[{"embeddable":true,"href":"https:\/\/www.pressenza.com\/pt-pt\/wp-json\/wp\/v2\/media\/1116462"}],"wp:attachment":[{"href":"https:\/\/www.pressenza.com\/pt-pt\/wp-json\/wp\/v2\/media?parent=1114977"}],"wp:term":[{"taxonomy":"category","embeddable":true,"href":"https:\/\/www.pressenza.com\/pt-pt\/wp-json\/wp\/v2\/categories?post=1114977"},{"taxonomy":"post_tag","embeddable":true,"href":"https:\/\/www.pressenza.com\/pt-pt\/wp-json\/wp\/v2\/tags?post=1114977"}],"curies":[{"name":"wp","href":"https:\/\/api.w.org\/{rel}","templated":true}]}}