{"id":1114789,"date":"2020-05-22T21:53:50","date_gmt":"2020-05-22T20:53:50","guid":{"rendered":"https:\/\/www.pressenza.com\/?p=1114789"},"modified":"2020-05-22T21:53:50","modified_gmt":"2020-05-22T20:53:50","slug":"justica-global-denuncia-a-cidh-violencia-contra-defensoras-es-de-direitos-humanos-no-contexto-da-pandemia-de-covid-19","status":"publish","type":"post","link":"https:\/\/www.pressenza.com\/pt-pt\/2020\/05\/justica-global-denuncia-a-cidh-violencia-contra-defensoras-es-de-direitos-humanos-no-contexto-da-pandemia-de-covid-19\/","title":{"rendered":"Justi\u00e7a Global denuncia \u00e0 CIDH viol\u00eancia contra defensoras\/es de direitos humanos no contexto da pandemia de Covid-19"},"content":{"rendered":"<p>A Justi\u00e7a Global enviou nesta sexta-feira (22) um informe \u00e0 Comiss\u00e3o Interamericana de Direitos Humanos (CIDH) da Organiza\u00e7\u00e3o dos Estados Americanos (OEA) denunciando a escalada de ataques contra defensoras e defensores de direitos humanos no Brasil, no contexto da crise sanit\u00e1ria provocada pelo novo coronav\u00edrus (Covid-19). Desde 26 de fevereiro, quando foi confirmado o primeiro caso de Covid-19 no pa\u00eds, a 20 de maio, foram registrados 06 assassinatos e 03 casos de amea\u00e7as, a maioria deles decorrentes de conflitos no campo e na floresta, mais de 90% aconteceram nas regi\u00f5es norte e nordeste.<\/p>\n<p>Para Sandra Carvalho, coordenadora da Justi\u00e7a Global, \u201cesses ataques demonstram um oportunismo dos poderes pol\u00edticos e econ\u00f4micos que se aproveitam do momento de isolamento social para violar direitos e cometer crimes\u201d. Ela destaca que esse triste cen\u00e1rio pode se agravar caso passe no Congresso o PL 2633\/20, que trata da regulariza\u00e7\u00e3o fundi\u00e1ria de im\u00f3veis da Uni\u00e3o. \u201cAl\u00e9m de possibilitar a usurpa\u00e7\u00e3o de terras tradicionalmente ocupadas, ele aumentar\u00e1 exponencialmente a viol\u00eancia no campo\u201d, conclui.<\/p>\n<p>No documento, a Justi\u00e7a Global tamb\u00e9m sinaliza preocupa\u00e7\u00e3o com o aumento das invas\u00f5es de madeireiros e garimpeiros em territ\u00f3rios ind\u00edgenas, que nesse per\u00edodo de pandemia pode levar ao genoc\u00eddio de povos inteiros se n\u00e3o forem adotadas medidas de prote\u00e7\u00e3o. A den\u00fancia internacional \u00e0 CIDH insere-se em um contexto de ampla mobiliza\u00e7\u00e3o da sociedade civil contra o aumento das viol\u00eancias no contexto da pandemia de Covid-19 no Brasil e a preocupa\u00e7\u00e3o com as crescentes viola\u00e7\u00f5es que ela pode desencadear.<\/p>\n<p><a href=\"http:\/\/www.global.org.br\/wp-content\/uploads\/2020\/05\/Informe-DDHs_Brasil_Covid19.pdf\" target=\"_blank\" rel=\"noopener noreferrer\">Leia o informe aqui.<\/a><\/p>\n","protected":false},"excerpt":{"rendered":"<p>A Justi\u00e7a Global enviou nesta sexta-feira (22) um informe \u00e0 Comiss\u00e3o Interamericana de Direitos Humanos (CIDH) da Organiza\u00e7\u00e3o dos Estados Americanos (OEA) denunciando a escalada de ataques contra defensoras e defensores de direitos humanos no Brasil, no contexto da crise&hellip;<\/p>\n","protected":false},"author":1685,"featured_media":1114790,"comment_status":"closed","ping_status":"closed","sticky":false,"template":"","format":"standard","meta":{"footnotes":""},"categories":[104,116,153],"tags":[2744,54595,72401,5204,76055,33999],"class_list":["post-1114789","post","type-post","status-publish","format-standard","has-post-thumbnail","hentry","category-america-do-sul","category-direitos-humanos","category-nota-de-imprensa","tag-brasil","tag-cidh-pt-pt","tag-covid-19-pt-pt","tag-direitos-humanos","tag-informe-pt-pt","tag-justica-global"],"yoast_head":"<!-- This site is optimized with the Yoast SEO plugin v27.1.1 - https:\/\/yoast.com\/product\/yoast-seo-wordpress\/ -->\n<title>Justi\u00e7a Global denuncia \u00e0 CIDH viol\u00eancia contra defensoras\/es de direitos humanos no contexto da pandemia de Covid-19<\/title>\n<meta name=\"description\" content=\"A Justi\u00e7a Global enviou nesta sexta-feira (22) um informe \u00e0 Comiss\u00e3o Interamericana de Direitos Humanos (CIDH) da Organiza\u00e7\u00e3o dos Estados Americanos (OEA)\" \/>\n<meta name=\"robots\" content=\"index, follow, max-snippet:-1, max-image-preview:large, max-video-preview:-1\" \/>\n<link rel=\"canonical\" href=\"https:\/\/www.pressenza.com\/pt-pt\/2020\/05\/justica-global-denuncia-a-cidh-violencia-contra-defensoras-es-de-direitos-humanos-no-contexto-da-pandemia-de-covid-19\/\" \/>\n<meta property=\"og:locale\" content=\"pt_PT\" \/>\n<meta property=\"og:type\" content=\"article\" \/>\n<meta property=\"og:title\" content=\"Justi\u00e7a Global denuncia \u00e0 CIDH viol\u00eancia contra defensoras\/es de direitos humanos no contexto da pandemia de Covid-19\" \/>\n<meta property=\"og:description\" content=\"A Justi\u00e7a Global enviou nesta sexta-feira (22) um informe \u00e0 Comiss\u00e3o Interamericana de Direitos Humanos (CIDH) da Organiza\u00e7\u00e3o dos Estados Americanos (OEA)\" \/>\n<meta property=\"og:url\" content=\"https:\/\/www.pressenza.com\/pt-pt\/2020\/05\/justica-global-denuncia-a-cidh-violencia-contra-defensoras-es-de-direitos-humanos-no-contexto-da-pandemia-de-covid-19\/\" \/>\n<meta property=\"og:site_name\" content=\"Pressenza\" \/>\n<meta property=\"article:publisher\" content=\"https:\/\/www.facebook.com\/PressenzaItalia\" \/>\n<meta property=\"article:published_time\" content=\"2020-05-22T20:53:50+00:00\" \/>\n<meta property=\"og:image\" content=\"https:\/\/www.pressenza.com\/wp-content\/uploads\/2020\/05\/global.jpeg\" \/>\n\t<meta property=\"og:image:width\" content=\"1080\" \/>\n\t<meta property=\"og:image:height\" content=\"592\" \/>\n\t<meta property=\"og:image:type\" content=\"image\/jpeg\" \/>\n<meta name=\"author\" content=\"Reda\u00e7\u00e3o Rio de Janeiro\" \/>\n<meta name=\"twitter:card\" content=\"summary_large_image\" \/>\n<meta name=\"twitter:creator\" content=\"@PressenzaIPA\" \/>\n<meta name=\"twitter:site\" content=\"@PressenzaIPA\" \/>\n<meta name=\"twitter:label1\" content=\"Escrito por\" \/>\n\t<meta name=\"twitter:data1\" content=\"Reda\u00e7\u00e3o Rio de Janeiro\" \/>\n\t<meta name=\"twitter:label2\" content=\"Tempo estimado de leitura\" \/>\n\t<meta name=\"twitter:data2\" content=\"1 minuto\" \/>\n<script type=\"application\/ld+json\" class=\"yoast-schema-graph\">{\"@context\":\"https:\/\/schema.org\",\"@graph\":[{\"@type\":\"Article\",\"@id\":\"https:\/\/www.pressenza.com\/pt-pt\/2020\/05\/justica-global-denuncia-a-cidh-violencia-contra-defensoras-es-de-direitos-humanos-no-contexto-da-pandemia-de-covid-19\/#article\",\"isPartOf\":{\"@id\":\"https:\/\/www.pressenza.com\/pt-pt\/2020\/05\/justica-global-denuncia-a-cidh-violencia-contra-defensoras-es-de-direitos-humanos-no-contexto-da-pandemia-de-covid-19\/\"},\"author\":{\"name\":\"Reda\u00e7\u00e3o Rio de Janeiro\",\"@id\":\"https:\/\/www.pressenza.com\/pt-pt\/#\/schema\/person\/6925e927f8ff3a0cdb838320c5d12259\"},\"headline\":\"Justi\u00e7a Global denuncia \u00e0 CIDH viol\u00eancia contra defensoras\/es de direitos humanos no contexto da pandemia de Covid-19\",\"datePublished\":\"2020-05-22T20:53:50+00:00\",\"mainEntityOfPage\":{\"@id\":\"https:\/\/www.pressenza.com\/pt-pt\/2020\/05\/justica-global-denuncia-a-cidh-violencia-contra-defensoras-es-de-direitos-humanos-no-contexto-da-pandemia-de-covid-19\/\"},\"wordCount\":292,\"publisher\":{\"@id\":\"https:\/\/www.pressenza.com\/pt-pt\/#organization\"},\"image\":{\"@id\":\"https:\/\/www.pressenza.com\/pt-pt\/2020\/05\/justica-global-denuncia-a-cidh-violencia-contra-defensoras-es-de-direitos-humanos-no-contexto-da-pandemia-de-covid-19\/#primaryimage\"},\"thumbnailUrl\":\"https:\/\/www.pressenza.com\/wp-content\/uploads\/2020\/05\/global.jpeg\",\"keywords\":[\"Brasil\",\"CIDH\",\"COVID-19\",\"direitos humanos\",\"informe\",\"Justi\u00e7a Global\"],\"articleSection\":[\"\u00c1m\u00e9rica do Sul\",\"Direitos Humanos\",\"Nota de imprensa\"],\"inLanguage\":\"pt-PT\"},{\"@type\":\"WebPage\",\"@id\":\"https:\/\/www.pressenza.com\/pt-pt\/2020\/05\/justica-global-denuncia-a-cidh-violencia-contra-defensoras-es-de-direitos-humanos-no-contexto-da-pandemia-de-covid-19\/\",\"url\":\"https:\/\/www.pressenza.com\/pt-pt\/2020\/05\/justica-global-denuncia-a-cidh-violencia-contra-defensoras-es-de-direitos-humanos-no-contexto-da-pandemia-de-covid-19\/\",\"name\":\"Justi\u00e7a Global denuncia \u00e0 CIDH viol\u00eancia contra defensoras\/es de direitos humanos no contexto da pandemia de Covid-19\",\"isPartOf\":{\"@id\":\"https:\/\/www.pressenza.com\/pt-pt\/#website\"},\"primaryImageOfPage\":{\"@id\":\"https:\/\/www.pressenza.com\/pt-pt\/2020\/05\/justica-global-denuncia-a-cidh-violencia-contra-defensoras-es-de-direitos-humanos-no-contexto-da-pandemia-de-covid-19\/#primaryimage\"},\"image\":{\"@id\":\"https:\/\/www.pressenza.com\/pt-pt\/2020\/05\/justica-global-denuncia-a-cidh-violencia-contra-defensoras-es-de-direitos-humanos-no-contexto-da-pandemia-de-covid-19\/#primaryimage\"},\"thumbnailUrl\":\"https:\/\/www.pressenza.com\/wp-content\/uploads\/2020\/05\/global.jpeg\",\"datePublished\":\"2020-05-22T20:53:50+00:00\",\"description\":\"A Justi\u00e7a Global enviou nesta sexta-feira (22) um informe \u00e0 Comiss\u00e3o Interamericana de Direitos Humanos (CIDH) da Organiza\u00e7\u00e3o dos Estados Americanos (OEA)\",\"breadcrumb\":{\"@id\":\"https:\/\/www.pressenza.com\/pt-pt\/2020\/05\/justica-global-denuncia-a-cidh-violencia-contra-defensoras-es-de-direitos-humanos-no-contexto-da-pandemia-de-covid-19\/#breadcrumb\"},\"inLanguage\":\"pt-PT\",\"potentialAction\":[{\"@type\":\"ReadAction\",\"target\":[\"https:\/\/www.pressenza.com\/pt-pt\/2020\/05\/justica-global-denuncia-a-cidh-violencia-contra-defensoras-es-de-direitos-humanos-no-contexto-da-pandemia-de-covid-19\/\"]}]},{\"@type\":\"ImageObject\",\"inLanguage\":\"pt-PT\",\"@id\":\"https:\/\/www.pressenza.com\/pt-pt\/2020\/05\/justica-global-denuncia-a-cidh-violencia-contra-defensoras-es-de-direitos-humanos-no-contexto-da-pandemia-de-covid-19\/#primaryimage\",\"url\":\"https:\/\/www.pressenza.com\/wp-content\/uploads\/2020\/05\/global.jpeg\",\"contentUrl\":\"https:\/\/www.pressenza.com\/wp-content\/uploads\/2020\/05\/global.jpeg\",\"width\":1080,\"height\":592},{\"@type\":\"BreadcrumbList\",\"@id\":\"https:\/\/www.pressenza.com\/pt-pt\/2020\/05\/justica-global-denuncia-a-cidh-violencia-contra-defensoras-es-de-direitos-humanos-no-contexto-da-pandemia-de-covid-19\/#breadcrumb\",\"itemListElement\":[{\"@type\":\"ListItem\",\"position\":1,\"name\":\"Accueil\",\"item\":\"https:\/\/www.pressenza.com\/pt-pt\/\"},{\"@type\":\"ListItem\",\"position\":2,\"name\":\"Justi\u00e7a Global denuncia \u00e0 CIDH viol\u00eancia contra defensoras\/es de direitos humanos no contexto da pandemia de Covid-19\"}]},{\"@type\":\"WebSite\",\"@id\":\"https:\/\/www.pressenza.com\/pt-pt\/#website\",\"url\":\"https:\/\/www.pressenza.com\/pt-pt\/\",\"name\":\"Pressenza\",\"description\":\"International Press Agency\",\"publisher\":{\"@id\":\"https:\/\/www.pressenza.com\/pt-pt\/#organization\"},\"potentialAction\":[{\"@type\":\"SearchAction\",\"target\":{\"@type\":\"EntryPoint\",\"urlTemplate\":\"https:\/\/www.pressenza.com\/pt-pt\/?s={search_term_string}\"},\"query-input\":{\"@type\":\"PropertyValueSpecification\",\"valueRequired\":true,\"valueName\":\"search_term_string\"}}],\"inLanguage\":\"pt-PT\"},{\"@type\":\"Organization\",\"@id\":\"https:\/\/www.pressenza.com\/pt-pt\/#organization\",\"name\":\"Pressenza\",\"url\":\"https:\/\/www.pressenza.com\/pt-pt\/\",\"logo\":{\"@type\":\"ImageObject\",\"inLanguage\":\"pt-PT\",\"@id\":\"https:\/\/www.pressenza.com\/pt-pt\/#\/schema\/logo\/image\/\",\"url\":\"https:\/\/www.pressenza.com\/wp-content\/uploads\/2022\/10\/pressenza_logo_200x200.jpg\",\"contentUrl\":\"https:\/\/www.pressenza.com\/wp-content\/uploads\/2022\/10\/pressenza_logo_200x200.jpg\",\"width\":200,\"height\":200,\"caption\":\"Pressenza\"},\"image\":{\"@id\":\"https:\/\/www.pressenza.com\/pt-pt\/#\/schema\/logo\/image\/\"},\"sameAs\":[\"https:\/\/www.facebook.com\/PressenzaItalia\",\"https:\/\/x.com\/PressenzaIPA\"]},{\"@type\":\"Person\",\"@id\":\"https:\/\/www.pressenza.com\/pt-pt\/#\/schema\/person\/6925e927f8ff3a0cdb838320c5d12259\",\"name\":\"Reda\u00e7\u00e3o Rio de Janeiro\",\"description\":\"News published by the Pressenza bureau in Rio de Janeiro, Brazil\",\"url\":\"https:\/\/www.pressenza.com\/pt-pt\/author\/redacao-rio-de-janeiro\/\"}]}<\/script>\n<!-- \/ Yoast SEO plugin. -->","yoast_head_json":{"title":"Justi\u00e7a Global denuncia \u00e0 CIDH viol\u00eancia contra defensoras\/es de direitos humanos no contexto da pandemia de Covid-19","description":"A Justi\u00e7a Global enviou nesta sexta-feira (22) um informe \u00e0 Comiss\u00e3o Interamericana de Direitos Humanos (CIDH) da Organiza\u00e7\u00e3o dos Estados Americanos (OEA)","robots":{"index":"index","follow":"follow","max-snippet":"max-snippet:-1","max-image-preview":"max-image-preview:large","max-video-preview":"max-video-preview:-1"},"canonical":"https:\/\/www.pressenza.com\/pt-pt\/2020\/05\/justica-global-denuncia-a-cidh-violencia-contra-defensoras-es-de-direitos-humanos-no-contexto-da-pandemia-de-covid-19\/","og_locale":"pt_PT","og_type":"article","og_title":"Justi\u00e7a Global denuncia \u00e0 CIDH viol\u00eancia contra defensoras\/es de direitos humanos no contexto da pandemia de Covid-19","og_description":"A Justi\u00e7a Global enviou nesta sexta-feira (22) um informe \u00e0 Comiss\u00e3o Interamericana de Direitos Humanos (CIDH) da Organiza\u00e7\u00e3o dos Estados Americanos (OEA)","og_url":"https:\/\/www.pressenza.com\/pt-pt\/2020\/05\/justica-global-denuncia-a-cidh-violencia-contra-defensoras-es-de-direitos-humanos-no-contexto-da-pandemia-de-covid-19\/","og_site_name":"Pressenza","article_publisher":"https:\/\/www.facebook.com\/PressenzaItalia","article_published_time":"2020-05-22T20:53:50+00:00","og_image":[{"width":1080,"height":592,"url":"https:\/\/www.pressenza.com\/wp-content\/uploads\/2020\/05\/global.jpeg","type":"image\/jpeg"}],"author":"Reda\u00e7\u00e3o Rio de Janeiro","twitter_card":"summary_large_image","twitter_creator":"@PressenzaIPA","twitter_site":"@PressenzaIPA","twitter_misc":{"Escrito por":"Reda\u00e7\u00e3o Rio de Janeiro","Tempo estimado de leitura":"1 minuto"},"schema":{"@context":"https:\/\/schema.org","@graph":[{"@type":"Article","@id":"https:\/\/www.pressenza.com\/pt-pt\/2020\/05\/justica-global-denuncia-a-cidh-violencia-contra-defensoras-es-de-direitos-humanos-no-contexto-da-pandemia-de-covid-19\/#article","isPartOf":{"@id":"https:\/\/www.pressenza.com\/pt-pt\/2020\/05\/justica-global-denuncia-a-cidh-violencia-contra-defensoras-es-de-direitos-humanos-no-contexto-da-pandemia-de-covid-19\/"},"author":{"name":"Reda\u00e7\u00e3o Rio de Janeiro","@id":"https:\/\/www.pressenza.com\/pt-pt\/#\/schema\/person\/6925e927f8ff3a0cdb838320c5d12259"},"headline":"Justi\u00e7a Global denuncia \u00e0 CIDH viol\u00eancia contra defensoras\/es de direitos humanos no contexto da pandemia de Covid-19","datePublished":"2020-05-22T20:53:50+00:00","mainEntityOfPage":{"@id":"https:\/\/www.pressenza.com\/pt-pt\/2020\/05\/justica-global-denuncia-a-cidh-violencia-contra-defensoras-es-de-direitos-humanos-no-contexto-da-pandemia-de-covid-19\/"},"wordCount":292,"publisher":{"@id":"https:\/\/www.pressenza.com\/pt-pt\/#organization"},"image":{"@id":"https:\/\/www.pressenza.com\/pt-pt\/2020\/05\/justica-global-denuncia-a-cidh-violencia-contra-defensoras-es-de-direitos-humanos-no-contexto-da-pandemia-de-covid-19\/#primaryimage"},"thumbnailUrl":"https:\/\/www.pressenza.com\/wp-content\/uploads\/2020\/05\/global.jpeg","keywords":["Brasil","CIDH","COVID-19","direitos humanos","informe","Justi\u00e7a Global"],"articleSection":["\u00c1m\u00e9rica do Sul","Direitos Humanos","Nota de imprensa"],"inLanguage":"pt-PT"},{"@type":"WebPage","@id":"https:\/\/www.pressenza.com\/pt-pt\/2020\/05\/justica-global-denuncia-a-cidh-violencia-contra-defensoras-es-de-direitos-humanos-no-contexto-da-pandemia-de-covid-19\/","url":"https:\/\/www.pressenza.com\/pt-pt\/2020\/05\/justica-global-denuncia-a-cidh-violencia-contra-defensoras-es-de-direitos-humanos-no-contexto-da-pandemia-de-covid-19\/","name":"Justi\u00e7a Global denuncia \u00e0 CIDH viol\u00eancia contra defensoras\/es de direitos humanos no contexto da pandemia de Covid-19","isPartOf":{"@id":"https:\/\/www.pressenza.com\/pt-pt\/#website"},"primaryImageOfPage":{"@id":"https:\/\/www.pressenza.com\/pt-pt\/2020\/05\/justica-global-denuncia-a-cidh-violencia-contra-defensoras-es-de-direitos-humanos-no-contexto-da-pandemia-de-covid-19\/#primaryimage"},"image":{"@id":"https:\/\/www.pressenza.com\/pt-pt\/2020\/05\/justica-global-denuncia-a-cidh-violencia-contra-defensoras-es-de-direitos-humanos-no-contexto-da-pandemia-de-covid-19\/#primaryimage"},"thumbnailUrl":"https:\/\/www.pressenza.com\/wp-content\/uploads\/2020\/05\/global.jpeg","datePublished":"2020-05-22T20:53:50+00:00","description":"A Justi\u00e7a Global enviou nesta sexta-feira (22) um informe \u00e0 Comiss\u00e3o Interamericana de Direitos Humanos (CIDH) da Organiza\u00e7\u00e3o dos Estados Americanos (OEA)","breadcrumb":{"@id":"https:\/\/www.pressenza.com\/pt-pt\/2020\/05\/justica-global-denuncia-a-cidh-violencia-contra-defensoras-es-de-direitos-humanos-no-contexto-da-pandemia-de-covid-19\/#breadcrumb"},"inLanguage":"pt-PT","potentialAction":[{"@type":"ReadAction","target":["https:\/\/www.pressenza.com\/pt-pt\/2020\/05\/justica-global-denuncia-a-cidh-violencia-contra-defensoras-es-de-direitos-humanos-no-contexto-da-pandemia-de-covid-19\/"]}]},{"@type":"ImageObject","inLanguage":"pt-PT","@id":"https:\/\/www.pressenza.com\/pt-pt\/2020\/05\/justica-global-denuncia-a-cidh-violencia-contra-defensoras-es-de-direitos-humanos-no-contexto-da-pandemia-de-covid-19\/#primaryimage","url":"https:\/\/www.pressenza.com\/wp-content\/uploads\/2020\/05\/global.jpeg","contentUrl":"https:\/\/www.pressenza.com\/wp-content\/uploads\/2020\/05\/global.jpeg","width":1080,"height":592},{"@type":"BreadcrumbList","@id":"https:\/\/www.pressenza.com\/pt-pt\/2020\/05\/justica-global-denuncia-a-cidh-violencia-contra-defensoras-es-de-direitos-humanos-no-contexto-da-pandemia-de-covid-19\/#breadcrumb","itemListElement":[{"@type":"ListItem","position":1,"name":"Accueil","item":"https:\/\/www.pressenza.com\/pt-pt\/"},{"@type":"ListItem","position":2,"name":"Justi\u00e7a Global denuncia \u00e0 CIDH viol\u00eancia contra defensoras\/es de direitos humanos no contexto da pandemia de Covid-19"}]},{"@type":"WebSite","@id":"https:\/\/www.pressenza.com\/pt-pt\/#website","url":"https:\/\/www.pressenza.com\/pt-pt\/","name":"Pressenza","description":"International Press Agency","publisher":{"@id":"https:\/\/www.pressenza.com\/pt-pt\/#organization"},"potentialAction":[{"@type":"SearchAction","target":{"@type":"EntryPoint","urlTemplate":"https:\/\/www.pressenza.com\/pt-pt\/?s={search_term_string}"},"query-input":{"@type":"PropertyValueSpecification","valueRequired":true,"valueName":"search_term_string"}}],"inLanguage":"pt-PT"},{"@type":"Organization","@id":"https:\/\/www.pressenza.com\/pt-pt\/#organization","name":"Pressenza","url":"https:\/\/www.pressenza.com\/pt-pt\/","logo":{"@type":"ImageObject","inLanguage":"pt-PT","@id":"https:\/\/www.pressenza.com\/pt-pt\/#\/schema\/logo\/image\/","url":"https:\/\/www.pressenza.com\/wp-content\/uploads\/2022\/10\/pressenza_logo_200x200.jpg","contentUrl":"https:\/\/www.pressenza.com\/wp-content\/uploads\/2022\/10\/pressenza_logo_200x200.jpg","width":200,"height":200,"caption":"Pressenza"},"image":{"@id":"https:\/\/www.pressenza.com\/pt-pt\/#\/schema\/logo\/image\/"},"sameAs":["https:\/\/www.facebook.com\/PressenzaItalia","https:\/\/x.com\/PressenzaIPA"]},{"@type":"Person","@id":"https:\/\/www.pressenza.com\/pt-pt\/#\/schema\/person\/6925e927f8ff3a0cdb838320c5d12259","name":"Reda\u00e7\u00e3o Rio de Janeiro","description":"News published by the Pressenza bureau in Rio de Janeiro, Brazil","url":"https:\/\/www.pressenza.com\/pt-pt\/author\/redacao-rio-de-janeiro\/"}]}},"place":"Rio de Janeiro, Brasil","original_article_url":"","_links":{"self":[{"href":"https:\/\/www.pressenza.com\/pt-pt\/wp-json\/wp\/v2\/posts\/1114789","targetHints":{"allow":["GET"]}}],"collection":[{"href":"https:\/\/www.pressenza.com\/pt-pt\/wp-json\/wp\/v2\/posts"}],"about":[{"href":"https:\/\/www.pressenza.com\/pt-pt\/wp-json\/wp\/v2\/types\/post"}],"author":[{"embeddable":true,"href":"https:\/\/www.pressenza.com\/pt-pt\/wp-json\/wp\/v2\/users\/1685"}],"replies":[{"embeddable":true,"href":"https:\/\/www.pressenza.com\/pt-pt\/wp-json\/wp\/v2\/comments?post=1114789"}],"version-history":[{"count":0,"href":"https:\/\/www.pressenza.com\/pt-pt\/wp-json\/wp\/v2\/posts\/1114789\/revisions"}],"wp:featuredmedia":[{"embeddable":true,"href":"https:\/\/www.pressenza.com\/pt-pt\/wp-json\/wp\/v2\/media\/1114790"}],"wp:attachment":[{"href":"https:\/\/www.pressenza.com\/pt-pt\/wp-json\/wp\/v2\/media?parent=1114789"}],"wp:term":[{"taxonomy":"category","embeddable":true,"href":"https:\/\/www.pressenza.com\/pt-pt\/wp-json\/wp\/v2\/categories?post=1114789"},{"taxonomy":"post_tag","embeddable":true,"href":"https:\/\/www.pressenza.com\/pt-pt\/wp-json\/wp\/v2\/tags?post=1114789"}],"curies":[{"name":"wp","href":"https:\/\/api.w.org\/{rel}","templated":true}]}}