{"id":1114657,"date":"2020-05-22T18:07:46","date_gmt":"2020-05-22T17:07:46","guid":{"rendered":"https:\/\/www.pressenza.com\/?p=1114657"},"modified":"2020-05-22T18:09:07","modified_gmt":"2020-05-22T17:09:07","slug":"editatona-artesfeminismos-arte-trabalho","status":"publish","type":"post","link":"https:\/\/www.pressenza.com\/pt-pt\/2020\/05\/editatona-artesfeminismos-arte-trabalho\/","title":{"rendered":"Editatona Artes+Feminismos &#8211; Arte &#038; Trabalho"},"content":{"rendered":"<p>&nbsp;<\/p>\n<p>O Hub de pesquisa curatorial <strong>NaPupila<\/strong>, co fundado por Ana Lobo, Julia Baker e Michaela Blanc, sentiram a necessidade de tornar as discuss\u00f5es sobre as quest\u00f5es de g\u00eanero mais vis\u00edveis, e resolveram destacar t\u00f3picos feministas em suas produ\u00e7\u00f5es, visando estabelecer uma conex\u00e3o entre artistas, produtores, curadores, pesquisadores, colecionadores e fomentadores de arte.<\/p>\n<p>E para fortalecer essas conex\u00f5es, o NaPupila em parceria do Instituto Moreira Salles e o Wiki Movimento Brasil, realizar\u00e1 a <strong>Editatona Artes+Feminismos<\/strong> &#8211; edi\u00e7\u00e3o 2020: Arte &amp; Trabalho, nos dias 23 e 24 de maio (s\u00e1bado e domingo), \u00e0s 14h, atrav\u00e9s da plataforma Zoom. No primeiro dia haver\u00e1 uma s\u00e9rie de conversas e dicas com pesquisadoras do IMS e da Wiki sobre a produ\u00e7\u00e3o de conte\u00fados voltados para a esfera das artes e a propaga\u00e7\u00e3o de informa\u00e7\u00f5es na internet. No dia seguinte ocorrer\u00e1 a maratona em si.<\/p>\n<p>O evento \u00e9 uma a\u00e7\u00e3o\/maratona online de edi\u00e7\u00e3o de conte\u00fado feminista para a Wikip\u00e9dia e tem como objetivo difundir a mobiliza\u00e7\u00e3o internacional <strong>ARTE + Feminism<\/strong>, uma iniciativa mundial que pretende suprir uma defasagem de temas ligados a g\u00eanero na internet, incentivando a participa\u00e7\u00e3o de novas editoras na Wikip\u00e9dia, que e \u00e9 o maior e mais popular site de refer\u00eancia de conte\u00fado geral na internet. Nesta edi\u00e7\u00e3o o tema \u00e9 Arte e Trabalho, em observa\u00e7\u00e3o ao m\u00eas de maio das Trabalhadoras e Trabalhadores e suas abrang\u00eancias na pr\u00e1tica e pesquisa art\u00edsticas.<\/p>\n<p>As edit-a-thons, s\u00e3o eventos que ensinam a qualquer pessoa como editar a Wikip\u00e9dia, visando o aumento e visibilidade das hist\u00f3rias de mulheres cis, transg\u00eaneros e indiv\u00edduos n\u00e3o-bin\u00e1rios, como o texto sobre a artista Fernanda Grigolin, ajudando dessa forma a diminuir a defasagem de colabora\u00e7\u00e3o, onde as pessoas trans e n\u00e3o bin\u00e1rios n\u00e3o existem e as mulheres s\u00e3o apenas 10% de seus editores.<\/p>\n<p><strong>Fernanda Grigolin<\/strong> \u00e9 a artista convidada da \u201cEdit \u2013 a \u2013 thon Artes + Feminismos I Arte e Trabalho\u201d. Sou Aquela Mulher do Canto Esquerdo do Quadro \u00e9 uma narrativa encarnada sobre mulheres anarquistas que viveram no Brasil, M\u00e9xico e Argentina no s\u00e9culo passado. Uma oper\u00e1ria, A Mulher do Canto Esquerdo do Quadro, que viveu parte de sua vida (1900 a 1968) no bairro do Ipiranga, S\u00e3o Paulo \u00e9 a narradora da hist\u00f3ria. Trechos de publica\u00e7\u00f5es de mulheres anarquistas, como Maria Lacerda de Moura, Maria A Soares e Luce Fabbri, convivem com relatos sobre as persegui\u00e7\u00f5es, as greves e o cotidiano. Sua amiga, Tita Mundo, \u00e9 outra voz presente no livro e ela relata suas atividades grevistas no Brasil, M\u00e9xico e Argentina. Eventos ordin\u00e1rios e documentos se cruzam com fatos hist\u00f3ricos, como a Greve de 1917 em S\u00e3o Paulo, Greve dos Inquilinos em Veracruz e fluxos migrat\u00f3rios entre Brasil e Argentina. A artista \u00e9 doutora em Artes Visuais pela Unicamp; autora nos projetos Tenda de Livros e Jornal de Borda; \u00e9 artista indicada ao Pr\u00eamio PIPA 2020.<\/p>\n<p><a href=\"https:\/\/youtu.be\/2huGe7ek9RU\" target=\"_blank\" rel=\"noopener noreferrer\">V\u00eddeo sobre\u00a0 o trabalho da artista<\/a><\/p>\n<h4>Importante<\/h4>\n<p>O evento \u00e9 aberto ao p\u00fablico, n\u00e3o tem limite de vagas e n\u00e3o exige conhecimento pr\u00e9vio.<\/p>\n<h4>Como participar<\/h4>\n<ol>\n<li>Inscreva-se clicando <a href=\"https:\/\/docs.google.com\/forms\/d\/e\/1FAIpQLSda8wbj4LW-hV8DX-FIQk6gU3o3GUM_ukvq7V-Z9z6oq1t3NQ\/viewform\" target=\"_blank\" rel=\"noopener noreferrer\">AQUI<\/a> ou <a href=\"https:\/\/docs.google.com\/forms\/d\/1uF2HiLj__MpwHAP1qA0sYCS8Kve-fjuv1CFbQ7kiEOw\/edit\" target=\"_blank\" rel=\"noopener noreferrer\">preencha esse formul\u00e1rio<\/a>.<\/li>\n<li>Antes de entrar na sala de reuni\u00e3o <a href=\"https:\/\/upload.wikimedia.org\/wikipedia\/commons\/e\/e0\/2020_GUIA_R%25C3%2581PIDO_EDITAR_WIKIP%25C3%2589DIA_Portugu%25C3%25AAs.pdf\" target=\"_blank\" rel=\"noopener noreferrer\">crie um perfil na Wikip\u00e9dia atrav\u00e9s deste Guia R\u00e1pido<\/a><\/li>\n<li><a href=\"https:\/\/zoom.us\/pt-pt\/meetings.html\" target=\"_blank\" rel=\"noopener noreferrer\">Abra um cadastro na plataforma Zoom<\/a><\/li>\n<li>Nos dias 23 e 24 de maio, a partir das 14h, clique em \u201cEntrar em uma Reuni\u00e3o\u201d<\/li>\n<li>Adicione o ID da reuni\u00e3o: <strong>845-103-075<\/strong> para participar da maratona<\/li>\n<\/ol>\n<p>Mais informa\u00e7\u00f5es do evento <a href=\"https:\/\/pt.wikipedia.org\/wiki\/Wikip%C3%A9dia:Edit-a-thon\/Atividades_em_portugu%C3%AAs\/Editatona_Artes%2BFeminismos_-_Arte_e_Trabalho\" target=\"_blank\" rel=\"noopener noreferrer\">nesse site<\/a>.<\/p>\n<hr \/>\n<p>Realiza\u00e7\u00e3o: <a href=\"http:\/\/napupila.com.br\/\">http:\/\/napupila.com.br\/<\/a><br \/>\nApoio: <a href=\"http:\/\/www.artandfeminism.org\" target=\"_blank\" rel=\"noopener noreferrer\">www.artandfeminism.org<\/a><br \/>\nParceria: <a href=\"http:\/\/Instituto Moreira Salles (IMS)\" target=\"_blank\" rel=\"noopener noreferrer\">Instituto Moreira Salles (IMS)<\/a> e <a href=\"http:\/\/Wiki Movimento Brasil (WMB)\" target=\"_blank\" rel=\"noopener noreferrer\">Wiki Movimento Brasil (WMB)<\/a><\/p>\n","protected":false},"excerpt":{"rendered":"<p>&nbsp; O Hub de pesquisa curatorial NaPupila, co fundado por Ana Lobo, Julia Baker e Michaela Blanc, sentiram a necessidade de tornar as discuss\u00f5es sobre as quest\u00f5es de g\u00eanero mais vis\u00edveis, e resolveram destacar t\u00f3picos feministas em suas produ\u00e7\u00f5es, visando&hellip;<\/p>\n","protected":false},"author":1817,"featured_media":1114704,"comment_status":"closed","ping_status":"closed","sticky":false,"template":"","format":"standard","meta":{"footnotes":""},"categories":[104,11390,112,54514],"tags":[76045,2744,76044,55087,18994,75388],"class_list":["post-1114657","post","type-post","status-publish","format-standard","has-post-thumbnail","hentry","category-america-do-sul","category-conteudo-original","category-cultura-pt-pt","category-genero-e-feminismos","tag-arte-pt-pt","tag-brasil","tag-editatona","tag-feminismos-pt-pt","tag-mulheres","tag-rio-pt-pt"],"yoast_head":"<!-- This site is optimized with the Yoast SEO plugin v27.1.1 - https:\/\/yoast.com\/product\/yoast-seo-wordpress\/ -->\n<title>Editatona Artes+Feminismos - Arte &amp; Trabalho<\/title>\n<meta name=\"description\" content=\"&nbsp; O Hub de pesquisa curatorial NaPupila, co fundado por Ana Lobo, Julia Baker e Michaela Blanc, sentiram a necessidade de tornar as discuss\u00f5es sobre\" \/>\n<meta name=\"robots\" content=\"index, follow, max-snippet:-1, max-image-preview:large, max-video-preview:-1\" \/>\n<link rel=\"canonical\" href=\"https:\/\/www.pressenza.com\/pt-pt\/2020\/05\/editatona-artesfeminismos-arte-trabalho\/\" \/>\n<meta property=\"og:locale\" content=\"pt_PT\" \/>\n<meta property=\"og:type\" content=\"article\" \/>\n<meta property=\"og:title\" content=\"Editatona Artes+Feminismos - Arte &amp; Trabalho\" \/>\n<meta property=\"og:description\" content=\"&nbsp; O Hub de pesquisa curatorial NaPupila, co fundado por Ana Lobo, Julia Baker e Michaela Blanc, sentiram a necessidade de tornar as discuss\u00f5es sobre\" \/>\n<meta property=\"og:url\" content=\"https:\/\/www.pressenza.com\/pt-pt\/2020\/05\/editatona-artesfeminismos-arte-trabalho\/\" \/>\n<meta property=\"og:site_name\" content=\"Pressenza\" \/>\n<meta property=\"article:publisher\" content=\"https:\/\/www.facebook.com\/PressenzaItalia\" \/>\n<meta property=\"article:published_time\" content=\"2020-05-22T17:07:46+00:00\" \/>\n<meta property=\"article:modified_time\" content=\"2020-05-22T17:09:07+00:00\" \/>\n<meta property=\"og:image\" content=\"https:\/\/www.pressenza.com\/wp-content\/uploads\/2020\/05\/Fernanda-Grigolin-2017-2020.jpg\" \/>\n\t<meta property=\"og:image:width\" content=\"800\" \/>\n\t<meta property=\"og:image:height\" content=\"450\" \/>\n\t<meta property=\"og:image:type\" content=\"image\/jpeg\" \/>\n<meta name=\"author\" content=\"Jacqueline Melo\" \/>\n<meta name=\"twitter:card\" content=\"summary_large_image\" \/>\n<meta name=\"twitter:creator\" content=\"@PressenzaIPA\" \/>\n<meta name=\"twitter:site\" content=\"@PressenzaIPA\" \/>\n<meta name=\"twitter:label1\" content=\"Escrito por\" \/>\n\t<meta name=\"twitter:data1\" content=\"Jacqueline Melo\" \/>\n\t<meta name=\"twitter:label2\" content=\"Tempo estimado de leitura\" \/>\n\t<meta name=\"twitter:data2\" content=\"3 minutos\" \/>\n<script type=\"application\/ld+json\" class=\"yoast-schema-graph\">{\"@context\":\"https:\/\/schema.org\",\"@graph\":[{\"@type\":\"Article\",\"@id\":\"https:\/\/www.pressenza.com\/pt-pt\/2020\/05\/editatona-artesfeminismos-arte-trabalho\/#article\",\"isPartOf\":{\"@id\":\"https:\/\/www.pressenza.com\/pt-pt\/2020\/05\/editatona-artesfeminismos-arte-trabalho\/\"},\"author\":{\"name\":\"Jacqueline Melo\",\"@id\":\"https:\/\/www.pressenza.com\/pt-pt\/#\/schema\/person\/94ffdf3f1a8e8a8e515cc11121074ccf\"},\"headline\":\"Editatona Artes+Feminismos &#8211; Arte &#038; Trabalho\",\"datePublished\":\"2020-05-22T17:07:46+00:00\",\"dateModified\":\"2020-05-22T17:09:07+00:00\",\"mainEntityOfPage\":{\"@id\":\"https:\/\/www.pressenza.com\/pt-pt\/2020\/05\/editatona-artesfeminismos-arte-trabalho\/\"},\"wordCount\":631,\"publisher\":{\"@id\":\"https:\/\/www.pressenza.com\/pt-pt\/#organization\"},\"image\":{\"@id\":\"https:\/\/www.pressenza.com\/pt-pt\/2020\/05\/editatona-artesfeminismos-arte-trabalho\/#primaryimage\"},\"thumbnailUrl\":\"https:\/\/www.pressenza.com\/wp-content\/uploads\/2020\/05\/Fernanda-Grigolin-2017-2020.jpg\",\"keywords\":[\"arte\",\"Brasil\",\"Editatona\",\"feminismos\",\"Mulheres\",\"Rio\"],\"articleSection\":[\"\u00c1m\u00e9rica do Sul\",\"Conte\u00fado Original\",\"Cultura e M\u00eddia\",\"G\u00eanero e feminismos\"],\"inLanguage\":\"pt-PT\"},{\"@type\":\"WebPage\",\"@id\":\"https:\/\/www.pressenza.com\/pt-pt\/2020\/05\/editatona-artesfeminismos-arte-trabalho\/\",\"url\":\"https:\/\/www.pressenza.com\/pt-pt\/2020\/05\/editatona-artesfeminismos-arte-trabalho\/\",\"name\":\"Editatona Artes+Feminismos - Arte & Trabalho\",\"isPartOf\":{\"@id\":\"https:\/\/www.pressenza.com\/pt-pt\/#website\"},\"primaryImageOfPage\":{\"@id\":\"https:\/\/www.pressenza.com\/pt-pt\/2020\/05\/editatona-artesfeminismos-arte-trabalho\/#primaryimage\"},\"image\":{\"@id\":\"https:\/\/www.pressenza.com\/pt-pt\/2020\/05\/editatona-artesfeminismos-arte-trabalho\/#primaryimage\"},\"thumbnailUrl\":\"https:\/\/www.pressenza.com\/wp-content\/uploads\/2020\/05\/Fernanda-Grigolin-2017-2020.jpg\",\"datePublished\":\"2020-05-22T17:07:46+00:00\",\"dateModified\":\"2020-05-22T17:09:07+00:00\",\"description\":\"&nbsp; O Hub de pesquisa curatorial NaPupila, co fundado por Ana Lobo, Julia Baker e Michaela Blanc, sentiram a necessidade de tornar as discuss\u00f5es sobre\",\"breadcrumb\":{\"@id\":\"https:\/\/www.pressenza.com\/pt-pt\/2020\/05\/editatona-artesfeminismos-arte-trabalho\/#breadcrumb\"},\"inLanguage\":\"pt-PT\",\"potentialAction\":[{\"@type\":\"ReadAction\",\"target\":[\"https:\/\/www.pressenza.com\/pt-pt\/2020\/05\/editatona-artesfeminismos-arte-trabalho\/\"]}]},{\"@type\":\"ImageObject\",\"inLanguage\":\"pt-PT\",\"@id\":\"https:\/\/www.pressenza.com\/pt-pt\/2020\/05\/editatona-artesfeminismos-arte-trabalho\/#primaryimage\",\"url\":\"https:\/\/www.pressenza.com\/wp-content\/uploads\/2020\/05\/Fernanda-Grigolin-2017-2020.jpg\",\"contentUrl\":\"https:\/\/www.pressenza.com\/wp-content\/uploads\/2020\/05\/Fernanda-Grigolin-2017-2020.jpg\",\"width\":800,\"height\":450},{\"@type\":\"BreadcrumbList\",\"@id\":\"https:\/\/www.pressenza.com\/pt-pt\/2020\/05\/editatona-artesfeminismos-arte-trabalho\/#breadcrumb\",\"itemListElement\":[{\"@type\":\"ListItem\",\"position\":1,\"name\":\"Accueil\",\"item\":\"https:\/\/www.pressenza.com\/pt-pt\/\"},{\"@type\":\"ListItem\",\"position\":2,\"name\":\"Editatona Artes+Feminismos &#8211; Arte &#038; Trabalho\"}]},{\"@type\":\"WebSite\",\"@id\":\"https:\/\/www.pressenza.com\/pt-pt\/#website\",\"url\":\"https:\/\/www.pressenza.com\/pt-pt\/\",\"name\":\"Pressenza\",\"description\":\"International Press Agency\",\"publisher\":{\"@id\":\"https:\/\/www.pressenza.com\/pt-pt\/#organization\"},\"potentialAction\":[{\"@type\":\"SearchAction\",\"target\":{\"@type\":\"EntryPoint\",\"urlTemplate\":\"https:\/\/www.pressenza.com\/pt-pt\/?s={search_term_string}\"},\"query-input\":{\"@type\":\"PropertyValueSpecification\",\"valueRequired\":true,\"valueName\":\"search_term_string\"}}],\"inLanguage\":\"pt-PT\"},{\"@type\":\"Organization\",\"@id\":\"https:\/\/www.pressenza.com\/pt-pt\/#organization\",\"name\":\"Pressenza\",\"url\":\"https:\/\/www.pressenza.com\/pt-pt\/\",\"logo\":{\"@type\":\"ImageObject\",\"inLanguage\":\"pt-PT\",\"@id\":\"https:\/\/www.pressenza.com\/pt-pt\/#\/schema\/logo\/image\/\",\"url\":\"https:\/\/www.pressenza.com\/wp-content\/uploads\/2022\/10\/pressenza_logo_200x200.jpg\",\"contentUrl\":\"https:\/\/www.pressenza.com\/wp-content\/uploads\/2022\/10\/pressenza_logo_200x200.jpg\",\"width\":200,\"height\":200,\"caption\":\"Pressenza\"},\"image\":{\"@id\":\"https:\/\/www.pressenza.com\/pt-pt\/#\/schema\/logo\/image\/\"},\"sameAs\":[\"https:\/\/www.facebook.com\/PressenzaItalia\",\"https:\/\/x.com\/PressenzaIPA\"]},{\"@type\":\"Person\",\"@id\":\"https:\/\/www.pressenza.com\/pt-pt\/#\/schema\/person\/94ffdf3f1a8e8a8e515cc11121074ccf\",\"name\":\"Jacqueline Melo\",\"description\":\"\u00c9 humanista, produtora de cinema e se dedica a produ\u00e7\u00e3o e desenvolvimento de projetos culturais.\",\"url\":\"https:\/\/www.pressenza.com\/pt-pt\/author\/jacqueline-melo\/\"}]}<\/script>\n<!-- \/ Yoast SEO plugin. -->","yoast_head_json":{"title":"Editatona Artes+Feminismos - Arte & Trabalho","description":"&nbsp; O Hub de pesquisa curatorial NaPupila, co fundado por Ana Lobo, Julia Baker e Michaela Blanc, sentiram a necessidade de tornar as discuss\u00f5es sobre","robots":{"index":"index","follow":"follow","max-snippet":"max-snippet:-1","max-image-preview":"max-image-preview:large","max-video-preview":"max-video-preview:-1"},"canonical":"https:\/\/www.pressenza.com\/pt-pt\/2020\/05\/editatona-artesfeminismos-arte-trabalho\/","og_locale":"pt_PT","og_type":"article","og_title":"Editatona Artes+Feminismos - Arte & Trabalho","og_description":"&nbsp; O Hub de pesquisa curatorial NaPupila, co fundado por Ana Lobo, Julia Baker e Michaela Blanc, sentiram a necessidade de tornar as discuss\u00f5es sobre","og_url":"https:\/\/www.pressenza.com\/pt-pt\/2020\/05\/editatona-artesfeminismos-arte-trabalho\/","og_site_name":"Pressenza","article_publisher":"https:\/\/www.facebook.com\/PressenzaItalia","article_published_time":"2020-05-22T17:07:46+00:00","article_modified_time":"2020-05-22T17:09:07+00:00","og_image":[{"width":800,"height":450,"url":"https:\/\/www.pressenza.com\/wp-content\/uploads\/2020\/05\/Fernanda-Grigolin-2017-2020.jpg","type":"image\/jpeg"}],"author":"Jacqueline Melo","twitter_card":"summary_large_image","twitter_creator":"@PressenzaIPA","twitter_site":"@PressenzaIPA","twitter_misc":{"Escrito por":"Jacqueline Melo","Tempo estimado de leitura":"3 minutos"},"schema":{"@context":"https:\/\/schema.org","@graph":[{"@type":"Article","@id":"https:\/\/www.pressenza.com\/pt-pt\/2020\/05\/editatona-artesfeminismos-arte-trabalho\/#article","isPartOf":{"@id":"https:\/\/www.pressenza.com\/pt-pt\/2020\/05\/editatona-artesfeminismos-arte-trabalho\/"},"author":{"name":"Jacqueline Melo","@id":"https:\/\/www.pressenza.com\/pt-pt\/#\/schema\/person\/94ffdf3f1a8e8a8e515cc11121074ccf"},"headline":"Editatona Artes+Feminismos &#8211; Arte &#038; Trabalho","datePublished":"2020-05-22T17:07:46+00:00","dateModified":"2020-05-22T17:09:07+00:00","mainEntityOfPage":{"@id":"https:\/\/www.pressenza.com\/pt-pt\/2020\/05\/editatona-artesfeminismos-arte-trabalho\/"},"wordCount":631,"publisher":{"@id":"https:\/\/www.pressenza.com\/pt-pt\/#organization"},"image":{"@id":"https:\/\/www.pressenza.com\/pt-pt\/2020\/05\/editatona-artesfeminismos-arte-trabalho\/#primaryimage"},"thumbnailUrl":"https:\/\/www.pressenza.com\/wp-content\/uploads\/2020\/05\/Fernanda-Grigolin-2017-2020.jpg","keywords":["arte","Brasil","Editatona","feminismos","Mulheres","Rio"],"articleSection":["\u00c1m\u00e9rica do Sul","Conte\u00fado Original","Cultura e M\u00eddia","G\u00eanero e feminismos"],"inLanguage":"pt-PT"},{"@type":"WebPage","@id":"https:\/\/www.pressenza.com\/pt-pt\/2020\/05\/editatona-artesfeminismos-arte-trabalho\/","url":"https:\/\/www.pressenza.com\/pt-pt\/2020\/05\/editatona-artesfeminismos-arte-trabalho\/","name":"Editatona Artes+Feminismos - Arte & Trabalho","isPartOf":{"@id":"https:\/\/www.pressenza.com\/pt-pt\/#website"},"primaryImageOfPage":{"@id":"https:\/\/www.pressenza.com\/pt-pt\/2020\/05\/editatona-artesfeminismos-arte-trabalho\/#primaryimage"},"image":{"@id":"https:\/\/www.pressenza.com\/pt-pt\/2020\/05\/editatona-artesfeminismos-arte-trabalho\/#primaryimage"},"thumbnailUrl":"https:\/\/www.pressenza.com\/wp-content\/uploads\/2020\/05\/Fernanda-Grigolin-2017-2020.jpg","datePublished":"2020-05-22T17:07:46+00:00","dateModified":"2020-05-22T17:09:07+00:00","description":"&nbsp; O Hub de pesquisa curatorial NaPupila, co fundado por Ana Lobo, Julia Baker e Michaela Blanc, sentiram a necessidade de tornar as discuss\u00f5es sobre","breadcrumb":{"@id":"https:\/\/www.pressenza.com\/pt-pt\/2020\/05\/editatona-artesfeminismos-arte-trabalho\/#breadcrumb"},"inLanguage":"pt-PT","potentialAction":[{"@type":"ReadAction","target":["https:\/\/www.pressenza.com\/pt-pt\/2020\/05\/editatona-artesfeminismos-arte-trabalho\/"]}]},{"@type":"ImageObject","inLanguage":"pt-PT","@id":"https:\/\/www.pressenza.com\/pt-pt\/2020\/05\/editatona-artesfeminismos-arte-trabalho\/#primaryimage","url":"https:\/\/www.pressenza.com\/wp-content\/uploads\/2020\/05\/Fernanda-Grigolin-2017-2020.jpg","contentUrl":"https:\/\/www.pressenza.com\/wp-content\/uploads\/2020\/05\/Fernanda-Grigolin-2017-2020.jpg","width":800,"height":450},{"@type":"BreadcrumbList","@id":"https:\/\/www.pressenza.com\/pt-pt\/2020\/05\/editatona-artesfeminismos-arte-trabalho\/#breadcrumb","itemListElement":[{"@type":"ListItem","position":1,"name":"Accueil","item":"https:\/\/www.pressenza.com\/pt-pt\/"},{"@type":"ListItem","position":2,"name":"Editatona Artes+Feminismos &#8211; Arte &#038; Trabalho"}]},{"@type":"WebSite","@id":"https:\/\/www.pressenza.com\/pt-pt\/#website","url":"https:\/\/www.pressenza.com\/pt-pt\/","name":"Pressenza","description":"International Press Agency","publisher":{"@id":"https:\/\/www.pressenza.com\/pt-pt\/#organization"},"potentialAction":[{"@type":"SearchAction","target":{"@type":"EntryPoint","urlTemplate":"https:\/\/www.pressenza.com\/pt-pt\/?s={search_term_string}"},"query-input":{"@type":"PropertyValueSpecification","valueRequired":true,"valueName":"search_term_string"}}],"inLanguage":"pt-PT"},{"@type":"Organization","@id":"https:\/\/www.pressenza.com\/pt-pt\/#organization","name":"Pressenza","url":"https:\/\/www.pressenza.com\/pt-pt\/","logo":{"@type":"ImageObject","inLanguage":"pt-PT","@id":"https:\/\/www.pressenza.com\/pt-pt\/#\/schema\/logo\/image\/","url":"https:\/\/www.pressenza.com\/wp-content\/uploads\/2022\/10\/pressenza_logo_200x200.jpg","contentUrl":"https:\/\/www.pressenza.com\/wp-content\/uploads\/2022\/10\/pressenza_logo_200x200.jpg","width":200,"height":200,"caption":"Pressenza"},"image":{"@id":"https:\/\/www.pressenza.com\/pt-pt\/#\/schema\/logo\/image\/"},"sameAs":["https:\/\/www.facebook.com\/PressenzaItalia","https:\/\/x.com\/PressenzaIPA"]},{"@type":"Person","@id":"https:\/\/www.pressenza.com\/pt-pt\/#\/schema\/person\/94ffdf3f1a8e8a8e515cc11121074ccf","name":"Jacqueline Melo","description":"\u00c9 humanista, produtora de cinema e se dedica a produ\u00e7\u00e3o e desenvolvimento de projetos culturais.","url":"https:\/\/www.pressenza.com\/pt-pt\/author\/jacqueline-melo\/"}]}},"place":"Rio de Janeiro, Brasil","original_article_url":"","_links":{"self":[{"href":"https:\/\/www.pressenza.com\/pt-pt\/wp-json\/wp\/v2\/posts\/1114657","targetHints":{"allow":["GET"]}}],"collection":[{"href":"https:\/\/www.pressenza.com\/pt-pt\/wp-json\/wp\/v2\/posts"}],"about":[{"href":"https:\/\/www.pressenza.com\/pt-pt\/wp-json\/wp\/v2\/types\/post"}],"author":[{"embeddable":true,"href":"https:\/\/www.pressenza.com\/pt-pt\/wp-json\/wp\/v2\/users\/1817"}],"replies":[{"embeddable":true,"href":"https:\/\/www.pressenza.com\/pt-pt\/wp-json\/wp\/v2\/comments?post=1114657"}],"version-history":[{"count":0,"href":"https:\/\/www.pressenza.com\/pt-pt\/wp-json\/wp\/v2\/posts\/1114657\/revisions"}],"wp:featuredmedia":[{"embeddable":true,"href":"https:\/\/www.pressenza.com\/pt-pt\/wp-json\/wp\/v2\/media\/1114704"}],"wp:attachment":[{"href":"https:\/\/www.pressenza.com\/pt-pt\/wp-json\/wp\/v2\/media?parent=1114657"}],"wp:term":[{"taxonomy":"category","embeddable":true,"href":"https:\/\/www.pressenza.com\/pt-pt\/wp-json\/wp\/v2\/categories?post=1114657"},{"taxonomy":"post_tag","embeddable":true,"href":"https:\/\/www.pressenza.com\/pt-pt\/wp-json\/wp\/v2\/tags?post=1114657"}],"curies":[{"name":"wp","href":"https:\/\/api.w.org\/{rel}","templated":true}]}}