{"id":1108578,"date":"2020-05-17T03:53:44","date_gmt":"2020-05-17T02:53:44","guid":{"rendered":"https:\/\/www.pressenza.com\/?p=1108578"},"modified":"2020-05-17T01:06:59","modified_gmt":"2020-05-17T00:06:59","slug":"dayse-gomis-comecei-a-tentar-e-foi-dando-certo","status":"publish","type":"post","link":"https:\/\/www.pressenza.com\/pt-pt\/2020\/05\/dayse-gomis-comecei-a-tentar-e-foi-dando-certo\/","title":{"rendered":"Dayse Gomis: &#8220;Comecei a tentar e foi dando certo&#8221;"},"content":{"rendered":"<h5><span style=\"color: #999999;\">ENTREVISTA | ILUSTRA\u00c7\u00c3O<br \/>\n<\/span><\/h5>\n<p>&nbsp;<\/p>\n<p>&nbsp;<\/p>\n<p>Dayse Gomis, 35 anos \u00e9 a nova colaboradora do caderno de cultura da Pressenza. Artista Pl\u00e1stica pela Universidade Metodista Bennett do Rio de Janeiro, se descobriu uma prol\u00edfica desenhista ao comprar um tablet, h\u00e1 nove anos.<\/p>\n<p><strong>\u2013Como descobriu sua habilidade para a ilustra\u00e7\u00e3o?<\/strong><\/p>\n<p>\u2013Encontrei no tablet, um app, uma esp\u00e9cie de caderno de desenho que tinha op\u00e7\u00f5es de reproduzir. Comecei a tentar e foi dando \u201ccerto\u201d.<\/p>\n<p><strong>\u2013O que te leva a criar, a desenhar, qual sua motiva\u00e7\u00e3o?<\/strong><\/p>\n<p>\u2013Identifico em minha trajet\u00f3ria de ativista que os tra\u00e7os \u201cfalam\u201d de forma mais did\u00e1tica do que muitas das vezes minhas palavras. As a\u00e7\u00f5es pol\u00edticas negativas e positivas em meu cotidiano me motivam a fazer den\u00fancias ou celebra\u00e7\u00f5es.<\/p>\n<p><strong>\u2013Sua arte \u00e9 militante?<\/strong><\/p>\n<p>\u2013Sim, integralmente. Ao iniciar pela composi\u00e7\u00e3o. Ao representar minhas personagens o protagonismo \u00e9 de pretx, obesxs, gays, trans, cadeirantes, faveladxs, ind\u00edgenas, mulheres&#8230;<\/p>\n<p><strong>\u2013A Casa das Pretas, do que se trata? Quando foi fundada? Que projetos dali saem pro mundo?<\/strong><\/p>\n<p>\u2013Sou volunt\u00e1ria e parceira na Casa, n\u00e3o trabalho diretamente. Mas posso informar que a Casa das Pretas \u00e9 um espa\u00e7o de encontros, acolhimento, de produ\u00e7\u00e3o e pr\u00e1tica de saberes espec\u00edficos da viv\u00eancia das Mulheres Negras. Foi fundada dia 20 de abril de 2017. Diversos Encontros e desdobramentos s\u00e3o feitos e em diferentes \u00e1reas. Para n\u00e3o deixar d\u00favida do que \u00e9 e o que move conferem a pagina e site da Casa. Security Check Required @casadaspretas<\/p>\n<p><strong>\u2013Cite uma artista, escritora, uma pessoa p\u00fablica, ou refer\u00eancia pol\u00edtica.<\/strong><\/p>\n<p>\u2013Temos uma mulher important\u00edssima que me encanta: Carolina Maria de Jesus. E gosto muito das que escrevem e fazem denuncias em forma de can\u00e7\u00e3o: Nina Simone, Elza Soares, Leci Brand\u00e3o, Lo\u00efs Mailou Jones<\/p>\n<p><strong>\u2013Certa vez vc me contou que desenha direto na tela do celular e que ali se sentia mais segura do que com l\u00e1pis ou tintas. Vc acha que viramos uns ciborgues, nos relacionamos mais com telas e v\u00eddeos do que terras, tintas e meios de express\u00e3o tradicionais?<\/strong><\/p>\n<p>Os tra\u00e7os e filmes s\u00e3o minhas formas de express\u00e3o favoritas e eu sou um ser ainda n\u00e3o programada por inteiro. Fui gerada de sete para oito meses. Acho que tenho mais limita\u00e7\u00f5es que outras pessoas, que tenho mais ansiedades. Acho que n\u00e3o consigo acessar &#8211; na mem\u00f3ria &#8211; e com seguran\u00e7a, lugares e \u201ccoisas\u201d que outras pessoas, conseguem.<\/p>\n<p><strong>\u2013Se pudesse gritar ao mundo tr\u00eas palavras que ficassem ecoando no ar por um ano, quais seriam?<\/strong><\/p>\n<p>1) LIBERDADE, 2) AMOR, 3)PODER<\/p>\n<p><strong>\u2013Que territ\u00f3rios vc mira conquistar?<\/strong><\/p>\n<p>\u2013O mundo! Sou Dayse Gomis, tenho inseguran\u00e7as absurdas e fortes desejos incalcul\u00e1veis. Medos que n\u00e3o consigo descrever e coragem enlouquecida que s\u00f3 cabe em meu ser.<\/p>\n<hr \/>\n<p>Veja o trabalho de <a href=\"https:\/\/www.instagram.com\/daysegomis\/\" target=\"_blank\" rel=\"noopener noreferrer\">Dayse pelo instagram<\/a><\/p>\n","protected":false},"excerpt":{"rendered":"<p>ENTREVISTA | ILUSTRA\u00c7\u00c3O &nbsp; &nbsp; Dayse Gomis, 35 anos \u00e9 a nova colaboradora do caderno de cultura da Pressenza. Artista Pl\u00e1stica pela Universidade Metodista Bennett do Rio de Janeiro, se descobriu uma prol\u00edfica desenhista ao comprar um tablet, h\u00e1 nove&hellip;<\/p>\n","protected":false},"author":1825,"featured_media":1108579,"comment_status":"closed","ping_status":"closed","sticky":false,"template":"","format":"standard","meta":{"footnotes":""},"categories":[104,11390,112,159],"tags":[75238,75717,75716],"class_list":["post-1108578","post","type-post","status-publish","format-standard","has-post-thumbnail","hentry","category-america-do-sul","category-conteudo-original","category-cultura-pt-pt","category-entrevista-pt-pt","tag-caderno-de-cultura","tag-casa-das-pretas","tag-ilustracoes"],"yoast_head":"<!-- This site is optimized with the Yoast SEO plugin v27.1.1 - https:\/\/yoast.com\/product\/yoast-seo-wordpress\/ -->\n<title>Dayse Gomis: &quot;Comecei a tentar e foi dando certo&quot;<\/title>\n<meta name=\"description\" content=\"ENTREVISTA | ILUSTRA\u00c7\u00c3O &nbsp; &nbsp; Dayse Gomis, 35 anos \u00e9 a nova colaboradora do caderno de cultura da Pressenza. Artista Pl\u00e1stica pela Universidade\" \/>\n<meta name=\"robots\" content=\"index, follow, max-snippet:-1, max-image-preview:large, max-video-preview:-1\" \/>\n<link rel=\"canonical\" href=\"https:\/\/www.pressenza.com\/pt-pt\/2020\/05\/dayse-gomis-comecei-a-tentar-e-foi-dando-certo\/\" \/>\n<meta property=\"og:locale\" content=\"pt_PT\" \/>\n<meta property=\"og:type\" content=\"article\" \/>\n<meta property=\"og:title\" content=\"Dayse Gomis: &quot;Comecei a tentar e foi dando certo&quot;\" \/>\n<meta property=\"og:description\" content=\"ENTREVISTA | ILUSTRA\u00c7\u00c3O &nbsp; &nbsp; Dayse Gomis, 35 anos \u00e9 a nova colaboradora do caderno de cultura da Pressenza. Artista Pl\u00e1stica pela Universidade\" \/>\n<meta property=\"og:url\" content=\"https:\/\/www.pressenza.com\/pt-pt\/2020\/05\/dayse-gomis-comecei-a-tentar-e-foi-dando-certo\/\" \/>\n<meta property=\"og:site_name\" content=\"Pressenza\" \/>\n<meta property=\"article:publisher\" content=\"https:\/\/www.facebook.com\/PressenzaItalia\" \/>\n<meta property=\"article:published_time\" content=\"2020-05-17T02:53:44+00:00\" \/>\n<meta property=\"og:image\" content=\"https:\/\/www.pressenza.com\/wp-content\/uploads\/2020\/05\/Dayse.jpg\" \/>\n\t<meta property=\"og:image:width\" content=\"720\" \/>\n\t<meta property=\"og:image:height\" content=\"773\" \/>\n\t<meta property=\"og:image:type\" content=\"image\/jpeg\" \/>\n<meta name=\"author\" content=\"Carlos Contente\" \/>\n<meta name=\"twitter:card\" content=\"summary_large_image\" \/>\n<meta name=\"twitter:creator\" content=\"@contentestudio\" \/>\n<meta name=\"twitter:site\" content=\"@PressenzaIPA\" \/>\n<meta name=\"twitter:label1\" content=\"Escrito por\" \/>\n\t<meta name=\"twitter:data1\" content=\"Carlos Contente\" \/>\n\t<meta name=\"twitter:label2\" content=\"Tempo estimado de leitura\" \/>\n\t<meta name=\"twitter:data2\" content=\"2 minutos\" \/>\n<script type=\"application\/ld+json\" class=\"yoast-schema-graph\">{\"@context\":\"https:\/\/schema.org\",\"@graph\":[{\"@type\":\"Article\",\"@id\":\"https:\/\/www.pressenza.com\/pt-pt\/2020\/05\/dayse-gomis-comecei-a-tentar-e-foi-dando-certo\/#article\",\"isPartOf\":{\"@id\":\"https:\/\/www.pressenza.com\/pt-pt\/2020\/05\/dayse-gomis-comecei-a-tentar-e-foi-dando-certo\/\"},\"author\":{\"name\":\"Carlos Contente\",\"@id\":\"https:\/\/www.pressenza.com\/pt-pt\/#\/schema\/person\/50a2b2b460478f3470944fbaca4d4836\"},\"headline\":\"Dayse Gomis: &#8220;Comecei a tentar e foi dando certo&#8221;\",\"datePublished\":\"2020-05-17T02:53:44+00:00\",\"mainEntityOfPage\":{\"@id\":\"https:\/\/www.pressenza.com\/pt-pt\/2020\/05\/dayse-gomis-comecei-a-tentar-e-foi-dando-certo\/\"},\"wordCount\":492,\"publisher\":{\"@id\":\"https:\/\/www.pressenza.com\/pt-pt\/#organization\"},\"image\":{\"@id\":\"https:\/\/www.pressenza.com\/pt-pt\/2020\/05\/dayse-gomis-comecei-a-tentar-e-foi-dando-certo\/#primaryimage\"},\"thumbnailUrl\":\"https:\/\/www.pressenza.com\/wp-content\/uploads\/2020\/05\/Dayse.jpg\",\"keywords\":[\"caderno de cultura\",\"Casa das Pretas\",\"ilustra\u00e7\u00f5es\"],\"articleSection\":[\"\u00c1m\u00e9rica do Sul\",\"Conte\u00fado Original\",\"Cultura e M\u00eddia\",\"Entrevista\"],\"inLanguage\":\"pt-PT\"},{\"@type\":\"WebPage\",\"@id\":\"https:\/\/www.pressenza.com\/pt-pt\/2020\/05\/dayse-gomis-comecei-a-tentar-e-foi-dando-certo\/\",\"url\":\"https:\/\/www.pressenza.com\/pt-pt\/2020\/05\/dayse-gomis-comecei-a-tentar-e-foi-dando-certo\/\",\"name\":\"Dayse Gomis: \\\"Comecei a tentar e foi dando certo\\\"\",\"isPartOf\":{\"@id\":\"https:\/\/www.pressenza.com\/pt-pt\/#website\"},\"primaryImageOfPage\":{\"@id\":\"https:\/\/www.pressenza.com\/pt-pt\/2020\/05\/dayse-gomis-comecei-a-tentar-e-foi-dando-certo\/#primaryimage\"},\"image\":{\"@id\":\"https:\/\/www.pressenza.com\/pt-pt\/2020\/05\/dayse-gomis-comecei-a-tentar-e-foi-dando-certo\/#primaryimage\"},\"thumbnailUrl\":\"https:\/\/www.pressenza.com\/wp-content\/uploads\/2020\/05\/Dayse.jpg\",\"datePublished\":\"2020-05-17T02:53:44+00:00\",\"description\":\"ENTREVISTA | ILUSTRA\u00c7\u00c3O &nbsp; &nbsp; Dayse Gomis, 35 anos \u00e9 a nova colaboradora do caderno de cultura da Pressenza. Artista Pl\u00e1stica pela Universidade\",\"breadcrumb\":{\"@id\":\"https:\/\/www.pressenza.com\/pt-pt\/2020\/05\/dayse-gomis-comecei-a-tentar-e-foi-dando-certo\/#breadcrumb\"},\"inLanguage\":\"pt-PT\",\"potentialAction\":[{\"@type\":\"ReadAction\",\"target\":[\"https:\/\/www.pressenza.com\/pt-pt\/2020\/05\/dayse-gomis-comecei-a-tentar-e-foi-dando-certo\/\"]}]},{\"@type\":\"ImageObject\",\"inLanguage\":\"pt-PT\",\"@id\":\"https:\/\/www.pressenza.com\/pt-pt\/2020\/05\/dayse-gomis-comecei-a-tentar-e-foi-dando-certo\/#primaryimage\",\"url\":\"https:\/\/www.pressenza.com\/wp-content\/uploads\/2020\/05\/Dayse.jpg\",\"contentUrl\":\"https:\/\/www.pressenza.com\/wp-content\/uploads\/2020\/05\/Dayse.jpg\",\"width\":720,\"height\":773},{\"@type\":\"BreadcrumbList\",\"@id\":\"https:\/\/www.pressenza.com\/pt-pt\/2020\/05\/dayse-gomis-comecei-a-tentar-e-foi-dando-certo\/#breadcrumb\",\"itemListElement\":[{\"@type\":\"ListItem\",\"position\":1,\"name\":\"Accueil\",\"item\":\"https:\/\/www.pressenza.com\/pt-pt\/\"},{\"@type\":\"ListItem\",\"position\":2,\"name\":\"Dayse Gomis: &#8220;Comecei a tentar e foi dando certo&#8221;\"}]},{\"@type\":\"WebSite\",\"@id\":\"https:\/\/www.pressenza.com\/pt-pt\/#website\",\"url\":\"https:\/\/www.pressenza.com\/pt-pt\/\",\"name\":\"Pressenza\",\"description\":\"International Press Agency\",\"publisher\":{\"@id\":\"https:\/\/www.pressenza.com\/pt-pt\/#organization\"},\"potentialAction\":[{\"@type\":\"SearchAction\",\"target\":{\"@type\":\"EntryPoint\",\"urlTemplate\":\"https:\/\/www.pressenza.com\/pt-pt\/?s={search_term_string}\"},\"query-input\":{\"@type\":\"PropertyValueSpecification\",\"valueRequired\":true,\"valueName\":\"search_term_string\"}}],\"inLanguage\":\"pt-PT\"},{\"@type\":\"Organization\",\"@id\":\"https:\/\/www.pressenza.com\/pt-pt\/#organization\",\"name\":\"Pressenza\",\"url\":\"https:\/\/www.pressenza.com\/pt-pt\/\",\"logo\":{\"@type\":\"ImageObject\",\"inLanguage\":\"pt-PT\",\"@id\":\"https:\/\/www.pressenza.com\/pt-pt\/#\/schema\/logo\/image\/\",\"url\":\"https:\/\/www.pressenza.com\/wp-content\/uploads\/2022\/10\/pressenza_logo_200x200.jpg\",\"contentUrl\":\"https:\/\/www.pressenza.com\/wp-content\/uploads\/2022\/10\/pressenza_logo_200x200.jpg\",\"width\":200,\"height\":200,\"caption\":\"Pressenza\"},\"image\":{\"@id\":\"https:\/\/www.pressenza.com\/pt-pt\/#\/schema\/logo\/image\/\"},\"sameAs\":[\"https:\/\/www.facebook.com\/PressenzaItalia\",\"https:\/\/x.com\/PressenzaIPA\"]},{\"@type\":\"Person\",\"@id\":\"https:\/\/www.pressenza.com\/pt-pt\/#\/schema\/person\/50a2b2b460478f3470944fbaca4d4836\",\"name\":\"Carlos Contente\",\"description\":\"Carlos Contente \u00e9 artista pl\u00e1stico, professor e ama caf\u00e9.\",\"sameAs\":[\"https:\/\/www.instagram.com\/contentestudio\/\",\"https:\/\/x.com\/contentestudio\"],\"url\":\"https:\/\/www.pressenza.com\/pt-pt\/author\/carlos-contente\/\"}]}<\/script>\n<!-- \/ Yoast SEO plugin. -->","yoast_head_json":{"title":"Dayse Gomis: \"Comecei a tentar e foi dando certo\"","description":"ENTREVISTA | ILUSTRA\u00c7\u00c3O &nbsp; &nbsp; Dayse Gomis, 35 anos \u00e9 a nova colaboradora do caderno de cultura da Pressenza. Artista Pl\u00e1stica pela Universidade","robots":{"index":"index","follow":"follow","max-snippet":"max-snippet:-1","max-image-preview":"max-image-preview:large","max-video-preview":"max-video-preview:-1"},"canonical":"https:\/\/www.pressenza.com\/pt-pt\/2020\/05\/dayse-gomis-comecei-a-tentar-e-foi-dando-certo\/","og_locale":"pt_PT","og_type":"article","og_title":"Dayse Gomis: \"Comecei a tentar e foi dando certo\"","og_description":"ENTREVISTA | ILUSTRA\u00c7\u00c3O &nbsp; &nbsp; Dayse Gomis, 35 anos \u00e9 a nova colaboradora do caderno de cultura da Pressenza. Artista Pl\u00e1stica pela Universidade","og_url":"https:\/\/www.pressenza.com\/pt-pt\/2020\/05\/dayse-gomis-comecei-a-tentar-e-foi-dando-certo\/","og_site_name":"Pressenza","article_publisher":"https:\/\/www.facebook.com\/PressenzaItalia","article_published_time":"2020-05-17T02:53:44+00:00","og_image":[{"width":720,"height":773,"url":"https:\/\/www.pressenza.com\/wp-content\/uploads\/2020\/05\/Dayse.jpg","type":"image\/jpeg"}],"author":"Carlos Contente","twitter_card":"summary_large_image","twitter_creator":"@contentestudio","twitter_site":"@PressenzaIPA","twitter_misc":{"Escrito por":"Carlos Contente","Tempo estimado de leitura":"2 minutos"},"schema":{"@context":"https:\/\/schema.org","@graph":[{"@type":"Article","@id":"https:\/\/www.pressenza.com\/pt-pt\/2020\/05\/dayse-gomis-comecei-a-tentar-e-foi-dando-certo\/#article","isPartOf":{"@id":"https:\/\/www.pressenza.com\/pt-pt\/2020\/05\/dayse-gomis-comecei-a-tentar-e-foi-dando-certo\/"},"author":{"name":"Carlos Contente","@id":"https:\/\/www.pressenza.com\/pt-pt\/#\/schema\/person\/50a2b2b460478f3470944fbaca4d4836"},"headline":"Dayse Gomis: &#8220;Comecei a tentar e foi dando certo&#8221;","datePublished":"2020-05-17T02:53:44+00:00","mainEntityOfPage":{"@id":"https:\/\/www.pressenza.com\/pt-pt\/2020\/05\/dayse-gomis-comecei-a-tentar-e-foi-dando-certo\/"},"wordCount":492,"publisher":{"@id":"https:\/\/www.pressenza.com\/pt-pt\/#organization"},"image":{"@id":"https:\/\/www.pressenza.com\/pt-pt\/2020\/05\/dayse-gomis-comecei-a-tentar-e-foi-dando-certo\/#primaryimage"},"thumbnailUrl":"https:\/\/www.pressenza.com\/wp-content\/uploads\/2020\/05\/Dayse.jpg","keywords":["caderno de cultura","Casa das Pretas","ilustra\u00e7\u00f5es"],"articleSection":["\u00c1m\u00e9rica do Sul","Conte\u00fado Original","Cultura e M\u00eddia","Entrevista"],"inLanguage":"pt-PT"},{"@type":"WebPage","@id":"https:\/\/www.pressenza.com\/pt-pt\/2020\/05\/dayse-gomis-comecei-a-tentar-e-foi-dando-certo\/","url":"https:\/\/www.pressenza.com\/pt-pt\/2020\/05\/dayse-gomis-comecei-a-tentar-e-foi-dando-certo\/","name":"Dayse Gomis: \"Comecei a tentar e foi dando certo\"","isPartOf":{"@id":"https:\/\/www.pressenza.com\/pt-pt\/#website"},"primaryImageOfPage":{"@id":"https:\/\/www.pressenza.com\/pt-pt\/2020\/05\/dayse-gomis-comecei-a-tentar-e-foi-dando-certo\/#primaryimage"},"image":{"@id":"https:\/\/www.pressenza.com\/pt-pt\/2020\/05\/dayse-gomis-comecei-a-tentar-e-foi-dando-certo\/#primaryimage"},"thumbnailUrl":"https:\/\/www.pressenza.com\/wp-content\/uploads\/2020\/05\/Dayse.jpg","datePublished":"2020-05-17T02:53:44+00:00","description":"ENTREVISTA | ILUSTRA\u00c7\u00c3O &nbsp; &nbsp; Dayse Gomis, 35 anos \u00e9 a nova colaboradora do caderno de cultura da Pressenza. Artista Pl\u00e1stica pela Universidade","breadcrumb":{"@id":"https:\/\/www.pressenza.com\/pt-pt\/2020\/05\/dayse-gomis-comecei-a-tentar-e-foi-dando-certo\/#breadcrumb"},"inLanguage":"pt-PT","potentialAction":[{"@type":"ReadAction","target":["https:\/\/www.pressenza.com\/pt-pt\/2020\/05\/dayse-gomis-comecei-a-tentar-e-foi-dando-certo\/"]}]},{"@type":"ImageObject","inLanguage":"pt-PT","@id":"https:\/\/www.pressenza.com\/pt-pt\/2020\/05\/dayse-gomis-comecei-a-tentar-e-foi-dando-certo\/#primaryimage","url":"https:\/\/www.pressenza.com\/wp-content\/uploads\/2020\/05\/Dayse.jpg","contentUrl":"https:\/\/www.pressenza.com\/wp-content\/uploads\/2020\/05\/Dayse.jpg","width":720,"height":773},{"@type":"BreadcrumbList","@id":"https:\/\/www.pressenza.com\/pt-pt\/2020\/05\/dayse-gomis-comecei-a-tentar-e-foi-dando-certo\/#breadcrumb","itemListElement":[{"@type":"ListItem","position":1,"name":"Accueil","item":"https:\/\/www.pressenza.com\/pt-pt\/"},{"@type":"ListItem","position":2,"name":"Dayse Gomis: &#8220;Comecei a tentar e foi dando certo&#8221;"}]},{"@type":"WebSite","@id":"https:\/\/www.pressenza.com\/pt-pt\/#website","url":"https:\/\/www.pressenza.com\/pt-pt\/","name":"Pressenza","description":"International Press Agency","publisher":{"@id":"https:\/\/www.pressenza.com\/pt-pt\/#organization"},"potentialAction":[{"@type":"SearchAction","target":{"@type":"EntryPoint","urlTemplate":"https:\/\/www.pressenza.com\/pt-pt\/?s={search_term_string}"},"query-input":{"@type":"PropertyValueSpecification","valueRequired":true,"valueName":"search_term_string"}}],"inLanguage":"pt-PT"},{"@type":"Organization","@id":"https:\/\/www.pressenza.com\/pt-pt\/#organization","name":"Pressenza","url":"https:\/\/www.pressenza.com\/pt-pt\/","logo":{"@type":"ImageObject","inLanguage":"pt-PT","@id":"https:\/\/www.pressenza.com\/pt-pt\/#\/schema\/logo\/image\/","url":"https:\/\/www.pressenza.com\/wp-content\/uploads\/2022\/10\/pressenza_logo_200x200.jpg","contentUrl":"https:\/\/www.pressenza.com\/wp-content\/uploads\/2022\/10\/pressenza_logo_200x200.jpg","width":200,"height":200,"caption":"Pressenza"},"image":{"@id":"https:\/\/www.pressenza.com\/pt-pt\/#\/schema\/logo\/image\/"},"sameAs":["https:\/\/www.facebook.com\/PressenzaItalia","https:\/\/x.com\/PressenzaIPA"]},{"@type":"Person","@id":"https:\/\/www.pressenza.com\/pt-pt\/#\/schema\/person\/50a2b2b460478f3470944fbaca4d4836","name":"Carlos Contente","description":"Carlos Contente \u00e9 artista pl\u00e1stico, professor e ama caf\u00e9.","sameAs":["https:\/\/www.instagram.com\/contentestudio\/","https:\/\/x.com\/contentestudio"],"url":"https:\/\/www.pressenza.com\/pt-pt\/author\/carlos-contente\/"}]}},"place":"Rio de Janeiro, Brasil","original_article_url":"","_links":{"self":[{"href":"https:\/\/www.pressenza.com\/pt-pt\/wp-json\/wp\/v2\/posts\/1108578","targetHints":{"allow":["GET"]}}],"collection":[{"href":"https:\/\/www.pressenza.com\/pt-pt\/wp-json\/wp\/v2\/posts"}],"about":[{"href":"https:\/\/www.pressenza.com\/pt-pt\/wp-json\/wp\/v2\/types\/post"}],"author":[{"embeddable":true,"href":"https:\/\/www.pressenza.com\/pt-pt\/wp-json\/wp\/v2\/users\/1825"}],"replies":[{"embeddable":true,"href":"https:\/\/www.pressenza.com\/pt-pt\/wp-json\/wp\/v2\/comments?post=1108578"}],"version-history":[{"count":0,"href":"https:\/\/www.pressenza.com\/pt-pt\/wp-json\/wp\/v2\/posts\/1108578\/revisions"}],"wp:featuredmedia":[{"embeddable":true,"href":"https:\/\/www.pressenza.com\/pt-pt\/wp-json\/wp\/v2\/media\/1108579"}],"wp:attachment":[{"href":"https:\/\/www.pressenza.com\/pt-pt\/wp-json\/wp\/v2\/media?parent=1108578"}],"wp:term":[{"taxonomy":"category","embeddable":true,"href":"https:\/\/www.pressenza.com\/pt-pt\/wp-json\/wp\/v2\/categories?post=1108578"},{"taxonomy":"post_tag","embeddable":true,"href":"https:\/\/www.pressenza.com\/pt-pt\/wp-json\/wp\/v2\/tags?post=1108578"}],"curies":[{"name":"wp","href":"https:\/\/api.w.org\/{rel}","templated":true}]}}