{"id":1100536,"date":"2020-05-07T03:59:20","date_gmt":"2020-05-07T02:59:20","guid":{"rendered":"https:\/\/www.pressenza.com\/?p=1100536"},"modified":"2020-05-07T01:59:42","modified_gmt":"2020-05-07T00:59:42","slug":"adiaenem","status":"publish","type":"post","link":"https:\/\/www.pressenza.com\/pt-pt\/2020\/05\/adiaenem\/","title":{"rendered":"#AdiaEnem"},"content":{"rendered":"<h4>F\u00f3rum de Pr\u00e9-vestibulares Populares do Rio de Janeiro. Nota pelo adiamento do Enem<\/h4>\n<p>O ano de 2020 vai ficar marcado na hist\u00f3ria por conta de uma das maiores crises humanit\u00e1rias desde a Segunda Guerra Mundial, provocada pela pandemia do novo Coronav\u00edrus, que at\u00e9 o momento j\u00e1 infectou mais de 3 milh\u00f5es de pessoas no mundo, com um n\u00famero de mortes crescendo a cada instante. Tal v\u00edrus tem se mostrado letal e se espalhou por diferentes partes do mundo, ainda n\u00e3o tendo vacina e nem medica\u00e7\u00e3o.<\/p>\n<p>No Brasil oficialmente temos mais de 60 mil casos de Covid-19 &#8211; sendo cerca de mais de 4200 mil mortes e dessas mais de 600 s\u00e3o no Rio de Janeiro- at\u00e9 o momento da publica\u00e7\u00e3o desta nota. Ainda de acordo com o Minist\u00e9rio da Sa\u00fade mais de 30 mil pessoas infectadas se recuperaram e mais de 1300 casos est\u00e3o sob investiga\u00e7\u00e3o.<\/p>\n<p>Esses registros aumentam a cada dia que passa e ainda estamos num est\u00e1gio que poucas pessoas testaram de fato se est\u00e3o ou n\u00e3o com o v\u00edrus, o que acaba por termos que observar os dados oficiais com cautela. Isso porque n\u00e3o estamos incluindo os casos de subnotifica\u00e7\u00e3o que parecem ser expressivos.<\/p>\n<p>Sabemos que o acesso ao ensino superior ainda exclui a maioria da popula\u00e7\u00e3o negra e pobre do pa\u00eds, e \u00e9 exatamente por isso que o F\u00f3rum de Pr\u00e9-Vestibulares Populares do Rio de Janeiro, por meio desta nota, exige o adiamento do Exame Nacional de Ensino M\u00e9dio de 2020, visto que n\u00e3o h\u00e1 condi\u00e7\u00f5es m\u00ednimas de igualdade de condi\u00e7\u00f5es para todas as pessoas que est\u00e3o investindo esse ano para fazer a prova e entendendo que a crise que pandemia est\u00e1 provocando \u00e9 algo in\u00e9dito e que vem antes de qualquer prova ou avalia\u00e7\u00e3o.<\/p>\n<p>Acrescentando a esse cen\u00e1rio acreditamos ser importante dizer que segundo dados oficiais de 2017 do Programa das Na\u00e7\u00f5es Unidas para o Desenvolvimento o Brasil \u00e9 o 7\u00ba pa\u00eds mais desigual do mundo. Al\u00e9m disso, Dados de 2018 divulgados pelo Comit\u00ea Gestor da Internet no Brasil apontam que 33% dos lares brasileiros n\u00e3o tinham acesso a internet, com esse alarmante ponto, logo vemos como a desigualdade do acesso a democratiza\u00e7\u00e3o da internet ainda n\u00e3o \u00e9 universal e tamb\u00e9m \u00e9 elitista.<\/p>\n<p>Aliado a isso, a classe trabalhadora tem lidado com o isolamento social. Muitos dos nossos alunos de cursinhos pr\u00e9-vestibulares populares t\u00eam enfrentado al\u00e9m da falta de estrutura da internet, est\u00e3o tendo que lidar com a situa\u00e7\u00e3o de ansiedade, medo e entre outros, com o psicol\u00f3gico completamente abalado devido a situa\u00e7\u00e3o.<\/p>\n<p>Assinam esta nota os seguintes coletivos e pr\u00e9s populares:<\/p>\n<p>1. Pr\u00e9-vestibular Social A\u00e7\u00e3o<br \/>\n2. Vila Isabel Vestibulares<br \/>\n3. Pr\u00e9-vestibular Popular Bosque dos Caboclos<br \/>\n4. Pr\u00e9-vestibular Popular Constru\u00e7\u00e3o<br \/>\n5. Pr\u00e9-vestibular Social da Ag\u00eancia de Not\u00edcias das Favelas<br \/>\n6. Pr\u00e9-Universit\u00e1rio da Biblioteca Engenho do Mato<br \/>\n7. A\u00e7\u00e3o Direta em Educa\u00e7\u00e3o Popular &#8211; Adep Mangueira<br \/>\n8. NICA JACAREZINHO- N\u00facleo Independente e Comunit\u00e1rio de Aprendizagem<br \/>\n9. Pr\u00e9-vestibular Favelado Unifavela &#8211; semeando o ensino popular<br \/>\n10. Pr\u00e9-vestibular comunit\u00e1rio Brota na Laje<br \/>\n11. Pr\u00e9-vestibular Machado de Assis &#8211; Morro da Provid\u00eancia<br \/>\n12. Pr\u00e9-vestibular Comunit\u00e1rio &#8211; Os Arteiros<br \/>\n13. Pr\u00e9-vestibular social Barros Terra<br \/>\n14. Pr\u00e9-vestibular Popular Educa\u00e7\u00e3o para o Desenvolvimento Social \/ NIDES &#8211; UFRJ<br \/>\n15, Pr\u00e9-vestibular Popular\/ IFHEP<br \/>\n16. Pr\u00e9-vestibular Popular do Fonseca<br \/>\n17. Rede Emancipa de Educa\u00e7\u00e3o Popular<br \/>\n18. Pr\u00e9-vestibular Comunit\u00e1rio do CEASM (Centro de Estudos e A\u00e7\u00f5es Solid\u00e1rias da Mar\u00e9)<br \/>\n19. Preparat\u00f3rio Social Estudando para Vencer<br \/>\n20. Pr\u00e9-vestibular Solidariedade (Movimento de Organiza\u00e7\u00e3o de Base)<br \/>\n21. Pr\u00e9 vestibular do Departamento de cidadania da Portela<br \/>\n22. CENTRO DE EDUCA\u00c7\u00c3O POPULAR INHA\u00daMA<br \/>\n23. Pr\u00e9-Vestibular Comunit\u00e1rio Solano Trindade<br \/>\n24. Movimento de Educa\u00e7\u00e3o Popular +N\u00f3s<br \/>\n25. Pr\u00e9-Vestibular Comunit\u00e1rio CEAT<br \/>\n26. Circulo Laranja | PREVEST<br \/>\n27. Pr\u00e9 Vestibular &#8211; Coletivo Ponte Cultural<br \/>\n28. Pr\u00e9-THE de m\u00fasica do Complexo do Alem\u00e3o<br \/>\n29. Pr\u00e9-vestibular Comunit\u00e1rio N\u00f3s por N\u00f3s &#8211; Por uma educa\u00e7\u00e3o emancipadora nas periferias<br \/>\n30. Pr\u00e9-Vestibular Comunit\u00e1rio S\u00e3o Jos\u00e9 (Campo Grande)<br \/>\n31. Pr\u00e9 Vestibular Redes de Saberes<\/p>\n<p>#AdiaEnem<\/p>\n","protected":false},"excerpt":{"rendered":"<p>F\u00f3rum de Pr\u00e9-vestibulares Populares do Rio de Janeiro. Nota pelo adiamento do Enem O ano de 2020 vai ficar marcado na hist\u00f3ria por conta de uma das maiores crises humanit\u00e1rias desde a Segunda Guerra Mundial, provocada pela pandemia do novo&hellip;<\/p>\n","protected":false},"author":1685,"featured_media":1100538,"comment_status":"closed","ping_status":"closed","sticky":false,"template":"","format":"standard","meta":{"footnotes":""},"categories":[104,1252,153],"tags":[75139,2744,6254,32317,75140],"class_list":["post-1100536","post","type-post","status-publish","format-standard","has-post-thumbnail","hentry","category-america-do-sul","category-educacao","category-nota-de-imprensa","tag-adiaenem","tag-brasil","tag-educacao-2","tag-enem","tag-pre-vestibular"],"yoast_head":"<!-- This site is optimized with the Yoast SEO plugin v27.1.1 - https:\/\/yoast.com\/product\/yoast-seo-wordpress\/ -->\n<title>#AdiaEnem<\/title>\n<meta name=\"description\" content=\"F\u00f3rum de Pr\u00e9-vestibulares Populares do Rio de Janeiro. Nota pelo adiamento do Enem O ano de 2020 vai ficar marcado na hist\u00f3ria por conta de uma das\" \/>\n<meta name=\"robots\" content=\"index, follow, max-snippet:-1, max-image-preview:large, max-video-preview:-1\" \/>\n<link rel=\"canonical\" href=\"https:\/\/www.pressenza.com\/pt-pt\/2020\/05\/adiaenem\/\" \/>\n<meta property=\"og:locale\" content=\"pt_PT\" \/>\n<meta property=\"og:type\" content=\"article\" \/>\n<meta property=\"og:title\" content=\"#AdiaEnem\" \/>\n<meta property=\"og:description\" content=\"F\u00f3rum de Pr\u00e9-vestibulares Populares do Rio de Janeiro. Nota pelo adiamento do Enem O ano de 2020 vai ficar marcado na hist\u00f3ria por conta de uma das\" \/>\n<meta property=\"og:url\" content=\"https:\/\/www.pressenza.com\/pt-pt\/2020\/05\/adiaenem\/\" \/>\n<meta property=\"og:site_name\" content=\"Pressenza\" \/>\n<meta property=\"article:publisher\" content=\"https:\/\/www.facebook.com\/PressenzaItalia\" \/>\n<meta property=\"article:published_time\" content=\"2020-05-07T02:59:20+00:00\" \/>\n<meta property=\"og:image\" content=\"https:\/\/www.pressenza.com\/wp-content\/uploads\/2020\/05\/forum-RJ.jpg\" \/>\n\t<meta property=\"og:image:width\" content=\"720\" \/>\n\t<meta property=\"og:image:height\" content=\"632\" \/>\n\t<meta property=\"og:image:type\" content=\"image\/jpeg\" \/>\n<meta name=\"author\" content=\"Reda\u00e7\u00e3o Rio de Janeiro\" \/>\n<meta name=\"twitter:card\" content=\"summary_large_image\" \/>\n<meta name=\"twitter:creator\" content=\"@PressenzaIPA\" \/>\n<meta name=\"twitter:site\" content=\"@PressenzaIPA\" \/>\n<meta name=\"twitter:label1\" content=\"Escrito por\" \/>\n\t<meta name=\"twitter:data1\" content=\"Reda\u00e7\u00e3o Rio de Janeiro\" \/>\n\t<meta name=\"twitter:label2\" content=\"Tempo estimado de leitura\" \/>\n\t<meta name=\"twitter:data2\" content=\"3 minutos\" \/>\n<script type=\"application\/ld+json\" class=\"yoast-schema-graph\">{\"@context\":\"https:\/\/schema.org\",\"@graph\":[{\"@type\":\"Article\",\"@id\":\"https:\/\/www.pressenza.com\/pt-pt\/2020\/05\/adiaenem\/#article\",\"isPartOf\":{\"@id\":\"https:\/\/www.pressenza.com\/pt-pt\/2020\/05\/adiaenem\/\"},\"author\":{\"name\":\"Reda\u00e7\u00e3o Rio de Janeiro\",\"@id\":\"https:\/\/www.pressenza.com\/pt-pt\/#\/schema\/person\/6925e927f8ff3a0cdb838320c5d12259\"},\"headline\":\"#AdiaEnem\",\"datePublished\":\"2020-05-07T02:59:20+00:00\",\"mainEntityOfPage\":{\"@id\":\"https:\/\/www.pressenza.com\/pt-pt\/2020\/05\/adiaenem\/\"},\"wordCount\":699,\"publisher\":{\"@id\":\"https:\/\/www.pressenza.com\/pt-pt\/#organization\"},\"image\":{\"@id\":\"https:\/\/www.pressenza.com\/pt-pt\/2020\/05\/adiaenem\/#primaryimage\"},\"thumbnailUrl\":\"https:\/\/www.pressenza.com\/wp-content\/uploads\/2020\/05\/forum-RJ.jpg\",\"keywords\":[\"#AdiaEnem\",\"Brasil\",\"educa\u00e7\u00e3o\",\"ENEM\",\"pre-vestibular\"],\"articleSection\":[\"\u00c1m\u00e9rica do Sul\",\"Educa\u00e7\u00e3o\",\"Nota de imprensa\"],\"inLanguage\":\"pt-PT\"},{\"@type\":\"WebPage\",\"@id\":\"https:\/\/www.pressenza.com\/pt-pt\/2020\/05\/adiaenem\/\",\"url\":\"https:\/\/www.pressenza.com\/pt-pt\/2020\/05\/adiaenem\/\",\"name\":\"#AdiaEnem\",\"isPartOf\":{\"@id\":\"https:\/\/www.pressenza.com\/pt-pt\/#website\"},\"primaryImageOfPage\":{\"@id\":\"https:\/\/www.pressenza.com\/pt-pt\/2020\/05\/adiaenem\/#primaryimage\"},\"image\":{\"@id\":\"https:\/\/www.pressenza.com\/pt-pt\/2020\/05\/adiaenem\/#primaryimage\"},\"thumbnailUrl\":\"https:\/\/www.pressenza.com\/wp-content\/uploads\/2020\/05\/forum-RJ.jpg\",\"datePublished\":\"2020-05-07T02:59:20+00:00\",\"description\":\"F\u00f3rum de Pr\u00e9-vestibulares Populares do Rio de Janeiro. Nota pelo adiamento do Enem O ano de 2020 vai ficar marcado na hist\u00f3ria por conta de uma das\",\"breadcrumb\":{\"@id\":\"https:\/\/www.pressenza.com\/pt-pt\/2020\/05\/adiaenem\/#breadcrumb\"},\"inLanguage\":\"pt-PT\",\"potentialAction\":[{\"@type\":\"ReadAction\",\"target\":[\"https:\/\/www.pressenza.com\/pt-pt\/2020\/05\/adiaenem\/\"]}]},{\"@type\":\"ImageObject\",\"inLanguage\":\"pt-PT\",\"@id\":\"https:\/\/www.pressenza.com\/pt-pt\/2020\/05\/adiaenem\/#primaryimage\",\"url\":\"https:\/\/www.pressenza.com\/wp-content\/uploads\/2020\/05\/forum-RJ.jpg\",\"contentUrl\":\"https:\/\/www.pressenza.com\/wp-content\/uploads\/2020\/05\/forum-RJ.jpg\",\"width\":720,\"height\":632},{\"@type\":\"BreadcrumbList\",\"@id\":\"https:\/\/www.pressenza.com\/pt-pt\/2020\/05\/adiaenem\/#breadcrumb\",\"itemListElement\":[{\"@type\":\"ListItem\",\"position\":1,\"name\":\"Accueil\",\"item\":\"https:\/\/www.pressenza.com\/pt-pt\/\"},{\"@type\":\"ListItem\",\"position\":2,\"name\":\"#AdiaEnem\"}]},{\"@type\":\"WebSite\",\"@id\":\"https:\/\/www.pressenza.com\/pt-pt\/#website\",\"url\":\"https:\/\/www.pressenza.com\/pt-pt\/\",\"name\":\"Pressenza\",\"description\":\"International Press Agency\",\"publisher\":{\"@id\":\"https:\/\/www.pressenza.com\/pt-pt\/#organization\"},\"potentialAction\":[{\"@type\":\"SearchAction\",\"target\":{\"@type\":\"EntryPoint\",\"urlTemplate\":\"https:\/\/www.pressenza.com\/pt-pt\/?s={search_term_string}\"},\"query-input\":{\"@type\":\"PropertyValueSpecification\",\"valueRequired\":true,\"valueName\":\"search_term_string\"}}],\"inLanguage\":\"pt-PT\"},{\"@type\":\"Organization\",\"@id\":\"https:\/\/www.pressenza.com\/pt-pt\/#organization\",\"name\":\"Pressenza\",\"url\":\"https:\/\/www.pressenza.com\/pt-pt\/\",\"logo\":{\"@type\":\"ImageObject\",\"inLanguage\":\"pt-PT\",\"@id\":\"https:\/\/www.pressenza.com\/pt-pt\/#\/schema\/logo\/image\/\",\"url\":\"https:\/\/www.pressenza.com\/wp-content\/uploads\/2022\/10\/pressenza_logo_200x200.jpg\",\"contentUrl\":\"https:\/\/www.pressenza.com\/wp-content\/uploads\/2022\/10\/pressenza_logo_200x200.jpg\",\"width\":200,\"height\":200,\"caption\":\"Pressenza\"},\"image\":{\"@id\":\"https:\/\/www.pressenza.com\/pt-pt\/#\/schema\/logo\/image\/\"},\"sameAs\":[\"https:\/\/www.facebook.com\/PressenzaItalia\",\"https:\/\/x.com\/PressenzaIPA\"]},{\"@type\":\"Person\",\"@id\":\"https:\/\/www.pressenza.com\/pt-pt\/#\/schema\/person\/6925e927f8ff3a0cdb838320c5d12259\",\"name\":\"Reda\u00e7\u00e3o Rio de Janeiro\",\"description\":\"News published by the Pressenza bureau in Rio de Janeiro, Brazil\",\"url\":\"https:\/\/www.pressenza.com\/pt-pt\/author\/redacao-rio-de-janeiro\/\"}]}<\/script>\n<!-- \/ Yoast SEO plugin. -->","yoast_head_json":{"title":"#AdiaEnem","description":"F\u00f3rum de Pr\u00e9-vestibulares Populares do Rio de Janeiro. Nota pelo adiamento do Enem O ano de 2020 vai ficar marcado na hist\u00f3ria por conta de uma das","robots":{"index":"index","follow":"follow","max-snippet":"max-snippet:-1","max-image-preview":"max-image-preview:large","max-video-preview":"max-video-preview:-1"},"canonical":"https:\/\/www.pressenza.com\/pt-pt\/2020\/05\/adiaenem\/","og_locale":"pt_PT","og_type":"article","og_title":"#AdiaEnem","og_description":"F\u00f3rum de Pr\u00e9-vestibulares Populares do Rio de Janeiro. Nota pelo adiamento do Enem O ano de 2020 vai ficar marcado na hist\u00f3ria por conta de uma das","og_url":"https:\/\/www.pressenza.com\/pt-pt\/2020\/05\/adiaenem\/","og_site_name":"Pressenza","article_publisher":"https:\/\/www.facebook.com\/PressenzaItalia","article_published_time":"2020-05-07T02:59:20+00:00","og_image":[{"width":720,"height":632,"url":"https:\/\/www.pressenza.com\/wp-content\/uploads\/2020\/05\/forum-RJ.jpg","type":"image\/jpeg"}],"author":"Reda\u00e7\u00e3o Rio de Janeiro","twitter_card":"summary_large_image","twitter_creator":"@PressenzaIPA","twitter_site":"@PressenzaIPA","twitter_misc":{"Escrito por":"Reda\u00e7\u00e3o Rio de Janeiro","Tempo estimado de leitura":"3 minutos"},"schema":{"@context":"https:\/\/schema.org","@graph":[{"@type":"Article","@id":"https:\/\/www.pressenza.com\/pt-pt\/2020\/05\/adiaenem\/#article","isPartOf":{"@id":"https:\/\/www.pressenza.com\/pt-pt\/2020\/05\/adiaenem\/"},"author":{"name":"Reda\u00e7\u00e3o Rio de Janeiro","@id":"https:\/\/www.pressenza.com\/pt-pt\/#\/schema\/person\/6925e927f8ff3a0cdb838320c5d12259"},"headline":"#AdiaEnem","datePublished":"2020-05-07T02:59:20+00:00","mainEntityOfPage":{"@id":"https:\/\/www.pressenza.com\/pt-pt\/2020\/05\/adiaenem\/"},"wordCount":699,"publisher":{"@id":"https:\/\/www.pressenza.com\/pt-pt\/#organization"},"image":{"@id":"https:\/\/www.pressenza.com\/pt-pt\/2020\/05\/adiaenem\/#primaryimage"},"thumbnailUrl":"https:\/\/www.pressenza.com\/wp-content\/uploads\/2020\/05\/forum-RJ.jpg","keywords":["#AdiaEnem","Brasil","educa\u00e7\u00e3o","ENEM","pre-vestibular"],"articleSection":["\u00c1m\u00e9rica do Sul","Educa\u00e7\u00e3o","Nota de imprensa"],"inLanguage":"pt-PT"},{"@type":"WebPage","@id":"https:\/\/www.pressenza.com\/pt-pt\/2020\/05\/adiaenem\/","url":"https:\/\/www.pressenza.com\/pt-pt\/2020\/05\/adiaenem\/","name":"#AdiaEnem","isPartOf":{"@id":"https:\/\/www.pressenza.com\/pt-pt\/#website"},"primaryImageOfPage":{"@id":"https:\/\/www.pressenza.com\/pt-pt\/2020\/05\/adiaenem\/#primaryimage"},"image":{"@id":"https:\/\/www.pressenza.com\/pt-pt\/2020\/05\/adiaenem\/#primaryimage"},"thumbnailUrl":"https:\/\/www.pressenza.com\/wp-content\/uploads\/2020\/05\/forum-RJ.jpg","datePublished":"2020-05-07T02:59:20+00:00","description":"F\u00f3rum de Pr\u00e9-vestibulares Populares do Rio de Janeiro. Nota pelo adiamento do Enem O ano de 2020 vai ficar marcado na hist\u00f3ria por conta de uma das","breadcrumb":{"@id":"https:\/\/www.pressenza.com\/pt-pt\/2020\/05\/adiaenem\/#breadcrumb"},"inLanguage":"pt-PT","potentialAction":[{"@type":"ReadAction","target":["https:\/\/www.pressenza.com\/pt-pt\/2020\/05\/adiaenem\/"]}]},{"@type":"ImageObject","inLanguage":"pt-PT","@id":"https:\/\/www.pressenza.com\/pt-pt\/2020\/05\/adiaenem\/#primaryimage","url":"https:\/\/www.pressenza.com\/wp-content\/uploads\/2020\/05\/forum-RJ.jpg","contentUrl":"https:\/\/www.pressenza.com\/wp-content\/uploads\/2020\/05\/forum-RJ.jpg","width":720,"height":632},{"@type":"BreadcrumbList","@id":"https:\/\/www.pressenza.com\/pt-pt\/2020\/05\/adiaenem\/#breadcrumb","itemListElement":[{"@type":"ListItem","position":1,"name":"Accueil","item":"https:\/\/www.pressenza.com\/pt-pt\/"},{"@type":"ListItem","position":2,"name":"#AdiaEnem"}]},{"@type":"WebSite","@id":"https:\/\/www.pressenza.com\/pt-pt\/#website","url":"https:\/\/www.pressenza.com\/pt-pt\/","name":"Pressenza","description":"International Press Agency","publisher":{"@id":"https:\/\/www.pressenza.com\/pt-pt\/#organization"},"potentialAction":[{"@type":"SearchAction","target":{"@type":"EntryPoint","urlTemplate":"https:\/\/www.pressenza.com\/pt-pt\/?s={search_term_string}"},"query-input":{"@type":"PropertyValueSpecification","valueRequired":true,"valueName":"search_term_string"}}],"inLanguage":"pt-PT"},{"@type":"Organization","@id":"https:\/\/www.pressenza.com\/pt-pt\/#organization","name":"Pressenza","url":"https:\/\/www.pressenza.com\/pt-pt\/","logo":{"@type":"ImageObject","inLanguage":"pt-PT","@id":"https:\/\/www.pressenza.com\/pt-pt\/#\/schema\/logo\/image\/","url":"https:\/\/www.pressenza.com\/wp-content\/uploads\/2022\/10\/pressenza_logo_200x200.jpg","contentUrl":"https:\/\/www.pressenza.com\/wp-content\/uploads\/2022\/10\/pressenza_logo_200x200.jpg","width":200,"height":200,"caption":"Pressenza"},"image":{"@id":"https:\/\/www.pressenza.com\/pt-pt\/#\/schema\/logo\/image\/"},"sameAs":["https:\/\/www.facebook.com\/PressenzaItalia","https:\/\/x.com\/PressenzaIPA"]},{"@type":"Person","@id":"https:\/\/www.pressenza.com\/pt-pt\/#\/schema\/person\/6925e927f8ff3a0cdb838320c5d12259","name":"Reda\u00e7\u00e3o Rio de Janeiro","description":"News published by the Pressenza bureau in Rio de Janeiro, Brazil","url":"https:\/\/www.pressenza.com\/pt-pt\/author\/redacao-rio-de-janeiro\/"}]}},"place":"Rio de Janeiro","original_article_url":"","_links":{"self":[{"href":"https:\/\/www.pressenza.com\/pt-pt\/wp-json\/wp\/v2\/posts\/1100536","targetHints":{"allow":["GET"]}}],"collection":[{"href":"https:\/\/www.pressenza.com\/pt-pt\/wp-json\/wp\/v2\/posts"}],"about":[{"href":"https:\/\/www.pressenza.com\/pt-pt\/wp-json\/wp\/v2\/types\/post"}],"author":[{"embeddable":true,"href":"https:\/\/www.pressenza.com\/pt-pt\/wp-json\/wp\/v2\/users\/1685"}],"replies":[{"embeddable":true,"href":"https:\/\/www.pressenza.com\/pt-pt\/wp-json\/wp\/v2\/comments?post=1100536"}],"version-history":[{"count":0,"href":"https:\/\/www.pressenza.com\/pt-pt\/wp-json\/wp\/v2\/posts\/1100536\/revisions"}],"wp:featuredmedia":[{"embeddable":true,"href":"https:\/\/www.pressenza.com\/pt-pt\/wp-json\/wp\/v2\/media\/1100538"}],"wp:attachment":[{"href":"https:\/\/www.pressenza.com\/pt-pt\/wp-json\/wp\/v2\/media?parent=1100536"}],"wp:term":[{"taxonomy":"category","embeddable":true,"href":"https:\/\/www.pressenza.com\/pt-pt\/wp-json\/wp\/v2\/categories?post=1100536"},{"taxonomy":"post_tag","embeddable":true,"href":"https:\/\/www.pressenza.com\/pt-pt\/wp-json\/wp\/v2\/tags?post=1100536"}],"curies":[{"name":"wp","href":"https:\/\/api.w.org\/{rel}","templated":true}]}}