{"id":1086201,"date":"2020-04-18T00:55:05","date_gmt":"2020-04-17T23:55:05","guid":{"rendered":"https:\/\/www.pressenza.com\/?p=1086201"},"modified":"2022-02-08T14:30:18","modified_gmt":"2022-02-08T14:30:18","slug":"despois-do-fim-de-um-mundo","status":"publish","type":"post","link":"https:\/\/www.pressenza.com\/pt-pt\/2020\/04\/despois-do-fim-de-um-mundo\/","title":{"rendered":"Depois do fim de um mundo"},"content":{"rendered":"<p><em>&#8220;Auroville 2046&#8221; \u00e9 um conto que sua autora e Pressenza disponibilizam hoje para os leitores em 7 idiomas (espanhol, portugu\u00eas, franc\u00eas, catal\u00e3o, alem\u00e3o, italiano e ingl\u00eas). <a href=\"https:\/\/cirandas.net\/deboranunes\/imagens-de-artigos\/auroville-2046-por.pdf\" target=\"_blank\" rel=\"noopener noreferrer\">Para ler e compartilhar.<\/a><\/em><\/p>\n<p>&nbsp;<\/p>\n<p>Este t\u00edtulo teria sido muito menos oportuno h\u00e1 dois meses. Pareceria mais distante, um simples exerc\u00edcio de imagina\u00e7\u00e3o. Hoje, quando milh\u00f5es de pessoas sentem que o mundo que conhecemos desaparece, essa express\u00e3o assume um novo significado e nos confronta com um desafio inevit\u00e1vel.<\/p>\n<p>A hist\u00f3ria de D\u00e9bora Nunes centra-se na cidade experimental de Auroville, que Mirra Alfassa, a &#8220;M\u00e3e&#8221; fundou na \u00cdndia no final da d\u00e9cada de 1960 e que hoje \u00e9 refer\u00eancia para muitos. Passando por partes de sua hist\u00f3ria, D\u00e9bora constr\u00f3i uma fic\u00e7\u00e3o na qual projeta para 2046 o surgimento do sistema mundial e, o que \u00e9 mais interessante, a substitui\u00e7\u00e3o gradual da nova escala de valores para uma nova organiza\u00e7\u00e3o social.<\/p>\n<p>Sem entrar em detalhes, antecipo que o livro prop\u00f5e Auroville como um modelo, uma maneira poss\u00edvel de viver, de responder ao que est\u00e1 por vir. Obviamente &#8211; como acontece com tudo &#8211; a proposta pode ser discutida, mas o que me parece valioso, o que acredito ser corajoso e importante, \u00e9 a convic\u00e7\u00e3o de que \u00e9 poss\u00edvel imaginar um futuro melhor e propor a outras pessoas que o construam, \u2013\u201cco-construam um sonho \u201d\u2013Debora diz. Construir coletivamente. \u00c9 uma op\u00e7\u00e3o em que muitos de n\u00f3s apostamos.<\/p>\n<p>Tudo parece indicar que a eclos\u00e3o est\u00e1 mais pr\u00f3xima do que D\u00e9bora previra. Do outro lado do isolamento global, ainda existe um modo de vida integralmente violento e desequilibrado. Vamos continuar aceitando isso como inevit\u00e1vel? Continuaremos a aceitar a guerra e a pobreza de milh\u00f5es porque est\u00e3o distantes? a especula\u00e7\u00e3o financeira at\u00e9 que esta afete nossas poupan\u00e7as? a necesidade do outro porque n\u00e3o \u00e9 problema meu? N\u00e3o me pergunto o que\u00a0 far\u00e3o os donos do poder, mas o que faremos n\u00f3s com essa oportunidade pessoal e coletiva.<\/p>\n<p>Acredito que este pequeno livro \u00e9 uma advert\u00eancia, um alerta, um aviso. \u00c9 um convite para refletir, assumir o controle e agir para mudar o curso das coisas quando ainda temos tempo, pouco. \u00c9 um convite para ouvir sinceramente, reconhecer que nenhum de n\u00f3s tem a f\u00f3rmula, que precisamos constru\u00ed-la com os outros, co-construir.<\/p>\n<p>O livro apresenta um esbo\u00e7o, uma possibilidade, um ponto de partida para discuss\u00f5es, trocas, busca de alternativas, a pr\u00e1tica de novos comportamentos pessoais e coletivos, um convite para tornar realidade um mundo verdadeiramente humano. Por que n\u00e3o unir for\u00e7as nessa dire\u00e7\u00e3o? Como n\u00e3o faz\u00ea-lo?<\/p>\n<p>Proponho aceitar o convite e abrir o jogo.<\/p>\n<p><img loading=\"lazy\" decoding=\"async\" class=\"alignnone wp-image-1087507 size-full\" src=\"https:\/\/www.pressenza.com\/wp-content\/uploads\/2020\/04\/comentadores-pt2.jpg\" alt=\"\" width=\"1024\" height=\"209\" srcset=\"https:\/\/www.pressenza.com\/wp-content\/uploads\/2020\/04\/comentadores-pt2.jpg 1024w, https:\/\/www.pressenza.com\/wp-content\/uploads\/2020\/04\/comentadores-pt2-300x61.jpg 300w, https:\/\/www.pressenza.com\/wp-content\/uploads\/2020\/04\/comentadores-pt2-720x147.jpg 720w, https:\/\/www.pressenza.com\/wp-content\/uploads\/2020\/04\/comentadores-pt2-768x157.jpg 768w\" sizes=\"auto, (max-width: 1024px) 100vw, 1024px\" \/><\/p>\n<p><strong>Ciro Sales <\/strong>(Salvador)<\/p>\n<p style=\"padding-left: 40px;\"><em>\u201cAtrav\u00e9s do relato despretensioso de sua hist\u00f3ria de vida, uma mulher nos conduz por uma jornada reflexiva que, agora em 2020, com o mundo sacudido pela pandemia do coronavirus, parece fazer ainda mais sentido. A leitura f\u00e1cil do livro e a riqueza de imagens que nos proporciona s\u00e3o a combina\u00e7\u00e3o perfeita para fazer ecoar o clamor por uma tomada de consci\u00eancia. Os limites j\u00e1 se impuseram:\u00a0tanto biof\u00edsicos e geopol\u00edticos quanto aqueles do excesso de raz\u00e3o e do ego\u00edsmo. Urge fazermos escolhas importantes, e repensar a maioria daquelas j\u00e1 feitas. O mundo de hoje j\u00e1 \u00e9 o de ontem. No livro, Indra antevia um novo mundo, e j\u00e1 havia ajustado sua exist\u00eancia ao prop\u00f3sito de agir pelo bem comum, regida pela compaix\u00e3o, percebendo a integra\u00e7\u00e3o entre todos os seres e a natureza e o necess\u00e1rio equil\u00edbrio entre a materialidade e o campo sutil. Entre n\u00f3s, algumas Indras j\u00e1 existem, e nos apontam caminhos a seguir: D\u00e9bora certamente \u00e9 uma delas.\u201d<\/em><\/p>\n<p><strong>Lena Ferreira <\/strong>(Brasilia)<\/p>\n<p style=\"padding-left: 40px;\"><em>\u201cA primeira vez que li Auroville, 2046 \u2013 depois do fim de um mundo, de D\u00e9bora Nunes, me soou como uma poesia prof\u00e9tica. Agora, em 2020, vejo essa profecia come\u00e7ar a se realizar. N\u00e3o sab\u00edamos o que faria a humanidade abrir os olhos para a insustentabilidade de seu modo de vida estressante e consumista. Torcemos para que essa consci\u00eancia esteja aflorando agora. Mas o que fazer? O que acontecer\u00e1 daqui para a frente? Isso \u00e9 o que nos responde esse conto. Ainda d\u00e1 tempo de construirmos nossas Aurovilles em nossas ecovilas, em nossa quadra, em nosso pr\u00e9dio, em nossa cidade&#8230; E o conto \u00e9 um inspirador modelo sobre como isso pode ser feito.\u201d<\/em><\/p>\n<p><strong>Nahyda Franca <\/strong>(Rio de Janeiro)<\/p>\n<p style=\"padding-left: 40px;\"><em>\u201cO livro de D\u00e9bora Nunes nos transmite com muita clareza e simplicidade as medidas que precisam ser multiplicadas para que possamos recriar um novo modelo civilizat\u00f3rio no nosso Planeta Terra. Um alerta claro e preciso do que j\u00e1 vem acontecendo como cat\u00e1strofe global \u2013 presente no pesadelo de Indra &#8211; ressaltando a urg\u00eancia para a a\u00e7\u00e3o de cada uma e cada um rumo a transforma\u00e7\u00e3o individual e coletiva. O alento e a esperan\u00e7a de que um outro mundo pode emergir \u00e9 apresentado pela diversidade de in\u00fameras a\u00e7\u00f5es e movimentos no mundo inteiro que j\u00e1 acontecem com esse intuito. Um belo, generoso e profundo convite para nos engajarmos por inteiro nesse movimento e nos re-inventarmos com esperan\u00e7a, muito amor, afeto e criatividade.\u201d<\/em><\/p>\n<p><strong>Marcos Arruda <\/strong>(Rio de Janeiro)<\/p>\n<p style=\"padding-left: 40px;\"><em>\u201cAs mulheres, e o que se chamou de \u201cfeminiza\u00e7\u00e3o do mundo\u201d, tiveram um papel preponderante em transformar a cultura de resolu\u00e7\u00e3o de conflitos pela guerra ou de priorizar a competi\u00e7\u00e3o em detrimento da coopera\u00e7\u00e3o.\u201d Este par\u00e1grafo \u00e9 um dos holofotes que ilumina a caminhada que D\u00e9bora nos convida a fazer junto com Indra, a personagem que d\u00e1 sentido ao livro. A est\u00f3ria de Indra contado por D\u00e9bora \u00e9 um \u00e9pico. O enredo \u00e9 complexo, antev\u00ea o desencadeamento do colapso clim\u00e1tico e suas abismantes consequ\u00eancias para a civiliza\u00e7\u00e3o humana e para a vida no Planeta. Mas nos chama a visualizar tamb\u00e9m os fatores de \u201cressurrei\u00e7\u00e3o\u201d, resultantes do trabalho perseverante de educadoras e ativistas como Indra. O livro \u00e9 um motivador do Sonhar, Planejar, Realizar e Celebrar. Em cada uma destas etapas, drag\u00f5es se levantam, tentando colocar no caminho obst\u00e1culos intranspon\u00edveis. Com mente inspirada e cora\u00e7\u00e3o vibrante, D\u00e9bora nos mostra que \u00e9 dentro de n\u00f3s, e \u00e9 unindo for\u00e7as com o dentro dos outros, que a humanidade vai fazendo surgir inovadoras solu\u00e7\u00f5es. Sim, afirma o livro, outra humanidade \u00e9 poss\u00edvel e, em Indra e naquelas\/eles que sintonizam com ela, essa humanidade filha da Terra e do Sol, pulsante de amor e de vida, j\u00e1 est\u00e1 virando realidade.\u201d<\/em><\/p>\n<p><strong>Tania Slongo <\/strong>(Florian\u00f3polis)<\/p>\n<p style=\"padding-left: 40px;\"><em>\u201cAuroville nos faz pensar num novo mundo que surge depois de todas as agress\u00f5es da humanidade \u00e0 Terra. O que nos espera? O que poderemos fazer? Este conto instigante de D\u00e9bora Nunes nos brinda com a inspira\u00e7\u00e3o e ousadia do sonho de muitos, que est\u00e3o gestando a\u00a0 cidade de Auroville. Isso nos traz a reflex\u00e3o, nos mostra que precisamos de forma urgente\u00a0 virar a chave, buscar mais harmonia, equil\u00edbrio e doar mais \u00e0 m\u00e3e terra do que tirar. \u00c9 poss\u00edvel outro mundo, outra humanidade. Precisamos viver a energia do perd\u00e3o e a energia do amor.\u201d<\/em><\/p>\n<p><strong>Ordep Serra <\/strong>(Salvador)<\/p>\n<p style=\"padding-left: 40px;\"><em>\u201cD\u00e9bora Nunes escreveu um livro prof\u00e9tico. Fic\u00e7\u00e3o ver\u00eddica:\u00a0 a um mundo de mentira, seu livro diz a verdade nua e crua, mostra o desastre iminente que muitos n\u00e3o querem ver: revela a cat\u00e1strofe em constru\u00e7\u00e3o na sinistra oficina do capitaloceno. Contempla-a j\u00e1 realizada, encara\u00a0 o cataclismo e o estuda com a lucidez on\u00edrica dos poetas. Mas sem desistir da esperan\u00e7a. Seu livro \u00e9 um sonho que nos visita de olhos abertos,\u00a0 reclamando for\u00e7a e coragem, transmitindo alento. Fala do naufr\u00e1gio a quem navega cegamente num barco furado.\u00a0 Antev\u00ea a ru\u00edna e promete a reconstru\u00e7\u00e3o. Uma par\u00e1bola: aviso e apelo, ditado por amor ao pr\u00f3ximo e ao distante, aos contempor\u00e2neos e aos p\u00f3steros.\u00a0 Sim, este livro merece ampla difus\u00e3o.\u201d<\/em><\/p>\n<p><strong>Juliana Faber <\/strong>(Bahia)<\/p>\n<p style=\"padding-left: 40px;\"><em>&#8220;Foi uma super alegria poder ler Auroville , 2046. De uma forma simples, inspiradora e que toca o cora\u00e7\u00e3o, o livro traz o caminho para uma sociedade mais harm\u00f4nica e regenerativa. Nos abre os olhos para o que est\u00e1 por vir e para as poss\u00edveis solu\u00e7\u00f5es simples e acess\u00edveis tamb\u00e9m. Nos sensibiliza pela beleza das palavras, pelo toque suave no cora\u00e7\u00e3o, pelo caminho de amor e esperan\u00e7a indicado. Gratid\u00e3o D\u00e9bora pela linda inspira\u00e7\u00e3o.&#8221;<\/em><\/p>\n<hr \/>\n<p>\u2013 Ciro Sales. Ator e produtor cultural. Salvador, Rio de Janeiro, Brasil<br \/>\n\u2013 Lena Ferreira. Designer em sustentabilidade, agrofloresteira, ecovileira. Bras\u00edlia, Brasil<br \/>\n\u2013 Nahyda Franca. Educadora socioambiental, coordenadora IBASE. Rio de Janeiro, Brasil<br \/>\n\u2013 Marcos Arruda. Socioeconomista, cidad\u00e3o do mundo, ecovileiro. Rio de Janeiro, Brasil<br \/>\n\u2013 Tania Slongo. Advogada, feminista e ambientalista. Florian\u00f3polis, Brasil<br \/>\n\u2013 Ordep Serra. Escritor, membro da Academia Bahiana de Letras.Salvador, Brasil<br \/>\n\u2013 Juliana Faber. Cuidadora das \u00e1guas de Piracanga<\/p>\n<p>&nbsp;<\/p>\n<h4><a href=\"https:\/\/cirandas.net\/deboranunes\/imagens-de-artigos\/auroville-2046-por.pdf\" target=\"_blank\" rel=\"noopener noreferrer\">Baixar Auroville 2046<\/a><\/h4>\n","protected":false},"excerpt":{"rendered":"<p>&#8220;Auroville 2046&#8221; \u00e9 um conto que sua autora e Pressenza disponibilizam hoje para os leitores em 7 idiomas (espanhol, portugu\u00eas, franc\u00eas, catal\u00e3o, alem\u00e3o, italiano e ingl\u00eas). Para ler e compartilhar. &nbsp; Este t\u00edtulo teria sido muito menos oportuno h\u00e1 dois&hellip;<\/p>\n","protected":false},"author":1187,"featured_media":1086648,"comment_status":"closed","ping_status":"closed","sticky":false,"template":"","format":"standard","meta":{"footnotes":""},"categories":[104,11390,115,1254,165],"tags":[74031,64413,74029,74030,74361,11274,19280],"class_list":["post-1086201","post","type-post","status-publish","format-standard","has-post-thumbnail","hentry","category-america-do-sul","category-conteudo-original","category-ecologia-e-meio-ambiente","category-humanismo-espiritualidade","category-opiniao","tag-auroville-pt-pt","tag-clima-pt-pt","tag-colapso-climatico","tag-ecovilas","tag-futuro-pt-pt-2","tag-sistema","tag-solidariedade"],"yoast_head":"<!-- This site is optimized with the Yoast SEO plugin v27.1.1 - https:\/\/yoast.com\/product\/yoast-seo-wordpress\/ -->\n<title>Depois do fim de um mundo<\/title>\n<meta name=\"description\" content=\"&quot;Auroville 2046&quot; \u00e9 um conto que sua autora e Pressenza disponibilizam hoje para os leitores em 7 idiomas (espanhol, portugu\u00eas, franc\u00eas, catal\u00e3o, alem\u00e3o,\" \/>\n<meta name=\"robots\" content=\"index, follow, max-snippet:-1, max-image-preview:large, max-video-preview:-1\" \/>\n<link rel=\"canonical\" href=\"https:\/\/www.pressenza.com\/pt-pt\/2020\/04\/despois-do-fim-de-um-mundo\/\" \/>\n<meta property=\"og:locale\" content=\"pt_PT\" \/>\n<meta property=\"og:type\" content=\"article\" \/>\n<meta property=\"og:title\" content=\"Depois do fim de um mundo\" \/>\n<meta property=\"og:description\" content=\"&quot;Auroville 2046&quot; \u00e9 um conto que sua autora e Pressenza disponibilizam hoje para os leitores em 7 idiomas (espanhol, portugu\u00eas, franc\u00eas, catal\u00e3o, alem\u00e3o,\" \/>\n<meta property=\"og:url\" content=\"https:\/\/www.pressenza.com\/pt-pt\/2020\/04\/despois-do-fim-de-um-mundo\/\" \/>\n<meta property=\"og:site_name\" content=\"Pressenza\" \/>\n<meta property=\"article:publisher\" content=\"https:\/\/www.facebook.com\/PressenzaItalia\" \/>\n<meta property=\"article:author\" content=\"Alicia Blanco\" \/>\n<meta property=\"article:published_time\" content=\"2020-04-17T23:55:05+00:00\" \/>\n<meta property=\"article:modified_time\" content=\"2022-02-08T14:30:18+00:00\" \/>\n<meta property=\"og:image\" content=\"https:\/\/www.pressenza.com\/wp-content\/uploads\/2020\/04\/Auroville-foto-destacada2.jpg\" \/>\n\t<meta property=\"og:image:width\" content=\"760\" \/>\n\t<meta property=\"og:image:height\" content=\"603\" \/>\n\t<meta property=\"og:image:type\" content=\"image\/jpeg\" \/>\n<meta name=\"author\" content=\"Alicia Blanco\" \/>\n<meta name=\"twitter:card\" content=\"summary_large_image\" \/>\n<meta name=\"twitter:creator\" content=\"@aliciablancoar\" \/>\n<meta name=\"twitter:site\" content=\"@PressenzaIPA\" \/>\n<meta name=\"twitter:label1\" content=\"Escrito por\" \/>\n\t<meta name=\"twitter:data1\" content=\"Alicia Blanco\" \/>\n\t<meta name=\"twitter:label2\" content=\"Tempo estimado de leitura\" \/>\n\t<meta name=\"twitter:data2\" content=\"8 minutos\" \/>\n<script type=\"application\/ld+json\" class=\"yoast-schema-graph\">{\"@context\":\"https:\/\/schema.org\",\"@graph\":[{\"@type\":\"Article\",\"@id\":\"https:\/\/www.pressenza.com\/pt-pt\/2020\/04\/despois-do-fim-de-um-mundo\/#article\",\"isPartOf\":{\"@id\":\"https:\/\/www.pressenza.com\/pt-pt\/2020\/04\/despois-do-fim-de-um-mundo\/\"},\"author\":{\"name\":\"Alicia Blanco\",\"@id\":\"https:\/\/www.pressenza.com\/pt-pt\/#\/schema\/person\/cd1c733ed7825bc0f36b165c74e256a3\"},\"headline\":\"Depois do fim de um mundo\",\"datePublished\":\"2020-04-17T23:55:05+00:00\",\"dateModified\":\"2022-02-08T14:30:18+00:00\",\"mainEntityOfPage\":{\"@id\":\"https:\/\/www.pressenza.com\/pt-pt\/2020\/04\/despois-do-fim-de-um-mundo\/\"},\"wordCount\":1524,\"publisher\":{\"@id\":\"https:\/\/www.pressenza.com\/pt-pt\/#organization\"},\"image\":{\"@id\":\"https:\/\/www.pressenza.com\/pt-pt\/2020\/04\/despois-do-fim-de-um-mundo\/#primaryimage\"},\"thumbnailUrl\":\"https:\/\/www.pressenza.com\/wp-content\/uploads\/2020\/04\/Auroville-foto-destacada2.jpg\",\"keywords\":[\"Auroville\",\"clima\",\"colapso clim\u00e1tico\",\"ecovilas\",\"futuro\",\"sistema\",\"solidariedade\"],\"articleSection\":[\"\u00c1m\u00e9rica do Sul\",\"Conte\u00fado Original\",\"Ecologia e Meio Ambiente\",\"Humanismo e Espiritualidade\",\"Opini\u00e3o\"],\"inLanguage\":\"pt-PT\"},{\"@type\":\"WebPage\",\"@id\":\"https:\/\/www.pressenza.com\/pt-pt\/2020\/04\/despois-do-fim-de-um-mundo\/\",\"url\":\"https:\/\/www.pressenza.com\/pt-pt\/2020\/04\/despois-do-fim-de-um-mundo\/\",\"name\":\"Depois do fim de um mundo\",\"isPartOf\":{\"@id\":\"https:\/\/www.pressenza.com\/pt-pt\/#website\"},\"primaryImageOfPage\":{\"@id\":\"https:\/\/www.pressenza.com\/pt-pt\/2020\/04\/despois-do-fim-de-um-mundo\/#primaryimage\"},\"image\":{\"@id\":\"https:\/\/www.pressenza.com\/pt-pt\/2020\/04\/despois-do-fim-de-um-mundo\/#primaryimage\"},\"thumbnailUrl\":\"https:\/\/www.pressenza.com\/wp-content\/uploads\/2020\/04\/Auroville-foto-destacada2.jpg\",\"datePublished\":\"2020-04-17T23:55:05+00:00\",\"dateModified\":\"2022-02-08T14:30:18+00:00\",\"description\":\"\\\"Auroville 2046\\\" \u00e9 um conto que sua autora e Pressenza disponibilizam hoje para os leitores em 7 idiomas (espanhol, portugu\u00eas, franc\u00eas, catal\u00e3o, alem\u00e3o,\",\"breadcrumb\":{\"@id\":\"https:\/\/www.pressenza.com\/pt-pt\/2020\/04\/despois-do-fim-de-um-mundo\/#breadcrumb\"},\"inLanguage\":\"pt-PT\",\"potentialAction\":[{\"@type\":\"ReadAction\",\"target\":[\"https:\/\/www.pressenza.com\/pt-pt\/2020\/04\/despois-do-fim-de-um-mundo\/\"]}]},{\"@type\":\"ImageObject\",\"inLanguage\":\"pt-PT\",\"@id\":\"https:\/\/www.pressenza.com\/pt-pt\/2020\/04\/despois-do-fim-de-um-mundo\/#primaryimage\",\"url\":\"https:\/\/www.pressenza.com\/wp-content\/uploads\/2020\/04\/Auroville-foto-destacada2.jpg\",\"contentUrl\":\"https:\/\/www.pressenza.com\/wp-content\/uploads\/2020\/04\/Auroville-foto-destacada2.jpg\",\"width\":760,\"height\":603},{\"@type\":\"BreadcrumbList\",\"@id\":\"https:\/\/www.pressenza.com\/pt-pt\/2020\/04\/despois-do-fim-de-um-mundo\/#breadcrumb\",\"itemListElement\":[{\"@type\":\"ListItem\",\"position\":1,\"name\":\"Accueil\",\"item\":\"https:\/\/www.pressenza.com\/pt-pt\/\"},{\"@type\":\"ListItem\",\"position\":2,\"name\":\"Depois do fim de um mundo\"}]},{\"@type\":\"WebSite\",\"@id\":\"https:\/\/www.pressenza.com\/pt-pt\/#website\",\"url\":\"https:\/\/www.pressenza.com\/pt-pt\/\",\"name\":\"Pressenza\",\"description\":\"International Press Agency\",\"publisher\":{\"@id\":\"https:\/\/www.pressenza.com\/pt-pt\/#organization\"},\"potentialAction\":[{\"@type\":\"SearchAction\",\"target\":{\"@type\":\"EntryPoint\",\"urlTemplate\":\"https:\/\/www.pressenza.com\/pt-pt\/?s={search_term_string}\"},\"query-input\":{\"@type\":\"PropertyValueSpecification\",\"valueRequired\":true,\"valueName\":\"search_term_string\"}}],\"inLanguage\":\"pt-PT\"},{\"@type\":\"Organization\",\"@id\":\"https:\/\/www.pressenza.com\/pt-pt\/#organization\",\"name\":\"Pressenza\",\"url\":\"https:\/\/www.pressenza.com\/pt-pt\/\",\"logo\":{\"@type\":\"ImageObject\",\"inLanguage\":\"pt-PT\",\"@id\":\"https:\/\/www.pressenza.com\/pt-pt\/#\/schema\/logo\/image\/\",\"url\":\"https:\/\/www.pressenza.com\/wp-content\/uploads\/2022\/10\/pressenza_logo_200x200.jpg\",\"contentUrl\":\"https:\/\/www.pressenza.com\/wp-content\/uploads\/2022\/10\/pressenza_logo_200x200.jpg\",\"width\":200,\"height\":200,\"caption\":\"Pressenza\"},\"image\":{\"@id\":\"https:\/\/www.pressenza.com\/pt-pt\/#\/schema\/logo\/image\/\"},\"sameAs\":[\"https:\/\/www.facebook.com\/PressenzaItalia\",\"https:\/\/x.com\/PressenzaIPA\"]},{\"@type\":\"Person\",\"@id\":\"https:\/\/www.pressenza.com\/pt-pt\/#\/schema\/person\/cd1c733ed7825bc0f36b165c74e256a3\",\"name\":\"Alicia Blanco\",\"description\":\"Humanista, co-directora de Pressenza.\",\"sameAs\":[\"Alicia Blanco\",\"https:\/\/x.com\/aliciablancoar\"],\"url\":\"https:\/\/www.pressenza.com\/pt-pt\/author\/alicia-blanco\/\"}]}<\/script>\n<!-- \/ Yoast SEO plugin. -->","yoast_head_json":{"title":"Depois do fim de um mundo","description":"\"Auroville 2046\" \u00e9 um conto que sua autora e Pressenza disponibilizam hoje para os leitores em 7 idiomas (espanhol, portugu\u00eas, franc\u00eas, catal\u00e3o, alem\u00e3o,","robots":{"index":"index","follow":"follow","max-snippet":"max-snippet:-1","max-image-preview":"max-image-preview:large","max-video-preview":"max-video-preview:-1"},"canonical":"https:\/\/www.pressenza.com\/pt-pt\/2020\/04\/despois-do-fim-de-um-mundo\/","og_locale":"pt_PT","og_type":"article","og_title":"Depois do fim de um mundo","og_description":"\"Auroville 2046\" \u00e9 um conto que sua autora e Pressenza disponibilizam hoje para os leitores em 7 idiomas (espanhol, portugu\u00eas, franc\u00eas, catal\u00e3o, alem\u00e3o,","og_url":"https:\/\/www.pressenza.com\/pt-pt\/2020\/04\/despois-do-fim-de-um-mundo\/","og_site_name":"Pressenza","article_publisher":"https:\/\/www.facebook.com\/PressenzaItalia","article_author":"Alicia Blanco","article_published_time":"2020-04-17T23:55:05+00:00","article_modified_time":"2022-02-08T14:30:18+00:00","og_image":[{"width":760,"height":603,"url":"https:\/\/www.pressenza.com\/wp-content\/uploads\/2020\/04\/Auroville-foto-destacada2.jpg","type":"image\/jpeg"}],"author":"Alicia Blanco","twitter_card":"summary_large_image","twitter_creator":"@aliciablancoar","twitter_site":"@PressenzaIPA","twitter_misc":{"Escrito por":"Alicia Blanco","Tempo estimado de leitura":"8 minutos"},"schema":{"@context":"https:\/\/schema.org","@graph":[{"@type":"Article","@id":"https:\/\/www.pressenza.com\/pt-pt\/2020\/04\/despois-do-fim-de-um-mundo\/#article","isPartOf":{"@id":"https:\/\/www.pressenza.com\/pt-pt\/2020\/04\/despois-do-fim-de-um-mundo\/"},"author":{"name":"Alicia Blanco","@id":"https:\/\/www.pressenza.com\/pt-pt\/#\/schema\/person\/cd1c733ed7825bc0f36b165c74e256a3"},"headline":"Depois do fim de um mundo","datePublished":"2020-04-17T23:55:05+00:00","dateModified":"2022-02-08T14:30:18+00:00","mainEntityOfPage":{"@id":"https:\/\/www.pressenza.com\/pt-pt\/2020\/04\/despois-do-fim-de-um-mundo\/"},"wordCount":1524,"publisher":{"@id":"https:\/\/www.pressenza.com\/pt-pt\/#organization"},"image":{"@id":"https:\/\/www.pressenza.com\/pt-pt\/2020\/04\/despois-do-fim-de-um-mundo\/#primaryimage"},"thumbnailUrl":"https:\/\/www.pressenza.com\/wp-content\/uploads\/2020\/04\/Auroville-foto-destacada2.jpg","keywords":["Auroville","clima","colapso clim\u00e1tico","ecovilas","futuro","sistema","solidariedade"],"articleSection":["\u00c1m\u00e9rica do Sul","Conte\u00fado Original","Ecologia e Meio Ambiente","Humanismo e Espiritualidade","Opini\u00e3o"],"inLanguage":"pt-PT"},{"@type":"WebPage","@id":"https:\/\/www.pressenza.com\/pt-pt\/2020\/04\/despois-do-fim-de-um-mundo\/","url":"https:\/\/www.pressenza.com\/pt-pt\/2020\/04\/despois-do-fim-de-um-mundo\/","name":"Depois do fim de um mundo","isPartOf":{"@id":"https:\/\/www.pressenza.com\/pt-pt\/#website"},"primaryImageOfPage":{"@id":"https:\/\/www.pressenza.com\/pt-pt\/2020\/04\/despois-do-fim-de-um-mundo\/#primaryimage"},"image":{"@id":"https:\/\/www.pressenza.com\/pt-pt\/2020\/04\/despois-do-fim-de-um-mundo\/#primaryimage"},"thumbnailUrl":"https:\/\/www.pressenza.com\/wp-content\/uploads\/2020\/04\/Auroville-foto-destacada2.jpg","datePublished":"2020-04-17T23:55:05+00:00","dateModified":"2022-02-08T14:30:18+00:00","description":"\"Auroville 2046\" \u00e9 um conto que sua autora e Pressenza disponibilizam hoje para os leitores em 7 idiomas (espanhol, portugu\u00eas, franc\u00eas, catal\u00e3o, alem\u00e3o,","breadcrumb":{"@id":"https:\/\/www.pressenza.com\/pt-pt\/2020\/04\/despois-do-fim-de-um-mundo\/#breadcrumb"},"inLanguage":"pt-PT","potentialAction":[{"@type":"ReadAction","target":["https:\/\/www.pressenza.com\/pt-pt\/2020\/04\/despois-do-fim-de-um-mundo\/"]}]},{"@type":"ImageObject","inLanguage":"pt-PT","@id":"https:\/\/www.pressenza.com\/pt-pt\/2020\/04\/despois-do-fim-de-um-mundo\/#primaryimage","url":"https:\/\/www.pressenza.com\/wp-content\/uploads\/2020\/04\/Auroville-foto-destacada2.jpg","contentUrl":"https:\/\/www.pressenza.com\/wp-content\/uploads\/2020\/04\/Auroville-foto-destacada2.jpg","width":760,"height":603},{"@type":"BreadcrumbList","@id":"https:\/\/www.pressenza.com\/pt-pt\/2020\/04\/despois-do-fim-de-um-mundo\/#breadcrumb","itemListElement":[{"@type":"ListItem","position":1,"name":"Accueil","item":"https:\/\/www.pressenza.com\/pt-pt\/"},{"@type":"ListItem","position":2,"name":"Depois do fim de um mundo"}]},{"@type":"WebSite","@id":"https:\/\/www.pressenza.com\/pt-pt\/#website","url":"https:\/\/www.pressenza.com\/pt-pt\/","name":"Pressenza","description":"International Press Agency","publisher":{"@id":"https:\/\/www.pressenza.com\/pt-pt\/#organization"},"potentialAction":[{"@type":"SearchAction","target":{"@type":"EntryPoint","urlTemplate":"https:\/\/www.pressenza.com\/pt-pt\/?s={search_term_string}"},"query-input":{"@type":"PropertyValueSpecification","valueRequired":true,"valueName":"search_term_string"}}],"inLanguage":"pt-PT"},{"@type":"Organization","@id":"https:\/\/www.pressenza.com\/pt-pt\/#organization","name":"Pressenza","url":"https:\/\/www.pressenza.com\/pt-pt\/","logo":{"@type":"ImageObject","inLanguage":"pt-PT","@id":"https:\/\/www.pressenza.com\/pt-pt\/#\/schema\/logo\/image\/","url":"https:\/\/www.pressenza.com\/wp-content\/uploads\/2022\/10\/pressenza_logo_200x200.jpg","contentUrl":"https:\/\/www.pressenza.com\/wp-content\/uploads\/2022\/10\/pressenza_logo_200x200.jpg","width":200,"height":200,"caption":"Pressenza"},"image":{"@id":"https:\/\/www.pressenza.com\/pt-pt\/#\/schema\/logo\/image\/"},"sameAs":["https:\/\/www.facebook.com\/PressenzaItalia","https:\/\/x.com\/PressenzaIPA"]},{"@type":"Person","@id":"https:\/\/www.pressenza.com\/pt-pt\/#\/schema\/person\/cd1c733ed7825bc0f36b165c74e256a3","name":"Alicia Blanco","description":"Humanista, co-directora de Pressenza.","sameAs":["Alicia Blanco","https:\/\/x.com\/aliciablancoar"],"url":"https:\/\/www.pressenza.com\/pt-pt\/author\/alicia-blanco\/"}]}},"place":"Mar del Plata, Argentina","original_article_url":"","_links":{"self":[{"href":"https:\/\/www.pressenza.com\/pt-pt\/wp-json\/wp\/v2\/posts\/1086201","targetHints":{"allow":["GET"]}}],"collection":[{"href":"https:\/\/www.pressenza.com\/pt-pt\/wp-json\/wp\/v2\/posts"}],"about":[{"href":"https:\/\/www.pressenza.com\/pt-pt\/wp-json\/wp\/v2\/types\/post"}],"author":[{"embeddable":true,"href":"https:\/\/www.pressenza.com\/pt-pt\/wp-json\/wp\/v2\/users\/1187"}],"replies":[{"embeddable":true,"href":"https:\/\/www.pressenza.com\/pt-pt\/wp-json\/wp\/v2\/comments?post=1086201"}],"version-history":[{"count":0,"href":"https:\/\/www.pressenza.com\/pt-pt\/wp-json\/wp\/v2\/posts\/1086201\/revisions"}],"wp:featuredmedia":[{"embeddable":true,"href":"https:\/\/www.pressenza.com\/pt-pt\/wp-json\/wp\/v2\/media\/1086648"}],"wp:attachment":[{"href":"https:\/\/www.pressenza.com\/pt-pt\/wp-json\/wp\/v2\/media?parent=1086201"}],"wp:term":[{"taxonomy":"category","embeddable":true,"href":"https:\/\/www.pressenza.com\/pt-pt\/wp-json\/wp\/v2\/categories?post=1086201"},{"taxonomy":"post_tag","embeddable":true,"href":"https:\/\/www.pressenza.com\/pt-pt\/wp-json\/wp\/v2\/tags?post=1086201"}],"curies":[{"name":"wp","href":"https:\/\/api.w.org\/{rel}","templated":true}]}}