{"id":1085912,"date":"2020-04-17T02:14:59","date_gmt":"2020-04-17T01:14:59","guid":{"rendered":"https:\/\/www.pressenza.com\/?p=1085912"},"modified":"2020-04-17T02:14:59","modified_gmt":"2020-04-17T01:14:59","slug":"jornalista-do-timor-leste-e-destaque-na-luta-contra-novo-coronavirus","status":"publish","type":"post","link":"https:\/\/www.pressenza.com\/pt-pt\/2020\/04\/jornalista-do-timor-leste-e-destaque-na-luta-contra-novo-coronavirus\/","title":{"rendered":"Jornalista do Timor-Leste \u00e9 destaque na luta contra novo coronav\u00edrus\u00a0"},"content":{"rendered":"<p><strong>ONU Mulheres divulgou rela\u00e7\u00e3o de profissionais engajadas no combate \u00e0 doen\u00e7a; \u00a0maioria do pessoal de sa\u00fade \u00e9 feminina; metade da popula\u00e7\u00e3o mundial est\u00e1 em casa para se proteger da doen\u00e7a; s\u00e3o cerca de 4 bilh\u00f5es de pessoas em 90 pa\u00edses.<\/strong><\/p>\n<p>Uma jornalista do Timor-Leste foi destacada pela ag\u00eancia ONU Mulheres para exemplificar o papel feminino preponderante no combate \u00e0 covid-19.<\/p>\n<p>Zevonia Vieira, presidente da Associa\u00e7\u00e3o de Jornalistas do pa\u00eds de l\u00edngua portuguesa, est\u00e1 atuando para manter a popula\u00e7\u00e3o informada sobre como melhor se proteger da doen\u00e7a.<\/p>\n<h4>Quarentena<\/h4>\n<p>Ela aparece numa lista de cinco profissionais na \u00c1sia e na Europa que est\u00e3o fora do regime de quarentena como trabalhadores essenciais.<\/p>\n<p>Na rela\u00e7\u00e3o divulgada na p\u00e1gina da ONU Mulheres na internet, a jornalista explica como convenceu o governo a apoiar a cria\u00e7\u00e3o de um centro de imprensa com os devidos cuidados de distanciamento social para manter a sociedade informada.<\/p>\n<h4>Crise<\/h4>\n<p>Zevonia Vieira conta que tem uma jornada longa e que depois do trabalho ajuda o filho com as tarefas de casa, o que imp\u00f5e a ela mais cansa\u00e7o e esfor\u00e7os. Mesmo assim, ela se diz realizada de poder levar informa\u00e7\u00f5es corretas e seguras ao p\u00fablico sobre a pandemia e a crise global.<\/p>\n<p>O Timor-Leste, assim como outras na\u00e7\u00f5es, imp\u00f4s o isolamento social \u00e0 popula\u00e7\u00e3o em mar\u00e7o para evitar a contamina\u00e7\u00e3o com o novo coronav\u00edrus.<\/p>\n<h4>Alb\u00e2nia e Tail\u00e2ndia<\/h4>\n<p>Na lista da ONU Mulheres, tamb\u00e9m \u00e9 destacada a m\u00e9dica Entela Kolovani, da Alb\u00e2nia, que est\u00e1 cuidando de pacientes contaminados com a covid-19 desde 9 de mar\u00e7o. Ela e o marido n\u00e3o veem os filhos desde a data para evitar que eles se contaminem. Cerca de 12% dos infectados na Alb\u00e2nia s\u00e3o agentes de sa\u00fade.<\/p>\n<p>Natawan Pintho, da Tail\u00e2ndia. Capit\u00e3 da pol\u00edcia no aeroporto internacional do pa\u00eds, j\u00e1 teve que negar v\u00e1rias entradas na imigra\u00e7\u00e3o por causa da amea\u00e7a do v\u00edrus. A militar contou que todos os dias se pergunta se foi contaminada e que o mais duro \u00e9 n\u00e3o poder viajar os 600km at\u00e9 o interior para visitar os pais.<\/p>\n<p>A lista inclui uma parteira e uma encarregada de distribui\u00e7\u00e3o de alimentos tailandesas que lembram que seu trabalho n\u00e3o pode esperar pelo fim da crise e que, por isso, continuam garantindo em suas respectivas \u00e1reas a entrega de alimentos e o nascimento de beb\u00eas.<\/p>\n","protected":false},"excerpt":{"rendered":"<p>ONU Mulheres divulgou rela\u00e7\u00e3o de profissionais engajadas no combate \u00e0 doen\u00e7a; \u00a0maioria do pessoal de sa\u00fade \u00e9 feminina; metade da popula\u00e7\u00e3o mundial est\u00e1 em casa para se proteger da doen\u00e7a; s\u00e3o cerca de 4 bilh\u00f5es de pessoas em 90 pa\u00edses.&hellip;<\/p>\n","protected":false},"author":1062,"featured_media":1085957,"comment_status":"closed","ping_status":"closed","sticky":false,"template":"","format":"standard","meta":{"footnotes":""},"categories":[102,54514,1253],"tags":[69903,72448,55087,51549,73984,18994,73985],"class_list":["post-1085912","post","type-post","status-publish","format-standard","has-post-thumbnail","hentry","category-asia-pt-pt","category-genero-e-feminismos","category-saude","tag-coronavirus","tag-covid19-pt-pt","tag-feminismos-pt-pt","tag-genero-pt-pt-2","tag-jornalistas","tag-mulheres","tag-timor-leste-pt-pt"],"yoast_head":"<!-- This site is optimized with the Yoast SEO plugin v27.1.1 - https:\/\/yoast.com\/product\/yoast-seo-wordpress\/ -->\n<title>Jornalista do Timor-Leste \u00e9 destaque na luta contra novo coronav\u00edrus\u00a0<\/title>\n<meta name=\"description\" content=\"ONU Mulheres divulgou rela\u00e7\u00e3o de profissionais engajadas no combate \u00e0 doen\u00e7a; \u00a0maioria do pessoal de sa\u00fade \u00e9 feminina; metade da popula\u00e7\u00e3o mundial est\u00e1 em\" \/>\n<meta name=\"robots\" content=\"index, follow, max-snippet:-1, max-image-preview:large, max-video-preview:-1\" \/>\n<link rel=\"canonical\" href=\"https:\/\/www.pressenza.com\/pt-pt\/2020\/04\/jornalista-do-timor-leste-e-destaque-na-luta-contra-novo-coronavirus\/\" \/>\n<meta property=\"og:locale\" content=\"pt_PT\" \/>\n<meta property=\"og:type\" content=\"article\" \/>\n<meta property=\"og:title\" content=\"Jornalista do Timor-Leste \u00e9 destaque na luta contra novo coronav\u00edrus\u00a0\" \/>\n<meta property=\"og:description\" content=\"ONU Mulheres divulgou rela\u00e7\u00e3o de profissionais engajadas no combate \u00e0 doen\u00e7a; \u00a0maioria do pessoal de sa\u00fade \u00e9 feminina; metade da popula\u00e7\u00e3o mundial est\u00e1 em\" \/>\n<meta property=\"og:url\" content=\"https:\/\/www.pressenza.com\/pt-pt\/2020\/04\/jornalista-do-timor-leste-e-destaque-na-luta-contra-novo-coronavirus\/\" \/>\n<meta property=\"og:site_name\" content=\"Pressenza\" \/>\n<meta property=\"article:publisher\" content=\"https:\/\/www.facebook.com\/PressenzaItalia\" \/>\n<meta property=\"article:author\" content=\"https:\/\/www.facebook.com\/UNFAO?ref=mf\" \/>\n<meta property=\"article:published_time\" content=\"2020-04-17T01:14:59+00:00\" \/>\n<meta property=\"og:image\" content=\"https:\/\/www.pressenza.com\/wp-content\/uploads\/2020\/04\/Zevonia-Vieira-Timor-1.jpg\" \/>\n\t<meta property=\"og:image:width\" content=\"720\" \/>\n\t<meta property=\"og:image:height\" content=\"437\" \/>\n\t<meta property=\"og:image:type\" content=\"image\/jpeg\" \/>\n<meta name=\"author\" content=\"UN Food and Agriculture Organisation\" \/>\n<meta name=\"twitter:card\" content=\"summary_large_image\" \/>\n<meta name=\"twitter:creator\" content=\"@FAOnews\" \/>\n<meta name=\"twitter:site\" content=\"@PressenzaIPA\" \/>\n<meta name=\"twitter:label1\" content=\"Escrito por\" \/>\n\t<meta name=\"twitter:data1\" content=\"UN Food and Agriculture Organisation\" \/>\n\t<meta name=\"twitter:label2\" content=\"Tempo estimado de leitura\" \/>\n\t<meta name=\"twitter:data2\" content=\"2 minutos\" \/>\n<script type=\"application\/ld+json\" class=\"yoast-schema-graph\">{\"@context\":\"https:\/\/schema.org\",\"@graph\":[{\"@type\":\"Article\",\"@id\":\"https:\/\/www.pressenza.com\/pt-pt\/2020\/04\/jornalista-do-timor-leste-e-destaque-na-luta-contra-novo-coronavirus\/#article\",\"isPartOf\":{\"@id\":\"https:\/\/www.pressenza.com\/pt-pt\/2020\/04\/jornalista-do-timor-leste-e-destaque-na-luta-contra-novo-coronavirus\/\"},\"author\":{\"name\":\"UN Food and Agriculture Organisation\",\"@id\":\"https:\/\/www.pressenza.com\/pt-pt\/#\/schema\/person\/086ab37b34189bf3accf0e1241cac981\"},\"headline\":\"Jornalista do Timor-Leste \u00e9 destaque na luta contra novo coronav\u00edrus\u00a0\",\"datePublished\":\"2020-04-17T01:14:59+00:00\",\"mainEntityOfPage\":{\"@id\":\"https:\/\/www.pressenza.com\/pt-pt\/2020\/04\/jornalista-do-timor-leste-e-destaque-na-luta-contra-novo-coronavirus\/\"},\"wordCount\":430,\"publisher\":{\"@id\":\"https:\/\/www.pressenza.com\/pt-pt\/#organization\"},\"image\":{\"@id\":\"https:\/\/www.pressenza.com\/pt-pt\/2020\/04\/jornalista-do-timor-leste-e-destaque-na-luta-contra-novo-coronavirus\/#primaryimage\"},\"thumbnailUrl\":\"https:\/\/www.pressenza.com\/wp-content\/uploads\/2020\/04\/Zevonia-Vieira-Timor-1.jpg\",\"keywords\":[\"coronav\u00edrus\",\"COVID19\",\"feminismos\",\"g\u00eanero\",\"jornalistas\",\"Mulheres\",\"Timor-Leste\"],\"articleSection\":[\"Asia\",\"G\u00eanero e feminismos\",\"Sa\u00fade\"],\"inLanguage\":\"pt-PT\"},{\"@type\":\"WebPage\",\"@id\":\"https:\/\/www.pressenza.com\/pt-pt\/2020\/04\/jornalista-do-timor-leste-e-destaque-na-luta-contra-novo-coronavirus\/\",\"url\":\"https:\/\/www.pressenza.com\/pt-pt\/2020\/04\/jornalista-do-timor-leste-e-destaque-na-luta-contra-novo-coronavirus\/\",\"name\":\"Jornalista do Timor-Leste \u00e9 destaque na luta contra novo coronav\u00edrus\u00a0\",\"isPartOf\":{\"@id\":\"https:\/\/www.pressenza.com\/pt-pt\/#website\"},\"primaryImageOfPage\":{\"@id\":\"https:\/\/www.pressenza.com\/pt-pt\/2020\/04\/jornalista-do-timor-leste-e-destaque-na-luta-contra-novo-coronavirus\/#primaryimage\"},\"image\":{\"@id\":\"https:\/\/www.pressenza.com\/pt-pt\/2020\/04\/jornalista-do-timor-leste-e-destaque-na-luta-contra-novo-coronavirus\/#primaryimage\"},\"thumbnailUrl\":\"https:\/\/www.pressenza.com\/wp-content\/uploads\/2020\/04\/Zevonia-Vieira-Timor-1.jpg\",\"datePublished\":\"2020-04-17T01:14:59+00:00\",\"description\":\"ONU Mulheres divulgou rela\u00e7\u00e3o de profissionais engajadas no combate \u00e0 doen\u00e7a; \u00a0maioria do pessoal de sa\u00fade \u00e9 feminina; metade da popula\u00e7\u00e3o mundial est\u00e1 em\",\"breadcrumb\":{\"@id\":\"https:\/\/www.pressenza.com\/pt-pt\/2020\/04\/jornalista-do-timor-leste-e-destaque-na-luta-contra-novo-coronavirus\/#breadcrumb\"},\"inLanguage\":\"pt-PT\",\"potentialAction\":[{\"@type\":\"ReadAction\",\"target\":[\"https:\/\/www.pressenza.com\/pt-pt\/2020\/04\/jornalista-do-timor-leste-e-destaque-na-luta-contra-novo-coronavirus\/\"]}]},{\"@type\":\"ImageObject\",\"inLanguage\":\"pt-PT\",\"@id\":\"https:\/\/www.pressenza.com\/pt-pt\/2020\/04\/jornalista-do-timor-leste-e-destaque-na-luta-contra-novo-coronavirus\/#primaryimage\",\"url\":\"https:\/\/www.pressenza.com\/wp-content\/uploads\/2020\/04\/Zevonia-Vieira-Timor-1.jpg\",\"contentUrl\":\"https:\/\/www.pressenza.com\/wp-content\/uploads\/2020\/04\/Zevonia-Vieira-Timor-1.jpg\",\"width\":720,\"height\":437},{\"@type\":\"BreadcrumbList\",\"@id\":\"https:\/\/www.pressenza.com\/pt-pt\/2020\/04\/jornalista-do-timor-leste-e-destaque-na-luta-contra-novo-coronavirus\/#breadcrumb\",\"itemListElement\":[{\"@type\":\"ListItem\",\"position\":1,\"name\":\"Accueil\",\"item\":\"https:\/\/www.pressenza.com\/pt-pt\/\"},{\"@type\":\"ListItem\",\"position\":2,\"name\":\"Jornalista do Timor-Leste \u00e9 destaque na luta contra novo coronav\u00edrus\u00a0\"}]},{\"@type\":\"WebSite\",\"@id\":\"https:\/\/www.pressenza.com\/pt-pt\/#website\",\"url\":\"https:\/\/www.pressenza.com\/pt-pt\/\",\"name\":\"Pressenza\",\"description\":\"International Press Agency\",\"publisher\":{\"@id\":\"https:\/\/www.pressenza.com\/pt-pt\/#organization\"},\"potentialAction\":[{\"@type\":\"SearchAction\",\"target\":{\"@type\":\"EntryPoint\",\"urlTemplate\":\"https:\/\/www.pressenza.com\/pt-pt\/?s={search_term_string}\"},\"query-input\":{\"@type\":\"PropertyValueSpecification\",\"valueRequired\":true,\"valueName\":\"search_term_string\"}}],\"inLanguage\":\"pt-PT\"},{\"@type\":\"Organization\",\"@id\":\"https:\/\/www.pressenza.com\/pt-pt\/#organization\",\"name\":\"Pressenza\",\"url\":\"https:\/\/www.pressenza.com\/pt-pt\/\",\"logo\":{\"@type\":\"ImageObject\",\"inLanguage\":\"pt-PT\",\"@id\":\"https:\/\/www.pressenza.com\/pt-pt\/#\/schema\/logo\/image\/\",\"url\":\"https:\/\/www.pressenza.com\/wp-content\/uploads\/2022\/10\/pressenza_logo_200x200.jpg\",\"contentUrl\":\"https:\/\/www.pressenza.com\/wp-content\/uploads\/2022\/10\/pressenza_logo_200x200.jpg\",\"width\":200,\"height\":200,\"caption\":\"Pressenza\"},\"image\":{\"@id\":\"https:\/\/www.pressenza.com\/pt-pt\/#\/schema\/logo\/image\/\"},\"sameAs\":[\"https:\/\/www.facebook.com\/PressenzaItalia\",\"https:\/\/x.com\/PressenzaIPA\"]},{\"@type\":\"Person\",\"@id\":\"https:\/\/www.pressenza.com\/pt-pt\/#\/schema\/person\/086ab37b34189bf3accf0e1241cac981\",\"name\":\"UN Food and Agriculture Organisation\",\"description\":\"Achieving food security for all is at the heart of FAO's efforts \u2013 to make sure people have regular access to enough high-quality food to lead active, healthy lives. Our mandate is to improve nutrition, increase agricultural productivity, raise the standard of living in rural populations and contribute to global economic growth. www.fao.org\",\"sameAs\":[\"http:\/\/www.fao.org\/news\/en\/\",\"https:\/\/www.facebook.com\/UNFAO?ref=mf\",\"https:\/\/x.com\/FAOnews\"],\"url\":\"https:\/\/www.pressenza.com\/pt-pt\/author\/fao\/\"}]}<\/script>\n<!-- \/ Yoast SEO plugin. -->","yoast_head_json":{"title":"Jornalista do Timor-Leste \u00e9 destaque na luta contra novo coronav\u00edrus\u00a0","description":"ONU Mulheres divulgou rela\u00e7\u00e3o de profissionais engajadas no combate \u00e0 doen\u00e7a; \u00a0maioria do pessoal de sa\u00fade \u00e9 feminina; metade da popula\u00e7\u00e3o mundial est\u00e1 em","robots":{"index":"index","follow":"follow","max-snippet":"max-snippet:-1","max-image-preview":"max-image-preview:large","max-video-preview":"max-video-preview:-1"},"canonical":"https:\/\/www.pressenza.com\/pt-pt\/2020\/04\/jornalista-do-timor-leste-e-destaque-na-luta-contra-novo-coronavirus\/","og_locale":"pt_PT","og_type":"article","og_title":"Jornalista do Timor-Leste \u00e9 destaque na luta contra novo coronav\u00edrus\u00a0","og_description":"ONU Mulheres divulgou rela\u00e7\u00e3o de profissionais engajadas no combate \u00e0 doen\u00e7a; \u00a0maioria do pessoal de sa\u00fade \u00e9 feminina; metade da popula\u00e7\u00e3o mundial est\u00e1 em","og_url":"https:\/\/www.pressenza.com\/pt-pt\/2020\/04\/jornalista-do-timor-leste-e-destaque-na-luta-contra-novo-coronavirus\/","og_site_name":"Pressenza","article_publisher":"https:\/\/www.facebook.com\/PressenzaItalia","article_author":"https:\/\/www.facebook.com\/UNFAO?ref=mf","article_published_time":"2020-04-17T01:14:59+00:00","og_image":[{"width":720,"height":437,"url":"https:\/\/www.pressenza.com\/wp-content\/uploads\/2020\/04\/Zevonia-Vieira-Timor-1.jpg","type":"image\/jpeg"}],"author":"UN Food and Agriculture Organisation","twitter_card":"summary_large_image","twitter_creator":"@FAOnews","twitter_site":"@PressenzaIPA","twitter_misc":{"Escrito por":"UN Food and Agriculture Organisation","Tempo estimado de leitura":"2 minutos"},"schema":{"@context":"https:\/\/schema.org","@graph":[{"@type":"Article","@id":"https:\/\/www.pressenza.com\/pt-pt\/2020\/04\/jornalista-do-timor-leste-e-destaque-na-luta-contra-novo-coronavirus\/#article","isPartOf":{"@id":"https:\/\/www.pressenza.com\/pt-pt\/2020\/04\/jornalista-do-timor-leste-e-destaque-na-luta-contra-novo-coronavirus\/"},"author":{"name":"UN Food and Agriculture Organisation","@id":"https:\/\/www.pressenza.com\/pt-pt\/#\/schema\/person\/086ab37b34189bf3accf0e1241cac981"},"headline":"Jornalista do Timor-Leste \u00e9 destaque na luta contra novo coronav\u00edrus\u00a0","datePublished":"2020-04-17T01:14:59+00:00","mainEntityOfPage":{"@id":"https:\/\/www.pressenza.com\/pt-pt\/2020\/04\/jornalista-do-timor-leste-e-destaque-na-luta-contra-novo-coronavirus\/"},"wordCount":430,"publisher":{"@id":"https:\/\/www.pressenza.com\/pt-pt\/#organization"},"image":{"@id":"https:\/\/www.pressenza.com\/pt-pt\/2020\/04\/jornalista-do-timor-leste-e-destaque-na-luta-contra-novo-coronavirus\/#primaryimage"},"thumbnailUrl":"https:\/\/www.pressenza.com\/wp-content\/uploads\/2020\/04\/Zevonia-Vieira-Timor-1.jpg","keywords":["coronav\u00edrus","COVID19","feminismos","g\u00eanero","jornalistas","Mulheres","Timor-Leste"],"articleSection":["Asia","G\u00eanero e feminismos","Sa\u00fade"],"inLanguage":"pt-PT"},{"@type":"WebPage","@id":"https:\/\/www.pressenza.com\/pt-pt\/2020\/04\/jornalista-do-timor-leste-e-destaque-na-luta-contra-novo-coronavirus\/","url":"https:\/\/www.pressenza.com\/pt-pt\/2020\/04\/jornalista-do-timor-leste-e-destaque-na-luta-contra-novo-coronavirus\/","name":"Jornalista do Timor-Leste \u00e9 destaque na luta contra novo coronav\u00edrus\u00a0","isPartOf":{"@id":"https:\/\/www.pressenza.com\/pt-pt\/#website"},"primaryImageOfPage":{"@id":"https:\/\/www.pressenza.com\/pt-pt\/2020\/04\/jornalista-do-timor-leste-e-destaque-na-luta-contra-novo-coronavirus\/#primaryimage"},"image":{"@id":"https:\/\/www.pressenza.com\/pt-pt\/2020\/04\/jornalista-do-timor-leste-e-destaque-na-luta-contra-novo-coronavirus\/#primaryimage"},"thumbnailUrl":"https:\/\/www.pressenza.com\/wp-content\/uploads\/2020\/04\/Zevonia-Vieira-Timor-1.jpg","datePublished":"2020-04-17T01:14:59+00:00","description":"ONU Mulheres divulgou rela\u00e7\u00e3o de profissionais engajadas no combate \u00e0 doen\u00e7a; \u00a0maioria do pessoal de sa\u00fade \u00e9 feminina; metade da popula\u00e7\u00e3o mundial est\u00e1 em","breadcrumb":{"@id":"https:\/\/www.pressenza.com\/pt-pt\/2020\/04\/jornalista-do-timor-leste-e-destaque-na-luta-contra-novo-coronavirus\/#breadcrumb"},"inLanguage":"pt-PT","potentialAction":[{"@type":"ReadAction","target":["https:\/\/www.pressenza.com\/pt-pt\/2020\/04\/jornalista-do-timor-leste-e-destaque-na-luta-contra-novo-coronavirus\/"]}]},{"@type":"ImageObject","inLanguage":"pt-PT","@id":"https:\/\/www.pressenza.com\/pt-pt\/2020\/04\/jornalista-do-timor-leste-e-destaque-na-luta-contra-novo-coronavirus\/#primaryimage","url":"https:\/\/www.pressenza.com\/wp-content\/uploads\/2020\/04\/Zevonia-Vieira-Timor-1.jpg","contentUrl":"https:\/\/www.pressenza.com\/wp-content\/uploads\/2020\/04\/Zevonia-Vieira-Timor-1.jpg","width":720,"height":437},{"@type":"BreadcrumbList","@id":"https:\/\/www.pressenza.com\/pt-pt\/2020\/04\/jornalista-do-timor-leste-e-destaque-na-luta-contra-novo-coronavirus\/#breadcrumb","itemListElement":[{"@type":"ListItem","position":1,"name":"Accueil","item":"https:\/\/www.pressenza.com\/pt-pt\/"},{"@type":"ListItem","position":2,"name":"Jornalista do Timor-Leste \u00e9 destaque na luta contra novo coronav\u00edrus\u00a0"}]},{"@type":"WebSite","@id":"https:\/\/www.pressenza.com\/pt-pt\/#website","url":"https:\/\/www.pressenza.com\/pt-pt\/","name":"Pressenza","description":"International Press Agency","publisher":{"@id":"https:\/\/www.pressenza.com\/pt-pt\/#organization"},"potentialAction":[{"@type":"SearchAction","target":{"@type":"EntryPoint","urlTemplate":"https:\/\/www.pressenza.com\/pt-pt\/?s={search_term_string}"},"query-input":{"@type":"PropertyValueSpecification","valueRequired":true,"valueName":"search_term_string"}}],"inLanguage":"pt-PT"},{"@type":"Organization","@id":"https:\/\/www.pressenza.com\/pt-pt\/#organization","name":"Pressenza","url":"https:\/\/www.pressenza.com\/pt-pt\/","logo":{"@type":"ImageObject","inLanguage":"pt-PT","@id":"https:\/\/www.pressenza.com\/pt-pt\/#\/schema\/logo\/image\/","url":"https:\/\/www.pressenza.com\/wp-content\/uploads\/2022\/10\/pressenza_logo_200x200.jpg","contentUrl":"https:\/\/www.pressenza.com\/wp-content\/uploads\/2022\/10\/pressenza_logo_200x200.jpg","width":200,"height":200,"caption":"Pressenza"},"image":{"@id":"https:\/\/www.pressenza.com\/pt-pt\/#\/schema\/logo\/image\/"},"sameAs":["https:\/\/www.facebook.com\/PressenzaItalia","https:\/\/x.com\/PressenzaIPA"]},{"@type":"Person","@id":"https:\/\/www.pressenza.com\/pt-pt\/#\/schema\/person\/086ab37b34189bf3accf0e1241cac981","name":"UN Food and Agriculture Organisation","description":"Achieving food security for all is at the heart of FAO's efforts \u2013 to make sure people have regular access to enough high-quality food to lead active, healthy lives. Our mandate is to improve nutrition, increase agricultural productivity, raise the standard of living in rural populations and contribute to global economic growth. www.fao.org","sameAs":["http:\/\/www.fao.org\/news\/en\/","https:\/\/www.facebook.com\/UNFAO?ref=mf","https:\/\/x.com\/FAOnews"],"url":"https:\/\/www.pressenza.com\/pt-pt\/author\/fao\/"}]}},"place":"Timor-Leste","original_article_url":"https:\/\/news.un.org\/pt\/story\/2020\/04\/1710082","_links":{"self":[{"href":"https:\/\/www.pressenza.com\/pt-pt\/wp-json\/wp\/v2\/posts\/1085912","targetHints":{"allow":["GET"]}}],"collection":[{"href":"https:\/\/www.pressenza.com\/pt-pt\/wp-json\/wp\/v2\/posts"}],"about":[{"href":"https:\/\/www.pressenza.com\/pt-pt\/wp-json\/wp\/v2\/types\/post"}],"author":[{"embeddable":true,"href":"https:\/\/www.pressenza.com\/pt-pt\/wp-json\/wp\/v2\/users\/1062"}],"replies":[{"embeddable":true,"href":"https:\/\/www.pressenza.com\/pt-pt\/wp-json\/wp\/v2\/comments?post=1085912"}],"version-history":[{"count":0,"href":"https:\/\/www.pressenza.com\/pt-pt\/wp-json\/wp\/v2\/posts\/1085912\/revisions"}],"wp:featuredmedia":[{"embeddable":true,"href":"https:\/\/www.pressenza.com\/pt-pt\/wp-json\/wp\/v2\/media\/1085957"}],"wp:attachment":[{"href":"https:\/\/www.pressenza.com\/pt-pt\/wp-json\/wp\/v2\/media?parent=1085912"}],"wp:term":[{"taxonomy":"category","embeddable":true,"href":"https:\/\/www.pressenza.com\/pt-pt\/wp-json\/wp\/v2\/categories?post=1085912"},{"taxonomy":"post_tag","embeddable":true,"href":"https:\/\/www.pressenza.com\/pt-pt\/wp-json\/wp\/v2\/tags?post=1085912"}],"curies":[{"name":"wp","href":"https:\/\/api.w.org\/{rel}","templated":true}]}}