{"id":107964,"date":"2014-05-18T22:44:23","date_gmt":"2014-05-18T21:44:23","guid":{"rendered":"http:\/\/www.pressenza.com\/?p=107964"},"modified":"2014-05-18T22:44:23","modified_gmt":"2014-05-18T21:44:23","slug":"brasil-manobra-pode-fazer-pec-trabalho-escravo-ficar-sem-efeito","status":"publish","type":"post","link":"https:\/\/www.pressenza.com\/pt-pt\/2014\/05\/brasil-manobra-pode-fazer-pec-trabalho-escravo-ficar-sem-efeito\/","title":{"rendered":"Brasil: manobra pode fazer PEC do Trabalho Escravo ficar sem efeito"},"content":{"rendered":"<p>Ap\u00f3s 15 anos da sua apresenta\u00e7\u00e3o, a Emenda Constitucional sobre o trabalho escravo no Brasil pode ser aprovada e n\u00e3o ter efeito algum. A manobra pol\u00edtica da bancada ruralista \u00e9 descrita na mat\u00e9ria abaixo da Ag\u00eancia Brasil:<\/p>\n<p>PEC do Trabalho Escravo deve ser votada dia 27<\/p>\n<p>Por Mariana Jungmann &#8211; Rep\u00f3rter da Ag\u00eancia Brasil<\/p>\n<p>A Proposta de Emenda \u00e0 Constitui\u00e7\u00e3o do Trabalho Escravo (PEC 57A\/1999) dever\u00e1 ser votada em car\u00e1ter definitivo no plen\u00e1rio do Senado Federal no pr\u00f3ximo dia 27. Com a aprova\u00e7\u00e3o de um calend\u00e1rio especial de tramita\u00e7\u00e3o, todos os prazos de discuss\u00e3o para a vota\u00e7\u00e3o da proposta em primeiro e segundo turnos est\u00e3o dispensados. Ap\u00f3s a aprova\u00e7\u00e3o, a PEC seguir\u00e1 para promulga\u00e7\u00e3o.<\/p>\n<p>A PEC, apresentada no Senado em 1999, prev\u00ea a expropria\u00e7\u00e3o das terras onde for constatada a explora\u00e7\u00e3o de trabalho an\u00e1logo \u00e0 escravid\u00e3o e o cultivo de subst\u00e2ncias psicotr\u00f3picas proibidas por lei. O texto original previa que os donos perderiam tais propriedades sem direito \u00e0 indeniza\u00e7\u00e3o do Poder P\u00fablico e que as terras seriam destinadas \u00e0 reforma agr\u00e1ria, com prefer\u00eancia para o assentamento dos colonos que j\u00e1 estivessem trabalhando nelas.<\/p>\n<p>No entanto, a C\u00e2mara aprovou em 2012 um substitutivo que previa, entre outras coisas, a mesma puni\u00e7\u00e3o em propriedades urbanas, destinando os recursos provenientes da expropria\u00e7\u00e3o a programas de habita\u00e7\u00e3o popular, al\u00e9m da reforma agr\u00e1ria. Uma emenda de reda\u00e7\u00e3o passou a remeter os efeitos da PEC a uma lei que ir\u00e1 esclarecer o que \u00e9 considerado trabalho escravo e como a expropria\u00e7\u00e3o dever\u00e1 ocorrer.<\/p>\n<p>Na \u00e9poca, a bancada ruralista na C\u00e2mara considerou que o texto, como estava, poderia dar margem a precipita\u00e7\u00f5es e interpreta\u00e7\u00f5es equivocadas sobre o que \u00e9 considerado trabalho an\u00e1logo ao de escravo. Dessa forma, optaram por aprovar o texto com uma emenda de reda\u00e7\u00e3o remetendo a uma lei complementar.<\/p>\n<p>\u201cAs propriedades rurais e urbanas de qualquer regi\u00e3o do pa\u00eds onde forem localizadas culturas ilegais de plantas psicotr\u00f3picas ou explora\u00e7\u00e3o de trabalho escravo na forma da lei ser\u00e3o expropriadas e destinadas \u00e0 reforma agr\u00e1ria e a programas de habita\u00e7\u00e3o popular, sem qualquer indeniza\u00e7\u00e3o ao propriet\u00e1rio e sem preju\u00edzo de outras san\u00e7\u00f5es previstas em lei, observado, no que couber, o disposto no Artigo 5\u00ba\u201d, diz o texto que ser\u00e1 votado no Senado.<\/p>\n<p>O senador Randolfe Rodrigues (PSOL-AP), no entanto, disse que tentar\u00e1 articular a derrubada da emenda nos pr\u00f3ximos dias. Como a mat\u00e9ria \u00e9 origin\u00e1ria do Senado e j\u00e1 passou pela C\u00e2mara, os senadores agora podem apenas manter ou retirar o que foi mudado pelos deputados sem fazer novas inser\u00e7\u00f5es no texto. Randolfe disse que ir\u00e1 procurar os parlamentares sens\u00edveis ao tema e tentar apoio para retirar a emenda que remete a PEC \u00e0 regulamenta\u00e7\u00e3o em lei complementar.<\/p>\n<p>\u201cIsso foi feito para essa PEC n\u00e3o ter efetividade, porque n\u00f3s nunca vamos ter lei complementar sobre isso\u201d, disse o senador a Ag\u00eancia Brasil. Para ele, a lei atual j\u00e1 \u00e9 bastante clara sobre o que significa trabalho an\u00e1logo \u00e0 escravid\u00e3o e n\u00e3o seria problema para o Minist\u00e9rio do Trabalho regulamentar quest\u00f5es que ainda possam estar pendentes.<\/p>\n<p>\u201cN\u00e3o h\u00e1 aus\u00eancia de clareza sobre isso. Trabalho escravo \u00e9 se apropriar da m\u00e3o de obra sem a remunera\u00e7\u00e3o devida e a aten\u00e7\u00e3o aos direitos trabalhistas. Agora, os latifundi\u00e1rios sabem que, no campo, a realidade n\u00e3o \u00e9 essa e por isso n\u00e3o querem que a PEC tenha efeito pr\u00e1tico\u201d, disse.<\/p>\n","protected":false},"excerpt":{"rendered":"<p>Ap\u00f3s 15 anos da sua apresenta\u00e7\u00e3o, a Emenda Constitucional sobre o trabalho escravo no Brasil pode ser aprovada e n\u00e3o ter efeito algum. A manobra pol\u00edtica da bancada ruralista \u00e9 descrita na mat\u00e9ria abaixo da Ag\u00eancia Brasil: PEC do Trabalho&hellip;<\/p>\n","protected":false},"author":44,"featured_media":107965,"comment_status":"closed","ping_status":"open","sticky":false,"template":"","format":"standard","meta":{"footnotes":""},"categories":[104,42,1256,111],"tags":[2744,6959,6489],"class_list":["post-107964","post","type-post","status-publish","format-standard","has-post-thumbnail","hentry","category-america-do-sul","category-internacional-2","category-nao-violencia","category-politica-pt-pt","tag-brasil","tag-pec","tag-trabalho-escravo"],"yoast_head":"<!-- This site is optimized with the Yoast SEO plugin v27.1.1 - https:\/\/yoast.com\/product\/yoast-seo-wordpress\/ -->\n<title>Brasil: manobra pode fazer PEC do Trabalho Escravo ficar sem efeito<\/title>\n<meta name=\"description\" content=\"Ap\u00f3s 15 anos da sua apresenta\u00e7\u00e3o, a Emenda Constitucional sobre o trabalho escravo no Brasil pode ser aprovada e n\u00e3o ter efeito algum. A manobra pol\u00edtica\" \/>\n<meta name=\"robots\" content=\"index, follow, max-snippet:-1, max-image-preview:large, max-video-preview:-1\" \/>\n<link rel=\"canonical\" href=\"https:\/\/www.pressenza.com\/pt-pt\/2014\/05\/brasil-manobra-pode-fazer-pec-trabalho-escravo-ficar-sem-efeito\/\" \/>\n<meta property=\"og:locale\" content=\"pt_PT\" \/>\n<meta property=\"og:type\" content=\"article\" \/>\n<meta property=\"og:title\" content=\"Brasil: manobra pode fazer PEC do Trabalho Escravo ficar sem efeito\" \/>\n<meta property=\"og:description\" content=\"Ap\u00f3s 15 anos da sua apresenta\u00e7\u00e3o, a Emenda Constitucional sobre o trabalho escravo no Brasil pode ser aprovada e n\u00e3o ter efeito algum. A manobra pol\u00edtica\" \/>\n<meta property=\"og:url\" content=\"https:\/\/www.pressenza.com\/pt-pt\/2014\/05\/brasil-manobra-pode-fazer-pec-trabalho-escravo-ficar-sem-efeito\/\" \/>\n<meta property=\"og:site_name\" content=\"Pressenza\" \/>\n<meta property=\"article:publisher\" content=\"https:\/\/www.facebook.com\/PressenzaItalia\" \/>\n<meta property=\"article:author\" content=\"https:\/\/www.facebook.com\/PressenzaPortugues\" \/>\n<meta property=\"article:published_time\" content=\"2014-05-18T21:44:23+00:00\" \/>\n<meta property=\"og:image\" content=\"https:\/\/www.pressenza.com\/wp-content\/uploads\/2014\/05\/trabalho_escravo_mpt.jpg\" \/>\n\t<meta property=\"og:image:width\" content=\"580\" \/>\n\t<meta property=\"og:image:height\" content=\"388\" \/>\n\t<meta property=\"og:image:type\" content=\"image\/jpeg\" \/>\n<meta name=\"author\" content=\"Reda\u00e7\u00e3o S\u00e3o Paulo\" \/>\n<meta name=\"twitter:card\" content=\"summary_large_image\" \/>\n<meta name=\"twitter:creator\" content=\"@pressenza_pt\" \/>\n<meta name=\"twitter:site\" content=\"@PressenzaIPA\" \/>\n<meta name=\"twitter:label1\" content=\"Escrito por\" \/>\n\t<meta name=\"twitter:data1\" content=\"Reda\u00e7\u00e3o S\u00e3o Paulo\" \/>\n\t<meta name=\"twitter:label2\" content=\"Tempo estimado de leitura\" \/>\n\t<meta name=\"twitter:data2\" content=\"3 minutos\" \/>\n<script type=\"application\/ld+json\" class=\"yoast-schema-graph\">{\"@context\":\"https:\/\/schema.org\",\"@graph\":[{\"@type\":\"Article\",\"@id\":\"https:\/\/www.pressenza.com\/pt-pt\/2014\/05\/brasil-manobra-pode-fazer-pec-trabalho-escravo-ficar-sem-efeito\/#article\",\"isPartOf\":{\"@id\":\"https:\/\/www.pressenza.com\/pt-pt\/2014\/05\/brasil-manobra-pode-fazer-pec-trabalho-escravo-ficar-sem-efeito\/\"},\"author\":{\"name\":\"Reda\u00e7\u00e3o S\u00e3o Paulo\",\"@id\":\"https:\/\/www.pressenza.com\/pt-pt\/#\/schema\/person\/d171826afb7693cfc394da95892bfd93\"},\"headline\":\"Brasil: manobra pode fazer PEC do Trabalho Escravo ficar sem efeito\",\"datePublished\":\"2014-05-18T21:44:23+00:00\",\"mainEntityOfPage\":{\"@id\":\"https:\/\/www.pressenza.com\/pt-pt\/2014\/05\/brasil-manobra-pode-fazer-pec-trabalho-escravo-ficar-sem-efeito\/\"},\"wordCount\":619,\"publisher\":{\"@id\":\"https:\/\/www.pressenza.com\/pt-pt\/#organization\"},\"image\":{\"@id\":\"https:\/\/www.pressenza.com\/pt-pt\/2014\/05\/brasil-manobra-pode-fazer-pec-trabalho-escravo-ficar-sem-efeito\/#primaryimage\"},\"thumbnailUrl\":\"https:\/\/www.pressenza.com\/wp-content\/uploads\/2014\/05\/trabalho_escravo_mpt.jpg\",\"keywords\":[\"Brasil\",\"PEC\",\"trabalho escravo\"],\"articleSection\":[\"\u00c1m\u00e9rica do Sul\",\"Internacional\",\"N\u00e3o viol\u00eancia\",\"Pol\u00edtica\"],\"inLanguage\":\"pt-PT\"},{\"@type\":\"WebPage\",\"@id\":\"https:\/\/www.pressenza.com\/pt-pt\/2014\/05\/brasil-manobra-pode-fazer-pec-trabalho-escravo-ficar-sem-efeito\/\",\"url\":\"https:\/\/www.pressenza.com\/pt-pt\/2014\/05\/brasil-manobra-pode-fazer-pec-trabalho-escravo-ficar-sem-efeito\/\",\"name\":\"Brasil: manobra pode fazer PEC do Trabalho Escravo ficar sem efeito\",\"isPartOf\":{\"@id\":\"https:\/\/www.pressenza.com\/pt-pt\/#website\"},\"primaryImageOfPage\":{\"@id\":\"https:\/\/www.pressenza.com\/pt-pt\/2014\/05\/brasil-manobra-pode-fazer-pec-trabalho-escravo-ficar-sem-efeito\/#primaryimage\"},\"image\":{\"@id\":\"https:\/\/www.pressenza.com\/pt-pt\/2014\/05\/brasil-manobra-pode-fazer-pec-trabalho-escravo-ficar-sem-efeito\/#primaryimage\"},\"thumbnailUrl\":\"https:\/\/www.pressenza.com\/wp-content\/uploads\/2014\/05\/trabalho_escravo_mpt.jpg\",\"datePublished\":\"2014-05-18T21:44:23+00:00\",\"description\":\"Ap\u00f3s 15 anos da sua apresenta\u00e7\u00e3o, a Emenda Constitucional sobre o trabalho escravo no Brasil pode ser aprovada e n\u00e3o ter efeito algum. A manobra pol\u00edtica\",\"breadcrumb\":{\"@id\":\"https:\/\/www.pressenza.com\/pt-pt\/2014\/05\/brasil-manobra-pode-fazer-pec-trabalho-escravo-ficar-sem-efeito\/#breadcrumb\"},\"inLanguage\":\"pt-PT\",\"potentialAction\":[{\"@type\":\"ReadAction\",\"target\":[\"https:\/\/www.pressenza.com\/pt-pt\/2014\/05\/brasil-manobra-pode-fazer-pec-trabalho-escravo-ficar-sem-efeito\/\"]}]},{\"@type\":\"ImageObject\",\"inLanguage\":\"pt-PT\",\"@id\":\"https:\/\/www.pressenza.com\/pt-pt\/2014\/05\/brasil-manobra-pode-fazer-pec-trabalho-escravo-ficar-sem-efeito\/#primaryimage\",\"url\":\"https:\/\/www.pressenza.com\/wp-content\/uploads\/2014\/05\/trabalho_escravo_mpt.jpg\",\"contentUrl\":\"https:\/\/www.pressenza.com\/wp-content\/uploads\/2014\/05\/trabalho_escravo_mpt.jpg\",\"width\":580,\"height\":388},{\"@type\":\"BreadcrumbList\",\"@id\":\"https:\/\/www.pressenza.com\/pt-pt\/2014\/05\/brasil-manobra-pode-fazer-pec-trabalho-escravo-ficar-sem-efeito\/#breadcrumb\",\"itemListElement\":[{\"@type\":\"ListItem\",\"position\":1,\"name\":\"Accueil\",\"item\":\"https:\/\/www.pressenza.com\/pt-pt\/\"},{\"@type\":\"ListItem\",\"position\":2,\"name\":\"Brasil: manobra pode fazer PEC do Trabalho Escravo ficar sem efeito\"}]},{\"@type\":\"WebSite\",\"@id\":\"https:\/\/www.pressenza.com\/pt-pt\/#website\",\"url\":\"https:\/\/www.pressenza.com\/pt-pt\/\",\"name\":\"Pressenza\",\"description\":\"International Press Agency\",\"publisher\":{\"@id\":\"https:\/\/www.pressenza.com\/pt-pt\/#organization\"},\"potentialAction\":[{\"@type\":\"SearchAction\",\"target\":{\"@type\":\"EntryPoint\",\"urlTemplate\":\"https:\/\/www.pressenza.com\/pt-pt\/?s={search_term_string}\"},\"query-input\":{\"@type\":\"PropertyValueSpecification\",\"valueRequired\":true,\"valueName\":\"search_term_string\"}}],\"inLanguage\":\"pt-PT\"},{\"@type\":\"Organization\",\"@id\":\"https:\/\/www.pressenza.com\/pt-pt\/#organization\",\"name\":\"Pressenza\",\"url\":\"https:\/\/www.pressenza.com\/pt-pt\/\",\"logo\":{\"@type\":\"ImageObject\",\"inLanguage\":\"pt-PT\",\"@id\":\"https:\/\/www.pressenza.com\/pt-pt\/#\/schema\/logo\/image\/\",\"url\":\"https:\/\/www.pressenza.com\/wp-content\/uploads\/2022\/10\/pressenza_logo_200x200.jpg\",\"contentUrl\":\"https:\/\/www.pressenza.com\/wp-content\/uploads\/2022\/10\/pressenza_logo_200x200.jpg\",\"width\":200,\"height\":200,\"caption\":\"Pressenza\"},\"image\":{\"@id\":\"https:\/\/www.pressenza.com\/pt-pt\/#\/schema\/logo\/image\/\"},\"sameAs\":[\"https:\/\/www.facebook.com\/PressenzaItalia\",\"https:\/\/x.com\/PressenzaIPA\"]},{\"@type\":\"Person\",\"@id\":\"https:\/\/www.pressenza.com\/pt-pt\/#\/schema\/person\/d171826afb7693cfc394da95892bfd93\",\"name\":\"Reda\u00e7\u00e3o S\u00e3o Paulo\",\"description\":\"News from the Pressenza bureau in Sao Paulo, Brazil\",\"sameAs\":[\"https:\/\/www.facebook.com\/PressenzaPortugues\",\"https:\/\/x.com\/pressenza_pt\"],\"url\":\"https:\/\/www.pressenza.com\/pt-pt\/author\/redaccao-sao-paulo\/\"}]}<\/script>\n<!-- \/ Yoast SEO plugin. -->","yoast_head_json":{"title":"Brasil: manobra pode fazer PEC do Trabalho Escravo ficar sem efeito","description":"Ap\u00f3s 15 anos da sua apresenta\u00e7\u00e3o, a Emenda Constitucional sobre o trabalho escravo no Brasil pode ser aprovada e n\u00e3o ter efeito algum. A manobra pol\u00edtica","robots":{"index":"index","follow":"follow","max-snippet":"max-snippet:-1","max-image-preview":"max-image-preview:large","max-video-preview":"max-video-preview:-1"},"canonical":"https:\/\/www.pressenza.com\/pt-pt\/2014\/05\/brasil-manobra-pode-fazer-pec-trabalho-escravo-ficar-sem-efeito\/","og_locale":"pt_PT","og_type":"article","og_title":"Brasil: manobra pode fazer PEC do Trabalho Escravo ficar sem efeito","og_description":"Ap\u00f3s 15 anos da sua apresenta\u00e7\u00e3o, a Emenda Constitucional sobre o trabalho escravo no Brasil pode ser aprovada e n\u00e3o ter efeito algum. A manobra pol\u00edtica","og_url":"https:\/\/www.pressenza.com\/pt-pt\/2014\/05\/brasil-manobra-pode-fazer-pec-trabalho-escravo-ficar-sem-efeito\/","og_site_name":"Pressenza","article_publisher":"https:\/\/www.facebook.com\/PressenzaItalia","article_author":"https:\/\/www.facebook.com\/PressenzaPortugues","article_published_time":"2014-05-18T21:44:23+00:00","og_image":[{"width":580,"height":388,"url":"https:\/\/www.pressenza.com\/wp-content\/uploads\/2014\/05\/trabalho_escravo_mpt.jpg","type":"image\/jpeg"}],"author":"Reda\u00e7\u00e3o S\u00e3o Paulo","twitter_card":"summary_large_image","twitter_creator":"@pressenza_pt","twitter_site":"@PressenzaIPA","twitter_misc":{"Escrito por":"Reda\u00e7\u00e3o S\u00e3o Paulo","Tempo estimado de leitura":"3 minutos"},"schema":{"@context":"https:\/\/schema.org","@graph":[{"@type":"Article","@id":"https:\/\/www.pressenza.com\/pt-pt\/2014\/05\/brasil-manobra-pode-fazer-pec-trabalho-escravo-ficar-sem-efeito\/#article","isPartOf":{"@id":"https:\/\/www.pressenza.com\/pt-pt\/2014\/05\/brasil-manobra-pode-fazer-pec-trabalho-escravo-ficar-sem-efeito\/"},"author":{"name":"Reda\u00e7\u00e3o S\u00e3o Paulo","@id":"https:\/\/www.pressenza.com\/pt-pt\/#\/schema\/person\/d171826afb7693cfc394da95892bfd93"},"headline":"Brasil: manobra pode fazer PEC do Trabalho Escravo ficar sem efeito","datePublished":"2014-05-18T21:44:23+00:00","mainEntityOfPage":{"@id":"https:\/\/www.pressenza.com\/pt-pt\/2014\/05\/brasil-manobra-pode-fazer-pec-trabalho-escravo-ficar-sem-efeito\/"},"wordCount":619,"publisher":{"@id":"https:\/\/www.pressenza.com\/pt-pt\/#organization"},"image":{"@id":"https:\/\/www.pressenza.com\/pt-pt\/2014\/05\/brasil-manobra-pode-fazer-pec-trabalho-escravo-ficar-sem-efeito\/#primaryimage"},"thumbnailUrl":"https:\/\/www.pressenza.com\/wp-content\/uploads\/2014\/05\/trabalho_escravo_mpt.jpg","keywords":["Brasil","PEC","trabalho escravo"],"articleSection":["\u00c1m\u00e9rica do Sul","Internacional","N\u00e3o viol\u00eancia","Pol\u00edtica"],"inLanguage":"pt-PT"},{"@type":"WebPage","@id":"https:\/\/www.pressenza.com\/pt-pt\/2014\/05\/brasil-manobra-pode-fazer-pec-trabalho-escravo-ficar-sem-efeito\/","url":"https:\/\/www.pressenza.com\/pt-pt\/2014\/05\/brasil-manobra-pode-fazer-pec-trabalho-escravo-ficar-sem-efeito\/","name":"Brasil: manobra pode fazer PEC do Trabalho Escravo ficar sem efeito","isPartOf":{"@id":"https:\/\/www.pressenza.com\/pt-pt\/#website"},"primaryImageOfPage":{"@id":"https:\/\/www.pressenza.com\/pt-pt\/2014\/05\/brasil-manobra-pode-fazer-pec-trabalho-escravo-ficar-sem-efeito\/#primaryimage"},"image":{"@id":"https:\/\/www.pressenza.com\/pt-pt\/2014\/05\/brasil-manobra-pode-fazer-pec-trabalho-escravo-ficar-sem-efeito\/#primaryimage"},"thumbnailUrl":"https:\/\/www.pressenza.com\/wp-content\/uploads\/2014\/05\/trabalho_escravo_mpt.jpg","datePublished":"2014-05-18T21:44:23+00:00","description":"Ap\u00f3s 15 anos da sua apresenta\u00e7\u00e3o, a Emenda Constitucional sobre o trabalho escravo no Brasil pode ser aprovada e n\u00e3o ter efeito algum. A manobra pol\u00edtica","breadcrumb":{"@id":"https:\/\/www.pressenza.com\/pt-pt\/2014\/05\/brasil-manobra-pode-fazer-pec-trabalho-escravo-ficar-sem-efeito\/#breadcrumb"},"inLanguage":"pt-PT","potentialAction":[{"@type":"ReadAction","target":["https:\/\/www.pressenza.com\/pt-pt\/2014\/05\/brasil-manobra-pode-fazer-pec-trabalho-escravo-ficar-sem-efeito\/"]}]},{"@type":"ImageObject","inLanguage":"pt-PT","@id":"https:\/\/www.pressenza.com\/pt-pt\/2014\/05\/brasil-manobra-pode-fazer-pec-trabalho-escravo-ficar-sem-efeito\/#primaryimage","url":"https:\/\/www.pressenza.com\/wp-content\/uploads\/2014\/05\/trabalho_escravo_mpt.jpg","contentUrl":"https:\/\/www.pressenza.com\/wp-content\/uploads\/2014\/05\/trabalho_escravo_mpt.jpg","width":580,"height":388},{"@type":"BreadcrumbList","@id":"https:\/\/www.pressenza.com\/pt-pt\/2014\/05\/brasil-manobra-pode-fazer-pec-trabalho-escravo-ficar-sem-efeito\/#breadcrumb","itemListElement":[{"@type":"ListItem","position":1,"name":"Accueil","item":"https:\/\/www.pressenza.com\/pt-pt\/"},{"@type":"ListItem","position":2,"name":"Brasil: manobra pode fazer PEC do Trabalho Escravo ficar sem efeito"}]},{"@type":"WebSite","@id":"https:\/\/www.pressenza.com\/pt-pt\/#website","url":"https:\/\/www.pressenza.com\/pt-pt\/","name":"Pressenza","description":"International Press Agency","publisher":{"@id":"https:\/\/www.pressenza.com\/pt-pt\/#organization"},"potentialAction":[{"@type":"SearchAction","target":{"@type":"EntryPoint","urlTemplate":"https:\/\/www.pressenza.com\/pt-pt\/?s={search_term_string}"},"query-input":{"@type":"PropertyValueSpecification","valueRequired":true,"valueName":"search_term_string"}}],"inLanguage":"pt-PT"},{"@type":"Organization","@id":"https:\/\/www.pressenza.com\/pt-pt\/#organization","name":"Pressenza","url":"https:\/\/www.pressenza.com\/pt-pt\/","logo":{"@type":"ImageObject","inLanguage":"pt-PT","@id":"https:\/\/www.pressenza.com\/pt-pt\/#\/schema\/logo\/image\/","url":"https:\/\/www.pressenza.com\/wp-content\/uploads\/2022\/10\/pressenza_logo_200x200.jpg","contentUrl":"https:\/\/www.pressenza.com\/wp-content\/uploads\/2022\/10\/pressenza_logo_200x200.jpg","width":200,"height":200,"caption":"Pressenza"},"image":{"@id":"https:\/\/www.pressenza.com\/pt-pt\/#\/schema\/logo\/image\/"},"sameAs":["https:\/\/www.facebook.com\/PressenzaItalia","https:\/\/x.com\/PressenzaIPA"]},{"@type":"Person","@id":"https:\/\/www.pressenza.com\/pt-pt\/#\/schema\/person\/d171826afb7693cfc394da95892bfd93","name":"Reda\u00e7\u00e3o S\u00e3o Paulo","description":"News from the Pressenza bureau in Sao Paulo, Brazil","sameAs":["https:\/\/www.facebook.com\/PressenzaPortugues","https:\/\/x.com\/pressenza_pt"],"url":"https:\/\/www.pressenza.com\/pt-pt\/author\/redaccao-sao-paulo\/"}]}},"place":"","original_article_url":"","_links":{"self":[{"href":"https:\/\/www.pressenza.com\/pt-pt\/wp-json\/wp\/v2\/posts\/107964","targetHints":{"allow":["GET"]}}],"collection":[{"href":"https:\/\/www.pressenza.com\/pt-pt\/wp-json\/wp\/v2\/posts"}],"about":[{"href":"https:\/\/www.pressenza.com\/pt-pt\/wp-json\/wp\/v2\/types\/post"}],"author":[{"embeddable":true,"href":"https:\/\/www.pressenza.com\/pt-pt\/wp-json\/wp\/v2\/users\/44"}],"replies":[{"embeddable":true,"href":"https:\/\/www.pressenza.com\/pt-pt\/wp-json\/wp\/v2\/comments?post=107964"}],"version-history":[{"count":0,"href":"https:\/\/www.pressenza.com\/pt-pt\/wp-json\/wp\/v2\/posts\/107964\/revisions"}],"wp:featuredmedia":[{"embeddable":true,"href":"https:\/\/www.pressenza.com\/pt-pt\/wp-json\/wp\/v2\/media\/107965"}],"wp:attachment":[{"href":"https:\/\/www.pressenza.com\/pt-pt\/wp-json\/wp\/v2\/media?parent=107964"}],"wp:term":[{"taxonomy":"category","embeddable":true,"href":"https:\/\/www.pressenza.com\/pt-pt\/wp-json\/wp\/v2\/categories?post=107964"},{"taxonomy":"post_tag","embeddable":true,"href":"https:\/\/www.pressenza.com\/pt-pt\/wp-json\/wp\/v2\/tags?post=107964"}],"curies":[{"name":"wp","href":"https:\/\/api.w.org\/{rel}","templated":true}]}}