{"id":104704,"date":"2014-05-02T00:19:48","date_gmt":"2014-05-01T23:19:48","guid":{"rendered":"http:\/\/www.pressenza.com\/?p=104704"},"modified":"2014-05-02T00:19:48","modified_gmt":"2014-05-01T23:19:48","slug":"afeganistao-dispoe-fechamento-de-prisoes-administradas-por-estrangeiros","status":"publish","type":"post","link":"https:\/\/www.pressenza.com\/pt-pt\/2014\/05\/afeganistao-dispoe-fechamento-de-prisoes-administradas-por-estrangeiros\/","title":{"rendered":"Afeganist\u00e3o disp\u00f5e fechamento de pris\u00f5es administradas por estrangeiros"},"content":{"rendered":"<p>Cabul, 30 abr (Prensa Latina) O Afeganist\u00e3o disp\u00f4s hoje sobre o fechamento de seis pris\u00f5es administradas por militares estadunidenses e brit\u00e2nicos, nas prov\u00edncias meridionais de Kandahar e Helmand.<\/p>\n<p>Segundo nota das ag\u00eancias de imprensa Pajhwok e Khaama Press, o presidente afeg\u00e3o, Hamid Karzai, tomou a determina\u00e7\u00e3o depois de tomar conhecimento dos resultados de uma Comiss\u00e3o de investiga\u00e7\u00e3o sobre a presen\u00e7a de nacionais em pris\u00f5es dirigidas por estrangeiros.<\/p>\n<p>Um comunicado difundido pelo escrit\u00f3rio presidencial esclareceu que a Comiss\u00e3o certificou a exist\u00eancia de tr\u00eas centros de deten\u00e7\u00e3o pr\u00f3ximos ao aeroporto internacional de Kandahar City, e tr\u00eas recintos localizados em uma base a\u00e9rea em Helmand, todos com r\u00e9us afeg\u00e3os.<\/p>\n<p>Karzai recordou que sobre a base dos acordos conjuntos entre Cabul, Washington e Londres, as for\u00e7as militares estrangeiras n\u00e3o t\u00eam direito de administrar lugares nos quais se encontram detidos cidad\u00e3os afeg\u00e3os.<\/p>\n<p>Uma forte pol\u00eamica entre Afeganist\u00e3o e Estados Unidos teve origem no final de 2013 devido \u00e0 abertura da pris\u00e3o militar gerenciada por estadunidenses na base de Bagram, entidade que terminou com a transfer\u00eancia do controle de suas instala\u00e7\u00f5es a Cabul e a liberta\u00e7\u00e3o de muitos detentos.<\/p>\n","protected":false},"excerpt":{"rendered":"<p>Cabul, 30 abr (Prensa Latina) O Afeganist\u00e3o disp\u00f4s hoje sobre o fechamento de seis pris\u00f5es administradas por militares estadunidenses e brit\u00e2nicos, nas prov\u00edncias meridionais de Kandahar e Helmand. Segundo nota das ag\u00eancias de imprensa Pajhwok e Khaama Press, o presidente&hellip;<\/p>\n","protected":false},"author":90,"featured_media":104705,"comment_status":"closed","ping_status":"open","sticky":false,"template":"","format":"standard","meta":{"footnotes":""},"categories":[105,102,116,103,42,1257],"tags":[10297,5192,7822,8724],"class_list":["post-104704","post","type-post","status-publish","format-standard","has-post-thumbnail","hentry","category-america-do-norte","category-asia-pt-pt","category-direitos-humanos","category-europa-pt-pt","category-internacional-2","category-paz-desarmamento","tag-afeganistao","tag-eua-pt-pt","tag-prisoes","tag-reino-unido-pt-pt"],"yoast_head":"<!-- This site is optimized with the Yoast SEO plugin v27.1.1 - https:\/\/yoast.com\/product\/yoast-seo-wordpress\/ -->\n<title>Afeganist\u00e3o disp\u00f5e fechamento de pris\u00f5es administradas por estrangeiros<\/title>\n<meta name=\"description\" content=\"Cabul, 30 abr (Prensa Latina) O Afeganist\u00e3o disp\u00f4s hoje sobre o fechamento de seis pris\u00f5es administradas por militares estadunidenses e brit\u00e2nicos, nas\" \/>\n<meta name=\"robots\" content=\"index, follow, max-snippet:-1, max-image-preview:large, max-video-preview:-1\" \/>\n<link rel=\"canonical\" href=\"https:\/\/www.pressenza.com\/pt-pt\/2014\/05\/afeganistao-dispoe-fechamento-de-prisoes-administradas-por-estrangeiros\/\" \/>\n<meta property=\"og:locale\" content=\"pt_PT\" \/>\n<meta property=\"og:type\" content=\"article\" \/>\n<meta property=\"og:title\" content=\"Afeganist\u00e3o disp\u00f5e fechamento de pris\u00f5es administradas por estrangeiros\" \/>\n<meta property=\"og:description\" content=\"Cabul, 30 abr (Prensa Latina) O Afeganist\u00e3o disp\u00f4s hoje sobre o fechamento de seis pris\u00f5es administradas por militares estadunidenses e brit\u00e2nicos, nas\" \/>\n<meta property=\"og:url\" content=\"https:\/\/www.pressenza.com\/pt-pt\/2014\/05\/afeganistao-dispoe-fechamento-de-prisoes-administradas-por-estrangeiros\/\" \/>\n<meta property=\"og:site_name\" content=\"Pressenza\" \/>\n<meta property=\"article:publisher\" content=\"https:\/\/www.facebook.com\/PressenzaItalia\" \/>\n<meta property=\"article:author\" content=\"https:\/\/www.facebook.com\/AgenciaPrensaLatina\" \/>\n<meta property=\"article:published_time\" content=\"2014-05-01T23:19:48+00:00\" \/>\n<meta property=\"og:image\" content=\"https:\/\/www.pressenza.com\/wp-content\/uploads\/2014\/05\/Hamid_Karzai_2006-09-26.jpg\" \/>\n\t<meta property=\"og:image:width\" content=\"400\" \/>\n\t<meta property=\"og:image:height\" content=\"360\" \/>\n\t<meta property=\"og:image:type\" content=\"image\/jpeg\" \/>\n<meta name=\"author\" content=\"Prensa Latina\" \/>\n<meta name=\"twitter:card\" content=\"summary_large_image\" \/>\n<meta name=\"twitter:creator\" content=\"@prensalatina_cu\" \/>\n<meta name=\"twitter:site\" content=\"@PressenzaIPA\" \/>\n<meta name=\"twitter:label1\" content=\"Escrito por\" \/>\n\t<meta name=\"twitter:data1\" content=\"Prensa Latina\" \/>\n\t<meta name=\"twitter:label2\" content=\"Tempo estimado de leitura\" \/>\n\t<meta name=\"twitter:data2\" content=\"1 minuto\" \/>\n<script type=\"application\/ld+json\" class=\"yoast-schema-graph\">{\"@context\":\"https:\/\/schema.org\",\"@graph\":[{\"@type\":\"Article\",\"@id\":\"https:\/\/www.pressenza.com\/pt-pt\/2014\/05\/afeganistao-dispoe-fechamento-de-prisoes-administradas-por-estrangeiros\/#article\",\"isPartOf\":{\"@id\":\"https:\/\/www.pressenza.com\/pt-pt\/2014\/05\/afeganistao-dispoe-fechamento-de-prisoes-administradas-por-estrangeiros\/\"},\"author\":{\"name\":\"Prensa Latina\",\"@id\":\"https:\/\/www.pressenza.com\/pt-pt\/#\/schema\/person\/e35c78ffa242d98f4f49ccb18c8631de\"},\"headline\":\"Afeganist\u00e3o disp\u00f5e fechamento de pris\u00f5es administradas por estrangeiros\",\"datePublished\":\"2014-05-01T23:19:48+00:00\",\"mainEntityOfPage\":{\"@id\":\"https:\/\/www.pressenza.com\/pt-pt\/2014\/05\/afeganistao-dispoe-fechamento-de-prisoes-administradas-por-estrangeiros\/\"},\"wordCount\":224,\"publisher\":{\"@id\":\"https:\/\/www.pressenza.com\/pt-pt\/#organization\"},\"image\":{\"@id\":\"https:\/\/www.pressenza.com\/pt-pt\/2014\/05\/afeganistao-dispoe-fechamento-de-prisoes-administradas-por-estrangeiros\/#primaryimage\"},\"thumbnailUrl\":\"https:\/\/www.pressenza.com\/wp-content\/uploads\/2014\/05\/Hamid_Karzai_2006-09-26.jpg\",\"keywords\":[\"afeganistao\",\"eua\",\"pris\u00f5es\",\"Reino Unido\"],\"articleSection\":[\"Am\u00e9rica do Norte\",\"Asia\",\"Direitos Humanos\",\"Europa\",\"Internacional\",\"Paz e Desarmamento\"],\"inLanguage\":\"pt-PT\"},{\"@type\":\"WebPage\",\"@id\":\"https:\/\/www.pressenza.com\/pt-pt\/2014\/05\/afeganistao-dispoe-fechamento-de-prisoes-administradas-por-estrangeiros\/\",\"url\":\"https:\/\/www.pressenza.com\/pt-pt\/2014\/05\/afeganistao-dispoe-fechamento-de-prisoes-administradas-por-estrangeiros\/\",\"name\":\"Afeganist\u00e3o disp\u00f5e fechamento de pris\u00f5es administradas por estrangeiros\",\"isPartOf\":{\"@id\":\"https:\/\/www.pressenza.com\/pt-pt\/#website\"},\"primaryImageOfPage\":{\"@id\":\"https:\/\/www.pressenza.com\/pt-pt\/2014\/05\/afeganistao-dispoe-fechamento-de-prisoes-administradas-por-estrangeiros\/#primaryimage\"},\"image\":{\"@id\":\"https:\/\/www.pressenza.com\/pt-pt\/2014\/05\/afeganistao-dispoe-fechamento-de-prisoes-administradas-por-estrangeiros\/#primaryimage\"},\"thumbnailUrl\":\"https:\/\/www.pressenza.com\/wp-content\/uploads\/2014\/05\/Hamid_Karzai_2006-09-26.jpg\",\"datePublished\":\"2014-05-01T23:19:48+00:00\",\"description\":\"Cabul, 30 abr (Prensa Latina) O Afeganist\u00e3o disp\u00f4s hoje sobre o fechamento de seis pris\u00f5es administradas por militares estadunidenses e brit\u00e2nicos, nas\",\"breadcrumb\":{\"@id\":\"https:\/\/www.pressenza.com\/pt-pt\/2014\/05\/afeganistao-dispoe-fechamento-de-prisoes-administradas-por-estrangeiros\/#breadcrumb\"},\"inLanguage\":\"pt-PT\",\"potentialAction\":[{\"@type\":\"ReadAction\",\"target\":[\"https:\/\/www.pressenza.com\/pt-pt\/2014\/05\/afeganistao-dispoe-fechamento-de-prisoes-administradas-por-estrangeiros\/\"]}]},{\"@type\":\"ImageObject\",\"inLanguage\":\"pt-PT\",\"@id\":\"https:\/\/www.pressenza.com\/pt-pt\/2014\/05\/afeganistao-dispoe-fechamento-de-prisoes-administradas-por-estrangeiros\/#primaryimage\",\"url\":\"https:\/\/www.pressenza.com\/wp-content\/uploads\/2014\/05\/Hamid_Karzai_2006-09-26.jpg\",\"contentUrl\":\"https:\/\/www.pressenza.com\/wp-content\/uploads\/2014\/05\/Hamid_Karzai_2006-09-26.jpg\",\"width\":400,\"height\":360},{\"@type\":\"BreadcrumbList\",\"@id\":\"https:\/\/www.pressenza.com\/pt-pt\/2014\/05\/afeganistao-dispoe-fechamento-de-prisoes-administradas-por-estrangeiros\/#breadcrumb\",\"itemListElement\":[{\"@type\":\"ListItem\",\"position\":1,\"name\":\"Accueil\",\"item\":\"https:\/\/www.pressenza.com\/pt-pt\/\"},{\"@type\":\"ListItem\",\"position\":2,\"name\":\"Afeganist\u00e3o disp\u00f5e fechamento de pris\u00f5es administradas por estrangeiros\"}]},{\"@type\":\"WebSite\",\"@id\":\"https:\/\/www.pressenza.com\/pt-pt\/#website\",\"url\":\"https:\/\/www.pressenza.com\/pt-pt\/\",\"name\":\"Pressenza\",\"description\":\"International Press Agency\",\"publisher\":{\"@id\":\"https:\/\/www.pressenza.com\/pt-pt\/#organization\"},\"potentialAction\":[{\"@type\":\"SearchAction\",\"target\":{\"@type\":\"EntryPoint\",\"urlTemplate\":\"https:\/\/www.pressenza.com\/pt-pt\/?s={search_term_string}\"},\"query-input\":{\"@type\":\"PropertyValueSpecification\",\"valueRequired\":true,\"valueName\":\"search_term_string\"}}],\"inLanguage\":\"pt-PT\"},{\"@type\":\"Organization\",\"@id\":\"https:\/\/www.pressenza.com\/pt-pt\/#organization\",\"name\":\"Pressenza\",\"url\":\"https:\/\/www.pressenza.com\/pt-pt\/\",\"logo\":{\"@type\":\"ImageObject\",\"inLanguage\":\"pt-PT\",\"@id\":\"https:\/\/www.pressenza.com\/pt-pt\/#\/schema\/logo\/image\/\",\"url\":\"https:\/\/www.pressenza.com\/wp-content\/uploads\/2022\/10\/pressenza_logo_200x200.jpg\",\"contentUrl\":\"https:\/\/www.pressenza.com\/wp-content\/uploads\/2022\/10\/pressenza_logo_200x200.jpg\",\"width\":200,\"height\":200,\"caption\":\"Pressenza\"},\"image\":{\"@id\":\"https:\/\/www.pressenza.com\/pt-pt\/#\/schema\/logo\/image\/\"},\"sameAs\":[\"https:\/\/www.facebook.com\/PressenzaItalia\",\"https:\/\/x.com\/PressenzaIPA\"]},{\"@type\":\"Person\",\"@id\":\"https:\/\/www.pressenza.com\/pt-pt\/#\/schema\/person\/e35c78ffa242d98f4f49ccb18c8631de\",\"name\":\"Prensa Latina\",\"description\":\"www.prensa-latina.cu\",\"sameAs\":[\"https:\/\/www.facebook.com\/AgenciaPrensaLatina\",\"https:\/\/x.com\/prensalatina_cu\"],\"url\":\"https:\/\/www.pressenza.com\/pt-pt\/author\/prensa-latina\/\"}]}<\/script>\n<!-- \/ Yoast SEO plugin. -->","yoast_head_json":{"title":"Afeganist\u00e3o disp\u00f5e fechamento de pris\u00f5es administradas por estrangeiros","description":"Cabul, 30 abr (Prensa Latina) O Afeganist\u00e3o disp\u00f4s hoje sobre o fechamento de seis pris\u00f5es administradas por militares estadunidenses e brit\u00e2nicos, nas","robots":{"index":"index","follow":"follow","max-snippet":"max-snippet:-1","max-image-preview":"max-image-preview:large","max-video-preview":"max-video-preview:-1"},"canonical":"https:\/\/www.pressenza.com\/pt-pt\/2014\/05\/afeganistao-dispoe-fechamento-de-prisoes-administradas-por-estrangeiros\/","og_locale":"pt_PT","og_type":"article","og_title":"Afeganist\u00e3o disp\u00f5e fechamento de pris\u00f5es administradas por estrangeiros","og_description":"Cabul, 30 abr (Prensa Latina) O Afeganist\u00e3o disp\u00f4s hoje sobre o fechamento de seis pris\u00f5es administradas por militares estadunidenses e brit\u00e2nicos, nas","og_url":"https:\/\/www.pressenza.com\/pt-pt\/2014\/05\/afeganistao-dispoe-fechamento-de-prisoes-administradas-por-estrangeiros\/","og_site_name":"Pressenza","article_publisher":"https:\/\/www.facebook.com\/PressenzaItalia","article_author":"https:\/\/www.facebook.com\/AgenciaPrensaLatina","article_published_time":"2014-05-01T23:19:48+00:00","og_image":[{"width":400,"height":360,"url":"https:\/\/www.pressenza.com\/wp-content\/uploads\/2014\/05\/Hamid_Karzai_2006-09-26.jpg","type":"image\/jpeg"}],"author":"Prensa Latina","twitter_card":"summary_large_image","twitter_creator":"@prensalatina_cu","twitter_site":"@PressenzaIPA","twitter_misc":{"Escrito por":"Prensa Latina","Tempo estimado de leitura":"1 minuto"},"schema":{"@context":"https:\/\/schema.org","@graph":[{"@type":"Article","@id":"https:\/\/www.pressenza.com\/pt-pt\/2014\/05\/afeganistao-dispoe-fechamento-de-prisoes-administradas-por-estrangeiros\/#article","isPartOf":{"@id":"https:\/\/www.pressenza.com\/pt-pt\/2014\/05\/afeganistao-dispoe-fechamento-de-prisoes-administradas-por-estrangeiros\/"},"author":{"name":"Prensa Latina","@id":"https:\/\/www.pressenza.com\/pt-pt\/#\/schema\/person\/e35c78ffa242d98f4f49ccb18c8631de"},"headline":"Afeganist\u00e3o disp\u00f5e fechamento de pris\u00f5es administradas por estrangeiros","datePublished":"2014-05-01T23:19:48+00:00","mainEntityOfPage":{"@id":"https:\/\/www.pressenza.com\/pt-pt\/2014\/05\/afeganistao-dispoe-fechamento-de-prisoes-administradas-por-estrangeiros\/"},"wordCount":224,"publisher":{"@id":"https:\/\/www.pressenza.com\/pt-pt\/#organization"},"image":{"@id":"https:\/\/www.pressenza.com\/pt-pt\/2014\/05\/afeganistao-dispoe-fechamento-de-prisoes-administradas-por-estrangeiros\/#primaryimage"},"thumbnailUrl":"https:\/\/www.pressenza.com\/wp-content\/uploads\/2014\/05\/Hamid_Karzai_2006-09-26.jpg","keywords":["afeganistao","eua","pris\u00f5es","Reino Unido"],"articleSection":["Am\u00e9rica do Norte","Asia","Direitos Humanos","Europa","Internacional","Paz e Desarmamento"],"inLanguage":"pt-PT"},{"@type":"WebPage","@id":"https:\/\/www.pressenza.com\/pt-pt\/2014\/05\/afeganistao-dispoe-fechamento-de-prisoes-administradas-por-estrangeiros\/","url":"https:\/\/www.pressenza.com\/pt-pt\/2014\/05\/afeganistao-dispoe-fechamento-de-prisoes-administradas-por-estrangeiros\/","name":"Afeganist\u00e3o disp\u00f5e fechamento de pris\u00f5es administradas por estrangeiros","isPartOf":{"@id":"https:\/\/www.pressenza.com\/pt-pt\/#website"},"primaryImageOfPage":{"@id":"https:\/\/www.pressenza.com\/pt-pt\/2014\/05\/afeganistao-dispoe-fechamento-de-prisoes-administradas-por-estrangeiros\/#primaryimage"},"image":{"@id":"https:\/\/www.pressenza.com\/pt-pt\/2014\/05\/afeganistao-dispoe-fechamento-de-prisoes-administradas-por-estrangeiros\/#primaryimage"},"thumbnailUrl":"https:\/\/www.pressenza.com\/wp-content\/uploads\/2014\/05\/Hamid_Karzai_2006-09-26.jpg","datePublished":"2014-05-01T23:19:48+00:00","description":"Cabul, 30 abr (Prensa Latina) O Afeganist\u00e3o disp\u00f4s hoje sobre o fechamento de seis pris\u00f5es administradas por militares estadunidenses e brit\u00e2nicos, nas","breadcrumb":{"@id":"https:\/\/www.pressenza.com\/pt-pt\/2014\/05\/afeganistao-dispoe-fechamento-de-prisoes-administradas-por-estrangeiros\/#breadcrumb"},"inLanguage":"pt-PT","potentialAction":[{"@type":"ReadAction","target":["https:\/\/www.pressenza.com\/pt-pt\/2014\/05\/afeganistao-dispoe-fechamento-de-prisoes-administradas-por-estrangeiros\/"]}]},{"@type":"ImageObject","inLanguage":"pt-PT","@id":"https:\/\/www.pressenza.com\/pt-pt\/2014\/05\/afeganistao-dispoe-fechamento-de-prisoes-administradas-por-estrangeiros\/#primaryimage","url":"https:\/\/www.pressenza.com\/wp-content\/uploads\/2014\/05\/Hamid_Karzai_2006-09-26.jpg","contentUrl":"https:\/\/www.pressenza.com\/wp-content\/uploads\/2014\/05\/Hamid_Karzai_2006-09-26.jpg","width":400,"height":360},{"@type":"BreadcrumbList","@id":"https:\/\/www.pressenza.com\/pt-pt\/2014\/05\/afeganistao-dispoe-fechamento-de-prisoes-administradas-por-estrangeiros\/#breadcrumb","itemListElement":[{"@type":"ListItem","position":1,"name":"Accueil","item":"https:\/\/www.pressenza.com\/pt-pt\/"},{"@type":"ListItem","position":2,"name":"Afeganist\u00e3o disp\u00f5e fechamento de pris\u00f5es administradas por estrangeiros"}]},{"@type":"WebSite","@id":"https:\/\/www.pressenza.com\/pt-pt\/#website","url":"https:\/\/www.pressenza.com\/pt-pt\/","name":"Pressenza","description":"International Press Agency","publisher":{"@id":"https:\/\/www.pressenza.com\/pt-pt\/#organization"},"potentialAction":[{"@type":"SearchAction","target":{"@type":"EntryPoint","urlTemplate":"https:\/\/www.pressenza.com\/pt-pt\/?s={search_term_string}"},"query-input":{"@type":"PropertyValueSpecification","valueRequired":true,"valueName":"search_term_string"}}],"inLanguage":"pt-PT"},{"@type":"Organization","@id":"https:\/\/www.pressenza.com\/pt-pt\/#organization","name":"Pressenza","url":"https:\/\/www.pressenza.com\/pt-pt\/","logo":{"@type":"ImageObject","inLanguage":"pt-PT","@id":"https:\/\/www.pressenza.com\/pt-pt\/#\/schema\/logo\/image\/","url":"https:\/\/www.pressenza.com\/wp-content\/uploads\/2022\/10\/pressenza_logo_200x200.jpg","contentUrl":"https:\/\/www.pressenza.com\/wp-content\/uploads\/2022\/10\/pressenza_logo_200x200.jpg","width":200,"height":200,"caption":"Pressenza"},"image":{"@id":"https:\/\/www.pressenza.com\/pt-pt\/#\/schema\/logo\/image\/"},"sameAs":["https:\/\/www.facebook.com\/PressenzaItalia","https:\/\/x.com\/PressenzaIPA"]},{"@type":"Person","@id":"https:\/\/www.pressenza.com\/pt-pt\/#\/schema\/person\/e35c78ffa242d98f4f49ccb18c8631de","name":"Prensa Latina","description":"www.prensa-latina.cu","sameAs":["https:\/\/www.facebook.com\/AgenciaPrensaLatina","https:\/\/x.com\/prensalatina_cu"],"url":"https:\/\/www.pressenza.com\/pt-pt\/author\/prensa-latina\/"}]}},"place":"","original_article_url":"","_links":{"self":[{"href":"https:\/\/www.pressenza.com\/pt-pt\/wp-json\/wp\/v2\/posts\/104704","targetHints":{"allow":["GET"]}}],"collection":[{"href":"https:\/\/www.pressenza.com\/pt-pt\/wp-json\/wp\/v2\/posts"}],"about":[{"href":"https:\/\/www.pressenza.com\/pt-pt\/wp-json\/wp\/v2\/types\/post"}],"author":[{"embeddable":true,"href":"https:\/\/www.pressenza.com\/pt-pt\/wp-json\/wp\/v2\/users\/90"}],"replies":[{"embeddable":true,"href":"https:\/\/www.pressenza.com\/pt-pt\/wp-json\/wp\/v2\/comments?post=104704"}],"version-history":[{"count":0,"href":"https:\/\/www.pressenza.com\/pt-pt\/wp-json\/wp\/v2\/posts\/104704\/revisions"}],"wp:featuredmedia":[{"embeddable":true,"href":"https:\/\/www.pressenza.com\/pt-pt\/wp-json\/wp\/v2\/media\/104705"}],"wp:attachment":[{"href":"https:\/\/www.pressenza.com\/pt-pt\/wp-json\/wp\/v2\/media?parent=104704"}],"wp:term":[{"taxonomy":"category","embeddable":true,"href":"https:\/\/www.pressenza.com\/pt-pt\/wp-json\/wp\/v2\/categories?post=104704"},{"taxonomy":"post_tag","embeddable":true,"href":"https:\/\/www.pressenza.com\/pt-pt\/wp-json\/wp\/v2\/tags?post=104704"}],"curies":[{"name":"wp","href":"https:\/\/api.w.org\/{rel}","templated":true}]}}