{"id":1041900,"date":"2020-02-23T08:45:23","date_gmt":"2020-02-23T08:45:23","guid":{"rendered":"https:\/\/www.pressenza.com\/?p=1041900"},"modified":"2020-02-23T08:45:23","modified_gmt":"2020-02-23T08:45:23","slug":"o-compromisso-de-um-movimento-plural-com-a-paz-da-colombia","status":"publish","type":"post","link":"https:\/\/www.pressenza.com\/pt-pt\/2020\/02\/o-compromisso-de-um-movimento-plural-com-a-paz-da-colombia\/","title":{"rendered":"O compromisso de um movimento plural com a paz da Col\u00f4mbia"},"content":{"rendered":"<div class=\"fullNewsIntrotext\">\n<div class=\"fullNewsIntrotext\">Ap\u00f3s um ano de cria\u00e7\u00e3o, o movimento Defender La Paz reafirma sua decis\u00e3o de continuar unindo esfor\u00e7os para manter a paz como tema central da agenda p\u00fablica na Col\u00f4mbia.<\/div>\n<div><\/div>\n<div class=\"fullNewsFulltext\">\n<p>Promotor de iniciativas contra a viol\u00eancia e para a vida no pa\u00eds, \u00e9 um bloco plural composto por ex-negociadores do processo de paz, ex-ministros, ex-constituintes, acad\u00eamicos, congressistas, artistas, advogados e l\u00edderes de partidos pol\u00edticos e organiza\u00e7\u00f5es sociais e v\u00edtimas da conflito armado interno<\/p>\n<p>Ao completar seu primeiro ano nesta semana, ele ratificou seu compromisso com a defesa e a implementa\u00e7\u00e3o abrangente do Acordo de Paz negociado em Havana e assinado em 2016 pelo Estado e pela antiga guerrilha das FARC-EP.<\/p>\n<p>Nossas prioridades est\u00e3o, em primeiro lugar, na defesa da vida das pessoas que exercem lideran\u00e7a social e dos ex-combatentes, na aprova\u00e7\u00e3o dos constituintes transit\u00f3rios especiais da paz e na implementa\u00e7\u00e3o territorial do Acordo.<\/p>\n<p>Na opini\u00e3o do senador Iv\u00e1n Cepeda, &#8216;essa poderosa converg\u00eancia ajudou a proteger o processo de paz de todos os tipos de ataques, a avan\u00e7ar na implementa\u00e7\u00e3o do Acordo e a mobilizar a vida de ex-guerrilheiros e l\u00edderes sociais nos territ\u00f3rios&#8217;.<\/p>\n<p>Nesse contexto, a primeira C\u00fapula pela Paz Territorial foi realizada nesta semana em Bogot\u00e1, com a presen\u00e7a de mais de 500 pessoas, muitas delas prefeitas e governadoras de munic\u00edpios e departamentos estrat\u00e9gicos que concordaram em estabelecer uma rede de autoridades locais para a paz.<\/p>\n<p>Os participantes publicaram seu compromisso com a paz em uma declara\u00e7\u00e3o expressando que &#8216;a paz \u00e9 o caminho, a paz \u00e9 impar\u00e1vel&#8217; e se comprometeram a implementar o Acordo para o t\u00e9rmino do conflito armado nos planos de desenvolvimento territorial.<\/p>\n<p>O movimento agradeceu os an\u00fancios feitos na c\u00fapula pela prefeita da cidade, Claudia L\u00f3pez, &#8216;e seu firme compromisso de implementar o Acordo, para tornar Bogot\u00e1 o epicentro da paz e da reconcilia\u00e7\u00e3o&#8217;.<\/p>\n<p>Existem muitos compromissos expressos pelas autoridades locais e, portanto, convocaremos uma segunda c\u00fapula para identificar os progressos e os desafios da paz territorial pelos quais o governador do departamento de Magdalena, Carlos Caicedo, prometeu ser seu anfitri\u00e3o, afirmou.<\/p>\n<p>Da mesma forma, o movimento expressou ao governo nacional que, apesar das grandes diferen\u00e7as na abordagem, na valoriza\u00e7\u00e3o do Acordo e no papel do Executivo em sua implementa\u00e7\u00e3o, &#8216;estamos dispostos a estabelecer um di\u00e1logo s\u00e9rio, profundo e proveitoso sobre a implementa\u00e7\u00e3o integral&#8217; do que acordado.<\/p>\n<p>Falando na c\u00fapula, Carlos Ruiz Massieu, chefe da Miss\u00e3o de Verifica\u00e7\u00e3o da ONU na Col\u00f4mbia, disse que o Acordo oferece ferramentas para acabar com os ciclos de viol\u00eancia e que sua implementa\u00e7\u00e3o abrangente em todos os seus aspectos \u00e9 o caminho para consolidar Uma paz est\u00e1vel e duradoura.<\/p>\n<p>Mantemos viva a esperan\u00e7a, confiamos que, acima de todos os obst\u00e1culos, distor\u00e7\u00f5es e manobras, todos os dias mais colombianos, sem distin\u00e7\u00f5es pol\u00edticas, entendam a enorme import\u00e2ncia do acordo, afirmou Rodrigo Londo\u00f1o, presidente do partido das FARC.<\/p>\n<p>N\u00e3o estamos aqui para chorar sobre o leite derramado. Estamos aqui porque aplaudimos que, das regi\u00f5es, das localidades e da imensa geografia rural colombiana, os cora\u00e7\u00f5es se levantam em um imenso esfor\u00e7o para preservar, fortalecer e implementar o Acordo, disse ele.<\/p>\n<\/div>\n<\/div>\n<div><\/div>\n<div><\/div>\n","protected":false},"excerpt":{"rendered":"<p>Ap\u00f3s um ano de cria\u00e7\u00e3o, o movimento Defender La Paz reafirma sua decis\u00e3o de continuar unindo esfor\u00e7os para manter a paz como tema central da agenda p\u00fablica na Col\u00f4mbia. Promotor de iniciativas contra a viol\u00eancia e para a vida no&hellip;<\/p>\n","protected":false},"author":90,"featured_media":1041901,"comment_status":"closed","ping_status":"closed","sticky":false,"template":"","format":"standard","meta":{"footnotes":""},"categories":[104,1257],"tags":[30422,5862,71507,2623],"class_list":["post-1041900","post","type-post","status-publish","format-standard","has-post-thumbnail","hentry","category-america-do-sul","category-paz-desarmamento","tag-acordo","tag-acordo-de-paz","tag-defender-la-paz","tag-onu-pt-pt"],"yoast_head":"<!-- This site is optimized with the Yoast SEO plugin v27.1.1 - https:\/\/yoast.com\/product\/yoast-seo-wordpress\/ -->\n<title>O compromisso de um movimento plural com a paz da Col\u00f4mbia<\/title>\n<meta name=\"description\" content=\"Ap\u00f3s um ano de cria\u00e7\u00e3o, o movimento Defender La Paz reafirma sua decis\u00e3o de continuar unindo esfor\u00e7os para manter a paz como tema central da agenda\" \/>\n<meta name=\"robots\" content=\"index, follow, max-snippet:-1, max-image-preview:large, max-video-preview:-1\" \/>\n<link rel=\"canonical\" href=\"https:\/\/www.pressenza.com\/pt-pt\/2020\/02\/o-compromisso-de-um-movimento-plural-com-a-paz-da-colombia\/\" \/>\n<meta property=\"og:locale\" content=\"pt_PT\" \/>\n<meta property=\"og:type\" content=\"article\" \/>\n<meta property=\"og:title\" content=\"O compromisso de um movimento plural com a paz da Col\u00f4mbia\" \/>\n<meta property=\"og:description\" content=\"Ap\u00f3s um ano de cria\u00e7\u00e3o, o movimento Defender La Paz reafirma sua decis\u00e3o de continuar unindo esfor\u00e7os para manter a paz como tema central da agenda\" \/>\n<meta property=\"og:url\" content=\"https:\/\/www.pressenza.com\/pt-pt\/2020\/02\/o-compromisso-de-um-movimento-plural-com-a-paz-da-colombia\/\" \/>\n<meta property=\"og:site_name\" content=\"Pressenza\" \/>\n<meta property=\"article:publisher\" content=\"https:\/\/www.facebook.com\/PressenzaItalia\" \/>\n<meta property=\"article:author\" content=\"https:\/\/www.facebook.com\/AgenciaPrensaLatina\" \/>\n<meta property=\"article:published_time\" content=\"2020-02-23T08:45:23+00:00\" \/>\n<meta property=\"og:image\" content=\"https:\/\/www.pressenza.com\/wp-content\/uploads\/2020\/02\/Colombia-Defendamos-la-Paz-1.jpg\" \/>\n\t<meta property=\"og:image:width\" content=\"748\" \/>\n\t<meta property=\"og:image:height\" content=\"498\" \/>\n\t<meta property=\"og:image:type\" content=\"image\/jpeg\" \/>\n<meta name=\"author\" content=\"Prensa Latina\" \/>\n<meta name=\"twitter:card\" content=\"summary_large_image\" \/>\n<meta name=\"twitter:creator\" content=\"@prensalatina_cu\" \/>\n<meta name=\"twitter:site\" content=\"@PressenzaIPA\" \/>\n<meta name=\"twitter:label1\" content=\"Escrito por\" \/>\n\t<meta name=\"twitter:data1\" content=\"Prensa Latina\" \/>\n\t<meta name=\"twitter:label2\" content=\"Tempo estimado de leitura\" \/>\n\t<meta name=\"twitter:data2\" content=\"3 minutos\" \/>\n<script type=\"application\/ld+json\" class=\"yoast-schema-graph\">{\"@context\":\"https:\/\/schema.org\",\"@graph\":[{\"@type\":\"Article\",\"@id\":\"https:\/\/www.pressenza.com\/pt-pt\/2020\/02\/o-compromisso-de-um-movimento-plural-com-a-paz-da-colombia\/#article\",\"isPartOf\":{\"@id\":\"https:\/\/www.pressenza.com\/pt-pt\/2020\/02\/o-compromisso-de-um-movimento-plural-com-a-paz-da-colombia\/\"},\"author\":{\"name\":\"Prensa Latina\",\"@id\":\"https:\/\/www.pressenza.com\/pt-pt\/#\/schema\/person\/e35c78ffa242d98f4f49ccb18c8631de\"},\"headline\":\"O compromisso de um movimento plural com a paz da Col\u00f4mbia\",\"datePublished\":\"2020-02-23T08:45:23+00:00\",\"mainEntityOfPage\":{\"@id\":\"https:\/\/www.pressenza.com\/pt-pt\/2020\/02\/o-compromisso-de-um-movimento-plural-com-a-paz-da-colombia\/\"},\"wordCount\":575,\"publisher\":{\"@id\":\"https:\/\/www.pressenza.com\/pt-pt\/#organization\"},\"image\":{\"@id\":\"https:\/\/www.pressenza.com\/pt-pt\/2020\/02\/o-compromisso-de-um-movimento-plural-com-a-paz-da-colombia\/#primaryimage\"},\"thumbnailUrl\":\"https:\/\/www.pressenza.com\/wp-content\/uploads\/2020\/02\/Colombia-Defendamos-la-Paz-1.jpg\",\"keywords\":[\"acordo\",\"acordo de paz\",\"Defender La Paz\",\"ONU\"],\"articleSection\":[\"\u00c1m\u00e9rica do Sul\",\"Paz e Desarmamento\"],\"inLanguage\":\"pt-PT\"},{\"@type\":\"WebPage\",\"@id\":\"https:\/\/www.pressenza.com\/pt-pt\/2020\/02\/o-compromisso-de-um-movimento-plural-com-a-paz-da-colombia\/\",\"url\":\"https:\/\/www.pressenza.com\/pt-pt\/2020\/02\/o-compromisso-de-um-movimento-plural-com-a-paz-da-colombia\/\",\"name\":\"O compromisso de um movimento plural com a paz da Col\u00f4mbia\",\"isPartOf\":{\"@id\":\"https:\/\/www.pressenza.com\/pt-pt\/#website\"},\"primaryImageOfPage\":{\"@id\":\"https:\/\/www.pressenza.com\/pt-pt\/2020\/02\/o-compromisso-de-um-movimento-plural-com-a-paz-da-colombia\/#primaryimage\"},\"image\":{\"@id\":\"https:\/\/www.pressenza.com\/pt-pt\/2020\/02\/o-compromisso-de-um-movimento-plural-com-a-paz-da-colombia\/#primaryimage\"},\"thumbnailUrl\":\"https:\/\/www.pressenza.com\/wp-content\/uploads\/2020\/02\/Colombia-Defendamos-la-Paz-1.jpg\",\"datePublished\":\"2020-02-23T08:45:23+00:00\",\"description\":\"Ap\u00f3s um ano de cria\u00e7\u00e3o, o movimento Defender La Paz reafirma sua decis\u00e3o de continuar unindo esfor\u00e7os para manter a paz como tema central da agenda\",\"breadcrumb\":{\"@id\":\"https:\/\/www.pressenza.com\/pt-pt\/2020\/02\/o-compromisso-de-um-movimento-plural-com-a-paz-da-colombia\/#breadcrumb\"},\"inLanguage\":\"pt-PT\",\"potentialAction\":[{\"@type\":\"ReadAction\",\"target\":[\"https:\/\/www.pressenza.com\/pt-pt\/2020\/02\/o-compromisso-de-um-movimento-plural-com-a-paz-da-colombia\/\"]}]},{\"@type\":\"ImageObject\",\"inLanguage\":\"pt-PT\",\"@id\":\"https:\/\/www.pressenza.com\/pt-pt\/2020\/02\/o-compromisso-de-um-movimento-plural-com-a-paz-da-colombia\/#primaryimage\",\"url\":\"https:\/\/www.pressenza.com\/wp-content\/uploads\/2020\/02\/Colombia-Defendamos-la-Paz-1.jpg\",\"contentUrl\":\"https:\/\/www.pressenza.com\/wp-content\/uploads\/2020\/02\/Colombia-Defendamos-la-Paz-1.jpg\",\"width\":748,\"height\":498},{\"@type\":\"BreadcrumbList\",\"@id\":\"https:\/\/www.pressenza.com\/pt-pt\/2020\/02\/o-compromisso-de-um-movimento-plural-com-a-paz-da-colombia\/#breadcrumb\",\"itemListElement\":[{\"@type\":\"ListItem\",\"position\":1,\"name\":\"Accueil\",\"item\":\"https:\/\/www.pressenza.com\/pt-pt\/\"},{\"@type\":\"ListItem\",\"position\":2,\"name\":\"O compromisso de um movimento plural com a paz da Col\u00f4mbia\"}]},{\"@type\":\"WebSite\",\"@id\":\"https:\/\/www.pressenza.com\/pt-pt\/#website\",\"url\":\"https:\/\/www.pressenza.com\/pt-pt\/\",\"name\":\"Pressenza\",\"description\":\"International Press Agency\",\"publisher\":{\"@id\":\"https:\/\/www.pressenza.com\/pt-pt\/#organization\"},\"potentialAction\":[{\"@type\":\"SearchAction\",\"target\":{\"@type\":\"EntryPoint\",\"urlTemplate\":\"https:\/\/www.pressenza.com\/pt-pt\/?s={search_term_string}\"},\"query-input\":{\"@type\":\"PropertyValueSpecification\",\"valueRequired\":true,\"valueName\":\"search_term_string\"}}],\"inLanguage\":\"pt-PT\"},{\"@type\":\"Organization\",\"@id\":\"https:\/\/www.pressenza.com\/pt-pt\/#organization\",\"name\":\"Pressenza\",\"url\":\"https:\/\/www.pressenza.com\/pt-pt\/\",\"logo\":{\"@type\":\"ImageObject\",\"inLanguage\":\"pt-PT\",\"@id\":\"https:\/\/www.pressenza.com\/pt-pt\/#\/schema\/logo\/image\/\",\"url\":\"https:\/\/www.pressenza.com\/wp-content\/uploads\/2022\/10\/pressenza_logo_200x200.jpg\",\"contentUrl\":\"https:\/\/www.pressenza.com\/wp-content\/uploads\/2022\/10\/pressenza_logo_200x200.jpg\",\"width\":200,\"height\":200,\"caption\":\"Pressenza\"},\"image\":{\"@id\":\"https:\/\/www.pressenza.com\/pt-pt\/#\/schema\/logo\/image\/\"},\"sameAs\":[\"https:\/\/www.facebook.com\/PressenzaItalia\",\"https:\/\/x.com\/PressenzaIPA\"]},{\"@type\":\"Person\",\"@id\":\"https:\/\/www.pressenza.com\/pt-pt\/#\/schema\/person\/e35c78ffa242d98f4f49ccb18c8631de\",\"name\":\"Prensa Latina\",\"description\":\"www.prensa-latina.cu\",\"sameAs\":[\"https:\/\/www.facebook.com\/AgenciaPrensaLatina\",\"https:\/\/x.com\/prensalatina_cu\"],\"url\":\"https:\/\/www.pressenza.com\/pt-pt\/author\/prensa-latina\/\"}]}<\/script>\n<!-- \/ Yoast SEO plugin. -->","yoast_head_json":{"title":"O compromisso de um movimento plural com a paz da Col\u00f4mbia","description":"Ap\u00f3s um ano de cria\u00e7\u00e3o, o movimento Defender La Paz reafirma sua decis\u00e3o de continuar unindo esfor\u00e7os para manter a paz como tema central da agenda","robots":{"index":"index","follow":"follow","max-snippet":"max-snippet:-1","max-image-preview":"max-image-preview:large","max-video-preview":"max-video-preview:-1"},"canonical":"https:\/\/www.pressenza.com\/pt-pt\/2020\/02\/o-compromisso-de-um-movimento-plural-com-a-paz-da-colombia\/","og_locale":"pt_PT","og_type":"article","og_title":"O compromisso de um movimento plural com a paz da Col\u00f4mbia","og_description":"Ap\u00f3s um ano de cria\u00e7\u00e3o, o movimento Defender La Paz reafirma sua decis\u00e3o de continuar unindo esfor\u00e7os para manter a paz como tema central da agenda","og_url":"https:\/\/www.pressenza.com\/pt-pt\/2020\/02\/o-compromisso-de-um-movimento-plural-com-a-paz-da-colombia\/","og_site_name":"Pressenza","article_publisher":"https:\/\/www.facebook.com\/PressenzaItalia","article_author":"https:\/\/www.facebook.com\/AgenciaPrensaLatina","article_published_time":"2020-02-23T08:45:23+00:00","og_image":[{"width":748,"height":498,"url":"https:\/\/www.pressenza.com\/wp-content\/uploads\/2020\/02\/Colombia-Defendamos-la-Paz-1.jpg","type":"image\/jpeg"}],"author":"Prensa Latina","twitter_card":"summary_large_image","twitter_creator":"@prensalatina_cu","twitter_site":"@PressenzaIPA","twitter_misc":{"Escrito por":"Prensa Latina","Tempo estimado de leitura":"3 minutos"},"schema":{"@context":"https:\/\/schema.org","@graph":[{"@type":"Article","@id":"https:\/\/www.pressenza.com\/pt-pt\/2020\/02\/o-compromisso-de-um-movimento-plural-com-a-paz-da-colombia\/#article","isPartOf":{"@id":"https:\/\/www.pressenza.com\/pt-pt\/2020\/02\/o-compromisso-de-um-movimento-plural-com-a-paz-da-colombia\/"},"author":{"name":"Prensa Latina","@id":"https:\/\/www.pressenza.com\/pt-pt\/#\/schema\/person\/e35c78ffa242d98f4f49ccb18c8631de"},"headline":"O compromisso de um movimento plural com a paz da Col\u00f4mbia","datePublished":"2020-02-23T08:45:23+00:00","mainEntityOfPage":{"@id":"https:\/\/www.pressenza.com\/pt-pt\/2020\/02\/o-compromisso-de-um-movimento-plural-com-a-paz-da-colombia\/"},"wordCount":575,"publisher":{"@id":"https:\/\/www.pressenza.com\/pt-pt\/#organization"},"image":{"@id":"https:\/\/www.pressenza.com\/pt-pt\/2020\/02\/o-compromisso-de-um-movimento-plural-com-a-paz-da-colombia\/#primaryimage"},"thumbnailUrl":"https:\/\/www.pressenza.com\/wp-content\/uploads\/2020\/02\/Colombia-Defendamos-la-Paz-1.jpg","keywords":["acordo","acordo de paz","Defender La Paz","ONU"],"articleSection":["\u00c1m\u00e9rica do Sul","Paz e Desarmamento"],"inLanguage":"pt-PT"},{"@type":"WebPage","@id":"https:\/\/www.pressenza.com\/pt-pt\/2020\/02\/o-compromisso-de-um-movimento-plural-com-a-paz-da-colombia\/","url":"https:\/\/www.pressenza.com\/pt-pt\/2020\/02\/o-compromisso-de-um-movimento-plural-com-a-paz-da-colombia\/","name":"O compromisso de um movimento plural com a paz da Col\u00f4mbia","isPartOf":{"@id":"https:\/\/www.pressenza.com\/pt-pt\/#website"},"primaryImageOfPage":{"@id":"https:\/\/www.pressenza.com\/pt-pt\/2020\/02\/o-compromisso-de-um-movimento-plural-com-a-paz-da-colombia\/#primaryimage"},"image":{"@id":"https:\/\/www.pressenza.com\/pt-pt\/2020\/02\/o-compromisso-de-um-movimento-plural-com-a-paz-da-colombia\/#primaryimage"},"thumbnailUrl":"https:\/\/www.pressenza.com\/wp-content\/uploads\/2020\/02\/Colombia-Defendamos-la-Paz-1.jpg","datePublished":"2020-02-23T08:45:23+00:00","description":"Ap\u00f3s um ano de cria\u00e7\u00e3o, o movimento Defender La Paz reafirma sua decis\u00e3o de continuar unindo esfor\u00e7os para manter a paz como tema central da agenda","breadcrumb":{"@id":"https:\/\/www.pressenza.com\/pt-pt\/2020\/02\/o-compromisso-de-um-movimento-plural-com-a-paz-da-colombia\/#breadcrumb"},"inLanguage":"pt-PT","potentialAction":[{"@type":"ReadAction","target":["https:\/\/www.pressenza.com\/pt-pt\/2020\/02\/o-compromisso-de-um-movimento-plural-com-a-paz-da-colombia\/"]}]},{"@type":"ImageObject","inLanguage":"pt-PT","@id":"https:\/\/www.pressenza.com\/pt-pt\/2020\/02\/o-compromisso-de-um-movimento-plural-com-a-paz-da-colombia\/#primaryimage","url":"https:\/\/www.pressenza.com\/wp-content\/uploads\/2020\/02\/Colombia-Defendamos-la-Paz-1.jpg","contentUrl":"https:\/\/www.pressenza.com\/wp-content\/uploads\/2020\/02\/Colombia-Defendamos-la-Paz-1.jpg","width":748,"height":498},{"@type":"BreadcrumbList","@id":"https:\/\/www.pressenza.com\/pt-pt\/2020\/02\/o-compromisso-de-um-movimento-plural-com-a-paz-da-colombia\/#breadcrumb","itemListElement":[{"@type":"ListItem","position":1,"name":"Accueil","item":"https:\/\/www.pressenza.com\/pt-pt\/"},{"@type":"ListItem","position":2,"name":"O compromisso de um movimento plural com a paz da Col\u00f4mbia"}]},{"@type":"WebSite","@id":"https:\/\/www.pressenza.com\/pt-pt\/#website","url":"https:\/\/www.pressenza.com\/pt-pt\/","name":"Pressenza","description":"International Press Agency","publisher":{"@id":"https:\/\/www.pressenza.com\/pt-pt\/#organization"},"potentialAction":[{"@type":"SearchAction","target":{"@type":"EntryPoint","urlTemplate":"https:\/\/www.pressenza.com\/pt-pt\/?s={search_term_string}"},"query-input":{"@type":"PropertyValueSpecification","valueRequired":true,"valueName":"search_term_string"}}],"inLanguage":"pt-PT"},{"@type":"Organization","@id":"https:\/\/www.pressenza.com\/pt-pt\/#organization","name":"Pressenza","url":"https:\/\/www.pressenza.com\/pt-pt\/","logo":{"@type":"ImageObject","inLanguage":"pt-PT","@id":"https:\/\/www.pressenza.com\/pt-pt\/#\/schema\/logo\/image\/","url":"https:\/\/www.pressenza.com\/wp-content\/uploads\/2022\/10\/pressenza_logo_200x200.jpg","contentUrl":"https:\/\/www.pressenza.com\/wp-content\/uploads\/2022\/10\/pressenza_logo_200x200.jpg","width":200,"height":200,"caption":"Pressenza"},"image":{"@id":"https:\/\/www.pressenza.com\/pt-pt\/#\/schema\/logo\/image\/"},"sameAs":["https:\/\/www.facebook.com\/PressenzaItalia","https:\/\/x.com\/PressenzaIPA"]},{"@type":"Person","@id":"https:\/\/www.pressenza.com\/pt-pt\/#\/schema\/person\/e35c78ffa242d98f4f49ccb18c8631de","name":"Prensa Latina","description":"www.prensa-latina.cu","sameAs":["https:\/\/www.facebook.com\/AgenciaPrensaLatina","https:\/\/x.com\/prensalatina_cu"],"url":"https:\/\/www.pressenza.com\/pt-pt\/author\/prensa-latina\/"}]}},"place":"Bogot\u00e1","original_article_url":"https:\/\/www.prensalatina.com.br\/index.php?o=rn&id=29395&SEO=o-compromisso-de-um-movimento-plural-com-a-paz-da-colombia","_links":{"self":[{"href":"https:\/\/www.pressenza.com\/pt-pt\/wp-json\/wp\/v2\/posts\/1041900","targetHints":{"allow":["GET"]}}],"collection":[{"href":"https:\/\/www.pressenza.com\/pt-pt\/wp-json\/wp\/v2\/posts"}],"about":[{"href":"https:\/\/www.pressenza.com\/pt-pt\/wp-json\/wp\/v2\/types\/post"}],"author":[{"embeddable":true,"href":"https:\/\/www.pressenza.com\/pt-pt\/wp-json\/wp\/v2\/users\/90"}],"replies":[{"embeddable":true,"href":"https:\/\/www.pressenza.com\/pt-pt\/wp-json\/wp\/v2\/comments?post=1041900"}],"version-history":[{"count":0,"href":"https:\/\/www.pressenza.com\/pt-pt\/wp-json\/wp\/v2\/posts\/1041900\/revisions"}],"wp:featuredmedia":[{"embeddable":true,"href":"https:\/\/www.pressenza.com\/pt-pt\/wp-json\/wp\/v2\/media\/1041901"}],"wp:attachment":[{"href":"https:\/\/www.pressenza.com\/pt-pt\/wp-json\/wp\/v2\/media?parent=1041900"}],"wp:term":[{"taxonomy":"category","embeddable":true,"href":"https:\/\/www.pressenza.com\/pt-pt\/wp-json\/wp\/v2\/categories?post=1041900"},{"taxonomy":"post_tag","embeddable":true,"href":"https:\/\/www.pressenza.com\/pt-pt\/wp-json\/wp\/v2\/tags?post=1041900"}],"curies":[{"name":"wp","href":"https:\/\/api.w.org\/{rel}","templated":true}]}}