{"id":1030149,"date":"2020-02-08T08:09:35","date_gmt":"2020-02-08T08:09:35","guid":{"rendered":"https:\/\/www.pressenza.com\/?p=1030149"},"modified":"2020-02-08T08:09:35","modified_gmt":"2020-02-08T08:09:35","slug":"mago-vive","status":"publish","type":"post","link":"https:\/\/www.pressenza.com\/pt-pt\/2020\/02\/mago-vive\/","title":{"rendered":"Mag\u00f3 vive!"},"content":{"rendered":"<p>Espalham-se, por diversas cidades, homenagens \u00e0 bailarina assassinada brutalmente no interior do Paran\u00e1. Em SP, ato est\u00e1 marcado para este s\u00e1bado. Al\u00e9m de condenar feminic\u00eddios, atos celebram a vida, que ela expressou com intensidade rara<\/p>\n<p>por\u00a0<a title=\"Posts de Lucas Scatolini\" href=\"https:\/\/outraspalavras.net\/author\/lucasscatolini1\/\" rel=\"author\">Lucas Scatolini<\/a><\/p>\n<p>Em continuidade dos atos que ocorrem dentro e fora do pa\u00eds, movimentos em defesa da vida das mulheres organizam manifesta\u00e7\u00e3o em rep\u00fadio ao brutal assassinato da bailarina Maria Gl\u00f3ria Poltronieri Borges, a Mag\u00f3, v\u00edtima de feminic\u00eddio no final de janeiro. A mobiliza\u00e7\u00e3o \u201cA vida pede passagem \u2013 #Mag\u00f3Presente \u2013 #nenhumaamenos\u201d, est\u00e1 marcada para este s\u00e1bado, 8 de fevereiro, em S\u00e3o Paulo e outras cidades do pa\u00eds.<\/p>\n<p>Estudante, artista, produtora e professora de dan\u00e7a, Maria Gl\u00f3ria Poltronieri Borges, a \u201cMag\u00f3\u201d, dividia a vida entre capital paulista e Maring\u00e1 (PR). Dedicada \u00e0 pesquisa em dan\u00e7a, formou-se em ballet cl\u00e1ssico em 2011. A partir da\u00ed, iniciou estudos em dan\u00e7a contempor\u00e2nea, contato e improvisa\u00e7\u00e3o e m\u00e9todos de educa\u00e7\u00e3o som\u00e1tica. Integrou diversas companhias e atuou como produtora e articuladora cultural em projetos e espet\u00e1culos. Mas teve seu percurso interrompido de forma violenta e precoce, h\u00e1 dez dias.<\/p>\n<p>Em 26 de janeiro, Mag\u00f3 foi encontrada sem vida na cachoeira de Mandaguari, em Maring\u00e1, ap\u00f3s ter sido deixada por sua m\u00e3e para um recolhimento de medita\u00e7\u00e3o e contato a s\u00f3s com a natureza. De acordo com o laudo parcial, foi v\u00edtima de asfixia, depois de tentar resistir contra o agressor. Mais tarde, o Instituto M\u00e9dico Legal (IML) confirmou que a bailarina foi tamb\u00e9m v\u00edtima de viol\u00eancia sexual. Uma for\u00e7a-tarefa das Pol\u00edcias Civil de Maring\u00e1 e Mandaguari investiga o caso.<\/p>\n<p>Segundo o\u00a0<a href=\"https:\/\/www.correiobraziliense.com.br\/app\/noticia\/brasil\/2020\/01\/01\/interna-brasil,817587\/em-tres-anos-3-200-mulheres-foram-vitimas-de-feminicidio-no-brasil.shtml\">Anu\u00e1rio Brasileiro de Seguran\u00e7a P\u00fablica<\/a>, publicado pelo F\u00f3rum Brasileiro de Seguran\u00e7a P\u00fablica, entre 2016 e 2018 foram mais de 3,2 mil mortes no pa\u00eds. Al\u00e9m disso, estimativa do Conselho Nacional de Justi\u00e7a (CNJ), indica que, no mesmo per\u00edodo, mais de 3 mil casos de feminic\u00eddio n\u00e3o foram notificados. E o n\u00famero de mortes desse tipo aumentam a cada ano<\/p>\n<p>Os atos que ocorrem dentro e fora do pa\u00eds, de Santa Catarina ao Mato Grosso \u2013 e com mobiliza\u00e7\u00f5es marcadas para acontecer no Chile e na It\u00e1lia \u2013, al\u00e9m real\u00e7ar a imagem e mem\u00f3ria da jovem artista, s\u00e3o tamb\u00e9m uma manifesta\u00e7\u00e3o pol\u00edtica e de conscientiza\u00e7\u00e3o, cuja ess\u00eancia \u00e9 chamar aten\u00e7\u00e3o para os \u00edndices crescentes de feminic\u00eddio e viol\u00eancia contra a mulher. No outro extremo, n\u00e3o deixam de ser uma celebra\u00e7\u00e3o \u00e0 vida.<\/p>\n<p>Em Maring\u00e1, familiares amigos e apoiadores tomaram a frente da prefeitura. Houve tamb\u00e9m manifesta\u00e7\u00f5es em Curitiba. Em Santa Catarina e no Mato Grosso, companheiros solid\u00e1rios tamb\u00e9m foram \u00e0s ruas.<\/p>\n","protected":false},"excerpt":{"rendered":"<p>Espalham-se, por diversas cidades, homenagens \u00e0 bailarina assassinada brutalmente no interior do Paran\u00e1. Em SP, ato est\u00e1 marcado para este s\u00e1bado. Al\u00e9m de condenar feminic\u00eddios, atos celebram a vida, que ela expressou com intensidade rara por\u00a0Lucas Scatolini Em continuidade dos&hellip;<\/p>\n","protected":false},"author":1293,"featured_media":1030150,"comment_status":"closed","ping_status":"closed","sticky":false,"template":"","format":"standard","meta":{"footnotes":""},"categories":[104,54514],"tags":[70743,70744,70742,70745,5639,50592],"class_list":["post-1030149","post","type-post","status-publish","format-standard","has-post-thumbnail","hentry","category-america-do-sul","category-genero-e-feminismos","tag-magopresente","tag-nenhumaamenos","tag-condenar-feminicidios","tag-mago","tag-manifestacoes","tag-seguranca-publica"],"yoast_head":"<!-- This site is optimized with the Yoast SEO plugin v27.1.1 - https:\/\/yoast.com\/product\/yoast-seo-wordpress\/ -->\n<title>Mag\u00f3 vive!<\/title>\n<meta name=\"description\" content=\"Espalham-se, por diversas cidades, homenagens \u00e0 bailarina assassinada brutalmente no interior do Paran\u00e1. Em SP, ato est\u00e1 marcado para este s\u00e1bado. Al\u00e9m de\" \/>\n<meta name=\"robots\" content=\"index, follow, max-snippet:-1, max-image-preview:large, max-video-preview:-1\" \/>\n<link rel=\"canonical\" href=\"https:\/\/www.pressenza.com\/pt-pt\/2020\/02\/mago-vive\/\" \/>\n<meta property=\"og:locale\" content=\"pt_PT\" \/>\n<meta property=\"og:type\" content=\"article\" \/>\n<meta property=\"og:title\" content=\"Mag\u00f3 vive!\" \/>\n<meta property=\"og:description\" content=\"Espalham-se, por diversas cidades, homenagens \u00e0 bailarina assassinada brutalmente no interior do Paran\u00e1. Em SP, ato est\u00e1 marcado para este s\u00e1bado. Al\u00e9m de\" \/>\n<meta property=\"og:url\" content=\"https:\/\/www.pressenza.com\/pt-pt\/2020\/02\/mago-vive\/\" \/>\n<meta property=\"og:site_name\" content=\"Pressenza\" \/>\n<meta property=\"article:publisher\" content=\"https:\/\/www.facebook.com\/PressenzaItalia\" \/>\n<meta property=\"article:author\" content=\"https:\/\/www.facebook.com\/outraspalavras\" \/>\n<meta property=\"article:published_time\" content=\"2020-02-08T08:09:35+00:00\" \/>\n<meta property=\"og:image\" content=\"https:\/\/www.pressenza.com\/wp-content\/uploads\/2020\/02\/image_processing20200203-9670-1h6zenf-1.jpg\" \/>\n\t<meta property=\"og:image:width\" content=\"800\" \/>\n\t<meta property=\"og:image:height\" content=\"529\" \/>\n\t<meta property=\"og:image:type\" content=\"image\/jpeg\" \/>\n<meta name=\"author\" content=\"Outras Palavras\" \/>\n<meta name=\"twitter:card\" content=\"summary_large_image\" \/>\n<meta name=\"twitter:creator\" content=\"@outraspalavrass\" \/>\n<meta name=\"twitter:site\" content=\"@PressenzaIPA\" \/>\n<meta name=\"twitter:label1\" content=\"Escrito por\" \/>\n\t<meta name=\"twitter:data1\" content=\"Outras Palavras\" \/>\n\t<meta name=\"twitter:label2\" content=\"Tempo estimado de leitura\" \/>\n\t<meta name=\"twitter:data2\" content=\"2 minutos\" \/>\n<script type=\"application\/ld+json\" class=\"yoast-schema-graph\">{\"@context\":\"https:\/\/schema.org\",\"@graph\":[{\"@type\":\"Article\",\"@id\":\"https:\/\/www.pressenza.com\/pt-pt\/2020\/02\/mago-vive\/#article\",\"isPartOf\":{\"@id\":\"https:\/\/www.pressenza.com\/pt-pt\/2020\/02\/mago-vive\/\"},\"author\":{\"name\":\"Outras Palavras\",\"@id\":\"https:\/\/www.pressenza.com\/pt-pt\/#\/schema\/person\/7f4f7cda502887ac8bd3ccb0ae8b5a62\"},\"headline\":\"Mag\u00f3 vive!\",\"datePublished\":\"2020-02-08T08:09:35+00:00\",\"mainEntityOfPage\":{\"@id\":\"https:\/\/www.pressenza.com\/pt-pt\/2020\/02\/mago-vive\/\"},\"wordCount\":479,\"publisher\":{\"@id\":\"https:\/\/www.pressenza.com\/pt-pt\/#organization\"},\"image\":{\"@id\":\"https:\/\/www.pressenza.com\/pt-pt\/2020\/02\/mago-vive\/#primaryimage\"},\"thumbnailUrl\":\"https:\/\/www.pressenza.com\/wp-content\/uploads\/2020\/02\/image_processing20200203-9670-1h6zenf-1.jpg\",\"keywords\":[\"#Mag\u00f3Presente\",\"#nenhumaamenos\",\"condenar feminic\u00eddios\",\"Mag\u00f3\",\"Manifesta\u00e7\u00f5es\",\"seguran\u00e7a p\u00fablica\"],\"articleSection\":[\"\u00c1m\u00e9rica do Sul\",\"G\u00eanero e feminismos\"],\"inLanguage\":\"pt-PT\"},{\"@type\":\"WebPage\",\"@id\":\"https:\/\/www.pressenza.com\/pt-pt\/2020\/02\/mago-vive\/\",\"url\":\"https:\/\/www.pressenza.com\/pt-pt\/2020\/02\/mago-vive\/\",\"name\":\"Mag\u00f3 vive!\",\"isPartOf\":{\"@id\":\"https:\/\/www.pressenza.com\/pt-pt\/#website\"},\"primaryImageOfPage\":{\"@id\":\"https:\/\/www.pressenza.com\/pt-pt\/2020\/02\/mago-vive\/#primaryimage\"},\"image\":{\"@id\":\"https:\/\/www.pressenza.com\/pt-pt\/2020\/02\/mago-vive\/#primaryimage\"},\"thumbnailUrl\":\"https:\/\/www.pressenza.com\/wp-content\/uploads\/2020\/02\/image_processing20200203-9670-1h6zenf-1.jpg\",\"datePublished\":\"2020-02-08T08:09:35+00:00\",\"description\":\"Espalham-se, por diversas cidades, homenagens \u00e0 bailarina assassinada brutalmente no interior do Paran\u00e1. Em SP, ato est\u00e1 marcado para este s\u00e1bado. Al\u00e9m de\",\"breadcrumb\":{\"@id\":\"https:\/\/www.pressenza.com\/pt-pt\/2020\/02\/mago-vive\/#breadcrumb\"},\"inLanguage\":\"pt-PT\",\"potentialAction\":[{\"@type\":\"ReadAction\",\"target\":[\"https:\/\/www.pressenza.com\/pt-pt\/2020\/02\/mago-vive\/\"]}]},{\"@type\":\"ImageObject\",\"inLanguage\":\"pt-PT\",\"@id\":\"https:\/\/www.pressenza.com\/pt-pt\/2020\/02\/mago-vive\/#primaryimage\",\"url\":\"https:\/\/www.pressenza.com\/wp-content\/uploads\/2020\/02\/image_processing20200203-9670-1h6zenf-1.jpg\",\"contentUrl\":\"https:\/\/www.pressenza.com\/wp-content\/uploads\/2020\/02\/image_processing20200203-9670-1h6zenf-1.jpg\",\"width\":800,\"height\":529},{\"@type\":\"BreadcrumbList\",\"@id\":\"https:\/\/www.pressenza.com\/pt-pt\/2020\/02\/mago-vive\/#breadcrumb\",\"itemListElement\":[{\"@type\":\"ListItem\",\"position\":1,\"name\":\"Accueil\",\"item\":\"https:\/\/www.pressenza.com\/pt-pt\/\"},{\"@type\":\"ListItem\",\"position\":2,\"name\":\"Mag\u00f3 vive!\"}]},{\"@type\":\"WebSite\",\"@id\":\"https:\/\/www.pressenza.com\/pt-pt\/#website\",\"url\":\"https:\/\/www.pressenza.com\/pt-pt\/\",\"name\":\"Pressenza\",\"description\":\"International Press Agency\",\"publisher\":{\"@id\":\"https:\/\/www.pressenza.com\/pt-pt\/#organization\"},\"potentialAction\":[{\"@type\":\"SearchAction\",\"target\":{\"@type\":\"EntryPoint\",\"urlTemplate\":\"https:\/\/www.pressenza.com\/pt-pt\/?s={search_term_string}\"},\"query-input\":{\"@type\":\"PropertyValueSpecification\",\"valueRequired\":true,\"valueName\":\"search_term_string\"}}],\"inLanguage\":\"pt-PT\"},{\"@type\":\"Organization\",\"@id\":\"https:\/\/www.pressenza.com\/pt-pt\/#organization\",\"name\":\"Pressenza\",\"url\":\"https:\/\/www.pressenza.com\/pt-pt\/\",\"logo\":{\"@type\":\"ImageObject\",\"inLanguage\":\"pt-PT\",\"@id\":\"https:\/\/www.pressenza.com\/pt-pt\/#\/schema\/logo\/image\/\",\"url\":\"https:\/\/www.pressenza.com\/wp-content\/uploads\/2022\/10\/pressenza_logo_200x200.jpg\",\"contentUrl\":\"https:\/\/www.pressenza.com\/wp-content\/uploads\/2022\/10\/pressenza_logo_200x200.jpg\",\"width\":200,\"height\":200,\"caption\":\"Pressenza\"},\"image\":{\"@id\":\"https:\/\/www.pressenza.com\/pt-pt\/#\/schema\/logo\/image\/\"},\"sameAs\":[\"https:\/\/www.facebook.com\/PressenzaItalia\",\"https:\/\/x.com\/PressenzaIPA\"]},{\"@type\":\"Person\",\"@id\":\"https:\/\/www.pressenza.com\/pt-pt\/#\/schema\/person\/7f4f7cda502887ac8bd3ccb0ae8b5a62\",\"name\":\"Outras Palavras\",\"description\":\"Comunica\u00e7\u00e3o compartilhada e P\u00f3s-capitalismo\",\"sameAs\":[\"https:\/\/www.facebook.com\/outraspalavras\",\"https:\/\/x.com\/outraspalavrass\"],\"url\":\"https:\/\/www.pressenza.com\/pt-pt\/author\/outras-palavras\/\"}]}<\/script>\n<!-- \/ Yoast SEO plugin. -->","yoast_head_json":{"title":"Mag\u00f3 vive!","description":"Espalham-se, por diversas cidades, homenagens \u00e0 bailarina assassinada brutalmente no interior do Paran\u00e1. Em SP, ato est\u00e1 marcado para este s\u00e1bado. Al\u00e9m de","robots":{"index":"index","follow":"follow","max-snippet":"max-snippet:-1","max-image-preview":"max-image-preview:large","max-video-preview":"max-video-preview:-1"},"canonical":"https:\/\/www.pressenza.com\/pt-pt\/2020\/02\/mago-vive\/","og_locale":"pt_PT","og_type":"article","og_title":"Mag\u00f3 vive!","og_description":"Espalham-se, por diversas cidades, homenagens \u00e0 bailarina assassinada brutalmente no interior do Paran\u00e1. Em SP, ato est\u00e1 marcado para este s\u00e1bado. Al\u00e9m de","og_url":"https:\/\/www.pressenza.com\/pt-pt\/2020\/02\/mago-vive\/","og_site_name":"Pressenza","article_publisher":"https:\/\/www.facebook.com\/PressenzaItalia","article_author":"https:\/\/www.facebook.com\/outraspalavras","article_published_time":"2020-02-08T08:09:35+00:00","og_image":[{"width":800,"height":529,"url":"https:\/\/www.pressenza.com\/wp-content\/uploads\/2020\/02\/image_processing20200203-9670-1h6zenf-1.jpg","type":"image\/jpeg"}],"author":"Outras Palavras","twitter_card":"summary_large_image","twitter_creator":"@outraspalavrass","twitter_site":"@PressenzaIPA","twitter_misc":{"Escrito por":"Outras Palavras","Tempo estimado de leitura":"2 minutos"},"schema":{"@context":"https:\/\/schema.org","@graph":[{"@type":"Article","@id":"https:\/\/www.pressenza.com\/pt-pt\/2020\/02\/mago-vive\/#article","isPartOf":{"@id":"https:\/\/www.pressenza.com\/pt-pt\/2020\/02\/mago-vive\/"},"author":{"name":"Outras Palavras","@id":"https:\/\/www.pressenza.com\/pt-pt\/#\/schema\/person\/7f4f7cda502887ac8bd3ccb0ae8b5a62"},"headline":"Mag\u00f3 vive!","datePublished":"2020-02-08T08:09:35+00:00","mainEntityOfPage":{"@id":"https:\/\/www.pressenza.com\/pt-pt\/2020\/02\/mago-vive\/"},"wordCount":479,"publisher":{"@id":"https:\/\/www.pressenza.com\/pt-pt\/#organization"},"image":{"@id":"https:\/\/www.pressenza.com\/pt-pt\/2020\/02\/mago-vive\/#primaryimage"},"thumbnailUrl":"https:\/\/www.pressenza.com\/wp-content\/uploads\/2020\/02\/image_processing20200203-9670-1h6zenf-1.jpg","keywords":["#Mag\u00f3Presente","#nenhumaamenos","condenar feminic\u00eddios","Mag\u00f3","Manifesta\u00e7\u00f5es","seguran\u00e7a p\u00fablica"],"articleSection":["\u00c1m\u00e9rica do Sul","G\u00eanero e feminismos"],"inLanguage":"pt-PT"},{"@type":"WebPage","@id":"https:\/\/www.pressenza.com\/pt-pt\/2020\/02\/mago-vive\/","url":"https:\/\/www.pressenza.com\/pt-pt\/2020\/02\/mago-vive\/","name":"Mag\u00f3 vive!","isPartOf":{"@id":"https:\/\/www.pressenza.com\/pt-pt\/#website"},"primaryImageOfPage":{"@id":"https:\/\/www.pressenza.com\/pt-pt\/2020\/02\/mago-vive\/#primaryimage"},"image":{"@id":"https:\/\/www.pressenza.com\/pt-pt\/2020\/02\/mago-vive\/#primaryimage"},"thumbnailUrl":"https:\/\/www.pressenza.com\/wp-content\/uploads\/2020\/02\/image_processing20200203-9670-1h6zenf-1.jpg","datePublished":"2020-02-08T08:09:35+00:00","description":"Espalham-se, por diversas cidades, homenagens \u00e0 bailarina assassinada brutalmente no interior do Paran\u00e1. Em SP, ato est\u00e1 marcado para este s\u00e1bado. Al\u00e9m de","breadcrumb":{"@id":"https:\/\/www.pressenza.com\/pt-pt\/2020\/02\/mago-vive\/#breadcrumb"},"inLanguage":"pt-PT","potentialAction":[{"@type":"ReadAction","target":["https:\/\/www.pressenza.com\/pt-pt\/2020\/02\/mago-vive\/"]}]},{"@type":"ImageObject","inLanguage":"pt-PT","@id":"https:\/\/www.pressenza.com\/pt-pt\/2020\/02\/mago-vive\/#primaryimage","url":"https:\/\/www.pressenza.com\/wp-content\/uploads\/2020\/02\/image_processing20200203-9670-1h6zenf-1.jpg","contentUrl":"https:\/\/www.pressenza.com\/wp-content\/uploads\/2020\/02\/image_processing20200203-9670-1h6zenf-1.jpg","width":800,"height":529},{"@type":"BreadcrumbList","@id":"https:\/\/www.pressenza.com\/pt-pt\/2020\/02\/mago-vive\/#breadcrumb","itemListElement":[{"@type":"ListItem","position":1,"name":"Accueil","item":"https:\/\/www.pressenza.com\/pt-pt\/"},{"@type":"ListItem","position":2,"name":"Mag\u00f3 vive!"}]},{"@type":"WebSite","@id":"https:\/\/www.pressenza.com\/pt-pt\/#website","url":"https:\/\/www.pressenza.com\/pt-pt\/","name":"Pressenza","description":"International Press Agency","publisher":{"@id":"https:\/\/www.pressenza.com\/pt-pt\/#organization"},"potentialAction":[{"@type":"SearchAction","target":{"@type":"EntryPoint","urlTemplate":"https:\/\/www.pressenza.com\/pt-pt\/?s={search_term_string}"},"query-input":{"@type":"PropertyValueSpecification","valueRequired":true,"valueName":"search_term_string"}}],"inLanguage":"pt-PT"},{"@type":"Organization","@id":"https:\/\/www.pressenza.com\/pt-pt\/#organization","name":"Pressenza","url":"https:\/\/www.pressenza.com\/pt-pt\/","logo":{"@type":"ImageObject","inLanguage":"pt-PT","@id":"https:\/\/www.pressenza.com\/pt-pt\/#\/schema\/logo\/image\/","url":"https:\/\/www.pressenza.com\/wp-content\/uploads\/2022\/10\/pressenza_logo_200x200.jpg","contentUrl":"https:\/\/www.pressenza.com\/wp-content\/uploads\/2022\/10\/pressenza_logo_200x200.jpg","width":200,"height":200,"caption":"Pressenza"},"image":{"@id":"https:\/\/www.pressenza.com\/pt-pt\/#\/schema\/logo\/image\/"},"sameAs":["https:\/\/www.facebook.com\/PressenzaItalia","https:\/\/x.com\/PressenzaIPA"]},{"@type":"Person","@id":"https:\/\/www.pressenza.com\/pt-pt\/#\/schema\/person\/7f4f7cda502887ac8bd3ccb0ae8b5a62","name":"Outras Palavras","description":"Comunica\u00e7\u00e3o compartilhada e P\u00f3s-capitalismo","sameAs":["https:\/\/www.facebook.com\/outraspalavras","https:\/\/x.com\/outraspalavrass"],"url":"https:\/\/www.pressenza.com\/pt-pt\/author\/outras-palavras\/"}]}},"place":"S\u00e3o Paulo, Brasil","original_article_url":"","_links":{"self":[{"href":"https:\/\/www.pressenza.com\/pt-pt\/wp-json\/wp\/v2\/posts\/1030149","targetHints":{"allow":["GET"]}}],"collection":[{"href":"https:\/\/www.pressenza.com\/pt-pt\/wp-json\/wp\/v2\/posts"}],"about":[{"href":"https:\/\/www.pressenza.com\/pt-pt\/wp-json\/wp\/v2\/types\/post"}],"author":[{"embeddable":true,"href":"https:\/\/www.pressenza.com\/pt-pt\/wp-json\/wp\/v2\/users\/1293"}],"replies":[{"embeddable":true,"href":"https:\/\/www.pressenza.com\/pt-pt\/wp-json\/wp\/v2\/comments?post=1030149"}],"version-history":[{"count":0,"href":"https:\/\/www.pressenza.com\/pt-pt\/wp-json\/wp\/v2\/posts\/1030149\/revisions"}],"wp:featuredmedia":[{"embeddable":true,"href":"https:\/\/www.pressenza.com\/pt-pt\/wp-json\/wp\/v2\/media\/1030150"}],"wp:attachment":[{"href":"https:\/\/www.pressenza.com\/pt-pt\/wp-json\/wp\/v2\/media?parent=1030149"}],"wp:term":[{"taxonomy":"category","embeddable":true,"href":"https:\/\/www.pressenza.com\/pt-pt\/wp-json\/wp\/v2\/categories?post=1030149"},{"taxonomy":"post_tag","embeddable":true,"href":"https:\/\/www.pressenza.com\/pt-pt\/wp-json\/wp\/v2\/tags?post=1030149"}],"curies":[{"name":"wp","href":"https:\/\/api.w.org\/{rel}","templated":true}]}}