{"id":103,"date":"2009-01-01T00:00:00","date_gmt":"2009-01-01T00:00:00","guid":{"rendered":""},"modified":"2009-09-28T05:01:02","modified_gmt":"2009-09-28T05:01:02","slug":"todos-pagamos-o-dxficit-das-armas","status":"publish","type":"post","link":"https:\/\/www.pressenza.com\/pt-pt\/2009\/01\/todos-pagamos-o-dxficit-das-armas\/","title":{"rendered":"Todos pagamos o d\u00e9ficit das armas"},"content":{"rendered":"<p>A crise econ\u00f4mica global que d\u00e1 as boas-vindas a 2009 se encontra intimamente ligada ao desenvolvimento do armamentismo, pelo menos isso \u00e9 o que explica o economista Guillermo Sullings: \u201co mundo inteiro paga o d\u00e9ficit dos Estados Unidos, que destinam fundos para comprar as armas com as quais amea\u00e7a esse mesmo mundo que o financia, para que n\u00e3o passe pela cabe\u00e7a deixar de fazer isso.\u201d  Diante desse cen\u00e1rio, Sullings apresenta um dado surpreendente: se fossem destinados 10 % do investido em armamentos hoje, seria resolvido o problema da fome no mundo. \u201cImaginem o que se poderia fazer com o restante\u201d completa o economista, representante do Novo Humanismo na Argentina e presidente da Funda\u00e7\u00e3o Mundo Sem Guerras nesse pa\u00eds, a qual se dedica a organizar uma multitudin\u00e1ria Marcha Mundial pela Paz e pela N\u00e3o-Viol\u00eancia neste ano que est\u00e1 come\u00e7ando.  <\/p>\n<p>Sullings vaticina para 2009 que a crise golpear\u00e1 mais fortemente os pa\u00edses centrais como Estados Unidos e os integrantes da Uni\u00e3o Europ\u00e9ia, ainda que se os governos latino-americanos n\u00e3o tomarem as medidas necess\u00e1rias, os efeitos colaterais impactar\u00e3o em cheio as economias nacionais. Igualmente, todos ter\u00e3o que fortalecer os v\u00ednculos solid\u00e1rios e de reciprocidade, n\u00e3o apenas entre Estados pertencentes a uma mesma regi\u00e3o, mas tamb\u00e9m entre a popula\u00e7\u00e3o, para que desse modo a crise n\u00e3o afete ainda mais a situa\u00e7\u00e3o.<\/p>\n<p>**Quem s\u00e3o os principais respons\u00e1veis pela crise econ\u00f4mica mundial?**<\/p>\n<p>Os maiores \u201cpiratas\u201d  s\u00e3o os especuladores do mercado financeiro, que agora apostaram no mercado hipotec\u00e1rio, mas tamb\u00e9m fizeram com as commoditties, com a bolsa e v\u00e3o gerando bolhas por todos os lados, para inflar ativos, com o obejtivo de obter cr\u00e9ditos ou dividir lucros fict\u00edcios e continuar com esse carrossel financeiro at\u00e9 que exploda a bolha. Mas a quest\u00e3o \u00e9 que s\u00e3o os governos que lhes outorgaram \u201cpatente de cors\u00e1rio\u201d a estes depredadores, e isto \u00e9 grave, porque ao inv\u00e9s de proteger os interesses da popula\u00e7\u00e3o, protegem os interesses dos especuladores. E os governos dos Estados Unidos e do  denominado \u201cPrimeiro Mundo\u201d s\u00e3o os principais respons\u00e1veis por deixar a especula\u00e7\u00e3o atuar livremente. E o governo dos Estados Unidos muito mais, porque \u00e9 o principal respons\u00e1vel, j\u00e1 que ao contar com a m\u00e1quina de imprimir divisas, far\u00e1 que todo o mundo pague seus planos de salvamento dos bancos privados, como j\u00e1 vem pagando o alto d\u00e9ficit fiscal. <\/p>\n<p>**Que papel desempenha a ind\u00fastria armamentista nesta conjuntura?**<\/p>\n<p>Claro que o d\u00e9ficit aumenta a medida que os Estados Unidos mais investem em armamentos. A ind\u00fastria armamentista, al\u00e9m de pressionar para que os conflictos armados nunca terminem e continuem aumentando &#8211; porque esse \u00e9 seu neg\u00f3cio &#8211; tamb\u00e9m s\u00e3o funcionais para a estrat\u00e9gia de domina\u00e7\u00e3o dos Estados Unidos, que \u00e9 o principal consumidor dessa ind\u00fastria, para poder seguir amea\u00e7ando a todo aquele que se oponha. Ou seja que definitivamente, o mundo inteiro paga o d\u00e9ficit dos Estados Unidos, que \u00e9 usado para financiar a comprar de armas com as quais amea\u00e7a a esse mesmo mundo que o financia, para que n\u00e3o passe pela cabe\u00e7a deixar de fazer isso.<\/p>\n<p>**\u00c9 poss\u00edvel que continue em 2009 o fervor b\u00e9lico e nuclear potencializado pelos poderes econ\u00f4micos?**<\/p>\n<p>Estamos em um sistema perverso no qual o Primeiro Mundo, e em particular os Estados Unidos pressionam com todos os meios ao resto dos pa\u00edses para continuar ditando as regras do jogo  globalmente de forma que os favore\u00e7am. E uma forma de pressionar \u00e9 atrav\u00e9s dos poder militar. A atual crise econ\u00f4mica, assim como ocorreu com a de 1929, ao debilitar a economia do Primeiro Mundo, gerar\u00e1 revoltas e agudizar\u00e1 conflitos j\u00e1 existentes. Claro que o fator econ\u00f4mico n\u00e3o \u00e9 o \u00fanico determinante; h\u00e1 muitos conflitos nos quais se mistura o racismo, a intoler\u00e2ncia, as \u00e2nsias pelo poder, e tamb\u00e9m o dinheiro. Mas no meio de uma crise como a atua, tudo pode se alterar mais, e com a prolifera\u00e7\u00e3o nuclear que hoje existe, n\u00e3o \u00e9 de se descartar que algu\u00e9m apele a essas mort\u00edferas armas como \u00faltimo recurso. O mundo est\u00e1 cheio de loucos, alguns s\u00e3o chamados de terroristas, e outros s\u00e3o chamados governantes.<\/p>\n<p>**Quais medidas econ\u00f4micas tomaria para que a econom\u00eda possa favorecer a Paz no mundo?**<\/p>\n<p>Seria muito demorado aqui explicar os t\u00f3picos de uma \u201cEconomia Mixta\u201d, que proponho como humanista, como alternativa ao capitalismo e ao comunismo que demonstraram seu fracasso. Um de seus paradigmas \u00e9 tornar realidade o velho sonho de iguais oportunidades para todos os habitantes de um pa\u00eds e para todos os pa\u00edses do mundo. Mas se me perguntam que medida concreta imediata tomaria para que a economia contribua para a paz, muito f\u00e1cil: come\u00e7ar a destinar o or\u00e7amento que hoje se destina aos armamentos, para resolver os problemas de desenvolvimento dos pa\u00edses menos favorecidos. Se levarmos em conta que apenas com 10 % desse or\u00e7amento seria poss\u00edvel resolver o problema da fome no mundo, imagine o que se poderia fazer com o resto. Esta medida pacificaria ao mundo duplamente, primero porque teria menor capacidade destrutiva, e segundo, teriam menos conflitos que geram guerras. Podem dizer que n\u00e3o \u00e9 f\u00e1cil que as pot\u00eancias militares fa\u00e7am isto. Bom, pode ser que n\u00e3o queiram, mas que \u00e9 poss\u00edvel, isso sim. <\/p>\n<p>\u201cSe levarmos em conta que apenas com 10 % do or\u00e7amento gasto com armas seria poss\u00edvel resolver o problema da foem no mundo, imagine o que se poderia fazer com o resto.\u201d<\/p>\n<p>**Acredita que \u00e9 poss\u00edvel repetir a conduta suicida dos pa\u00edses centrais na d\u00e9cada de &#8217;30, que desembocou na Segunda Guerra Mundial?**<\/p>\n<p>Eu gostaria de pensar que depois de duas guerras mundiais, o mundo deveria estar um pouco mais cauto, sobretudo com a exist\u00eancia de armas nucleares. Eu tenderia a acreditar que os atuais governantes s\u00e3o um pouco mais civilizados que os dos anos 30, sobretudo agora que Bush est\u00e1 se retirando, mas nunca se sabe o que pode passar aos povos e aos governantes se a crise se torna mais aguda. As pessoas \u201ceducadas\u201d \u00e0s vezes se tornam mais racistas, mais intolerantes, mais violentas, e nos d\u00e1 surpresas ingratas. Esperemos que n\u00e3o tenham essa conduta suicida, mas se pudermos fazer algo para impedir, muito melhor.<\/p>\n<p>**Diante do cen\u00e1rio de Crise Econ\u00f4mica Mundial, que desenlace pode prever para 2009?**<\/p>\n<p>Ningu\u00e9m sabe bem o que vai acontecer, e at\u00e9 que n\u00e3o se chegue ao fundo do po\u00e7o, n\u00e3o se sabe ao certo que outra parte do teto vai cair por cima deles. Se a isso agregamos que o capital especulativo est\u00e1 novamente apostando em manipular o valor das commoditties (agora para baixa, para em seguida, comprar barato), portanto n\u00e3o se sabe qual ser\u00e1 o valor real do petr\u00f3leo, do trigo, do cobre, por isso a incerteza vai aumentando. O \u00fanico seguro \u00e9 que essa enorme massa de dinheiro que evaporou das m\u00e3os dos poupadores e foi para as m\u00e3os dos especuladores, continuar\u00e1 gerando uma retra\u00e7\u00e3o do cr\u00e9dito e do consumo, e portanto uma formid\u00e1vel recess\u00e3o. <\/p>\n<p>\u201c\u00c0s vezes pode parecer para alguns pa\u00edses que h\u00e1 que se apoiar entre vizinhos quando a \u00e9poca \u00e9 ruim. Ent\u00e3o, h\u00e1 males que v\u00eam para o bem. Mas \u00e9 melhor que a crise dure pouco e que tamb\u00e9m nos integremos.\u201d<\/p>\n<p>**Acredita que a crise econ\u00f4mica global pode ajudar na dire\u00e7\u00e3o de criar uma nova ordem econ\u00f4mica, em alternativa ao capitalismo financeiro?**<\/p>\n<p>\u00c9 uma boa oportunidade para que o sistema financeiro passe em sua totalidade \u00e0 esfera do Estado, j\u00e1 que n\u00e3o se pude continuar permitindo que a circula\u00e7\u00e3o do dinheiro, indispens\u00e1vel para que se movimente a economia produtiva, esteja nas m\u00e3os dos irrespons\u00e1veis especuladores. Isto significa, criar um sistema banc\u00e1rio estatal sem fins lucrativos, que substitua em boa parte ao sistema privado, e atrav\u00e9s disso garanta que n\u00e3o falte fluxo financeiro para o investimento no sistema produtivo e para o consumo racional. Enquanto hoje os instrumentos financeiros s\u00e3o usados para a especula\u00e7\u00e3o e a usura. E se al\u00e9m disso as pessoas compreendessem, que este fen\u00f4meno do sistema financeiro especulativo que tantos danos causou, n\u00e3o vem de J\u00fapiter, mas que \u00e9 um filho mimado do capitalismo liberal, ent\u00e3o talvez os povos se animem a exigir dos governos ir ainda mais longe com as reformas, e mudar o sistema capitalista atual, por uma Economia Mixta. <\/p>\n<p>**Caso a crise se prolongue por muitos anos, considera que ser\u00e1 afetado o incipiente processo de uni\u00e3o e integra\u00e7\u00e3o latino-americana?**<\/p>\n<p>Em qualquer cen\u00e1rio que nos deparemos com esta crise, sempre ser\u00e1 melhor estar cada vez mais integrados. Por bem ou por mal. \u00c0s vezes pode parecer para alguns pa\u00edses que h\u00e1 que se apoiar entre vizinhos quando a \u00e9poca \u00e9 ruim. Ent\u00e3o, h\u00e1 males que v\u00eam para o bem. Mas \u00e9 melhor que a crise dure pouco e que tamb\u00e9m nos integremos. Em todo caso o que sim \u00e9 seguro, que se a crise \u00e9 duradoura e n\u00e3o nos integramos, passaremos muito mal.  <\/p>\n<p>**O que acredita que poderiam fazer as pessoas comuns, o comerciante, o trabalhador, o estudante, o desempregado para dar uma resposta a sua situa\u00e7\u00e3o s\u00f3cio-econ\u00f4mica?**<\/p>\n<p>Temos que aprender com os latino-americanos. Quando t\u00eam que se ajustar, mais do que nunca s\u00e3o importantes as redes familiares e sociais, compartilhar as casas, ajudar-se, associar-se. Isso n\u00e3o costuma acontecer no Primeiro Mundo, onde os v\u00ednculos est\u00e3o muito cortados, e quem perde seu trabalho fica literalmente na rua; por isso a paran\u00f3ia diante de uma recess\u00e3o \u00e9 muito maior e as pessoas enlouquecem e fazem coisas estranhas. Isso para se adequar, mas tamb\u00e9m h\u00e1 coisas que podem ser feitas para que o impacto da crise n\u00e3o se sinta tanto, e para sair quanto antes dela. Nesse sentido, os povos t\u00eam que pressionar aos governos para que implementem pol\u00edticas ativas na economia. E mais do que nunca agora \u00e9 importante a justa distribui\u00e7\u00e3o da riqueza, para evitar que os pobres caiam mais para baixo, e para reativar o consumo e a produ\u00e7\u00e3o. Claro que esta \u00e9 uma decis\u00e3o governamental, mas as pessoas comuns devem pressionar para que seja implementada<\/p>\n","protected":false},"excerpt":{"rendered":"<p>O mundo inteiro paga o d\u00e9ficit dos Estados Unidos com o qual \u00e9 utilizado para financiar a compra de armas.<\/p>\n","protected":false},"author":20,"featured_media":0,"comment_status":"closed","ping_status":"open","sticky":false,"template":"","format":"standard","meta":{"footnotes":""},"categories":[104,113,159],"tags":[],"class_list":["post-103","post","type-post","status-publish","format-standard","hentry","category-america-do-sul","category-noticias-do-exterior","category-entrevista-pt-pt"],"yoast_head":"<!-- This site is optimized with the Yoast SEO plugin v27.1.1 - https:\/\/yoast.com\/product\/yoast-seo-wordpress\/ -->\n<title>Todos pagamos o d\u00e9ficit das armas<\/title>\n<meta name=\"description\" content=\"O mundo inteiro paga o d\u00e9ficit dos Estados Unidos com o qual \u00e9 utilizado para financiar a compra de armas.\" \/>\n<meta name=\"robots\" content=\"index, follow, max-snippet:-1, max-image-preview:large, max-video-preview:-1\" \/>\n<link rel=\"canonical\" href=\"https:\/\/www.pressenza.com\/pt-pt\/2009\/01\/todos-pagamos-o-dxficit-das-armas\/\" \/>\n<meta property=\"og:locale\" content=\"pt_PT\" \/>\n<meta property=\"og:type\" content=\"article\" \/>\n<meta property=\"og:title\" content=\"Todos pagamos o d\u00e9ficit das armas\" \/>\n<meta property=\"og:description\" content=\"O mundo inteiro paga o d\u00e9ficit dos Estados Unidos com o qual \u00e9 utilizado para financiar a compra de armas.\" \/>\n<meta property=\"og:url\" content=\"https:\/\/www.pressenza.com\/pt-pt\/2009\/01\/todos-pagamos-o-dxficit-das-armas\/\" \/>\n<meta property=\"og:site_name\" content=\"Pressenza\" \/>\n<meta property=\"article:publisher\" content=\"https:\/\/www.facebook.com\/PressenzaItalia\" \/>\n<meta property=\"article:published_time\" content=\"2009-01-01T00:00:00+00:00\" \/>\n<meta property=\"article:modified_time\" content=\"2009-09-28T05:01:02+00:00\" \/>\n<meta name=\"author\" content=\"ivan novotny\" \/>\n<meta name=\"twitter:card\" content=\"summary_large_image\" \/>\n<meta name=\"twitter:creator\" content=\"@ivanovotny\" \/>\n<meta name=\"twitter:site\" content=\"@PressenzaIPA\" \/>\n<meta name=\"twitter:label1\" content=\"Escrito por\" \/>\n\t<meta name=\"twitter:data1\" content=\"ivan novotny\" \/>\n\t<meta name=\"twitter:label2\" content=\"Tempo estimado de leitura\" \/>\n\t<meta name=\"twitter:data2\" content=\"9 minutos\" \/>\n<script type=\"application\/ld+json\" class=\"yoast-schema-graph\">{\"@context\":\"https:\/\/schema.org\",\"@graph\":[{\"@type\":\"Article\",\"@id\":\"https:\/\/www.pressenza.com\/pt-pt\/2009\/01\/todos-pagamos-o-dxficit-das-armas\/#article\",\"isPartOf\":{\"@id\":\"https:\/\/www.pressenza.com\/pt-pt\/2009\/01\/todos-pagamos-o-dxficit-das-armas\/\"},\"author\":{\"name\":\"ivan novotny\",\"@id\":\"https:\/\/www.pressenza.com\/pt-pt\/#\/schema\/person\/074b2cdde387af1b7a93f788a03ec37a\"},\"headline\":\"Todos pagamos o d\u00e9ficit das armas\",\"datePublished\":\"2009-01-01T00:00:00+00:00\",\"dateModified\":\"2009-09-28T05:01:02+00:00\",\"mainEntityOfPage\":{\"@id\":\"https:\/\/www.pressenza.com\/pt-pt\/2009\/01\/todos-pagamos-o-dxficit-das-armas\/\"},\"wordCount\":1765,\"publisher\":{\"@id\":\"https:\/\/www.pressenza.com\/pt-pt\/#organization\"},\"articleSection\":[\"\u00c1m\u00e9rica do Sul\",\"Assuntos internacionais\",\"Entrevista\"],\"inLanguage\":\"pt-PT\"},{\"@type\":\"WebPage\",\"@id\":\"https:\/\/www.pressenza.com\/pt-pt\/2009\/01\/todos-pagamos-o-dxficit-das-armas\/\",\"url\":\"https:\/\/www.pressenza.com\/pt-pt\/2009\/01\/todos-pagamos-o-dxficit-das-armas\/\",\"name\":\"Todos pagamos o d\u00e9ficit das armas\",\"isPartOf\":{\"@id\":\"https:\/\/www.pressenza.com\/pt-pt\/#website\"},\"datePublished\":\"2009-01-01T00:00:00+00:00\",\"dateModified\":\"2009-09-28T05:01:02+00:00\",\"description\":\"O mundo inteiro paga o d\u00e9ficit dos Estados Unidos com o qual \u00e9 utilizado para financiar a compra de armas.\",\"breadcrumb\":{\"@id\":\"https:\/\/www.pressenza.com\/pt-pt\/2009\/01\/todos-pagamos-o-dxficit-das-armas\/#breadcrumb\"},\"inLanguage\":\"pt-PT\",\"potentialAction\":[{\"@type\":\"ReadAction\",\"target\":[\"https:\/\/www.pressenza.com\/pt-pt\/2009\/01\/todos-pagamos-o-dxficit-das-armas\/\"]}]},{\"@type\":\"BreadcrumbList\",\"@id\":\"https:\/\/www.pressenza.com\/pt-pt\/2009\/01\/todos-pagamos-o-dxficit-das-armas\/#breadcrumb\",\"itemListElement\":[{\"@type\":\"ListItem\",\"position\":1,\"name\":\"Accueil\",\"item\":\"https:\/\/www.pressenza.com\/pt-pt\/\"},{\"@type\":\"ListItem\",\"position\":2,\"name\":\"Todos pagamos o d\u00e9ficit das armas\"}]},{\"@type\":\"WebSite\",\"@id\":\"https:\/\/www.pressenza.com\/pt-pt\/#website\",\"url\":\"https:\/\/www.pressenza.com\/pt-pt\/\",\"name\":\"Pressenza\",\"description\":\"International Press Agency\",\"publisher\":{\"@id\":\"https:\/\/www.pressenza.com\/pt-pt\/#organization\"},\"potentialAction\":[{\"@type\":\"SearchAction\",\"target\":{\"@type\":\"EntryPoint\",\"urlTemplate\":\"https:\/\/www.pressenza.com\/pt-pt\/?s={search_term_string}\"},\"query-input\":{\"@type\":\"PropertyValueSpecification\",\"valueRequired\":true,\"valueName\":\"search_term_string\"}}],\"inLanguage\":\"pt-PT\"},{\"@type\":\"Organization\",\"@id\":\"https:\/\/www.pressenza.com\/pt-pt\/#organization\",\"name\":\"Pressenza\",\"url\":\"https:\/\/www.pressenza.com\/pt-pt\/\",\"logo\":{\"@type\":\"ImageObject\",\"inLanguage\":\"pt-PT\",\"@id\":\"https:\/\/www.pressenza.com\/pt-pt\/#\/schema\/logo\/image\/\",\"url\":\"https:\/\/www.pressenza.com\/wp-content\/uploads\/2022\/10\/pressenza_logo_200x200.jpg\",\"contentUrl\":\"https:\/\/www.pressenza.com\/wp-content\/uploads\/2022\/10\/pressenza_logo_200x200.jpg\",\"width\":200,\"height\":200,\"caption\":\"Pressenza\"},\"image\":{\"@id\":\"https:\/\/www.pressenza.com\/pt-pt\/#\/schema\/logo\/image\/\"},\"sameAs\":[\"https:\/\/www.facebook.com\/PressenzaItalia\",\"https:\/\/x.com\/PressenzaIPA\"]},{\"@type\":\"Person\",\"@id\":\"https:\/\/www.pressenza.com\/pt-pt\/#\/schema\/person\/074b2cdde387af1b7a93f788a03ec37a\",\"name\":\"ivan novotny\",\"description\":\"A graduate in Communication Science from the University of Buenos Aires.\",\"sameAs\":[\"https:\/\/www.instagram.com\/inovotny\",\"https:\/\/x.com\/ivanovotny\"],\"url\":\"https:\/\/www.pressenza.com\/pt-pt\/author\/ivan-novotny\/\"}]}<\/script>\n<!-- \/ Yoast SEO plugin. -->","yoast_head_json":{"title":"Todos pagamos o d\u00e9ficit das armas","description":"O mundo inteiro paga o d\u00e9ficit dos Estados Unidos com o qual \u00e9 utilizado para financiar a compra de armas.","robots":{"index":"index","follow":"follow","max-snippet":"max-snippet:-1","max-image-preview":"max-image-preview:large","max-video-preview":"max-video-preview:-1"},"canonical":"https:\/\/www.pressenza.com\/pt-pt\/2009\/01\/todos-pagamos-o-dxficit-das-armas\/","og_locale":"pt_PT","og_type":"article","og_title":"Todos pagamos o d\u00e9ficit das armas","og_description":"O mundo inteiro paga o d\u00e9ficit dos Estados Unidos com o qual \u00e9 utilizado para financiar a compra de armas.","og_url":"https:\/\/www.pressenza.com\/pt-pt\/2009\/01\/todos-pagamos-o-dxficit-das-armas\/","og_site_name":"Pressenza","article_publisher":"https:\/\/www.facebook.com\/PressenzaItalia","article_published_time":"2009-01-01T00:00:00+00:00","article_modified_time":"2009-09-28T05:01:02+00:00","author":"ivan novotny","twitter_card":"summary_large_image","twitter_creator":"@ivanovotny","twitter_site":"@PressenzaIPA","twitter_misc":{"Escrito por":"ivan novotny","Tempo estimado de leitura":"9 minutos"},"schema":{"@context":"https:\/\/schema.org","@graph":[{"@type":"Article","@id":"https:\/\/www.pressenza.com\/pt-pt\/2009\/01\/todos-pagamos-o-dxficit-das-armas\/#article","isPartOf":{"@id":"https:\/\/www.pressenza.com\/pt-pt\/2009\/01\/todos-pagamos-o-dxficit-das-armas\/"},"author":{"name":"ivan novotny","@id":"https:\/\/www.pressenza.com\/pt-pt\/#\/schema\/person\/074b2cdde387af1b7a93f788a03ec37a"},"headline":"Todos pagamos o d\u00e9ficit das armas","datePublished":"2009-01-01T00:00:00+00:00","dateModified":"2009-09-28T05:01:02+00:00","mainEntityOfPage":{"@id":"https:\/\/www.pressenza.com\/pt-pt\/2009\/01\/todos-pagamos-o-dxficit-das-armas\/"},"wordCount":1765,"publisher":{"@id":"https:\/\/www.pressenza.com\/pt-pt\/#organization"},"articleSection":["\u00c1m\u00e9rica do Sul","Assuntos internacionais","Entrevista"],"inLanguage":"pt-PT"},{"@type":"WebPage","@id":"https:\/\/www.pressenza.com\/pt-pt\/2009\/01\/todos-pagamos-o-dxficit-das-armas\/","url":"https:\/\/www.pressenza.com\/pt-pt\/2009\/01\/todos-pagamos-o-dxficit-das-armas\/","name":"Todos pagamos o d\u00e9ficit das armas","isPartOf":{"@id":"https:\/\/www.pressenza.com\/pt-pt\/#website"},"datePublished":"2009-01-01T00:00:00+00:00","dateModified":"2009-09-28T05:01:02+00:00","description":"O mundo inteiro paga o d\u00e9ficit dos Estados Unidos com o qual \u00e9 utilizado para financiar a compra de armas.","breadcrumb":{"@id":"https:\/\/www.pressenza.com\/pt-pt\/2009\/01\/todos-pagamos-o-dxficit-das-armas\/#breadcrumb"},"inLanguage":"pt-PT","potentialAction":[{"@type":"ReadAction","target":["https:\/\/www.pressenza.com\/pt-pt\/2009\/01\/todos-pagamos-o-dxficit-das-armas\/"]}]},{"@type":"BreadcrumbList","@id":"https:\/\/www.pressenza.com\/pt-pt\/2009\/01\/todos-pagamos-o-dxficit-das-armas\/#breadcrumb","itemListElement":[{"@type":"ListItem","position":1,"name":"Accueil","item":"https:\/\/www.pressenza.com\/pt-pt\/"},{"@type":"ListItem","position":2,"name":"Todos pagamos o d\u00e9ficit das armas"}]},{"@type":"WebSite","@id":"https:\/\/www.pressenza.com\/pt-pt\/#website","url":"https:\/\/www.pressenza.com\/pt-pt\/","name":"Pressenza","description":"International Press Agency","publisher":{"@id":"https:\/\/www.pressenza.com\/pt-pt\/#organization"},"potentialAction":[{"@type":"SearchAction","target":{"@type":"EntryPoint","urlTemplate":"https:\/\/www.pressenza.com\/pt-pt\/?s={search_term_string}"},"query-input":{"@type":"PropertyValueSpecification","valueRequired":true,"valueName":"search_term_string"}}],"inLanguage":"pt-PT"},{"@type":"Organization","@id":"https:\/\/www.pressenza.com\/pt-pt\/#organization","name":"Pressenza","url":"https:\/\/www.pressenza.com\/pt-pt\/","logo":{"@type":"ImageObject","inLanguage":"pt-PT","@id":"https:\/\/www.pressenza.com\/pt-pt\/#\/schema\/logo\/image\/","url":"https:\/\/www.pressenza.com\/wp-content\/uploads\/2022\/10\/pressenza_logo_200x200.jpg","contentUrl":"https:\/\/www.pressenza.com\/wp-content\/uploads\/2022\/10\/pressenza_logo_200x200.jpg","width":200,"height":200,"caption":"Pressenza"},"image":{"@id":"https:\/\/www.pressenza.com\/pt-pt\/#\/schema\/logo\/image\/"},"sameAs":["https:\/\/www.facebook.com\/PressenzaItalia","https:\/\/x.com\/PressenzaIPA"]},{"@type":"Person","@id":"https:\/\/www.pressenza.com\/pt-pt\/#\/schema\/person\/074b2cdde387af1b7a93f788a03ec37a","name":"ivan novotny","description":"A graduate in Communication Science from the University of Buenos Aires.","sameAs":["https:\/\/www.instagram.com\/inovotny","https:\/\/x.com\/ivanovotny"],"url":"https:\/\/www.pressenza.com\/pt-pt\/author\/ivan-novotny\/"}]}},"place":"Buenos Aires","original_article_url":"","_links":{"self":[{"href":"https:\/\/www.pressenza.com\/pt-pt\/wp-json\/wp\/v2\/posts\/103","targetHints":{"allow":["GET"]}}],"collection":[{"href":"https:\/\/www.pressenza.com\/pt-pt\/wp-json\/wp\/v2\/posts"}],"about":[{"href":"https:\/\/www.pressenza.com\/pt-pt\/wp-json\/wp\/v2\/types\/post"}],"author":[{"embeddable":true,"href":"https:\/\/www.pressenza.com\/pt-pt\/wp-json\/wp\/v2\/users\/20"}],"replies":[{"embeddable":true,"href":"https:\/\/www.pressenza.com\/pt-pt\/wp-json\/wp\/v2\/comments?post=103"}],"version-history":[{"count":0,"href":"https:\/\/www.pressenza.com\/pt-pt\/wp-json\/wp\/v2\/posts\/103\/revisions"}],"wp:attachment":[{"href":"https:\/\/www.pressenza.com\/pt-pt\/wp-json\/wp\/v2\/media?parent=103"}],"wp:term":[{"taxonomy":"category","embeddable":true,"href":"https:\/\/www.pressenza.com\/pt-pt\/wp-json\/wp\/v2\/categories?post=103"},{"taxonomy":"post_tag","embeddable":true,"href":"https:\/\/www.pressenza.com\/pt-pt\/wp-json\/wp\/v2\/tags?post=103"}],"curies":[{"name":"wp","href":"https:\/\/api.w.org\/{rel}","templated":true}]}}