{"id":1026839,"date":"2020-02-03T11:22:18","date_gmt":"2020-02-03T11:22:18","guid":{"rendered":"https:\/\/www.pressenza.com\/?p=1026839"},"modified":"2020-02-03T11:22:18","modified_gmt":"2020-02-03T11:22:18","slug":"congresso-inicia-ano-com-27-medidas-provisorias-na-fila","status":"publish","type":"post","link":"https:\/\/www.pressenza.com\/pt-pt\/2020\/02\/congresso-inicia-ano-com-27-medidas-provisorias-na-fila\/","title":{"rendered":"Congresso inicia ano com 27 medidas provis\u00f3rias na fila"},"content":{"rendered":"<h4>Dez delas j\u00e1 trancam a pauta de vota\u00e7\u00f5es<\/h4>\n<p>Por\u00a0<span class=\"txtPolitica\">Karine Melo\u00a0<\/span><\/p>\n<p>Com o in\u00edcio dos trabalhos legislativos nesta\u00a0segunda-feira (3), C\u00e2mara e Senado come\u00e7am\u00a02020 com 27 medidas provis\u00f3rias (MPs) para an\u00e1lise. Desse total, dez\u00a0j\u00e1 trancam a pauta de vota\u00e7\u00f5es e at\u00e9 o final\u00a0de fevereiro\u00a0outras cinco v\u00e3o aumentar\u00a0essa fila.<\/p>\n<p>A\u00a0MP 894\/2019, que institui uma pens\u00e3o mensal vital\u00edcia\u00a0no valor de um sal\u00e1rio m\u00ednimo para crian\u00e7as com s\u00edndrome causada pelo Zika v\u00edrus, \u00e9 a primeira da fila. O texto foi aprovado em dezembro pelos deputados e deve passar facilmente pelos senadores. O relator da MP, senador Izalci Lucas (PSDB-DF), estendeu a medida para todas as crian\u00e7as afetadas que tenham nascido at\u00e9 o fim de 2019.<\/p>\n<h4>Fim do prazo<\/h4>\n<p>Sem chances de avan\u00e7ar, porqu\u00ea perdem a validade em\u00a016 de fevereiro, est\u00e3o outras duas MPs. Uma delas, a 895\/2019, cria a carteira estudantil em formato digital. O documento \u00e9 gratuito para todos os estudantes, mediante cadastro em aplicativo de celular que ser\u00e1 vinculado a um banco de dados do Minist\u00e9rio da Educa\u00e7\u00e3o.<\/p>\n<p>A outra \u00e9 a MP 896\/19, a proposta desobriga \u00f3rg\u00e3os da Uni\u00e3o, estados, Distrito Federal e munic\u00edpios de publicar documentos relativos a licita\u00e7\u00f5es em jornais de grande circula\u00e7\u00e3o \u2014 bastaria o an\u00fancio em\u00a0<em>site<\/em>\u00a0oficial e no Di\u00e1rio Oficial da Uni\u00e3o. No m\u00eas seguinte \u00e0 sua publica\u00e7\u00e3o, ap\u00f3s um questionamento da Rede Sustentabilidade, o ministro Gilmar Mendes, do Supremo Tribunal Federal (STF), suspendeu a MP.<\/p>\n<p>Nos dois casos, nem a comiss\u00e3o mista\u00a0 instalada \u2013 primeira fase de tramita\u00e7\u00e3o antes de seguir para C\u00e2mara e Senado \u2013 essas MPs tiveram.<\/p>\n<h4>Urg\u00eancias<\/h4>\n<p>Entre as MPs que tramitam em regime de urg\u00eancia, com prioridade na fila de vota\u00e7\u00f5es, est\u00e1 a MP que cria a 13\u00aa parcela do Bolsa Fam\u00edlia (MP 898\/2019). O texto ainda precisa ser votado na comiss\u00e3o mista, mas j\u00e1 tem relat\u00f3rio favor\u00e1vel, do senador Randolfe Rodrigues (Rede-AP).\u00a0O texto previa apenas o pagamento extra no ano de 2019, mas o relat\u00f3rio de Randolfe tornou permanente a parcela adicional. Outra novidade sugerida pelo relator diz respeito ao Benef\u00edcio de Presta\u00e7\u00e3o Continuada (BPC) que tamb\u00e9m passa a contar com um 13\u00ba.<\/p>\n<p>\u201cO BPC tem por objetivo amparar pessoas \u00e0 margem da sociedade e que n\u00e3o podem prover seu sustento. [Conceder o 13\u00ba visa] corrigir essa desigualdade, para garantir a isonomia entre esses benefici\u00e1rios e os demais do INSS, que j\u00e1 recebem a renda extra no m\u00eas\u00a0de dezembro\u00a0de cada ano\u201d, ressalta Randolfe.<\/p>\n<p>Tamb\u00e9m com discuss\u00e3o mais avan\u00e7ada, est\u00e3o as MPs 897\/2019 que trata de cr\u00e9dito rural e a 901\/2019, que transfere terras da Uni\u00e3o para Amap\u00e1 e Roraima. As duas j\u00e1 foram aprovadas pelas suas comiss\u00f5es mistas e agora aguardam an\u00e1lise dos deputados.<\/p>\n<p>&nbsp;<\/p>\n","protected":false},"excerpt":{"rendered":"<p>Dez delas j\u00e1 trancam a pauta de vota\u00e7\u00f5es Por\u00a0Karine Melo\u00a0 Com o in\u00edcio dos trabalhos legislativos nesta\u00a0segunda-feira (3), C\u00e2mara e Senado come\u00e7am\u00a02020 com 27 medidas provis\u00f3rias (MPs) para an\u00e1lise. Desse total, dez\u00a0j\u00e1 trancam a pauta de vota\u00e7\u00f5es e at\u00e9 o&hellip;<\/p>\n","protected":false},"author":860,"featured_media":1026840,"comment_status":"closed","ping_status":"closed","sticky":false,"template":"","format":"standard","meta":{"footnotes":""},"categories":[104,111],"tags":[59051,70458],"class_list":["post-1026839","post","type-post","status-publish","format-standard","has-post-thumbnail","hentry","category-america-do-sul","category-politica-pt-pt","tag-congresso-pt-pt","tag-votacoes"],"yoast_head":"<!-- This site is optimized with the Yoast SEO plugin v27.1.1 - https:\/\/yoast.com\/product\/yoast-seo-wordpress\/ -->\n<title>Congresso inicia ano com 27 medidas provis\u00f3rias na fila<\/title>\n<meta name=\"description\" content=\"Dez delas j\u00e1 trancam a pauta de vota\u00e7\u00f5es Por\u00a0Karine Melo\u00a0 Com o in\u00edcio dos trabalhos legislativos nesta\u00a0segunda-feira (3), C\u00e2mara e Senado come\u00e7am\u00a02020\" \/>\n<meta name=\"robots\" content=\"index, follow, max-snippet:-1, max-image-preview:large, max-video-preview:-1\" \/>\n<link rel=\"canonical\" href=\"https:\/\/www.pressenza.com\/pt-pt\/2020\/02\/congresso-inicia-ano-com-27-medidas-provisorias-na-fila\/\" \/>\n<meta property=\"og:locale\" content=\"pt_PT\" \/>\n<meta property=\"og:type\" content=\"article\" \/>\n<meta property=\"og:title\" content=\"Congresso inicia ano com 27 medidas provis\u00f3rias na fila\" \/>\n<meta property=\"og:description\" content=\"Dez delas j\u00e1 trancam a pauta de vota\u00e7\u00f5es Por\u00a0Karine Melo\u00a0 Com o in\u00edcio dos trabalhos legislativos nesta\u00a0segunda-feira (3), C\u00e2mara e Senado come\u00e7am\u00a02020\" \/>\n<meta property=\"og:url\" content=\"https:\/\/www.pressenza.com\/pt-pt\/2020\/02\/congresso-inicia-ano-com-27-medidas-provisorias-na-fila\/\" \/>\n<meta property=\"og:site_name\" content=\"Pressenza\" \/>\n<meta property=\"article:publisher\" content=\"https:\/\/www.facebook.com\/PressenzaItalia\" \/>\n<meta property=\"article:published_time\" content=\"2020-02-03T11:22:18+00:00\" \/>\n<meta property=\"og:image\" content=\"https:\/\/www.pressenza.com\/wp-content\/uploads\/2020\/02\/abertura_do_ano_legislativo_no_congresso_nacional.jpg\" \/>\n\t<meta property=\"og:image:width\" content=\"1140\" \/>\n\t<meta property=\"og:image:height\" content=\"760\" \/>\n\t<meta property=\"og:image:type\" content=\"image\/jpeg\" \/>\n<meta name=\"author\" content=\"Agencia Brasil\" \/>\n<meta name=\"twitter:card\" content=\"summary_large_image\" \/>\n<meta name=\"twitter:creator\" content=\"@PressenzaIPA\" \/>\n<meta name=\"twitter:site\" content=\"@PressenzaIPA\" \/>\n<meta name=\"twitter:label1\" content=\"Escrito por\" \/>\n\t<meta name=\"twitter:data1\" content=\"Agencia Brasil\" \/>\n\t<meta name=\"twitter:label2\" content=\"Tempo estimado de leitura\" \/>\n\t<meta name=\"twitter:data2\" content=\"2 minutos\" \/>\n<script type=\"application\/ld+json\" class=\"yoast-schema-graph\">{\"@context\":\"https:\/\/schema.org\",\"@graph\":[{\"@type\":\"Article\",\"@id\":\"https:\/\/www.pressenza.com\/pt-pt\/2020\/02\/congresso-inicia-ano-com-27-medidas-provisorias-na-fila\/#article\",\"isPartOf\":{\"@id\":\"https:\/\/www.pressenza.com\/pt-pt\/2020\/02\/congresso-inicia-ano-com-27-medidas-provisorias-na-fila\/\"},\"author\":{\"name\":\"Agencia Brasil\",\"@id\":\"https:\/\/www.pressenza.com\/pt-pt\/#\/schema\/person\/e2e4e9b5b3a7554516d809f2394b3dd4\"},\"headline\":\"Congresso inicia ano com 27 medidas provis\u00f3rias na fila\",\"datePublished\":\"2020-02-03T11:22:18+00:00\",\"mainEntityOfPage\":{\"@id\":\"https:\/\/www.pressenza.com\/pt-pt\/2020\/02\/congresso-inicia-ano-com-27-medidas-provisorias-na-fila\/\"},\"wordCount\":490,\"publisher\":{\"@id\":\"https:\/\/www.pressenza.com\/pt-pt\/#organization\"},\"image\":{\"@id\":\"https:\/\/www.pressenza.com\/pt-pt\/2020\/02\/congresso-inicia-ano-com-27-medidas-provisorias-na-fila\/#primaryimage\"},\"thumbnailUrl\":\"https:\/\/www.pressenza.com\/wp-content\/uploads\/2020\/02\/abertura_do_ano_legislativo_no_congresso_nacional.jpg\",\"keywords\":[\"congresso\",\"vota\u00e7\u00f5es\"],\"articleSection\":[\"\u00c1m\u00e9rica do Sul\",\"Pol\u00edtica\"],\"inLanguage\":\"pt-PT\"},{\"@type\":\"WebPage\",\"@id\":\"https:\/\/www.pressenza.com\/pt-pt\/2020\/02\/congresso-inicia-ano-com-27-medidas-provisorias-na-fila\/\",\"url\":\"https:\/\/www.pressenza.com\/pt-pt\/2020\/02\/congresso-inicia-ano-com-27-medidas-provisorias-na-fila\/\",\"name\":\"Congresso inicia ano com 27 medidas provis\u00f3rias na fila\",\"isPartOf\":{\"@id\":\"https:\/\/www.pressenza.com\/pt-pt\/#website\"},\"primaryImageOfPage\":{\"@id\":\"https:\/\/www.pressenza.com\/pt-pt\/2020\/02\/congresso-inicia-ano-com-27-medidas-provisorias-na-fila\/#primaryimage\"},\"image\":{\"@id\":\"https:\/\/www.pressenza.com\/pt-pt\/2020\/02\/congresso-inicia-ano-com-27-medidas-provisorias-na-fila\/#primaryimage\"},\"thumbnailUrl\":\"https:\/\/www.pressenza.com\/wp-content\/uploads\/2020\/02\/abertura_do_ano_legislativo_no_congresso_nacional.jpg\",\"datePublished\":\"2020-02-03T11:22:18+00:00\",\"description\":\"Dez delas j\u00e1 trancam a pauta de vota\u00e7\u00f5es Por\u00a0Karine Melo\u00a0 Com o in\u00edcio dos trabalhos legislativos nesta\u00a0segunda-feira (3), C\u00e2mara e Senado come\u00e7am\u00a02020\",\"breadcrumb\":{\"@id\":\"https:\/\/www.pressenza.com\/pt-pt\/2020\/02\/congresso-inicia-ano-com-27-medidas-provisorias-na-fila\/#breadcrumb\"},\"inLanguage\":\"pt-PT\",\"potentialAction\":[{\"@type\":\"ReadAction\",\"target\":[\"https:\/\/www.pressenza.com\/pt-pt\/2020\/02\/congresso-inicia-ano-com-27-medidas-provisorias-na-fila\/\"]}]},{\"@type\":\"ImageObject\",\"inLanguage\":\"pt-PT\",\"@id\":\"https:\/\/www.pressenza.com\/pt-pt\/2020\/02\/congresso-inicia-ano-com-27-medidas-provisorias-na-fila\/#primaryimage\",\"url\":\"https:\/\/www.pressenza.com\/wp-content\/uploads\/2020\/02\/abertura_do_ano_legislativo_no_congresso_nacional.jpg\",\"contentUrl\":\"https:\/\/www.pressenza.com\/wp-content\/uploads\/2020\/02\/abertura_do_ano_legislativo_no_congresso_nacional.jpg\",\"width\":1140,\"height\":760,\"caption\":\"Solenidade de abertura do Ano Legislativo do Congresso Nacional. Presenca do ministro da Casa Civil, Eliseu Padilha\"},{\"@type\":\"BreadcrumbList\",\"@id\":\"https:\/\/www.pressenza.com\/pt-pt\/2020\/02\/congresso-inicia-ano-com-27-medidas-provisorias-na-fila\/#breadcrumb\",\"itemListElement\":[{\"@type\":\"ListItem\",\"position\":1,\"name\":\"Accueil\",\"item\":\"https:\/\/www.pressenza.com\/pt-pt\/\"},{\"@type\":\"ListItem\",\"position\":2,\"name\":\"Congresso inicia ano com 27 medidas provis\u00f3rias na fila\"}]},{\"@type\":\"WebSite\",\"@id\":\"https:\/\/www.pressenza.com\/pt-pt\/#website\",\"url\":\"https:\/\/www.pressenza.com\/pt-pt\/\",\"name\":\"Pressenza\",\"description\":\"International Press Agency\",\"publisher\":{\"@id\":\"https:\/\/www.pressenza.com\/pt-pt\/#organization\"},\"potentialAction\":[{\"@type\":\"SearchAction\",\"target\":{\"@type\":\"EntryPoint\",\"urlTemplate\":\"https:\/\/www.pressenza.com\/pt-pt\/?s={search_term_string}\"},\"query-input\":{\"@type\":\"PropertyValueSpecification\",\"valueRequired\":true,\"valueName\":\"search_term_string\"}}],\"inLanguage\":\"pt-PT\"},{\"@type\":\"Organization\",\"@id\":\"https:\/\/www.pressenza.com\/pt-pt\/#organization\",\"name\":\"Pressenza\",\"url\":\"https:\/\/www.pressenza.com\/pt-pt\/\",\"logo\":{\"@type\":\"ImageObject\",\"inLanguage\":\"pt-PT\",\"@id\":\"https:\/\/www.pressenza.com\/pt-pt\/#\/schema\/logo\/image\/\",\"url\":\"https:\/\/www.pressenza.com\/wp-content\/uploads\/2022\/10\/pressenza_logo_200x200.jpg\",\"contentUrl\":\"https:\/\/www.pressenza.com\/wp-content\/uploads\/2022\/10\/pressenza_logo_200x200.jpg\",\"width\":200,\"height\":200,\"caption\":\"Pressenza\"},\"image\":{\"@id\":\"https:\/\/www.pressenza.com\/pt-pt\/#\/schema\/logo\/image\/\"},\"sameAs\":[\"https:\/\/www.facebook.com\/PressenzaItalia\",\"https:\/\/x.com\/PressenzaIPA\"]},{\"@type\":\"Person\",\"@id\":\"https:\/\/www.pressenza.com\/pt-pt\/#\/schema\/person\/e2e4e9b5b3a7554516d809f2394b3dd4\",\"name\":\"Agencia Brasil\",\"url\":\"https:\/\/www.pressenza.com\/pt-pt\/author\/agencia-brasil\/\"}]}<\/script>\n<!-- \/ Yoast SEO plugin. -->","yoast_head_json":{"title":"Congresso inicia ano com 27 medidas provis\u00f3rias na fila","description":"Dez delas j\u00e1 trancam a pauta de vota\u00e7\u00f5es Por\u00a0Karine Melo\u00a0 Com o in\u00edcio dos trabalhos legislativos nesta\u00a0segunda-feira (3), C\u00e2mara e Senado come\u00e7am\u00a02020","robots":{"index":"index","follow":"follow","max-snippet":"max-snippet:-1","max-image-preview":"max-image-preview:large","max-video-preview":"max-video-preview:-1"},"canonical":"https:\/\/www.pressenza.com\/pt-pt\/2020\/02\/congresso-inicia-ano-com-27-medidas-provisorias-na-fila\/","og_locale":"pt_PT","og_type":"article","og_title":"Congresso inicia ano com 27 medidas provis\u00f3rias na fila","og_description":"Dez delas j\u00e1 trancam a pauta de vota\u00e7\u00f5es Por\u00a0Karine Melo\u00a0 Com o in\u00edcio dos trabalhos legislativos nesta\u00a0segunda-feira (3), C\u00e2mara e Senado come\u00e7am\u00a02020","og_url":"https:\/\/www.pressenza.com\/pt-pt\/2020\/02\/congresso-inicia-ano-com-27-medidas-provisorias-na-fila\/","og_site_name":"Pressenza","article_publisher":"https:\/\/www.facebook.com\/PressenzaItalia","article_published_time":"2020-02-03T11:22:18+00:00","og_image":[{"width":1140,"height":760,"url":"https:\/\/www.pressenza.com\/wp-content\/uploads\/2020\/02\/abertura_do_ano_legislativo_no_congresso_nacional.jpg","type":"image\/jpeg"}],"author":"Agencia Brasil","twitter_card":"summary_large_image","twitter_creator":"@PressenzaIPA","twitter_site":"@PressenzaIPA","twitter_misc":{"Escrito por":"Agencia Brasil","Tempo estimado de leitura":"2 minutos"},"schema":{"@context":"https:\/\/schema.org","@graph":[{"@type":"Article","@id":"https:\/\/www.pressenza.com\/pt-pt\/2020\/02\/congresso-inicia-ano-com-27-medidas-provisorias-na-fila\/#article","isPartOf":{"@id":"https:\/\/www.pressenza.com\/pt-pt\/2020\/02\/congresso-inicia-ano-com-27-medidas-provisorias-na-fila\/"},"author":{"name":"Agencia Brasil","@id":"https:\/\/www.pressenza.com\/pt-pt\/#\/schema\/person\/e2e4e9b5b3a7554516d809f2394b3dd4"},"headline":"Congresso inicia ano com 27 medidas provis\u00f3rias na fila","datePublished":"2020-02-03T11:22:18+00:00","mainEntityOfPage":{"@id":"https:\/\/www.pressenza.com\/pt-pt\/2020\/02\/congresso-inicia-ano-com-27-medidas-provisorias-na-fila\/"},"wordCount":490,"publisher":{"@id":"https:\/\/www.pressenza.com\/pt-pt\/#organization"},"image":{"@id":"https:\/\/www.pressenza.com\/pt-pt\/2020\/02\/congresso-inicia-ano-com-27-medidas-provisorias-na-fila\/#primaryimage"},"thumbnailUrl":"https:\/\/www.pressenza.com\/wp-content\/uploads\/2020\/02\/abertura_do_ano_legislativo_no_congresso_nacional.jpg","keywords":["congresso","vota\u00e7\u00f5es"],"articleSection":["\u00c1m\u00e9rica do Sul","Pol\u00edtica"],"inLanguage":"pt-PT"},{"@type":"WebPage","@id":"https:\/\/www.pressenza.com\/pt-pt\/2020\/02\/congresso-inicia-ano-com-27-medidas-provisorias-na-fila\/","url":"https:\/\/www.pressenza.com\/pt-pt\/2020\/02\/congresso-inicia-ano-com-27-medidas-provisorias-na-fila\/","name":"Congresso inicia ano com 27 medidas provis\u00f3rias na fila","isPartOf":{"@id":"https:\/\/www.pressenza.com\/pt-pt\/#website"},"primaryImageOfPage":{"@id":"https:\/\/www.pressenza.com\/pt-pt\/2020\/02\/congresso-inicia-ano-com-27-medidas-provisorias-na-fila\/#primaryimage"},"image":{"@id":"https:\/\/www.pressenza.com\/pt-pt\/2020\/02\/congresso-inicia-ano-com-27-medidas-provisorias-na-fila\/#primaryimage"},"thumbnailUrl":"https:\/\/www.pressenza.com\/wp-content\/uploads\/2020\/02\/abertura_do_ano_legislativo_no_congresso_nacional.jpg","datePublished":"2020-02-03T11:22:18+00:00","description":"Dez delas j\u00e1 trancam a pauta de vota\u00e7\u00f5es Por\u00a0Karine Melo\u00a0 Com o in\u00edcio dos trabalhos legislativos nesta\u00a0segunda-feira (3), C\u00e2mara e Senado come\u00e7am\u00a02020","breadcrumb":{"@id":"https:\/\/www.pressenza.com\/pt-pt\/2020\/02\/congresso-inicia-ano-com-27-medidas-provisorias-na-fila\/#breadcrumb"},"inLanguage":"pt-PT","potentialAction":[{"@type":"ReadAction","target":["https:\/\/www.pressenza.com\/pt-pt\/2020\/02\/congresso-inicia-ano-com-27-medidas-provisorias-na-fila\/"]}]},{"@type":"ImageObject","inLanguage":"pt-PT","@id":"https:\/\/www.pressenza.com\/pt-pt\/2020\/02\/congresso-inicia-ano-com-27-medidas-provisorias-na-fila\/#primaryimage","url":"https:\/\/www.pressenza.com\/wp-content\/uploads\/2020\/02\/abertura_do_ano_legislativo_no_congresso_nacional.jpg","contentUrl":"https:\/\/www.pressenza.com\/wp-content\/uploads\/2020\/02\/abertura_do_ano_legislativo_no_congresso_nacional.jpg","width":1140,"height":760,"caption":"Solenidade de abertura do Ano Legislativo do Congresso Nacional. Presenca do ministro da Casa Civil, Eliseu Padilha"},{"@type":"BreadcrumbList","@id":"https:\/\/www.pressenza.com\/pt-pt\/2020\/02\/congresso-inicia-ano-com-27-medidas-provisorias-na-fila\/#breadcrumb","itemListElement":[{"@type":"ListItem","position":1,"name":"Accueil","item":"https:\/\/www.pressenza.com\/pt-pt\/"},{"@type":"ListItem","position":2,"name":"Congresso inicia ano com 27 medidas provis\u00f3rias na fila"}]},{"@type":"WebSite","@id":"https:\/\/www.pressenza.com\/pt-pt\/#website","url":"https:\/\/www.pressenza.com\/pt-pt\/","name":"Pressenza","description":"International Press Agency","publisher":{"@id":"https:\/\/www.pressenza.com\/pt-pt\/#organization"},"potentialAction":[{"@type":"SearchAction","target":{"@type":"EntryPoint","urlTemplate":"https:\/\/www.pressenza.com\/pt-pt\/?s={search_term_string}"},"query-input":{"@type":"PropertyValueSpecification","valueRequired":true,"valueName":"search_term_string"}}],"inLanguage":"pt-PT"},{"@type":"Organization","@id":"https:\/\/www.pressenza.com\/pt-pt\/#organization","name":"Pressenza","url":"https:\/\/www.pressenza.com\/pt-pt\/","logo":{"@type":"ImageObject","inLanguage":"pt-PT","@id":"https:\/\/www.pressenza.com\/pt-pt\/#\/schema\/logo\/image\/","url":"https:\/\/www.pressenza.com\/wp-content\/uploads\/2022\/10\/pressenza_logo_200x200.jpg","contentUrl":"https:\/\/www.pressenza.com\/wp-content\/uploads\/2022\/10\/pressenza_logo_200x200.jpg","width":200,"height":200,"caption":"Pressenza"},"image":{"@id":"https:\/\/www.pressenza.com\/pt-pt\/#\/schema\/logo\/image\/"},"sameAs":["https:\/\/www.facebook.com\/PressenzaItalia","https:\/\/x.com\/PressenzaIPA"]},{"@type":"Person","@id":"https:\/\/www.pressenza.com\/pt-pt\/#\/schema\/person\/e2e4e9b5b3a7554516d809f2394b3dd4","name":"Agencia Brasil","url":"https:\/\/www.pressenza.com\/pt-pt\/author\/agencia-brasil\/"}]}},"place":"Bras\u00edlia","original_article_url":"http:\/\/agenciabrasil.ebc.com.br\/politica\/noticia\/2020-02\/congresso-inicia-ano-com-27-medidas-provisorias-na-fila","_links":{"self":[{"href":"https:\/\/www.pressenza.com\/pt-pt\/wp-json\/wp\/v2\/posts\/1026839","targetHints":{"allow":["GET"]}}],"collection":[{"href":"https:\/\/www.pressenza.com\/pt-pt\/wp-json\/wp\/v2\/posts"}],"about":[{"href":"https:\/\/www.pressenza.com\/pt-pt\/wp-json\/wp\/v2\/types\/post"}],"author":[{"embeddable":true,"href":"https:\/\/www.pressenza.com\/pt-pt\/wp-json\/wp\/v2\/users\/860"}],"replies":[{"embeddable":true,"href":"https:\/\/www.pressenza.com\/pt-pt\/wp-json\/wp\/v2\/comments?post=1026839"}],"version-history":[{"count":0,"href":"https:\/\/www.pressenza.com\/pt-pt\/wp-json\/wp\/v2\/posts\/1026839\/revisions"}],"wp:featuredmedia":[{"embeddable":true,"href":"https:\/\/www.pressenza.com\/pt-pt\/wp-json\/wp\/v2\/media\/1026840"}],"wp:attachment":[{"href":"https:\/\/www.pressenza.com\/pt-pt\/wp-json\/wp\/v2\/media?parent=1026839"}],"wp:term":[{"taxonomy":"category","embeddable":true,"href":"https:\/\/www.pressenza.com\/pt-pt\/wp-json\/wp\/v2\/categories?post=1026839"},{"taxonomy":"post_tag","embeddable":true,"href":"https:\/\/www.pressenza.com\/pt-pt\/wp-json\/wp\/v2\/tags?post=1026839"}],"curies":[{"name":"wp","href":"https:\/\/api.w.org\/{rel}","templated":true}]}}