{"id":1023923,"date":"2020-01-29T19:05:17","date_gmt":"2020-01-29T19:05:17","guid":{"rendered":"https:\/\/www.pressenza.com\/?p=1023923"},"modified":"2020-01-29T19:05:17","modified_gmt":"2020-01-29T19:05:17","slug":"no-conselho-de-seguranca-chefe-humanitario-faz-novo-alerta-sobre-crise-na-siria","status":"publish","type":"post","link":"https:\/\/www.pressenza.com\/pt-pt\/2020\/01\/no-conselho-de-seguranca-chefe-humanitario-faz-novo-alerta-sobre-crise-na-siria\/","title":{"rendered":"No Conselho de Seguran\u00e7a, chefe humanit\u00e1rio faz novo alerta sobre crise na S\u00edria"},"content":{"rendered":"<div class=\"field field-name-field-news-story-lead field-type-text-long field-label-hidden\">\n<div class=\"field-items\">\n<div class=\"field-item even\">\n<p>Segundo Mark Lowcock, mais de 1,5 mil civis foram mortos desde o in\u00edcio da escalada da viol\u00eancia em abril passado; mais da metade das v\u00edtimas eram mulheres e crian\u00e7as; subsecret\u00e1rio-geral disse que s\u00edrios \u201cse sentem totalmente abandonados pelo mundo<\/p>\n<\/div>\n<\/div>\n<\/div>\n<div class=\"paragraphs-items paragraphs-items-field-news-story paragraphs-items-field-news-story-full paragraphs-items-full\">\n<div class=\"field field-name-field-news-story field-type-paragraphs field-label-hidden\">\n<div class=\"field-items\">\n<div class=\"field-item even\">\n<div class=\"entity entity-paragraphs-item paragraphs-item-one-column-text\">\n<div class=\"content\">\n<div class=\"field field-name-field-text-column field-type-text-long field-label-hidden\">\n<div class=\"field-items\">\n<div class=\"field-item even\">\n<p>O subsecret\u00e1rio-geral das Na\u00e7\u00f5es Unidas para os Assuntos Humanit\u00e1rios, Mark Lowcock, informou esta quarta-feira ao Conselho de Seguran\u00e7a que a situa\u00e7\u00e3o na S\u00edria est\u00e1 se agravando.<\/p>\n<p>Desde a escalada da viol\u00eancia, em abril, pelo menos1,5 mil civis foram mortos. Mais da metade das v\u00edtimas eram mulheres e crian\u00e7as.<\/p>\n<p><img loading=\"lazy\" decoding=\"async\" class=\"alignnone wp-image-1023934\" src=\"https:\/\/www.pressenza.com\/wp-content\/uploads\/2020\/01\/image560x340cropped-2-300x182.jpg\" alt=\"\" width=\"725\" height=\"440\" srcset=\"https:\/\/www.pressenza.com\/wp-content\/uploads\/2020\/01\/image560x340cropped-2-300x182.jpg 300w, https:\/\/www.pressenza.com\/wp-content\/uploads\/2020\/01\/image560x340cropped-2.jpg 560w\" sizes=\"auto, (max-width: 725px) 100vw, 725px\" \/><\/p>\n<h6>Segundo Lowcock, os s\u00edrios \u201cest\u00e3o traumatizados e se sentem totalmente abandonados pelo mundo.\u201d\u00a0 Foto:\u00a0Ocha\/Ghalia Seifo<\/h6>\n<h4><strong>Viol\u00eancia<\/strong><\/h4>\n<p>Apenas na \u00faltima semana, entre 15 e 23 de janeiro, foram registradas as mortes de 81 moradores durante ataques a\u00e9reos e terrestres.<\/p>\n<p>Lowcock disse que a situa\u00e7\u00e3o no noroeste do pa\u00eds \u00e9 \u201cdeplor\u00e1vel.\u201d<\/p>\n<p>Na \u00e1rea de Idlib, a viol\u00eancia aumentou nos \u00faltimos dias. Na cidade de Alepo, grupos armados continuam invadindo a cidade, matando ou ferindo dezenas de civis.<\/p>\n<p>A maioria das pessoas afetadas est\u00e1 se mudando do sul de Idlib para \u00e1reas n\u00e3o controladas pelo governo. A ONU estima que pelo menos 20 mil pessoas fugiram de suas casas nos \u00faltimos dois dias. Cerca de 115 mil na semana passada e quase 390 mil nos \u00faltimos dois meses.<\/p>\n<p>Para muitas fam\u00edlias, est\u00e1 \u00e9 apenas mais uma mudan\u00e7a, desde que o conflito come\u00e7ou h\u00e1 nove anos. Lowcock disse que elas \u201cchegam em um lugar considerado seguro, e s\u00e3o for\u00e7adas a fugir quando surgem novos bombardeios.\u201d<\/p>\n<p>Para ele, \u201c\u00e9 necess\u00e1rio que todas as partes concordem com o fim imediato dos combates em Idlib e ao seu redor.\u201d<\/p>\n<h4><strong>Ajuda<\/strong><\/h4>\n<p>Ao mesmo tempo, as ag\u00eancias da ONU e seus parceiros prestam assist\u00eancia alimentar a mais de 1,4 milh\u00e3o de civis e cuidados de sa\u00fade a quase 200 mil pessoas.<\/p>\n<p>Lowcock diz que esse trabalho apenas \u00e9 poss\u00edvel devido a opera\u00e7\u00f5es entre fronteiras, que foram autorizadas no in\u00edcio do m\u00eas pelo Conselho de Seguran\u00e7a.<\/p>\n<p>Para ele, \u201cessa continua sendo a \u00fanica maneira de ajudar os 2,8 milh\u00f5es de pessoas necessitadas no noroeste da S\u00edria.\u201d<\/p>\n<p>O subsecret\u00e1rio-geral afirmou que essas opera\u00e7\u00f5es \u201cevitaram uma cat\u00e1strofe humanit\u00e1ria\u201d, mas adiantou que \u201cos civis ainda sofrem terrivelmente.\u201d<\/p>\n<p><img loading=\"lazy\" decoding=\"async\" class=\"alignnone wp-image-1023946\" src=\"https:\/\/www.pressenza.com\/wp-content\/uploads\/2020\/01\/image1170x530cropped-1-2-300x136.jpg\" alt=\"\" width=\"726\" height=\"329\" srcset=\"https:\/\/www.pressenza.com\/wp-content\/uploads\/2020\/01\/image1170x530cropped-1-2-300x136.jpg 300w, https:\/\/www.pressenza.com\/wp-content\/uploads\/2020\/01\/image1170x530cropped-1-2-768x348.jpg 768w, https:\/\/www.pressenza.com\/wp-content\/uploads\/2020\/01\/image1170x530cropped-1-2-720x326.jpg 720w, https:\/\/www.pressenza.com\/wp-content\/uploads\/2020\/01\/image1170x530cropped-1-2.jpg 1170w\" sizes=\"auto, (max-width: 726px) 100vw, 726px\" \/><\/p>\n<h6 class=\"field-name-field-scald-photo-credit field field-name-scald-authors field-type-taxonomy-term-reference field-label-hidden\"><span class=\"un-news-full-width scald-credit\">Unicef\/UN039551\/Soulaiman &#8211;\u00a0<\/span><span class=\"un-news-full-width scald-caption\">Desde a escalada da viol\u00eancia, em abril, pelo menos1,5 mil civis foram mortos. Mais da metade das v\u00edtimas eram mulheres e crian\u00e7as.<\/span><\/h6>\n<h4><strong>Carnificina<\/strong><\/h4>\n<p>As ag\u00eancias humanit\u00e1rias est\u00e3o sem capacidade para responder ao n\u00edvel das necessidades e isso tem criado \u201ctens\u00f5es crescentes por causa da resposta humanit\u00e1ria inadequada.\u201d<\/p>\n<p>Segundo Lowcock, os s\u00edrios \u201cest\u00e3o traumatizados e se sentem totalmente abandonados pelo mundo.\u201d Ele disse que \u201celes n\u00e3o entendem por que este Conselho \u00e9 incapaz de parar a carnificina de uma popula\u00e7\u00e3o civil presa em uma zona de guerra.\u201d<\/p>\n<p>Ele contou que a situa\u00e7\u00e3o no nordeste da S\u00edria continua dif\u00edcil. Cerca de 70 mil pessoas est\u00e3o deslocadas e mais de 90 mil est\u00e3o vivendo em acampamentos.<\/p>\n<p>No total, 1,8 milh\u00e3o de pessoas precisam de assist\u00eancia humanit\u00e1ria ali.<\/p>\n<h4><strong>Passagem<\/strong><\/h4>\n<p>Lowcock afirmou, no entanto, que o encerramento de uma passagem fronteiri\u00e7a em Al Yarubiyah pode ser um problema. Segundo a Organiza\u00e7\u00e3o Mundial da Sa\u00fade, OMS, a decis\u00e3o est\u00e1 reduzindo os servi\u00e7os e materiais m\u00e9dicos dispon\u00edveis.<\/p>\n<p>Neste momento, cerca de 400 mil suprimentos est\u00e3o presos no Iraque, sem possibilidade de atravessar a fronteira. O secret\u00e1rio-geral j\u00e1 pediu que os Estados-membros do Conselho de Seguran\u00e7a cheguem a um acordo para resolver a situa\u00e7\u00e3o.<\/p>\n<p>Mark Lowcock contou que nos \u00faltimos meses, o pre\u00e7o dos alimentos disparou. O pre\u00e7o do p\u00e3o, por exemplo, aumentou mais de 50% em algumas \u00e1reas. Nesse momento, o Programa Mundial de Alimenta\u00e7\u00e3o, PMA, apoia 4,5 milh\u00f5es de pessoas mensalmente.<\/p>\n<p>Lowcock disse que \u201cqualquer deteriora\u00e7\u00e3o adicional da economia deixar\u00e1 ainda mais pessoas vulner\u00e1veis.\u201d Segundo ele, \u201cse a viol\u00eancia n\u00e3o parar, acontecer\u00e1 uma cat\u00e1strofe humanit\u00e1ria ainda maior.\u201d<\/p>\n<p>&nbsp;<\/p>\n<\/div>\n<\/div>\n<\/div>\n<\/div>\n<\/div>\n<\/div>\n<\/div>\n<\/div>\n<\/div>\n","protected":false},"excerpt":{"rendered":"<p>Segundo Mark Lowcock, mais de 1,5 mil civis foram mortos desde o in\u00edcio da escalada da viol\u00eancia em abril passado; mais da metade das v\u00edtimas eram mulheres e crian\u00e7as; subsecret\u00e1rio-geral disse que s\u00edrios \u201cse sentem totalmente abandonados pelo mundo O&hellip;<\/p>\n","protected":false},"author":933,"featured_media":1023924,"comment_status":"closed","ping_status":"closed","sticky":false,"template":"","format":"standard","meta":{"footnotes":""},"categories":[116,108,1257],"tags":[70229,26058,70228,70227,2623,5191],"class_list":["post-1023923","post","type-post","status-publish","format-standard","has-post-thumbnail","hentry","category-direitos-humanos","category-oriente-medio","category-paz-desarmamento","tag-alepo-pt-pt","tag-conselho-de-seguranca","tag-mark-lowcock","tag-mulheres-e-criancas","tag-onu-pt-pt","tag-siria-pt-pt"],"yoast_head":"<!-- This site is optimized with the Yoast SEO plugin v27.1.1 - https:\/\/yoast.com\/product\/yoast-seo-wordpress\/ -->\n<title>No Conselho de Seguran\u00e7a, chefe humanit\u00e1rio faz novo alerta sobre crise na S\u00edria<\/title>\n<meta name=\"description\" content=\"Segundo Mark Lowcock, mais de 1,5 mil civis foram mortos desde o in\u00edcio da escalada da viol\u00eancia em abril passado; mais da metade das v\u00edtimas eram\" \/>\n<meta name=\"robots\" content=\"index, follow, max-snippet:-1, max-image-preview:large, max-video-preview:-1\" \/>\n<link rel=\"canonical\" href=\"https:\/\/www.pressenza.com\/pt-pt\/2020\/01\/no-conselho-de-seguranca-chefe-humanitario-faz-novo-alerta-sobre-crise-na-siria\/\" \/>\n<meta property=\"og:locale\" content=\"pt_PT\" \/>\n<meta property=\"og:type\" content=\"article\" \/>\n<meta property=\"og:title\" content=\"No Conselho de Seguran\u00e7a, chefe humanit\u00e1rio faz novo alerta sobre crise na S\u00edria\" \/>\n<meta property=\"og:description\" content=\"Segundo Mark Lowcock, mais de 1,5 mil civis foram mortos desde o in\u00edcio da escalada da viol\u00eancia em abril passado; mais da metade das v\u00edtimas eram\" \/>\n<meta property=\"og:url\" content=\"https:\/\/www.pressenza.com\/pt-pt\/2020\/01\/no-conselho-de-seguranca-chefe-humanitario-faz-novo-alerta-sobre-crise-na-siria\/\" \/>\n<meta property=\"og:site_name\" content=\"Pressenza\" \/>\n<meta property=\"article:publisher\" content=\"https:\/\/www.facebook.com\/PressenzaItalia\" \/>\n<meta property=\"article:author\" content=\"https:\/\/www.facebook.com\/UN.News.Centre\" \/>\n<meta property=\"article:published_time\" content=\"2020-01-29T19:05:17+00:00\" \/>\n<meta property=\"og:image\" content=\"https:\/\/www.pressenza.com\/wp-content\/uploads\/2020\/01\/image1170x530cropped.jpg\" \/>\n\t<meta property=\"og:image:width\" content=\"1178\" \/>\n\t<meta property=\"og:image:height\" content=\"530\" \/>\n\t<meta property=\"og:image:type\" content=\"image\/jpeg\" \/>\n<meta name=\"author\" content=\"UN News Centre\" \/>\n<meta name=\"twitter:card\" content=\"summary_large_image\" \/>\n<meta name=\"twitter:creator\" content=\"@UN_News_Centre\" \/>\n<meta name=\"twitter:site\" content=\"@PressenzaIPA\" \/>\n<meta name=\"twitter:label1\" content=\"Escrito por\" \/>\n\t<meta name=\"twitter:data1\" content=\"UN News Centre\" \/>\n\t<meta name=\"twitter:label2\" content=\"Tempo estimado de leitura\" \/>\n\t<meta name=\"twitter:data2\" content=\"3 minutos\" \/>\n<script type=\"application\/ld+json\" class=\"yoast-schema-graph\">{\"@context\":\"https:\/\/schema.org\",\"@graph\":[{\"@type\":\"Article\",\"@id\":\"https:\/\/www.pressenza.com\/pt-pt\/2020\/01\/no-conselho-de-seguranca-chefe-humanitario-faz-novo-alerta-sobre-crise-na-siria\/#article\",\"isPartOf\":{\"@id\":\"https:\/\/www.pressenza.com\/pt-pt\/2020\/01\/no-conselho-de-seguranca-chefe-humanitario-faz-novo-alerta-sobre-crise-na-siria\/\"},\"author\":{\"name\":\"UN News Centre\",\"@id\":\"https:\/\/www.pressenza.com\/pt-pt\/#\/schema\/person\/868696f3a70d4f8ef7caec14cc979248\"},\"headline\":\"No Conselho de Seguran\u00e7a, chefe humanit\u00e1rio faz novo alerta sobre crise na S\u00edria\",\"datePublished\":\"2020-01-29T19:05:17+00:00\",\"mainEntityOfPage\":{\"@id\":\"https:\/\/www.pressenza.com\/pt-pt\/2020\/01\/no-conselho-de-seguranca-chefe-humanitario-faz-novo-alerta-sobre-crise-na-siria\/\"},\"wordCount\":712,\"publisher\":{\"@id\":\"https:\/\/www.pressenza.com\/pt-pt\/#organization\"},\"image\":{\"@id\":\"https:\/\/www.pressenza.com\/pt-pt\/2020\/01\/no-conselho-de-seguranca-chefe-humanitario-faz-novo-alerta-sobre-crise-na-siria\/#primaryimage\"},\"thumbnailUrl\":\"https:\/\/www.pressenza.com\/wp-content\/uploads\/2020\/01\/image1170x530cropped.jpg\",\"keywords\":[\"Alepo\",\"Conselho de Seguran\u00e7a\",\"Mark Lowcock\",\"mulheres e crian\u00e7as\",\"ONU\",\"Siria\"],\"articleSection\":[\"Direitos Humanos\",\"Oriente M\u00e9dio\",\"Paz e Desarmamento\"],\"inLanguage\":\"pt-PT\"},{\"@type\":\"WebPage\",\"@id\":\"https:\/\/www.pressenza.com\/pt-pt\/2020\/01\/no-conselho-de-seguranca-chefe-humanitario-faz-novo-alerta-sobre-crise-na-siria\/\",\"url\":\"https:\/\/www.pressenza.com\/pt-pt\/2020\/01\/no-conselho-de-seguranca-chefe-humanitario-faz-novo-alerta-sobre-crise-na-siria\/\",\"name\":\"No Conselho de Seguran\u00e7a, chefe humanit\u00e1rio faz novo alerta sobre crise na S\u00edria\",\"isPartOf\":{\"@id\":\"https:\/\/www.pressenza.com\/pt-pt\/#website\"},\"primaryImageOfPage\":{\"@id\":\"https:\/\/www.pressenza.com\/pt-pt\/2020\/01\/no-conselho-de-seguranca-chefe-humanitario-faz-novo-alerta-sobre-crise-na-siria\/#primaryimage\"},\"image\":{\"@id\":\"https:\/\/www.pressenza.com\/pt-pt\/2020\/01\/no-conselho-de-seguranca-chefe-humanitario-faz-novo-alerta-sobre-crise-na-siria\/#primaryimage\"},\"thumbnailUrl\":\"https:\/\/www.pressenza.com\/wp-content\/uploads\/2020\/01\/image1170x530cropped.jpg\",\"datePublished\":\"2020-01-29T19:05:17+00:00\",\"description\":\"Segundo Mark Lowcock, mais de 1,5 mil civis foram mortos desde o in\u00edcio da escalada da viol\u00eancia em abril passado; mais da metade das v\u00edtimas eram\",\"breadcrumb\":{\"@id\":\"https:\/\/www.pressenza.com\/pt-pt\/2020\/01\/no-conselho-de-seguranca-chefe-humanitario-faz-novo-alerta-sobre-crise-na-siria\/#breadcrumb\"},\"inLanguage\":\"pt-PT\",\"potentialAction\":[{\"@type\":\"ReadAction\",\"target\":[\"https:\/\/www.pressenza.com\/pt-pt\/2020\/01\/no-conselho-de-seguranca-chefe-humanitario-faz-novo-alerta-sobre-crise-na-siria\/\"]}]},{\"@type\":\"ImageObject\",\"inLanguage\":\"pt-PT\",\"@id\":\"https:\/\/www.pressenza.com\/pt-pt\/2020\/01\/no-conselho-de-seguranca-chefe-humanitario-faz-novo-alerta-sobre-crise-na-siria\/#primaryimage\",\"url\":\"https:\/\/www.pressenza.com\/wp-content\/uploads\/2020\/01\/image1170x530cropped.jpg\",\"contentUrl\":\"https:\/\/www.pressenza.com\/wp-content\/uploads\/2020\/01\/image1170x530cropped.jpg\",\"width\":1178,\"height\":530},{\"@type\":\"BreadcrumbList\",\"@id\":\"https:\/\/www.pressenza.com\/pt-pt\/2020\/01\/no-conselho-de-seguranca-chefe-humanitario-faz-novo-alerta-sobre-crise-na-siria\/#breadcrumb\",\"itemListElement\":[{\"@type\":\"ListItem\",\"position\":1,\"name\":\"Accueil\",\"item\":\"https:\/\/www.pressenza.com\/pt-pt\/\"},{\"@type\":\"ListItem\",\"position\":2,\"name\":\"No Conselho de Seguran\u00e7a, chefe humanit\u00e1rio faz novo alerta sobre crise na S\u00edria\"}]},{\"@type\":\"WebSite\",\"@id\":\"https:\/\/www.pressenza.com\/pt-pt\/#website\",\"url\":\"https:\/\/www.pressenza.com\/pt-pt\/\",\"name\":\"Pressenza\",\"description\":\"International Press Agency\",\"publisher\":{\"@id\":\"https:\/\/www.pressenza.com\/pt-pt\/#organization\"},\"potentialAction\":[{\"@type\":\"SearchAction\",\"target\":{\"@type\":\"EntryPoint\",\"urlTemplate\":\"https:\/\/www.pressenza.com\/pt-pt\/?s={search_term_string}\"},\"query-input\":{\"@type\":\"PropertyValueSpecification\",\"valueRequired\":true,\"valueName\":\"search_term_string\"}}],\"inLanguage\":\"pt-PT\"},{\"@type\":\"Organization\",\"@id\":\"https:\/\/www.pressenza.com\/pt-pt\/#organization\",\"name\":\"Pressenza\",\"url\":\"https:\/\/www.pressenza.com\/pt-pt\/\",\"logo\":{\"@type\":\"ImageObject\",\"inLanguage\":\"pt-PT\",\"@id\":\"https:\/\/www.pressenza.com\/pt-pt\/#\/schema\/logo\/image\/\",\"url\":\"https:\/\/www.pressenza.com\/wp-content\/uploads\/2022\/10\/pressenza_logo_200x200.jpg\",\"contentUrl\":\"https:\/\/www.pressenza.com\/wp-content\/uploads\/2022\/10\/pressenza_logo_200x200.jpg\",\"width\":200,\"height\":200,\"caption\":\"Pressenza\"},\"image\":{\"@id\":\"https:\/\/www.pressenza.com\/pt-pt\/#\/schema\/logo\/image\/\"},\"sameAs\":[\"https:\/\/www.facebook.com\/PressenzaItalia\",\"https:\/\/x.com\/PressenzaIPA\"]},{\"@type\":\"Person\",\"@id\":\"https:\/\/www.pressenza.com\/pt-pt\/#\/schema\/person\/868696f3a70d4f8ef7caec14cc979248\",\"name\":\"UN News Centre\",\"description\":\"News from the UN News Service www.un.org\/News\/\",\"sameAs\":[\"http:\/\/www.un.org\/News\/\",\"https:\/\/www.facebook.com\/UN.News.Centre\",\"https:\/\/x.com\/UN_News_Centre\"],\"url\":\"https:\/\/www.pressenza.com\/pt-pt\/author\/unnewscentre\/\"}]}<\/script>\n<!-- \/ Yoast SEO plugin. -->","yoast_head_json":{"title":"No Conselho de Seguran\u00e7a, chefe humanit\u00e1rio faz novo alerta sobre crise na S\u00edria","description":"Segundo Mark Lowcock, mais de 1,5 mil civis foram mortos desde o in\u00edcio da escalada da viol\u00eancia em abril passado; mais da metade das v\u00edtimas eram","robots":{"index":"index","follow":"follow","max-snippet":"max-snippet:-1","max-image-preview":"max-image-preview:large","max-video-preview":"max-video-preview:-1"},"canonical":"https:\/\/www.pressenza.com\/pt-pt\/2020\/01\/no-conselho-de-seguranca-chefe-humanitario-faz-novo-alerta-sobre-crise-na-siria\/","og_locale":"pt_PT","og_type":"article","og_title":"No Conselho de Seguran\u00e7a, chefe humanit\u00e1rio faz novo alerta sobre crise na S\u00edria","og_description":"Segundo Mark Lowcock, mais de 1,5 mil civis foram mortos desde o in\u00edcio da escalada da viol\u00eancia em abril passado; mais da metade das v\u00edtimas eram","og_url":"https:\/\/www.pressenza.com\/pt-pt\/2020\/01\/no-conselho-de-seguranca-chefe-humanitario-faz-novo-alerta-sobre-crise-na-siria\/","og_site_name":"Pressenza","article_publisher":"https:\/\/www.facebook.com\/PressenzaItalia","article_author":"https:\/\/www.facebook.com\/UN.News.Centre","article_published_time":"2020-01-29T19:05:17+00:00","og_image":[{"width":1178,"height":530,"url":"https:\/\/www.pressenza.com\/wp-content\/uploads\/2020\/01\/image1170x530cropped.jpg","type":"image\/jpeg"}],"author":"UN News Centre","twitter_card":"summary_large_image","twitter_creator":"@UN_News_Centre","twitter_site":"@PressenzaIPA","twitter_misc":{"Escrito por":"UN News Centre","Tempo estimado de leitura":"3 minutos"},"schema":{"@context":"https:\/\/schema.org","@graph":[{"@type":"Article","@id":"https:\/\/www.pressenza.com\/pt-pt\/2020\/01\/no-conselho-de-seguranca-chefe-humanitario-faz-novo-alerta-sobre-crise-na-siria\/#article","isPartOf":{"@id":"https:\/\/www.pressenza.com\/pt-pt\/2020\/01\/no-conselho-de-seguranca-chefe-humanitario-faz-novo-alerta-sobre-crise-na-siria\/"},"author":{"name":"UN News Centre","@id":"https:\/\/www.pressenza.com\/pt-pt\/#\/schema\/person\/868696f3a70d4f8ef7caec14cc979248"},"headline":"No Conselho de Seguran\u00e7a, chefe humanit\u00e1rio faz novo alerta sobre crise na S\u00edria","datePublished":"2020-01-29T19:05:17+00:00","mainEntityOfPage":{"@id":"https:\/\/www.pressenza.com\/pt-pt\/2020\/01\/no-conselho-de-seguranca-chefe-humanitario-faz-novo-alerta-sobre-crise-na-siria\/"},"wordCount":712,"publisher":{"@id":"https:\/\/www.pressenza.com\/pt-pt\/#organization"},"image":{"@id":"https:\/\/www.pressenza.com\/pt-pt\/2020\/01\/no-conselho-de-seguranca-chefe-humanitario-faz-novo-alerta-sobre-crise-na-siria\/#primaryimage"},"thumbnailUrl":"https:\/\/www.pressenza.com\/wp-content\/uploads\/2020\/01\/image1170x530cropped.jpg","keywords":["Alepo","Conselho de Seguran\u00e7a","Mark Lowcock","mulheres e crian\u00e7as","ONU","Siria"],"articleSection":["Direitos Humanos","Oriente M\u00e9dio","Paz e Desarmamento"],"inLanguage":"pt-PT"},{"@type":"WebPage","@id":"https:\/\/www.pressenza.com\/pt-pt\/2020\/01\/no-conselho-de-seguranca-chefe-humanitario-faz-novo-alerta-sobre-crise-na-siria\/","url":"https:\/\/www.pressenza.com\/pt-pt\/2020\/01\/no-conselho-de-seguranca-chefe-humanitario-faz-novo-alerta-sobre-crise-na-siria\/","name":"No Conselho de Seguran\u00e7a, chefe humanit\u00e1rio faz novo alerta sobre crise na S\u00edria","isPartOf":{"@id":"https:\/\/www.pressenza.com\/pt-pt\/#website"},"primaryImageOfPage":{"@id":"https:\/\/www.pressenza.com\/pt-pt\/2020\/01\/no-conselho-de-seguranca-chefe-humanitario-faz-novo-alerta-sobre-crise-na-siria\/#primaryimage"},"image":{"@id":"https:\/\/www.pressenza.com\/pt-pt\/2020\/01\/no-conselho-de-seguranca-chefe-humanitario-faz-novo-alerta-sobre-crise-na-siria\/#primaryimage"},"thumbnailUrl":"https:\/\/www.pressenza.com\/wp-content\/uploads\/2020\/01\/image1170x530cropped.jpg","datePublished":"2020-01-29T19:05:17+00:00","description":"Segundo Mark Lowcock, mais de 1,5 mil civis foram mortos desde o in\u00edcio da escalada da viol\u00eancia em abril passado; mais da metade das v\u00edtimas eram","breadcrumb":{"@id":"https:\/\/www.pressenza.com\/pt-pt\/2020\/01\/no-conselho-de-seguranca-chefe-humanitario-faz-novo-alerta-sobre-crise-na-siria\/#breadcrumb"},"inLanguage":"pt-PT","potentialAction":[{"@type":"ReadAction","target":["https:\/\/www.pressenza.com\/pt-pt\/2020\/01\/no-conselho-de-seguranca-chefe-humanitario-faz-novo-alerta-sobre-crise-na-siria\/"]}]},{"@type":"ImageObject","inLanguage":"pt-PT","@id":"https:\/\/www.pressenza.com\/pt-pt\/2020\/01\/no-conselho-de-seguranca-chefe-humanitario-faz-novo-alerta-sobre-crise-na-siria\/#primaryimage","url":"https:\/\/www.pressenza.com\/wp-content\/uploads\/2020\/01\/image1170x530cropped.jpg","contentUrl":"https:\/\/www.pressenza.com\/wp-content\/uploads\/2020\/01\/image1170x530cropped.jpg","width":1178,"height":530},{"@type":"BreadcrumbList","@id":"https:\/\/www.pressenza.com\/pt-pt\/2020\/01\/no-conselho-de-seguranca-chefe-humanitario-faz-novo-alerta-sobre-crise-na-siria\/#breadcrumb","itemListElement":[{"@type":"ListItem","position":1,"name":"Accueil","item":"https:\/\/www.pressenza.com\/pt-pt\/"},{"@type":"ListItem","position":2,"name":"No Conselho de Seguran\u00e7a, chefe humanit\u00e1rio faz novo alerta sobre crise na S\u00edria"}]},{"@type":"WebSite","@id":"https:\/\/www.pressenza.com\/pt-pt\/#website","url":"https:\/\/www.pressenza.com\/pt-pt\/","name":"Pressenza","description":"International Press Agency","publisher":{"@id":"https:\/\/www.pressenza.com\/pt-pt\/#organization"},"potentialAction":[{"@type":"SearchAction","target":{"@type":"EntryPoint","urlTemplate":"https:\/\/www.pressenza.com\/pt-pt\/?s={search_term_string}"},"query-input":{"@type":"PropertyValueSpecification","valueRequired":true,"valueName":"search_term_string"}}],"inLanguage":"pt-PT"},{"@type":"Organization","@id":"https:\/\/www.pressenza.com\/pt-pt\/#organization","name":"Pressenza","url":"https:\/\/www.pressenza.com\/pt-pt\/","logo":{"@type":"ImageObject","inLanguage":"pt-PT","@id":"https:\/\/www.pressenza.com\/pt-pt\/#\/schema\/logo\/image\/","url":"https:\/\/www.pressenza.com\/wp-content\/uploads\/2022\/10\/pressenza_logo_200x200.jpg","contentUrl":"https:\/\/www.pressenza.com\/wp-content\/uploads\/2022\/10\/pressenza_logo_200x200.jpg","width":200,"height":200,"caption":"Pressenza"},"image":{"@id":"https:\/\/www.pressenza.com\/pt-pt\/#\/schema\/logo\/image\/"},"sameAs":["https:\/\/www.facebook.com\/PressenzaItalia","https:\/\/x.com\/PressenzaIPA"]},{"@type":"Person","@id":"https:\/\/www.pressenza.com\/pt-pt\/#\/schema\/person\/868696f3a70d4f8ef7caec14cc979248","name":"UN News Centre","description":"News from the UN News Service www.un.org\/News\/","sameAs":["http:\/\/www.un.org\/News\/","https:\/\/www.facebook.com\/UN.News.Centre","https:\/\/x.com\/UN_News_Centre"],"url":"https:\/\/www.pressenza.com\/pt-pt\/author\/unnewscentre\/"}]}},"place":"","original_article_url":"https:\/\/news.un.org\/pt\/story\/2020\/01\/1702302","_links":{"self":[{"href":"https:\/\/www.pressenza.com\/pt-pt\/wp-json\/wp\/v2\/posts\/1023923","targetHints":{"allow":["GET"]}}],"collection":[{"href":"https:\/\/www.pressenza.com\/pt-pt\/wp-json\/wp\/v2\/posts"}],"about":[{"href":"https:\/\/www.pressenza.com\/pt-pt\/wp-json\/wp\/v2\/types\/post"}],"author":[{"embeddable":true,"href":"https:\/\/www.pressenza.com\/pt-pt\/wp-json\/wp\/v2\/users\/933"}],"replies":[{"embeddable":true,"href":"https:\/\/www.pressenza.com\/pt-pt\/wp-json\/wp\/v2\/comments?post=1023923"}],"version-history":[{"count":0,"href":"https:\/\/www.pressenza.com\/pt-pt\/wp-json\/wp\/v2\/posts\/1023923\/revisions"}],"wp:featuredmedia":[{"embeddable":true,"href":"https:\/\/www.pressenza.com\/pt-pt\/wp-json\/wp\/v2\/media\/1023924"}],"wp:attachment":[{"href":"https:\/\/www.pressenza.com\/pt-pt\/wp-json\/wp\/v2\/media?parent=1023923"}],"wp:term":[{"taxonomy":"category","embeddable":true,"href":"https:\/\/www.pressenza.com\/pt-pt\/wp-json\/wp\/v2\/categories?post=1023923"},{"taxonomy":"post_tag","embeddable":true,"href":"https:\/\/www.pressenza.com\/pt-pt\/wp-json\/wp\/v2\/tags?post=1023923"}],"curies":[{"name":"wp","href":"https:\/\/api.w.org\/{rel}","templated":true}]}}