{"id":1022252,"date":"2020-01-27T07:43:33","date_gmt":"2020-01-27T07:43:33","guid":{"rendered":"https:\/\/www.pressenza.com\/?p=1022252"},"modified":"2020-01-27T07:43:33","modified_gmt":"2020-01-27T07:43:33","slug":"escritores-e-artistas-em-cuba-avaliam-realizacoes-de-sua-organizacao","status":"publish","type":"post","link":"https:\/\/www.pressenza.com\/pt-pt\/2020\/01\/escritores-e-artistas-em-cuba-avaliam-realizacoes-de-sua-organizacao\/","title":{"rendered":"Escritores e artistas em Cuba avaliam realiza\u00e7\u00f5es de sua organiza\u00e7\u00e3o"},"content":{"rendered":"<p>Com o objetivo de avaliar o trabalho da Uni\u00e3o de Escritores e Artistas de Cuba (Uneac) nos \u00faltimos seis meses, o Conselho Nacional da organiza\u00e7\u00e3o se re\u00fane hoje nesta capital.<\/p>\n<p>O encontro, que prop\u00f5e uma vis\u00e3o interna das associa\u00e7\u00f5es que comp\u00f5em a Uneac, al\u00e9m dos mais de 500 acordos e abordagens derivados do IX Congresso, realizado em junho do ano passado, acontece no Centro de Conven\u00e7\u00f5es da cidade.<\/p>\n<p>Um dos eixos essenciais desta reuni\u00e3o de trabalho gira em torno do papel da organiza\u00e7\u00e3o na implementa\u00e7\u00e3o dos princ\u00edpios da pol\u00edtica cultural, levando em considera\u00e7\u00e3o sua contribui\u00e7\u00e3o ativa para o processo de aperfei\u00e7oamento do minist\u00e9rio e de suas institui\u00e7\u00f5es.<\/p>\n<p>Entre as principais contribui\u00e7\u00f5es desse per\u00edodo, destacam-se o apoio \u00e0 lei de cria\u00e7\u00e3o audiovisual, debates frut\u00edferos sobre a pol\u00edtica de modifica\u00e7\u00e3o da Lei de Direitos Autorais, bem como sua presen\u00e7a no Grupo Governamental do Programa Nacional contra o Racismo e a discrimina\u00e7\u00e3o.<\/p>\n<p>Ap\u00f3s di\u00e1logos divergentes entre executivos das associa\u00e7\u00f5es, com presidentes e executivos das institui\u00e7\u00f5es vinculadas ao Minist\u00e9rio da Cultura, o Instituto Cubano de R\u00e1dio e Televis\u00e3o e o Instituto Cubano de Arte e Ind\u00fastria Cinematogr\u00e1fica, um sistema de trabalho que envolve \u00f3rg\u00e3os governamentais nos n\u00edveis nacional, territorial e associativo.<\/p>\n<p>Temas como a programa\u00e7\u00e3o de espa\u00e7os culturais, a realiza\u00e7\u00e3o de eventos e festivais, bem como a atualiza\u00e7\u00e3o dos regulamentos, destacam-se entre os pontos a serem discutidos durante o dia, a fim de alcan\u00e7ar um impacto sociocultural baseado na excel\u00eancia, racionalidade e valores art\u00edsticos.<\/p>\n<p>Ap\u00f3s o trabalho das cinco comiss\u00f5es, os representantes das entidades culturais trocar\u00e3o em sess\u00e3o plen\u00e1ria, presidida pelo chefe da Uneac, Luis Morlote, sobre o funcionamento da organiza\u00e7\u00e3o e as comiss\u00f5es permanentes, os estatutos e proje\u00e7\u00f5es ser\u00e3o apresentados para A pr\u00f3xima etapa.<\/p>\n","protected":false},"excerpt":{"rendered":"<p>Com o objetivo de avaliar o trabalho da Uni\u00e3o de Escritores e Artistas de Cuba (Uneac) nos \u00faltimos seis meses, o Conselho Nacional da organiza\u00e7\u00e3o se re\u00fane hoje nesta capital. O encontro, que prop\u00f5e uma vis\u00e3o interna das associa\u00e7\u00f5es que&hellip;<\/p>\n","protected":false},"author":90,"featured_media":1022253,"comment_status":"closed","ping_status":"closed","sticky":false,"template":"","format":"standard","meta":{"footnotes":""},"categories":[106,112],"tags":[6765,70073,70074],"class_list":["post-1022252","post","type-post","status-publish","format-standard","has-post-thumbnail","hentry","category-america-central-pt-pt","category-cultura-pt-pt","tag-cuba-pt-pt","tag-politica-cultural","tag-uneac-pt-pt"],"yoast_head":"<!-- This site is optimized with the Yoast SEO plugin v27.1.1 - https:\/\/yoast.com\/product\/yoast-seo-wordpress\/ -->\n<title>Escritores e artistas em Cuba avaliam realiza\u00e7\u00f5es de sua organiza\u00e7\u00e3o<\/title>\n<meta name=\"description\" content=\"Com o objetivo de avaliar o trabalho da Uni\u00e3o de Escritores e Artistas de Cuba (Uneac) nos \u00faltimos seis meses, o Conselho Nacional da organiza\u00e7\u00e3o se re\u00fane\" \/>\n<meta name=\"robots\" content=\"index, follow, max-snippet:-1, max-image-preview:large, max-video-preview:-1\" \/>\n<link rel=\"canonical\" href=\"https:\/\/www.pressenza.com\/pt-pt\/2020\/01\/escritores-e-artistas-em-cuba-avaliam-realizacoes-de-sua-organizacao\/\" \/>\n<meta property=\"og:locale\" content=\"pt_PT\" \/>\n<meta property=\"og:type\" content=\"article\" \/>\n<meta property=\"og:title\" content=\"Escritores e artistas em Cuba avaliam realiza\u00e7\u00f5es de sua organiza\u00e7\u00e3o\" \/>\n<meta property=\"og:description\" content=\"Com o objetivo de avaliar o trabalho da Uni\u00e3o de Escritores e Artistas de Cuba (Uneac) nos \u00faltimos seis meses, o Conselho Nacional da organiza\u00e7\u00e3o se re\u00fane\" \/>\n<meta property=\"og:url\" content=\"https:\/\/www.pressenza.com\/pt-pt\/2020\/01\/escritores-e-artistas-em-cuba-avaliam-realizacoes-de-sua-organizacao\/\" \/>\n<meta property=\"og:site_name\" content=\"Pressenza\" \/>\n<meta property=\"article:publisher\" content=\"https:\/\/www.facebook.com\/PressenzaItalia\" \/>\n<meta property=\"article:author\" content=\"https:\/\/www.facebook.com\/AgenciaPrensaLatina\" \/>\n<meta property=\"article:published_time\" content=\"2020-01-27T07:43:33+00:00\" \/>\n<meta property=\"og:image\" content=\"https:\/\/www.pressenza.com\/wp-content\/uploads\/2020\/01\/uneac1.jpg\" \/>\n\t<meta property=\"og:image:width\" content=\"748\" \/>\n\t<meta property=\"og:image:height\" content=\"498\" \/>\n\t<meta property=\"og:image:type\" content=\"image\/jpeg\" \/>\n<meta name=\"author\" content=\"Prensa Latina\" \/>\n<meta name=\"twitter:card\" content=\"summary_large_image\" \/>\n<meta name=\"twitter:creator\" content=\"@prensalatina_cu\" \/>\n<meta name=\"twitter:site\" content=\"@PressenzaIPA\" \/>\n<meta name=\"twitter:label1\" content=\"Escrito por\" \/>\n\t<meta name=\"twitter:data1\" content=\"Prensa Latina\" \/>\n\t<meta name=\"twitter:label2\" content=\"Tempo estimado de leitura\" \/>\n\t<meta name=\"twitter:data2\" content=\"2 minutos\" \/>\n<script type=\"application\/ld+json\" class=\"yoast-schema-graph\">{\"@context\":\"https:\/\/schema.org\",\"@graph\":[{\"@type\":\"Article\",\"@id\":\"https:\/\/www.pressenza.com\/pt-pt\/2020\/01\/escritores-e-artistas-em-cuba-avaliam-realizacoes-de-sua-organizacao\/#article\",\"isPartOf\":{\"@id\":\"https:\/\/www.pressenza.com\/pt-pt\/2020\/01\/escritores-e-artistas-em-cuba-avaliam-realizacoes-de-sua-organizacao\/\"},\"author\":{\"name\":\"Prensa Latina\",\"@id\":\"https:\/\/www.pressenza.com\/pt-pt\/#\/schema\/person\/e35c78ffa242d98f4f49ccb18c8631de\"},\"headline\":\"Escritores e artistas em Cuba avaliam realiza\u00e7\u00f5es de sua organiza\u00e7\u00e3o\",\"datePublished\":\"2020-01-27T07:43:33+00:00\",\"mainEntityOfPage\":{\"@id\":\"https:\/\/www.pressenza.com\/pt-pt\/2020\/01\/escritores-e-artistas-em-cuba-avaliam-realizacoes-de-sua-organizacao\/\"},\"wordCount\":346,\"publisher\":{\"@id\":\"https:\/\/www.pressenza.com\/pt-pt\/#organization\"},\"image\":{\"@id\":\"https:\/\/www.pressenza.com\/pt-pt\/2020\/01\/escritores-e-artistas-em-cuba-avaliam-realizacoes-de-sua-organizacao\/#primaryimage\"},\"thumbnailUrl\":\"https:\/\/www.pressenza.com\/wp-content\/uploads\/2020\/01\/uneac1.jpg\",\"keywords\":[\"Cuba\",\"pol\u00edtica cultural\",\"UNEAC\"],\"articleSection\":[\"Am\u00e9rica Central\",\"Cultura e M\u00eddia\"],\"inLanguage\":\"pt-PT\"},{\"@type\":\"WebPage\",\"@id\":\"https:\/\/www.pressenza.com\/pt-pt\/2020\/01\/escritores-e-artistas-em-cuba-avaliam-realizacoes-de-sua-organizacao\/\",\"url\":\"https:\/\/www.pressenza.com\/pt-pt\/2020\/01\/escritores-e-artistas-em-cuba-avaliam-realizacoes-de-sua-organizacao\/\",\"name\":\"Escritores e artistas em Cuba avaliam realiza\u00e7\u00f5es de sua organiza\u00e7\u00e3o\",\"isPartOf\":{\"@id\":\"https:\/\/www.pressenza.com\/pt-pt\/#website\"},\"primaryImageOfPage\":{\"@id\":\"https:\/\/www.pressenza.com\/pt-pt\/2020\/01\/escritores-e-artistas-em-cuba-avaliam-realizacoes-de-sua-organizacao\/#primaryimage\"},\"image\":{\"@id\":\"https:\/\/www.pressenza.com\/pt-pt\/2020\/01\/escritores-e-artistas-em-cuba-avaliam-realizacoes-de-sua-organizacao\/#primaryimage\"},\"thumbnailUrl\":\"https:\/\/www.pressenza.com\/wp-content\/uploads\/2020\/01\/uneac1.jpg\",\"datePublished\":\"2020-01-27T07:43:33+00:00\",\"description\":\"Com o objetivo de avaliar o trabalho da Uni\u00e3o de Escritores e Artistas de Cuba (Uneac) nos \u00faltimos seis meses, o Conselho Nacional da organiza\u00e7\u00e3o se re\u00fane\",\"breadcrumb\":{\"@id\":\"https:\/\/www.pressenza.com\/pt-pt\/2020\/01\/escritores-e-artistas-em-cuba-avaliam-realizacoes-de-sua-organizacao\/#breadcrumb\"},\"inLanguage\":\"pt-PT\",\"potentialAction\":[{\"@type\":\"ReadAction\",\"target\":[\"https:\/\/www.pressenza.com\/pt-pt\/2020\/01\/escritores-e-artistas-em-cuba-avaliam-realizacoes-de-sua-organizacao\/\"]}]},{\"@type\":\"ImageObject\",\"inLanguage\":\"pt-PT\",\"@id\":\"https:\/\/www.pressenza.com\/pt-pt\/2020\/01\/escritores-e-artistas-em-cuba-avaliam-realizacoes-de-sua-organizacao\/#primaryimage\",\"url\":\"https:\/\/www.pressenza.com\/wp-content\/uploads\/2020\/01\/uneac1.jpg\",\"contentUrl\":\"https:\/\/www.pressenza.com\/wp-content\/uploads\/2020\/01\/uneac1.jpg\",\"width\":748,\"height\":498},{\"@type\":\"BreadcrumbList\",\"@id\":\"https:\/\/www.pressenza.com\/pt-pt\/2020\/01\/escritores-e-artistas-em-cuba-avaliam-realizacoes-de-sua-organizacao\/#breadcrumb\",\"itemListElement\":[{\"@type\":\"ListItem\",\"position\":1,\"name\":\"Accueil\",\"item\":\"https:\/\/www.pressenza.com\/pt-pt\/\"},{\"@type\":\"ListItem\",\"position\":2,\"name\":\"Escritores e artistas em Cuba avaliam realiza\u00e7\u00f5es de sua organiza\u00e7\u00e3o\"}]},{\"@type\":\"WebSite\",\"@id\":\"https:\/\/www.pressenza.com\/pt-pt\/#website\",\"url\":\"https:\/\/www.pressenza.com\/pt-pt\/\",\"name\":\"Pressenza\",\"description\":\"International Press Agency\",\"publisher\":{\"@id\":\"https:\/\/www.pressenza.com\/pt-pt\/#organization\"},\"potentialAction\":[{\"@type\":\"SearchAction\",\"target\":{\"@type\":\"EntryPoint\",\"urlTemplate\":\"https:\/\/www.pressenza.com\/pt-pt\/?s={search_term_string}\"},\"query-input\":{\"@type\":\"PropertyValueSpecification\",\"valueRequired\":true,\"valueName\":\"search_term_string\"}}],\"inLanguage\":\"pt-PT\"},{\"@type\":\"Organization\",\"@id\":\"https:\/\/www.pressenza.com\/pt-pt\/#organization\",\"name\":\"Pressenza\",\"url\":\"https:\/\/www.pressenza.com\/pt-pt\/\",\"logo\":{\"@type\":\"ImageObject\",\"inLanguage\":\"pt-PT\",\"@id\":\"https:\/\/www.pressenza.com\/pt-pt\/#\/schema\/logo\/image\/\",\"url\":\"https:\/\/www.pressenza.com\/wp-content\/uploads\/2022\/10\/pressenza_logo_200x200.jpg\",\"contentUrl\":\"https:\/\/www.pressenza.com\/wp-content\/uploads\/2022\/10\/pressenza_logo_200x200.jpg\",\"width\":200,\"height\":200,\"caption\":\"Pressenza\"},\"image\":{\"@id\":\"https:\/\/www.pressenza.com\/pt-pt\/#\/schema\/logo\/image\/\"},\"sameAs\":[\"https:\/\/www.facebook.com\/PressenzaItalia\",\"https:\/\/x.com\/PressenzaIPA\"]},{\"@type\":\"Person\",\"@id\":\"https:\/\/www.pressenza.com\/pt-pt\/#\/schema\/person\/e35c78ffa242d98f4f49ccb18c8631de\",\"name\":\"Prensa Latina\",\"description\":\"www.prensa-latina.cu\",\"sameAs\":[\"https:\/\/www.facebook.com\/AgenciaPrensaLatina\",\"https:\/\/x.com\/prensalatina_cu\"],\"url\":\"https:\/\/www.pressenza.com\/pt-pt\/author\/prensa-latina\/\"}]}<\/script>\n<!-- \/ Yoast SEO plugin. -->","yoast_head_json":{"title":"Escritores e artistas em Cuba avaliam realiza\u00e7\u00f5es de sua organiza\u00e7\u00e3o","description":"Com o objetivo de avaliar o trabalho da Uni\u00e3o de Escritores e Artistas de Cuba (Uneac) nos \u00faltimos seis meses, o Conselho Nacional da organiza\u00e7\u00e3o se re\u00fane","robots":{"index":"index","follow":"follow","max-snippet":"max-snippet:-1","max-image-preview":"max-image-preview:large","max-video-preview":"max-video-preview:-1"},"canonical":"https:\/\/www.pressenza.com\/pt-pt\/2020\/01\/escritores-e-artistas-em-cuba-avaliam-realizacoes-de-sua-organizacao\/","og_locale":"pt_PT","og_type":"article","og_title":"Escritores e artistas em Cuba avaliam realiza\u00e7\u00f5es de sua organiza\u00e7\u00e3o","og_description":"Com o objetivo de avaliar o trabalho da Uni\u00e3o de Escritores e Artistas de Cuba (Uneac) nos \u00faltimos seis meses, o Conselho Nacional da organiza\u00e7\u00e3o se re\u00fane","og_url":"https:\/\/www.pressenza.com\/pt-pt\/2020\/01\/escritores-e-artistas-em-cuba-avaliam-realizacoes-de-sua-organizacao\/","og_site_name":"Pressenza","article_publisher":"https:\/\/www.facebook.com\/PressenzaItalia","article_author":"https:\/\/www.facebook.com\/AgenciaPrensaLatina","article_published_time":"2020-01-27T07:43:33+00:00","og_image":[{"width":748,"height":498,"url":"https:\/\/www.pressenza.com\/wp-content\/uploads\/2020\/01\/uneac1.jpg","type":"image\/jpeg"}],"author":"Prensa Latina","twitter_card":"summary_large_image","twitter_creator":"@prensalatina_cu","twitter_site":"@PressenzaIPA","twitter_misc":{"Escrito por":"Prensa Latina","Tempo estimado de leitura":"2 minutos"},"schema":{"@context":"https:\/\/schema.org","@graph":[{"@type":"Article","@id":"https:\/\/www.pressenza.com\/pt-pt\/2020\/01\/escritores-e-artistas-em-cuba-avaliam-realizacoes-de-sua-organizacao\/#article","isPartOf":{"@id":"https:\/\/www.pressenza.com\/pt-pt\/2020\/01\/escritores-e-artistas-em-cuba-avaliam-realizacoes-de-sua-organizacao\/"},"author":{"name":"Prensa Latina","@id":"https:\/\/www.pressenza.com\/pt-pt\/#\/schema\/person\/e35c78ffa242d98f4f49ccb18c8631de"},"headline":"Escritores e artistas em Cuba avaliam realiza\u00e7\u00f5es de sua organiza\u00e7\u00e3o","datePublished":"2020-01-27T07:43:33+00:00","mainEntityOfPage":{"@id":"https:\/\/www.pressenza.com\/pt-pt\/2020\/01\/escritores-e-artistas-em-cuba-avaliam-realizacoes-de-sua-organizacao\/"},"wordCount":346,"publisher":{"@id":"https:\/\/www.pressenza.com\/pt-pt\/#organization"},"image":{"@id":"https:\/\/www.pressenza.com\/pt-pt\/2020\/01\/escritores-e-artistas-em-cuba-avaliam-realizacoes-de-sua-organizacao\/#primaryimage"},"thumbnailUrl":"https:\/\/www.pressenza.com\/wp-content\/uploads\/2020\/01\/uneac1.jpg","keywords":["Cuba","pol\u00edtica cultural","UNEAC"],"articleSection":["Am\u00e9rica Central","Cultura e M\u00eddia"],"inLanguage":"pt-PT"},{"@type":"WebPage","@id":"https:\/\/www.pressenza.com\/pt-pt\/2020\/01\/escritores-e-artistas-em-cuba-avaliam-realizacoes-de-sua-organizacao\/","url":"https:\/\/www.pressenza.com\/pt-pt\/2020\/01\/escritores-e-artistas-em-cuba-avaliam-realizacoes-de-sua-organizacao\/","name":"Escritores e artistas em Cuba avaliam realiza\u00e7\u00f5es de sua organiza\u00e7\u00e3o","isPartOf":{"@id":"https:\/\/www.pressenza.com\/pt-pt\/#website"},"primaryImageOfPage":{"@id":"https:\/\/www.pressenza.com\/pt-pt\/2020\/01\/escritores-e-artistas-em-cuba-avaliam-realizacoes-de-sua-organizacao\/#primaryimage"},"image":{"@id":"https:\/\/www.pressenza.com\/pt-pt\/2020\/01\/escritores-e-artistas-em-cuba-avaliam-realizacoes-de-sua-organizacao\/#primaryimage"},"thumbnailUrl":"https:\/\/www.pressenza.com\/wp-content\/uploads\/2020\/01\/uneac1.jpg","datePublished":"2020-01-27T07:43:33+00:00","description":"Com o objetivo de avaliar o trabalho da Uni\u00e3o de Escritores e Artistas de Cuba (Uneac) nos \u00faltimos seis meses, o Conselho Nacional da organiza\u00e7\u00e3o se re\u00fane","breadcrumb":{"@id":"https:\/\/www.pressenza.com\/pt-pt\/2020\/01\/escritores-e-artistas-em-cuba-avaliam-realizacoes-de-sua-organizacao\/#breadcrumb"},"inLanguage":"pt-PT","potentialAction":[{"@type":"ReadAction","target":["https:\/\/www.pressenza.com\/pt-pt\/2020\/01\/escritores-e-artistas-em-cuba-avaliam-realizacoes-de-sua-organizacao\/"]}]},{"@type":"ImageObject","inLanguage":"pt-PT","@id":"https:\/\/www.pressenza.com\/pt-pt\/2020\/01\/escritores-e-artistas-em-cuba-avaliam-realizacoes-de-sua-organizacao\/#primaryimage","url":"https:\/\/www.pressenza.com\/wp-content\/uploads\/2020\/01\/uneac1.jpg","contentUrl":"https:\/\/www.pressenza.com\/wp-content\/uploads\/2020\/01\/uneac1.jpg","width":748,"height":498},{"@type":"BreadcrumbList","@id":"https:\/\/www.pressenza.com\/pt-pt\/2020\/01\/escritores-e-artistas-em-cuba-avaliam-realizacoes-de-sua-organizacao\/#breadcrumb","itemListElement":[{"@type":"ListItem","position":1,"name":"Accueil","item":"https:\/\/www.pressenza.com\/pt-pt\/"},{"@type":"ListItem","position":2,"name":"Escritores e artistas em Cuba avaliam realiza\u00e7\u00f5es de sua organiza\u00e7\u00e3o"}]},{"@type":"WebSite","@id":"https:\/\/www.pressenza.com\/pt-pt\/#website","url":"https:\/\/www.pressenza.com\/pt-pt\/","name":"Pressenza","description":"International Press Agency","publisher":{"@id":"https:\/\/www.pressenza.com\/pt-pt\/#organization"},"potentialAction":[{"@type":"SearchAction","target":{"@type":"EntryPoint","urlTemplate":"https:\/\/www.pressenza.com\/pt-pt\/?s={search_term_string}"},"query-input":{"@type":"PropertyValueSpecification","valueRequired":true,"valueName":"search_term_string"}}],"inLanguage":"pt-PT"},{"@type":"Organization","@id":"https:\/\/www.pressenza.com\/pt-pt\/#organization","name":"Pressenza","url":"https:\/\/www.pressenza.com\/pt-pt\/","logo":{"@type":"ImageObject","inLanguage":"pt-PT","@id":"https:\/\/www.pressenza.com\/pt-pt\/#\/schema\/logo\/image\/","url":"https:\/\/www.pressenza.com\/wp-content\/uploads\/2022\/10\/pressenza_logo_200x200.jpg","contentUrl":"https:\/\/www.pressenza.com\/wp-content\/uploads\/2022\/10\/pressenza_logo_200x200.jpg","width":200,"height":200,"caption":"Pressenza"},"image":{"@id":"https:\/\/www.pressenza.com\/pt-pt\/#\/schema\/logo\/image\/"},"sameAs":["https:\/\/www.facebook.com\/PressenzaItalia","https:\/\/x.com\/PressenzaIPA"]},{"@type":"Person","@id":"https:\/\/www.pressenza.com\/pt-pt\/#\/schema\/person\/e35c78ffa242d98f4f49ccb18c8631de","name":"Prensa Latina","description":"www.prensa-latina.cu","sameAs":["https:\/\/www.facebook.com\/AgenciaPrensaLatina","https:\/\/x.com\/prensalatina_cu"],"url":"https:\/\/www.pressenza.com\/pt-pt\/author\/prensa-latina\/"}]}},"place":"Havana","original_article_url":"https:\/\/www.prensalatina.com.br\/index.php?o=rn&id=28790&SEO=escritores-e-artistas-em-cuba-avaliam-realizacoes-de-sua-organizacao","_links":{"self":[{"href":"https:\/\/www.pressenza.com\/pt-pt\/wp-json\/wp\/v2\/posts\/1022252","targetHints":{"allow":["GET"]}}],"collection":[{"href":"https:\/\/www.pressenza.com\/pt-pt\/wp-json\/wp\/v2\/posts"}],"about":[{"href":"https:\/\/www.pressenza.com\/pt-pt\/wp-json\/wp\/v2\/types\/post"}],"author":[{"embeddable":true,"href":"https:\/\/www.pressenza.com\/pt-pt\/wp-json\/wp\/v2\/users\/90"}],"replies":[{"embeddable":true,"href":"https:\/\/www.pressenza.com\/pt-pt\/wp-json\/wp\/v2\/comments?post=1022252"}],"version-history":[{"count":0,"href":"https:\/\/www.pressenza.com\/pt-pt\/wp-json\/wp\/v2\/posts\/1022252\/revisions"}],"wp:featuredmedia":[{"embeddable":true,"href":"https:\/\/www.pressenza.com\/pt-pt\/wp-json\/wp\/v2\/media\/1022253"}],"wp:attachment":[{"href":"https:\/\/www.pressenza.com\/pt-pt\/wp-json\/wp\/v2\/media?parent=1022252"}],"wp:term":[{"taxonomy":"category","embeddable":true,"href":"https:\/\/www.pressenza.com\/pt-pt\/wp-json\/wp\/v2\/categories?post=1022252"},{"taxonomy":"post_tag","embeddable":true,"href":"https:\/\/www.pressenza.com\/pt-pt\/wp-json\/wp\/v2\/tags?post=1022252"}],"curies":[{"name":"wp","href":"https:\/\/api.w.org\/{rel}","templated":true}]}}