{"id":1020585,"date":"2020-01-25T14:39:00","date_gmt":"2020-01-25T14:39:00","guid":{"rendered":"https:\/\/www.pressenza.com\/?p=1020585"},"modified":"2020-01-25T14:39:00","modified_gmt":"2020-01-25T14:39:00","slug":"governo-interino-da-bolivia-rompe-relacoes-diplomaticas-com-cuba","status":"publish","type":"post","link":"https:\/\/www.pressenza.com\/pt-pt\/2020\/01\/governo-interino-da-bolivia-rompe-relacoes-diplomaticas-com-cuba\/","title":{"rendered":"Governo interino da Bol\u00edvia rompe rela\u00e7\u00f5es diplom\u00e1ticas com Cuba"},"content":{"rendered":"<h4 class=\"subtitle col-xs-12\">Decis\u00e3o vem ap\u00f3s o ministro das Rela\u00e7\u00f5es Exteriores cubano, Bruno Rodr\u00edguez, responder acusa\u00e7\u00f5es sem provas feitas por \u00c1\u00f1ez<\/h4>\n<p>Segundo o Minist\u00e9rio, &#8220;o governo cubano afetou sistematicamente o relacionamento bilateral com base no respeito m\u00fatuo, nos princ\u00edpios de n\u00e3o interfer\u00eancia nos assuntos internos, na autodetermina\u00e7\u00e3o dos povos e na igualdade soberana dos Estados, apesar da disposi\u00e7\u00e3o do governo da Bol\u00edvia para manter rela\u00e7\u00f5es cordiais&#8221;.<\/p>\n<p>O\u00a0<a href=\"https:\/\/twitter.com\/MRE_Bolivia\/status\/1220732825219014656?ref_src=twsrc%5Etfw%7Ctwcamp%5Etweetembed%7Ctwterm%5E1220732825219014656&amp;ref_url=https%3A%2F%2Fbr.sputniknews.com%2Famericas%2F2020012415045293-bolivia-suspende-relacoes-diplomaticas-com-cuba%2F\" target=\"_blank\" rel=\"noopener noreferrer\">comunicado<\/a>\u00a0correspondente foi publicado no site do Minist\u00e9rio das Rela\u00e7\u00f5es Exteriores da Bol\u00edvia.<\/p>\n<p>A suspens\u00e3o das rela\u00e7\u00f5es entre La Paz e Havana aprofundou a mudan\u00e7a na pol\u00edtica externa lan\u00e7ada pelo governo de \u00c1\u00f1ez, que chegou ao poder ap\u00f3s um golpe de Estado realizado no dia 10 de novembro de 2019 com apoio da pol\u00edcia e das For\u00e7as Armadas que for\u00e7ou a ren\u00fancia de Morales.<\/p>\n<p>&nbsp;<\/p>\n","protected":false},"excerpt":{"rendered":"<p>Decis\u00e3o vem ap\u00f3s o ministro das Rela\u00e7\u00f5es Exteriores cubano, Bruno Rodr\u00edguez, responder acusa\u00e7\u00f5es sem provas feitas por \u00c1\u00f1ez Segundo o Minist\u00e9rio, &#8220;o governo cubano afetou sistematicamente o relacionamento bilateral com base no respeito m\u00fatuo, nos princ\u00edpios de n\u00e3o interfer\u00eancia nos&hellip;<\/p>\n","protected":false},"author":1358,"featured_media":1020586,"comment_status":"closed","ping_status":"closed","sticky":false,"template":"","format":"standard","meta":{"footnotes":""},"categories":[113,111],"tags":[70004,6765,70003],"class_list":["post-1020585","post","type-post","status-publish","format-standard","has-post-thumbnail","hentry","category-noticias-do-exterior","category-politica-pt-pt","tag-acusacoes","tag-cuba-pt-pt","tag-governo-interino-da-bolivia"],"yoast_head":"<!-- This site is optimized with the Yoast SEO plugin v27.1.1 - https:\/\/yoast.com\/product\/yoast-seo-wordpress\/ -->\n<title>Governo interino da Bol\u00edvia rompe rela\u00e7\u00f5es diplom\u00e1ticas com Cuba<\/title>\n<meta name=\"description\" content=\"Decis\u00e3o vem ap\u00f3s o ministro das Rela\u00e7\u00f5es Exteriores cubano, Bruno Rodr\u00edguez, responder acusa\u00e7\u00f5es sem provas feitas por \u00c1\u00f1ez Segundo o Minist\u00e9rio, &quot;o\" \/>\n<meta name=\"robots\" content=\"index, follow, max-snippet:-1, max-image-preview:large, max-video-preview:-1\" \/>\n<link rel=\"canonical\" href=\"https:\/\/www.pressenza.com\/pt-pt\/2020\/01\/governo-interino-da-bolivia-rompe-relacoes-diplomaticas-com-cuba\/\" \/>\n<meta property=\"og:locale\" content=\"pt_PT\" \/>\n<meta property=\"og:type\" content=\"article\" \/>\n<meta property=\"og:title\" content=\"Governo interino da Bol\u00edvia rompe rela\u00e7\u00f5es diplom\u00e1ticas com Cuba\" \/>\n<meta property=\"og:description\" content=\"Decis\u00e3o vem ap\u00f3s o ministro das Rela\u00e7\u00f5es Exteriores cubano, Bruno Rodr\u00edguez, responder acusa\u00e7\u00f5es sem provas feitas por \u00c1\u00f1ez Segundo o Minist\u00e9rio, &quot;o\" \/>\n<meta property=\"og:url\" content=\"https:\/\/www.pressenza.com\/pt-pt\/2020\/01\/governo-interino-da-bolivia-rompe-relacoes-diplomaticas-com-cuba\/\" \/>\n<meta property=\"og:site_name\" content=\"Pressenza\" \/>\n<meta property=\"article:publisher\" content=\"https:\/\/www.facebook.com\/PressenzaItalia\" \/>\n<meta property=\"article:published_time\" content=\"2020-01-25T14:39:00+00:00\" \/>\n<meta property=\"og:image\" content=\"https:\/\/www.pressenza.com\/wp-content\/uploads\/2020\/01\/ZWM4YWFkZmExYTZhYjlhZWQ0NjFkZGFhNjgxOWQ5MjNfNzQ0MjEwZjZkZDA0ZTYyODIzZGQxMTJiM2U5YjY1MTIucG5n.png\" \/>\n\t<meta property=\"og:image:width\" content=\"980\" \/>\n\t<meta property=\"og:image:height\" content=\"583\" \/>\n\t<meta property=\"og:image:type\" content=\"image\/png\" \/>\n<meta name=\"author\" content=\"Opera Mundi\" \/>\n<meta name=\"twitter:card\" content=\"summary_large_image\" \/>\n<meta name=\"twitter:creator\" content=\"@PressenzaIPA\" \/>\n<meta name=\"twitter:site\" content=\"@PressenzaIPA\" \/>\n<meta name=\"twitter:label1\" content=\"Escrito por\" \/>\n\t<meta name=\"twitter:data1\" content=\"Opera Mundi\" \/>\n\t<meta name=\"twitter:label2\" content=\"Tempo estimado de leitura\" \/>\n\t<meta name=\"twitter:data2\" content=\"1 minuto\" \/>\n<script type=\"application\/ld+json\" class=\"yoast-schema-graph\">{\"@context\":\"https:\/\/schema.org\",\"@graph\":[{\"@type\":\"Article\",\"@id\":\"https:\/\/www.pressenza.com\/pt-pt\/2020\/01\/governo-interino-da-bolivia-rompe-relacoes-diplomaticas-com-cuba\/#article\",\"isPartOf\":{\"@id\":\"https:\/\/www.pressenza.com\/pt-pt\/2020\/01\/governo-interino-da-bolivia-rompe-relacoes-diplomaticas-com-cuba\/\"},\"author\":{\"name\":\"Opera Mundi\",\"@id\":\"https:\/\/www.pressenza.com\/pt-pt\/#\/schema\/person\/3dfce4c6530b1c81359c3c00aec4a8fc\"},\"headline\":\"Governo interino da Bol\u00edvia rompe rela\u00e7\u00f5es diplom\u00e1ticas com Cuba\",\"datePublished\":\"2020-01-25T14:39:00+00:00\",\"mainEntityOfPage\":{\"@id\":\"https:\/\/www.pressenza.com\/pt-pt\/2020\/01\/governo-interino-da-bolivia-rompe-relacoes-diplomaticas-com-cuba\/\"},\"wordCount\":166,\"publisher\":{\"@id\":\"https:\/\/www.pressenza.com\/pt-pt\/#organization\"},\"image\":{\"@id\":\"https:\/\/www.pressenza.com\/pt-pt\/2020\/01\/governo-interino-da-bolivia-rompe-relacoes-diplomaticas-com-cuba\/#primaryimage\"},\"thumbnailUrl\":\"https:\/\/www.pressenza.com\/wp-content\/uploads\/2020\/01\/ZWM4YWFkZmExYTZhYjlhZWQ0NjFkZGFhNjgxOWQ5MjNfNzQ0MjEwZjZkZDA0ZTYyODIzZGQxMTJiM2U5YjY1MTIucG5n.png\",\"keywords\":[\"acusa\u00e7\u00f5es\",\"Cuba\",\"Governo interino da Bol\u00edvia\"],\"articleSection\":[\"Assuntos internacionais\",\"Pol\u00edtica\"],\"inLanguage\":\"pt-PT\"},{\"@type\":\"WebPage\",\"@id\":\"https:\/\/www.pressenza.com\/pt-pt\/2020\/01\/governo-interino-da-bolivia-rompe-relacoes-diplomaticas-com-cuba\/\",\"url\":\"https:\/\/www.pressenza.com\/pt-pt\/2020\/01\/governo-interino-da-bolivia-rompe-relacoes-diplomaticas-com-cuba\/\",\"name\":\"Governo interino da Bol\u00edvia rompe rela\u00e7\u00f5es diplom\u00e1ticas com Cuba\",\"isPartOf\":{\"@id\":\"https:\/\/www.pressenza.com\/pt-pt\/#website\"},\"primaryImageOfPage\":{\"@id\":\"https:\/\/www.pressenza.com\/pt-pt\/2020\/01\/governo-interino-da-bolivia-rompe-relacoes-diplomaticas-com-cuba\/#primaryimage\"},\"image\":{\"@id\":\"https:\/\/www.pressenza.com\/pt-pt\/2020\/01\/governo-interino-da-bolivia-rompe-relacoes-diplomaticas-com-cuba\/#primaryimage\"},\"thumbnailUrl\":\"https:\/\/www.pressenza.com\/wp-content\/uploads\/2020\/01\/ZWM4YWFkZmExYTZhYjlhZWQ0NjFkZGFhNjgxOWQ5MjNfNzQ0MjEwZjZkZDA0ZTYyODIzZGQxMTJiM2U5YjY1MTIucG5n.png\",\"datePublished\":\"2020-01-25T14:39:00+00:00\",\"description\":\"Decis\u00e3o vem ap\u00f3s o ministro das Rela\u00e7\u00f5es Exteriores cubano, Bruno Rodr\u00edguez, responder acusa\u00e7\u00f5es sem provas feitas por \u00c1\u00f1ez Segundo o Minist\u00e9rio, \\\"o\",\"breadcrumb\":{\"@id\":\"https:\/\/www.pressenza.com\/pt-pt\/2020\/01\/governo-interino-da-bolivia-rompe-relacoes-diplomaticas-com-cuba\/#breadcrumb\"},\"inLanguage\":\"pt-PT\",\"potentialAction\":[{\"@type\":\"ReadAction\",\"target\":[\"https:\/\/www.pressenza.com\/pt-pt\/2020\/01\/governo-interino-da-bolivia-rompe-relacoes-diplomaticas-com-cuba\/\"]}]},{\"@type\":\"ImageObject\",\"inLanguage\":\"pt-PT\",\"@id\":\"https:\/\/www.pressenza.com\/pt-pt\/2020\/01\/governo-interino-da-bolivia-rompe-relacoes-diplomaticas-com-cuba\/#primaryimage\",\"url\":\"https:\/\/www.pressenza.com\/wp-content\/uploads\/2020\/01\/ZWM4YWFkZmExYTZhYjlhZWQ0NjFkZGFhNjgxOWQ5MjNfNzQ0MjEwZjZkZDA0ZTYyODIzZGQxMTJiM2U5YjY1MTIucG5n.png\",\"contentUrl\":\"https:\/\/www.pressenza.com\/wp-content\/uploads\/2020\/01\/ZWM4YWFkZmExYTZhYjlhZWQ0NjFkZGFhNjgxOWQ5MjNfNzQ0MjEwZjZkZDA0ZTYyODIzZGQxMTJiM2U5YjY1MTIucG5n.png\",\"width\":980,\"height\":583},{\"@type\":\"BreadcrumbList\",\"@id\":\"https:\/\/www.pressenza.com\/pt-pt\/2020\/01\/governo-interino-da-bolivia-rompe-relacoes-diplomaticas-com-cuba\/#breadcrumb\",\"itemListElement\":[{\"@type\":\"ListItem\",\"position\":1,\"name\":\"Accueil\",\"item\":\"https:\/\/www.pressenza.com\/pt-pt\/\"},{\"@type\":\"ListItem\",\"position\":2,\"name\":\"Governo interino da Bol\u00edvia rompe rela\u00e7\u00f5es diplom\u00e1ticas com Cuba\"}]},{\"@type\":\"WebSite\",\"@id\":\"https:\/\/www.pressenza.com\/pt-pt\/#website\",\"url\":\"https:\/\/www.pressenza.com\/pt-pt\/\",\"name\":\"Pressenza\",\"description\":\"International Press Agency\",\"publisher\":{\"@id\":\"https:\/\/www.pressenza.com\/pt-pt\/#organization\"},\"potentialAction\":[{\"@type\":\"SearchAction\",\"target\":{\"@type\":\"EntryPoint\",\"urlTemplate\":\"https:\/\/www.pressenza.com\/pt-pt\/?s={search_term_string}\"},\"query-input\":{\"@type\":\"PropertyValueSpecification\",\"valueRequired\":true,\"valueName\":\"search_term_string\"}}],\"inLanguage\":\"pt-PT\"},{\"@type\":\"Organization\",\"@id\":\"https:\/\/www.pressenza.com\/pt-pt\/#organization\",\"name\":\"Pressenza\",\"url\":\"https:\/\/www.pressenza.com\/pt-pt\/\",\"logo\":{\"@type\":\"ImageObject\",\"inLanguage\":\"pt-PT\",\"@id\":\"https:\/\/www.pressenza.com\/pt-pt\/#\/schema\/logo\/image\/\",\"url\":\"https:\/\/www.pressenza.com\/wp-content\/uploads\/2022\/10\/pressenza_logo_200x200.jpg\",\"contentUrl\":\"https:\/\/www.pressenza.com\/wp-content\/uploads\/2022\/10\/pressenza_logo_200x200.jpg\",\"width\":200,\"height\":200,\"caption\":\"Pressenza\"},\"image\":{\"@id\":\"https:\/\/www.pressenza.com\/pt-pt\/#\/schema\/logo\/image\/\"},\"sameAs\":[\"https:\/\/www.facebook.com\/PressenzaItalia\",\"https:\/\/x.com\/PressenzaIPA\"]},{\"@type\":\"Person\",\"@id\":\"https:\/\/www.pressenza.com\/pt-pt\/#\/schema\/person\/3dfce4c6530b1c81359c3c00aec4a8fc\",\"name\":\"Opera Mundi\",\"sameAs\":[\"http:\/\/operamundi.uol.com.br\"],\"url\":\"https:\/\/www.pressenza.com\/pt-pt\/author\/opera-mundi\/\"}]}<\/script>\n<!-- \/ Yoast SEO plugin. -->","yoast_head_json":{"title":"Governo interino da Bol\u00edvia rompe rela\u00e7\u00f5es diplom\u00e1ticas com Cuba","description":"Decis\u00e3o vem ap\u00f3s o ministro das Rela\u00e7\u00f5es Exteriores cubano, Bruno Rodr\u00edguez, responder acusa\u00e7\u00f5es sem provas feitas por \u00c1\u00f1ez Segundo o Minist\u00e9rio, \"o","robots":{"index":"index","follow":"follow","max-snippet":"max-snippet:-1","max-image-preview":"max-image-preview:large","max-video-preview":"max-video-preview:-1"},"canonical":"https:\/\/www.pressenza.com\/pt-pt\/2020\/01\/governo-interino-da-bolivia-rompe-relacoes-diplomaticas-com-cuba\/","og_locale":"pt_PT","og_type":"article","og_title":"Governo interino da Bol\u00edvia rompe rela\u00e7\u00f5es diplom\u00e1ticas com Cuba","og_description":"Decis\u00e3o vem ap\u00f3s o ministro das Rela\u00e7\u00f5es Exteriores cubano, Bruno Rodr\u00edguez, responder acusa\u00e7\u00f5es sem provas feitas por \u00c1\u00f1ez Segundo o Minist\u00e9rio, \"o","og_url":"https:\/\/www.pressenza.com\/pt-pt\/2020\/01\/governo-interino-da-bolivia-rompe-relacoes-diplomaticas-com-cuba\/","og_site_name":"Pressenza","article_publisher":"https:\/\/www.facebook.com\/PressenzaItalia","article_published_time":"2020-01-25T14:39:00+00:00","og_image":[{"width":980,"height":583,"url":"https:\/\/www.pressenza.com\/wp-content\/uploads\/2020\/01\/ZWM4YWFkZmExYTZhYjlhZWQ0NjFkZGFhNjgxOWQ5MjNfNzQ0MjEwZjZkZDA0ZTYyODIzZGQxMTJiM2U5YjY1MTIucG5n.png","type":"image\/png"}],"author":"Opera Mundi","twitter_card":"summary_large_image","twitter_creator":"@PressenzaIPA","twitter_site":"@PressenzaIPA","twitter_misc":{"Escrito por":"Opera Mundi","Tempo estimado de leitura":"1 minuto"},"schema":{"@context":"https:\/\/schema.org","@graph":[{"@type":"Article","@id":"https:\/\/www.pressenza.com\/pt-pt\/2020\/01\/governo-interino-da-bolivia-rompe-relacoes-diplomaticas-com-cuba\/#article","isPartOf":{"@id":"https:\/\/www.pressenza.com\/pt-pt\/2020\/01\/governo-interino-da-bolivia-rompe-relacoes-diplomaticas-com-cuba\/"},"author":{"name":"Opera Mundi","@id":"https:\/\/www.pressenza.com\/pt-pt\/#\/schema\/person\/3dfce4c6530b1c81359c3c00aec4a8fc"},"headline":"Governo interino da Bol\u00edvia rompe rela\u00e7\u00f5es diplom\u00e1ticas com Cuba","datePublished":"2020-01-25T14:39:00+00:00","mainEntityOfPage":{"@id":"https:\/\/www.pressenza.com\/pt-pt\/2020\/01\/governo-interino-da-bolivia-rompe-relacoes-diplomaticas-com-cuba\/"},"wordCount":166,"publisher":{"@id":"https:\/\/www.pressenza.com\/pt-pt\/#organization"},"image":{"@id":"https:\/\/www.pressenza.com\/pt-pt\/2020\/01\/governo-interino-da-bolivia-rompe-relacoes-diplomaticas-com-cuba\/#primaryimage"},"thumbnailUrl":"https:\/\/www.pressenza.com\/wp-content\/uploads\/2020\/01\/ZWM4YWFkZmExYTZhYjlhZWQ0NjFkZGFhNjgxOWQ5MjNfNzQ0MjEwZjZkZDA0ZTYyODIzZGQxMTJiM2U5YjY1MTIucG5n.png","keywords":["acusa\u00e7\u00f5es","Cuba","Governo interino da Bol\u00edvia"],"articleSection":["Assuntos internacionais","Pol\u00edtica"],"inLanguage":"pt-PT"},{"@type":"WebPage","@id":"https:\/\/www.pressenza.com\/pt-pt\/2020\/01\/governo-interino-da-bolivia-rompe-relacoes-diplomaticas-com-cuba\/","url":"https:\/\/www.pressenza.com\/pt-pt\/2020\/01\/governo-interino-da-bolivia-rompe-relacoes-diplomaticas-com-cuba\/","name":"Governo interino da Bol\u00edvia rompe rela\u00e7\u00f5es diplom\u00e1ticas com Cuba","isPartOf":{"@id":"https:\/\/www.pressenza.com\/pt-pt\/#website"},"primaryImageOfPage":{"@id":"https:\/\/www.pressenza.com\/pt-pt\/2020\/01\/governo-interino-da-bolivia-rompe-relacoes-diplomaticas-com-cuba\/#primaryimage"},"image":{"@id":"https:\/\/www.pressenza.com\/pt-pt\/2020\/01\/governo-interino-da-bolivia-rompe-relacoes-diplomaticas-com-cuba\/#primaryimage"},"thumbnailUrl":"https:\/\/www.pressenza.com\/wp-content\/uploads\/2020\/01\/ZWM4YWFkZmExYTZhYjlhZWQ0NjFkZGFhNjgxOWQ5MjNfNzQ0MjEwZjZkZDA0ZTYyODIzZGQxMTJiM2U5YjY1MTIucG5n.png","datePublished":"2020-01-25T14:39:00+00:00","description":"Decis\u00e3o vem ap\u00f3s o ministro das Rela\u00e7\u00f5es Exteriores cubano, Bruno Rodr\u00edguez, responder acusa\u00e7\u00f5es sem provas feitas por \u00c1\u00f1ez Segundo o Minist\u00e9rio, \"o","breadcrumb":{"@id":"https:\/\/www.pressenza.com\/pt-pt\/2020\/01\/governo-interino-da-bolivia-rompe-relacoes-diplomaticas-com-cuba\/#breadcrumb"},"inLanguage":"pt-PT","potentialAction":[{"@type":"ReadAction","target":["https:\/\/www.pressenza.com\/pt-pt\/2020\/01\/governo-interino-da-bolivia-rompe-relacoes-diplomaticas-com-cuba\/"]}]},{"@type":"ImageObject","inLanguage":"pt-PT","@id":"https:\/\/www.pressenza.com\/pt-pt\/2020\/01\/governo-interino-da-bolivia-rompe-relacoes-diplomaticas-com-cuba\/#primaryimage","url":"https:\/\/www.pressenza.com\/wp-content\/uploads\/2020\/01\/ZWM4YWFkZmExYTZhYjlhZWQ0NjFkZGFhNjgxOWQ5MjNfNzQ0MjEwZjZkZDA0ZTYyODIzZGQxMTJiM2U5YjY1MTIucG5n.png","contentUrl":"https:\/\/www.pressenza.com\/wp-content\/uploads\/2020\/01\/ZWM4YWFkZmExYTZhYjlhZWQ0NjFkZGFhNjgxOWQ5MjNfNzQ0MjEwZjZkZDA0ZTYyODIzZGQxMTJiM2U5YjY1MTIucG5n.png","width":980,"height":583},{"@type":"BreadcrumbList","@id":"https:\/\/www.pressenza.com\/pt-pt\/2020\/01\/governo-interino-da-bolivia-rompe-relacoes-diplomaticas-com-cuba\/#breadcrumb","itemListElement":[{"@type":"ListItem","position":1,"name":"Accueil","item":"https:\/\/www.pressenza.com\/pt-pt\/"},{"@type":"ListItem","position":2,"name":"Governo interino da Bol\u00edvia rompe rela\u00e7\u00f5es diplom\u00e1ticas com Cuba"}]},{"@type":"WebSite","@id":"https:\/\/www.pressenza.com\/pt-pt\/#website","url":"https:\/\/www.pressenza.com\/pt-pt\/","name":"Pressenza","description":"International Press Agency","publisher":{"@id":"https:\/\/www.pressenza.com\/pt-pt\/#organization"},"potentialAction":[{"@type":"SearchAction","target":{"@type":"EntryPoint","urlTemplate":"https:\/\/www.pressenza.com\/pt-pt\/?s={search_term_string}"},"query-input":{"@type":"PropertyValueSpecification","valueRequired":true,"valueName":"search_term_string"}}],"inLanguage":"pt-PT"},{"@type":"Organization","@id":"https:\/\/www.pressenza.com\/pt-pt\/#organization","name":"Pressenza","url":"https:\/\/www.pressenza.com\/pt-pt\/","logo":{"@type":"ImageObject","inLanguage":"pt-PT","@id":"https:\/\/www.pressenza.com\/pt-pt\/#\/schema\/logo\/image\/","url":"https:\/\/www.pressenza.com\/wp-content\/uploads\/2022\/10\/pressenza_logo_200x200.jpg","contentUrl":"https:\/\/www.pressenza.com\/wp-content\/uploads\/2022\/10\/pressenza_logo_200x200.jpg","width":200,"height":200,"caption":"Pressenza"},"image":{"@id":"https:\/\/www.pressenza.com\/pt-pt\/#\/schema\/logo\/image\/"},"sameAs":["https:\/\/www.facebook.com\/PressenzaItalia","https:\/\/x.com\/PressenzaIPA"]},{"@type":"Person","@id":"https:\/\/www.pressenza.com\/pt-pt\/#\/schema\/person\/3dfce4c6530b1c81359c3c00aec4a8fc","name":"Opera Mundi","sameAs":["http:\/\/operamundi.uol.com.br"],"url":"https:\/\/www.pressenza.com\/pt-pt\/author\/opera-mundi\/"}]}},"place":"S\u00e3o Paulo, Brasil","original_article_url":"https:\/\/operamundi.uol.com.br\/politica-e-economia\/62762\/governo-interino-da-bolivia-rompe-relacoes-diplomaticas-com-cuba","_links":{"self":[{"href":"https:\/\/www.pressenza.com\/pt-pt\/wp-json\/wp\/v2\/posts\/1020585","targetHints":{"allow":["GET"]}}],"collection":[{"href":"https:\/\/www.pressenza.com\/pt-pt\/wp-json\/wp\/v2\/posts"}],"about":[{"href":"https:\/\/www.pressenza.com\/pt-pt\/wp-json\/wp\/v2\/types\/post"}],"author":[{"embeddable":true,"href":"https:\/\/www.pressenza.com\/pt-pt\/wp-json\/wp\/v2\/users\/1358"}],"replies":[{"embeddable":true,"href":"https:\/\/www.pressenza.com\/pt-pt\/wp-json\/wp\/v2\/comments?post=1020585"}],"version-history":[{"count":0,"href":"https:\/\/www.pressenza.com\/pt-pt\/wp-json\/wp\/v2\/posts\/1020585\/revisions"}],"wp:featuredmedia":[{"embeddable":true,"href":"https:\/\/www.pressenza.com\/pt-pt\/wp-json\/wp\/v2\/media\/1020586"}],"wp:attachment":[{"href":"https:\/\/www.pressenza.com\/pt-pt\/wp-json\/wp\/v2\/media?parent=1020585"}],"wp:term":[{"taxonomy":"category","embeddable":true,"href":"https:\/\/www.pressenza.com\/pt-pt\/wp-json\/wp\/v2\/categories?post=1020585"},{"taxonomy":"post_tag","embeddable":true,"href":"https:\/\/www.pressenza.com\/pt-pt\/wp-json\/wp\/v2\/tags?post=1020585"}],"curies":[{"name":"wp","href":"https:\/\/api.w.org\/{rel}","templated":true}]}}