{"id":1018652,"date":"2020-01-22T19:27:19","date_gmt":"2020-01-22T19:27:19","guid":{"rendered":"https:\/\/www.pressenza.com\/?p=1018652"},"modified":"2020-01-22T19:27:19","modified_gmt":"2020-01-22T19:27:19","slug":"argentina-stiglitz-avisa-que-os-banqueiros-perderao","status":"publish","type":"post","link":"https:\/\/www.pressenza.com\/pt-pt\/2020\/01\/argentina-stiglitz-avisa-que-os-banqueiros-perderao\/","title":{"rendered":"Argentina: Stiglitz avisa que os banqueiros perder\u00e3o"},"content":{"rendered":"<p>Em Davos, recado do Nobel de Economia: \u201cn\u00e3o \u00e9 razo\u00e1vel\u201d supor que o governo Fern\u00e1ndez sufocar\u00e1 popula\u00e7\u00e3o para pagar juros. Vem a\u00ed nova morat\u00f3ria? Detalhe: o novo ministro das Finan\u00e7as \u00e9 pupilo de quem fez o alerta\u2026<\/p>\n<p>por\u00a0<a title=\"Posts de Antonio Martins\" href=\"https:\/\/outraspalavras.net\/author\/antoniomartins\/\" rel=\"author\">Antonio Martins<\/a><\/p>\n<p>J\u00e1 em seus primeiros dias, o novo governo argentino, formando por Alberto e Cristina Fern\u00e1ndez, sinalizou cautelosa firmeza. Come\u00e7ou, pouco a pouco, a reduzir os juros internos. Recha\u00e7ou novas privatiza\u00e7\u00f5es. Decretou ligeiro aumento de sal\u00e1rios, que, por ser um valor mensal \u00fanico, pago igualmente a todos os trabalhadores, beneficiou em especial os que ganham menos. Mas segue sem resposta a quest\u00e3o principal: como a Casa Rosada lidar\u00e1 com a d\u00edvida externa? Ela agigantou-se no governo Macri, levou o pa\u00eds a um acordo opressivo com o FMI e mant\u00e9m-se como obst\u00e1culo a qualquer tipo de novo projeto.<\/p>\n<p>Entrevistado segunda-feira em Davos, \u00e0s v\u00e9speras do F\u00f3rum Econ\u00f4mico Mundial, o Nobel de Economia, Joseph Stiglitz, fez uma aposta. Dirigindo-se aos banqueiros credores da Argentina, advertiu-os: preparem-se para perdas, \u201cvai haver redu\u00e7\u00f5es\u201d, disse ele. \u201cN\u00e3o posso conceber nenhum modelo razo\u00e1vel de cortes significativos [no estoque da d\u00edvida]. Seria fantasia pensar de outra forma\u201d. O Pr\u00eamio Nobel foi al\u00e9m: \u201cOs credores sabiam do risco: foi por isso que cobraram\u00a0<em>spreads\u00a0<\/em>altos. N\u00e3o est\u00e3o sendo enganados. Provavelmente n\u00e3o fizeram a li\u00e7\u00e3o de casa, mas sabiam que corriam perigo.\u201d<\/p>\n<p>As palavras de Stiglitz t\u00eam peso especial na Argentina. Al\u00e9m de acompanhar de perto os grandes temas econ\u00f4micos do mundo, ele \u00e9 o orientador do novo ministro das Finan\u00e7as, Martin Guzman, com quem divide autoria de diversos trabalhos te\u00f3ricos e acad\u00eamicos.<\/p>\n","protected":false},"excerpt":{"rendered":"<p>Em Davos, recado do Nobel de Economia: \u201cn\u00e3o \u00e9 razo\u00e1vel\u201d supor que o governo Fern\u00e1ndez sufocar\u00e1 popula\u00e7\u00e3o para pagar juros. Vem a\u00ed nova morat\u00f3ria? Detalhe: o novo ministro das Finan\u00e7as \u00e9 pupilo de quem fez o alerta\u2026 por\u00a0Antonio Martins J\u00e1&hellip;<\/p>\n","protected":false},"author":1293,"featured_media":1018656,"comment_status":"closed","ping_status":"closed","sticky":false,"template":"","format":"standard","meta":{"footnotes":""},"categories":[118,42,165],"tags":[65234,4904,69858,69859,68864,69860,57424,23348],"class_list":["post-1018652","post","type-post","status-publish","format-standard","has-post-thumbnail","hentry","category-economia-pt-pt","category-internacional-2","category-opiniao","tag-alberto-fernandez-pt-pt","tag-argentina-pt-pt","tag-banqueiros","tag-credores","tag-cristina-fernandez-pt-pt","tag-davos-pt-pt","tag-fmi-pt-pt","tag-forum-economico-mundial"],"yoast_head":"<!-- This site is optimized with the Yoast SEO plugin v27.1.1 - https:\/\/yoast.com\/product\/yoast-seo-wordpress\/ -->\n<title>Argentina: Stiglitz avisa que os banqueiros perder\u00e3o<\/title>\n<meta name=\"description\" content=\"Em Davos, recado do Nobel de Economia: \u201cn\u00e3o \u00e9 razo\u00e1vel\u201d supor que o governo Fern\u00e1ndez sufocar\u00e1 popula\u00e7\u00e3o para pagar juros. Vem a\u00ed nova morat\u00f3ria? Detalhe:\" \/>\n<meta name=\"robots\" content=\"index, follow, max-snippet:-1, max-image-preview:large, max-video-preview:-1\" \/>\n<link rel=\"canonical\" href=\"https:\/\/www.pressenza.com\/pt-pt\/2020\/01\/argentina-stiglitz-avisa-que-os-banqueiros-perderao\/\" \/>\n<meta property=\"og:locale\" content=\"pt_PT\" \/>\n<meta property=\"og:type\" content=\"article\" \/>\n<meta property=\"og:title\" content=\"Argentina: Stiglitz avisa que os banqueiros perder\u00e3o\" \/>\n<meta property=\"og:description\" content=\"Em Davos, recado do Nobel de Economia: \u201cn\u00e3o \u00e9 razo\u00e1vel\u201d supor que o governo Fern\u00e1ndez sufocar\u00e1 popula\u00e7\u00e3o para pagar juros. Vem a\u00ed nova morat\u00f3ria? Detalhe:\" \/>\n<meta property=\"og:url\" content=\"https:\/\/www.pressenza.com\/pt-pt\/2020\/01\/argentina-stiglitz-avisa-que-os-banqueiros-perderao\/\" \/>\n<meta property=\"og:site_name\" content=\"Pressenza\" \/>\n<meta property=\"article:publisher\" content=\"https:\/\/www.facebook.com\/PressenzaItalia\" \/>\n<meta property=\"article:author\" content=\"https:\/\/www.facebook.com\/outraspalavras\" \/>\n<meta property=\"article:published_time\" content=\"2020-01-22T19:27:19+00:00\" \/>\n<meta property=\"og:image\" content=\"https:\/\/www.pressenza.com\/wp-content\/uploads\/2020\/01\/cropped-20170530124630_pndr3501-1024x576.jpg\" \/>\n\t<meta property=\"og:image:width\" content=\"1024\" \/>\n\t<meta property=\"og:image:height\" content=\"576\" \/>\n\t<meta property=\"og:image:type\" content=\"image\/jpeg\" \/>\n<meta name=\"author\" content=\"Outras Palavras\" \/>\n<meta name=\"twitter:card\" content=\"summary_large_image\" \/>\n<meta name=\"twitter:creator\" content=\"@outraspalavrass\" \/>\n<meta name=\"twitter:site\" content=\"@PressenzaIPA\" \/>\n<meta name=\"twitter:label1\" content=\"Escrito por\" \/>\n\t<meta name=\"twitter:data1\" content=\"Outras Palavras\" \/>\n\t<meta name=\"twitter:label2\" content=\"Tempo estimado de leitura\" \/>\n\t<meta name=\"twitter:data2\" content=\"1 minuto\" \/>\n<script type=\"application\/ld+json\" class=\"yoast-schema-graph\">{\"@context\":\"https:\/\/schema.org\",\"@graph\":[{\"@type\":\"Article\",\"@id\":\"https:\/\/www.pressenza.com\/pt-pt\/2020\/01\/argentina-stiglitz-avisa-que-os-banqueiros-perderao\/#article\",\"isPartOf\":{\"@id\":\"https:\/\/www.pressenza.com\/pt-pt\/2020\/01\/argentina-stiglitz-avisa-que-os-banqueiros-perderao\/\"},\"author\":{\"name\":\"Outras Palavras\",\"@id\":\"https:\/\/www.pressenza.com\/pt-pt\/#\/schema\/person\/7f4f7cda502887ac8bd3ccb0ae8b5a62\"},\"headline\":\"Argentina: Stiglitz avisa que os banqueiros perder\u00e3o\",\"datePublished\":\"2020-01-22T19:27:19+00:00\",\"mainEntityOfPage\":{\"@id\":\"https:\/\/www.pressenza.com\/pt-pt\/2020\/01\/argentina-stiglitz-avisa-que-os-banqueiros-perderao\/\"},\"wordCount\":303,\"publisher\":{\"@id\":\"https:\/\/www.pressenza.com\/pt-pt\/#organization\"},\"image\":{\"@id\":\"https:\/\/www.pressenza.com\/pt-pt\/2020\/01\/argentina-stiglitz-avisa-que-os-banqueiros-perderao\/#primaryimage\"},\"thumbnailUrl\":\"https:\/\/www.pressenza.com\/wp-content\/uploads\/2020\/01\/cropped-20170530124630_pndr3501-1024x576.jpg\",\"keywords\":[\"Alberto Fern\u00e1ndez\",\"Argentina\",\"Banqueiros\",\"credores\",\"Cristina Fern\u00e1ndez\",\"Davos\",\"FMI\",\"F\u00f3rum Econ\u00f4mico Mundial\"],\"articleSection\":[\"Economia\",\"Internacional\",\"Opini\u00e3o\"],\"inLanguage\":\"pt-PT\"},{\"@type\":\"WebPage\",\"@id\":\"https:\/\/www.pressenza.com\/pt-pt\/2020\/01\/argentina-stiglitz-avisa-que-os-banqueiros-perderao\/\",\"url\":\"https:\/\/www.pressenza.com\/pt-pt\/2020\/01\/argentina-stiglitz-avisa-que-os-banqueiros-perderao\/\",\"name\":\"Argentina: Stiglitz avisa que os banqueiros perder\u00e3o\",\"isPartOf\":{\"@id\":\"https:\/\/www.pressenza.com\/pt-pt\/#website\"},\"primaryImageOfPage\":{\"@id\":\"https:\/\/www.pressenza.com\/pt-pt\/2020\/01\/argentina-stiglitz-avisa-que-os-banqueiros-perderao\/#primaryimage\"},\"image\":{\"@id\":\"https:\/\/www.pressenza.com\/pt-pt\/2020\/01\/argentina-stiglitz-avisa-que-os-banqueiros-perderao\/#primaryimage\"},\"thumbnailUrl\":\"https:\/\/www.pressenza.com\/wp-content\/uploads\/2020\/01\/cropped-20170530124630_pndr3501-1024x576.jpg\",\"datePublished\":\"2020-01-22T19:27:19+00:00\",\"description\":\"Em Davos, recado do Nobel de Economia: \u201cn\u00e3o \u00e9 razo\u00e1vel\u201d supor que o governo Fern\u00e1ndez sufocar\u00e1 popula\u00e7\u00e3o para pagar juros. Vem a\u00ed nova morat\u00f3ria? Detalhe:\",\"breadcrumb\":{\"@id\":\"https:\/\/www.pressenza.com\/pt-pt\/2020\/01\/argentina-stiglitz-avisa-que-os-banqueiros-perderao\/#breadcrumb\"},\"inLanguage\":\"pt-PT\",\"potentialAction\":[{\"@type\":\"ReadAction\",\"target\":[\"https:\/\/www.pressenza.com\/pt-pt\/2020\/01\/argentina-stiglitz-avisa-que-os-banqueiros-perderao\/\"]}]},{\"@type\":\"ImageObject\",\"inLanguage\":\"pt-PT\",\"@id\":\"https:\/\/www.pressenza.com\/pt-pt\/2020\/01\/argentina-stiglitz-avisa-que-os-banqueiros-perderao\/#primaryimage\",\"url\":\"https:\/\/www.pressenza.com\/wp-content\/uploads\/2020\/01\/cropped-20170530124630_pndr3501-1024x576.jpg\",\"contentUrl\":\"https:\/\/www.pressenza.com\/wp-content\/uploads\/2020\/01\/cropped-20170530124630_pndr3501-1024x576.jpg\",\"width\":1024,\"height\":576},{\"@type\":\"BreadcrumbList\",\"@id\":\"https:\/\/www.pressenza.com\/pt-pt\/2020\/01\/argentina-stiglitz-avisa-que-os-banqueiros-perderao\/#breadcrumb\",\"itemListElement\":[{\"@type\":\"ListItem\",\"position\":1,\"name\":\"Accueil\",\"item\":\"https:\/\/www.pressenza.com\/pt-pt\/\"},{\"@type\":\"ListItem\",\"position\":2,\"name\":\"Argentina: Stiglitz avisa que os banqueiros perder\u00e3o\"}]},{\"@type\":\"WebSite\",\"@id\":\"https:\/\/www.pressenza.com\/pt-pt\/#website\",\"url\":\"https:\/\/www.pressenza.com\/pt-pt\/\",\"name\":\"Pressenza\",\"description\":\"International Press Agency\",\"publisher\":{\"@id\":\"https:\/\/www.pressenza.com\/pt-pt\/#organization\"},\"potentialAction\":[{\"@type\":\"SearchAction\",\"target\":{\"@type\":\"EntryPoint\",\"urlTemplate\":\"https:\/\/www.pressenza.com\/pt-pt\/?s={search_term_string}\"},\"query-input\":{\"@type\":\"PropertyValueSpecification\",\"valueRequired\":true,\"valueName\":\"search_term_string\"}}],\"inLanguage\":\"pt-PT\"},{\"@type\":\"Organization\",\"@id\":\"https:\/\/www.pressenza.com\/pt-pt\/#organization\",\"name\":\"Pressenza\",\"url\":\"https:\/\/www.pressenza.com\/pt-pt\/\",\"logo\":{\"@type\":\"ImageObject\",\"inLanguage\":\"pt-PT\",\"@id\":\"https:\/\/www.pressenza.com\/pt-pt\/#\/schema\/logo\/image\/\",\"url\":\"https:\/\/www.pressenza.com\/wp-content\/uploads\/2022\/10\/pressenza_logo_200x200.jpg\",\"contentUrl\":\"https:\/\/www.pressenza.com\/wp-content\/uploads\/2022\/10\/pressenza_logo_200x200.jpg\",\"width\":200,\"height\":200,\"caption\":\"Pressenza\"},\"image\":{\"@id\":\"https:\/\/www.pressenza.com\/pt-pt\/#\/schema\/logo\/image\/\"},\"sameAs\":[\"https:\/\/www.facebook.com\/PressenzaItalia\",\"https:\/\/x.com\/PressenzaIPA\"]},{\"@type\":\"Person\",\"@id\":\"https:\/\/www.pressenza.com\/pt-pt\/#\/schema\/person\/7f4f7cda502887ac8bd3ccb0ae8b5a62\",\"name\":\"Outras Palavras\",\"description\":\"Comunica\u00e7\u00e3o compartilhada e P\u00f3s-capitalismo\",\"sameAs\":[\"https:\/\/www.facebook.com\/outraspalavras\",\"https:\/\/x.com\/outraspalavrass\"],\"url\":\"https:\/\/www.pressenza.com\/pt-pt\/author\/outras-palavras\/\"}]}<\/script>\n<!-- \/ Yoast SEO plugin. -->","yoast_head_json":{"title":"Argentina: Stiglitz avisa que os banqueiros perder\u00e3o","description":"Em Davos, recado do Nobel de Economia: \u201cn\u00e3o \u00e9 razo\u00e1vel\u201d supor que o governo Fern\u00e1ndez sufocar\u00e1 popula\u00e7\u00e3o para pagar juros. Vem a\u00ed nova morat\u00f3ria? Detalhe:","robots":{"index":"index","follow":"follow","max-snippet":"max-snippet:-1","max-image-preview":"max-image-preview:large","max-video-preview":"max-video-preview:-1"},"canonical":"https:\/\/www.pressenza.com\/pt-pt\/2020\/01\/argentina-stiglitz-avisa-que-os-banqueiros-perderao\/","og_locale":"pt_PT","og_type":"article","og_title":"Argentina: Stiglitz avisa que os banqueiros perder\u00e3o","og_description":"Em Davos, recado do Nobel de Economia: \u201cn\u00e3o \u00e9 razo\u00e1vel\u201d supor que o governo Fern\u00e1ndez sufocar\u00e1 popula\u00e7\u00e3o para pagar juros. Vem a\u00ed nova morat\u00f3ria? Detalhe:","og_url":"https:\/\/www.pressenza.com\/pt-pt\/2020\/01\/argentina-stiglitz-avisa-que-os-banqueiros-perderao\/","og_site_name":"Pressenza","article_publisher":"https:\/\/www.facebook.com\/PressenzaItalia","article_author":"https:\/\/www.facebook.com\/outraspalavras","article_published_time":"2020-01-22T19:27:19+00:00","og_image":[{"width":1024,"height":576,"url":"https:\/\/www.pressenza.com\/wp-content\/uploads\/2020\/01\/cropped-20170530124630_pndr3501-1024x576.jpg","type":"image\/jpeg"}],"author":"Outras Palavras","twitter_card":"summary_large_image","twitter_creator":"@outraspalavrass","twitter_site":"@PressenzaIPA","twitter_misc":{"Escrito por":"Outras Palavras","Tempo estimado de leitura":"1 minuto"},"schema":{"@context":"https:\/\/schema.org","@graph":[{"@type":"Article","@id":"https:\/\/www.pressenza.com\/pt-pt\/2020\/01\/argentina-stiglitz-avisa-que-os-banqueiros-perderao\/#article","isPartOf":{"@id":"https:\/\/www.pressenza.com\/pt-pt\/2020\/01\/argentina-stiglitz-avisa-que-os-banqueiros-perderao\/"},"author":{"name":"Outras Palavras","@id":"https:\/\/www.pressenza.com\/pt-pt\/#\/schema\/person\/7f4f7cda502887ac8bd3ccb0ae8b5a62"},"headline":"Argentina: Stiglitz avisa que os banqueiros perder\u00e3o","datePublished":"2020-01-22T19:27:19+00:00","mainEntityOfPage":{"@id":"https:\/\/www.pressenza.com\/pt-pt\/2020\/01\/argentina-stiglitz-avisa-que-os-banqueiros-perderao\/"},"wordCount":303,"publisher":{"@id":"https:\/\/www.pressenza.com\/pt-pt\/#organization"},"image":{"@id":"https:\/\/www.pressenza.com\/pt-pt\/2020\/01\/argentina-stiglitz-avisa-que-os-banqueiros-perderao\/#primaryimage"},"thumbnailUrl":"https:\/\/www.pressenza.com\/wp-content\/uploads\/2020\/01\/cropped-20170530124630_pndr3501-1024x576.jpg","keywords":["Alberto Fern\u00e1ndez","Argentina","Banqueiros","credores","Cristina Fern\u00e1ndez","Davos","FMI","F\u00f3rum Econ\u00f4mico Mundial"],"articleSection":["Economia","Internacional","Opini\u00e3o"],"inLanguage":"pt-PT"},{"@type":"WebPage","@id":"https:\/\/www.pressenza.com\/pt-pt\/2020\/01\/argentina-stiglitz-avisa-que-os-banqueiros-perderao\/","url":"https:\/\/www.pressenza.com\/pt-pt\/2020\/01\/argentina-stiglitz-avisa-que-os-banqueiros-perderao\/","name":"Argentina: Stiglitz avisa que os banqueiros perder\u00e3o","isPartOf":{"@id":"https:\/\/www.pressenza.com\/pt-pt\/#website"},"primaryImageOfPage":{"@id":"https:\/\/www.pressenza.com\/pt-pt\/2020\/01\/argentina-stiglitz-avisa-que-os-banqueiros-perderao\/#primaryimage"},"image":{"@id":"https:\/\/www.pressenza.com\/pt-pt\/2020\/01\/argentina-stiglitz-avisa-que-os-banqueiros-perderao\/#primaryimage"},"thumbnailUrl":"https:\/\/www.pressenza.com\/wp-content\/uploads\/2020\/01\/cropped-20170530124630_pndr3501-1024x576.jpg","datePublished":"2020-01-22T19:27:19+00:00","description":"Em Davos, recado do Nobel de Economia: \u201cn\u00e3o \u00e9 razo\u00e1vel\u201d supor que o governo Fern\u00e1ndez sufocar\u00e1 popula\u00e7\u00e3o para pagar juros. Vem a\u00ed nova morat\u00f3ria? Detalhe:","breadcrumb":{"@id":"https:\/\/www.pressenza.com\/pt-pt\/2020\/01\/argentina-stiglitz-avisa-que-os-banqueiros-perderao\/#breadcrumb"},"inLanguage":"pt-PT","potentialAction":[{"@type":"ReadAction","target":["https:\/\/www.pressenza.com\/pt-pt\/2020\/01\/argentina-stiglitz-avisa-que-os-banqueiros-perderao\/"]}]},{"@type":"ImageObject","inLanguage":"pt-PT","@id":"https:\/\/www.pressenza.com\/pt-pt\/2020\/01\/argentina-stiglitz-avisa-que-os-banqueiros-perderao\/#primaryimage","url":"https:\/\/www.pressenza.com\/wp-content\/uploads\/2020\/01\/cropped-20170530124630_pndr3501-1024x576.jpg","contentUrl":"https:\/\/www.pressenza.com\/wp-content\/uploads\/2020\/01\/cropped-20170530124630_pndr3501-1024x576.jpg","width":1024,"height":576},{"@type":"BreadcrumbList","@id":"https:\/\/www.pressenza.com\/pt-pt\/2020\/01\/argentina-stiglitz-avisa-que-os-banqueiros-perderao\/#breadcrumb","itemListElement":[{"@type":"ListItem","position":1,"name":"Accueil","item":"https:\/\/www.pressenza.com\/pt-pt\/"},{"@type":"ListItem","position":2,"name":"Argentina: Stiglitz avisa que os banqueiros perder\u00e3o"}]},{"@type":"WebSite","@id":"https:\/\/www.pressenza.com\/pt-pt\/#website","url":"https:\/\/www.pressenza.com\/pt-pt\/","name":"Pressenza","description":"International Press Agency","publisher":{"@id":"https:\/\/www.pressenza.com\/pt-pt\/#organization"},"potentialAction":[{"@type":"SearchAction","target":{"@type":"EntryPoint","urlTemplate":"https:\/\/www.pressenza.com\/pt-pt\/?s={search_term_string}"},"query-input":{"@type":"PropertyValueSpecification","valueRequired":true,"valueName":"search_term_string"}}],"inLanguage":"pt-PT"},{"@type":"Organization","@id":"https:\/\/www.pressenza.com\/pt-pt\/#organization","name":"Pressenza","url":"https:\/\/www.pressenza.com\/pt-pt\/","logo":{"@type":"ImageObject","inLanguage":"pt-PT","@id":"https:\/\/www.pressenza.com\/pt-pt\/#\/schema\/logo\/image\/","url":"https:\/\/www.pressenza.com\/wp-content\/uploads\/2022\/10\/pressenza_logo_200x200.jpg","contentUrl":"https:\/\/www.pressenza.com\/wp-content\/uploads\/2022\/10\/pressenza_logo_200x200.jpg","width":200,"height":200,"caption":"Pressenza"},"image":{"@id":"https:\/\/www.pressenza.com\/pt-pt\/#\/schema\/logo\/image\/"},"sameAs":["https:\/\/www.facebook.com\/PressenzaItalia","https:\/\/x.com\/PressenzaIPA"]},{"@type":"Person","@id":"https:\/\/www.pressenza.com\/pt-pt\/#\/schema\/person\/7f4f7cda502887ac8bd3ccb0ae8b5a62","name":"Outras Palavras","description":"Comunica\u00e7\u00e3o compartilhada e P\u00f3s-capitalismo","sameAs":["https:\/\/www.facebook.com\/outraspalavras","https:\/\/x.com\/outraspalavrass"],"url":"https:\/\/www.pressenza.com\/pt-pt\/author\/outras-palavras\/"}]}},"place":"Montevid\u00e9u","original_article_url":"https:\/\/outraspalavras.net\/blog\/argentina-stiglitz-avisa-que-os-banqueiros-perderao\/","_links":{"self":[{"href":"https:\/\/www.pressenza.com\/pt-pt\/wp-json\/wp\/v2\/posts\/1018652","targetHints":{"allow":["GET"]}}],"collection":[{"href":"https:\/\/www.pressenza.com\/pt-pt\/wp-json\/wp\/v2\/posts"}],"about":[{"href":"https:\/\/www.pressenza.com\/pt-pt\/wp-json\/wp\/v2\/types\/post"}],"author":[{"embeddable":true,"href":"https:\/\/www.pressenza.com\/pt-pt\/wp-json\/wp\/v2\/users\/1293"}],"replies":[{"embeddable":true,"href":"https:\/\/www.pressenza.com\/pt-pt\/wp-json\/wp\/v2\/comments?post=1018652"}],"version-history":[{"count":0,"href":"https:\/\/www.pressenza.com\/pt-pt\/wp-json\/wp\/v2\/posts\/1018652\/revisions"}],"wp:featuredmedia":[{"embeddable":true,"href":"https:\/\/www.pressenza.com\/pt-pt\/wp-json\/wp\/v2\/media\/1018656"}],"wp:attachment":[{"href":"https:\/\/www.pressenza.com\/pt-pt\/wp-json\/wp\/v2\/media?parent=1018652"}],"wp:term":[{"taxonomy":"category","embeddable":true,"href":"https:\/\/www.pressenza.com\/pt-pt\/wp-json\/wp\/v2\/categories?post=1018652"},{"taxonomy":"post_tag","embeddable":true,"href":"https:\/\/www.pressenza.com\/pt-pt\/wp-json\/wp\/v2\/tags?post=1018652"}],"curies":[{"name":"wp","href":"https:\/\/api.w.org\/{rel}","templated":true}]}}