{"id":1018377,"date":"2020-01-22T12:51:00","date_gmt":"2020-01-22T12:51:00","guid":{"rendered":"https:\/\/www.pressenza.com\/?p=1018377"},"modified":"2020-01-22T12:51:00","modified_gmt":"2020-01-22T12:51:00","slug":"o-estranho-pais-que-protegia-e-estimulava-a-tortura","status":"publish","type":"post","link":"https:\/\/www.pressenza.com\/pt-pt\/2020\/01\/o-estranho-pais-que-protegia-e-estimulava-a-tortura\/","title":{"rendered":"O estranho pa\u00eds que protegia (e estimulava) a tortura"},"content":{"rendered":"<p><em>Por<strong> Antonio Martins<\/strong><\/em><\/p>\n<p><strong>Come\u00e7a nos Estados Unidos um julgamento capaz de jogar novas luzes sobra a onda de ataques aos direitos civis que se espalha pelo mundo<\/strong><\/p>\n<p>Brasil, Filipinas, \u00cdndia, It\u00e1lia, Turquia. Espalharam-se por todo o mundo, nos \u00faltimos anos, os governantes que defendem abertamente limitar as liberdades democr\u00e1ticas, tolerar ou estimular abusos do Estado contra os direitos civis. Por que tantos, ao mesmo tempo? Haver\u00e1 algo comum nesta descamba? Ser\u00e1 poss\u00edvel encontrar a raiz em que se origina o surto de regimes, governantes e pol\u00edticos de ultradireita?<\/p>\n<p>Um julgamento que come\u00e7a hoje (22\/1), no tribunal militar da base norte-americana de Guant\u00e1namo, pode ajudar a encontrar um dos fios da meada. O psic\u00f3logo James Mitchell, que ajudou a conceber, em 2003, os m\u00e9todos de tortura empregados pelos Estados Unidos a pretexto da \u201cguerra ao terror\u201d, poder\u00e1 tornar-se o primeiro agente norte-americano a testemunhar sobre estes atos. Ele prestar\u00e1 depoimento convocado pelos advogados de uma de suas v\u00edtimas: Khalid Shaik Mohammed, a quem afogou 183 vezes, numa pris\u00e3o secreta mantida pela CIA em algum lugar do mundo ainda inc\u00f3gnito. A hist\u00f3ria est\u00e1 contada, em tons muito suavizados, em\u00a0mat\u00e9ria\u00a0da rep\u00f3rter Carol Rosemberg, que o\u00a0New York Times\u00a0publica hoje.<\/p>\n<p>A defesa de Mohammed quer anular a \u201cconfiss\u00e3o\u201d dele e de alguns corr\u00e9us, que afirmaram participar das articula\u00e7\u00e3o de redes da Al-Qaeda. Lembra que depuseram, comprovadamente, ap\u00f3s submetidos, al\u00e9m de afogamento, a viol\u00eancia como priva\u00e7\u00e3o de sono, manipula\u00e7\u00e3o diet\u00e1ria e \u201cabuso retal\u201d. Mas o programa desenvolvido por Mitchell, diz o\u00a0New York Times,\u00a0ia muito al\u00e9m. Inclu\u00eda confinamento em solit\u00e1rias, com os prisioneiros nus, \u00e0s vezes comprimidos em caixas que apenas lhes permitiam permanecer em posi\u00e7\u00e3o fetal, ou pendurados pelos punhos em situa\u00e7\u00e3o de dor intensa. Diante destes fatos, os advogados dos torturados pleiteiam a anula\u00e7\u00e3o de seus depoimentos.<\/p>\n<p>Ao contr\u00e1rio do que seria de esperar, contudo, os homens que desenvolveram o programa norte-americano de torturas\u00a0n\u00e3o\u00a0est\u00e3o sob julgamento. Seu testemunho servir\u00e1 apenas para que a corte militar de Guant\u00e1namo decida sobre sua poss\u00edvel condena\u00e7\u00e3o \u00e0 morte de Mohammed e seus corr\u00e9us. Os torturadores continuam livres, protegidos e\u2026 enriquecidos. Entre 2003 e 2007, Mitchell e um colega, John Bruce Jessen, atuaram em Guant\u00e1namo como \u201cconsultores\u201d de interrogat\u00f3rio. Mas j\u00e1 em 2005, eles empreenderam. Experimentados e bem relacionados, constitu\u00edram uma empresa, a quem a CIA encarregou de treinar todos os guardas e 80% dos \u201cinterrogadores\u201d que atuavam em seus centros de deten\u00e7\u00e3o clandestinos ao redor do mundo.<\/p>\n<p>Esta onda institucionalizada de ataques \u00e0s liberdades civis foi disparada com o\u00a0Patriot Act,\u00a0assinado pelo ent\u00e3o presidente George Bush poucas semanas ap\u00f3s o 11 de Setembro (em 26\/10\/2001). A ideia de restringir a democracia, em nome da \u201cseguran\u00e7a\u201d espalhou-se pelo mundo. E ainda perdura. Os processos, informa o\u00a0New York Times,\u00a0s\u00e3o escondidos da sociedade norte-americana e global com m\u00e9todos que s\u00f3 podem ser chamados de kafkianos. N\u00e3o se sabe ainda quanto do julgamento que come\u00e7a amanh\u00e3 ser\u00e1 tornado p\u00fablico. A CIA n\u00e3o revelou at\u00e9 hoje nem o que se passou em sua rede de pris\u00f5es secretas, nem mesmo onde est\u00e3o localizadas. Os procuradores encarregados destes e de outros casos semelhantes invocam a legisla\u00e7\u00e3o p\u00f3s-11 de Setembro para evitar que tanto o p\u00fablico quanto os pr\u00f3prios advogados da defesa tenham acesso a boa parte das informa\u00e7\u00f5es constantes dos autos. E at\u00e9 mesmo\u00a0os ju\u00edzes\u00a0s\u00e3o impedidos, segundo estas mesmas leis, de tomar conhecimento de algumas das circunst\u00e2ncias envolvendo os r\u00e9us.<\/p>\n<p>H\u00e1 oposi\u00e7\u00e3o, nos EUA, a este procedimento. Dror Ladin, um advogado da Uni\u00e3o Norte-americana pelas Liberdades Civis (ACLU) comparou o testemunho que o torturador Mitchell prepara a uma farsa. \u201cSobreviventes de tortura\u201d, disse ele, \u201cassistir\u00e3o aos homens que os torturaram testemunhar num julgamento que decidir\u00e1 se os r\u00e9us ser\u00e3o condenados \u00e0 morte \u2013 em parte com base no testemunho das mesmas pessoas que os torturaram\u201d.<\/p>\n<p>Mas se os torturadores n\u00e3o foram perturbados, se as leis que os protegem continuam em vigor e se o aparato que sustentou a tortura permanece intacto, fica um pouco mais f\u00e1cil enxergar o ambiente de degrada\u00e7\u00e3o da democracia que d\u00e1 origem aos Bolsonaro, aos Duterte, aos Salvini e\u2026 aos Trump.<\/p>\n","protected":false},"excerpt":{"rendered":"<p>Por Antonio Martins Come\u00e7a nos Estados Unidos um julgamento capaz de jogar novas luzes sobra a onda de ataques aos direitos civis que se espalha pelo mundo Brasil, Filipinas, \u00cdndia, It\u00e1lia, Turquia. Espalharam-se por todo o mundo, nos \u00faltimos anos,&hellip;<\/p>\n","protected":false},"author":1293,"featured_media":1018378,"comment_status":"closed","ping_status":"closed","sticky":false,"template":"","format":"standard","meta":{"footnotes":""},"categories":[105,116,165],"tags":[5832,63809,10347,5229,69846,5051],"class_list":["post-1018377","post","type-post","status-publish","format-standard","has-post-thumbnail","hentry","category-america-do-norte","category-direitos-humanos","category-opiniao","tag-cia-pt-pt","tag-eua-pt-pt-6","tag-guantanamo-pt-pt","tag-julgamento","tag-mitchell","tag-tortura-pt-pt"],"yoast_head":"<!-- This site is optimized with the Yoast SEO plugin v27.1.1 - https:\/\/yoast.com\/product\/yoast-seo-wordpress\/ -->\n<title>O estranho pa\u00eds que protegia (e estimulava) a tortura<\/title>\n<meta name=\"description\" content=\"Por Antonio Martins Come\u00e7a nos Estados Unidos um julgamento capaz de jogar novas luzes sobra a onda de ataques aos direitos civis que se espalha pelo\" \/>\n<meta name=\"robots\" content=\"index, follow, max-snippet:-1, max-image-preview:large, max-video-preview:-1\" \/>\n<link rel=\"canonical\" href=\"https:\/\/www.pressenza.com\/pt-pt\/2020\/01\/o-estranho-pais-que-protegia-e-estimulava-a-tortura\/\" \/>\n<meta property=\"og:locale\" content=\"pt_PT\" \/>\n<meta property=\"og:type\" content=\"article\" \/>\n<meta property=\"og:title\" content=\"O estranho pa\u00eds que protegia (e estimulava) a tortura\" \/>\n<meta property=\"og:description\" content=\"Por Antonio Martins Come\u00e7a nos Estados Unidos um julgamento capaz de jogar novas luzes sobra a onda de ataques aos direitos civis que se espalha pelo\" \/>\n<meta property=\"og:url\" content=\"https:\/\/www.pressenza.com\/pt-pt\/2020\/01\/o-estranho-pais-que-protegia-e-estimulava-a-tortura\/\" \/>\n<meta property=\"og:site_name\" content=\"Pressenza\" \/>\n<meta property=\"article:publisher\" content=\"https:\/\/www.facebook.com\/PressenzaItalia\" \/>\n<meta property=\"article:author\" content=\"https:\/\/www.facebook.com\/outraspalavras\" \/>\n<meta property=\"article:published_time\" content=\"2020-01-22T12:51:00+00:00\" \/>\n<meta property=\"og:image\" content=\"https:\/\/www.pressenza.com\/wp-content\/uploads\/2020\/01\/James-Mitchell-The-Mark-Steyn-show-Captura.jpg\" \/>\n\t<meta property=\"og:image:width\" content=\"1024\" \/>\n\t<meta property=\"og:image:height\" content=\"573\" \/>\n\t<meta property=\"og:image:type\" content=\"image\/jpeg\" \/>\n<meta name=\"author\" content=\"Outras Palavras\" \/>\n<meta name=\"twitter:card\" content=\"summary_large_image\" \/>\n<meta name=\"twitter:creator\" content=\"@outraspalavrass\" \/>\n<meta name=\"twitter:site\" content=\"@PressenzaIPA\" \/>\n<meta name=\"twitter:label1\" content=\"Escrito por\" \/>\n\t<meta name=\"twitter:data1\" content=\"Outras Palavras\" \/>\n\t<meta name=\"twitter:label2\" content=\"Tempo estimado de leitura\" \/>\n\t<meta name=\"twitter:data2\" content=\"4 minutos\" \/>\n<script type=\"application\/ld+json\" class=\"yoast-schema-graph\">{\"@context\":\"https:\/\/schema.org\",\"@graph\":[{\"@type\":\"Article\",\"@id\":\"https:\/\/www.pressenza.com\/pt-pt\/2020\/01\/o-estranho-pais-que-protegia-e-estimulava-a-tortura\/#article\",\"isPartOf\":{\"@id\":\"https:\/\/www.pressenza.com\/pt-pt\/2020\/01\/o-estranho-pais-que-protegia-e-estimulava-a-tortura\/\"},\"author\":{\"name\":\"Outras Palavras\",\"@id\":\"https:\/\/www.pressenza.com\/pt-pt\/#\/schema\/person\/7f4f7cda502887ac8bd3ccb0ae8b5a62\"},\"headline\":\"O estranho pa\u00eds que protegia (e estimulava) a tortura\",\"datePublished\":\"2020-01-22T12:51:00+00:00\",\"mainEntityOfPage\":{\"@id\":\"https:\/\/www.pressenza.com\/pt-pt\/2020\/01\/o-estranho-pais-que-protegia-e-estimulava-a-tortura\/\"},\"wordCount\":749,\"publisher\":{\"@id\":\"https:\/\/www.pressenza.com\/pt-pt\/#organization\"},\"image\":{\"@id\":\"https:\/\/www.pressenza.com\/pt-pt\/2020\/01\/o-estranho-pais-que-protegia-e-estimulava-a-tortura\/#primaryimage\"},\"thumbnailUrl\":\"https:\/\/www.pressenza.com\/wp-content\/uploads\/2020\/01\/James-Mitchell-The-Mark-Steyn-show-Captura.jpg\",\"keywords\":[\"cia\",\"EUA\",\"guantanamo\",\"julgamento\",\"Mitchell\",\"tortura\"],\"articleSection\":[\"Am\u00e9rica do Norte\",\"Direitos Humanos\",\"Opini\u00e3o\"],\"inLanguage\":\"pt-PT\"},{\"@type\":\"WebPage\",\"@id\":\"https:\/\/www.pressenza.com\/pt-pt\/2020\/01\/o-estranho-pais-que-protegia-e-estimulava-a-tortura\/\",\"url\":\"https:\/\/www.pressenza.com\/pt-pt\/2020\/01\/o-estranho-pais-que-protegia-e-estimulava-a-tortura\/\",\"name\":\"O estranho pa\u00eds que protegia (e estimulava) a tortura\",\"isPartOf\":{\"@id\":\"https:\/\/www.pressenza.com\/pt-pt\/#website\"},\"primaryImageOfPage\":{\"@id\":\"https:\/\/www.pressenza.com\/pt-pt\/2020\/01\/o-estranho-pais-que-protegia-e-estimulava-a-tortura\/#primaryimage\"},\"image\":{\"@id\":\"https:\/\/www.pressenza.com\/pt-pt\/2020\/01\/o-estranho-pais-que-protegia-e-estimulava-a-tortura\/#primaryimage\"},\"thumbnailUrl\":\"https:\/\/www.pressenza.com\/wp-content\/uploads\/2020\/01\/James-Mitchell-The-Mark-Steyn-show-Captura.jpg\",\"datePublished\":\"2020-01-22T12:51:00+00:00\",\"description\":\"Por Antonio Martins Come\u00e7a nos Estados Unidos um julgamento capaz de jogar novas luzes sobra a onda de ataques aos direitos civis que se espalha pelo\",\"breadcrumb\":{\"@id\":\"https:\/\/www.pressenza.com\/pt-pt\/2020\/01\/o-estranho-pais-que-protegia-e-estimulava-a-tortura\/#breadcrumb\"},\"inLanguage\":\"pt-PT\",\"potentialAction\":[{\"@type\":\"ReadAction\",\"target\":[\"https:\/\/www.pressenza.com\/pt-pt\/2020\/01\/o-estranho-pais-que-protegia-e-estimulava-a-tortura\/\"]}]},{\"@type\":\"ImageObject\",\"inLanguage\":\"pt-PT\",\"@id\":\"https:\/\/www.pressenza.com\/pt-pt\/2020\/01\/o-estranho-pais-que-protegia-e-estimulava-a-tortura\/#primaryimage\",\"url\":\"https:\/\/www.pressenza.com\/wp-content\/uploads\/2020\/01\/James-Mitchell-The-Mark-Steyn-show-Captura.jpg\",\"contentUrl\":\"https:\/\/www.pressenza.com\/wp-content\/uploads\/2020\/01\/James-Mitchell-The-Mark-Steyn-show-Captura.jpg\",\"width\":1024,\"height\":573},{\"@type\":\"BreadcrumbList\",\"@id\":\"https:\/\/www.pressenza.com\/pt-pt\/2020\/01\/o-estranho-pais-que-protegia-e-estimulava-a-tortura\/#breadcrumb\",\"itemListElement\":[{\"@type\":\"ListItem\",\"position\":1,\"name\":\"Accueil\",\"item\":\"https:\/\/www.pressenza.com\/pt-pt\/\"},{\"@type\":\"ListItem\",\"position\":2,\"name\":\"O estranho pa\u00eds que protegia (e estimulava) a tortura\"}]},{\"@type\":\"WebSite\",\"@id\":\"https:\/\/www.pressenza.com\/pt-pt\/#website\",\"url\":\"https:\/\/www.pressenza.com\/pt-pt\/\",\"name\":\"Pressenza\",\"description\":\"International Press Agency\",\"publisher\":{\"@id\":\"https:\/\/www.pressenza.com\/pt-pt\/#organization\"},\"potentialAction\":[{\"@type\":\"SearchAction\",\"target\":{\"@type\":\"EntryPoint\",\"urlTemplate\":\"https:\/\/www.pressenza.com\/pt-pt\/?s={search_term_string}\"},\"query-input\":{\"@type\":\"PropertyValueSpecification\",\"valueRequired\":true,\"valueName\":\"search_term_string\"}}],\"inLanguage\":\"pt-PT\"},{\"@type\":\"Organization\",\"@id\":\"https:\/\/www.pressenza.com\/pt-pt\/#organization\",\"name\":\"Pressenza\",\"url\":\"https:\/\/www.pressenza.com\/pt-pt\/\",\"logo\":{\"@type\":\"ImageObject\",\"inLanguage\":\"pt-PT\",\"@id\":\"https:\/\/www.pressenza.com\/pt-pt\/#\/schema\/logo\/image\/\",\"url\":\"https:\/\/www.pressenza.com\/wp-content\/uploads\/2022\/10\/pressenza_logo_200x200.jpg\",\"contentUrl\":\"https:\/\/www.pressenza.com\/wp-content\/uploads\/2022\/10\/pressenza_logo_200x200.jpg\",\"width\":200,\"height\":200,\"caption\":\"Pressenza\"},\"image\":{\"@id\":\"https:\/\/www.pressenza.com\/pt-pt\/#\/schema\/logo\/image\/\"},\"sameAs\":[\"https:\/\/www.facebook.com\/PressenzaItalia\",\"https:\/\/x.com\/PressenzaIPA\"]},{\"@type\":\"Person\",\"@id\":\"https:\/\/www.pressenza.com\/pt-pt\/#\/schema\/person\/7f4f7cda502887ac8bd3ccb0ae8b5a62\",\"name\":\"Outras Palavras\",\"description\":\"Comunica\u00e7\u00e3o compartilhada e P\u00f3s-capitalismo\",\"sameAs\":[\"https:\/\/www.facebook.com\/outraspalavras\",\"https:\/\/x.com\/outraspalavrass\"],\"url\":\"https:\/\/www.pressenza.com\/pt-pt\/author\/outras-palavras\/\"}]}<\/script>\n<!-- \/ Yoast SEO plugin. -->","yoast_head_json":{"title":"O estranho pa\u00eds que protegia (e estimulava) a tortura","description":"Por Antonio Martins Come\u00e7a nos Estados Unidos um julgamento capaz de jogar novas luzes sobra a onda de ataques aos direitos civis que se espalha pelo","robots":{"index":"index","follow":"follow","max-snippet":"max-snippet:-1","max-image-preview":"max-image-preview:large","max-video-preview":"max-video-preview:-1"},"canonical":"https:\/\/www.pressenza.com\/pt-pt\/2020\/01\/o-estranho-pais-que-protegia-e-estimulava-a-tortura\/","og_locale":"pt_PT","og_type":"article","og_title":"O estranho pa\u00eds que protegia (e estimulava) a tortura","og_description":"Por Antonio Martins Come\u00e7a nos Estados Unidos um julgamento capaz de jogar novas luzes sobra a onda de ataques aos direitos civis que se espalha pelo","og_url":"https:\/\/www.pressenza.com\/pt-pt\/2020\/01\/o-estranho-pais-que-protegia-e-estimulava-a-tortura\/","og_site_name":"Pressenza","article_publisher":"https:\/\/www.facebook.com\/PressenzaItalia","article_author":"https:\/\/www.facebook.com\/outraspalavras","article_published_time":"2020-01-22T12:51:00+00:00","og_image":[{"width":1024,"height":573,"url":"https:\/\/www.pressenza.com\/wp-content\/uploads\/2020\/01\/James-Mitchell-The-Mark-Steyn-show-Captura.jpg","type":"image\/jpeg"}],"author":"Outras Palavras","twitter_card":"summary_large_image","twitter_creator":"@outraspalavrass","twitter_site":"@PressenzaIPA","twitter_misc":{"Escrito por":"Outras Palavras","Tempo estimado de leitura":"4 minutos"},"schema":{"@context":"https:\/\/schema.org","@graph":[{"@type":"Article","@id":"https:\/\/www.pressenza.com\/pt-pt\/2020\/01\/o-estranho-pais-que-protegia-e-estimulava-a-tortura\/#article","isPartOf":{"@id":"https:\/\/www.pressenza.com\/pt-pt\/2020\/01\/o-estranho-pais-que-protegia-e-estimulava-a-tortura\/"},"author":{"name":"Outras Palavras","@id":"https:\/\/www.pressenza.com\/pt-pt\/#\/schema\/person\/7f4f7cda502887ac8bd3ccb0ae8b5a62"},"headline":"O estranho pa\u00eds que protegia (e estimulava) a tortura","datePublished":"2020-01-22T12:51:00+00:00","mainEntityOfPage":{"@id":"https:\/\/www.pressenza.com\/pt-pt\/2020\/01\/o-estranho-pais-que-protegia-e-estimulava-a-tortura\/"},"wordCount":749,"publisher":{"@id":"https:\/\/www.pressenza.com\/pt-pt\/#organization"},"image":{"@id":"https:\/\/www.pressenza.com\/pt-pt\/2020\/01\/o-estranho-pais-que-protegia-e-estimulava-a-tortura\/#primaryimage"},"thumbnailUrl":"https:\/\/www.pressenza.com\/wp-content\/uploads\/2020\/01\/James-Mitchell-The-Mark-Steyn-show-Captura.jpg","keywords":["cia","EUA","guantanamo","julgamento","Mitchell","tortura"],"articleSection":["Am\u00e9rica do Norte","Direitos Humanos","Opini\u00e3o"],"inLanguage":"pt-PT"},{"@type":"WebPage","@id":"https:\/\/www.pressenza.com\/pt-pt\/2020\/01\/o-estranho-pais-que-protegia-e-estimulava-a-tortura\/","url":"https:\/\/www.pressenza.com\/pt-pt\/2020\/01\/o-estranho-pais-que-protegia-e-estimulava-a-tortura\/","name":"O estranho pa\u00eds que protegia (e estimulava) a tortura","isPartOf":{"@id":"https:\/\/www.pressenza.com\/pt-pt\/#website"},"primaryImageOfPage":{"@id":"https:\/\/www.pressenza.com\/pt-pt\/2020\/01\/o-estranho-pais-que-protegia-e-estimulava-a-tortura\/#primaryimage"},"image":{"@id":"https:\/\/www.pressenza.com\/pt-pt\/2020\/01\/o-estranho-pais-que-protegia-e-estimulava-a-tortura\/#primaryimage"},"thumbnailUrl":"https:\/\/www.pressenza.com\/wp-content\/uploads\/2020\/01\/James-Mitchell-The-Mark-Steyn-show-Captura.jpg","datePublished":"2020-01-22T12:51:00+00:00","description":"Por Antonio Martins Come\u00e7a nos Estados Unidos um julgamento capaz de jogar novas luzes sobra a onda de ataques aos direitos civis que se espalha pelo","breadcrumb":{"@id":"https:\/\/www.pressenza.com\/pt-pt\/2020\/01\/o-estranho-pais-que-protegia-e-estimulava-a-tortura\/#breadcrumb"},"inLanguage":"pt-PT","potentialAction":[{"@type":"ReadAction","target":["https:\/\/www.pressenza.com\/pt-pt\/2020\/01\/o-estranho-pais-que-protegia-e-estimulava-a-tortura\/"]}]},{"@type":"ImageObject","inLanguage":"pt-PT","@id":"https:\/\/www.pressenza.com\/pt-pt\/2020\/01\/o-estranho-pais-que-protegia-e-estimulava-a-tortura\/#primaryimage","url":"https:\/\/www.pressenza.com\/wp-content\/uploads\/2020\/01\/James-Mitchell-The-Mark-Steyn-show-Captura.jpg","contentUrl":"https:\/\/www.pressenza.com\/wp-content\/uploads\/2020\/01\/James-Mitchell-The-Mark-Steyn-show-Captura.jpg","width":1024,"height":573},{"@type":"BreadcrumbList","@id":"https:\/\/www.pressenza.com\/pt-pt\/2020\/01\/o-estranho-pais-que-protegia-e-estimulava-a-tortura\/#breadcrumb","itemListElement":[{"@type":"ListItem","position":1,"name":"Accueil","item":"https:\/\/www.pressenza.com\/pt-pt\/"},{"@type":"ListItem","position":2,"name":"O estranho pa\u00eds que protegia (e estimulava) a tortura"}]},{"@type":"WebSite","@id":"https:\/\/www.pressenza.com\/pt-pt\/#website","url":"https:\/\/www.pressenza.com\/pt-pt\/","name":"Pressenza","description":"International Press Agency","publisher":{"@id":"https:\/\/www.pressenza.com\/pt-pt\/#organization"},"potentialAction":[{"@type":"SearchAction","target":{"@type":"EntryPoint","urlTemplate":"https:\/\/www.pressenza.com\/pt-pt\/?s={search_term_string}"},"query-input":{"@type":"PropertyValueSpecification","valueRequired":true,"valueName":"search_term_string"}}],"inLanguage":"pt-PT"},{"@type":"Organization","@id":"https:\/\/www.pressenza.com\/pt-pt\/#organization","name":"Pressenza","url":"https:\/\/www.pressenza.com\/pt-pt\/","logo":{"@type":"ImageObject","inLanguage":"pt-PT","@id":"https:\/\/www.pressenza.com\/pt-pt\/#\/schema\/logo\/image\/","url":"https:\/\/www.pressenza.com\/wp-content\/uploads\/2022\/10\/pressenza_logo_200x200.jpg","contentUrl":"https:\/\/www.pressenza.com\/wp-content\/uploads\/2022\/10\/pressenza_logo_200x200.jpg","width":200,"height":200,"caption":"Pressenza"},"image":{"@id":"https:\/\/www.pressenza.com\/pt-pt\/#\/schema\/logo\/image\/"},"sameAs":["https:\/\/www.facebook.com\/PressenzaItalia","https:\/\/x.com\/PressenzaIPA"]},{"@type":"Person","@id":"https:\/\/www.pressenza.com\/pt-pt\/#\/schema\/person\/7f4f7cda502887ac8bd3ccb0ae8b5a62","name":"Outras Palavras","description":"Comunica\u00e7\u00e3o compartilhada e P\u00f3s-capitalismo","sameAs":["https:\/\/www.facebook.com\/outraspalavras","https:\/\/x.com\/outraspalavrass"],"url":"https:\/\/www.pressenza.com\/pt-pt\/author\/outras-palavras\/"}]}},"place":"S\u00e3o Paulo, Brasil","original_article_url":"https:\/\/outraspalavras.net\/blog\/o-estranho-pais-que-protegia-e-estimulava-a-tortura\/","_links":{"self":[{"href":"https:\/\/www.pressenza.com\/pt-pt\/wp-json\/wp\/v2\/posts\/1018377","targetHints":{"allow":["GET"]}}],"collection":[{"href":"https:\/\/www.pressenza.com\/pt-pt\/wp-json\/wp\/v2\/posts"}],"about":[{"href":"https:\/\/www.pressenza.com\/pt-pt\/wp-json\/wp\/v2\/types\/post"}],"author":[{"embeddable":true,"href":"https:\/\/www.pressenza.com\/pt-pt\/wp-json\/wp\/v2\/users\/1293"}],"replies":[{"embeddable":true,"href":"https:\/\/www.pressenza.com\/pt-pt\/wp-json\/wp\/v2\/comments?post=1018377"}],"version-history":[{"count":0,"href":"https:\/\/www.pressenza.com\/pt-pt\/wp-json\/wp\/v2\/posts\/1018377\/revisions"}],"wp:featuredmedia":[{"embeddable":true,"href":"https:\/\/www.pressenza.com\/pt-pt\/wp-json\/wp\/v2\/media\/1018378"}],"wp:attachment":[{"href":"https:\/\/www.pressenza.com\/pt-pt\/wp-json\/wp\/v2\/media?parent=1018377"}],"wp:term":[{"taxonomy":"category","embeddable":true,"href":"https:\/\/www.pressenza.com\/pt-pt\/wp-json\/wp\/v2\/categories?post=1018377"},{"taxonomy":"post_tag","embeddable":true,"href":"https:\/\/www.pressenza.com\/pt-pt\/wp-json\/wp\/v2\/tags?post=1018377"}],"curies":[{"name":"wp","href":"https:\/\/api.w.org\/{rel}","templated":true}]}}