{"id":1016896,"date":"2020-01-20T17:38:09","date_gmt":"2020-01-20T17:38:09","guid":{"rendered":"https:\/\/www.pressenza.com\/?p=1016896"},"modified":"2020-01-20T17:46:11","modified_gmt":"2020-01-20T17:46:11","slug":"manifesto-do-piarac%cc%a7u-liderancas-indigenas-denunciam-politica-do-governo-bolsonaro","status":"publish","type":"post","link":"https:\/\/www.pressenza.com\/pt-pt\/2020\/01\/manifesto-do-piarac%cc%a7u-liderancas-indigenas-denunciam-politica-do-governo-bolsonaro\/","title":{"rendered":"Manifesto do Piarac\u0327u: lideran\u00e7as ind\u00edgenas denunciam pol\u00edtica do governo Bolsonaro"},"content":{"rendered":"<p>Depois de quatro dias de debates, rituais e trocas, as mais de 450 lideran\u00e7as ind\u00edgenas que participaram do\u00a0Encontro dos Povos Mebengokr\u00ea, que aconteceu entre os dias 14 e 17 de janeiro as margens do Rio Xingu, no Mato Grosso, assinaram o\u00a0<a href=\"https:\/\/midianinja.org\/files\/2020\/01\/%E2%80%9CManifesto-do-Piarac%CC%A7u-das-lideranc%CC%A7as-indi%CC%81genas-e-caciques-do-Brasil.pdf\" target=\"_blank\" rel=\"noopener\">\u201cManifesto do Piarac\u0327u das lideranc\u0327as indi\u0301genas e caciques do Brasil&#8221;<\/a>, documento no qual reafirmam a resist\u00eancia de mais de 520 anos dos povos origin\u00e1rios desse pa\u00eds e denunciam a\u00a0pol\u00edtica etnocida, genocida e ecocida do governo Bolsonaro.<\/p>\n<p>A lideran\u00e7a e o papel das mulheres na luta do movimento ind\u00edgena e o reconhecimento da for\u00e7a da juventude tamb\u00e9m s\u00e3o pontos destacados no documento, al\u00e9m de par\u00e1grafos inteiros sobre a sa\u00fade, a educa\u00e7\u00e3o, a demarca\u00e7\u00e3o de terras e o impedimento da explora\u00e7\u00e3o mineral, madeireira e agr\u00edcola dos territ\u00f3rios ind\u00edgenas. Raoni\u00a0Metukire, com seus aproximadamente 89 anos, foi uma das lideran\u00e7as que participou da constru\u00e7\u00e3o da Constitui\u00e7\u00e3o de 1988 e que garantiu os artigos 231 e 232 com o reconhecimento dos direitos ind\u00edgenas e foi quem liderou o encontro que aconteceu em sua aldeia.<\/p>\n<p>Outro destaque do encontro foi a retomada da Alian\u00e7a dos Povos da Floresta, movimento que foi protagonizado por Chico Mendes na d\u00e9cada de 1980\u00a0quando se uniram ind\u00edgenas, ribeirinhos, seringueiros e outros povos que vivem na mata para defender seus territ\u00f3rios e garantir a preserva\u00e7\u00e3o da Amaz\u00f4nia. \u00c2ngela Mendes, atual coordenadora do Comit\u00ea Chico Mendes, participou de todo o encontro e firmou compromisso em retomar a alian\u00e7a.<\/p>\n<p>Algumas fotos do encontro:<\/p>\n<div id=\"attachment_1016967\" class=\"wp-caption alignnone\"><img loading=\"lazy\" decoding=\"async\" aria-describedby=\"caption-attachment-1016967\" class=\"size-large wp-image-1016967\" src=\"https:\/\/www.pressenza.com\/wp-content\/uploads\/2020\/01\/mulheres-indigenas-012020-MidiaNinja-720x481.jpeg\" alt=\"\" width=\"720\" height=\"481\" srcset=\"https:\/\/www.pressenza.com\/wp-content\/uploads\/2020\/01\/mulheres-indigenas-012020-MidiaNinja-720x481.jpeg 720w, https:\/\/www.pressenza.com\/wp-content\/uploads\/2020\/01\/mulheres-indigenas-012020-MidiaNinja-300x200.jpeg 300w, https:\/\/www.pressenza.com\/wp-content\/uploads\/2020\/01\/mulheres-indigenas-012020-MidiaNinja-768x513.jpeg 768w, https:\/\/www.pressenza.com\/wp-content\/uploads\/2020\/01\/mulheres-indigenas-012020-MidiaNinja.jpeg 1024w\" sizes=\"auto, (max-width: 720px) 100vw, 720px\" \/><p id=\"caption-attachment-1016967\" class=\"wp-caption-text\">Reuni\u00e3o das mulheres ind\u00edgenas no Encontro. Foto: M\u00eddia NINJA<\/p><\/div>\n<div id=\"attachment_1016957\" class=\"wp-caption alignnone\"><img loading=\"lazy\" decoding=\"async\" aria-describedby=\"caption-attachment-1016957\" class=\"size-large wp-image-1016957\" src=\"https:\/\/www.pressenza.com\/wp-content\/uploads\/2020\/01\/juventude-indigena-012020-MidiaNinja-720x481.jpeg\" alt=\"\" width=\"720\" height=\"481\" srcset=\"https:\/\/www.pressenza.com\/wp-content\/uploads\/2020\/01\/juventude-indigena-012020-MidiaNinja-720x481.jpeg 720w, https:\/\/www.pressenza.com\/wp-content\/uploads\/2020\/01\/juventude-indigena-012020-MidiaNinja-300x200.jpeg 300w, https:\/\/www.pressenza.com\/wp-content\/uploads\/2020\/01\/juventude-indigena-012020-MidiaNinja-768x513.jpeg 768w, https:\/\/www.pressenza.com\/wp-content\/uploads\/2020\/01\/juventude-indigena-012020-MidiaNinja.jpeg 1024w\" sizes=\"auto, (max-width: 720px) 100vw, 720px\" \/><p id=\"caption-attachment-1016957\" class=\"wp-caption-text\">Reuni\u00e3o da juventude ind\u00edgena. Foto: M\u00eddia NINJA<\/p><\/div>\n<div id=\"attachment_1016947\" class=\"wp-caption alignnone\"><img loading=\"lazy\" decoding=\"async\" aria-describedby=\"caption-attachment-1016947\" class=\"size-large wp-image-1016947\" src=\"https:\/\/www.pressenza.com\/wp-content\/uploads\/2020\/01\/Raoni-Metukire-012020-MidiaNinja-720x481.jpeg\" alt=\"\" width=\"720\" height=\"481\" srcset=\"https:\/\/www.pressenza.com\/wp-content\/uploads\/2020\/01\/Raoni-Metukire-012020-MidiaNinja-720x481.jpeg 720w, https:\/\/www.pressenza.com\/wp-content\/uploads\/2020\/01\/Raoni-Metukire-012020-MidiaNinja-300x200.jpeg 300w, https:\/\/www.pressenza.com\/wp-content\/uploads\/2020\/01\/Raoni-Metukire-012020-MidiaNinja-768x513.jpeg 768w, https:\/\/www.pressenza.com\/wp-content\/uploads\/2020\/01\/Raoni-Metukire-012020-MidiaNinja.jpeg 1024w\" sizes=\"auto, (max-width: 720px) 100vw, 720px\" \/><p id=\"caption-attachment-1016947\" class=\"wp-caption-text\">Raoni Metukire. Foto: M\u00eddia NINJA<\/p><\/div>\n<div id=\"attachment_1016937\" class=\"wp-caption alignnone\"><img loading=\"lazy\" decoding=\"async\" aria-describedby=\"caption-attachment-1016937\" class=\"size-large wp-image-1016937\" src=\"https:\/\/www.pressenza.com\/wp-content\/uploads\/2020\/01\/Raoni-e-Sonia-Guajajara-012020-MidiaNinja-720x481.jpeg\" alt=\"\" width=\"720\" height=\"481\" srcset=\"https:\/\/www.pressenza.com\/wp-content\/uploads\/2020\/01\/Raoni-e-Sonia-Guajajara-012020-MidiaNinja-720x481.jpeg 720w, https:\/\/www.pressenza.com\/wp-content\/uploads\/2020\/01\/Raoni-e-Sonia-Guajajara-012020-MidiaNinja-300x200.jpeg 300w, https:\/\/www.pressenza.com\/wp-content\/uploads\/2020\/01\/Raoni-e-Sonia-Guajajara-012020-MidiaNinja-768x513.jpeg 768w, https:\/\/www.pressenza.com\/wp-content\/uploads\/2020\/01\/Raoni-e-Sonia-Guajajara-012020-MidiaNinja.jpeg 1024w\" sizes=\"auto, (max-width: 720px) 100vw, 720px\" \/><p id=\"caption-attachment-1016937\" class=\"wp-caption-text\">Sonia Guajajara e Raoni Metukire. Foto: M\u00eddia NINJA<\/p><\/div>\n<div id=\"attachment_1016927\" class=\"wp-caption alignnone\"><img loading=\"lazy\" decoding=\"async\" aria-describedby=\"caption-attachment-1016927\" class=\"size-large wp-image-1016927\" src=\"https:\/\/www.pressenza.com\/wp-content\/uploads\/2020\/01\/O.e\u0301-Caiapo\u0301-012020-MidiaNinja-720x480.jpeg\" alt=\"\" width=\"720\" height=\"480\" srcset=\"https:\/\/www.pressenza.com\/wp-content\/uploads\/2020\/01\/O.e\u0301-Caiapo\u0301-012020-MidiaNinja-720x480.jpeg 720w, https:\/\/www.pressenza.com\/wp-content\/uploads\/2020\/01\/O.e\u0301-Caiapo\u0301-012020-MidiaNinja-300x200.jpeg 300w, https:\/\/www.pressenza.com\/wp-content\/uploads\/2020\/01\/O.e\u0301-Caiapo\u0301-012020-MidiaNinja-768x512.jpeg 768w, https:\/\/www.pressenza.com\/wp-content\/uploads\/2020\/01\/O.e\u0301-Caiapo\u0301-012020-MidiaNinja.jpeg 1024w\" sizes=\"auto, (max-width: 720px) 100vw, 720px\" \/><p id=\"caption-attachment-1016927\" class=\"wp-caption-text\">O.\u00e9 Caiap\u00f3 durante o Encontro Mebengokr\u00ea. Foto: Erick Marky Terena \/ M\u00eddia \u00cdndia<\/p><\/div>\n<div id=\"attachment_1016917\" class=\"wp-caption alignnone\"><img loading=\"lazy\" decoding=\"async\" aria-describedby=\"caption-attachment-1016917\" class=\"size-large wp-image-1016917\" src=\"https:\/\/www.pressenza.com\/wp-content\/uploads\/2020\/01\/encontro-indigena-012020-MidiaNinja-720x480.jpeg\" alt=\"\" width=\"720\" height=\"480\" srcset=\"https:\/\/www.pressenza.com\/wp-content\/uploads\/2020\/01\/encontro-indigena-012020-MidiaNinja-720x480.jpeg 720w, https:\/\/www.pressenza.com\/wp-content\/uploads\/2020\/01\/encontro-indigena-012020-MidiaNinja-300x200.jpeg 300w, https:\/\/www.pressenza.com\/wp-content\/uploads\/2020\/01\/encontro-indigena-012020-MidiaNinja-768x512.jpeg 768w, https:\/\/www.pressenza.com\/wp-content\/uploads\/2020\/01\/encontro-indigena-012020-MidiaNinja.jpeg 1024w\" sizes=\"auto, (max-width: 720px) 100vw, 720px\" \/><p id=\"caption-attachment-1016917\" class=\"wp-caption-text\">Aos 89 anos Cacique Raoni comandou a organiza\u00e7\u00e3o do encontro em sua aldeia. Foto: Erick Marky Terena \/ M\u00eddia \u00cdndia<\/p><\/div>\n<div id=\"attachment_1016907\" class=\"wp-caption alignnone\"><img loading=\"lazy\" decoding=\"async\" aria-describedby=\"caption-attachment-1016907\" class=\"size-large wp-image-1016907\" src=\"https:\/\/www.pressenza.com\/wp-content\/uploads\/2020\/01\/gerreiros-indigenas-012020-MidiaNinja-720x480.jpeg\" alt=\"\" width=\"720\" height=\"480\" srcset=\"https:\/\/www.pressenza.com\/wp-content\/uploads\/2020\/01\/gerreiros-indigenas-012020-MidiaNinja-720x480.jpeg 720w, https:\/\/www.pressenza.com\/wp-content\/uploads\/2020\/01\/gerreiros-indigenas-012020-MidiaNinja-300x200.jpeg 300w, https:\/\/www.pressenza.com\/wp-content\/uploads\/2020\/01\/gerreiros-indigenas-012020-MidiaNinja-768x512.jpeg 768w, https:\/\/www.pressenza.com\/wp-content\/uploads\/2020\/01\/gerreiros-indigenas-012020-MidiaNinja.jpeg 1024w\" sizes=\"auto, (max-width: 720px) 100vw, 720px\" \/><p id=\"caption-attachment-1016907\" class=\"wp-caption-text\">Guerreiros ind\u00edgenas xinguanos realizaram rituais durante o encontro. Foto: Erick Marky Terena \/ M\u00eddia \u00cdndia<\/p><\/div>\n<div id=\"attachment_1016897\" class=\"wp-caption alignnone\"><img loading=\"lazy\" decoding=\"async\" aria-describedby=\"caption-attachment-1016897\" class=\"size-large wp-image-1016897\" src=\"https:\/\/www.pressenza.com\/wp-content\/uploads\/2020\/01\/indigenas-012020-MidiaNinja-720x480.jpeg\" alt=\"\" width=\"720\" height=\"480\" srcset=\"https:\/\/www.pressenza.com\/wp-content\/uploads\/2020\/01\/indigenas-012020-MidiaNinja-720x480.jpeg 720w, https:\/\/www.pressenza.com\/wp-content\/uploads\/2020\/01\/indigenas-012020-MidiaNinja-300x200.jpeg 300w, https:\/\/www.pressenza.com\/wp-content\/uploads\/2020\/01\/indigenas-012020-MidiaNinja-768x512.jpeg 768w, https:\/\/www.pressenza.com\/wp-content\/uploads\/2020\/01\/indigenas-012020-MidiaNinja.jpeg 1024w\" sizes=\"auto, (max-width: 720px) 100vw, 720px\" \/><p id=\"caption-attachment-1016897\" class=\"wp-caption-text\">Homens e mulheres xinguanos juntos em ritual. Foto: Erick Marky Terena \/ M\u00eddia \u00cdndia<\/p><\/div>\n","protected":false},"excerpt":{"rendered":"<p>Depois de quatro dias de debates, rituais e trocas, as mais de 450 lideran\u00e7as ind\u00edgenas que participaram do\u00a0Encontro dos Povos Mebengokr\u00ea, que aconteceu entre os dias 14 e 17 de janeiro as margens do Rio Xingu, no Mato Grosso, assinaram&hellip;<\/p>\n","protected":false},"author":1225,"featured_media":1016977,"comment_status":"closed","ping_status":"closed","sticky":false,"template":"","format":"standard","meta":{"footnotes":""},"categories":[104,117],"tags":[7034,6388,69770,34968,54088,5323,36134,33011,69621,36849],"class_list":["post-1016896","post","type-post","status-publish","format-standard","has-post-thumbnail","hentry","category-america-do-sul","category-povos-originarios","tag-agronegocio","tag-agrotoxicos","tag-constituicao-federal","tag-convencao-169","tag-extrativismo-pt-pt","tag-indigenas","tag-mineracao","tag-povos-originarios","tag-raoni","tag-territorios-pt-pt"],"yoast_head":"<!-- This site is optimized with the Yoast SEO plugin v27.1.1 - https:\/\/yoast.com\/product\/yoast-seo-wordpress\/ -->\n<title>Manifesto do Piarac\u0327u: lideran\u00e7as ind\u00edgenas denunciam pol\u00edtica do governo Bolsonaro<\/title>\n<meta name=\"description\" content=\"Depois de quatro dias de debates, rituais e trocas, as mais de 450 lideran\u00e7as ind\u00edgenas que participaram do\u00a0Encontro dos Povos Mebengokr\u00ea, que aconteceu\" \/>\n<meta name=\"robots\" content=\"index, follow, max-snippet:-1, max-image-preview:large, max-video-preview:-1\" \/>\n<link rel=\"canonical\" href=\"https:\/\/www.pressenza.com\/pt-pt\/2020\/01\/manifesto-do-piarac%cc%a7u-liderancas-indigenas-denunciam-politica-do-governo-bolsonaro\/\" \/>\n<meta property=\"og:locale\" content=\"pt_PT\" \/>\n<meta property=\"og:type\" content=\"article\" \/>\n<meta property=\"og:title\" content=\"Manifesto do Piarac\u0327u: lideran\u00e7as ind\u00edgenas denunciam pol\u00edtica do governo Bolsonaro\" \/>\n<meta property=\"og:description\" content=\"Depois de quatro dias de debates, rituais e trocas, as mais de 450 lideran\u00e7as ind\u00edgenas que participaram do\u00a0Encontro dos Povos Mebengokr\u00ea, que aconteceu\" \/>\n<meta property=\"og:url\" content=\"https:\/\/www.pressenza.com\/pt-pt\/2020\/01\/manifesto-do-piarac%cc%a7u-liderancas-indigenas-denunciam-politica-do-governo-bolsonaro\/\" \/>\n<meta property=\"og:site_name\" content=\"Pressenza\" \/>\n<meta property=\"article:publisher\" content=\"https:\/\/www.facebook.com\/PressenzaItalia\" \/>\n<meta property=\"article:author\" content=\"https:\/\/www.facebook.com\/MidiaNINJA\/\" \/>\n<meta property=\"article:published_time\" content=\"2020-01-20T17:38:09+00:00\" \/>\n<meta property=\"article:modified_time\" content=\"2020-01-20T17:46:11+00:00\" \/>\n<meta property=\"og:image\" content=\"https:\/\/www.pressenza.com\/wp-content\/uploads\/2020\/01\/lideres-indigenas-en-Piarac\u0327u-17012020.jpg\" \/>\n\t<meta property=\"og:image:width\" content=\"720\" \/>\n\t<meta property=\"og:image:height\" content=\"480\" \/>\n\t<meta property=\"og:image:type\" content=\"image\/jpeg\" \/>\n<meta name=\"author\" content=\"M\u00eddia NINJA\" \/>\n<meta name=\"twitter:card\" content=\"summary_large_image\" \/>\n<meta name=\"twitter:creator\" content=\"@PressenzaIPA\" \/>\n<meta name=\"twitter:site\" content=\"@PressenzaIPA\" \/>\n<meta name=\"twitter:label1\" content=\"Escrito por\" \/>\n\t<meta name=\"twitter:data1\" content=\"M\u00eddia NINJA\" \/>\n\t<meta name=\"twitter:label2\" content=\"Tempo estimado de leitura\" \/>\n\t<meta name=\"twitter:data2\" content=\"2 minutos\" \/>\n<script type=\"application\/ld+json\" class=\"yoast-schema-graph\">{\"@context\":\"https:\/\/schema.org\",\"@graph\":[{\"@type\":\"Article\",\"@id\":\"https:\/\/www.pressenza.com\/pt-pt\/2020\/01\/manifesto-do-piarac%cc%a7u-liderancas-indigenas-denunciam-politica-do-governo-bolsonaro\/#article\",\"isPartOf\":{\"@id\":\"https:\/\/www.pressenza.com\/pt-pt\/2020\/01\/manifesto-do-piarac%cc%a7u-liderancas-indigenas-denunciam-politica-do-governo-bolsonaro\/\"},\"author\":{\"name\":\"M\u00eddia NINJA\",\"@id\":\"https:\/\/www.pressenza.com\/pt-pt\/#\/schema\/person\/61b235dea98d4f5f651cc1bd138a88bf\"},\"headline\":\"Manifesto do Piarac\u0327u: lideran\u00e7as ind\u00edgenas denunciam pol\u00edtica do governo Bolsonaro\",\"datePublished\":\"2020-01-20T17:38:09+00:00\",\"dateModified\":\"2020-01-20T17:46:11+00:00\",\"mainEntityOfPage\":{\"@id\":\"https:\/\/www.pressenza.com\/pt-pt\/2020\/01\/manifesto-do-piarac%cc%a7u-liderancas-indigenas-denunciam-politica-do-governo-bolsonaro\/\"},\"wordCount\":439,\"publisher\":{\"@id\":\"https:\/\/www.pressenza.com\/pt-pt\/#organization\"},\"image\":{\"@id\":\"https:\/\/www.pressenza.com\/pt-pt\/2020\/01\/manifesto-do-piarac%cc%a7u-liderancas-indigenas-denunciam-politica-do-governo-bolsonaro\/#primaryimage\"},\"thumbnailUrl\":\"https:\/\/www.pressenza.com\/wp-content\/uploads\/2020\/01\/lideres-indigenas-en-Piarac\u0327u-17012020.jpg\",\"keywords\":[\"agroneg\u00f3cio\",\"agrotoxicos\",\"constitui\u00e7\u00e3o federal\",\"Conven\u00e7\u00e3o 169\",\"extrativismo\",\"indigenas\",\"minera\u00e7\u00e3o\",\"povos originarios\",\"Raoni\",\"territ\u00f3rios\"],\"articleSection\":[\"\u00c1m\u00e9rica do Sul\",\"Assuntos ind\u00edgenas\"],\"inLanguage\":\"pt-PT\"},{\"@type\":\"WebPage\",\"@id\":\"https:\/\/www.pressenza.com\/pt-pt\/2020\/01\/manifesto-do-piarac%cc%a7u-liderancas-indigenas-denunciam-politica-do-governo-bolsonaro\/\",\"url\":\"https:\/\/www.pressenza.com\/pt-pt\/2020\/01\/manifesto-do-piarac%cc%a7u-liderancas-indigenas-denunciam-politica-do-governo-bolsonaro\/\",\"name\":\"Manifesto do Piarac\u0327u: lideran\u00e7as ind\u00edgenas denunciam pol\u00edtica do governo Bolsonaro\",\"isPartOf\":{\"@id\":\"https:\/\/www.pressenza.com\/pt-pt\/#website\"},\"primaryImageOfPage\":{\"@id\":\"https:\/\/www.pressenza.com\/pt-pt\/2020\/01\/manifesto-do-piarac%cc%a7u-liderancas-indigenas-denunciam-politica-do-governo-bolsonaro\/#primaryimage\"},\"image\":{\"@id\":\"https:\/\/www.pressenza.com\/pt-pt\/2020\/01\/manifesto-do-piarac%cc%a7u-liderancas-indigenas-denunciam-politica-do-governo-bolsonaro\/#primaryimage\"},\"thumbnailUrl\":\"https:\/\/www.pressenza.com\/wp-content\/uploads\/2020\/01\/lideres-indigenas-en-Piarac\u0327u-17012020.jpg\",\"datePublished\":\"2020-01-20T17:38:09+00:00\",\"dateModified\":\"2020-01-20T17:46:11+00:00\",\"description\":\"Depois de quatro dias de debates, rituais e trocas, as mais de 450 lideran\u00e7as ind\u00edgenas que participaram do\u00a0Encontro dos Povos Mebengokr\u00ea, que aconteceu\",\"breadcrumb\":{\"@id\":\"https:\/\/www.pressenza.com\/pt-pt\/2020\/01\/manifesto-do-piarac%cc%a7u-liderancas-indigenas-denunciam-politica-do-governo-bolsonaro\/#breadcrumb\"},\"inLanguage\":\"pt-PT\",\"potentialAction\":[{\"@type\":\"ReadAction\",\"target\":[\"https:\/\/www.pressenza.com\/pt-pt\/2020\/01\/manifesto-do-piarac%cc%a7u-liderancas-indigenas-denunciam-politica-do-governo-bolsonaro\/\"]}]},{\"@type\":\"ImageObject\",\"inLanguage\":\"pt-PT\",\"@id\":\"https:\/\/www.pressenza.com\/pt-pt\/2020\/01\/manifesto-do-piarac%cc%a7u-liderancas-indigenas-denunciam-politica-do-governo-bolsonaro\/#primaryimage\",\"url\":\"https:\/\/www.pressenza.com\/wp-content\/uploads\/2020\/01\/lideres-indigenas-en-Piarac\u0327u-17012020.jpg\",\"contentUrl\":\"https:\/\/www.pressenza.com\/wp-content\/uploads\/2020\/01\/lideres-indigenas-en-Piarac\u0327u-17012020.jpg\",\"width\":720,\"height\":480},{\"@type\":\"BreadcrumbList\",\"@id\":\"https:\/\/www.pressenza.com\/pt-pt\/2020\/01\/manifesto-do-piarac%cc%a7u-liderancas-indigenas-denunciam-politica-do-governo-bolsonaro\/#breadcrumb\",\"itemListElement\":[{\"@type\":\"ListItem\",\"position\":1,\"name\":\"Accueil\",\"item\":\"https:\/\/www.pressenza.com\/pt-pt\/\"},{\"@type\":\"ListItem\",\"position\":2,\"name\":\"Manifesto do Piarac\u0327u: lideran\u00e7as ind\u00edgenas denunciam pol\u00edtica do governo Bolsonaro\"}]},{\"@type\":\"WebSite\",\"@id\":\"https:\/\/www.pressenza.com\/pt-pt\/#website\",\"url\":\"https:\/\/www.pressenza.com\/pt-pt\/\",\"name\":\"Pressenza\",\"description\":\"International Press Agency\",\"publisher\":{\"@id\":\"https:\/\/www.pressenza.com\/pt-pt\/#organization\"},\"potentialAction\":[{\"@type\":\"SearchAction\",\"target\":{\"@type\":\"EntryPoint\",\"urlTemplate\":\"https:\/\/www.pressenza.com\/pt-pt\/?s={search_term_string}\"},\"query-input\":{\"@type\":\"PropertyValueSpecification\",\"valueRequired\":true,\"valueName\":\"search_term_string\"}}],\"inLanguage\":\"pt-PT\"},{\"@type\":\"Organization\",\"@id\":\"https:\/\/www.pressenza.com\/pt-pt\/#organization\",\"name\":\"Pressenza\",\"url\":\"https:\/\/www.pressenza.com\/pt-pt\/\",\"logo\":{\"@type\":\"ImageObject\",\"inLanguage\":\"pt-PT\",\"@id\":\"https:\/\/www.pressenza.com\/pt-pt\/#\/schema\/logo\/image\/\",\"url\":\"https:\/\/www.pressenza.com\/wp-content\/uploads\/2022\/10\/pressenza_logo_200x200.jpg\",\"contentUrl\":\"https:\/\/www.pressenza.com\/wp-content\/uploads\/2022\/10\/pressenza_logo_200x200.jpg\",\"width\":200,\"height\":200,\"caption\":\"Pressenza\"},\"image\":{\"@id\":\"https:\/\/www.pressenza.com\/pt-pt\/#\/schema\/logo\/image\/\"},\"sameAs\":[\"https:\/\/www.facebook.com\/PressenzaItalia\",\"https:\/\/x.com\/PressenzaIPA\"]},{\"@type\":\"Person\",\"@id\":\"https:\/\/www.pressenza.com\/pt-pt\/#\/schema\/person\/61b235dea98d4f5f651cc1bd138a88bf\",\"name\":\"M\u00eddia NINJA\",\"description\":\"Narrativas independentes, jornalismo e a\u00e7\u00e3o. Uma rede de comunicadores que produzem e distribuem informa\u00e7\u00f5es sobre o movimento, atuando e comunicando. https:\/\/midianinja.org\/\",\"sameAs\":[\"https:\/\/midianinja.org\/\",\"https:\/\/www.facebook.com\/MidiaNINJA\/\"],\"url\":\"https:\/\/www.pressenza.com\/pt-pt\/author\/media-ninja\/\"}]}<\/script>\n<!-- \/ Yoast SEO plugin. -->","yoast_head_json":{"title":"Manifesto do Piarac\u0327u: lideran\u00e7as ind\u00edgenas denunciam pol\u00edtica do governo Bolsonaro","description":"Depois de quatro dias de debates, rituais e trocas, as mais de 450 lideran\u00e7as ind\u00edgenas que participaram do\u00a0Encontro dos Povos Mebengokr\u00ea, que aconteceu","robots":{"index":"index","follow":"follow","max-snippet":"max-snippet:-1","max-image-preview":"max-image-preview:large","max-video-preview":"max-video-preview:-1"},"canonical":"https:\/\/www.pressenza.com\/pt-pt\/2020\/01\/manifesto-do-piarac%cc%a7u-liderancas-indigenas-denunciam-politica-do-governo-bolsonaro\/","og_locale":"pt_PT","og_type":"article","og_title":"Manifesto do Piarac\u0327u: lideran\u00e7as ind\u00edgenas denunciam pol\u00edtica do governo Bolsonaro","og_description":"Depois de quatro dias de debates, rituais e trocas, as mais de 450 lideran\u00e7as ind\u00edgenas que participaram do\u00a0Encontro dos Povos Mebengokr\u00ea, que aconteceu","og_url":"https:\/\/www.pressenza.com\/pt-pt\/2020\/01\/manifesto-do-piarac%cc%a7u-liderancas-indigenas-denunciam-politica-do-governo-bolsonaro\/","og_site_name":"Pressenza","article_publisher":"https:\/\/www.facebook.com\/PressenzaItalia","article_author":"https:\/\/www.facebook.com\/MidiaNINJA\/","article_published_time":"2020-01-20T17:38:09+00:00","article_modified_time":"2020-01-20T17:46:11+00:00","og_image":[{"width":720,"height":480,"url":"https:\/\/www.pressenza.com\/wp-content\/uploads\/2020\/01\/lideres-indigenas-en-Piarac\u0327u-17012020.jpg","type":"image\/jpeg"}],"author":"M\u00eddia NINJA","twitter_card":"summary_large_image","twitter_creator":"@PressenzaIPA","twitter_site":"@PressenzaIPA","twitter_misc":{"Escrito por":"M\u00eddia NINJA","Tempo estimado de leitura":"2 minutos"},"schema":{"@context":"https:\/\/schema.org","@graph":[{"@type":"Article","@id":"https:\/\/www.pressenza.com\/pt-pt\/2020\/01\/manifesto-do-piarac%cc%a7u-liderancas-indigenas-denunciam-politica-do-governo-bolsonaro\/#article","isPartOf":{"@id":"https:\/\/www.pressenza.com\/pt-pt\/2020\/01\/manifesto-do-piarac%cc%a7u-liderancas-indigenas-denunciam-politica-do-governo-bolsonaro\/"},"author":{"name":"M\u00eddia NINJA","@id":"https:\/\/www.pressenza.com\/pt-pt\/#\/schema\/person\/61b235dea98d4f5f651cc1bd138a88bf"},"headline":"Manifesto do Piarac\u0327u: lideran\u00e7as ind\u00edgenas denunciam pol\u00edtica do governo Bolsonaro","datePublished":"2020-01-20T17:38:09+00:00","dateModified":"2020-01-20T17:46:11+00:00","mainEntityOfPage":{"@id":"https:\/\/www.pressenza.com\/pt-pt\/2020\/01\/manifesto-do-piarac%cc%a7u-liderancas-indigenas-denunciam-politica-do-governo-bolsonaro\/"},"wordCount":439,"publisher":{"@id":"https:\/\/www.pressenza.com\/pt-pt\/#organization"},"image":{"@id":"https:\/\/www.pressenza.com\/pt-pt\/2020\/01\/manifesto-do-piarac%cc%a7u-liderancas-indigenas-denunciam-politica-do-governo-bolsonaro\/#primaryimage"},"thumbnailUrl":"https:\/\/www.pressenza.com\/wp-content\/uploads\/2020\/01\/lideres-indigenas-en-Piarac\u0327u-17012020.jpg","keywords":["agroneg\u00f3cio","agrotoxicos","constitui\u00e7\u00e3o federal","Conven\u00e7\u00e3o 169","extrativismo","indigenas","minera\u00e7\u00e3o","povos originarios","Raoni","territ\u00f3rios"],"articleSection":["\u00c1m\u00e9rica do Sul","Assuntos ind\u00edgenas"],"inLanguage":"pt-PT"},{"@type":"WebPage","@id":"https:\/\/www.pressenza.com\/pt-pt\/2020\/01\/manifesto-do-piarac%cc%a7u-liderancas-indigenas-denunciam-politica-do-governo-bolsonaro\/","url":"https:\/\/www.pressenza.com\/pt-pt\/2020\/01\/manifesto-do-piarac%cc%a7u-liderancas-indigenas-denunciam-politica-do-governo-bolsonaro\/","name":"Manifesto do Piarac\u0327u: lideran\u00e7as ind\u00edgenas denunciam pol\u00edtica do governo Bolsonaro","isPartOf":{"@id":"https:\/\/www.pressenza.com\/pt-pt\/#website"},"primaryImageOfPage":{"@id":"https:\/\/www.pressenza.com\/pt-pt\/2020\/01\/manifesto-do-piarac%cc%a7u-liderancas-indigenas-denunciam-politica-do-governo-bolsonaro\/#primaryimage"},"image":{"@id":"https:\/\/www.pressenza.com\/pt-pt\/2020\/01\/manifesto-do-piarac%cc%a7u-liderancas-indigenas-denunciam-politica-do-governo-bolsonaro\/#primaryimage"},"thumbnailUrl":"https:\/\/www.pressenza.com\/wp-content\/uploads\/2020\/01\/lideres-indigenas-en-Piarac\u0327u-17012020.jpg","datePublished":"2020-01-20T17:38:09+00:00","dateModified":"2020-01-20T17:46:11+00:00","description":"Depois de quatro dias de debates, rituais e trocas, as mais de 450 lideran\u00e7as ind\u00edgenas que participaram do\u00a0Encontro dos Povos Mebengokr\u00ea, que aconteceu","breadcrumb":{"@id":"https:\/\/www.pressenza.com\/pt-pt\/2020\/01\/manifesto-do-piarac%cc%a7u-liderancas-indigenas-denunciam-politica-do-governo-bolsonaro\/#breadcrumb"},"inLanguage":"pt-PT","potentialAction":[{"@type":"ReadAction","target":["https:\/\/www.pressenza.com\/pt-pt\/2020\/01\/manifesto-do-piarac%cc%a7u-liderancas-indigenas-denunciam-politica-do-governo-bolsonaro\/"]}]},{"@type":"ImageObject","inLanguage":"pt-PT","@id":"https:\/\/www.pressenza.com\/pt-pt\/2020\/01\/manifesto-do-piarac%cc%a7u-liderancas-indigenas-denunciam-politica-do-governo-bolsonaro\/#primaryimage","url":"https:\/\/www.pressenza.com\/wp-content\/uploads\/2020\/01\/lideres-indigenas-en-Piarac\u0327u-17012020.jpg","contentUrl":"https:\/\/www.pressenza.com\/wp-content\/uploads\/2020\/01\/lideres-indigenas-en-Piarac\u0327u-17012020.jpg","width":720,"height":480},{"@type":"BreadcrumbList","@id":"https:\/\/www.pressenza.com\/pt-pt\/2020\/01\/manifesto-do-piarac%cc%a7u-liderancas-indigenas-denunciam-politica-do-governo-bolsonaro\/#breadcrumb","itemListElement":[{"@type":"ListItem","position":1,"name":"Accueil","item":"https:\/\/www.pressenza.com\/pt-pt\/"},{"@type":"ListItem","position":2,"name":"Manifesto do Piarac\u0327u: lideran\u00e7as ind\u00edgenas denunciam pol\u00edtica do governo Bolsonaro"}]},{"@type":"WebSite","@id":"https:\/\/www.pressenza.com\/pt-pt\/#website","url":"https:\/\/www.pressenza.com\/pt-pt\/","name":"Pressenza","description":"International Press Agency","publisher":{"@id":"https:\/\/www.pressenza.com\/pt-pt\/#organization"},"potentialAction":[{"@type":"SearchAction","target":{"@type":"EntryPoint","urlTemplate":"https:\/\/www.pressenza.com\/pt-pt\/?s={search_term_string}"},"query-input":{"@type":"PropertyValueSpecification","valueRequired":true,"valueName":"search_term_string"}}],"inLanguage":"pt-PT"},{"@type":"Organization","@id":"https:\/\/www.pressenza.com\/pt-pt\/#organization","name":"Pressenza","url":"https:\/\/www.pressenza.com\/pt-pt\/","logo":{"@type":"ImageObject","inLanguage":"pt-PT","@id":"https:\/\/www.pressenza.com\/pt-pt\/#\/schema\/logo\/image\/","url":"https:\/\/www.pressenza.com\/wp-content\/uploads\/2022\/10\/pressenza_logo_200x200.jpg","contentUrl":"https:\/\/www.pressenza.com\/wp-content\/uploads\/2022\/10\/pressenza_logo_200x200.jpg","width":200,"height":200,"caption":"Pressenza"},"image":{"@id":"https:\/\/www.pressenza.com\/pt-pt\/#\/schema\/logo\/image\/"},"sameAs":["https:\/\/www.facebook.com\/PressenzaItalia","https:\/\/x.com\/PressenzaIPA"]},{"@type":"Person","@id":"https:\/\/www.pressenza.com\/pt-pt\/#\/schema\/person\/61b235dea98d4f5f651cc1bd138a88bf","name":"M\u00eddia NINJA","description":"Narrativas independentes, jornalismo e a\u00e7\u00e3o. Uma rede de comunicadores que produzem e distribuem informa\u00e7\u00f5es sobre o movimento, atuando e comunicando. https:\/\/midianinja.org\/","sameAs":["https:\/\/midianinja.org\/","https:\/\/www.facebook.com\/MidiaNINJA\/"],"url":"https:\/\/www.pressenza.com\/pt-pt\/author\/media-ninja\/"}]}},"place":"S\u00e3o Paulo, Brasil","original_article_url":"https:\/\/midianinja.org\/news\/em-manifesto-liderancas-indigenas-denunciam-politica-etnocida-genocida-e-ecocida-de-bolsonaro\/","_links":{"self":[{"href":"https:\/\/www.pressenza.com\/pt-pt\/wp-json\/wp\/v2\/posts\/1016896","targetHints":{"allow":["GET"]}}],"collection":[{"href":"https:\/\/www.pressenza.com\/pt-pt\/wp-json\/wp\/v2\/posts"}],"about":[{"href":"https:\/\/www.pressenza.com\/pt-pt\/wp-json\/wp\/v2\/types\/post"}],"author":[{"embeddable":true,"href":"https:\/\/www.pressenza.com\/pt-pt\/wp-json\/wp\/v2\/users\/1225"}],"replies":[{"embeddable":true,"href":"https:\/\/www.pressenza.com\/pt-pt\/wp-json\/wp\/v2\/comments?post=1016896"}],"version-history":[{"count":0,"href":"https:\/\/www.pressenza.com\/pt-pt\/wp-json\/wp\/v2\/posts\/1016896\/revisions"}],"wp:featuredmedia":[{"embeddable":true,"href":"https:\/\/www.pressenza.com\/pt-pt\/wp-json\/wp\/v2\/media\/1016977"}],"wp:attachment":[{"href":"https:\/\/www.pressenza.com\/pt-pt\/wp-json\/wp\/v2\/media?parent=1016896"}],"wp:term":[{"taxonomy":"category","embeddable":true,"href":"https:\/\/www.pressenza.com\/pt-pt\/wp-json\/wp\/v2\/categories?post=1016896"},{"taxonomy":"post_tag","embeddable":true,"href":"https:\/\/www.pressenza.com\/pt-pt\/wp-json\/wp\/v2\/tags?post=1016896"}],"curies":[{"name":"wp","href":"https:\/\/api.w.org\/{rel}","templated":true}]}}