{"id":1012953,"date":"2020-01-14T13:30:01","date_gmt":"2020-01-14T13:30:01","guid":{"rendered":"https:\/\/www.pressenza.com\/?p=1012953"},"modified":"2020-01-14T13:30:01","modified_gmt":"2020-01-14T13:30:01","slug":"fogo-na-australia-e-catastrofe-ecologica-diz-cientista","status":"publish","type":"post","link":"https:\/\/www.pressenza.com\/pt-pt\/2020\/01\/fogo-na-australia-e-catastrofe-ecologica-diz-cientista\/","title":{"rendered":"Fogo na Austr\u00e1lia \u00e9 &#8220;cat\u00e1strofe ecol\u00f3gica&#8221;, diz cientista"},"content":{"rendered":"<blockquote><p>A estimativa \u00e9 de perda de 1 bilh\u00e3o de animais<\/p><\/blockquote>\n<p>Os inc\u00eandios florestais das \u00faltimas semanas na Austr\u00e1lia s\u00e3o uma &#8220;cat\u00e1strofe ecol\u00f3gica&#8221; que demorar\u00e1 d\u00e9cadas para ser superada e que exige apoio financeiro significativo e mudan\u00e7as de pol\u00edticas ambientais, advertem especialistas.<\/p>\n<p>Segundo Stuart Blanch, cientista ambiental e um dos respons\u00e1veis pelo setor de reflorestamento da World Wide Fund &#8211; Austr\u00e0lia (WWF-A), essas mudan\u00e7as exigem, necessariamente, medidas concretas para evitar que &#8220;continue a aumentar a temperatura do forno&#8221; que\u00a0 &#8220;cozinha&#8221; o planeta Terra.<\/p>\n<p>&#8220;Estamos diante de uma cat\u00e1strofe ecol\u00f3gica, a estimativa \u00e9 de perda de 1 bilh\u00e3o de animais, mas sabemos que esse n\u00famero vai aumentar quando informa\u00e7\u00f5es mais precisaa forem compiladas&#8221;, disse.<\/p>\n<p>Nas \u00faltimas semanas, o fogo queimou uma \u00e1rea maior que Portugal &#8211; a \u00e9poca dos inc\u00eandios ainda n\u00e3o terminou -, com s\u00e9rios danos a ecossistemas, especialmente na costa leste do pa\u00eds, deixando v\u00e1rias esp\u00e9cies amea\u00e7adas. .<\/p>\n<p>O n\u00famero de 1 bilh\u00e3o de animais mortos baseia-se em estudo feito em 2007 por um grupo de cientistas especializados em r\u00e9pteis, mam\u00edferos e outros animais que estimava que, em m\u00e9dia, havia entre 150 e 160 animais vertebrados em cada hectare do ecossistema.<\/p>\n<p>&#8220;O n\u00famero de 1 bilh\u00e3o \u00e9 uma extrapola\u00e7\u00e3o conservadora dessa m\u00e9dia de animais, considerando os mais de 10 milh\u00f5es de hectares queimados&#8221;, explicou.<\/p>\n<p>Em m\u00e9dia, 80% desses animais s\u00e3o r\u00e9pteis, incluindo lagartos e cobras, 12% a 15% s\u00e3o aves e 5% a 8% s\u00e3o mam\u00edferos, ficando fora do total morcegos, sapos, peixes e insetos, cujas popula\u00e7\u00f5es n\u00e3o foram contabilizadas pelo estudo.<\/p>\n<p>Novos levantamentos est\u00e3o sendo feitos para determinar com mais precis\u00e3o a presen\u00e7a desses e de outros animais nos v\u00e1rios ecossistemas da Austr\u00e1lia, para assim permitir avalia\u00e7\u00f5es mais detalhadas em casos como os atuais, acrescentou.<\/p>\n<p>Segundo Blanch, ainda que os animais selvagens e as pr\u00f3prias florestas tenham se adaptado ao fogo ao longo de milhares de anos, n\u00e3o implica que os animais tenham conseguido escapar dos atuais inc\u00eandios, de dimens\u00e3o e extens\u00e3o fora do normal.<\/p>\n<p>&#8220;Os fogos que temos agora n\u00e3o s\u00e3o como no passado. S\u00e3o muito maiores, muito mais intensos, mais quentes, menos previs\u00edveis e muito dos animais n\u00e3o conseguem escapar, at\u00e9 mesmo os p\u00e1ssaros&#8221;, explicou.<\/p>\n<p>&#8220;O fogo viaja muito r\u00e1pido, e a intensidade do calor acaba depois por alcan\u00e7ar muitos animais que fugiram. H\u00e1 muitos animais que conseguem escapar, mas que acabam morrendo, porque ficam sem habitat, ficam sem comida. Por isso o impacto \u00e9 dessa dimens\u00e3o&#8221;..<\/p>\n<p>Falta de comida, cansa\u00e7o dos animais, que t\u00eam de viajar grandes dist\u00e2ncias, e at\u00e9 os que ficam presos em veda\u00e7\u00f5es de propriedades agr\u00edcolas, acabam por , aumentar a perda de vida selvagem.<\/p>\n<p>Anna Felton, da organiza\u00e7\u00e3o ambiental Wires &#8211; que administra uma rede de volunt\u00e1rios envolvidos no apoio \u00e0 vida selvagem &#8211; diz que \u00e9 imposs\u00edvel saber quantos animais morreram, mas que muitas esp\u00e9cies j\u00e1 estavam com problemas devido \u00e0 falta de \u00e1gua e alimentos por causa da seca prolongada em v\u00e1rios locais.<\/p>\n<p>A Wires diz que &#8220;nunca na sua hist\u00f3ria viu um momento de emerg\u00eancias paralelas como as que come\u00e7aram em novembro&#8221; com os fogos a terem um impacto a longo prazo para os animais que sobreviveram.<\/p>\n<p>S\u00f3 em dezembro, a organiza\u00e7\u00e3o recebeu mais de 20 mil chamadas &#8211; mais 14% que no ano passado. Os volunt\u00e1rios da Wires fizeram mais de 3.300 salvamentos de animais.<\/p>\n<p>&#8220;O fogo n\u00e3o discriminou esp\u00e9cies. E todas s\u00e3o necess\u00e1rias para o equil\u00edbrio ambiental. Mas ainda \u00e9 cedo para saber o verdadeiro impacto porque continuamos na fase critica de salvamentos e de cuidados imediatos&#8221;, disse Fento em entrevista.<\/p>\n<p>Entre os animais em maior risco, Stuart Blanch destaca a popula\u00e7\u00e3o de coalas, &#8220;especialmente vulner\u00e1veis na costa leste&#8221; e que &#8220;devem ser consideradas sob amea\u00e7a de extin\u00e7\u00e3o&#8221; e o `Regent Honey Eater`, p\u00e1ssaro que j\u00e1 estava amea\u00e7ado e que perdeu praticamente todo o seu habitat.<\/p>\n","protected":false},"excerpt":{"rendered":"<p>A estimativa \u00e9 de perda de 1 bilh\u00e3o de animais Os inc\u00eandios florestais das \u00faltimas semanas na Austr\u00e1lia s\u00e3o uma &#8220;cat\u00e1strofe ecol\u00f3gica&#8221; que demorar\u00e1 d\u00e9cadas para ser superada e que exige apoio financeiro significativo e mudan\u00e7as de pol\u00edticas ambientais, advertem&hellip;<\/p>\n","protected":false},"author":860,"featured_media":1012954,"comment_status":"closed","ping_status":"closed","sticky":false,"template":"","format":"standard","meta":{"footnotes":""},"categories":[115,107],"tags":[69253,69465],"class_list":["post-1012953","post","type-post","status-publish","format-standard","has-post-thumbnail","hentry","category-ecologia-e-meio-ambiente","category-oceania-pt-pt","tag-australia-pt-pt","tag-catastrofe-ecologica"],"yoast_head":"<!-- This site is optimized with the Yoast SEO plugin v27.1.1 - https:\/\/yoast.com\/product\/yoast-seo-wordpress\/ -->\n<title>Fogo na Austr\u00e1lia \u00e9 &quot;cat\u00e1strofe ecol\u00f3gica&quot;, diz cientista<\/title>\n<meta name=\"description\" content=\"Fogo na Austr\u00e1lia \u00e9 &quot;cat\u00e1strofe ecol\u00f3gica&quot;, diz cientista\" \/>\n<meta name=\"robots\" content=\"index, follow, max-snippet:-1, max-image-preview:large, max-video-preview:-1\" \/>\n<link rel=\"canonical\" href=\"https:\/\/www.pressenza.com\/pt-pt\/2020\/01\/fogo-na-australia-e-catastrofe-ecologica-diz-cientista\/\" \/>\n<meta property=\"og:locale\" content=\"pt_PT\" \/>\n<meta property=\"og:type\" content=\"article\" \/>\n<meta property=\"og:title\" content=\"Fogo na Austr\u00e1lia \u00e9 &quot;cat\u00e1strofe ecol\u00f3gica&quot;, diz cientista\" \/>\n<meta property=\"og:description\" content=\"Fogo na Austr\u00e1lia \u00e9 &quot;cat\u00e1strofe ecol\u00f3gica&quot;, diz cientista\" \/>\n<meta property=\"og:url\" content=\"https:\/\/www.pressenza.com\/pt-pt\/2020\/01\/fogo-na-australia-e-catastrofe-ecologica-diz-cientista\/\" \/>\n<meta property=\"og:site_name\" content=\"Pressenza\" \/>\n<meta property=\"article:publisher\" content=\"https:\/\/www.facebook.com\/PressenzaItalia\" \/>\n<meta property=\"article:published_time\" content=\"2020-01-14T13:30:01+00:00\" \/>\n<meta property=\"og:image\" content=\"https:\/\/www.pressenza.com\/wp-content\/uploads\/2020\/01\/2020-01-04t062208z_51507188_rc2u8e9pt3ss_rtrmadp_3_australia-bushfires.jpg\" \/>\n\t<meta property=\"og:image:width\" content=\"1140\" \/>\n\t<meta property=\"og:image:height\" content=\"760\" \/>\n\t<meta property=\"og:image:type\" content=\"image\/jpeg\" \/>\n<meta name=\"author\" content=\"Agencia Brasil\" \/>\n<meta name=\"twitter:card\" content=\"summary_large_image\" \/>\n<meta name=\"twitter:creator\" content=\"@PressenzaIPA\" \/>\n<meta name=\"twitter:site\" content=\"@PressenzaIPA\" \/>\n<meta name=\"twitter:label1\" content=\"Escrito por\" \/>\n\t<meta name=\"twitter:data1\" content=\"Agencia Brasil\" \/>\n\t<meta name=\"twitter:label2\" content=\"Tempo estimado de leitura\" \/>\n\t<meta name=\"twitter:data2\" content=\"3 minutos\" \/>\n<script type=\"application\/ld+json\" class=\"yoast-schema-graph\">{\"@context\":\"https:\/\/schema.org\",\"@graph\":[{\"@type\":\"Article\",\"@id\":\"https:\/\/www.pressenza.com\/pt-pt\/2020\/01\/fogo-na-australia-e-catastrofe-ecologica-diz-cientista\/#article\",\"isPartOf\":{\"@id\":\"https:\/\/www.pressenza.com\/pt-pt\/2020\/01\/fogo-na-australia-e-catastrofe-ecologica-diz-cientista\/\"},\"author\":{\"name\":\"Agencia Brasil\",\"@id\":\"https:\/\/www.pressenza.com\/pt-pt\/#\/schema\/person\/e2e4e9b5b3a7554516d809f2394b3dd4\"},\"headline\":\"Fogo na Austr\u00e1lia \u00e9 &#8220;cat\u00e1strofe ecol\u00f3gica&#8221;, diz cientista\",\"datePublished\":\"2020-01-14T13:30:01+00:00\",\"mainEntityOfPage\":{\"@id\":\"https:\/\/www.pressenza.com\/pt-pt\/2020\/01\/fogo-na-australia-e-catastrofe-ecologica-diz-cientista\/\"},\"wordCount\":701,\"publisher\":{\"@id\":\"https:\/\/www.pressenza.com\/pt-pt\/#organization\"},\"image\":{\"@id\":\"https:\/\/www.pressenza.com\/pt-pt\/2020\/01\/fogo-na-australia-e-catastrofe-ecologica-diz-cientista\/#primaryimage\"},\"thumbnailUrl\":\"https:\/\/www.pressenza.com\/wp-content\/uploads\/2020\/01\/2020-01-04t062208z_51507188_rc2u8e9pt3ss_rtrmadp_3_australia-bushfires.jpg\",\"keywords\":[\"Australia\",\"cat\u00e1strofe ecol\u00f3gica\"],\"articleSection\":[\"Ecologia e Meio Ambiente\",\"Oce\u00e2nia\"],\"inLanguage\":\"pt-PT\"},{\"@type\":\"WebPage\",\"@id\":\"https:\/\/www.pressenza.com\/pt-pt\/2020\/01\/fogo-na-australia-e-catastrofe-ecologica-diz-cientista\/\",\"url\":\"https:\/\/www.pressenza.com\/pt-pt\/2020\/01\/fogo-na-australia-e-catastrofe-ecologica-diz-cientista\/\",\"name\":\"Fogo na Austr\u00e1lia \u00e9 \\\"cat\u00e1strofe ecol\u00f3gica\\\", diz cientista\",\"isPartOf\":{\"@id\":\"https:\/\/www.pressenza.com\/pt-pt\/#website\"},\"primaryImageOfPage\":{\"@id\":\"https:\/\/www.pressenza.com\/pt-pt\/2020\/01\/fogo-na-australia-e-catastrofe-ecologica-diz-cientista\/#primaryimage\"},\"image\":{\"@id\":\"https:\/\/www.pressenza.com\/pt-pt\/2020\/01\/fogo-na-australia-e-catastrofe-ecologica-diz-cientista\/#primaryimage\"},\"thumbnailUrl\":\"https:\/\/www.pressenza.com\/wp-content\/uploads\/2020\/01\/2020-01-04t062208z_51507188_rc2u8e9pt3ss_rtrmadp_3_australia-bushfires.jpg\",\"datePublished\":\"2020-01-14T13:30:01+00:00\",\"description\":\"Fogo na Austr\u00e1lia \u00e9 \\\"cat\u00e1strofe ecol\u00f3gica\\\", diz cientista\",\"breadcrumb\":{\"@id\":\"https:\/\/www.pressenza.com\/pt-pt\/2020\/01\/fogo-na-australia-e-catastrofe-ecologica-diz-cientista\/#breadcrumb\"},\"inLanguage\":\"pt-PT\",\"potentialAction\":[{\"@type\":\"ReadAction\",\"target\":[\"https:\/\/www.pressenza.com\/pt-pt\/2020\/01\/fogo-na-australia-e-catastrofe-ecologica-diz-cientista\/\"]}]},{\"@type\":\"ImageObject\",\"inLanguage\":\"pt-PT\",\"@id\":\"https:\/\/www.pressenza.com\/pt-pt\/2020\/01\/fogo-na-australia-e-catastrofe-ecologica-diz-cientista\/#primaryimage\",\"url\":\"https:\/\/www.pressenza.com\/wp-content\/uploads\/2020\/01\/2020-01-04t062208z_51507188_rc2u8e9pt3ss_rtrmadp_3_australia-bushfires.jpg\",\"contentUrl\":\"https:\/\/www.pressenza.com\/wp-content\/uploads\/2020\/01\/2020-01-04t062208z_51507188_rc2u8e9pt3ss_rtrmadp_3_australia-bushfires.jpg\",\"width\":1140,\"height\":760},{\"@type\":\"BreadcrumbList\",\"@id\":\"https:\/\/www.pressenza.com\/pt-pt\/2020\/01\/fogo-na-australia-e-catastrofe-ecologica-diz-cientista\/#breadcrumb\",\"itemListElement\":[{\"@type\":\"ListItem\",\"position\":1,\"name\":\"Accueil\",\"item\":\"https:\/\/www.pressenza.com\/pt-pt\/\"},{\"@type\":\"ListItem\",\"position\":2,\"name\":\"Fogo na Austr\u00e1lia \u00e9 &#8220;cat\u00e1strofe ecol\u00f3gica&#8221;, diz cientista\"}]},{\"@type\":\"WebSite\",\"@id\":\"https:\/\/www.pressenza.com\/pt-pt\/#website\",\"url\":\"https:\/\/www.pressenza.com\/pt-pt\/\",\"name\":\"Pressenza\",\"description\":\"International Press Agency\",\"publisher\":{\"@id\":\"https:\/\/www.pressenza.com\/pt-pt\/#organization\"},\"potentialAction\":[{\"@type\":\"SearchAction\",\"target\":{\"@type\":\"EntryPoint\",\"urlTemplate\":\"https:\/\/www.pressenza.com\/pt-pt\/?s={search_term_string}\"},\"query-input\":{\"@type\":\"PropertyValueSpecification\",\"valueRequired\":true,\"valueName\":\"search_term_string\"}}],\"inLanguage\":\"pt-PT\"},{\"@type\":\"Organization\",\"@id\":\"https:\/\/www.pressenza.com\/pt-pt\/#organization\",\"name\":\"Pressenza\",\"url\":\"https:\/\/www.pressenza.com\/pt-pt\/\",\"logo\":{\"@type\":\"ImageObject\",\"inLanguage\":\"pt-PT\",\"@id\":\"https:\/\/www.pressenza.com\/pt-pt\/#\/schema\/logo\/image\/\",\"url\":\"https:\/\/www.pressenza.com\/wp-content\/uploads\/2022\/10\/pressenza_logo_200x200.jpg\",\"contentUrl\":\"https:\/\/www.pressenza.com\/wp-content\/uploads\/2022\/10\/pressenza_logo_200x200.jpg\",\"width\":200,\"height\":200,\"caption\":\"Pressenza\"},\"image\":{\"@id\":\"https:\/\/www.pressenza.com\/pt-pt\/#\/schema\/logo\/image\/\"},\"sameAs\":[\"https:\/\/www.facebook.com\/PressenzaItalia\",\"https:\/\/x.com\/PressenzaIPA\"]},{\"@type\":\"Person\",\"@id\":\"https:\/\/www.pressenza.com\/pt-pt\/#\/schema\/person\/e2e4e9b5b3a7554516d809f2394b3dd4\",\"name\":\"Agencia Brasil\",\"url\":\"https:\/\/www.pressenza.com\/pt-pt\/author\/agencia-brasil\/\"}]}<\/script>\n<!-- \/ Yoast SEO plugin. -->","yoast_head_json":{"title":"Fogo na Austr\u00e1lia \u00e9 \"cat\u00e1strofe ecol\u00f3gica\", diz cientista","description":"Fogo na Austr\u00e1lia \u00e9 \"cat\u00e1strofe ecol\u00f3gica\", diz cientista","robots":{"index":"index","follow":"follow","max-snippet":"max-snippet:-1","max-image-preview":"max-image-preview:large","max-video-preview":"max-video-preview:-1"},"canonical":"https:\/\/www.pressenza.com\/pt-pt\/2020\/01\/fogo-na-australia-e-catastrofe-ecologica-diz-cientista\/","og_locale":"pt_PT","og_type":"article","og_title":"Fogo na Austr\u00e1lia \u00e9 \"cat\u00e1strofe ecol\u00f3gica\", diz cientista","og_description":"Fogo na Austr\u00e1lia \u00e9 \"cat\u00e1strofe ecol\u00f3gica\", diz cientista","og_url":"https:\/\/www.pressenza.com\/pt-pt\/2020\/01\/fogo-na-australia-e-catastrofe-ecologica-diz-cientista\/","og_site_name":"Pressenza","article_publisher":"https:\/\/www.facebook.com\/PressenzaItalia","article_published_time":"2020-01-14T13:30:01+00:00","og_image":[{"width":1140,"height":760,"url":"https:\/\/www.pressenza.com\/wp-content\/uploads\/2020\/01\/2020-01-04t062208z_51507188_rc2u8e9pt3ss_rtrmadp_3_australia-bushfires.jpg","type":"image\/jpeg"}],"author":"Agencia Brasil","twitter_card":"summary_large_image","twitter_creator":"@PressenzaIPA","twitter_site":"@PressenzaIPA","twitter_misc":{"Escrito por":"Agencia Brasil","Tempo estimado de leitura":"3 minutos"},"schema":{"@context":"https:\/\/schema.org","@graph":[{"@type":"Article","@id":"https:\/\/www.pressenza.com\/pt-pt\/2020\/01\/fogo-na-australia-e-catastrofe-ecologica-diz-cientista\/#article","isPartOf":{"@id":"https:\/\/www.pressenza.com\/pt-pt\/2020\/01\/fogo-na-australia-e-catastrofe-ecologica-diz-cientista\/"},"author":{"name":"Agencia Brasil","@id":"https:\/\/www.pressenza.com\/pt-pt\/#\/schema\/person\/e2e4e9b5b3a7554516d809f2394b3dd4"},"headline":"Fogo na Austr\u00e1lia \u00e9 &#8220;cat\u00e1strofe ecol\u00f3gica&#8221;, diz cientista","datePublished":"2020-01-14T13:30:01+00:00","mainEntityOfPage":{"@id":"https:\/\/www.pressenza.com\/pt-pt\/2020\/01\/fogo-na-australia-e-catastrofe-ecologica-diz-cientista\/"},"wordCount":701,"publisher":{"@id":"https:\/\/www.pressenza.com\/pt-pt\/#organization"},"image":{"@id":"https:\/\/www.pressenza.com\/pt-pt\/2020\/01\/fogo-na-australia-e-catastrofe-ecologica-diz-cientista\/#primaryimage"},"thumbnailUrl":"https:\/\/www.pressenza.com\/wp-content\/uploads\/2020\/01\/2020-01-04t062208z_51507188_rc2u8e9pt3ss_rtrmadp_3_australia-bushfires.jpg","keywords":["Australia","cat\u00e1strofe ecol\u00f3gica"],"articleSection":["Ecologia e Meio Ambiente","Oce\u00e2nia"],"inLanguage":"pt-PT"},{"@type":"WebPage","@id":"https:\/\/www.pressenza.com\/pt-pt\/2020\/01\/fogo-na-australia-e-catastrofe-ecologica-diz-cientista\/","url":"https:\/\/www.pressenza.com\/pt-pt\/2020\/01\/fogo-na-australia-e-catastrofe-ecologica-diz-cientista\/","name":"Fogo na Austr\u00e1lia \u00e9 \"cat\u00e1strofe ecol\u00f3gica\", diz cientista","isPartOf":{"@id":"https:\/\/www.pressenza.com\/pt-pt\/#website"},"primaryImageOfPage":{"@id":"https:\/\/www.pressenza.com\/pt-pt\/2020\/01\/fogo-na-australia-e-catastrofe-ecologica-diz-cientista\/#primaryimage"},"image":{"@id":"https:\/\/www.pressenza.com\/pt-pt\/2020\/01\/fogo-na-australia-e-catastrofe-ecologica-diz-cientista\/#primaryimage"},"thumbnailUrl":"https:\/\/www.pressenza.com\/wp-content\/uploads\/2020\/01\/2020-01-04t062208z_51507188_rc2u8e9pt3ss_rtrmadp_3_australia-bushfires.jpg","datePublished":"2020-01-14T13:30:01+00:00","description":"Fogo na Austr\u00e1lia \u00e9 \"cat\u00e1strofe ecol\u00f3gica\", diz cientista","breadcrumb":{"@id":"https:\/\/www.pressenza.com\/pt-pt\/2020\/01\/fogo-na-australia-e-catastrofe-ecologica-diz-cientista\/#breadcrumb"},"inLanguage":"pt-PT","potentialAction":[{"@type":"ReadAction","target":["https:\/\/www.pressenza.com\/pt-pt\/2020\/01\/fogo-na-australia-e-catastrofe-ecologica-diz-cientista\/"]}]},{"@type":"ImageObject","inLanguage":"pt-PT","@id":"https:\/\/www.pressenza.com\/pt-pt\/2020\/01\/fogo-na-australia-e-catastrofe-ecologica-diz-cientista\/#primaryimage","url":"https:\/\/www.pressenza.com\/wp-content\/uploads\/2020\/01\/2020-01-04t062208z_51507188_rc2u8e9pt3ss_rtrmadp_3_australia-bushfires.jpg","contentUrl":"https:\/\/www.pressenza.com\/wp-content\/uploads\/2020\/01\/2020-01-04t062208z_51507188_rc2u8e9pt3ss_rtrmadp_3_australia-bushfires.jpg","width":1140,"height":760},{"@type":"BreadcrumbList","@id":"https:\/\/www.pressenza.com\/pt-pt\/2020\/01\/fogo-na-australia-e-catastrofe-ecologica-diz-cientista\/#breadcrumb","itemListElement":[{"@type":"ListItem","position":1,"name":"Accueil","item":"https:\/\/www.pressenza.com\/pt-pt\/"},{"@type":"ListItem","position":2,"name":"Fogo na Austr\u00e1lia \u00e9 &#8220;cat\u00e1strofe ecol\u00f3gica&#8221;, diz cientista"}]},{"@type":"WebSite","@id":"https:\/\/www.pressenza.com\/pt-pt\/#website","url":"https:\/\/www.pressenza.com\/pt-pt\/","name":"Pressenza","description":"International Press Agency","publisher":{"@id":"https:\/\/www.pressenza.com\/pt-pt\/#organization"},"potentialAction":[{"@type":"SearchAction","target":{"@type":"EntryPoint","urlTemplate":"https:\/\/www.pressenza.com\/pt-pt\/?s={search_term_string}"},"query-input":{"@type":"PropertyValueSpecification","valueRequired":true,"valueName":"search_term_string"}}],"inLanguage":"pt-PT"},{"@type":"Organization","@id":"https:\/\/www.pressenza.com\/pt-pt\/#organization","name":"Pressenza","url":"https:\/\/www.pressenza.com\/pt-pt\/","logo":{"@type":"ImageObject","inLanguage":"pt-PT","@id":"https:\/\/www.pressenza.com\/pt-pt\/#\/schema\/logo\/image\/","url":"https:\/\/www.pressenza.com\/wp-content\/uploads\/2022\/10\/pressenza_logo_200x200.jpg","contentUrl":"https:\/\/www.pressenza.com\/wp-content\/uploads\/2022\/10\/pressenza_logo_200x200.jpg","width":200,"height":200,"caption":"Pressenza"},"image":{"@id":"https:\/\/www.pressenza.com\/pt-pt\/#\/schema\/logo\/image\/"},"sameAs":["https:\/\/www.facebook.com\/PressenzaItalia","https:\/\/x.com\/PressenzaIPA"]},{"@type":"Person","@id":"https:\/\/www.pressenza.com\/pt-pt\/#\/schema\/person\/e2e4e9b5b3a7554516d809f2394b3dd4","name":"Agencia Brasil","url":"https:\/\/www.pressenza.com\/pt-pt\/author\/agencia-brasil\/"}]}},"place":"Australia","original_article_url":"http:\/\/agenciabrasil.ebc.com.br\/internacional\/noticia\/2020-01\/fogo-na-australia-e-catastrofe-ecologica-diz-cientista","_links":{"self":[{"href":"https:\/\/www.pressenza.com\/pt-pt\/wp-json\/wp\/v2\/posts\/1012953","targetHints":{"allow":["GET"]}}],"collection":[{"href":"https:\/\/www.pressenza.com\/pt-pt\/wp-json\/wp\/v2\/posts"}],"about":[{"href":"https:\/\/www.pressenza.com\/pt-pt\/wp-json\/wp\/v2\/types\/post"}],"author":[{"embeddable":true,"href":"https:\/\/www.pressenza.com\/pt-pt\/wp-json\/wp\/v2\/users\/860"}],"replies":[{"embeddable":true,"href":"https:\/\/www.pressenza.com\/pt-pt\/wp-json\/wp\/v2\/comments?post=1012953"}],"version-history":[{"count":0,"href":"https:\/\/www.pressenza.com\/pt-pt\/wp-json\/wp\/v2\/posts\/1012953\/revisions"}],"wp:featuredmedia":[{"embeddable":true,"href":"https:\/\/www.pressenza.com\/pt-pt\/wp-json\/wp\/v2\/media\/1012954"}],"wp:attachment":[{"href":"https:\/\/www.pressenza.com\/pt-pt\/wp-json\/wp\/v2\/media?parent=1012953"}],"wp:term":[{"taxonomy":"category","embeddable":true,"href":"https:\/\/www.pressenza.com\/pt-pt\/wp-json\/wp\/v2\/categories?post=1012953"},{"taxonomy":"post_tag","embeddable":true,"href":"https:\/\/www.pressenza.com\/pt-pt\/wp-json\/wp\/v2\/tags?post=1012953"}],"curies":[{"name":"wp","href":"https:\/\/api.w.org\/{rel}","templated":true}]}}