{"id":1000421,"date":"2019-12-21T17:51:21","date_gmt":"2019-12-21T17:51:21","guid":{"rendered":"https:\/\/www.pressenza.com\/?p=1000421"},"modified":"2019-12-21T17:51:21","modified_gmt":"2019-12-21T17:51:21","slug":"acelerar-a-recuperacao-de-mocambique-apos-ciclones-e-nova-meta-da-onu","status":"publish","type":"post","link":"https:\/\/www.pressenza.com\/pt-pt\/2019\/12\/acelerar-a-recuperacao-de-mocambique-apos-ciclones-e-nova-meta-da-onu\/","title":{"rendered":"Acelerar a recupera\u00e7\u00e3o de Mo\u00e7ambique ap\u00f3s ciclones \u00e9 nova meta da ONU"},"content":{"rendered":"<p>Reservas de emerg\u00eancia esgotaram na\u00a0<a href=\"https:\/\/news.un.org\/pt\/story\/2019\/11\/1694571\">resposta humanit\u00e1ria a ciclones de 2019<\/a>; Escrit\u00f3rio de Assist\u00eancia Humanit\u00e1ria alerta que pelo menos uma grande tempestade poder\u00e1 atingir o pa\u00eds na atual temporada de ciclones.<\/p>\n<p>As Na\u00e7\u00f5es Unidas anunciaram que pelo menos 2,5 milh\u00f5es de pessoas precisam de assist\u00eancia urgente em Mo\u00e7ambique, ap\u00f3s o pa\u00eds ter sofrido desastres consecutivos incluindo secas, ciclones, inunda\u00e7\u00f5es e epis\u00f3dios de inseguran\u00e7a.<\/p>\n<p>O Escrit\u00f3rio de Assist\u00eancia Humanit\u00e1ria da ONU, Ocha, precisa com urg\u00eancia de US$ 97,3 milh\u00f5es nos pr\u00f3ximos cinco meses. O montante faz parte dos US$ 424,8 milh\u00f5es do Plano de Resposta Humanit\u00e1ria lan\u00e7ado para apoiar os necessitados.<\/p>\n<p><img loading=\"lazy\" decoding=\"async\" class=\"alignnone wp-image-1000431\" src=\"https:\/\/www.pressenza.com\/wp-content\/uploads\/2019\/12\/image560x340cropped-1-300x181.jpg\" alt=\"\" width=\"704\" height=\"425\" srcset=\"https:\/\/www.pressenza.com\/wp-content\/uploads\/2019\/12\/image560x340cropped-1-300x181.jpg 300w, https:\/\/www.pressenza.com\/wp-content\/uploads\/2019\/12\/image560x340cropped-1.jpg 562w\" sizes=\"auto, (max-width: 704px) 100vw, 704px\" \/><\/p>\n<h4><\/h4>\n<h4>Financiamento<\/h4>\n<p>O Ocha destacou que esses fundos s\u00e3o \u201cabsolutamente vitais\u201d para salvar vidas e aliviar o sofrimento de 2 milh\u00f5es de pessoas at\u00e9 maio de 2020.<\/p>\n<p>Centenas de milhares de pessoas em todo o pa\u00eds n\u00e3o ter\u00e3o acesso \u00e0 assist\u00eancia essencial se esse financiamento n\u00e3o chegar com urg\u00eancia, alerta a ONU. A meta do Plano de Resposta Humanit\u00e1ria revisto \u00e9 atender os mais atingidos pelos desastres.<\/p>\n<p>Em 2019, as ag\u00eancias humanit\u00e1rias aumentaram as opera\u00e7\u00f5es em Mo\u00e7ambique com cerca de US$ 300 milh\u00f5es de doadores. Esse valor permitiu fazer chegar ajuda alimentar a cerca de 1,9 milh\u00e3o de pessoas.<\/p>\n<p>Mais de 704 mil crian\u00e7as foram testadas com desnutri\u00e7\u00e3o aguda, 406 mil pessoas receberam apoio essencial de emerg\u00eancia e outras 765 mil fam\u00edlias tiveram acesso \u00e0 \u00e1gua pot\u00e1vel e ao saneamento.<\/p>\n<p><img loading=\"lazy\" decoding=\"async\" class=\"alignnone wp-image-1000441\" src=\"https:\/\/www.pressenza.com\/wp-content\/uploads\/2019\/12\/image560x340cropped-1-1-300x182.jpg\" alt=\"\" width=\"720\" height=\"437\" srcset=\"https:\/\/www.pressenza.com\/wp-content\/uploads\/2019\/12\/image560x340cropped-1-1-300x182.jpg 300w, https:\/\/www.pressenza.com\/wp-content\/uploads\/2019\/12\/image560x340cropped-1-1.jpg 560w\" sizes=\"auto, (max-width: 720px) 100vw, 720px\" \/><\/p>\n<h4><\/h4>\n<h4>Temporadas<\/h4>\n<p>O Ocha destaca que apesar desses avan\u00e7os ainda existem lacunas. Mais fundos s\u00e3o necess\u00e1rios com o aproximar do pico das temporadas de seca e de ciclones.<\/p>\n<p>Os valores devem ajudar a chegar \u00e0s \u00e1reas de dif\u00edcil acesso, em risco e inseguras, principalmente nas prov\u00edncias de Sofala, Manica e Cabo Delgado. As tr\u00eas regi\u00f5es foram as mais afetadas pelos ciclones que abalaram o pa\u00eds este ano.<\/p>\n<p>Nove meses ap\u00f3s a passagem do ciclone Idai e oito meses depois do Kenneth essas \u00e1reas ainda est\u00e3o se recuperam num cen\u00e1rio de casas destru\u00eddas, danificadas ou abrigos improvisados.<\/p>\n<p>Cerca de 92,5 mil pessoas continuam deslocadas em 71 locais improvisados que precisam de comida, \u00e1gua, educa\u00e7\u00e3o, abrigo, institui\u00e7\u00f5es financeiras, servi\u00e7os de sa\u00fade e prote\u00e7\u00e3o.<\/p>\n<p><img loading=\"lazy\" decoding=\"async\" class=\"alignnone wp-image-1000451\" src=\"https:\/\/www.pressenza.com\/wp-content\/uploads\/2019\/12\/image1170x530cropped-1-1-300x135.jpg\" alt=\"\" width=\"720\" height=\"324\" srcset=\"https:\/\/www.pressenza.com\/wp-content\/uploads\/2019\/12\/image1170x530cropped-1-1-300x135.jpg 300w, https:\/\/www.pressenza.com\/wp-content\/uploads\/2019\/12\/image1170x530cropped-1-1-768x346.jpg 768w, https:\/\/www.pressenza.com\/wp-content\/uploads\/2019\/12\/image1170x530cropped-1-1-720x324.jpg 720w, https:\/\/www.pressenza.com\/wp-content\/uploads\/2019\/12\/image1170x530cropped-1-1.jpg 1178w\" sizes=\"auto, (max-width: 720px) 100vw, 720px\" \/><\/p>\n<div class=\"field-name-field-scald-photo-credit field field-name-scald-authors field-type-taxonomy-term-reference field-label-hidden\"><span class=\"un-news-full-width scald-credit\">ONU Mo\u00e7ambique &#8211;\u00a0<\/span><span class=\"un-news-full-width scald-caption\">Meninos da cidade da Beira ap\u00f3s a passagem do ciclone Idai.<\/span><\/div>\n<div><\/div>\n<h4>Defici\u00eancia<\/h4>\n<p>No auge da chamada temporada de escassez, entre janeiro e mar\u00e7o, espera-se que as pessoas em inseguran\u00e7a alimentar enfrentem as piores necessidades ap\u00f3s a passagem dos dois ciclones por Mo\u00e7ambique.<\/p>\n<p>O pa\u00eds registrou novos casos de pelagra pela primeira vez em v\u00e1rios anos. Mais de 3,5 mil pacientes desse tipo de defici\u00eancia de vitamina B3 foram identificados at\u00e9 o momento.<\/p>\n<p>Espera-se que pelo menos uma grande tempestade venha a atingir o pa\u00eds que em m\u00e9dia sofre 1,5 ciclone por ano.<\/p>\n<p>As Na\u00e7\u00f5es Unidas destacam ainda que as reservas de emerg\u00eancia esgotaram durante a resposta humanit\u00e1ria em 2019. Para reabastecer os armaz\u00e9ns com esses suprimentos s\u00e3o necess\u00e1rios cerca de US$ 597 mil.<\/p>\n","protected":false},"excerpt":{"rendered":"<p>Reservas de emerg\u00eancia esgotaram na\u00a0resposta humanit\u00e1ria a ciclones de 2019; Escrit\u00f3rio de Assist\u00eancia Humanit\u00e1ria alerta que pelo menos uma grande tempestade poder\u00e1 atingir o pa\u00eds na atual temporada de ciclones. As Na\u00e7\u00f5es Unidas anunciaram que pelo menos 2,5 milh\u00f5es de&hellip;<\/p>\n","protected":false},"author":933,"featured_media":1000422,"comment_status":"closed","ping_status":"closed","sticky":false,"template":"","format":"standard","meta":{"footnotes":""},"categories":[37,115,42],"tags":[68631,10537,30885,2623],"class_list":["post-1000421","post","type-post","status-publish","format-standard","has-post-thumbnail","hentry","category-africa-pt","category-ecologia-e-meio-ambiente","category-internacional-2","tag-assistencia-humanitaria","tag-criancas","tag-nacoes-unidas","tag-onu-pt-pt"],"yoast_head":"<!-- This site is optimized with the Yoast SEO plugin v27.1.1 - https:\/\/yoast.com\/product\/yoast-seo-wordpress\/ -->\n<title>Acelerar a recupera\u00e7\u00e3o de Mo\u00e7ambique ap\u00f3s ciclones \u00e9 nova meta da ONU<\/title>\n<meta name=\"description\" content=\"Reservas de emerg\u00eancia esgotaram na\u00a0resposta humanit\u00e1ria a ciclones de 2019; Escrit\u00f3rio de Assist\u00eancia Humanit\u00e1ria alerta que pelo menos uma grande\" \/>\n<meta name=\"robots\" content=\"index, follow, max-snippet:-1, max-image-preview:large, max-video-preview:-1\" \/>\n<link rel=\"canonical\" href=\"https:\/\/www.pressenza.com\/pt-pt\/2019\/12\/acelerar-a-recuperacao-de-mocambique-apos-ciclones-e-nova-meta-da-onu\/\" \/>\n<meta property=\"og:locale\" content=\"pt_PT\" \/>\n<meta property=\"og:type\" content=\"article\" \/>\n<meta property=\"og:title\" content=\"Acelerar a recupera\u00e7\u00e3o de Mo\u00e7ambique ap\u00f3s ciclones \u00e9 nova meta da ONU\" \/>\n<meta property=\"og:description\" content=\"Reservas de emerg\u00eancia esgotaram na\u00a0resposta humanit\u00e1ria a ciclones de 2019; Escrit\u00f3rio de Assist\u00eancia Humanit\u00e1ria alerta que pelo menos uma grande\" \/>\n<meta property=\"og:url\" content=\"https:\/\/www.pressenza.com\/pt-pt\/2019\/12\/acelerar-a-recuperacao-de-mocambique-apos-ciclones-e-nova-meta-da-onu\/\" \/>\n<meta property=\"og:site_name\" content=\"Pressenza\" \/>\n<meta property=\"article:publisher\" content=\"https:\/\/www.facebook.com\/PressenzaItalia\" \/>\n<meta property=\"article:author\" content=\"https:\/\/www.facebook.com\/UN.News.Centre\" \/>\n<meta property=\"article:published_time\" content=\"2019-12-21T17:51:21+00:00\" \/>\n<meta property=\"og:image\" content=\"https:\/\/www.pressenza.com\/wp-content\/uploads\/2019\/12\/image1170x530cropped-2.jpg\" \/>\n\t<meta property=\"og:image:width\" content=\"1170\" \/>\n\t<meta property=\"og:image:height\" content=\"530\" \/>\n\t<meta property=\"og:image:type\" content=\"image\/jpeg\" \/>\n<meta name=\"author\" content=\"UN News Centre\" \/>\n<meta name=\"twitter:card\" content=\"summary_large_image\" \/>\n<meta name=\"twitter:creator\" content=\"@UN_News_Centre\" \/>\n<meta name=\"twitter:site\" content=\"@PressenzaIPA\" \/>\n<meta name=\"twitter:label1\" content=\"Escrito por\" \/>\n\t<meta name=\"twitter:data1\" content=\"UN News Centre\" \/>\n\t<meta name=\"twitter:label2\" content=\"Tempo estimado de leitura\" \/>\n\t<meta name=\"twitter:data2\" content=\"3 minutos\" \/>\n<script type=\"application\/ld+json\" class=\"yoast-schema-graph\">{\"@context\":\"https:\/\/schema.org\",\"@graph\":[{\"@type\":\"Article\",\"@id\":\"https:\/\/www.pressenza.com\/pt-pt\/2019\/12\/acelerar-a-recuperacao-de-mocambique-apos-ciclones-e-nova-meta-da-onu\/#article\",\"isPartOf\":{\"@id\":\"https:\/\/www.pressenza.com\/pt-pt\/2019\/12\/acelerar-a-recuperacao-de-mocambique-apos-ciclones-e-nova-meta-da-onu\/\"},\"author\":{\"name\":\"UN News Centre\",\"@id\":\"https:\/\/www.pressenza.com\/pt-pt\/#\/schema\/person\/868696f3a70d4f8ef7caec14cc979248\"},\"headline\":\"Acelerar a recupera\u00e7\u00e3o de Mo\u00e7ambique ap\u00f3s ciclones \u00e9 nova meta da ONU\",\"datePublished\":\"2019-12-21T17:51:21+00:00\",\"mainEntityOfPage\":{\"@id\":\"https:\/\/www.pressenza.com\/pt-pt\/2019\/12\/acelerar-a-recuperacao-de-mocambique-apos-ciclones-e-nova-meta-da-onu\/\"},\"wordCount\":547,\"publisher\":{\"@id\":\"https:\/\/www.pressenza.com\/pt-pt\/#organization\"},\"image\":{\"@id\":\"https:\/\/www.pressenza.com\/pt-pt\/2019\/12\/acelerar-a-recuperacao-de-mocambique-apos-ciclones-e-nova-meta-da-onu\/#primaryimage\"},\"thumbnailUrl\":\"https:\/\/www.pressenza.com\/wp-content\/uploads\/2019\/12\/image1170x530cropped-2.jpg\",\"keywords\":[\"Assist\u00eancia Humanit\u00e1ria\",\"criancas\",\"Na\u00e7\u00f5es Unidas\",\"ONU\"],\"articleSection\":[\"Africa\",\"Ecologia e Meio Ambiente\",\"Internacional\"],\"inLanguage\":\"pt-PT\"},{\"@type\":\"WebPage\",\"@id\":\"https:\/\/www.pressenza.com\/pt-pt\/2019\/12\/acelerar-a-recuperacao-de-mocambique-apos-ciclones-e-nova-meta-da-onu\/\",\"url\":\"https:\/\/www.pressenza.com\/pt-pt\/2019\/12\/acelerar-a-recuperacao-de-mocambique-apos-ciclones-e-nova-meta-da-onu\/\",\"name\":\"Acelerar a recupera\u00e7\u00e3o de Mo\u00e7ambique ap\u00f3s ciclones \u00e9 nova meta da ONU\",\"isPartOf\":{\"@id\":\"https:\/\/www.pressenza.com\/pt-pt\/#website\"},\"primaryImageOfPage\":{\"@id\":\"https:\/\/www.pressenza.com\/pt-pt\/2019\/12\/acelerar-a-recuperacao-de-mocambique-apos-ciclones-e-nova-meta-da-onu\/#primaryimage\"},\"image\":{\"@id\":\"https:\/\/www.pressenza.com\/pt-pt\/2019\/12\/acelerar-a-recuperacao-de-mocambique-apos-ciclones-e-nova-meta-da-onu\/#primaryimage\"},\"thumbnailUrl\":\"https:\/\/www.pressenza.com\/wp-content\/uploads\/2019\/12\/image1170x530cropped-2.jpg\",\"datePublished\":\"2019-12-21T17:51:21+00:00\",\"description\":\"Reservas de emerg\u00eancia esgotaram na\u00a0resposta humanit\u00e1ria a ciclones de 2019; Escrit\u00f3rio de Assist\u00eancia Humanit\u00e1ria alerta que pelo menos uma grande\",\"breadcrumb\":{\"@id\":\"https:\/\/www.pressenza.com\/pt-pt\/2019\/12\/acelerar-a-recuperacao-de-mocambique-apos-ciclones-e-nova-meta-da-onu\/#breadcrumb\"},\"inLanguage\":\"pt-PT\",\"potentialAction\":[{\"@type\":\"ReadAction\",\"target\":[\"https:\/\/www.pressenza.com\/pt-pt\/2019\/12\/acelerar-a-recuperacao-de-mocambique-apos-ciclones-e-nova-meta-da-onu\/\"]}]},{\"@type\":\"ImageObject\",\"inLanguage\":\"pt-PT\",\"@id\":\"https:\/\/www.pressenza.com\/pt-pt\/2019\/12\/acelerar-a-recuperacao-de-mocambique-apos-ciclones-e-nova-meta-da-onu\/#primaryimage\",\"url\":\"https:\/\/www.pressenza.com\/wp-content\/uploads\/2019\/12\/image1170x530cropped-2.jpg\",\"contentUrl\":\"https:\/\/www.pressenza.com\/wp-content\/uploads\/2019\/12\/image1170x530cropped-2.jpg\",\"width\":1170,\"height\":530},{\"@type\":\"BreadcrumbList\",\"@id\":\"https:\/\/www.pressenza.com\/pt-pt\/2019\/12\/acelerar-a-recuperacao-de-mocambique-apos-ciclones-e-nova-meta-da-onu\/#breadcrumb\",\"itemListElement\":[{\"@type\":\"ListItem\",\"position\":1,\"name\":\"Accueil\",\"item\":\"https:\/\/www.pressenza.com\/pt-pt\/\"},{\"@type\":\"ListItem\",\"position\":2,\"name\":\"Acelerar a recupera\u00e7\u00e3o de Mo\u00e7ambique ap\u00f3s ciclones \u00e9 nova meta da ONU\"}]},{\"@type\":\"WebSite\",\"@id\":\"https:\/\/www.pressenza.com\/pt-pt\/#website\",\"url\":\"https:\/\/www.pressenza.com\/pt-pt\/\",\"name\":\"Pressenza\",\"description\":\"International Press Agency\",\"publisher\":{\"@id\":\"https:\/\/www.pressenza.com\/pt-pt\/#organization\"},\"potentialAction\":[{\"@type\":\"SearchAction\",\"target\":{\"@type\":\"EntryPoint\",\"urlTemplate\":\"https:\/\/www.pressenza.com\/pt-pt\/?s={search_term_string}\"},\"query-input\":{\"@type\":\"PropertyValueSpecification\",\"valueRequired\":true,\"valueName\":\"search_term_string\"}}],\"inLanguage\":\"pt-PT\"},{\"@type\":\"Organization\",\"@id\":\"https:\/\/www.pressenza.com\/pt-pt\/#organization\",\"name\":\"Pressenza\",\"url\":\"https:\/\/www.pressenza.com\/pt-pt\/\",\"logo\":{\"@type\":\"ImageObject\",\"inLanguage\":\"pt-PT\",\"@id\":\"https:\/\/www.pressenza.com\/pt-pt\/#\/schema\/logo\/image\/\",\"url\":\"https:\/\/www.pressenza.com\/wp-content\/uploads\/2022\/10\/pressenza_logo_200x200.jpg\",\"contentUrl\":\"https:\/\/www.pressenza.com\/wp-content\/uploads\/2022\/10\/pressenza_logo_200x200.jpg\",\"width\":200,\"height\":200,\"caption\":\"Pressenza\"},\"image\":{\"@id\":\"https:\/\/www.pressenza.com\/pt-pt\/#\/schema\/logo\/image\/\"},\"sameAs\":[\"https:\/\/www.facebook.com\/PressenzaItalia\",\"https:\/\/x.com\/PressenzaIPA\"]},{\"@type\":\"Person\",\"@id\":\"https:\/\/www.pressenza.com\/pt-pt\/#\/schema\/person\/868696f3a70d4f8ef7caec14cc979248\",\"name\":\"UN News Centre\",\"description\":\"News from the UN News Service www.un.org\/News\/\",\"sameAs\":[\"http:\/\/www.un.org\/News\/\",\"https:\/\/www.facebook.com\/UN.News.Centre\",\"https:\/\/x.com\/UN_News_Centre\"],\"url\":\"https:\/\/www.pressenza.com\/pt-pt\/author\/unnewscentre\/\"}]}<\/script>\n<!-- \/ Yoast SEO plugin. -->","yoast_head_json":{"title":"Acelerar a recupera\u00e7\u00e3o de Mo\u00e7ambique ap\u00f3s ciclones \u00e9 nova meta da ONU","description":"Reservas de emerg\u00eancia esgotaram na\u00a0resposta humanit\u00e1ria a ciclones de 2019; Escrit\u00f3rio de Assist\u00eancia Humanit\u00e1ria alerta que pelo menos uma grande","robots":{"index":"index","follow":"follow","max-snippet":"max-snippet:-1","max-image-preview":"max-image-preview:large","max-video-preview":"max-video-preview:-1"},"canonical":"https:\/\/www.pressenza.com\/pt-pt\/2019\/12\/acelerar-a-recuperacao-de-mocambique-apos-ciclones-e-nova-meta-da-onu\/","og_locale":"pt_PT","og_type":"article","og_title":"Acelerar a recupera\u00e7\u00e3o de Mo\u00e7ambique ap\u00f3s ciclones \u00e9 nova meta da ONU","og_description":"Reservas de emerg\u00eancia esgotaram na\u00a0resposta humanit\u00e1ria a ciclones de 2019; Escrit\u00f3rio de Assist\u00eancia Humanit\u00e1ria alerta que pelo menos uma grande","og_url":"https:\/\/www.pressenza.com\/pt-pt\/2019\/12\/acelerar-a-recuperacao-de-mocambique-apos-ciclones-e-nova-meta-da-onu\/","og_site_name":"Pressenza","article_publisher":"https:\/\/www.facebook.com\/PressenzaItalia","article_author":"https:\/\/www.facebook.com\/UN.News.Centre","article_published_time":"2019-12-21T17:51:21+00:00","og_image":[{"width":1170,"height":530,"url":"https:\/\/www.pressenza.com\/wp-content\/uploads\/2019\/12\/image1170x530cropped-2.jpg","type":"image\/jpeg"}],"author":"UN News Centre","twitter_card":"summary_large_image","twitter_creator":"@UN_News_Centre","twitter_site":"@PressenzaIPA","twitter_misc":{"Escrito por":"UN News Centre","Tempo estimado de leitura":"3 minutos"},"schema":{"@context":"https:\/\/schema.org","@graph":[{"@type":"Article","@id":"https:\/\/www.pressenza.com\/pt-pt\/2019\/12\/acelerar-a-recuperacao-de-mocambique-apos-ciclones-e-nova-meta-da-onu\/#article","isPartOf":{"@id":"https:\/\/www.pressenza.com\/pt-pt\/2019\/12\/acelerar-a-recuperacao-de-mocambique-apos-ciclones-e-nova-meta-da-onu\/"},"author":{"name":"UN News Centre","@id":"https:\/\/www.pressenza.com\/pt-pt\/#\/schema\/person\/868696f3a70d4f8ef7caec14cc979248"},"headline":"Acelerar a recupera\u00e7\u00e3o de Mo\u00e7ambique ap\u00f3s ciclones \u00e9 nova meta da ONU","datePublished":"2019-12-21T17:51:21+00:00","mainEntityOfPage":{"@id":"https:\/\/www.pressenza.com\/pt-pt\/2019\/12\/acelerar-a-recuperacao-de-mocambique-apos-ciclones-e-nova-meta-da-onu\/"},"wordCount":547,"publisher":{"@id":"https:\/\/www.pressenza.com\/pt-pt\/#organization"},"image":{"@id":"https:\/\/www.pressenza.com\/pt-pt\/2019\/12\/acelerar-a-recuperacao-de-mocambique-apos-ciclones-e-nova-meta-da-onu\/#primaryimage"},"thumbnailUrl":"https:\/\/www.pressenza.com\/wp-content\/uploads\/2019\/12\/image1170x530cropped-2.jpg","keywords":["Assist\u00eancia Humanit\u00e1ria","criancas","Na\u00e7\u00f5es Unidas","ONU"],"articleSection":["Africa","Ecologia e Meio Ambiente","Internacional"],"inLanguage":"pt-PT"},{"@type":"WebPage","@id":"https:\/\/www.pressenza.com\/pt-pt\/2019\/12\/acelerar-a-recuperacao-de-mocambique-apos-ciclones-e-nova-meta-da-onu\/","url":"https:\/\/www.pressenza.com\/pt-pt\/2019\/12\/acelerar-a-recuperacao-de-mocambique-apos-ciclones-e-nova-meta-da-onu\/","name":"Acelerar a recupera\u00e7\u00e3o de Mo\u00e7ambique ap\u00f3s ciclones \u00e9 nova meta da ONU","isPartOf":{"@id":"https:\/\/www.pressenza.com\/pt-pt\/#website"},"primaryImageOfPage":{"@id":"https:\/\/www.pressenza.com\/pt-pt\/2019\/12\/acelerar-a-recuperacao-de-mocambique-apos-ciclones-e-nova-meta-da-onu\/#primaryimage"},"image":{"@id":"https:\/\/www.pressenza.com\/pt-pt\/2019\/12\/acelerar-a-recuperacao-de-mocambique-apos-ciclones-e-nova-meta-da-onu\/#primaryimage"},"thumbnailUrl":"https:\/\/www.pressenza.com\/wp-content\/uploads\/2019\/12\/image1170x530cropped-2.jpg","datePublished":"2019-12-21T17:51:21+00:00","description":"Reservas de emerg\u00eancia esgotaram na\u00a0resposta humanit\u00e1ria a ciclones de 2019; Escrit\u00f3rio de Assist\u00eancia Humanit\u00e1ria alerta que pelo menos uma grande","breadcrumb":{"@id":"https:\/\/www.pressenza.com\/pt-pt\/2019\/12\/acelerar-a-recuperacao-de-mocambique-apos-ciclones-e-nova-meta-da-onu\/#breadcrumb"},"inLanguage":"pt-PT","potentialAction":[{"@type":"ReadAction","target":["https:\/\/www.pressenza.com\/pt-pt\/2019\/12\/acelerar-a-recuperacao-de-mocambique-apos-ciclones-e-nova-meta-da-onu\/"]}]},{"@type":"ImageObject","inLanguage":"pt-PT","@id":"https:\/\/www.pressenza.com\/pt-pt\/2019\/12\/acelerar-a-recuperacao-de-mocambique-apos-ciclones-e-nova-meta-da-onu\/#primaryimage","url":"https:\/\/www.pressenza.com\/wp-content\/uploads\/2019\/12\/image1170x530cropped-2.jpg","contentUrl":"https:\/\/www.pressenza.com\/wp-content\/uploads\/2019\/12\/image1170x530cropped-2.jpg","width":1170,"height":530},{"@type":"BreadcrumbList","@id":"https:\/\/www.pressenza.com\/pt-pt\/2019\/12\/acelerar-a-recuperacao-de-mocambique-apos-ciclones-e-nova-meta-da-onu\/#breadcrumb","itemListElement":[{"@type":"ListItem","position":1,"name":"Accueil","item":"https:\/\/www.pressenza.com\/pt-pt\/"},{"@type":"ListItem","position":2,"name":"Acelerar a recupera\u00e7\u00e3o de Mo\u00e7ambique ap\u00f3s ciclones \u00e9 nova meta da ONU"}]},{"@type":"WebSite","@id":"https:\/\/www.pressenza.com\/pt-pt\/#website","url":"https:\/\/www.pressenza.com\/pt-pt\/","name":"Pressenza","description":"International Press Agency","publisher":{"@id":"https:\/\/www.pressenza.com\/pt-pt\/#organization"},"potentialAction":[{"@type":"SearchAction","target":{"@type":"EntryPoint","urlTemplate":"https:\/\/www.pressenza.com\/pt-pt\/?s={search_term_string}"},"query-input":{"@type":"PropertyValueSpecification","valueRequired":true,"valueName":"search_term_string"}}],"inLanguage":"pt-PT"},{"@type":"Organization","@id":"https:\/\/www.pressenza.com\/pt-pt\/#organization","name":"Pressenza","url":"https:\/\/www.pressenza.com\/pt-pt\/","logo":{"@type":"ImageObject","inLanguage":"pt-PT","@id":"https:\/\/www.pressenza.com\/pt-pt\/#\/schema\/logo\/image\/","url":"https:\/\/www.pressenza.com\/wp-content\/uploads\/2022\/10\/pressenza_logo_200x200.jpg","contentUrl":"https:\/\/www.pressenza.com\/wp-content\/uploads\/2022\/10\/pressenza_logo_200x200.jpg","width":200,"height":200,"caption":"Pressenza"},"image":{"@id":"https:\/\/www.pressenza.com\/pt-pt\/#\/schema\/logo\/image\/"},"sameAs":["https:\/\/www.facebook.com\/PressenzaItalia","https:\/\/x.com\/PressenzaIPA"]},{"@type":"Person","@id":"https:\/\/www.pressenza.com\/pt-pt\/#\/schema\/person\/868696f3a70d4f8ef7caec14cc979248","name":"UN News Centre","description":"News from the UN News Service www.un.org\/News\/","sameAs":["http:\/\/www.un.org\/News\/","https:\/\/www.facebook.com\/UN.News.Centre","https:\/\/x.com\/UN_News_Centre"],"url":"https:\/\/www.pressenza.com\/pt-pt\/author\/unnewscentre\/"}]}},"place":"","original_article_url":"https:\/\/news.un.org\/pt\/story\/2019\/12\/1698581","_links":{"self":[{"href":"https:\/\/www.pressenza.com\/pt-pt\/wp-json\/wp\/v2\/posts\/1000421","targetHints":{"allow":["GET"]}}],"collection":[{"href":"https:\/\/www.pressenza.com\/pt-pt\/wp-json\/wp\/v2\/posts"}],"about":[{"href":"https:\/\/www.pressenza.com\/pt-pt\/wp-json\/wp\/v2\/types\/post"}],"author":[{"embeddable":true,"href":"https:\/\/www.pressenza.com\/pt-pt\/wp-json\/wp\/v2\/users\/933"}],"replies":[{"embeddable":true,"href":"https:\/\/www.pressenza.com\/pt-pt\/wp-json\/wp\/v2\/comments?post=1000421"}],"version-history":[{"count":0,"href":"https:\/\/www.pressenza.com\/pt-pt\/wp-json\/wp\/v2\/posts\/1000421\/revisions"}],"wp:featuredmedia":[{"embeddable":true,"href":"https:\/\/www.pressenza.com\/pt-pt\/wp-json\/wp\/v2\/media\/1000422"}],"wp:attachment":[{"href":"https:\/\/www.pressenza.com\/pt-pt\/wp-json\/wp\/v2\/media?parent=1000421"}],"wp:term":[{"taxonomy":"category","embeddable":true,"href":"https:\/\/www.pressenza.com\/pt-pt\/wp-json\/wp\/v2\/categories?post=1000421"},{"taxonomy":"post_tag","embeddable":true,"href":"https:\/\/www.pressenza.com\/pt-pt\/wp-json\/wp\/v2\/tags?post=1000421"}],"curies":[{"name":"wp","href":"https:\/\/api.w.org\/{rel}","templated":true}]}}