{"id":998663,"date":"2019-12-18T13:56:48","date_gmt":"2019-12-18T13:56:48","guid":{"rendered":"https:\/\/www.pressenza.com\/?p=998663"},"modified":"2019-12-19T08:39:31","modified_gmt":"2019-12-19T08:39:31","slug":"ce-qualche-buon-motivo-per-trattare-male-le-persone","status":"publish","type":"post","link":"https:\/\/www.pressenza.com\/it\/2019\/12\/ce-qualche-buon-motivo-per-trattare-male-le-persone\/","title":{"rendered":"C\u2019\u00e8 qualche buon motivo per trattare male le persone?"},"content":{"rendered":"<p>Ci sono cose nel mondo che sono ovvie, che nessuno mette in discussione. In generale assistiamo a discussioni e dibattiti su argomenti che a ben guardare ci risultano futili o assolutamente secondari. Mi capita raramente di affrontare discussioni o dibattiti su argomenti che reputo veramente importanti.<\/p>\n<p>Cos\u00ec mi sono proposto una riflessione: c\u2019\u00e8 qualche buon motivo per trattare male le persone?<\/p>\n<p>Da dove viene questa strana domanda? Viene dal fatto che mi capita di vedere persone che vengono trattate male; dal fatto che mi capita di sentirmi trattato male; ma soprattutto dal fatto che sento che mi succede di trattare male gli altri ed anche me stesso.<\/p>\n<p>Non comincer\u00f2 definendo cosa vuol dire trattare male, lasciamolo per ora nel campo della sensazione: mi sento trattato male, sento che quella persona viene trattata male.<\/p>\n<p>A questo punto qualcuno potr\u00e0 obiettare: \u201cs\u00ec, ci sono situazioni in cui mi sembra il caso di trattare male una persona\u201d. Per esempio vedo molti casi in cui si trattano male i bambini, \u201cper il loro bene\u201d, perch\u00e9 invece di dar loro una spiegazione sulle nostre motivazioni ci limitiamo a dirgli \u201csi \u00e8 sempre fatto cos\u00ec!!\u201d.<\/p>\n<p>Ma il tema non \u00e8 solo personale, \u00e8 anche sociale: quante persone trattiamo male, come categoria, in modo a volte larvato? Come la mettiamo con il sottile maltrattamento psicologico nei confronti delle persone senza lavoro? \u201cMaledetti fannulloni!!\u201d. Che dire della facile soluzione di cercare negli altri i colpevoli del proprio disagio? \u201cE\u2019 tutta colpa degli stranieri!!\u201d.<\/p>\n<p>A guardare bene viviamo in un sistema di maltrattamento generale. Mi \u00e8 arrivato oggi un messaggio sull\u2019importanza di abbracciarsi. Una delle mille catene che ci arrivano via messaggini. Perch\u00e9 mai dobbiamo mandarci messaggi \u201cbuonisti\u201d? Potremmo far prima salutando le persone che incontriamo per strada e magari abbracciando (fisicamente o mentalmente), quelle che ce lo lasciano fare (e che sono di pi\u00f9 di quanti ci immaginiamo).<\/p>\n<p>Ma rifacciamoci la domanda? Ho qualche buon motivo per trattare male le persone? No, sembra che, in fondo, non ce l\u2019abbia. Sembra che quando, per educazione, per consuetudini, perch\u00e9 sto di cattivo umore, perch\u00e9 non ho un\u2019altra risposta ecc. tratto male qualcuno avrei potuto riflettere e trovare un\u2019altra soluzione. Sembra che non abbiamo tempo: ma abbiamo qualcosa di pi\u00f9 importante da fare che fermarci un secondo a riflettere sulla nostra vita? Cercare strategie migliori per convivere con gli altri?<\/p>\n<p>Ma di nuovo il problema non \u00e8 individuale, \u00e8 sociale: dovrei provare a costruire ambiti dove ci si tratti bene; se ci penso posso trovare ambiti in cui questo gi\u00e0 succede, studiarne le caratteristiche e vedere che cosa \u00e8 riproducibile. Dedicarci tempo, invece di correre verso non so dove.<\/p>\n<p>Provando a farlo ho scoperto (la solita fondamentale scoperta dell\u2019acqua calda) che quegli ambiti sono quelli dove le persone si trattano come vorrebbero essere trattati.<\/p>\n<p>Una cosa ovvia, antica, semplice e comprensibile da tutti, la Regola d\u2019Oro espressa da tutti i mistici, filosofi e saggi di tutte le culture da tempo immemorabile.<\/p>\n<p>Cos\u00ec il sospetto \u00e8 che questa sia la chiave per organizzarsi insieme, partendo da ognuno di noi, per avanzare rapidamente nella costruzione del nuovo mondo, costruzione che mi appare sempre pi\u00f9 urgente e necessaria.<\/p>\n","protected":false},"excerpt":{"rendered":"<p>Ci sono cose nel mondo che sono ovvie, che nessuno mette in discussione. In generale assistiamo a discussioni e dibattiti su argomenti che a ben guardare ci risultano futili o assolutamente secondari. Mi capita raramente di affrontare discussioni o dibattiti&hellip;<\/p>\n","protected":false},"author":10,"featured_media":910043,"comment_status":"closed","ping_status":"closed","sticky":false,"template":"","format":"standard","meta":{"footnotes":""},"categories":[11388,38,162,1260],"tags":[68521,28389,19983],"class_list":["post-998663","post","type-post","status-publish","format-standard","has-post-thumbnail","hentry","category-contenuti-originali","category-internazionale","category-opinioni","category-umanesimo-spiritualita","tag-ambiti","tag-persone","tag-regola-doro"],"yoast_head":"<!-- This site is optimized with the Yoast SEO plugin v27.1.1 - https:\/\/yoast.com\/product\/yoast-seo-wordpress\/ -->\n<title>C\u2019\u00e8 qualche buon motivo per trattare male le persone?<\/title>\n<meta name=\"description\" content=\"Ci sono cose nel mondo che sono ovvie, che nessuno mette in discussione. In generale assistiamo a discussioni e dibattiti su argomenti che a ben guardare\" \/>\n<meta name=\"robots\" content=\"index, follow, max-snippet:-1, max-image-preview:large, max-video-preview:-1\" \/>\n<link rel=\"canonical\" href=\"https:\/\/www.pressenza.com\/it\/2019\/12\/ce-qualche-buon-motivo-per-trattare-male-le-persone\/\" \/>\n<meta property=\"og:locale\" content=\"it_IT\" \/>\n<meta property=\"og:type\" content=\"article\" \/>\n<meta property=\"og:title\" content=\"C\u2019\u00e8 qualche buon motivo per trattare male le persone?\" \/>\n<meta property=\"og:description\" content=\"Ci sono cose nel mondo che sono ovvie, che nessuno mette in discussione. In generale assistiamo a discussioni e dibattiti su argomenti che a ben guardare\" \/>\n<meta property=\"og:url\" content=\"https:\/\/www.pressenza.com\/it\/2019\/12\/ce-qualche-buon-motivo-per-trattare-male-le-persone\/\" \/>\n<meta property=\"og:site_name\" content=\"Pressenza\" \/>\n<meta property=\"article:publisher\" content=\"https:\/\/www.facebook.com\/PressenzaItalia\" \/>\n<meta property=\"article:published_time\" content=\"2019-12-18T13:56:48+00:00\" \/>\n<meta property=\"article:modified_time\" content=\"2019-12-19T08:39:31+00:00\" \/>\n<meta property=\"og:image\" content=\"https:\/\/www.pressenza.com\/wp-content\/uploads\/2019\/08\/abbraccio-Open-Arms.jpg\" \/>\n\t<meta property=\"og:image:width\" content=\"1126\" \/>\n\t<meta property=\"og:image:height\" content=\"750\" \/>\n\t<meta property=\"og:image:type\" content=\"image\/jpeg\" \/>\n<meta name=\"author\" content=\"Olivier Turquet\" \/>\n<meta name=\"twitter:card\" content=\"summary_large_image\" \/>\n<meta name=\"twitter:creator\" content=\"@PressenzaIPA\" \/>\n<meta name=\"twitter:site\" content=\"@PressenzaIPA\" \/>\n<meta name=\"twitter:label1\" content=\"Scritto da\" \/>\n\t<meta name=\"twitter:data1\" content=\"Olivier Turquet\" \/>\n\t<meta name=\"twitter:label2\" content=\"Tempo di lettura stimato\" \/>\n\t<meta name=\"twitter:data2\" content=\"3 minuti\" \/>\n<script type=\"application\/ld+json\" class=\"yoast-schema-graph\">{\"@context\":\"https:\/\/schema.org\",\"@graph\":[{\"@type\":\"Article\",\"@id\":\"https:\/\/www.pressenza.com\/it\/2019\/12\/ce-qualche-buon-motivo-per-trattare-male-le-persone\/#article\",\"isPartOf\":{\"@id\":\"https:\/\/www.pressenza.com\/it\/2019\/12\/ce-qualche-buon-motivo-per-trattare-male-le-persone\/\"},\"author\":{\"name\":\"Olivier Turquet\",\"@id\":\"https:\/\/www.pressenza.com\/it\/#\/schema\/person\/636f8feb51f63f34e7378d5fcdd1de53\"},\"headline\":\"C\u2019\u00e8 qualche buon motivo per trattare male le persone?\",\"datePublished\":\"2019-12-18T13:56:48+00:00\",\"dateModified\":\"2019-12-19T08:39:31+00:00\",\"mainEntityOfPage\":{\"@id\":\"https:\/\/www.pressenza.com\/it\/2019\/12\/ce-qualche-buon-motivo-per-trattare-male-le-persone\/\"},\"wordCount\":531,\"publisher\":{\"@id\":\"https:\/\/www.pressenza.com\/it\/#organization\"},\"image\":{\"@id\":\"https:\/\/www.pressenza.com\/it\/2019\/12\/ce-qualche-buon-motivo-per-trattare-male-le-persone\/#primaryimage\"},\"thumbnailUrl\":\"https:\/\/www.pressenza.com\/wp-content\/uploads\/2019\/08\/abbraccio-Open-Arms.jpg\",\"keywords\":[\"ambiti\",\"persone\",\"Regola d'Oro\"],\"articleSection\":[\"contenuti originali\",\"Internazionale\",\"Opinioni\",\"Umanesimo e Spiritualit\u00e0\"],\"inLanguage\":\"it-IT\"},{\"@type\":\"WebPage\",\"@id\":\"https:\/\/www.pressenza.com\/it\/2019\/12\/ce-qualche-buon-motivo-per-trattare-male-le-persone\/\",\"url\":\"https:\/\/www.pressenza.com\/it\/2019\/12\/ce-qualche-buon-motivo-per-trattare-male-le-persone\/\",\"name\":\"C\u2019\u00e8 qualche buon motivo per trattare male le persone?\",\"isPartOf\":{\"@id\":\"https:\/\/www.pressenza.com\/it\/#website\"},\"primaryImageOfPage\":{\"@id\":\"https:\/\/www.pressenza.com\/it\/2019\/12\/ce-qualche-buon-motivo-per-trattare-male-le-persone\/#primaryimage\"},\"image\":{\"@id\":\"https:\/\/www.pressenza.com\/it\/2019\/12\/ce-qualche-buon-motivo-per-trattare-male-le-persone\/#primaryimage\"},\"thumbnailUrl\":\"https:\/\/www.pressenza.com\/wp-content\/uploads\/2019\/08\/abbraccio-Open-Arms.jpg\",\"datePublished\":\"2019-12-18T13:56:48+00:00\",\"dateModified\":\"2019-12-19T08:39:31+00:00\",\"description\":\"Ci sono cose nel mondo che sono ovvie, che nessuno mette in discussione. In generale assistiamo a discussioni e dibattiti su argomenti che a ben guardare\",\"breadcrumb\":{\"@id\":\"https:\/\/www.pressenza.com\/it\/2019\/12\/ce-qualche-buon-motivo-per-trattare-male-le-persone\/#breadcrumb\"},\"inLanguage\":\"it-IT\",\"potentialAction\":[{\"@type\":\"ReadAction\",\"target\":[\"https:\/\/www.pressenza.com\/it\/2019\/12\/ce-qualche-buon-motivo-per-trattare-male-le-persone\/\"]}]},{\"@type\":\"ImageObject\",\"inLanguage\":\"it-IT\",\"@id\":\"https:\/\/www.pressenza.com\/it\/2019\/12\/ce-qualche-buon-motivo-per-trattare-male-le-persone\/#primaryimage\",\"url\":\"https:\/\/www.pressenza.com\/wp-content\/uploads\/2019\/08\/abbraccio-Open-Arms.jpg\",\"contentUrl\":\"https:\/\/www.pressenza.com\/wp-content\/uploads\/2019\/08\/abbraccio-Open-Arms.jpg\",\"width\":1126,\"height\":750},{\"@type\":\"BreadcrumbList\",\"@id\":\"https:\/\/www.pressenza.com\/it\/2019\/12\/ce-qualche-buon-motivo-per-trattare-male-le-persone\/#breadcrumb\",\"itemListElement\":[{\"@type\":\"ListItem\",\"position\":1,\"name\":\"Accueil\",\"item\":\"https:\/\/www.pressenza.com\/it\/\"},{\"@type\":\"ListItem\",\"position\":2,\"name\":\"C\u2019\u00e8 qualche buon motivo per trattare male le persone?\"}]},{\"@type\":\"WebSite\",\"@id\":\"https:\/\/www.pressenza.com\/it\/#website\",\"url\":\"https:\/\/www.pressenza.com\/it\/\",\"name\":\"Pressenza\",\"description\":\"Agenzia di Stampa Internazionale\",\"publisher\":{\"@id\":\"https:\/\/www.pressenza.com\/it\/#organization\"},\"potentialAction\":[{\"@type\":\"SearchAction\",\"target\":{\"@type\":\"EntryPoint\",\"urlTemplate\":\"https:\/\/www.pressenza.com\/it\/?s={search_term_string}\"},\"query-input\":{\"@type\":\"PropertyValueSpecification\",\"valueRequired\":true,\"valueName\":\"search_term_string\"}}],\"inLanguage\":\"it-IT\"},{\"@type\":\"Organization\",\"@id\":\"https:\/\/www.pressenza.com\/it\/#organization\",\"name\":\"Pressenza\",\"url\":\"https:\/\/www.pressenza.com\/it\/\",\"logo\":{\"@type\":\"ImageObject\",\"inLanguage\":\"it-IT\",\"@id\":\"https:\/\/www.pressenza.com\/it\/#\/schema\/logo\/image\/\",\"url\":\"https:\/\/www.pressenza.com\/wp-content\/uploads\/2022\/10\/pressenza_logo_200x200.jpg\",\"contentUrl\":\"https:\/\/www.pressenza.com\/wp-content\/uploads\/2022\/10\/pressenza_logo_200x200.jpg\",\"width\":200,\"height\":200,\"caption\":\"Pressenza\"},\"image\":{\"@id\":\"https:\/\/www.pressenza.com\/it\/#\/schema\/logo\/image\/\"},\"sameAs\":[\"https:\/\/www.facebook.com\/PressenzaItalia\",\"https:\/\/x.com\/PressenzaIPA\"]},{\"@type\":\"Person\",\"@id\":\"https:\/\/www.pressenza.com\/it\/#\/schema\/person\/636f8feb51f63f34e7378d5fcdd1de53\",\"name\":\"Olivier Turquet\",\"description\":\"Takes care of writing to tell the reality for about 40 years. He has worked with paper publications, radio and electronic He founded the electronic news agency humanist Good News. He was press secretary to various events such as: the International Humanist, Florence Play, the World March for Peace and Nonviolence. Currently coordinates the Italian team of Pressenza. olivierturquet.wordpress.com\",\"sameAs\":[\"http:\/\/olivierturquet.wordpress.com\"],\"url\":\"https:\/\/www.pressenza.com\/it\/author\/olivier-turquet\/\"}]}<\/script>\n<!-- \/ Yoast SEO plugin. -->","yoast_head_json":{"title":"C\u2019\u00e8 qualche buon motivo per trattare male le persone?","description":"Ci sono cose nel mondo che sono ovvie, che nessuno mette in discussione. In generale assistiamo a discussioni e dibattiti su argomenti che a ben guardare","robots":{"index":"index","follow":"follow","max-snippet":"max-snippet:-1","max-image-preview":"max-image-preview:large","max-video-preview":"max-video-preview:-1"},"canonical":"https:\/\/www.pressenza.com\/it\/2019\/12\/ce-qualche-buon-motivo-per-trattare-male-le-persone\/","og_locale":"it_IT","og_type":"article","og_title":"C\u2019\u00e8 qualche buon motivo per trattare male le persone?","og_description":"Ci sono cose nel mondo che sono ovvie, che nessuno mette in discussione. In generale assistiamo a discussioni e dibattiti su argomenti che a ben guardare","og_url":"https:\/\/www.pressenza.com\/it\/2019\/12\/ce-qualche-buon-motivo-per-trattare-male-le-persone\/","og_site_name":"Pressenza","article_publisher":"https:\/\/www.facebook.com\/PressenzaItalia","article_published_time":"2019-12-18T13:56:48+00:00","article_modified_time":"2019-12-19T08:39:31+00:00","og_image":[{"width":1126,"height":750,"url":"https:\/\/www.pressenza.com\/wp-content\/uploads\/2019\/08\/abbraccio-Open-Arms.jpg","type":"image\/jpeg"}],"author":"Olivier Turquet","twitter_card":"summary_large_image","twitter_creator":"@PressenzaIPA","twitter_site":"@PressenzaIPA","twitter_misc":{"Scritto da":"Olivier Turquet","Tempo di lettura stimato":"3 minuti"},"schema":{"@context":"https:\/\/schema.org","@graph":[{"@type":"Article","@id":"https:\/\/www.pressenza.com\/it\/2019\/12\/ce-qualche-buon-motivo-per-trattare-male-le-persone\/#article","isPartOf":{"@id":"https:\/\/www.pressenza.com\/it\/2019\/12\/ce-qualche-buon-motivo-per-trattare-male-le-persone\/"},"author":{"name":"Olivier Turquet","@id":"https:\/\/www.pressenza.com\/it\/#\/schema\/person\/636f8feb51f63f34e7378d5fcdd1de53"},"headline":"C\u2019\u00e8 qualche buon motivo per trattare male le persone?","datePublished":"2019-12-18T13:56:48+00:00","dateModified":"2019-12-19T08:39:31+00:00","mainEntityOfPage":{"@id":"https:\/\/www.pressenza.com\/it\/2019\/12\/ce-qualche-buon-motivo-per-trattare-male-le-persone\/"},"wordCount":531,"publisher":{"@id":"https:\/\/www.pressenza.com\/it\/#organization"},"image":{"@id":"https:\/\/www.pressenza.com\/it\/2019\/12\/ce-qualche-buon-motivo-per-trattare-male-le-persone\/#primaryimage"},"thumbnailUrl":"https:\/\/www.pressenza.com\/wp-content\/uploads\/2019\/08\/abbraccio-Open-Arms.jpg","keywords":["ambiti","persone","Regola d'Oro"],"articleSection":["contenuti originali","Internazionale","Opinioni","Umanesimo e Spiritualit\u00e0"],"inLanguage":"it-IT"},{"@type":"WebPage","@id":"https:\/\/www.pressenza.com\/it\/2019\/12\/ce-qualche-buon-motivo-per-trattare-male-le-persone\/","url":"https:\/\/www.pressenza.com\/it\/2019\/12\/ce-qualche-buon-motivo-per-trattare-male-le-persone\/","name":"C\u2019\u00e8 qualche buon motivo per trattare male le persone?","isPartOf":{"@id":"https:\/\/www.pressenza.com\/it\/#website"},"primaryImageOfPage":{"@id":"https:\/\/www.pressenza.com\/it\/2019\/12\/ce-qualche-buon-motivo-per-trattare-male-le-persone\/#primaryimage"},"image":{"@id":"https:\/\/www.pressenza.com\/it\/2019\/12\/ce-qualche-buon-motivo-per-trattare-male-le-persone\/#primaryimage"},"thumbnailUrl":"https:\/\/www.pressenza.com\/wp-content\/uploads\/2019\/08\/abbraccio-Open-Arms.jpg","datePublished":"2019-12-18T13:56:48+00:00","dateModified":"2019-12-19T08:39:31+00:00","description":"Ci sono cose nel mondo che sono ovvie, che nessuno mette in discussione. In generale assistiamo a discussioni e dibattiti su argomenti che a ben guardare","breadcrumb":{"@id":"https:\/\/www.pressenza.com\/it\/2019\/12\/ce-qualche-buon-motivo-per-trattare-male-le-persone\/#breadcrumb"},"inLanguage":"it-IT","potentialAction":[{"@type":"ReadAction","target":["https:\/\/www.pressenza.com\/it\/2019\/12\/ce-qualche-buon-motivo-per-trattare-male-le-persone\/"]}]},{"@type":"ImageObject","inLanguage":"it-IT","@id":"https:\/\/www.pressenza.com\/it\/2019\/12\/ce-qualche-buon-motivo-per-trattare-male-le-persone\/#primaryimage","url":"https:\/\/www.pressenza.com\/wp-content\/uploads\/2019\/08\/abbraccio-Open-Arms.jpg","contentUrl":"https:\/\/www.pressenza.com\/wp-content\/uploads\/2019\/08\/abbraccio-Open-Arms.jpg","width":1126,"height":750},{"@type":"BreadcrumbList","@id":"https:\/\/www.pressenza.com\/it\/2019\/12\/ce-qualche-buon-motivo-per-trattare-male-le-persone\/#breadcrumb","itemListElement":[{"@type":"ListItem","position":1,"name":"Accueil","item":"https:\/\/www.pressenza.com\/it\/"},{"@type":"ListItem","position":2,"name":"C\u2019\u00e8 qualche buon motivo per trattare male le persone?"}]},{"@type":"WebSite","@id":"https:\/\/www.pressenza.com\/it\/#website","url":"https:\/\/www.pressenza.com\/it\/","name":"Pressenza","description":"Agenzia di Stampa Internazionale","publisher":{"@id":"https:\/\/www.pressenza.com\/it\/#organization"},"potentialAction":[{"@type":"SearchAction","target":{"@type":"EntryPoint","urlTemplate":"https:\/\/www.pressenza.com\/it\/?s={search_term_string}"},"query-input":{"@type":"PropertyValueSpecification","valueRequired":true,"valueName":"search_term_string"}}],"inLanguage":"it-IT"},{"@type":"Organization","@id":"https:\/\/www.pressenza.com\/it\/#organization","name":"Pressenza","url":"https:\/\/www.pressenza.com\/it\/","logo":{"@type":"ImageObject","inLanguage":"it-IT","@id":"https:\/\/www.pressenza.com\/it\/#\/schema\/logo\/image\/","url":"https:\/\/www.pressenza.com\/wp-content\/uploads\/2022\/10\/pressenza_logo_200x200.jpg","contentUrl":"https:\/\/www.pressenza.com\/wp-content\/uploads\/2022\/10\/pressenza_logo_200x200.jpg","width":200,"height":200,"caption":"Pressenza"},"image":{"@id":"https:\/\/www.pressenza.com\/it\/#\/schema\/logo\/image\/"},"sameAs":["https:\/\/www.facebook.com\/PressenzaItalia","https:\/\/x.com\/PressenzaIPA"]},{"@type":"Person","@id":"https:\/\/www.pressenza.com\/it\/#\/schema\/person\/636f8feb51f63f34e7378d5fcdd1de53","name":"Olivier Turquet","description":"Takes care of writing to tell the reality for about 40 years. He has worked with paper publications, radio and electronic He founded the electronic news agency humanist Good News. He was press secretary to various events such as: the International Humanist, Florence Play, the World March for Peace and Nonviolence. Currently coordinates the Italian team of Pressenza. olivierturquet.wordpress.com","sameAs":["http:\/\/olivierturquet.wordpress.com"],"url":"https:\/\/www.pressenza.com\/it\/author\/olivier-turquet\/"}]}},"place":"","original_article_url":"","_links":{"self":[{"href":"https:\/\/www.pressenza.com\/it\/wp-json\/wp\/v2\/posts\/998663","targetHints":{"allow":["GET"]}}],"collection":[{"href":"https:\/\/www.pressenza.com\/it\/wp-json\/wp\/v2\/posts"}],"about":[{"href":"https:\/\/www.pressenza.com\/it\/wp-json\/wp\/v2\/types\/post"}],"author":[{"embeddable":true,"href":"https:\/\/www.pressenza.com\/it\/wp-json\/wp\/v2\/users\/10"}],"replies":[{"embeddable":true,"href":"https:\/\/www.pressenza.com\/it\/wp-json\/wp\/v2\/comments?post=998663"}],"version-history":[{"count":0,"href":"https:\/\/www.pressenza.com\/it\/wp-json\/wp\/v2\/posts\/998663\/revisions"}],"wp:featuredmedia":[{"embeddable":true,"href":"https:\/\/www.pressenza.com\/it\/wp-json\/wp\/v2\/media\/910043"}],"wp:attachment":[{"href":"https:\/\/www.pressenza.com\/it\/wp-json\/wp\/v2\/media?parent=998663"}],"wp:term":[{"taxonomy":"category","embeddable":true,"href":"https:\/\/www.pressenza.com\/it\/wp-json\/wp\/v2\/categories?post=998663"},{"taxonomy":"post_tag","embeddable":true,"href":"https:\/\/www.pressenza.com\/it\/wp-json\/wp\/v2\/tags?post=998663"}],"curies":[{"name":"wp","href":"https:\/\/api.w.org\/{rel}","templated":true}]}}