{"id":99779,"date":"2014-04-08T14:51:01","date_gmt":"2014-04-08T13:51:01","guid":{"rendered":"http:\/\/www.pressenza.com\/?p=99779"},"modified":"2014-12-14T20:55:31","modified_gmt":"2014-12-14T20:55:31","slug":"fuori-dalleuro-per-uneuropa-dei-popoli","status":"publish","type":"post","link":"https:\/\/www.pressenza.com\/it\/2014\/04\/fuori-dalleuro-per-uneuropa-dei-popoli\/","title":{"rendered":"Fuori dall&#8217;euro, per un&#8217;Europa dei Popoli"},"content":{"rendered":"<p align=\"left\"><b>INCONTRO PUBBLICO<\/b><b><br \/>\nVenerd\u00ec 11 aprile 2014 alle ore 18 &#8211; via Accademia 53 &#8211; Milano (zona Lambrate)<\/b><\/p>\n<p>Oggi in tutta Europa stiamo pagando le conseguenze disastrose dei trattati e degli accordi imposti alle popolazioni da Maastricht in poi: Fiscal Compact, pareggio di bilancio, meccanismi e fondi \u201cSalva Stati\u201d, in uno scenario devastante che ha sbriciolato l&#8217;economia, la societ\u00e0, le persone e le coscienze.<\/p>\n<p align=\"left\">La democrazia \u00e8 scomparsa e organismi che non abbiamo eletto impongono misure inflessibili di austerit\u00e0 che distruggono l\u2019economia reale, mentre al governo dei singoli paesi si installano gli emissari delle elites finanziarie, che cancellano i diritti e portano i popoli alla miseria per garantire il profitto smisurato di pochi gruppi, avidi di ricchezza e di potere.<\/p>\n<p>Per liberarci dalla dittatura dei Mercati e della finanza internazionale \u00e8 urgente recuperare la sovranit\u00e0 politica e monetaria, cio\u00e8 il diritto di decidere democraticamente in che modo vogliamo vivere e la possibilit\u00e0, per lo Stato, di intervenire sul piano monetario per riattivare l\u2019economia.<\/p>\n<p>\u00c8 necessario che l&#8217;Italia si muova con decisione in questo momento drammatico: bisogna uscire dall\u2019Euro e mettere subito in atto misure per sostenere i redditi, controllare le banche e impedire l\u2019azione devastante della finanza. Ma bisogna anche avanzare verso la democrazia reale, incentivando la partecipazione diretta dei cittadini alle decisioni che riguardano la loro vita, perch\u00e9 disastri come questo non possano mai pi\u00f9 ripetersi.<\/p>\n<p>Usciamo dalla trappola di questa Unione Europea, dei suoi trattati e della sua moneta unica. Soltanto dopo, partendo da altre condizioni, potremo dare impulso alla costruzione dell\u2019Europa dei Popoli, libera, solidale e aperta al futuro.<\/p>\n<p>PARTITO UMANISTA<br \/>\nBOTTEGA PARTIGIANA<br \/>\nCOORDINAMENTO DELLA SINISTRA CONTRO L\u2019EURO<\/p>\n<p>Info: <a href=\"mailto:info@pumilano.it\">info@pumilano.it<\/a><\/p>\n","protected":false},"excerpt":{"rendered":"<p>INCONTRO PUBBLICO Venerd\u00ec 11 aprile 2014 alle ore 18 &#8211; via Accademia 53 &#8211; Milano (zona Lambrate) Oggi in tutta Europa stiamo pagando le conseguenze disastrose dei trattati e degli accordi imposti alle popolazioni da Maastricht in poi: Fiscal Compact,&hellip;<\/p>\n","protected":false},"author":481,"featured_media":99780,"comment_status":"closed","ping_status":"open","sticky":false,"template":"","format":"standard","meta":{"footnotes":""},"categories":[150,62,47],"tags":[3543,460,294],"class_list":["post-99779","post","type-post","status-publish","format-standard","has-post-thumbnail","hentry","category-comunicati-stampa","category-economia","category-europa","tag-euro","tag-nonviolenza","tag-pace"],"yoast_head":"<!-- This site is optimized with the Yoast SEO plugin v27.1.1 - https:\/\/yoast.com\/product\/yoast-seo-wordpress\/ -->\n<title>Fuori dall&#039;euro, per un&#039;Europa dei Popoli<\/title>\n<meta name=\"description\" content=\"INCONTRO PUBBLICO Venerd\u00ec 11 aprile 2014 alle ore 18 - via Accademia 53 - Milano (zona Lambrate) Oggi in tutta Europa stiamo pagando le conseguenze\" \/>\n<meta name=\"robots\" content=\"index, follow, max-snippet:-1, max-image-preview:large, max-video-preview:-1\" \/>\n<link rel=\"canonical\" href=\"https:\/\/www.pressenza.com\/it\/2014\/04\/fuori-dalleuro-per-uneuropa-dei-popoli\/\" \/>\n<meta property=\"og:locale\" content=\"it_IT\" \/>\n<meta property=\"og:type\" content=\"article\" \/>\n<meta property=\"og:title\" content=\"Fuori dall&#039;euro, per un&#039;Europa dei Popoli\" \/>\n<meta property=\"og:description\" content=\"INCONTRO PUBBLICO Venerd\u00ec 11 aprile 2014 alle ore 18 - via Accademia 53 - Milano (zona Lambrate) Oggi in tutta Europa stiamo pagando le conseguenze\" \/>\n<meta property=\"og:url\" content=\"https:\/\/www.pressenza.com\/it\/2014\/04\/fuori-dalleuro-per-uneuropa-dei-popoli\/\" \/>\n<meta property=\"og:site_name\" content=\"Pressenza\" \/>\n<meta property=\"article:publisher\" content=\"https:\/\/www.facebook.com\/PressenzaItalia\" \/>\n<meta property=\"article:author\" content=\"https:\/\/www.facebook.com\/pages\/Partito-Umanista\/\" \/>\n<meta property=\"article:published_time\" content=\"2014-04-08T13:51:01+00:00\" \/>\n<meta property=\"article:modified_time\" content=\"2014-12-14T20:55:31+00:00\" \/>\n<meta property=\"og:image\" content=\"https:\/\/www.pressenza.com\/wp-content\/uploads\/2014\/04\/PU-incontro-11-aprile.jpg\" \/>\n\t<meta property=\"og:image:width\" content=\"851\" \/>\n\t<meta property=\"og:image:height\" content=\"315\" \/>\n\t<meta property=\"og:image:type\" content=\"image\/jpeg\" \/>\n<meta name=\"author\" content=\"Partito Umanista\" \/>\n<meta name=\"twitter:card\" content=\"summary_large_image\" \/>\n<meta name=\"twitter:creator\" content=\"@partitoumanista\" \/>\n<meta name=\"twitter:site\" content=\"@PressenzaIPA\" \/>\n<meta name=\"twitter:label1\" content=\"Scritto da\" \/>\n\t<meta name=\"twitter:data1\" content=\"Partito Umanista\" \/>\n\t<meta name=\"twitter:label2\" content=\"Tempo di lettura stimato\" \/>\n\t<meta name=\"twitter:data2\" content=\"1 minuto\" \/>\n<script type=\"application\/ld+json\" class=\"yoast-schema-graph\">{\"@context\":\"https:\/\/schema.org\",\"@graph\":[{\"@type\":\"Article\",\"@id\":\"https:\/\/www.pressenza.com\/it\/2014\/04\/fuori-dalleuro-per-uneuropa-dei-popoli\/#article\",\"isPartOf\":{\"@id\":\"https:\/\/www.pressenza.com\/it\/2014\/04\/fuori-dalleuro-per-uneuropa-dei-popoli\/\"},\"author\":{\"name\":\"Partito Umanista\",\"@id\":\"https:\/\/www.pressenza.com\/it\/#\/schema\/person\/444a68b8b263dbd36ac1531293ea9cae\"},\"headline\":\"Fuori dall&#8217;euro, per un&#8217;Europa dei Popoli\",\"datePublished\":\"2014-04-08T13:51:01+00:00\",\"dateModified\":\"2014-12-14T20:55:31+00:00\",\"mainEntityOfPage\":{\"@id\":\"https:\/\/www.pressenza.com\/it\/2014\/04\/fuori-dalleuro-per-uneuropa-dei-popoli\/\"},\"wordCount\":283,\"publisher\":{\"@id\":\"https:\/\/www.pressenza.com\/it\/#organization\"},\"image\":{\"@id\":\"https:\/\/www.pressenza.com\/it\/2014\/04\/fuori-dalleuro-per-uneuropa-dei-popoli\/#primaryimage\"},\"thumbnailUrl\":\"https:\/\/www.pressenza.com\/wp-content\/uploads\/2014\/04\/PU-incontro-11-aprile.jpg\",\"keywords\":[\"euro\",\"nonviolenza\",\"Pace\"],\"articleSection\":[\"Comunicati Stampa\",\"Economia\",\"Europa\"],\"inLanguage\":\"it-IT\"},{\"@type\":\"WebPage\",\"@id\":\"https:\/\/www.pressenza.com\/it\/2014\/04\/fuori-dalleuro-per-uneuropa-dei-popoli\/\",\"url\":\"https:\/\/www.pressenza.com\/it\/2014\/04\/fuori-dalleuro-per-uneuropa-dei-popoli\/\",\"name\":\"Fuori dall'euro, per un'Europa dei Popoli\",\"isPartOf\":{\"@id\":\"https:\/\/www.pressenza.com\/it\/#website\"},\"primaryImageOfPage\":{\"@id\":\"https:\/\/www.pressenza.com\/it\/2014\/04\/fuori-dalleuro-per-uneuropa-dei-popoli\/#primaryimage\"},\"image\":{\"@id\":\"https:\/\/www.pressenza.com\/it\/2014\/04\/fuori-dalleuro-per-uneuropa-dei-popoli\/#primaryimage\"},\"thumbnailUrl\":\"https:\/\/www.pressenza.com\/wp-content\/uploads\/2014\/04\/PU-incontro-11-aprile.jpg\",\"datePublished\":\"2014-04-08T13:51:01+00:00\",\"dateModified\":\"2014-12-14T20:55:31+00:00\",\"description\":\"INCONTRO PUBBLICO Venerd\u00ec 11 aprile 2014 alle ore 18 - via Accademia 53 - Milano (zona Lambrate) Oggi in tutta Europa stiamo pagando le conseguenze\",\"breadcrumb\":{\"@id\":\"https:\/\/www.pressenza.com\/it\/2014\/04\/fuori-dalleuro-per-uneuropa-dei-popoli\/#breadcrumb\"},\"inLanguage\":\"it-IT\",\"potentialAction\":[{\"@type\":\"ReadAction\",\"target\":[\"https:\/\/www.pressenza.com\/it\/2014\/04\/fuori-dalleuro-per-uneuropa-dei-popoli\/\"]}]},{\"@type\":\"ImageObject\",\"inLanguage\":\"it-IT\",\"@id\":\"https:\/\/www.pressenza.com\/it\/2014\/04\/fuori-dalleuro-per-uneuropa-dei-popoli\/#primaryimage\",\"url\":\"https:\/\/www.pressenza.com\/wp-content\/uploads\/2014\/04\/PU-incontro-11-aprile.jpg\",\"contentUrl\":\"https:\/\/www.pressenza.com\/wp-content\/uploads\/2014\/04\/PU-incontro-11-aprile.jpg\",\"width\":851,\"height\":315},{\"@type\":\"BreadcrumbList\",\"@id\":\"https:\/\/www.pressenza.com\/it\/2014\/04\/fuori-dalleuro-per-uneuropa-dei-popoli\/#breadcrumb\",\"itemListElement\":[{\"@type\":\"ListItem\",\"position\":1,\"name\":\"Accueil\",\"item\":\"https:\/\/www.pressenza.com\/it\/\"},{\"@type\":\"ListItem\",\"position\":2,\"name\":\"Fuori dall&#8217;euro, per un&#8217;Europa dei Popoli\"}]},{\"@type\":\"WebSite\",\"@id\":\"https:\/\/www.pressenza.com\/it\/#website\",\"url\":\"https:\/\/www.pressenza.com\/it\/\",\"name\":\"Pressenza\",\"description\":\"Agenzia di Stampa Internazionale\",\"publisher\":{\"@id\":\"https:\/\/www.pressenza.com\/it\/#organization\"},\"potentialAction\":[{\"@type\":\"SearchAction\",\"target\":{\"@type\":\"EntryPoint\",\"urlTemplate\":\"https:\/\/www.pressenza.com\/it\/?s={search_term_string}\"},\"query-input\":{\"@type\":\"PropertyValueSpecification\",\"valueRequired\":true,\"valueName\":\"search_term_string\"}}],\"inLanguage\":\"it-IT\"},{\"@type\":\"Organization\",\"@id\":\"https:\/\/www.pressenza.com\/it\/#organization\",\"name\":\"Pressenza\",\"url\":\"https:\/\/www.pressenza.com\/it\/\",\"logo\":{\"@type\":\"ImageObject\",\"inLanguage\":\"it-IT\",\"@id\":\"https:\/\/www.pressenza.com\/it\/#\/schema\/logo\/image\/\",\"url\":\"https:\/\/www.pressenza.com\/wp-content\/uploads\/2022\/10\/pressenza_logo_200x200.jpg\",\"contentUrl\":\"https:\/\/www.pressenza.com\/wp-content\/uploads\/2022\/10\/pressenza_logo_200x200.jpg\",\"width\":200,\"height\":200,\"caption\":\"Pressenza\"},\"image\":{\"@id\":\"https:\/\/www.pressenza.com\/it\/#\/schema\/logo\/image\/\"},\"sameAs\":[\"https:\/\/www.facebook.com\/PressenzaItalia\",\"https:\/\/x.com\/PressenzaIPA\"]},{\"@type\":\"Person\",\"@id\":\"https:\/\/www.pressenza.com\/it\/#\/schema\/person\/444a68b8b263dbd36ac1531293ea9cae\",\"name\":\"Partito Umanista\",\"description\":\"www.partitoumanista.it\",\"sameAs\":[\"http:\/\/www.partitoumanista.it\",\"https:\/\/www.facebook.com\/pages\/Partito-Umanista\/\",\"https:\/\/x.com\/partitoumanista\"],\"url\":\"https:\/\/www.pressenza.com\/it\/author\/partito-umanista\/\"}]}<\/script>\n<!-- \/ Yoast SEO plugin. -->","yoast_head_json":{"title":"Fuori dall'euro, per un'Europa dei Popoli","description":"INCONTRO PUBBLICO Venerd\u00ec 11 aprile 2014 alle ore 18 - via Accademia 53 - Milano (zona Lambrate) Oggi in tutta Europa stiamo pagando le conseguenze","robots":{"index":"index","follow":"follow","max-snippet":"max-snippet:-1","max-image-preview":"max-image-preview:large","max-video-preview":"max-video-preview:-1"},"canonical":"https:\/\/www.pressenza.com\/it\/2014\/04\/fuori-dalleuro-per-uneuropa-dei-popoli\/","og_locale":"it_IT","og_type":"article","og_title":"Fuori dall'euro, per un'Europa dei Popoli","og_description":"INCONTRO PUBBLICO Venerd\u00ec 11 aprile 2014 alle ore 18 - via Accademia 53 - Milano (zona Lambrate) Oggi in tutta Europa stiamo pagando le conseguenze","og_url":"https:\/\/www.pressenza.com\/it\/2014\/04\/fuori-dalleuro-per-uneuropa-dei-popoli\/","og_site_name":"Pressenza","article_publisher":"https:\/\/www.facebook.com\/PressenzaItalia","article_author":"https:\/\/www.facebook.com\/pages\/Partito-Umanista\/","article_published_time":"2014-04-08T13:51:01+00:00","article_modified_time":"2014-12-14T20:55:31+00:00","og_image":[{"width":851,"height":315,"url":"https:\/\/www.pressenza.com\/wp-content\/uploads\/2014\/04\/PU-incontro-11-aprile.jpg","type":"image\/jpeg"}],"author":"Partito Umanista","twitter_card":"summary_large_image","twitter_creator":"@partitoumanista","twitter_site":"@PressenzaIPA","twitter_misc":{"Scritto da":"Partito Umanista","Tempo di lettura stimato":"1 minuto"},"schema":{"@context":"https:\/\/schema.org","@graph":[{"@type":"Article","@id":"https:\/\/www.pressenza.com\/it\/2014\/04\/fuori-dalleuro-per-uneuropa-dei-popoli\/#article","isPartOf":{"@id":"https:\/\/www.pressenza.com\/it\/2014\/04\/fuori-dalleuro-per-uneuropa-dei-popoli\/"},"author":{"name":"Partito Umanista","@id":"https:\/\/www.pressenza.com\/it\/#\/schema\/person\/444a68b8b263dbd36ac1531293ea9cae"},"headline":"Fuori dall&#8217;euro, per un&#8217;Europa dei Popoli","datePublished":"2014-04-08T13:51:01+00:00","dateModified":"2014-12-14T20:55:31+00:00","mainEntityOfPage":{"@id":"https:\/\/www.pressenza.com\/it\/2014\/04\/fuori-dalleuro-per-uneuropa-dei-popoli\/"},"wordCount":283,"publisher":{"@id":"https:\/\/www.pressenza.com\/it\/#organization"},"image":{"@id":"https:\/\/www.pressenza.com\/it\/2014\/04\/fuori-dalleuro-per-uneuropa-dei-popoli\/#primaryimage"},"thumbnailUrl":"https:\/\/www.pressenza.com\/wp-content\/uploads\/2014\/04\/PU-incontro-11-aprile.jpg","keywords":["euro","nonviolenza","Pace"],"articleSection":["Comunicati Stampa","Economia","Europa"],"inLanguage":"it-IT"},{"@type":"WebPage","@id":"https:\/\/www.pressenza.com\/it\/2014\/04\/fuori-dalleuro-per-uneuropa-dei-popoli\/","url":"https:\/\/www.pressenza.com\/it\/2014\/04\/fuori-dalleuro-per-uneuropa-dei-popoli\/","name":"Fuori dall'euro, per un'Europa dei Popoli","isPartOf":{"@id":"https:\/\/www.pressenza.com\/it\/#website"},"primaryImageOfPage":{"@id":"https:\/\/www.pressenza.com\/it\/2014\/04\/fuori-dalleuro-per-uneuropa-dei-popoli\/#primaryimage"},"image":{"@id":"https:\/\/www.pressenza.com\/it\/2014\/04\/fuori-dalleuro-per-uneuropa-dei-popoli\/#primaryimage"},"thumbnailUrl":"https:\/\/www.pressenza.com\/wp-content\/uploads\/2014\/04\/PU-incontro-11-aprile.jpg","datePublished":"2014-04-08T13:51:01+00:00","dateModified":"2014-12-14T20:55:31+00:00","description":"INCONTRO PUBBLICO Venerd\u00ec 11 aprile 2014 alle ore 18 - via Accademia 53 - Milano (zona Lambrate) Oggi in tutta Europa stiamo pagando le conseguenze","breadcrumb":{"@id":"https:\/\/www.pressenza.com\/it\/2014\/04\/fuori-dalleuro-per-uneuropa-dei-popoli\/#breadcrumb"},"inLanguage":"it-IT","potentialAction":[{"@type":"ReadAction","target":["https:\/\/www.pressenza.com\/it\/2014\/04\/fuori-dalleuro-per-uneuropa-dei-popoli\/"]}]},{"@type":"ImageObject","inLanguage":"it-IT","@id":"https:\/\/www.pressenza.com\/it\/2014\/04\/fuori-dalleuro-per-uneuropa-dei-popoli\/#primaryimage","url":"https:\/\/www.pressenza.com\/wp-content\/uploads\/2014\/04\/PU-incontro-11-aprile.jpg","contentUrl":"https:\/\/www.pressenza.com\/wp-content\/uploads\/2014\/04\/PU-incontro-11-aprile.jpg","width":851,"height":315},{"@type":"BreadcrumbList","@id":"https:\/\/www.pressenza.com\/it\/2014\/04\/fuori-dalleuro-per-uneuropa-dei-popoli\/#breadcrumb","itemListElement":[{"@type":"ListItem","position":1,"name":"Accueil","item":"https:\/\/www.pressenza.com\/it\/"},{"@type":"ListItem","position":2,"name":"Fuori dall&#8217;euro, per un&#8217;Europa dei Popoli"}]},{"@type":"WebSite","@id":"https:\/\/www.pressenza.com\/it\/#website","url":"https:\/\/www.pressenza.com\/it\/","name":"Pressenza","description":"Agenzia di Stampa Internazionale","publisher":{"@id":"https:\/\/www.pressenza.com\/it\/#organization"},"potentialAction":[{"@type":"SearchAction","target":{"@type":"EntryPoint","urlTemplate":"https:\/\/www.pressenza.com\/it\/?s={search_term_string}"},"query-input":{"@type":"PropertyValueSpecification","valueRequired":true,"valueName":"search_term_string"}}],"inLanguage":"it-IT"},{"@type":"Organization","@id":"https:\/\/www.pressenza.com\/it\/#organization","name":"Pressenza","url":"https:\/\/www.pressenza.com\/it\/","logo":{"@type":"ImageObject","inLanguage":"it-IT","@id":"https:\/\/www.pressenza.com\/it\/#\/schema\/logo\/image\/","url":"https:\/\/www.pressenza.com\/wp-content\/uploads\/2022\/10\/pressenza_logo_200x200.jpg","contentUrl":"https:\/\/www.pressenza.com\/wp-content\/uploads\/2022\/10\/pressenza_logo_200x200.jpg","width":200,"height":200,"caption":"Pressenza"},"image":{"@id":"https:\/\/www.pressenza.com\/it\/#\/schema\/logo\/image\/"},"sameAs":["https:\/\/www.facebook.com\/PressenzaItalia","https:\/\/x.com\/PressenzaIPA"]},{"@type":"Person","@id":"https:\/\/www.pressenza.com\/it\/#\/schema\/person\/444a68b8b263dbd36ac1531293ea9cae","name":"Partito Umanista","description":"www.partitoumanista.it","sameAs":["http:\/\/www.partitoumanista.it","https:\/\/www.facebook.com\/pages\/Partito-Umanista\/","https:\/\/x.com\/partitoumanista"],"url":"https:\/\/www.pressenza.com\/it\/author\/partito-umanista\/"}]}},"place":"Milano","original_article_url":"","_links":{"self":[{"href":"https:\/\/www.pressenza.com\/it\/wp-json\/wp\/v2\/posts\/99779","targetHints":{"allow":["GET"]}}],"collection":[{"href":"https:\/\/www.pressenza.com\/it\/wp-json\/wp\/v2\/posts"}],"about":[{"href":"https:\/\/www.pressenza.com\/it\/wp-json\/wp\/v2\/types\/post"}],"author":[{"embeddable":true,"href":"https:\/\/www.pressenza.com\/it\/wp-json\/wp\/v2\/users\/481"}],"replies":[{"embeddable":true,"href":"https:\/\/www.pressenza.com\/it\/wp-json\/wp\/v2\/comments?post=99779"}],"version-history":[{"count":0,"href":"https:\/\/www.pressenza.com\/it\/wp-json\/wp\/v2\/posts\/99779\/revisions"}],"wp:featuredmedia":[{"embeddable":true,"href":"https:\/\/www.pressenza.com\/it\/wp-json\/wp\/v2\/media\/99780"}],"wp:attachment":[{"href":"https:\/\/www.pressenza.com\/it\/wp-json\/wp\/v2\/media?parent=99779"}],"wp:term":[{"taxonomy":"category","embeddable":true,"href":"https:\/\/www.pressenza.com\/it\/wp-json\/wp\/v2\/categories?post=99779"},{"taxonomy":"post_tag","embeddable":true,"href":"https:\/\/www.pressenza.com\/it\/wp-json\/wp\/v2\/tags?post=99779"}],"curies":[{"name":"wp","href":"https:\/\/api.w.org\/{rel}","templated":true}]}}