{"id":989759,"date":"2019-12-06T21:07:25","date_gmt":"2019-12-06T21:07:25","guid":{"rendered":"https:\/\/www.pressenza.com\/?p=989759"},"modified":"2019-12-06T21:14:54","modified_gmt":"2019-12-06T21:14:54","slug":"10-punti-fermi-dagli-scienziati-sul-clima","status":"publish","type":"post","link":"https:\/\/www.pressenza.com\/it\/2019\/12\/10-punti-fermi-dagli-scienziati-sul-clima\/","title":{"rendered":"10 punti fermi dagli scienziati sul clima"},"content":{"rendered":"<p class=\"p1\"><span class=\"s1\">\u00a0Clima: nel rapporto \u201c<a href=\"https:\/\/futureearth.org\/publications\/science-insights\/10-new-insights-in-climate-science-2019\/?utm_source=Media+Contacts&amp;utm_campaign=b8c1ade9bb-EMAIL_CAMPAIGN_2019_12_01_05_07&amp;utm_medium=email&amp;utm_term=0_c6d01c8a73-b8c1ade9bb-336890041\"><span class=\"s2\"><b>10 New Insights in Climate Science 2019<\/b><\/span><\/a>\u201d, presentato oggi a COP25 e consegnato alla segretaria esecutiva dell\u2019UNFCCC Patricia Espinosa, si legge chiaramente, al primo punto, che il\u00a0<strong>cambiamento climatico \u00e8 pi\u00f9 veloce e potente di quanto avessimo mai previsto<\/strong>: \u201cIl ritmo dell\u2019aumento contemporaneo delle concentrazioni di gas a effetto serra non ha precedenti nella storia del clima negli ultimi 66 milioni di anni e le concentrazioni di metano sono ora a un livello record del 257% dei livelli preindustriali. Un aumento della temperatura globale di 1,5 \u00b0 C al di sopra dei livelli preindustriali potrebbe essere raggiunto gi\u00e0 nel 2030, anzich\u00e9 nel 2040 come \u00e8 la proiezione media dell\u2019IPCC\u201d.<\/span><\/p>\n<p>Il report-\u00a0<a href=\"http:\/\/www.giornalistinellerba.it\/cop25-gli-allarmi-degli-scienziati\/\" target=\"_blank\" rel=\"noopener\">non certo l\u2019unico<\/a>\u00a0proveniente dal mondo della ricerca presentato alla conferenza ONU sul clima \u2013 \u00e8 in 10 punti chiave.<\/p>\n<p class=\"p1\"><span class=\"s1\"><b>Secondo punto: non andiamo per niente bene.<\/b>\u00a0\u201cNonostante i fattori trainanti della riduzione delle emissioni, come la crescita dell\u2019energia verde, le istituzioni che disinvestono dai combustibili fossili e alcuni paesi che eliminano gradualmente il carbone, l\u2019industria fossile \u00e8 ancora in crescita e i leader globali non si stanno ancora impegnando per i necessari tagli alle emissioni. Non siamo sulla buona strada per raggiungere l\u2019accordo di Parigi\u201d.<\/span><\/p>\n<p class=\"p1\"><span class=\"s1\"><b>Terzo risultato del report<\/b>:\u00a0<b>tutte le montagne saranno devastate con danni per tutto il pianeta.<\/b>\u00a0\u201cLe montagne sono in prima linea per l\u2019impatto dei cambiamenti climatici. I ghiacciai, la neve, il ghiaccio e il permafrost stanno diminuendo, il che influenzer\u00e0 la disponibilit\u00e0 di acqua e aumenter\u00e0 i pericoli naturali come frane e cascate, che potenzialmente colpiscono pi\u00f9 di un miliardo di persone in tutto il mondo. Il cambiamento climatico influenzer\u00e0 anche in modo irreversibile gli ecosistemi montani e la loro biodiversit\u00e0, riducendo l\u2019area dei punti di crisi della biodiversit\u00e0, facendo estinguere le specie e compromettendo la capacit\u00e0 delle montagne di fornire servizi ecosistemici chiave. Dobbiamo riconoscere che la conoscenza locale e indigena nelle regioni montane svolge un ruolo chiave nella loro conservazione e gestione\u201d.<\/span><\/p>\n<p class=\"p1\"><span class=\"s1\"><b>Anche le foreste sono minacciate, con conseguenze globali<\/b>. \u201cLe foreste del mondo sono un importante pozzo di anidride carbonica, assorbendo circa un terzo delle emissioni antropogeniche di anidride carbonica. Gli incendi boschivi causati dall\u2019uomo per\u00f2 hanno ridotto questi pozzi e il cambiamento climatico amplifica globalmente gli incendi boschivi selvatici. L\u2019aumento degli incendi \u00e8 stato osservato negli Stati Uniti occidentali e in Alaska, Canada, Russia e Australia a causa della prolungata siccit\u00e0. Enormi emissioni sono state registrate dai cambiamenti nel terreno dell\u2019Etiopia occidentale e dell\u2019Africa tropicale occidentale. La perdita di foreste influenza sia il clima locale che quello globale. Combattere la deforestazione e incoraggiare la riforestazione, insieme alla gestione sostenibile delle foreste e altre soluzioni climatiche naturali, sono opzioni importanti per ridurre le emissioni nette\u201d.<\/span><\/p>\n<p class=\"p1\"><span class=\"s1\">\u201c<b>Le condizioni meteorologiche estreme sono la \u201cnuova normalit\u00e0\u201d nel 2019<\/b>\u201d, scrivono i ricercatori.<span class=\"Apple-converted-space\">\u00a0\u00a0<\/span>Il cambiamento climatico ci sta costringendo a riconsiderare l\u2019idea che abbiamo di un evento estremo. Ci\u00f2 che una volta era considerato improbabile o raro \u2013 sia in termini di intensit\u00e0 che di frequenza \u2013 sta diventando parte di una \u201cnuova normalit\u00e0\u201d. Gli eventi meteorologici e climatici estremi da record hanno continuato a dominare i titoli nel 2019, con l\u2019impatto di eventi che vanno al di l\u00e0 della semplice registrazione e del danno ambientale: i costi materiali e umani sono particolarmente elevati. Sempre pi\u00f9 le societ\u00e0 dovranno adattarsi<span class=\"Apple-converted-space\">\u00a0\u00a0<\/span>ad eventi \u201ccomposti\u201d, che possono amplificare in modo significativo il rischio di gravi impatti, e ad eventi \u201ca cascata\u201d, che non lasciano abbastanza tempo alle societ\u00e0 di riprendersi prima che ne arrivi un altro. Gli estremi persistenti delle piogge e le ondate di calore, i modelli meteorologici insoliti dovuti al mutamento del flusso di correnti nell\u2019emisfero settentrionale, cos\u00ec come i mari pi\u00f9 caldi e pi\u00f9 alti, influenzeranno tutte le regioni del mondo in modi diversi.\u00a0<b><i>Una mitigazione ambiziosa pu\u00f2 contenere i rischi se manteniamo il riscaldamento a 1,5 \u00b0 C, ma a livello regionale verranno comunque raggiunti livelli pericolosi<\/i><\/b><i>\u201d.<\/i><\/span><\/p>\n<p class=\"p1\"><span class=\"s1\"><b>Altra questione, la biodiversit\u00e0: \u201cla custode della resilienza della terra \u00e8 minacciata\u201d.\u00a0<\/b><\/span><span class=\"s1\">\u201cLa biodiversit\u00e0 sulla terra, le barriere coralline e le popolazioni ittiche vedranno perdite tra il 14 e il 99 % a un riscaldamento da 1 a 2 \u00b0 C\u201d, figuriamoci cosa potrebbe accadere se andassimo oltre. Inoltre, \u201cla biodiversit\u00e0 \u00e8 una caratteristica chiave degli ecosistemi stabili, fornendo \u2013 tra molti altri servizi all\u2019umanit\u00e0 \u2013 riserve e pozzi di carbonio e proteggendo in tal modo la resilienza del sistema terrestre contro l\u2019interruzione delle emissioni antropogeniche di carbonio. Pertanto, \u00e8 urgente fermare il degrado degli ecosistemi\u201d, continuano i ricercatori.<\/span><\/p>\n<p class=\"p2\"><span class=\"s1\"><b>I cambiamenti climatici minacciano la sicurezza alimentare e la salute di centinaia di milioni di persone.\u00a0<\/b>\u201cLa denutrizione sar\u00e0 il maggior rischio per la salute a causa dei cambiamenti climatici con il calo della produttivit\u00e0 agricola, in particolare nelle zone aride dell\u2019Africa e delle regioni montuose dell\u2019Asia e del Sud America. Inoltre, l\u2019aumento delle concentrazioni di anidride carbonica ridurr\u00e0 la qualit\u00e0 nutrizionale della maggior parte delle colture di cereali. I cambiamenti climatici stanno gi\u00e0 influenzando la produzione alimentare riducendo i raccolti agricoli, in particolare ai tropici, e aumenteranno perdite e danni in tutto il sistema alimentare. Gli stock ittici globali sono destinati a ridursi ulteriormente con il cambiamento climatico ed \u00e8 un\u2019ulteriore pressione sulle scorte gi\u00e0 in calo di pesci e molluschi, importanti fonti di proteine \u200b\u200be sostanze nutritive umane\u201d.<\/span><\/p>\n<p class=\"p2\"><span class=\"s1\"><b>I pi\u00f9 poveri e vulnerabili saranno anche i pi\u00f9 colpiti dai cambiamenti climatici.\u00a0<\/b>\u201cLa mancata risposta e relativo mancato adattamento ai cambiamenti climatici avranno conseguenze disastrose per centinaia di milioni di persone, principalmente le pi\u00f9 povere, e ostacoleranno lo sviluppo nei paesi in via di sviluppo. Mentre tutti noi saremo colpiti dai cambiamenti climatici, i poveri sono pi\u00f9 vulnerabili alla siccit\u00e0, alluvioni, alte temperature e altri disastri naturali, anche per la loro scarsa capacit\u00e0 di adattamento. Con l\u2019aumentare della frequenza dei pericoli naturali e climatici, sfuggire alla povert\u00e0 sar\u00e0 particolarmente difficile\u201d.<\/span><\/p>\n<p class=\"p2\"><span class=\"s1\"><b>Equit\u00e0 e uguaglianza sono fondamentali per mitigare e adattare con successo i cambiamenti climatici. \u201c<\/b>La giustizia sociale \u00e8 un fattore importante per la resilienza della societ\u00e0 di fronte ai cambiamenti climatici, vitale per la cooperazione sia locale che globale per facilitare la mitigazione e l\u2019adattamento. L\u2019elevata disuguaglianza \u00e8 stata identificata come un fattore che contribuisce al disastro: l\u2019esaurimento delle risorse ha spinto le civilt\u00e0 a collassare in passato e minaccia la capacit\u00e0 della nostra attuale civilt\u00e0 di sopravvivere ai cambiamenti climatici e ad altri cambiamenti ambientali. Il successo della politica climatica dipende anche dall\u2019accettazione sociale, dalla giustizia, dalla correttezza e da un\u2019equa distribuzione dei costi. Si tratta di fattori importanti per il sostegno pubblico alla politica e per evitare pericolosi sentimenti nazionalisti.\u00a0<\/span><span class=\"s1\">Potrebbe essere giunto il momento per i punti di svolta sociale sull\u2019azione per il clima\u201d.<\/span><\/p>\n<p class=\"p2\"><span class=\"s1\">\u201c<b>I sondaggi dell\u2019opinione pubblica indicano che un numero crescente di cittadini in vari paesi \u00e8 seriamente preoccupato per i cambiamenti climatici<\/b>\u00a0e che le recenti massicce proteste civili si stanno avvicinando alle soglie in cui ci si potrebbe aspettare il \u201cribaltamento\u201d di alcuni sistemi socioeconomici. Tuttavia, le misure politiche devono accompagnare il cambiamento comportamentale e per soddisfare l\u2019accordo di Parigi sono necessarie trasformazioni profonde e di lungo periodo guidate da una grande variet\u00e0 di attori\u201d.<\/span><\/p>\n<p class=\"p2\"><span class=\"s1\">A proposito di sondaggi, anche gli italiani sono preoccupati. L\u201989% degli intervistati del sondaggio del XVII Rapporto \u201cGli Italiani, il solare e la green economy\u201d fatto da Noto Sondaggi per Fondazione UniVerde, \u00e8 preoccupato dai cambiamenti climatici, il 79% \u00e8 convinto che si sta facendo poco per contenere l\u2019aumento delle temperature entro i 2 gradi e solo il 2% crede nell\u2019azione del Governo. Inoltre per il 34% degli italiani a mettere in campo azioni sono associazioni e societ\u00e0 civile, seguono scienziati (25%), Universit\u00e0 e scuole (8%). Per fermare il cambiamento climatico, la convinzione \u00e8 che si stia facendo di pi\u00f9 nel settore del riuso e riciclo dei materiali (27%) e nella produzione di energia da fonti rinnovabili (24%).<\/span><\/p>\n<p class=\"p2\"><span class=\"s1\">Il nostro primo ministro dice che il governo \u00e8 in azione: \u201cL\u2019Italia c\u2019\u00e8, nella sfida ai cambiamenti climatici\u201d, dichiara\u00a0<b>Giuseppe Conte<\/b>: \u201cNoi lavoriamo innanzitutto per rispettare i parametri di riduzione della Co2 cos\u00ec come indicato dall\u2019Accordo di Parigi e per raggiungere gli obiettivi posti dall\u2019Agenda 2030 sullo sviluppo sostenibile delle Nazioni Unite\u201d, dice. Si tratta di \u201cuna sensibilit\u00e0 declinata molto puntualmente e in modo molto prospettico nel programma di governo. Va arricchita di contenuti\u201d.\u00a0Appunto. E di incisivit\u00e0, aggiungiamo noi.<\/span><\/p>\n<p class=\"p2\"><span class=\"s1\">Per\u00a0<b>Papa Francesco<\/b>, \u201cla crescente consapevolezza di un intervento sul cambiamento climatico \u00e8 ancora troppo debole, incapace di rispondere adeguatamente al forte senso di urgenza di mettere in campo rapide azioni richieste dai dati scientifici a nostra disposizione\u201d. Questo il messaggio inviato dal pontefice ai partecipanti a COP25.<\/span><\/p>\n<p><strong>Lara Attiani<\/strong><\/p>\n","protected":false},"excerpt":{"rendered":"<p>\u00a0Clima: nel rapporto \u201c10 New Insights in Climate Science 2019\u201d, presentato oggi a COP25 e consegnato alla segretaria esecutiva dell\u2019UNFCCC Patricia Espinosa, si legge chiaramente, al primo punto, che il\u00a0cambiamento climatico \u00e8 pi\u00f9 veloce e potente di quanto avessimo mai&hellip;<\/p>\n","protected":false},"author":753,"featured_media":989761,"comment_status":"closed","ping_status":"closed","sticky":false,"template":"","format":"standard","meta":{"footnotes":""},"categories":[59,47],"tags":[66013,39211,35094],"class_list":["post-989759","post","type-post","status-publish","format-standard","has-post-thumbnail","hentry","category-ambiente-ecologia","category-europa","tag-cop25-it","tag-emergenza-climatica","tag-scienziati"],"yoast_head":"<!-- This site is optimized with the Yoast SEO plugin v27.1.1 - https:\/\/yoast.com\/product\/yoast-seo-wordpress\/ -->\n<title>10 punti fermi dagli scienziati sul clima<\/title>\n<meta name=\"description\" content=\"\u00a0Clima: nel rapporto \u201c10 New Insights in Climate Science 2019\u201d, presentato oggi a COP25 e consegnato alla segretaria esecutiva dell\u2019UNFCCC Patricia\" \/>\n<meta name=\"robots\" content=\"index, follow, max-snippet:-1, max-image-preview:large, max-video-preview:-1\" \/>\n<link rel=\"canonical\" href=\"https:\/\/www.pressenza.com\/it\/2019\/12\/10-punti-fermi-dagli-scienziati-sul-clima\/\" \/>\n<meta property=\"og:locale\" content=\"it_IT\" \/>\n<meta property=\"og:type\" content=\"article\" \/>\n<meta property=\"og:title\" content=\"10 punti fermi dagli scienziati sul clima\" \/>\n<meta property=\"og:description\" content=\"\u00a0Clima: nel rapporto \u201c10 New Insights in Climate Science 2019\u201d, presentato oggi a COP25 e consegnato alla segretaria esecutiva dell\u2019UNFCCC Patricia\" \/>\n<meta property=\"og:url\" content=\"https:\/\/www.pressenza.com\/it\/2019\/12\/10-punti-fermi-dagli-scienziati-sul-clima\/\" \/>\n<meta property=\"og:site_name\" content=\"Pressenza\" \/>\n<meta property=\"article:publisher\" content=\"https:\/\/www.facebook.com\/PressenzaItalia\" \/>\n<meta property=\"article:published_time\" content=\"2019-12-06T21:07:25+00:00\" \/>\n<meta property=\"article:modified_time\" content=\"2019-12-06T21:14:54+00:00\" \/>\n<meta property=\"og:image\" content=\"https:\/\/www.pressenza.com\/wp-content\/uploads\/2019\/12\/futurearth.jpg\" \/>\n\t<meta property=\"og:image:width\" content=\"942\" \/>\n\t<meta property=\"og:image:height\" content=\"312\" \/>\n\t<meta property=\"og:image:type\" content=\"image\/jpeg\" \/>\n<meta name=\"author\" content=\"Giornalisti Nell&#039;Erba\" \/>\n<meta name=\"twitter:card\" content=\"summary_large_image\" \/>\n<meta name=\"twitter:creator\" content=\"@PressenzaIPA\" \/>\n<meta name=\"twitter:site\" content=\"@PressenzaIPA\" \/>\n<meta name=\"twitter:label1\" content=\"Scritto da\" \/>\n\t<meta name=\"twitter:data1\" content=\"Giornalisti Nell&#039;Erba\" \/>\n\t<meta name=\"twitter:label2\" content=\"Tempo di lettura stimato\" \/>\n\t<meta name=\"twitter:data2\" content=\"7 minuti\" \/>\n<script type=\"application\/ld+json\" class=\"yoast-schema-graph\">{\"@context\":\"https:\/\/schema.org\",\"@graph\":[{\"@type\":\"Article\",\"@id\":\"https:\/\/www.pressenza.com\/it\/2019\/12\/10-punti-fermi-dagli-scienziati-sul-clima\/#article\",\"isPartOf\":{\"@id\":\"https:\/\/www.pressenza.com\/it\/2019\/12\/10-punti-fermi-dagli-scienziati-sul-clima\/\"},\"author\":{\"name\":\"Giornalisti Nell'Erba\",\"@id\":\"https:\/\/www.pressenza.com\/it\/#\/schema\/person\/99049849e1fad38def99fd575222e3b6\"},\"headline\":\"10 punti fermi dagli scienziati sul clima\",\"datePublished\":\"2019-12-06T21:07:25+00:00\",\"dateModified\":\"2019-12-06T21:14:54+00:00\",\"mainEntityOfPage\":{\"@id\":\"https:\/\/www.pressenza.com\/it\/2019\/12\/10-punti-fermi-dagli-scienziati-sul-clima\/\"},\"wordCount\":1419,\"publisher\":{\"@id\":\"https:\/\/www.pressenza.com\/it\/#organization\"},\"image\":{\"@id\":\"https:\/\/www.pressenza.com\/it\/2019\/12\/10-punti-fermi-dagli-scienziati-sul-clima\/#primaryimage\"},\"thumbnailUrl\":\"https:\/\/www.pressenza.com\/wp-content\/uploads\/2019\/12\/futurearth.jpg\",\"keywords\":[\"COP25\",\"emergenza climatica\",\"scienziati\"],\"articleSection\":[\"Ecologia ed Ambiente\",\"Europa\"],\"inLanguage\":\"it-IT\"},{\"@type\":\"WebPage\",\"@id\":\"https:\/\/www.pressenza.com\/it\/2019\/12\/10-punti-fermi-dagli-scienziati-sul-clima\/\",\"url\":\"https:\/\/www.pressenza.com\/it\/2019\/12\/10-punti-fermi-dagli-scienziati-sul-clima\/\",\"name\":\"10 punti fermi dagli scienziati sul clima\",\"isPartOf\":{\"@id\":\"https:\/\/www.pressenza.com\/it\/#website\"},\"primaryImageOfPage\":{\"@id\":\"https:\/\/www.pressenza.com\/it\/2019\/12\/10-punti-fermi-dagli-scienziati-sul-clima\/#primaryimage\"},\"image\":{\"@id\":\"https:\/\/www.pressenza.com\/it\/2019\/12\/10-punti-fermi-dagli-scienziati-sul-clima\/#primaryimage\"},\"thumbnailUrl\":\"https:\/\/www.pressenza.com\/wp-content\/uploads\/2019\/12\/futurearth.jpg\",\"datePublished\":\"2019-12-06T21:07:25+00:00\",\"dateModified\":\"2019-12-06T21:14:54+00:00\",\"description\":\"\u00a0Clima: nel rapporto \u201c10 New Insights in Climate Science 2019\u201d, presentato oggi a COP25 e consegnato alla segretaria esecutiva dell\u2019UNFCCC Patricia\",\"breadcrumb\":{\"@id\":\"https:\/\/www.pressenza.com\/it\/2019\/12\/10-punti-fermi-dagli-scienziati-sul-clima\/#breadcrumb\"},\"inLanguage\":\"it-IT\",\"potentialAction\":[{\"@type\":\"ReadAction\",\"target\":[\"https:\/\/www.pressenza.com\/it\/2019\/12\/10-punti-fermi-dagli-scienziati-sul-clima\/\"]}]},{\"@type\":\"ImageObject\",\"inLanguage\":\"it-IT\",\"@id\":\"https:\/\/www.pressenza.com\/it\/2019\/12\/10-punti-fermi-dagli-scienziati-sul-clima\/#primaryimage\",\"url\":\"https:\/\/www.pressenza.com\/wp-content\/uploads\/2019\/12\/futurearth.jpg\",\"contentUrl\":\"https:\/\/www.pressenza.com\/wp-content\/uploads\/2019\/12\/futurearth.jpg\",\"width\":942,\"height\":312},{\"@type\":\"BreadcrumbList\",\"@id\":\"https:\/\/www.pressenza.com\/it\/2019\/12\/10-punti-fermi-dagli-scienziati-sul-clima\/#breadcrumb\",\"itemListElement\":[{\"@type\":\"ListItem\",\"position\":1,\"name\":\"Accueil\",\"item\":\"https:\/\/www.pressenza.com\/it\/\"},{\"@type\":\"ListItem\",\"position\":2,\"name\":\"10 punti fermi dagli scienziati sul clima\"}]},{\"@type\":\"WebSite\",\"@id\":\"https:\/\/www.pressenza.com\/it\/#website\",\"url\":\"https:\/\/www.pressenza.com\/it\/\",\"name\":\"Pressenza\",\"description\":\"Agenzia di Stampa Internazionale\",\"publisher\":{\"@id\":\"https:\/\/www.pressenza.com\/it\/#organization\"},\"potentialAction\":[{\"@type\":\"SearchAction\",\"target\":{\"@type\":\"EntryPoint\",\"urlTemplate\":\"https:\/\/www.pressenza.com\/it\/?s={search_term_string}\"},\"query-input\":{\"@type\":\"PropertyValueSpecification\",\"valueRequired\":true,\"valueName\":\"search_term_string\"}}],\"inLanguage\":\"it-IT\"},{\"@type\":\"Organization\",\"@id\":\"https:\/\/www.pressenza.com\/it\/#organization\",\"name\":\"Pressenza\",\"url\":\"https:\/\/www.pressenza.com\/it\/\",\"logo\":{\"@type\":\"ImageObject\",\"inLanguage\":\"it-IT\",\"@id\":\"https:\/\/www.pressenza.com\/it\/#\/schema\/logo\/image\/\",\"url\":\"https:\/\/www.pressenza.com\/wp-content\/uploads\/2022\/10\/pressenza_logo_200x200.jpg\",\"contentUrl\":\"https:\/\/www.pressenza.com\/wp-content\/uploads\/2022\/10\/pressenza_logo_200x200.jpg\",\"width\":200,\"height\":200,\"caption\":\"Pressenza\"},\"image\":{\"@id\":\"https:\/\/www.pressenza.com\/it\/#\/schema\/logo\/image\/\"},\"sameAs\":[\"https:\/\/www.facebook.com\/PressenzaItalia\",\"https:\/\/x.com\/PressenzaIPA\"]},{\"@type\":\"Person\",\"@id\":\"https:\/\/www.pressenza.com\/it\/#\/schema\/person\/99049849e1fad38def99fd575222e3b6\",\"name\":\"Giornalisti Nell'Erba\",\"description\":\"www.giornalistinellerba.org\",\"url\":\"https:\/\/www.pressenza.com\/it\/author\/giornalisti-nell-erba\/\"}]}<\/script>\n<!-- \/ Yoast SEO plugin. -->","yoast_head_json":{"title":"10 punti fermi dagli scienziati sul clima","description":"\u00a0Clima: nel rapporto \u201c10 New Insights in Climate Science 2019\u201d, presentato oggi a COP25 e consegnato alla segretaria esecutiva dell\u2019UNFCCC Patricia","robots":{"index":"index","follow":"follow","max-snippet":"max-snippet:-1","max-image-preview":"max-image-preview:large","max-video-preview":"max-video-preview:-1"},"canonical":"https:\/\/www.pressenza.com\/it\/2019\/12\/10-punti-fermi-dagli-scienziati-sul-clima\/","og_locale":"it_IT","og_type":"article","og_title":"10 punti fermi dagli scienziati sul clima","og_description":"\u00a0Clima: nel rapporto \u201c10 New Insights in Climate Science 2019\u201d, presentato oggi a COP25 e consegnato alla segretaria esecutiva dell\u2019UNFCCC Patricia","og_url":"https:\/\/www.pressenza.com\/it\/2019\/12\/10-punti-fermi-dagli-scienziati-sul-clima\/","og_site_name":"Pressenza","article_publisher":"https:\/\/www.facebook.com\/PressenzaItalia","article_published_time":"2019-12-06T21:07:25+00:00","article_modified_time":"2019-12-06T21:14:54+00:00","og_image":[{"width":942,"height":312,"url":"https:\/\/www.pressenza.com\/wp-content\/uploads\/2019\/12\/futurearth.jpg","type":"image\/jpeg"}],"author":"Giornalisti Nell'Erba","twitter_card":"summary_large_image","twitter_creator":"@PressenzaIPA","twitter_site":"@PressenzaIPA","twitter_misc":{"Scritto da":"Giornalisti Nell'Erba","Tempo di lettura stimato":"7 minuti"},"schema":{"@context":"https:\/\/schema.org","@graph":[{"@type":"Article","@id":"https:\/\/www.pressenza.com\/it\/2019\/12\/10-punti-fermi-dagli-scienziati-sul-clima\/#article","isPartOf":{"@id":"https:\/\/www.pressenza.com\/it\/2019\/12\/10-punti-fermi-dagli-scienziati-sul-clima\/"},"author":{"name":"Giornalisti Nell'Erba","@id":"https:\/\/www.pressenza.com\/it\/#\/schema\/person\/99049849e1fad38def99fd575222e3b6"},"headline":"10 punti fermi dagli scienziati sul clima","datePublished":"2019-12-06T21:07:25+00:00","dateModified":"2019-12-06T21:14:54+00:00","mainEntityOfPage":{"@id":"https:\/\/www.pressenza.com\/it\/2019\/12\/10-punti-fermi-dagli-scienziati-sul-clima\/"},"wordCount":1419,"publisher":{"@id":"https:\/\/www.pressenza.com\/it\/#organization"},"image":{"@id":"https:\/\/www.pressenza.com\/it\/2019\/12\/10-punti-fermi-dagli-scienziati-sul-clima\/#primaryimage"},"thumbnailUrl":"https:\/\/www.pressenza.com\/wp-content\/uploads\/2019\/12\/futurearth.jpg","keywords":["COP25","emergenza climatica","scienziati"],"articleSection":["Ecologia ed Ambiente","Europa"],"inLanguage":"it-IT"},{"@type":"WebPage","@id":"https:\/\/www.pressenza.com\/it\/2019\/12\/10-punti-fermi-dagli-scienziati-sul-clima\/","url":"https:\/\/www.pressenza.com\/it\/2019\/12\/10-punti-fermi-dagli-scienziati-sul-clima\/","name":"10 punti fermi dagli scienziati sul clima","isPartOf":{"@id":"https:\/\/www.pressenza.com\/it\/#website"},"primaryImageOfPage":{"@id":"https:\/\/www.pressenza.com\/it\/2019\/12\/10-punti-fermi-dagli-scienziati-sul-clima\/#primaryimage"},"image":{"@id":"https:\/\/www.pressenza.com\/it\/2019\/12\/10-punti-fermi-dagli-scienziati-sul-clima\/#primaryimage"},"thumbnailUrl":"https:\/\/www.pressenza.com\/wp-content\/uploads\/2019\/12\/futurearth.jpg","datePublished":"2019-12-06T21:07:25+00:00","dateModified":"2019-12-06T21:14:54+00:00","description":"\u00a0Clima: nel rapporto \u201c10 New Insights in Climate Science 2019\u201d, presentato oggi a COP25 e consegnato alla segretaria esecutiva dell\u2019UNFCCC Patricia","breadcrumb":{"@id":"https:\/\/www.pressenza.com\/it\/2019\/12\/10-punti-fermi-dagli-scienziati-sul-clima\/#breadcrumb"},"inLanguage":"it-IT","potentialAction":[{"@type":"ReadAction","target":["https:\/\/www.pressenza.com\/it\/2019\/12\/10-punti-fermi-dagli-scienziati-sul-clima\/"]}]},{"@type":"ImageObject","inLanguage":"it-IT","@id":"https:\/\/www.pressenza.com\/it\/2019\/12\/10-punti-fermi-dagli-scienziati-sul-clima\/#primaryimage","url":"https:\/\/www.pressenza.com\/wp-content\/uploads\/2019\/12\/futurearth.jpg","contentUrl":"https:\/\/www.pressenza.com\/wp-content\/uploads\/2019\/12\/futurearth.jpg","width":942,"height":312},{"@type":"BreadcrumbList","@id":"https:\/\/www.pressenza.com\/it\/2019\/12\/10-punti-fermi-dagli-scienziati-sul-clima\/#breadcrumb","itemListElement":[{"@type":"ListItem","position":1,"name":"Accueil","item":"https:\/\/www.pressenza.com\/it\/"},{"@type":"ListItem","position":2,"name":"10 punti fermi dagli scienziati sul clima"}]},{"@type":"WebSite","@id":"https:\/\/www.pressenza.com\/it\/#website","url":"https:\/\/www.pressenza.com\/it\/","name":"Pressenza","description":"Agenzia di Stampa Internazionale","publisher":{"@id":"https:\/\/www.pressenza.com\/it\/#organization"},"potentialAction":[{"@type":"SearchAction","target":{"@type":"EntryPoint","urlTemplate":"https:\/\/www.pressenza.com\/it\/?s={search_term_string}"},"query-input":{"@type":"PropertyValueSpecification","valueRequired":true,"valueName":"search_term_string"}}],"inLanguage":"it-IT"},{"@type":"Organization","@id":"https:\/\/www.pressenza.com\/it\/#organization","name":"Pressenza","url":"https:\/\/www.pressenza.com\/it\/","logo":{"@type":"ImageObject","inLanguage":"it-IT","@id":"https:\/\/www.pressenza.com\/it\/#\/schema\/logo\/image\/","url":"https:\/\/www.pressenza.com\/wp-content\/uploads\/2022\/10\/pressenza_logo_200x200.jpg","contentUrl":"https:\/\/www.pressenza.com\/wp-content\/uploads\/2022\/10\/pressenza_logo_200x200.jpg","width":200,"height":200,"caption":"Pressenza"},"image":{"@id":"https:\/\/www.pressenza.com\/it\/#\/schema\/logo\/image\/"},"sameAs":["https:\/\/www.facebook.com\/PressenzaItalia","https:\/\/x.com\/PressenzaIPA"]},{"@type":"Person","@id":"https:\/\/www.pressenza.com\/it\/#\/schema\/person\/99049849e1fad38def99fd575222e3b6","name":"Giornalisti Nell'Erba","description":"www.giornalistinellerba.org","url":"https:\/\/www.pressenza.com\/it\/author\/giornalisti-nell-erba\/"}]}},"place":"","original_article_url":"","_links":{"self":[{"href":"https:\/\/www.pressenza.com\/it\/wp-json\/wp\/v2\/posts\/989759","targetHints":{"allow":["GET"]}}],"collection":[{"href":"https:\/\/www.pressenza.com\/it\/wp-json\/wp\/v2\/posts"}],"about":[{"href":"https:\/\/www.pressenza.com\/it\/wp-json\/wp\/v2\/types\/post"}],"author":[{"embeddable":true,"href":"https:\/\/www.pressenza.com\/it\/wp-json\/wp\/v2\/users\/753"}],"replies":[{"embeddable":true,"href":"https:\/\/www.pressenza.com\/it\/wp-json\/wp\/v2\/comments?post=989759"}],"version-history":[{"count":0,"href":"https:\/\/www.pressenza.com\/it\/wp-json\/wp\/v2\/posts\/989759\/revisions"}],"wp:featuredmedia":[{"embeddable":true,"href":"https:\/\/www.pressenza.com\/it\/wp-json\/wp\/v2\/media\/989761"}],"wp:attachment":[{"href":"https:\/\/www.pressenza.com\/it\/wp-json\/wp\/v2\/media?parent=989759"}],"wp:term":[{"taxonomy":"category","embeddable":true,"href":"https:\/\/www.pressenza.com\/it\/wp-json\/wp\/v2\/categories?post=989759"},{"taxonomy":"post_tag","embeddable":true,"href":"https:\/\/www.pressenza.com\/it\/wp-json\/wp\/v2\/tags?post=989759"}],"curies":[{"name":"wp","href":"https:\/\/api.w.org\/{rel}","templated":true}]}}