{"id":989538,"date":"2019-12-06T18:10:12","date_gmt":"2019-12-06T18:10:12","guid":{"rendered":"https:\/\/www.pressenza.com\/?p=989538"},"modified":"2019-12-06T18:10:12","modified_gmt":"2019-12-06T18:10:12","slug":"ultimatum-per-lumanita-il-tempo-e-quasi-scaduto","status":"publish","type":"post","link":"https:\/\/www.pressenza.com\/it\/2019\/12\/ultimatum-per-lumanita-il-tempo-e-quasi-scaduto\/","title":{"rendered":"Ultimatum per l&#8217;umanit\u00e0: il tempo \u00e8 quasi scaduto"},"content":{"rendered":"<p>La COP25 di Madrid, iniziata il 2 dicembre, rappresenta un vero ultimatum per l\u2019umanit\u00e0 e tutti gli ecosistemi: il tempo \u00e8 quasi scaduto per evitare gli scenari peggiori della catastrofe che il nostro Pianeta dovr\u00e0 comunque affrontare.<\/p>\n<p>Di fronte a una carneficina cos\u00ec inimmaginabile, su cui gli scienziati hanno messo in guardia per oltre quattro decenni,\u00a0<strong>l\u2019unica opzione praticabile \u00e8 che una mobilitazione massiccia, pacifica e democratica richieda un cambiamento immediato,<\/strong>\u00a0non solo un\u2019azione individuale. A 24 anni dalla prima COP, la causa del vertice \u00e8 diventata pi\u00f9 cruciale che mai.<\/p>\n<p>Tuttavia, l\u2019impegno globale da parte dei governi \u00e8 criminalmente assente. Gli obiettivi stabiliti dalle precedenti COP, incluso il celebre accordo della COP 21 di Parigi, sono stati ignorati, perseverando negli errori di sempre. Solo 16 paesi su 195 che hanno firmato l\u2019accordo di Parigi lo stanno effettivamente rispettando. Nel frattempo, l\u2019Amazzonia, la Siberia, l\u2019Artico e le foreste dei koala bruciano.<\/p>\n<p><img decoding=\"async\" src=\"https:\/\/extinctionrebellion.it\/assets\/post-img\/08-12-2019\/image2.jpg\" alt=\"post-picture\" \/><\/p>\n<p>Sono necessarie scelte drastiche e vincolanti, mentre le notizie allarmanti si susseguono giornalmente. Il rapporto della ONG Germanwatch, diffuso a Madrid mercoled\u00ec proprio in occasione della COP25, pone l\u2019accento sul fatto che le condizioni meteorologiche estreme, legate ai cambiamenti climatici, stanno colpendo non solo i Paesi pi\u00f9 poveri come Myanmar e Haiti, ma anche alcuni dei Paesi pi\u00f9 ricchi del mondo. Nel 2018 il Paese pi\u00f9 colpito dagli eventi estremi \u00e8 stato infatti il Giappone, che l\u2019anno scorso ha dovuto fare i conti con piogge eccezionali, ondate di calore e tifoni.\u00a0<strong>L\u2019Italia risulta al sesto posto nel mondo per numero di vittime causate dagli eventi meteorologici estremi<\/strong>, e diciottesima per numero di perdite economiche pro capite. Gli esperti di Germanwatch ricordano che, vista la mancanza di dati, gli effetti di questo tipo di eventi nel continente africano possono risultare sottostimati.<a href=\"https:\/\/extinctionrebellion.it\/notizie\/2019\/12\/06\/Ultimatum-per-umanita\/#1\">[1]<\/a><\/p>\n<h6 id=\"partecipa-alle-azioni-di-extinction-rebellion-durante-la-cop25\">PARTECIPA ALLE AZIONI DI EXTINCTION REBELLION DURANTE LA COP25<\/h6>\n<p>Extinction Rebellion ha trovato la sua sede durante questa COP25 presso l\u2019UGT, Calle Hortaleza, 88 a Madrid, alla sede della \u201cCumbre Social por el Clima\u201d, dove sono ospitati i rappresentanti di una moltitudine di altri movimenti, rappresentanti di popoli indigeni, collettivi e organizzazioni tra cui Fridays for Future ed Ecologistas en Accion. La Spagna sta attualmente ospitando ribelli di XR provenienti da ben 19 paesi e sei continenti e durante queste due importanti settimane i ribelli faranno azioni dirette nonviolente, riempiranno le strade, affolleranno le piazze di Madrid, invitando gli spettatori a unirsi alla ribellione per la vita, mentre altre capitali agiscono in modo solidale.<\/p>\n<p>I ribelli di XR sono stati presenti e hanno dato il proprio contributo anche alla grande manifestazione che ha visto riunirsi attivisti e cittadini preoccupati di tutto il mondo, venerd\u00ec 6 dicembre alle 18 ad Atocha, Madrid, in contemporanea con la stessa grande manifestazione a Santiago del Cile.<\/p>\n<h6 id=\"solidariet\u00e0-internazionale\">SOLIDARIET\u00c0 INTERNAZIONALE<\/h6>\n<p>Tutti i collettivi internazionali, in coordinazione e solidariet\u00e0 con le organizzazioni cilene, hanno organizzato una Conferenza parallela, appunto la \u201cCumbre Social por el Clima\u201d, che inizia sabato 7 dicembre, con pi\u00f9 di 300 proposte per apprendere, dibattere e costruire una opposizione dal basso di fronte all\u2019emergenza climatica.<\/p>\n<p>La Conferenza avrebbe dovuto tenersi infatti a Santiago de Cile, ma \u00e8 stata spostata in Spagna dopo l\u2019esplosione delle grandi mobilitazioni antigovernative in tutto il paese sudamericano. Angela Santiajo, di Fridays for Future Chile, ha dichiarato: \u201cla COP25 avrebbe dovuto essere una Conferenza latinoamericana, ma visto che non \u00e8 andata cos\u00ec, portiamo qui la voce dell\u2019America latina.\u201d \u201cL\u2019esplosione sociale in Cile e la sua brutale repressione ci mostrano che la crisi della civilt\u00e0 che stiamo vivendo \u00e8 anche una crisi democratica\u201d, sottolineano gli organizzatori della Cumbre Social. L\u2019attivista cilena Estefan\u00eca Gonz\u00e1lez, portavoce di \u201cSociedad Civil por la Acci\u00f3n Clim\u00e1tica\u201d (SCAC, Cile), ha affermato nella conferenza stampa di apertura della Cumbre Social por el Clima, che \u201c<strong>non \u00e8 possibile raggiungere l\u2019equit\u00e0 sociale senza l\u2019equit\u00e0 climatica<\/strong>\u201d. E l\u2019equit\u00e0 climatica, assicura, \u00e8 inesistente nel suo Paese, dove il carbone continua a generare il 40% dell\u2019energia senza il minimo rispetto per la salute e i diritti delle persone che vivono nelle zone circostanti.\u201d<\/p>\n<p><img decoding=\"async\" src=\"https:\/\/extinctionrebellion.it\/assets\/post-img\/08-12-2019\/image1.jpg\" alt=\"post-picture\" \/><\/p>\n<p>La portavoce cilena ha anche fatto notare come l\u2019esplosione sociale in Cile sia stata brutalmente repressa. Pi\u00f9 di 200 cileni ad oggi hanno perso gli occhi\u201d, ha affermato, mentre si tappava un occhio durante il suo intervento. \u201cChiediamo che non si renda invisibile ci\u00f2 che sta accadendo. Il mondo si sta svegliando e come societ\u00e0 civile non ci fermeremo finch\u00e9 non vedremo fare azioni concrete e far valere diritti necessari per la nostra stessa sopravvivenza\u201d.<\/p>\n<p>Alla conferenza stampa di apertura della Cumbre Social era presente anche Juan Antonio Correa, mapuche laflenche, che \u00e8 il coordinatore della Minga Indigena del Chile; egli ha reclamato la presenza e il rispetto per i popoli indigeni: \u201cfinora non si \u00e8 tenuto conto delle nostre istanze nelle negoziazioni climatiche. Oggi diciamo che non ci pu\u00f2 pi\u00f9 essere sfruttamento del territorio senza fare i conti con noi\u201d. I territori indigeni, infatti, sono fra i pi\u00f9 toccati dagli effetti della crisi climatica, e \u201ctutti i giorni scompaiono persone per la violenza climatica\u201d. L\u2019obiettivo, ha concluso, \u00e8 \u201cvalorizzare la lotta dei popoli, di fronte al tentativo di renderci invisibili, alla tortura, alle sparizioni\u201d.<\/p>\n<p><strong>#UltimatumCOP25 #ExtictionRebellion<\/strong><\/p>\n<hr \/>\n<p><a name=\"1\"><\/a>[1]\u00a0<a href=\"http:\/\/www.ansa.it\/canale_ambiente\/notizie\/clima\/2019\/12\/04\/clima-italia-sesta-nel-mondo-per-vittime-dal-1999_3624a83d-2439-42e0-9503-57a860fb69b6.html\">http:\/\/www.ansa.it\/canale_ambiente\/notizie\/clima\/2019\/12\/04\/clima-italia-sesta-nel-mondo-per-vittime-dal-1999_3624a83d-2439-42e0-9503-57a860fb69b6.html<\/a><\/p>\n","protected":false},"excerpt":{"rendered":"<p>La COP25 di Madrid, iniziata il 2 dicembre, rappresenta un vero ultimatum per l\u2019umanit\u00e0 e tutti gli ecosistemi: il tempo \u00e8 quasi scaduto per evitare gli scenari peggiori della catastrofe che il nostro Pianeta dovr\u00e0 comunque affrontare. Di fronte a&hellip;<\/p>\n","protected":false},"author":1696,"featured_media":989539,"comment_status":"closed","ping_status":"closed","sticky":false,"template":"","format":"standard","meta":{"footnotes":""},"categories":[20606],"tags":[66013,67981,64518,965,2725],"class_list":["post-989538","post","type-post","status-publish","format-standard","has-post-thumbnail","hentry","category-non-categorizzato","tag-cop25-it","tag-cumbre-social-por-el-clima-it","tag-emergenza-climatica-ed-ecologica","tag-madrid","tag-popoli-originari"],"yoast_head":"<!-- This site is optimized with the Yoast SEO plugin v27.1.1 - https:\/\/yoast.com\/product\/yoast-seo-wordpress\/ -->\n<title>Ultimatum per l&#039;umanit\u00e0: il tempo \u00e8 quasi scaduto<\/title>\n<meta name=\"description\" content=\"La COP25 di Madrid, iniziata il 2 dicembre, rappresenta un vero ultimatum per l\u2019umanit\u00e0 e tutti gli ecosistemi: il tempo \u00e8 quasi scaduto per evitare gli\" \/>\n<meta name=\"robots\" content=\"index, follow, max-snippet:-1, max-image-preview:large, max-video-preview:-1\" \/>\n<link rel=\"canonical\" href=\"https:\/\/www.pressenza.com\/it\/2019\/12\/ultimatum-per-lumanita-il-tempo-e-quasi-scaduto\/\" \/>\n<meta property=\"og:locale\" content=\"it_IT\" \/>\n<meta property=\"og:type\" content=\"article\" \/>\n<meta property=\"og:title\" content=\"Ultimatum per l&#039;umanit\u00e0: il tempo \u00e8 quasi scaduto\" \/>\n<meta property=\"og:description\" content=\"La COP25 di Madrid, iniziata il 2 dicembre, rappresenta un vero ultimatum per l\u2019umanit\u00e0 e tutti gli ecosistemi: il tempo \u00e8 quasi scaduto per evitare gli\" \/>\n<meta property=\"og:url\" content=\"https:\/\/www.pressenza.com\/it\/2019\/12\/ultimatum-per-lumanita-il-tempo-e-quasi-scaduto\/\" \/>\n<meta property=\"og:site_name\" content=\"Pressenza\" \/>\n<meta property=\"article:publisher\" content=\"https:\/\/www.facebook.com\/PressenzaItalia\" \/>\n<meta property=\"article:published_time\" content=\"2019-12-06T18:10:12+00:00\" \/>\n<meta property=\"og:image\" content=\"https:\/\/www.pressenza.com\/wp-content\/uploads\/2019\/12\/cumbre-social-madrid.jpg\" \/>\n\t<meta property=\"og:image:width\" content=\"1999\" \/>\n\t<meta property=\"og:image:height\" content=\"1333\" \/>\n\t<meta property=\"og:image:type\" content=\"image\/jpeg\" \/>\n<meta name=\"author\" content=\"Extinction Rebellion\" \/>\n<meta name=\"twitter:card\" content=\"summary_large_image\" \/>\n<meta name=\"twitter:creator\" content=\"@PressenzaIPA\" \/>\n<meta name=\"twitter:site\" content=\"@PressenzaIPA\" \/>\n<meta name=\"twitter:label1\" content=\"Scritto da\" \/>\n\t<meta name=\"twitter:data1\" content=\"Extinction Rebellion\" \/>\n\t<meta name=\"twitter:label2\" content=\"Tempo di lettura stimato\" \/>\n\t<meta name=\"twitter:data2\" content=\"4 minuti\" \/>\n<script type=\"application\/ld+json\" class=\"yoast-schema-graph\">{\"@context\":\"https:\/\/schema.org\",\"@graph\":[{\"@type\":\"Article\",\"@id\":\"https:\/\/www.pressenza.com\/it\/2019\/12\/ultimatum-per-lumanita-il-tempo-e-quasi-scaduto\/#article\",\"isPartOf\":{\"@id\":\"https:\/\/www.pressenza.com\/it\/2019\/12\/ultimatum-per-lumanita-il-tempo-e-quasi-scaduto\/\"},\"author\":{\"name\":\"Extinction Rebellion\",\"@id\":\"https:\/\/www.pressenza.com\/it\/#\/schema\/person\/469654e5f261458f78054b73ca6931aa\"},\"headline\":\"Ultimatum per l&#8217;umanit\u00e0: il tempo \u00e8 quasi scaduto\",\"datePublished\":\"2019-12-06T18:10:12+00:00\",\"mainEntityOfPage\":{\"@id\":\"https:\/\/www.pressenza.com\/it\/2019\/12\/ultimatum-per-lumanita-il-tempo-e-quasi-scaduto\/\"},\"wordCount\":874,\"publisher\":{\"@id\":\"https:\/\/www.pressenza.com\/it\/#organization\"},\"image\":{\"@id\":\"https:\/\/www.pressenza.com\/it\/2019\/12\/ultimatum-per-lumanita-il-tempo-e-quasi-scaduto\/#primaryimage\"},\"thumbnailUrl\":\"https:\/\/www.pressenza.com\/wp-content\/uploads\/2019\/12\/cumbre-social-madrid.jpg\",\"keywords\":[\"COP25\",\"Cumbre Social por el Clima\",\"Emergenza Climatica ed Ecologica\",\"Madrid\",\"popoli originari\"],\"articleSection\":[\"non categorizzato\"],\"inLanguage\":\"it-IT\"},{\"@type\":\"WebPage\",\"@id\":\"https:\/\/www.pressenza.com\/it\/2019\/12\/ultimatum-per-lumanita-il-tempo-e-quasi-scaduto\/\",\"url\":\"https:\/\/www.pressenza.com\/it\/2019\/12\/ultimatum-per-lumanita-il-tempo-e-quasi-scaduto\/\",\"name\":\"Ultimatum per l'umanit\u00e0: il tempo \u00e8 quasi scaduto\",\"isPartOf\":{\"@id\":\"https:\/\/www.pressenza.com\/it\/#website\"},\"primaryImageOfPage\":{\"@id\":\"https:\/\/www.pressenza.com\/it\/2019\/12\/ultimatum-per-lumanita-il-tempo-e-quasi-scaduto\/#primaryimage\"},\"image\":{\"@id\":\"https:\/\/www.pressenza.com\/it\/2019\/12\/ultimatum-per-lumanita-il-tempo-e-quasi-scaduto\/#primaryimage\"},\"thumbnailUrl\":\"https:\/\/www.pressenza.com\/wp-content\/uploads\/2019\/12\/cumbre-social-madrid.jpg\",\"datePublished\":\"2019-12-06T18:10:12+00:00\",\"description\":\"La COP25 di Madrid, iniziata il 2 dicembre, rappresenta un vero ultimatum per l\u2019umanit\u00e0 e tutti gli ecosistemi: il tempo \u00e8 quasi scaduto per evitare gli\",\"breadcrumb\":{\"@id\":\"https:\/\/www.pressenza.com\/it\/2019\/12\/ultimatum-per-lumanita-il-tempo-e-quasi-scaduto\/#breadcrumb\"},\"inLanguage\":\"it-IT\",\"potentialAction\":[{\"@type\":\"ReadAction\",\"target\":[\"https:\/\/www.pressenza.com\/it\/2019\/12\/ultimatum-per-lumanita-il-tempo-e-quasi-scaduto\/\"]}]},{\"@type\":\"ImageObject\",\"inLanguage\":\"it-IT\",\"@id\":\"https:\/\/www.pressenza.com\/it\/2019\/12\/ultimatum-per-lumanita-il-tempo-e-quasi-scaduto\/#primaryimage\",\"url\":\"https:\/\/www.pressenza.com\/wp-content\/uploads\/2019\/12\/cumbre-social-madrid.jpg\",\"contentUrl\":\"https:\/\/www.pressenza.com\/wp-content\/uploads\/2019\/12\/cumbre-social-madrid.jpg\",\"width\":1999,\"height\":1333},{\"@type\":\"BreadcrumbList\",\"@id\":\"https:\/\/www.pressenza.com\/it\/2019\/12\/ultimatum-per-lumanita-il-tempo-e-quasi-scaduto\/#breadcrumb\",\"itemListElement\":[{\"@type\":\"ListItem\",\"position\":1,\"name\":\"Accueil\",\"item\":\"https:\/\/www.pressenza.com\/it\/\"},{\"@type\":\"ListItem\",\"position\":2,\"name\":\"Ultimatum per l&#8217;umanit\u00e0: il tempo \u00e8 quasi scaduto\"}]},{\"@type\":\"WebSite\",\"@id\":\"https:\/\/www.pressenza.com\/it\/#website\",\"url\":\"https:\/\/www.pressenza.com\/it\/\",\"name\":\"Pressenza\",\"description\":\"Agenzia di Stampa Internazionale\",\"publisher\":{\"@id\":\"https:\/\/www.pressenza.com\/it\/#organization\"},\"potentialAction\":[{\"@type\":\"SearchAction\",\"target\":{\"@type\":\"EntryPoint\",\"urlTemplate\":\"https:\/\/www.pressenza.com\/it\/?s={search_term_string}\"},\"query-input\":{\"@type\":\"PropertyValueSpecification\",\"valueRequired\":true,\"valueName\":\"search_term_string\"}}],\"inLanguage\":\"it-IT\"},{\"@type\":\"Organization\",\"@id\":\"https:\/\/www.pressenza.com\/it\/#organization\",\"name\":\"Pressenza\",\"url\":\"https:\/\/www.pressenza.com\/it\/\",\"logo\":{\"@type\":\"ImageObject\",\"inLanguage\":\"it-IT\",\"@id\":\"https:\/\/www.pressenza.com\/it\/#\/schema\/logo\/image\/\",\"url\":\"https:\/\/www.pressenza.com\/wp-content\/uploads\/2022\/10\/pressenza_logo_200x200.jpg\",\"contentUrl\":\"https:\/\/www.pressenza.com\/wp-content\/uploads\/2022\/10\/pressenza_logo_200x200.jpg\",\"width\":200,\"height\":200,\"caption\":\"Pressenza\"},\"image\":{\"@id\":\"https:\/\/www.pressenza.com\/it\/#\/schema\/logo\/image\/\"},\"sameAs\":[\"https:\/\/www.facebook.com\/PressenzaItalia\",\"https:\/\/x.com\/PressenzaIPA\"]},{\"@type\":\"Person\",\"@id\":\"https:\/\/www.pressenza.com\/it\/#\/schema\/person\/469654e5f261458f78054b73ca6931aa\",\"name\":\"Extinction Rebellion\",\"description\":\"Extinction Rebellion (XR) \u00e8 un movimento internazionale \u201cdal basso\u201d, nonviolento, fondato in Inghilterra in risposta alla devastazione ambientale causata dalle attivit\u00e0 umane. La sua ragione d\u2019essere si basa sui risultati scientifici.\",\"sameAs\":[\"https:\/\/rebellion.earth\/\"],\"url\":\"https:\/\/www.pressenza.com\/it\/author\/extinction-rebellion\/\"}]}<\/script>\n<!-- \/ Yoast SEO plugin. -->","yoast_head_json":{"title":"Ultimatum per l'umanit\u00e0: il tempo \u00e8 quasi scaduto","description":"La COP25 di Madrid, iniziata il 2 dicembre, rappresenta un vero ultimatum per l\u2019umanit\u00e0 e tutti gli ecosistemi: il tempo \u00e8 quasi scaduto per evitare gli","robots":{"index":"index","follow":"follow","max-snippet":"max-snippet:-1","max-image-preview":"max-image-preview:large","max-video-preview":"max-video-preview:-1"},"canonical":"https:\/\/www.pressenza.com\/it\/2019\/12\/ultimatum-per-lumanita-il-tempo-e-quasi-scaduto\/","og_locale":"it_IT","og_type":"article","og_title":"Ultimatum per l'umanit\u00e0: il tempo \u00e8 quasi scaduto","og_description":"La COP25 di Madrid, iniziata il 2 dicembre, rappresenta un vero ultimatum per l\u2019umanit\u00e0 e tutti gli ecosistemi: il tempo \u00e8 quasi scaduto per evitare gli","og_url":"https:\/\/www.pressenza.com\/it\/2019\/12\/ultimatum-per-lumanita-il-tempo-e-quasi-scaduto\/","og_site_name":"Pressenza","article_publisher":"https:\/\/www.facebook.com\/PressenzaItalia","article_published_time":"2019-12-06T18:10:12+00:00","og_image":[{"width":1999,"height":1333,"url":"https:\/\/www.pressenza.com\/wp-content\/uploads\/2019\/12\/cumbre-social-madrid.jpg","type":"image\/jpeg"}],"author":"Extinction Rebellion","twitter_card":"summary_large_image","twitter_creator":"@PressenzaIPA","twitter_site":"@PressenzaIPA","twitter_misc":{"Scritto da":"Extinction Rebellion","Tempo di lettura stimato":"4 minuti"},"schema":{"@context":"https:\/\/schema.org","@graph":[{"@type":"Article","@id":"https:\/\/www.pressenza.com\/it\/2019\/12\/ultimatum-per-lumanita-il-tempo-e-quasi-scaduto\/#article","isPartOf":{"@id":"https:\/\/www.pressenza.com\/it\/2019\/12\/ultimatum-per-lumanita-il-tempo-e-quasi-scaduto\/"},"author":{"name":"Extinction Rebellion","@id":"https:\/\/www.pressenza.com\/it\/#\/schema\/person\/469654e5f261458f78054b73ca6931aa"},"headline":"Ultimatum per l&#8217;umanit\u00e0: il tempo \u00e8 quasi scaduto","datePublished":"2019-12-06T18:10:12+00:00","mainEntityOfPage":{"@id":"https:\/\/www.pressenza.com\/it\/2019\/12\/ultimatum-per-lumanita-il-tempo-e-quasi-scaduto\/"},"wordCount":874,"publisher":{"@id":"https:\/\/www.pressenza.com\/it\/#organization"},"image":{"@id":"https:\/\/www.pressenza.com\/it\/2019\/12\/ultimatum-per-lumanita-il-tempo-e-quasi-scaduto\/#primaryimage"},"thumbnailUrl":"https:\/\/www.pressenza.com\/wp-content\/uploads\/2019\/12\/cumbre-social-madrid.jpg","keywords":["COP25","Cumbre Social por el Clima","Emergenza Climatica ed Ecologica","Madrid","popoli originari"],"articleSection":["non categorizzato"],"inLanguage":"it-IT"},{"@type":"WebPage","@id":"https:\/\/www.pressenza.com\/it\/2019\/12\/ultimatum-per-lumanita-il-tempo-e-quasi-scaduto\/","url":"https:\/\/www.pressenza.com\/it\/2019\/12\/ultimatum-per-lumanita-il-tempo-e-quasi-scaduto\/","name":"Ultimatum per l'umanit\u00e0: il tempo \u00e8 quasi scaduto","isPartOf":{"@id":"https:\/\/www.pressenza.com\/it\/#website"},"primaryImageOfPage":{"@id":"https:\/\/www.pressenza.com\/it\/2019\/12\/ultimatum-per-lumanita-il-tempo-e-quasi-scaduto\/#primaryimage"},"image":{"@id":"https:\/\/www.pressenza.com\/it\/2019\/12\/ultimatum-per-lumanita-il-tempo-e-quasi-scaduto\/#primaryimage"},"thumbnailUrl":"https:\/\/www.pressenza.com\/wp-content\/uploads\/2019\/12\/cumbre-social-madrid.jpg","datePublished":"2019-12-06T18:10:12+00:00","description":"La COP25 di Madrid, iniziata il 2 dicembre, rappresenta un vero ultimatum per l\u2019umanit\u00e0 e tutti gli ecosistemi: il tempo \u00e8 quasi scaduto per evitare gli","breadcrumb":{"@id":"https:\/\/www.pressenza.com\/it\/2019\/12\/ultimatum-per-lumanita-il-tempo-e-quasi-scaduto\/#breadcrumb"},"inLanguage":"it-IT","potentialAction":[{"@type":"ReadAction","target":["https:\/\/www.pressenza.com\/it\/2019\/12\/ultimatum-per-lumanita-il-tempo-e-quasi-scaduto\/"]}]},{"@type":"ImageObject","inLanguage":"it-IT","@id":"https:\/\/www.pressenza.com\/it\/2019\/12\/ultimatum-per-lumanita-il-tempo-e-quasi-scaduto\/#primaryimage","url":"https:\/\/www.pressenza.com\/wp-content\/uploads\/2019\/12\/cumbre-social-madrid.jpg","contentUrl":"https:\/\/www.pressenza.com\/wp-content\/uploads\/2019\/12\/cumbre-social-madrid.jpg","width":1999,"height":1333},{"@type":"BreadcrumbList","@id":"https:\/\/www.pressenza.com\/it\/2019\/12\/ultimatum-per-lumanita-il-tempo-e-quasi-scaduto\/#breadcrumb","itemListElement":[{"@type":"ListItem","position":1,"name":"Accueil","item":"https:\/\/www.pressenza.com\/it\/"},{"@type":"ListItem","position":2,"name":"Ultimatum per l&#8217;umanit\u00e0: il tempo \u00e8 quasi scaduto"}]},{"@type":"WebSite","@id":"https:\/\/www.pressenza.com\/it\/#website","url":"https:\/\/www.pressenza.com\/it\/","name":"Pressenza","description":"Agenzia di Stampa Internazionale","publisher":{"@id":"https:\/\/www.pressenza.com\/it\/#organization"},"potentialAction":[{"@type":"SearchAction","target":{"@type":"EntryPoint","urlTemplate":"https:\/\/www.pressenza.com\/it\/?s={search_term_string}"},"query-input":{"@type":"PropertyValueSpecification","valueRequired":true,"valueName":"search_term_string"}}],"inLanguage":"it-IT"},{"@type":"Organization","@id":"https:\/\/www.pressenza.com\/it\/#organization","name":"Pressenza","url":"https:\/\/www.pressenza.com\/it\/","logo":{"@type":"ImageObject","inLanguage":"it-IT","@id":"https:\/\/www.pressenza.com\/it\/#\/schema\/logo\/image\/","url":"https:\/\/www.pressenza.com\/wp-content\/uploads\/2022\/10\/pressenza_logo_200x200.jpg","contentUrl":"https:\/\/www.pressenza.com\/wp-content\/uploads\/2022\/10\/pressenza_logo_200x200.jpg","width":200,"height":200,"caption":"Pressenza"},"image":{"@id":"https:\/\/www.pressenza.com\/it\/#\/schema\/logo\/image\/"},"sameAs":["https:\/\/www.facebook.com\/PressenzaItalia","https:\/\/x.com\/PressenzaIPA"]},{"@type":"Person","@id":"https:\/\/www.pressenza.com\/it\/#\/schema\/person\/469654e5f261458f78054b73ca6931aa","name":"Extinction Rebellion","description":"Extinction Rebellion (XR) \u00e8 un movimento internazionale \u201cdal basso\u201d, nonviolento, fondato in Inghilterra in risposta alla devastazione ambientale causata dalle attivit\u00e0 umane. La sua ragione d\u2019essere si basa sui risultati scientifici.","sameAs":["https:\/\/rebellion.earth\/"],"url":"https:\/\/www.pressenza.com\/it\/author\/extinction-rebellion\/"}]}},"place":"","original_article_url":"","_links":{"self":[{"href":"https:\/\/www.pressenza.com\/it\/wp-json\/wp\/v2\/posts\/989538","targetHints":{"allow":["GET"]}}],"collection":[{"href":"https:\/\/www.pressenza.com\/it\/wp-json\/wp\/v2\/posts"}],"about":[{"href":"https:\/\/www.pressenza.com\/it\/wp-json\/wp\/v2\/types\/post"}],"author":[{"embeddable":true,"href":"https:\/\/www.pressenza.com\/it\/wp-json\/wp\/v2\/users\/1696"}],"replies":[{"embeddable":true,"href":"https:\/\/www.pressenza.com\/it\/wp-json\/wp\/v2\/comments?post=989538"}],"version-history":[{"count":0,"href":"https:\/\/www.pressenza.com\/it\/wp-json\/wp\/v2\/posts\/989538\/revisions"}],"wp:featuredmedia":[{"embeddable":true,"href":"https:\/\/www.pressenza.com\/it\/wp-json\/wp\/v2\/media\/989539"}],"wp:attachment":[{"href":"https:\/\/www.pressenza.com\/it\/wp-json\/wp\/v2\/media?parent=989538"}],"wp:term":[{"taxonomy":"category","embeddable":true,"href":"https:\/\/www.pressenza.com\/it\/wp-json\/wp\/v2\/categories?post=989538"},{"taxonomy":"post_tag","embeddable":true,"href":"https:\/\/www.pressenza.com\/it\/wp-json\/wp\/v2\/tags?post=989538"}],"curies":[{"name":"wp","href":"https:\/\/api.w.org\/{rel}","templated":true}]}}