{"id":9878,"date":"2012-07-19T00:00:00","date_gmt":"2012-07-18T22:00:00","guid":{"rendered":"http:\/\/www.pressenza.com\/it\/2012\/07\/il-muos-raccontato-da-antonio-mazzeo\/"},"modified":"2013-02-15T08:46:59","modified_gmt":"2013-02-15T08:46:59","slug":"il-muos-raccontato-da-antonio-mazzeo","status":"publish","type":"post","link":"https:\/\/www.pressenza.com\/it\/2012\/07\/il-muos-raccontato-da-antonio-mazzeo\/","title":{"rendered":"Il MUOS raccontato da Antonio Mazzeo"},"content":{"rendered":"<p>Il MUOS \u00e8 un sistema di onde elettromagnetiche per oscurare e boicottare gli apparati elettronici delle postazioni avversarie. Il MUOS (Mobile User Objective System) \u00e8 un sistema adottato dalle forze armate degli Stati Uniti d&#8217;America, perch\u00e9 possano affermare la propria superiorit\u00e0 universale, tramite una rete di mega-antenne e satelliti per telecomunicazioni ad alta velocit\u00e0, affinch\u00e9 sull&#8217;infinito domini l&#8217;oscurit\u00e0 della violenza, della guerra, della morte. Il MUOS \u00e8 un sistema atto a propagare, dilatare, moltiplicare gli ordini di attacco militare di tipo convenzionale, chimico, batteriologico e nucleare, per bombardamenti sempre pi\u00f9 virtuali, computerizzati, disumanizzati e disumanizzanti perch\u00e9 la coscienza degli assassini non possa mai incrociare gli occhi di chi soffre e la disperazione delle vittime innocenti. Il MUOS incarna le molteplici contraddizioni della globalizzazione neoliberista e capitalista, in quanto uccide in nome della pace e dell&#8217;Ordine sovranazionale, devastando il clima, l&#8217;ambiente e il territorio. L\u2019 Eco MUOStro sar\u00e0 situato a Niscemi, nei pressi di Caltanissetta, in Sicilia, nel cuore di un&#8217;importante riserva naturale, dove fervono i preparativi per l&#8217;installazione di tre grandi antenne paraboliche con onde elettromagnetiche che penetrano la ionosfera e i tessuti di ogni essere vivente che \u201coser\u00e0\u201d affrontare questo inesorabile Eco MUOStro: il nuovo supersegreto centro di telecomunicazioni della marina militare degli Usa. La gente del posto si indigna per essere stata ignorata, tradita, svenduta ed \u00e8 scesa in piazza a protestare e a manifestare il proprio dissenso, costringendo sindaci, consigli comunali e provinciali a votare delibere contro il MUOS. Sono state presentate numerose interrogazioni parlamentari; sono stati sottoscritti moltissimi appelli e firmate innumerevoli petizioni per revocare le autorizzazioni ai lavori, insieme a dibattiti, convegni, marce, digiuni e altre forme di contestazione nonviolenta e pacifica: ma \u00e8 stato tutto inutile. I governi nazionali che si sono succeduti e l&#8217;attuale governo dei banchieri dell&#8217;alta finanza sono sempre favorevoli alla costruzione del MUOS. Il libro di Antonio Mazzeo vuole denunciare, attraverso le tante voci della gente di Niscemi, la prepotenza ottusa e la protervia ostinata dei vertici del potere, favorevoli all\u2019 Eco MUOStro, un sistema- business per i mercanti di morte, che comporta soprattutto la proliferazione della grande industria bellica, ma anche un intenso inquinamento elettromagnetico, proveniente dai trasmettitori del sistema, con devastanti microonde ad altissimo impatto ambientale. L&#8217;industria della morte si impone ancora, famelica, insaziabile, inesorabile\u2026<\/p>\n<p>&nbsp;<\/p>\n","protected":false},"excerpt":{"rendered":"<p>Un Eco MUOStro a Niscemi.<\/p>\n<p>L\u2019arma perfetta per i conflitti del XXI secolo<\/p>\n<p>Libro di Antonio Mazzeo<\/p>\n<p>Recensione di Laura Tussi                                                                                                                 <\/p>\n<p>Pubblicazione a cura dell\u2019Associazione Culturale \u201cSicilia Punto L.\u201d, Ragusa 2012<\/p>\n","protected":false},"author":535,"featured_media":0,"comment_status":"closed","ping_status":"open","sticky":false,"template":"","format":"standard","meta":{"footnotes":""},"categories":[56,47],"tags":[3463,3464,637,1278,2997],"class_list":["post-9878","post","type-post","status-publish","format-standard","hentry","category-cultura","category-europa","tag-antonio-mazzeo-2","tag-basi-usa","tag-muos","tag-niscemi","tag-no-muos"],"yoast_head":"<!-- This site is optimized with the Yoast SEO plugin v27.1.1 - https:\/\/yoast.com\/product\/yoast-seo-wordpress\/ -->\n<title>Il MUOS raccontato da Antonio Mazzeo<\/title>\n<meta name=\"description\" content=\"Un Eco MUOStro a Niscemi.  L\u2019arma perfetta per i conflitti del XXI secolo  Libro di Antonio Mazzeo  Recensione di Laura Tussi                                                           Pubblicazione a cura dell\u2019Associazione Culturale \u201cSicilia Punto L.\u201d, Ragusa 2012\" \/>\n<meta name=\"robots\" content=\"index, follow, max-snippet:-1, max-image-preview:large, max-video-preview:-1\" \/>\n<link rel=\"canonical\" href=\"https:\/\/www.pressenza.com\/it\/2012\/07\/il-muos-raccontato-da-antonio-mazzeo\/\" \/>\n<meta property=\"og:locale\" content=\"it_IT\" \/>\n<meta property=\"og:type\" content=\"article\" \/>\n<meta property=\"og:title\" content=\"Il MUOS raccontato da Antonio Mazzeo\" \/>\n<meta property=\"og:description\" content=\"Un Eco MUOStro a Niscemi.  L\u2019arma perfetta per i conflitti del XXI secolo  Libro di Antonio Mazzeo  Recensione di Laura Tussi                                                           Pubblicazione a cura dell\u2019Associazione Culturale \u201cSicilia Punto L.\u201d, Ragusa 2012\" \/>\n<meta property=\"og:url\" content=\"https:\/\/www.pressenza.com\/it\/2012\/07\/il-muos-raccontato-da-antonio-mazzeo\/\" \/>\n<meta property=\"og:site_name\" content=\"Pressenza\" \/>\n<meta property=\"article:publisher\" content=\"https:\/\/www.facebook.com\/PressenzaItalia\" \/>\n<meta property=\"article:published_time\" content=\"2012-07-18T22:00:00+00:00\" \/>\n<meta property=\"article:modified_time\" content=\"2013-02-15T08:46:59+00:00\" \/>\n<meta name=\"author\" content=\"Laura Tussi\" \/>\n<meta name=\"twitter:card\" content=\"summary_large_image\" \/>\n<meta name=\"twitter:creator\" content=\"@PressenzaIPA\" \/>\n<meta name=\"twitter:site\" content=\"@PressenzaIPA\" \/>\n<meta name=\"twitter:label1\" content=\"Scritto da\" \/>\n\t<meta name=\"twitter:data1\" content=\"Laura Tussi\" \/>\n\t<meta name=\"twitter:label2\" content=\"Tempo di lettura stimato\" \/>\n\t<meta name=\"twitter:data2\" content=\"2 minuti\" \/>\n<script type=\"application\/ld+json\" class=\"yoast-schema-graph\">{\"@context\":\"https:\/\/schema.org\",\"@graph\":[{\"@type\":\"Article\",\"@id\":\"https:\/\/www.pressenza.com\/it\/2012\/07\/il-muos-raccontato-da-antonio-mazzeo\/#article\",\"isPartOf\":{\"@id\":\"https:\/\/www.pressenza.com\/it\/2012\/07\/il-muos-raccontato-da-antonio-mazzeo\/\"},\"author\":{\"name\":\"Laura Tussi\",\"@id\":\"https:\/\/www.pressenza.com\/it\/#\/schema\/person\/4c966fac98e44f3bbd881d8e837f60da\"},\"headline\":\"Il MUOS raccontato da Antonio Mazzeo\",\"datePublished\":\"2012-07-18T22:00:00+00:00\",\"dateModified\":\"2013-02-15T08:46:59+00:00\",\"mainEntityOfPage\":{\"@id\":\"https:\/\/www.pressenza.com\/it\/2012\/07\/il-muos-raccontato-da-antonio-mazzeo\/\"},\"wordCount\":389,\"publisher\":{\"@id\":\"https:\/\/www.pressenza.com\/it\/#organization\"},\"keywords\":[\"Antonio Mazzeo\",\"Basi USA\",\"MUOS\",\"Niscemi\",\"No Muos\"],\"articleSection\":[\"Cultura e Media\",\"Europa\"],\"inLanguage\":\"it-IT\"},{\"@type\":\"WebPage\",\"@id\":\"https:\/\/www.pressenza.com\/it\/2012\/07\/il-muos-raccontato-da-antonio-mazzeo\/\",\"url\":\"https:\/\/www.pressenza.com\/it\/2012\/07\/il-muos-raccontato-da-antonio-mazzeo\/\",\"name\":\"Il MUOS raccontato da Antonio Mazzeo\",\"isPartOf\":{\"@id\":\"https:\/\/www.pressenza.com\/it\/#website\"},\"datePublished\":\"2012-07-18T22:00:00+00:00\",\"dateModified\":\"2013-02-15T08:46:59+00:00\",\"description\":\"Un Eco MUOStro a Niscemi. L\u2019arma perfetta per i conflitti del XXI secolo Libro di Antonio Mazzeo Recensione di Laura Tussi Pubblicazione a cura dell\u2019Associazione Culturale \u201cSicilia Punto L.\u201d, Ragusa 2012\",\"breadcrumb\":{\"@id\":\"https:\/\/www.pressenza.com\/it\/2012\/07\/il-muos-raccontato-da-antonio-mazzeo\/#breadcrumb\"},\"inLanguage\":\"it-IT\",\"potentialAction\":[{\"@type\":\"ReadAction\",\"target\":[\"https:\/\/www.pressenza.com\/it\/2012\/07\/il-muos-raccontato-da-antonio-mazzeo\/\"]}]},{\"@type\":\"BreadcrumbList\",\"@id\":\"https:\/\/www.pressenza.com\/it\/2012\/07\/il-muos-raccontato-da-antonio-mazzeo\/#breadcrumb\",\"itemListElement\":[{\"@type\":\"ListItem\",\"position\":1,\"name\":\"Accueil\",\"item\":\"https:\/\/www.pressenza.com\/it\/\"},{\"@type\":\"ListItem\",\"position\":2,\"name\":\"Il MUOS raccontato da Antonio Mazzeo\"}]},{\"@type\":\"WebSite\",\"@id\":\"https:\/\/www.pressenza.com\/it\/#website\",\"url\":\"https:\/\/www.pressenza.com\/it\/\",\"name\":\"Pressenza\",\"description\":\"Agenzia di Stampa Internazionale\",\"publisher\":{\"@id\":\"https:\/\/www.pressenza.com\/it\/#organization\"},\"potentialAction\":[{\"@type\":\"SearchAction\",\"target\":{\"@type\":\"EntryPoint\",\"urlTemplate\":\"https:\/\/www.pressenza.com\/it\/?s={search_term_string}\"},\"query-input\":{\"@type\":\"PropertyValueSpecification\",\"valueRequired\":true,\"valueName\":\"search_term_string\"}}],\"inLanguage\":\"it-IT\"},{\"@type\":\"Organization\",\"@id\":\"https:\/\/www.pressenza.com\/it\/#organization\",\"name\":\"Pressenza\",\"url\":\"https:\/\/www.pressenza.com\/it\/\",\"logo\":{\"@type\":\"ImageObject\",\"inLanguage\":\"it-IT\",\"@id\":\"https:\/\/www.pressenza.com\/it\/#\/schema\/logo\/image\/\",\"url\":\"https:\/\/www.pressenza.com\/wp-content\/uploads\/2022\/10\/pressenza_logo_200x200.jpg\",\"contentUrl\":\"https:\/\/www.pressenza.com\/wp-content\/uploads\/2022\/10\/pressenza_logo_200x200.jpg\",\"width\":200,\"height\":200,\"caption\":\"Pressenza\"},\"image\":{\"@id\":\"https:\/\/www.pressenza.com\/it\/#\/schema\/logo\/image\/\"},\"sameAs\":[\"https:\/\/www.facebook.com\/PressenzaItalia\",\"https:\/\/x.com\/PressenzaIPA\"]},{\"@type\":\"Person\",\"@id\":\"https:\/\/www.pressenza.com\/it\/#\/schema\/person\/4c966fac98e44f3bbd881d8e837f60da\",\"name\":\"Laura Tussi\",\"description\":\"Docente, giornalista e ricercatrice, si occupa di pedagogia nonviolenta e interculturale. Ha conseguito cinque lauree specialistiche in formazione degli adulti e consulenza pedagogica nell'ambito delle scienze della formazione e dell'educazione.\",\"url\":\"https:\/\/www.pressenza.com\/it\/author\/laura-tussi\/\"}]}<\/script>\n<!-- \/ Yoast SEO plugin. -->","yoast_head_json":{"title":"Il MUOS raccontato da Antonio Mazzeo","description":"Un Eco MUOStro a Niscemi.  L\u2019arma perfetta per i conflitti del XXI secolo  Libro di Antonio Mazzeo  Recensione di Laura Tussi                                                           Pubblicazione a cura dell\u2019Associazione Culturale \u201cSicilia Punto L.\u201d, Ragusa 2012","robots":{"index":"index","follow":"follow","max-snippet":"max-snippet:-1","max-image-preview":"max-image-preview:large","max-video-preview":"max-video-preview:-1"},"canonical":"https:\/\/www.pressenza.com\/it\/2012\/07\/il-muos-raccontato-da-antonio-mazzeo\/","og_locale":"it_IT","og_type":"article","og_title":"Il MUOS raccontato da Antonio Mazzeo","og_description":"Un Eco MUOStro a Niscemi.  L\u2019arma perfetta per i conflitti del XXI secolo  Libro di Antonio Mazzeo  Recensione di Laura Tussi                                                           Pubblicazione a cura dell\u2019Associazione Culturale \u201cSicilia Punto L.\u201d, Ragusa 2012","og_url":"https:\/\/www.pressenza.com\/it\/2012\/07\/il-muos-raccontato-da-antonio-mazzeo\/","og_site_name":"Pressenza","article_publisher":"https:\/\/www.facebook.com\/PressenzaItalia","article_published_time":"2012-07-18T22:00:00+00:00","article_modified_time":"2013-02-15T08:46:59+00:00","author":"Laura Tussi","twitter_card":"summary_large_image","twitter_creator":"@PressenzaIPA","twitter_site":"@PressenzaIPA","twitter_misc":{"Scritto da":"Laura Tussi","Tempo di lettura stimato":"2 minuti"},"schema":{"@context":"https:\/\/schema.org","@graph":[{"@type":"Article","@id":"https:\/\/www.pressenza.com\/it\/2012\/07\/il-muos-raccontato-da-antonio-mazzeo\/#article","isPartOf":{"@id":"https:\/\/www.pressenza.com\/it\/2012\/07\/il-muos-raccontato-da-antonio-mazzeo\/"},"author":{"name":"Laura Tussi","@id":"https:\/\/www.pressenza.com\/it\/#\/schema\/person\/4c966fac98e44f3bbd881d8e837f60da"},"headline":"Il MUOS raccontato da Antonio Mazzeo","datePublished":"2012-07-18T22:00:00+00:00","dateModified":"2013-02-15T08:46:59+00:00","mainEntityOfPage":{"@id":"https:\/\/www.pressenza.com\/it\/2012\/07\/il-muos-raccontato-da-antonio-mazzeo\/"},"wordCount":389,"publisher":{"@id":"https:\/\/www.pressenza.com\/it\/#organization"},"keywords":["Antonio Mazzeo","Basi USA","MUOS","Niscemi","No Muos"],"articleSection":["Cultura e Media","Europa"],"inLanguage":"it-IT"},{"@type":"WebPage","@id":"https:\/\/www.pressenza.com\/it\/2012\/07\/il-muos-raccontato-da-antonio-mazzeo\/","url":"https:\/\/www.pressenza.com\/it\/2012\/07\/il-muos-raccontato-da-antonio-mazzeo\/","name":"Il MUOS raccontato da Antonio Mazzeo","isPartOf":{"@id":"https:\/\/www.pressenza.com\/it\/#website"},"datePublished":"2012-07-18T22:00:00+00:00","dateModified":"2013-02-15T08:46:59+00:00","description":"Un Eco MUOStro a Niscemi. L\u2019arma perfetta per i conflitti del XXI secolo Libro di Antonio Mazzeo Recensione di Laura Tussi Pubblicazione a cura dell\u2019Associazione Culturale \u201cSicilia Punto L.\u201d, Ragusa 2012","breadcrumb":{"@id":"https:\/\/www.pressenza.com\/it\/2012\/07\/il-muos-raccontato-da-antonio-mazzeo\/#breadcrumb"},"inLanguage":"it-IT","potentialAction":[{"@type":"ReadAction","target":["https:\/\/www.pressenza.com\/it\/2012\/07\/il-muos-raccontato-da-antonio-mazzeo\/"]}]},{"@type":"BreadcrumbList","@id":"https:\/\/www.pressenza.com\/it\/2012\/07\/il-muos-raccontato-da-antonio-mazzeo\/#breadcrumb","itemListElement":[{"@type":"ListItem","position":1,"name":"Accueil","item":"https:\/\/www.pressenza.com\/it\/"},{"@type":"ListItem","position":2,"name":"Il MUOS raccontato da Antonio Mazzeo"}]},{"@type":"WebSite","@id":"https:\/\/www.pressenza.com\/it\/#website","url":"https:\/\/www.pressenza.com\/it\/","name":"Pressenza","description":"Agenzia di Stampa Internazionale","publisher":{"@id":"https:\/\/www.pressenza.com\/it\/#organization"},"potentialAction":[{"@type":"SearchAction","target":{"@type":"EntryPoint","urlTemplate":"https:\/\/www.pressenza.com\/it\/?s={search_term_string}"},"query-input":{"@type":"PropertyValueSpecification","valueRequired":true,"valueName":"search_term_string"}}],"inLanguage":"it-IT"},{"@type":"Organization","@id":"https:\/\/www.pressenza.com\/it\/#organization","name":"Pressenza","url":"https:\/\/www.pressenza.com\/it\/","logo":{"@type":"ImageObject","inLanguage":"it-IT","@id":"https:\/\/www.pressenza.com\/it\/#\/schema\/logo\/image\/","url":"https:\/\/www.pressenza.com\/wp-content\/uploads\/2022\/10\/pressenza_logo_200x200.jpg","contentUrl":"https:\/\/www.pressenza.com\/wp-content\/uploads\/2022\/10\/pressenza_logo_200x200.jpg","width":200,"height":200,"caption":"Pressenza"},"image":{"@id":"https:\/\/www.pressenza.com\/it\/#\/schema\/logo\/image\/"},"sameAs":["https:\/\/www.facebook.com\/PressenzaItalia","https:\/\/x.com\/PressenzaIPA"]},{"@type":"Person","@id":"https:\/\/www.pressenza.com\/it\/#\/schema\/person\/4c966fac98e44f3bbd881d8e837f60da","name":"Laura Tussi","description":"Docente, giornalista e ricercatrice, si occupa di pedagogia nonviolenta e interculturale. Ha conseguito cinque lauree specialistiche in formazione degli adulti e consulenza pedagogica nell'ambito delle scienze della formazione e dell'educazione.","url":"https:\/\/www.pressenza.com\/it\/author\/laura-tussi\/"}]}},"place":"Internet","original_article_url":"","_links":{"self":[{"href":"https:\/\/www.pressenza.com\/it\/wp-json\/wp\/v2\/posts\/9878","targetHints":{"allow":["GET"]}}],"collection":[{"href":"https:\/\/www.pressenza.com\/it\/wp-json\/wp\/v2\/posts"}],"about":[{"href":"https:\/\/www.pressenza.com\/it\/wp-json\/wp\/v2\/types\/post"}],"author":[{"embeddable":true,"href":"https:\/\/www.pressenza.com\/it\/wp-json\/wp\/v2\/users\/535"}],"replies":[{"embeddable":true,"href":"https:\/\/www.pressenza.com\/it\/wp-json\/wp\/v2\/comments?post=9878"}],"version-history":[{"count":0,"href":"https:\/\/www.pressenza.com\/it\/wp-json\/wp\/v2\/posts\/9878\/revisions"}],"wp:attachment":[{"href":"https:\/\/www.pressenza.com\/it\/wp-json\/wp\/v2\/media?parent=9878"}],"wp:term":[{"taxonomy":"category","embeddable":true,"href":"https:\/\/www.pressenza.com\/it\/wp-json\/wp\/v2\/categories?post=9878"},{"taxonomy":"post_tag","embeddable":true,"href":"https:\/\/www.pressenza.com\/it\/wp-json\/wp\/v2\/tags?post=9878"}],"curies":[{"name":"wp","href":"https:\/\/api.w.org\/{rel}","templated":true}]}}