{"id":986027,"date":"2019-12-01T18:33:13","date_gmt":"2019-12-01T18:33:13","guid":{"rendered":"https:\/\/www.pressenza.com\/?p=986027"},"modified":"2019-12-02T13:25:02","modified_gmt":"2019-12-02T13:25:02","slug":"sardine-a-milano-piazza-duomo-piena-nonostante-la-pioggia","status":"publish","type":"post","link":"https:\/\/www.pressenza.com\/it\/2019\/12\/sardine-a-milano-piazza-duomo-piena-nonostante-la-pioggia\/","title":{"rendered":"Sardine a Milano, piazza Duomo piena nonostante la pioggia"},"content":{"rendered":"<p>Inizialmente convocato nella piccolissima piazza Mercanti, viste le migliaia di adesioni arrivate nella pagina Facebook l\u2019appuntamento milanese delle Sardine \u00e8 stato spostato in piazza Duomo, che in effetti si \u00e8 riempita rapidamente.<\/p>\n<p>Moltissima gente di tutte le et\u00e0 gi\u00e0 in metropolitana e poi all\u2019entrata della piazza, pioggia battente, intrico di ombrelli e tanti che si rifugiano sotto i portici. Cori di Bella Ciao e Milano non si lega. Vari media parlano di un palco, di interventi di Roberto Saviano e di Mattia Santori, uno degli iniziatori del movimento a Bologna e di lettura degli articoli della Costituzione.\u00a0 Chi scrive e molti altri partecipanti, interpellati per verificare l&#8217;attendibilit\u00e0 della notizia, non hanno visto n\u00e9 sentito nulla del genere. Viene fuori poi che in effetti questi discorsi ci sono stati, ma pronunciati da un furgoncino con un&#8217;amplificazione cos\u00ec carente da non arrivare oltre alle prime file delle persone assiepate tutt&#8217;intorno, adatta a un ambiente piccolo come piazza Mercanti e non certo all&#8217;enormit\u00e0 di piazza Duomo.<\/p>\n<p><img loading=\"lazy\" decoding=\"async\" class=\"aligncenter wp-image-986038 size-full\" src=\"https:\/\/www.pressenza.com\/wp-content\/uploads\/2019\/12\/sardine-piazza-Duomo-ombrelli.jpg\" alt=\"\" width=\"2016\" height=\"1512\" srcset=\"https:\/\/www.pressenza.com\/wp-content\/uploads\/2019\/12\/sardine-piazza-Duomo-ombrelli.jpg 2016w, https:\/\/www.pressenza.com\/wp-content\/uploads\/2019\/12\/sardine-piazza-Duomo-ombrelli-300x225.jpg 300w, https:\/\/www.pressenza.com\/wp-content\/uploads\/2019\/12\/sardine-piazza-Duomo-ombrelli-768x576.jpg 768w, https:\/\/www.pressenza.com\/wp-content\/uploads\/2019\/12\/sardine-piazza-Duomo-ombrelli-720x540.jpg 720w\" sizes=\"auto, (max-width: 2016px) 100vw, 2016px\" \/><\/p>\n<p>Al di l\u00e0 delle carenze organizzative e dal desiderio (deluso) di messaggi concreti che andassero al di l\u00e0 di un generico antifascismo, l&#8217;\u2019impressione generale \u00e8 comunque di una salutare ribellione ai discorsi di odio e razzismo alimentati da Salvini e dalla Lega che evidentemente molti sentivano il bisogno di esprimere e che ha trovato uno sbocco nelle convocazioni delle Sardine. Come si evolver\u00e0 questo sentimento e con quali proposte concrete lo vedremo, si spera, nei prossimi appuntamenti.<\/p>\n<p>&nbsp;<\/p>\n","protected":false},"excerpt":{"rendered":"<p>Inizialmente convocato nella piccolissima piazza Mercanti, viste le migliaia di adesioni arrivate nella pagina Facebook l\u2019appuntamento milanese delle Sardine \u00e8 stato spostato in piazza Duomo, che in effetti si \u00e8 riempita rapidamente. Moltissima gente di tutte le et\u00e0 gi\u00e0 in&hellip;<\/p>\n","protected":false},"author":1722,"featured_media":986029,"comment_status":"closed","ping_status":"closed","sticky":false,"template":"","format":"standard","meta":{"footnotes":""},"categories":[11388,47,55],"tags":[6792,67722],"class_list":["post-986027","post","type-post","status-publish","format-standard","has-post-thumbnail","hentry","category-contenuti-originali","category-europa","category-politica","tag-anti-fascismo","tag-sardine-a-milano"],"yoast_head":"<!-- This site is optimized with the Yoast SEO plugin v27.1.1 - https:\/\/yoast.com\/product\/yoast-seo-wordpress\/ -->\n<title>Sardine a Milano, piazza Duomo piena nonostante la pioggia<\/title>\n<meta name=\"description\" content=\"Inizialmente convocato nella piccolissima piazza Mercanti, viste le migliaia di adesioni arrivate nella pagina Facebook l\u2019appuntamento milanese delle\" \/>\n<meta name=\"robots\" content=\"index, follow, max-snippet:-1, max-image-preview:large, max-video-preview:-1\" \/>\n<link rel=\"canonical\" href=\"https:\/\/www.pressenza.com\/it\/2019\/12\/sardine-a-milano-piazza-duomo-piena-nonostante-la-pioggia\/\" \/>\n<meta property=\"og:locale\" content=\"it_IT\" \/>\n<meta property=\"og:type\" content=\"article\" \/>\n<meta property=\"og:title\" content=\"Sardine a Milano, piazza Duomo piena nonostante la pioggia\" \/>\n<meta property=\"og:description\" content=\"Inizialmente convocato nella piccolissima piazza Mercanti, viste le migliaia di adesioni arrivate nella pagina Facebook l\u2019appuntamento milanese delle\" \/>\n<meta property=\"og:url\" content=\"https:\/\/www.pressenza.com\/it\/2019\/12\/sardine-a-milano-piazza-duomo-piena-nonostante-la-pioggia\/\" \/>\n<meta property=\"og:site_name\" content=\"Pressenza\" \/>\n<meta property=\"article:publisher\" content=\"https:\/\/www.facebook.com\/PressenzaItalia\" \/>\n<meta property=\"article:published_time\" content=\"2019-12-01T18:33:13+00:00\" \/>\n<meta property=\"article:modified_time\" content=\"2019-12-02T13:25:02+00:00\" \/>\n<meta property=\"og:image\" content=\"https:\/\/www.pressenza.com\/wp-content\/uploads\/2019\/12\/sardine-piazza-Duomo-1.12.jpg\" \/>\n\t<meta property=\"og:image:width\" content=\"1080\" \/>\n\t<meta property=\"og:image:height\" content=\"688\" \/>\n\t<meta property=\"og:image:type\" content=\"image\/jpeg\" \/>\n<meta name=\"author\" content=\"Redazione Milano\" \/>\n<meta name=\"twitter:card\" content=\"summary_large_image\" \/>\n<meta name=\"twitter:creator\" content=\"@PressenzaIPA\" \/>\n<meta name=\"twitter:site\" content=\"@PressenzaIPA\" \/>\n<meta name=\"twitter:label1\" content=\"Scritto da\" \/>\n\t<meta name=\"twitter:data1\" content=\"Redazione Milano\" \/>\n\t<meta name=\"twitter:label2\" content=\"Tempo di lettura stimato\" \/>\n\t<meta name=\"twitter:data2\" content=\"1 minuto\" \/>\n<script type=\"application\/ld+json\" class=\"yoast-schema-graph\">{\"@context\":\"https:\/\/schema.org\",\"@graph\":[{\"@type\":\"Article\",\"@id\":\"https:\/\/www.pressenza.com\/it\/2019\/12\/sardine-a-milano-piazza-duomo-piena-nonostante-la-pioggia\/#article\",\"isPartOf\":{\"@id\":\"https:\/\/www.pressenza.com\/it\/2019\/12\/sardine-a-milano-piazza-duomo-piena-nonostante-la-pioggia\/\"},\"author\":{\"name\":\"Redazione Milano\",\"@id\":\"https:\/\/www.pressenza.com\/it\/#\/schema\/person\/746fc8cdd6c8e3d918fb5714b3583e41\"},\"headline\":\"Sardine a Milano, piazza Duomo piena nonostante la pioggia\",\"datePublished\":\"2019-12-01T18:33:13+00:00\",\"dateModified\":\"2019-12-02T13:25:02+00:00\",\"mainEntityOfPage\":{\"@id\":\"https:\/\/www.pressenza.com\/it\/2019\/12\/sardine-a-milano-piazza-duomo-piena-nonostante-la-pioggia\/\"},\"wordCount\":254,\"publisher\":{\"@id\":\"https:\/\/www.pressenza.com\/it\/#organization\"},\"image\":{\"@id\":\"https:\/\/www.pressenza.com\/it\/2019\/12\/sardine-a-milano-piazza-duomo-piena-nonostante-la-pioggia\/#primaryimage\"},\"thumbnailUrl\":\"https:\/\/www.pressenza.com\/wp-content\/uploads\/2019\/12\/sardine-piazza-Duomo-1.12.jpg\",\"keywords\":[\"anti-fascismo\",\"Sardine a Milano\"],\"articleSection\":[\"contenuti originali\",\"Europa\",\"Politica\"],\"inLanguage\":\"it-IT\"},{\"@type\":\"WebPage\",\"@id\":\"https:\/\/www.pressenza.com\/it\/2019\/12\/sardine-a-milano-piazza-duomo-piena-nonostante-la-pioggia\/\",\"url\":\"https:\/\/www.pressenza.com\/it\/2019\/12\/sardine-a-milano-piazza-duomo-piena-nonostante-la-pioggia\/\",\"name\":\"Sardine a Milano, piazza Duomo piena nonostante la pioggia\",\"isPartOf\":{\"@id\":\"https:\/\/www.pressenza.com\/it\/#website\"},\"primaryImageOfPage\":{\"@id\":\"https:\/\/www.pressenza.com\/it\/2019\/12\/sardine-a-milano-piazza-duomo-piena-nonostante-la-pioggia\/#primaryimage\"},\"image\":{\"@id\":\"https:\/\/www.pressenza.com\/it\/2019\/12\/sardine-a-milano-piazza-duomo-piena-nonostante-la-pioggia\/#primaryimage\"},\"thumbnailUrl\":\"https:\/\/www.pressenza.com\/wp-content\/uploads\/2019\/12\/sardine-piazza-Duomo-1.12.jpg\",\"datePublished\":\"2019-12-01T18:33:13+00:00\",\"dateModified\":\"2019-12-02T13:25:02+00:00\",\"description\":\"Inizialmente convocato nella piccolissima piazza Mercanti, viste le migliaia di adesioni arrivate nella pagina Facebook l\u2019appuntamento milanese delle\",\"breadcrumb\":{\"@id\":\"https:\/\/www.pressenza.com\/it\/2019\/12\/sardine-a-milano-piazza-duomo-piena-nonostante-la-pioggia\/#breadcrumb\"},\"inLanguage\":\"it-IT\",\"potentialAction\":[{\"@type\":\"ReadAction\",\"target\":[\"https:\/\/www.pressenza.com\/it\/2019\/12\/sardine-a-milano-piazza-duomo-piena-nonostante-la-pioggia\/\"]}]},{\"@type\":\"ImageObject\",\"inLanguage\":\"it-IT\",\"@id\":\"https:\/\/www.pressenza.com\/it\/2019\/12\/sardine-a-milano-piazza-duomo-piena-nonostante-la-pioggia\/#primaryimage\",\"url\":\"https:\/\/www.pressenza.com\/wp-content\/uploads\/2019\/12\/sardine-piazza-Duomo-1.12.jpg\",\"contentUrl\":\"https:\/\/www.pressenza.com\/wp-content\/uploads\/2019\/12\/sardine-piazza-Duomo-1.12.jpg\",\"width\":1080,\"height\":688},{\"@type\":\"BreadcrumbList\",\"@id\":\"https:\/\/www.pressenza.com\/it\/2019\/12\/sardine-a-milano-piazza-duomo-piena-nonostante-la-pioggia\/#breadcrumb\",\"itemListElement\":[{\"@type\":\"ListItem\",\"position\":1,\"name\":\"Accueil\",\"item\":\"https:\/\/www.pressenza.com\/it\/\"},{\"@type\":\"ListItem\",\"position\":2,\"name\":\"Sardine a Milano, piazza Duomo piena nonostante la pioggia\"}]},{\"@type\":\"WebSite\",\"@id\":\"https:\/\/www.pressenza.com\/it\/#website\",\"url\":\"https:\/\/www.pressenza.com\/it\/\",\"name\":\"Pressenza\",\"description\":\"Agenzia di Stampa Internazionale\",\"publisher\":{\"@id\":\"https:\/\/www.pressenza.com\/it\/#organization\"},\"potentialAction\":[{\"@type\":\"SearchAction\",\"target\":{\"@type\":\"EntryPoint\",\"urlTemplate\":\"https:\/\/www.pressenza.com\/it\/?s={search_term_string}\"},\"query-input\":{\"@type\":\"PropertyValueSpecification\",\"valueRequired\":true,\"valueName\":\"search_term_string\"}}],\"inLanguage\":\"it-IT\"},{\"@type\":\"Organization\",\"@id\":\"https:\/\/www.pressenza.com\/it\/#organization\",\"name\":\"Pressenza\",\"url\":\"https:\/\/www.pressenza.com\/it\/\",\"logo\":{\"@type\":\"ImageObject\",\"inLanguage\":\"it-IT\",\"@id\":\"https:\/\/www.pressenza.com\/it\/#\/schema\/logo\/image\/\",\"url\":\"https:\/\/www.pressenza.com\/wp-content\/uploads\/2022\/10\/pressenza_logo_200x200.jpg\",\"contentUrl\":\"https:\/\/www.pressenza.com\/wp-content\/uploads\/2022\/10\/pressenza_logo_200x200.jpg\",\"width\":200,\"height\":200,\"caption\":\"Pressenza\"},\"image\":{\"@id\":\"https:\/\/www.pressenza.com\/it\/#\/schema\/logo\/image\/\"},\"sameAs\":[\"https:\/\/www.facebook.com\/PressenzaItalia\",\"https:\/\/x.com\/PressenzaIPA\"]},{\"@type\":\"Person\",\"@id\":\"https:\/\/www.pressenza.com\/it\/#\/schema\/person\/746fc8cdd6c8e3d918fb5714b3583e41\",\"name\":\"Redazione Milano\",\"description\":\"News from the Pressenza Bureau in Milan, Italy\",\"url\":\"https:\/\/www.pressenza.com\/it\/author\/redazione-milano\/\"}]}<\/script>\n<!-- \/ Yoast SEO plugin. -->","yoast_head_json":{"title":"Sardine a Milano, piazza Duomo piena nonostante la pioggia","description":"Inizialmente convocato nella piccolissima piazza Mercanti, viste le migliaia di adesioni arrivate nella pagina Facebook l\u2019appuntamento milanese delle","robots":{"index":"index","follow":"follow","max-snippet":"max-snippet:-1","max-image-preview":"max-image-preview:large","max-video-preview":"max-video-preview:-1"},"canonical":"https:\/\/www.pressenza.com\/it\/2019\/12\/sardine-a-milano-piazza-duomo-piena-nonostante-la-pioggia\/","og_locale":"it_IT","og_type":"article","og_title":"Sardine a Milano, piazza Duomo piena nonostante la pioggia","og_description":"Inizialmente convocato nella piccolissima piazza Mercanti, viste le migliaia di adesioni arrivate nella pagina Facebook l\u2019appuntamento milanese delle","og_url":"https:\/\/www.pressenza.com\/it\/2019\/12\/sardine-a-milano-piazza-duomo-piena-nonostante-la-pioggia\/","og_site_name":"Pressenza","article_publisher":"https:\/\/www.facebook.com\/PressenzaItalia","article_published_time":"2019-12-01T18:33:13+00:00","article_modified_time":"2019-12-02T13:25:02+00:00","og_image":[{"width":1080,"height":688,"url":"https:\/\/www.pressenza.com\/wp-content\/uploads\/2019\/12\/sardine-piazza-Duomo-1.12.jpg","type":"image\/jpeg"}],"author":"Redazione Milano","twitter_card":"summary_large_image","twitter_creator":"@PressenzaIPA","twitter_site":"@PressenzaIPA","twitter_misc":{"Scritto da":"Redazione Milano","Tempo di lettura stimato":"1 minuto"},"schema":{"@context":"https:\/\/schema.org","@graph":[{"@type":"Article","@id":"https:\/\/www.pressenza.com\/it\/2019\/12\/sardine-a-milano-piazza-duomo-piena-nonostante-la-pioggia\/#article","isPartOf":{"@id":"https:\/\/www.pressenza.com\/it\/2019\/12\/sardine-a-milano-piazza-duomo-piena-nonostante-la-pioggia\/"},"author":{"name":"Redazione Milano","@id":"https:\/\/www.pressenza.com\/it\/#\/schema\/person\/746fc8cdd6c8e3d918fb5714b3583e41"},"headline":"Sardine a Milano, piazza Duomo piena nonostante la pioggia","datePublished":"2019-12-01T18:33:13+00:00","dateModified":"2019-12-02T13:25:02+00:00","mainEntityOfPage":{"@id":"https:\/\/www.pressenza.com\/it\/2019\/12\/sardine-a-milano-piazza-duomo-piena-nonostante-la-pioggia\/"},"wordCount":254,"publisher":{"@id":"https:\/\/www.pressenza.com\/it\/#organization"},"image":{"@id":"https:\/\/www.pressenza.com\/it\/2019\/12\/sardine-a-milano-piazza-duomo-piena-nonostante-la-pioggia\/#primaryimage"},"thumbnailUrl":"https:\/\/www.pressenza.com\/wp-content\/uploads\/2019\/12\/sardine-piazza-Duomo-1.12.jpg","keywords":["anti-fascismo","Sardine a Milano"],"articleSection":["contenuti originali","Europa","Politica"],"inLanguage":"it-IT"},{"@type":"WebPage","@id":"https:\/\/www.pressenza.com\/it\/2019\/12\/sardine-a-milano-piazza-duomo-piena-nonostante-la-pioggia\/","url":"https:\/\/www.pressenza.com\/it\/2019\/12\/sardine-a-milano-piazza-duomo-piena-nonostante-la-pioggia\/","name":"Sardine a Milano, piazza Duomo piena nonostante la pioggia","isPartOf":{"@id":"https:\/\/www.pressenza.com\/it\/#website"},"primaryImageOfPage":{"@id":"https:\/\/www.pressenza.com\/it\/2019\/12\/sardine-a-milano-piazza-duomo-piena-nonostante-la-pioggia\/#primaryimage"},"image":{"@id":"https:\/\/www.pressenza.com\/it\/2019\/12\/sardine-a-milano-piazza-duomo-piena-nonostante-la-pioggia\/#primaryimage"},"thumbnailUrl":"https:\/\/www.pressenza.com\/wp-content\/uploads\/2019\/12\/sardine-piazza-Duomo-1.12.jpg","datePublished":"2019-12-01T18:33:13+00:00","dateModified":"2019-12-02T13:25:02+00:00","description":"Inizialmente convocato nella piccolissima piazza Mercanti, viste le migliaia di adesioni arrivate nella pagina Facebook l\u2019appuntamento milanese delle","breadcrumb":{"@id":"https:\/\/www.pressenza.com\/it\/2019\/12\/sardine-a-milano-piazza-duomo-piena-nonostante-la-pioggia\/#breadcrumb"},"inLanguage":"it-IT","potentialAction":[{"@type":"ReadAction","target":["https:\/\/www.pressenza.com\/it\/2019\/12\/sardine-a-milano-piazza-duomo-piena-nonostante-la-pioggia\/"]}]},{"@type":"ImageObject","inLanguage":"it-IT","@id":"https:\/\/www.pressenza.com\/it\/2019\/12\/sardine-a-milano-piazza-duomo-piena-nonostante-la-pioggia\/#primaryimage","url":"https:\/\/www.pressenza.com\/wp-content\/uploads\/2019\/12\/sardine-piazza-Duomo-1.12.jpg","contentUrl":"https:\/\/www.pressenza.com\/wp-content\/uploads\/2019\/12\/sardine-piazza-Duomo-1.12.jpg","width":1080,"height":688},{"@type":"BreadcrumbList","@id":"https:\/\/www.pressenza.com\/it\/2019\/12\/sardine-a-milano-piazza-duomo-piena-nonostante-la-pioggia\/#breadcrumb","itemListElement":[{"@type":"ListItem","position":1,"name":"Accueil","item":"https:\/\/www.pressenza.com\/it\/"},{"@type":"ListItem","position":2,"name":"Sardine a Milano, piazza Duomo piena nonostante la pioggia"}]},{"@type":"WebSite","@id":"https:\/\/www.pressenza.com\/it\/#website","url":"https:\/\/www.pressenza.com\/it\/","name":"Pressenza","description":"Agenzia di Stampa Internazionale","publisher":{"@id":"https:\/\/www.pressenza.com\/it\/#organization"},"potentialAction":[{"@type":"SearchAction","target":{"@type":"EntryPoint","urlTemplate":"https:\/\/www.pressenza.com\/it\/?s={search_term_string}"},"query-input":{"@type":"PropertyValueSpecification","valueRequired":true,"valueName":"search_term_string"}}],"inLanguage":"it-IT"},{"@type":"Organization","@id":"https:\/\/www.pressenza.com\/it\/#organization","name":"Pressenza","url":"https:\/\/www.pressenza.com\/it\/","logo":{"@type":"ImageObject","inLanguage":"it-IT","@id":"https:\/\/www.pressenza.com\/it\/#\/schema\/logo\/image\/","url":"https:\/\/www.pressenza.com\/wp-content\/uploads\/2022\/10\/pressenza_logo_200x200.jpg","contentUrl":"https:\/\/www.pressenza.com\/wp-content\/uploads\/2022\/10\/pressenza_logo_200x200.jpg","width":200,"height":200,"caption":"Pressenza"},"image":{"@id":"https:\/\/www.pressenza.com\/it\/#\/schema\/logo\/image\/"},"sameAs":["https:\/\/www.facebook.com\/PressenzaItalia","https:\/\/x.com\/PressenzaIPA"]},{"@type":"Person","@id":"https:\/\/www.pressenza.com\/it\/#\/schema\/person\/746fc8cdd6c8e3d918fb5714b3583e41","name":"Redazione Milano","description":"News from the Pressenza Bureau in Milan, Italy","url":"https:\/\/www.pressenza.com\/it\/author\/redazione-milano\/"}]}},"place":"","original_article_url":"","_links":{"self":[{"href":"https:\/\/www.pressenza.com\/it\/wp-json\/wp\/v2\/posts\/986027","targetHints":{"allow":["GET"]}}],"collection":[{"href":"https:\/\/www.pressenza.com\/it\/wp-json\/wp\/v2\/posts"}],"about":[{"href":"https:\/\/www.pressenza.com\/it\/wp-json\/wp\/v2\/types\/post"}],"author":[{"embeddable":true,"href":"https:\/\/www.pressenza.com\/it\/wp-json\/wp\/v2\/users\/1722"}],"replies":[{"embeddable":true,"href":"https:\/\/www.pressenza.com\/it\/wp-json\/wp\/v2\/comments?post=986027"}],"version-history":[{"count":0,"href":"https:\/\/www.pressenza.com\/it\/wp-json\/wp\/v2\/posts\/986027\/revisions"}],"wp:featuredmedia":[{"embeddable":true,"href":"https:\/\/www.pressenza.com\/it\/wp-json\/wp\/v2\/media\/986029"}],"wp:attachment":[{"href":"https:\/\/www.pressenza.com\/it\/wp-json\/wp\/v2\/media?parent=986027"}],"wp:term":[{"taxonomy":"category","embeddable":true,"href":"https:\/\/www.pressenza.com\/it\/wp-json\/wp\/v2\/categories?post=986027"},{"taxonomy":"post_tag","embeddable":true,"href":"https:\/\/www.pressenza.com\/it\/wp-json\/wp\/v2\/tags?post=986027"}],"curies":[{"name":"wp","href":"https:\/\/api.w.org\/{rel}","templated":true}]}}