{"id":982938,"date":"2019-11-27T21:47:58","date_gmt":"2019-11-27T21:47:58","guid":{"rendered":"https:\/\/www.pressenza.com\/?p=982938"},"modified":"2019-11-27T21:48:26","modified_gmt":"2019-11-27T21:48:26","slug":"non-fare-figli-fa-bene-al-pianeta-e-allambiente","status":"publish","type":"post","link":"https:\/\/www.pressenza.com\/it\/2019\/11\/non-fare-figli-fa-bene-al-pianeta-e-allambiente\/","title":{"rendered":"Non fare figli fa bene al pianeta e all\u2019ambiente?"},"content":{"rendered":"<p><em>Ma \u00e8 veramente la sovrapopolazione il &#8220;problema dei problemi&#8221;? Siamo veramente troppi? E se s\u00ec, chi sono questi &#8220;troppi&#8221;? Sempre gli altri? Vediamoci chiaro&#8230;<\/em><\/p>\n<p>Da tempo ci sono presunti esperti che individuano nella sovrappopolazione il problema dei problemi, siamo troppi dicono. E i troppi ovviamente sono sempre gli altri, noi siamo giusti.<\/p>\n<p>I troppi sono quelli che fanno tanti figli e guarda caso sono quelle popolazioni che razzisti e affini usano per creare ad arte la paura dell\u2019invasione. Le stesse popolazioni per cui fare figli \u00e8 l\u2019unica speranza di avere qualche possibilit\u00e0 di sopravvivenza, visto che gli abbiamo levato tutto, le abbiamo sfruttate in ogni modo e poi abbiamo pure il coraggio di accusarle di essere il problema. Questa <strong>traballante e fragile teoria della sovrappopolazione<\/strong> non tiene conto di alcuni fattori oggettivi.<\/p>\n<p>Innanzitutto non siamo troppi in genere, ma <strong>sono troppi quelli che consumano troppo<\/strong>. Un americano medio produce 730 chili di rifiuti l&#8217;anno, mangia cento chili di carne, consuma 600 litri di acqua al giorno e brucia energia quanto 160 tanzaniani e 1.100 ruandesi. Quindi chi \u00e8 di troppo? L\u2019africano o lo statunitense? Risposta assai semplice.<\/p>\n<p><strong>Se c\u2019\u00e8 chi ha tutto e consuma in maniera spropositata inquinando, utilizzando risorse a non finire, sprecando e c\u2019\u00e8 chi non fa praticamente \u00a0nulla di tutto ci\u00f2 ma fa tanti figli, chi \u00e8 il problema vero?<\/strong> Anche questa risposta assai semplice ma forse troppo semplice per gli \u201cesperti\u201d che magari nemmeno la capiscono o non la vogliono capire.<\/p>\n<p>Del resto la saggezza di Gandhi \u00e8 sempre attuale: \u201cLa terra ha abbastanza per soddisfare i bisogni di ogni persona ma non l\u2019avidit\u00e0 di ogni persona\u201d.<\/p>\n<p>Altra teoria \u00e8 quella che non c\u2019\u00e8 abbastanza per sfamare la popolazione che cresce. Certamente \u00e8 cos\u00ec ma, se in maniera disastrosa dal punto di vista energetico alimentare, si d\u00e0 cibo agli animali per poi mangiare gli animali \u00e8 ovvio che non ce ne \u00e8 per tutti, lo capirebbe chiunque. Se invece si desse direttamente quel cibo alle persone, non solo si sfamerebbe tranquillamente tutto il pianeta ma avanzerebbe pure per altri.<\/p>\n<p>Chi parla di sovrappopolazione probabilmente non conosce o non ha mai studiato nulla circa lo spreco di cibo che ha proporzioni gigantesche, autentico crimine contro l\u2019umanit\u00e0.<\/p>\n<p>Inoltre con le moderne tecnologie agricole che usano massicciamente la chimica, di sicuro la fame e l\u2019inquinamento sono destinati ad aumentare, non essendo una agricoltura pensata per sfamare la popolazione ma solo per ottenere profitto. Con tecnologie appropriate, sistemi agricoli biologici, attraverso la permacultura e varie altre metodologie simili di coltivazione e gestione del territorio, si ha maggiore produzione e minore inquinamento rispetto all\u2019agricoltura \u201cmoderna\u201d.<\/p>\n<p>Come poi provato da tutte le popolazioni occidentali, nel momento in cui vengono migliorate le condizioni di vita, automaticamente si riduce il numero dei figli che si fanno perch\u00e9 non sono pi\u00f9 la sola speranza di sopravvivenza. Addirittura <strong>in Italia siamo a crescita zero<\/strong>. Quindi se si pensa che il problema sia la sovrappopolazione, basterebbe ridurre drasticamente il consumo di carne, gli sprechi alimentari, diffondere l\u2019agricoltura biologica, le tecnologie appropriate e impegnarsi affinch\u00e9 tutti nel mondo, nessuno escluso, abbiano condizioni di vita degne di questo nome. E questo lo si fa anche redistribuendo la ricchezza e diminuendo le disuguaglianze che sono un vero cancro. \u00a0Ultimamente poi tra i sostenitori della teoria della sovrappopolazione, prendendo spunto dai cambiamenti climatici, c\u2019\u00e8 pure chi si spinge a dire che per non pesare troppo sull\u2019ambiente non bisogna fare figli o bisogna comunque limitarsi a uno, o affermazioni del genere.<\/p>\n<p>In questo modo oltre che dire una banalit\u00e0 che non trova riscontri oggettivi, si colpevolizza neanche troppo velatamente chi vorrebbe fare figli come attentatore all\u2019ambiente e al clima. Anche in questo caso il problema non \u00e8 affatto fare figli o meno, bens\u00ec quanto consumisti saranno questi figli ma soprattutto i loro genitori. Colpevolizzare non ha alcun senso, anzi si mette in discussione un diritto e scelta assolutamente libera e naturale come quella di fare figli che sono un elemento di speranza e di vita, non un peso o una preoccupazione per le sorti del pianeta. Ci manca solo che ora, per salvare la natura, si facciano cose contronatura.<\/p>\n<p><strong>L\u2019ambiente e il pianeta non sono minacciati dai figli ma dal consumismo e da un sistema suicida messo in piedi da adulti avidi e senza scrupoli,<\/strong> anzi i giovani ultimamente sono quelli che hanno le idee pi\u00f9 chiare su come salvare il pianeta. Quindi ben vengano figli e genitori consapevoli e che allevino i loro figli ad essere ecologicamente leggeri, perch\u00e9 ci manca pure che in un momento cruciale come questo che stiamo vivendo, si rinunci alla vita e alla speranza. Chi vuole fare figli li faccia, chi li ha fatti e vive con attenzione e consapevolezza, non si senta in colpa, non sono certo loro i responsabili della situazione attuale.<\/p>\n","protected":false},"excerpt":{"rendered":"<p>Ma \u00e8 veramente la sovrapopolazione il &#8220;problema dei problemi&#8221;? Siamo veramente troppi? E se s\u00ec, chi sono questi &#8220;troppi&#8221;? Sempre gli altri? Vediamoci chiaro&#8230; Da tempo ci sono presunti esperti che individuano nella sovrappopolazione il problema dei problemi, siamo troppi&hellip;<\/p>\n","protected":false},"author":665,"featured_media":982949,"comment_status":"closed","ping_status":"closed","sticky":false,"template":"","format":"standard","meta":{"footnotes":""},"categories":[59,47,162],"tags":[917,67577],"class_list":["post-982938","post","type-post","status-publish","format-standard","has-post-thumbnail","hentry","category-ambiente-ecologia","category-europa","category-opinioni","tag-consumismo","tag-sovrappopolazione"],"yoast_head":"<!-- This site is optimized with the Yoast SEO plugin v27.1.1 - https:\/\/yoast.com\/product\/yoast-seo-wordpress\/ -->\n<title>Non fare figli fa bene al pianeta e all\u2019ambiente?<\/title>\n<meta name=\"description\" content=\"Da tempo ci sono presunti esperti che individuano nella sovrappopolazione il problema dei problemi, siamo troppi dicono. E i troppi ovviamente sono sempre gli altri, noi siamo giusti. Questa traballante e fragile teoria della sovrappopolazione non tiene conto di alcuni fattori oggettivi. Innanzitutto non siamo troppi in genere, ma sono troppi quelli che consumano troppo\" \/>\n<meta name=\"robots\" content=\"index, follow, max-snippet:-1, max-image-preview:large, max-video-preview:-1\" \/>\n<link rel=\"canonical\" href=\"https:\/\/www.pressenza.com\/it\/2019\/11\/non-fare-figli-fa-bene-al-pianeta-e-allambiente\/\" \/>\n<meta property=\"og:locale\" content=\"it_IT\" \/>\n<meta property=\"og:type\" content=\"article\" \/>\n<meta property=\"og:title\" content=\"Non fare figli fa bene al pianeta e all\u2019ambiente?\" \/>\n<meta property=\"og:description\" content=\"Da tempo ci sono presunti esperti che individuano nella sovrappopolazione il problema dei problemi, siamo troppi dicono. E i troppi ovviamente sono sempre gli altri, noi siamo giusti. Questa traballante e fragile teoria della sovrappopolazione non tiene conto di alcuni fattori oggettivi. Innanzitutto non siamo troppi in genere, ma sono troppi quelli che consumano troppo\" \/>\n<meta property=\"og:url\" content=\"https:\/\/www.pressenza.com\/it\/2019\/11\/non-fare-figli-fa-bene-al-pianeta-e-allambiente\/\" \/>\n<meta property=\"og:site_name\" content=\"Pressenza\" \/>\n<meta property=\"article:publisher\" content=\"https:\/\/www.facebook.com\/PressenzaItalia\" \/>\n<meta property=\"article:author\" content=\"https:\/\/www.facebook.com\/ilcambiamento.it\" \/>\n<meta property=\"article:published_time\" content=\"2019-11-27T21:47:58+00:00\" \/>\n<meta property=\"article:modified_time\" content=\"2019-11-27T21:48:26+00:00\" \/>\n<meta property=\"og:image\" content=\"https:\/\/www.pressenza.com\/wp-content\/uploads\/2019\/11\/Sovrappopolazione.jpg\" \/>\n\t<meta property=\"og:image:width\" content=\"792\" \/>\n\t<meta property=\"og:image:height\" content=\"438\" \/>\n\t<meta property=\"og:image:type\" content=\"image\/jpeg\" \/>\n<meta name=\"author\" content=\"Il Cambiamento\" \/>\n<meta name=\"twitter:card\" content=\"summary_large_image\" \/>\n<meta name=\"twitter:creator\" content=\"@Il_Cambiamento\" \/>\n<meta name=\"twitter:site\" content=\"@PressenzaIPA\" \/>\n<meta name=\"twitter:label1\" content=\"Scritto da\" \/>\n\t<meta name=\"twitter:data1\" content=\"Il Cambiamento\" \/>\n\t<meta name=\"twitter:label2\" content=\"Tempo di lettura stimato\" \/>\n\t<meta name=\"twitter:data2\" content=\"4 minuti\" \/>\n<script type=\"application\/ld+json\" class=\"yoast-schema-graph\">{\"@context\":\"https:\/\/schema.org\",\"@graph\":[{\"@type\":\"Article\",\"@id\":\"https:\/\/www.pressenza.com\/it\/2019\/11\/non-fare-figli-fa-bene-al-pianeta-e-allambiente\/#article\",\"isPartOf\":{\"@id\":\"https:\/\/www.pressenza.com\/it\/2019\/11\/non-fare-figli-fa-bene-al-pianeta-e-allambiente\/\"},\"author\":{\"name\":\"Il Cambiamento\",\"@id\":\"https:\/\/www.pressenza.com\/it\/#\/schema\/person\/39392bb9ae1201c4b749453969a04008\"},\"headline\":\"Non fare figli fa bene al pianeta e all\u2019ambiente?\",\"datePublished\":\"2019-11-27T21:47:58+00:00\",\"dateModified\":\"2019-11-27T21:48:26+00:00\",\"mainEntityOfPage\":{\"@id\":\"https:\/\/www.pressenza.com\/it\/2019\/11\/non-fare-figli-fa-bene-al-pianeta-e-allambiente\/\"},\"wordCount\":806,\"publisher\":{\"@id\":\"https:\/\/www.pressenza.com\/it\/#organization\"},\"image\":{\"@id\":\"https:\/\/www.pressenza.com\/it\/2019\/11\/non-fare-figli-fa-bene-al-pianeta-e-allambiente\/#primaryimage\"},\"thumbnailUrl\":\"https:\/\/www.pressenza.com\/wp-content\/uploads\/2019\/11\/Sovrappopolazione.jpg\",\"keywords\":[\"consumismo\",\"Sovrappopolazione\"],\"articleSection\":[\"Ecologia ed Ambiente\",\"Europa\",\"Opinioni\"],\"inLanguage\":\"it-IT\"},{\"@type\":\"WebPage\",\"@id\":\"https:\/\/www.pressenza.com\/it\/2019\/11\/non-fare-figli-fa-bene-al-pianeta-e-allambiente\/\",\"url\":\"https:\/\/www.pressenza.com\/it\/2019\/11\/non-fare-figli-fa-bene-al-pianeta-e-allambiente\/\",\"name\":\"Non fare figli fa bene al pianeta e all\u2019ambiente?\",\"isPartOf\":{\"@id\":\"https:\/\/www.pressenza.com\/it\/#website\"},\"primaryImageOfPage\":{\"@id\":\"https:\/\/www.pressenza.com\/it\/2019\/11\/non-fare-figli-fa-bene-al-pianeta-e-allambiente\/#primaryimage\"},\"image\":{\"@id\":\"https:\/\/www.pressenza.com\/it\/2019\/11\/non-fare-figli-fa-bene-al-pianeta-e-allambiente\/#primaryimage\"},\"thumbnailUrl\":\"https:\/\/www.pressenza.com\/wp-content\/uploads\/2019\/11\/Sovrappopolazione.jpg\",\"datePublished\":\"2019-11-27T21:47:58+00:00\",\"dateModified\":\"2019-11-27T21:48:26+00:00\",\"description\":\"Da tempo ci sono presunti esperti che individuano nella sovrappopolazione il problema dei problemi, siamo troppi dicono. E i troppi ovviamente sono sempre gli altri, noi siamo giusti. Questa traballante e fragile teoria della sovrappopolazione non tiene conto di alcuni fattori oggettivi. Innanzitutto non siamo troppi in genere, ma sono troppi quelli che consumano troppo\",\"breadcrumb\":{\"@id\":\"https:\/\/www.pressenza.com\/it\/2019\/11\/non-fare-figli-fa-bene-al-pianeta-e-allambiente\/#breadcrumb\"},\"inLanguage\":\"it-IT\",\"potentialAction\":[{\"@type\":\"ReadAction\",\"target\":[\"https:\/\/www.pressenza.com\/it\/2019\/11\/non-fare-figli-fa-bene-al-pianeta-e-allambiente\/\"]}]},{\"@type\":\"ImageObject\",\"inLanguage\":\"it-IT\",\"@id\":\"https:\/\/www.pressenza.com\/it\/2019\/11\/non-fare-figli-fa-bene-al-pianeta-e-allambiente\/#primaryimage\",\"url\":\"https:\/\/www.pressenza.com\/wp-content\/uploads\/2019\/11\/Sovrappopolazione.jpg\",\"contentUrl\":\"https:\/\/www.pressenza.com\/wp-content\/uploads\/2019\/11\/Sovrappopolazione.jpg\",\"width\":792,\"height\":438},{\"@type\":\"BreadcrumbList\",\"@id\":\"https:\/\/www.pressenza.com\/it\/2019\/11\/non-fare-figli-fa-bene-al-pianeta-e-allambiente\/#breadcrumb\",\"itemListElement\":[{\"@type\":\"ListItem\",\"position\":1,\"name\":\"Accueil\",\"item\":\"https:\/\/www.pressenza.com\/it\/\"},{\"@type\":\"ListItem\",\"position\":2,\"name\":\"Non fare figli fa bene al pianeta e all\u2019ambiente?\"}]},{\"@type\":\"WebSite\",\"@id\":\"https:\/\/www.pressenza.com\/it\/#website\",\"url\":\"https:\/\/www.pressenza.com\/it\/\",\"name\":\"Pressenza\",\"description\":\"Agenzia di Stampa Internazionale\",\"publisher\":{\"@id\":\"https:\/\/www.pressenza.com\/it\/#organization\"},\"potentialAction\":[{\"@type\":\"SearchAction\",\"target\":{\"@type\":\"EntryPoint\",\"urlTemplate\":\"https:\/\/www.pressenza.com\/it\/?s={search_term_string}\"},\"query-input\":{\"@type\":\"PropertyValueSpecification\",\"valueRequired\":true,\"valueName\":\"search_term_string\"}}],\"inLanguage\":\"it-IT\"},{\"@type\":\"Organization\",\"@id\":\"https:\/\/www.pressenza.com\/it\/#organization\",\"name\":\"Pressenza\",\"url\":\"https:\/\/www.pressenza.com\/it\/\",\"logo\":{\"@type\":\"ImageObject\",\"inLanguage\":\"it-IT\",\"@id\":\"https:\/\/www.pressenza.com\/it\/#\/schema\/logo\/image\/\",\"url\":\"https:\/\/www.pressenza.com\/wp-content\/uploads\/2022\/10\/pressenza_logo_200x200.jpg\",\"contentUrl\":\"https:\/\/www.pressenza.com\/wp-content\/uploads\/2022\/10\/pressenza_logo_200x200.jpg\",\"width\":200,\"height\":200,\"caption\":\"Pressenza\"},\"image\":{\"@id\":\"https:\/\/www.pressenza.com\/it\/#\/schema\/logo\/image\/\"},\"sameAs\":[\"https:\/\/www.facebook.com\/PressenzaItalia\",\"https:\/\/x.com\/PressenzaIPA\"]},{\"@type\":\"Person\",\"@id\":\"https:\/\/www.pressenza.com\/it\/#\/schema\/person\/39392bb9ae1201c4b749453969a04008\",\"name\":\"Il Cambiamento\",\"description\":\"www.ilcambiamento.it\",\"sameAs\":[\"https:\/\/www.facebook.com\/ilcambiamento.it\",\"https:\/\/x.com\/Il_Cambiamento\"],\"url\":\"https:\/\/www.pressenza.com\/it\/author\/il-cambiamento\/\"}]}<\/script>\n<!-- \/ Yoast SEO plugin. -->","yoast_head_json":{"title":"Non fare figli fa bene al pianeta e all\u2019ambiente?","description":"Da tempo ci sono presunti esperti che individuano nella sovrappopolazione il problema dei problemi, siamo troppi dicono. E i troppi ovviamente sono sempre gli altri, noi siamo giusti. Questa traballante e fragile teoria della sovrappopolazione non tiene conto di alcuni fattori oggettivi. Innanzitutto non siamo troppi in genere, ma sono troppi quelli che consumano troppo","robots":{"index":"index","follow":"follow","max-snippet":"max-snippet:-1","max-image-preview":"max-image-preview:large","max-video-preview":"max-video-preview:-1"},"canonical":"https:\/\/www.pressenza.com\/it\/2019\/11\/non-fare-figli-fa-bene-al-pianeta-e-allambiente\/","og_locale":"it_IT","og_type":"article","og_title":"Non fare figli fa bene al pianeta e all\u2019ambiente?","og_description":"Da tempo ci sono presunti esperti che individuano nella sovrappopolazione il problema dei problemi, siamo troppi dicono. E i troppi ovviamente sono sempre gli altri, noi siamo giusti. Questa traballante e fragile teoria della sovrappopolazione non tiene conto di alcuni fattori oggettivi. Innanzitutto non siamo troppi in genere, ma sono troppi quelli che consumano troppo","og_url":"https:\/\/www.pressenza.com\/it\/2019\/11\/non-fare-figli-fa-bene-al-pianeta-e-allambiente\/","og_site_name":"Pressenza","article_publisher":"https:\/\/www.facebook.com\/PressenzaItalia","article_author":"https:\/\/www.facebook.com\/ilcambiamento.it","article_published_time":"2019-11-27T21:47:58+00:00","article_modified_time":"2019-11-27T21:48:26+00:00","og_image":[{"width":792,"height":438,"url":"https:\/\/www.pressenza.com\/wp-content\/uploads\/2019\/11\/Sovrappopolazione.jpg","type":"image\/jpeg"}],"author":"Il Cambiamento","twitter_card":"summary_large_image","twitter_creator":"@Il_Cambiamento","twitter_site":"@PressenzaIPA","twitter_misc":{"Scritto da":"Il Cambiamento","Tempo di lettura stimato":"4 minuti"},"schema":{"@context":"https:\/\/schema.org","@graph":[{"@type":"Article","@id":"https:\/\/www.pressenza.com\/it\/2019\/11\/non-fare-figli-fa-bene-al-pianeta-e-allambiente\/#article","isPartOf":{"@id":"https:\/\/www.pressenza.com\/it\/2019\/11\/non-fare-figli-fa-bene-al-pianeta-e-allambiente\/"},"author":{"name":"Il Cambiamento","@id":"https:\/\/www.pressenza.com\/it\/#\/schema\/person\/39392bb9ae1201c4b749453969a04008"},"headline":"Non fare figli fa bene al pianeta e all\u2019ambiente?","datePublished":"2019-11-27T21:47:58+00:00","dateModified":"2019-11-27T21:48:26+00:00","mainEntityOfPage":{"@id":"https:\/\/www.pressenza.com\/it\/2019\/11\/non-fare-figli-fa-bene-al-pianeta-e-allambiente\/"},"wordCount":806,"publisher":{"@id":"https:\/\/www.pressenza.com\/it\/#organization"},"image":{"@id":"https:\/\/www.pressenza.com\/it\/2019\/11\/non-fare-figli-fa-bene-al-pianeta-e-allambiente\/#primaryimage"},"thumbnailUrl":"https:\/\/www.pressenza.com\/wp-content\/uploads\/2019\/11\/Sovrappopolazione.jpg","keywords":["consumismo","Sovrappopolazione"],"articleSection":["Ecologia ed Ambiente","Europa","Opinioni"],"inLanguage":"it-IT"},{"@type":"WebPage","@id":"https:\/\/www.pressenza.com\/it\/2019\/11\/non-fare-figli-fa-bene-al-pianeta-e-allambiente\/","url":"https:\/\/www.pressenza.com\/it\/2019\/11\/non-fare-figli-fa-bene-al-pianeta-e-allambiente\/","name":"Non fare figli fa bene al pianeta e all\u2019ambiente?","isPartOf":{"@id":"https:\/\/www.pressenza.com\/it\/#website"},"primaryImageOfPage":{"@id":"https:\/\/www.pressenza.com\/it\/2019\/11\/non-fare-figli-fa-bene-al-pianeta-e-allambiente\/#primaryimage"},"image":{"@id":"https:\/\/www.pressenza.com\/it\/2019\/11\/non-fare-figli-fa-bene-al-pianeta-e-allambiente\/#primaryimage"},"thumbnailUrl":"https:\/\/www.pressenza.com\/wp-content\/uploads\/2019\/11\/Sovrappopolazione.jpg","datePublished":"2019-11-27T21:47:58+00:00","dateModified":"2019-11-27T21:48:26+00:00","description":"Da tempo ci sono presunti esperti che individuano nella sovrappopolazione il problema dei problemi, siamo troppi dicono. E i troppi ovviamente sono sempre gli altri, noi siamo giusti. Questa traballante e fragile teoria della sovrappopolazione non tiene conto di alcuni fattori oggettivi. Innanzitutto non siamo troppi in genere, ma sono troppi quelli che consumano troppo","breadcrumb":{"@id":"https:\/\/www.pressenza.com\/it\/2019\/11\/non-fare-figli-fa-bene-al-pianeta-e-allambiente\/#breadcrumb"},"inLanguage":"it-IT","potentialAction":[{"@type":"ReadAction","target":["https:\/\/www.pressenza.com\/it\/2019\/11\/non-fare-figli-fa-bene-al-pianeta-e-allambiente\/"]}]},{"@type":"ImageObject","inLanguage":"it-IT","@id":"https:\/\/www.pressenza.com\/it\/2019\/11\/non-fare-figli-fa-bene-al-pianeta-e-allambiente\/#primaryimage","url":"https:\/\/www.pressenza.com\/wp-content\/uploads\/2019\/11\/Sovrappopolazione.jpg","contentUrl":"https:\/\/www.pressenza.com\/wp-content\/uploads\/2019\/11\/Sovrappopolazione.jpg","width":792,"height":438},{"@type":"BreadcrumbList","@id":"https:\/\/www.pressenza.com\/it\/2019\/11\/non-fare-figli-fa-bene-al-pianeta-e-allambiente\/#breadcrumb","itemListElement":[{"@type":"ListItem","position":1,"name":"Accueil","item":"https:\/\/www.pressenza.com\/it\/"},{"@type":"ListItem","position":2,"name":"Non fare figli fa bene al pianeta e all\u2019ambiente?"}]},{"@type":"WebSite","@id":"https:\/\/www.pressenza.com\/it\/#website","url":"https:\/\/www.pressenza.com\/it\/","name":"Pressenza","description":"Agenzia di Stampa Internazionale","publisher":{"@id":"https:\/\/www.pressenza.com\/it\/#organization"},"potentialAction":[{"@type":"SearchAction","target":{"@type":"EntryPoint","urlTemplate":"https:\/\/www.pressenza.com\/it\/?s={search_term_string}"},"query-input":{"@type":"PropertyValueSpecification","valueRequired":true,"valueName":"search_term_string"}}],"inLanguage":"it-IT"},{"@type":"Organization","@id":"https:\/\/www.pressenza.com\/it\/#organization","name":"Pressenza","url":"https:\/\/www.pressenza.com\/it\/","logo":{"@type":"ImageObject","inLanguage":"it-IT","@id":"https:\/\/www.pressenza.com\/it\/#\/schema\/logo\/image\/","url":"https:\/\/www.pressenza.com\/wp-content\/uploads\/2022\/10\/pressenza_logo_200x200.jpg","contentUrl":"https:\/\/www.pressenza.com\/wp-content\/uploads\/2022\/10\/pressenza_logo_200x200.jpg","width":200,"height":200,"caption":"Pressenza"},"image":{"@id":"https:\/\/www.pressenza.com\/it\/#\/schema\/logo\/image\/"},"sameAs":["https:\/\/www.facebook.com\/PressenzaItalia","https:\/\/x.com\/PressenzaIPA"]},{"@type":"Person","@id":"https:\/\/www.pressenza.com\/it\/#\/schema\/person\/39392bb9ae1201c4b749453969a04008","name":"Il Cambiamento","description":"www.ilcambiamento.it","sameAs":["https:\/\/www.facebook.com\/ilcambiamento.it","https:\/\/x.com\/Il_Cambiamento"],"url":"https:\/\/www.pressenza.com\/it\/author\/il-cambiamento\/"}]}},"place":"","original_article_url":"http:\/\/www.ilcambiamento.it\/articoli\/non-fare-figli-fa-bene-al-pianeta-e-all-ambiente?idn=62&idx=28566&idlink=5","_links":{"self":[{"href":"https:\/\/www.pressenza.com\/it\/wp-json\/wp\/v2\/posts\/982938","targetHints":{"allow":["GET"]}}],"collection":[{"href":"https:\/\/www.pressenza.com\/it\/wp-json\/wp\/v2\/posts"}],"about":[{"href":"https:\/\/www.pressenza.com\/it\/wp-json\/wp\/v2\/types\/post"}],"author":[{"embeddable":true,"href":"https:\/\/www.pressenza.com\/it\/wp-json\/wp\/v2\/users\/665"}],"replies":[{"embeddable":true,"href":"https:\/\/www.pressenza.com\/it\/wp-json\/wp\/v2\/comments?post=982938"}],"version-history":[{"count":0,"href":"https:\/\/www.pressenza.com\/it\/wp-json\/wp\/v2\/posts\/982938\/revisions"}],"wp:featuredmedia":[{"embeddable":true,"href":"https:\/\/www.pressenza.com\/it\/wp-json\/wp\/v2\/media\/982949"}],"wp:attachment":[{"href":"https:\/\/www.pressenza.com\/it\/wp-json\/wp\/v2\/media?parent=982938"}],"wp:term":[{"taxonomy":"category","embeddable":true,"href":"https:\/\/www.pressenza.com\/it\/wp-json\/wp\/v2\/categories?post=982938"},{"taxonomy":"post_tag","embeddable":true,"href":"https:\/\/www.pressenza.com\/it\/wp-json\/wp\/v2\/tags?post=982938"}],"curies":[{"name":"wp","href":"https:\/\/api.w.org\/{rel}","templated":true}]}}