{"id":982731,"date":"2019-11-27T20:34:30","date_gmt":"2019-11-27T20:34:30","guid":{"rendered":"https:\/\/www.pressenza.com\/?p=982731"},"modified":"2019-11-27T20:36:41","modified_gmt":"2019-11-27T20:36:41","slug":"solidarieta-al-movimento-ambientalista-brasiliano-e-alla-ong-sotto-attacco-da-parte-del-governo","status":"publish","type":"post","link":"https:\/\/www.pressenza.com\/it\/2019\/11\/solidarieta-al-movimento-ambientalista-brasiliano-e-alla-ong-sotto-attacco-da-parte-del-governo\/","title":{"rendered":"Solidariet\u00e0 al movimento ambientalista brasiliano e alla ONG sotto attacco da parte del governo"},"content":{"rendered":"<p><a href=\"https:\/\/www1.folha.uol.com.br\/ambiente\/2019\/11\/policia-prende-brigadistas-de-alter-do-chao-e-apreende-documentos-de-ong.shtml\">Ieri a Santarem<\/a> , stato del Par\u00e0, Amazzonia brasiliana 4 giovani ambientalisti e volontari di una Brigada antincendio sono stati arrestati e imprigionati con l\u2019accusa di aver dato fuoco alla foresta in un\u2019area denominata Alter do Chao allo scopo di ricevere donazioni. La ONG Saude e Alegria \u00e8 stata definita dall\u2019accusa la centrale di smistamento delle donazioni.<br \/>\nLe prove portate dall\u2019accusa sono dei video fatti dagli stessi arrestati che hanno ripreso l\u2019incendio mentre tentavano di spegnerlo: accuse inesistenti che si commentano da sole.<br \/>\nAltre prove dell\u2019accusa sono date dalle donazioni che il WWF Brasil ha fatto ai volontari attraverso un contratto di 70.000 real (16.000 euro). L\u2019accusa ha messo tra le prove la donazione dell\u2019attore americano Leonardo di Caprio di 500 mila dollari sempre al WWF .<br \/>\nLa ONG Saude e Alegria \u00e8 stata perquisita da uomini armati con i mitra perch\u00e9 sospettata di organizzare la raccolta donazioni dopo l\u2019incendio di Alter Do Chao e girarle ai volontari antincendio.<\/p>\n<h4>Chi \u00e8 la Ong Saude e Alegria<\/h4>\n<p>Saude e Alegria \u00e8 una Ong fondata nel 1987 che opera in una parte dell\u2019Amazzonia dove \u00e8 pi\u00f9 forte il conflitto sociale e ambientale legato alla deforestazione e agli interessi di cercatori d\u2019oro, delle compagnie minerarie, coltivatori di soja e di commercianti di legno. E\u2019 una realt\u00e0 dell\u2019Amazzonia dove si registrano le pi\u00f9 alte aggressioni, violenze e omicidi ai danni di ambientalisti e indios.<\/p>\n<p>Caetano Scannavino \u00e8 il coordinatore della ONG e grazie a loro la mortalit\u00e0 infantile \u00e8 stata ridotta del 75% tra le popolazioni locali, indios, quilombolas e caboclo. Sono riusciti a realizzare due barche ospedali, l\u2019ultima Abare \u00e8 stata ceduta al comune di Santarem, con le quali forniscono assistenza socio sanitaria, tutto l\u2019anno, alle popolazioni della foresta .<br \/>\nHanno realizzato un importante progetto di riforestazione attraverso la creazione di un centro che produce alberi nella misura di 300 mila piante l\u2019anno, per avviare la riforestazione nelle aree distrutte dagli incendi. L\u2019attivit\u00e0 di Saude e Alegria ha impedito che nell\u2019area del Tapajos vi fosse la distruzione a fini speculativi come sta accadendo in altre parti dell\u2019Amazzonia. E\u2019 un avamposto di difesa dell\u2019ambiente e dei diritti umani e sociali .<\/p>\n<h4>Bolsonaro<\/h4>\n<p>Nel mese di agosto il presidente del Brasile Bolsonaro aveva accusato le ONG brasiliane di essere responsabili degli incendi in Amazzonia per avere pi\u00f9 soldi. Oggi c\u2019\u00e8 la polizia che per strana coincidenza fa la stessa accusa ai 4 giovani ambientalisti. Al summit Onu sul clima aveva duramente attaccato il leader indios Raoni, candidato premio Nobel per la pace.<\/p>\n<p>Nel mese di ottobre scorso il governo Bolsonaro accusa la nave di Greenpeace di essere la responsabile di uno dei pi\u00f9 gravi sversamenti di petrolio nell\u2019area della costa del Nord Est.<br \/>\nIntanto le aree di riserva degli indios sono illegalmente invase, per le ricerche minerarie, dai cercatori d\u2019oro e deforestate per far posto a immense coltivazioni di soja. Negli ultimi mesi sono stati compiuti diversi omicidi ai danni di indios e ambientalisti e centinaia di violenze ai loro danni, il tutto nell\u2019impunit\u00e0 totale .<\/p>\n<p>Il governo Bolsonaro ha proposto di ridurre tutte le unit\u00e0 di conservazione, ovvero parchi, e riserve indigene in Amazzonia per autorizzare le ricerche minerarie.<\/p>\n<p>Come Verdi italiani da oltre 15 anni collaboriamo e sosteniamo la ONG Saude e Alegria e vi chiediamo oggi di veicolare presso tutti i vostri canali quanto sta accadendo. Si vuole eliminare un presidio di difesa ambientale e dei diritti umani e sociali di indios e popolazioni della foresta . Solidariet\u00e0 dei Verdi italiani a Saude e Alegria, ai giovani ambientalisti arrestati e al movimento ambientalista brasiliano.<\/p>\n<p>Per maggiori informazioni:<\/p>\n<p><a href=\"https:\/\/www1.folha.uol.com.br\/ambiente\/2019\/11\/policia-prende-brigadistas-de-alter-do-chao-e-apreende-documentos-de-ong.shtml\">https:\/\/www1.folha.uol.com.br\/ambiente\/2019\/11\/policia-prende-brigadistas-de-alter-do-chao-e-apreende-documentos-de-ong.shtml<\/a><\/p>\n<p>La notizia su The Guardian<\/p>\n<p><a href=\"https:\/\/www.theguardian.com\/world\/2019\/nov\/26\/brazil-police-raid-ngo-office-amazon-wildfires\">https:\/\/www.theguardian.com\/world\/2019\/nov\/26\/brazil-police-raid-ngo-office-amazon-wildfires<\/a><\/p>\n<p><em><strong>Federazione dei Verdi<\/strong> <\/em>(<a href=\"http:\/\/verdi.it\/solidarieta-dei-verdi-italiani-al-movimento-ambientalista-brasiliano-e-alla-ong-saude-e-alegria-sotto-attacco-da-parte-del-governo\/\">qui l&#8217;articolo originale<\/a>)<\/p>\n","protected":false},"excerpt":{"rendered":"<p>Ieri a Santarem , stato del Par\u00e0, Amazzonia brasiliana 4 giovani ambientalisti e volontari di una Brigada antincendio sono stati arrestati e imprigionati con l\u2019accusa di aver dato fuoco alla foresta in un\u2019area denominata Alter do Chao allo scopo di&hellip;<\/p>\n","protected":false},"author":594,"featured_media":982854,"comment_status":"closed","ping_status":"closed","sticky":false,"template":"","format":"standard","meta":{"footnotes":""},"categories":[150,59,47],"tags":[7734,5284,55439,67575],"class_list":["post-982731","post","type-post","status-publish","format-standard","has-post-thumbnail","hentry","category-comunicati-stampa","category-ambiente-ecologia","category-europa","tag-amazzonia","tag-arresti","tag-bolsonaro-it","tag-movimento-ambientalista"],"yoast_head":"<!-- This site is optimized with the Yoast SEO plugin v27.1.1 - https:\/\/yoast.com\/product\/yoast-seo-wordpress\/ -->\n<title>Solidariet\u00e0 al movimento ambientalista brasiliano e alla ONG sotto attacco da parte del governo<\/title>\n<meta name=\"description\" content=\"Ieri a Santarem, stato del Par\u00e0, Amazzonia brasiliana 4 giovani ambientalisti e volontari di una Brigada antincendio sono stati imprigionati con l\u2019accusa di aver dato fuoco alla foresta in un\u2019area denominata Alter do Chao allo scopo di ricevere donazioni. Le prove portate dall\u2019accusa sono dei video fatti dagli stessi arrestati che hanno ripreso l\u2019incendio mentre tentavano di spegnerlo\" \/>\n<meta name=\"robots\" content=\"index, follow, max-snippet:-1, max-image-preview:large, max-video-preview:-1\" \/>\n<link rel=\"canonical\" href=\"https:\/\/www.pressenza.com\/it\/2019\/11\/solidarieta-al-movimento-ambientalista-brasiliano-e-alla-ong-sotto-attacco-da-parte-del-governo\/\" \/>\n<meta property=\"og:locale\" content=\"it_IT\" \/>\n<meta property=\"og:type\" content=\"article\" \/>\n<meta property=\"og:title\" content=\"Solidariet\u00e0 al movimento ambientalista brasiliano e alla ONG sotto attacco da parte del governo\" \/>\n<meta property=\"og:description\" content=\"Ieri a Santarem, stato del Par\u00e0, Amazzonia brasiliana 4 giovani ambientalisti e volontari di una Brigada antincendio sono stati imprigionati con l\u2019accusa di aver dato fuoco alla foresta in un\u2019area denominata Alter do Chao allo scopo di ricevere donazioni. Le prove portate dall\u2019accusa sono dei video fatti dagli stessi arrestati che hanno ripreso l\u2019incendio mentre tentavano di spegnerlo\" \/>\n<meta property=\"og:url\" content=\"https:\/\/www.pressenza.com\/it\/2019\/11\/solidarieta-al-movimento-ambientalista-brasiliano-e-alla-ong-sotto-attacco-da-parte-del-governo\/\" \/>\n<meta property=\"og:site_name\" content=\"Pressenza\" \/>\n<meta property=\"article:publisher\" content=\"https:\/\/www.facebook.com\/PressenzaItalia\" \/>\n<meta property=\"article:author\" content=\"https:\/\/www.facebook.com\/PressenzaItalia\" \/>\n<meta property=\"article:published_time\" content=\"2019-11-27T20:34:30+00:00\" \/>\n<meta property=\"article:modified_time\" content=\"2019-11-27T20:36:41+00:00\" \/>\n<meta property=\"og:image\" content=\"https:\/\/www.pressenza.com\/wp-content\/uploads\/2019\/11\/Incendi-Amazzonia.jpg\" \/>\n\t<meta property=\"og:image:width\" content=\"835\" \/>\n\t<meta property=\"og:image:height\" content=\"435\" \/>\n\t<meta property=\"og:image:type\" content=\"image\/jpeg\" \/>\n<meta name=\"author\" content=\"Redazione Italia\" \/>\n<meta name=\"twitter:card\" content=\"summary_large_image\" \/>\n<meta name=\"twitter:creator\" content=\"@pressenza_it\" \/>\n<meta name=\"twitter:site\" content=\"@PressenzaIPA\" \/>\n<meta name=\"twitter:label1\" content=\"Scritto da\" \/>\n\t<meta name=\"twitter:data1\" content=\"Redazione Italia\" \/>\n\t<meta name=\"twitter:label2\" content=\"Tempo di lettura stimato\" \/>\n\t<meta name=\"twitter:data2\" content=\"3 minuti\" \/>\n<script type=\"application\/ld+json\" class=\"yoast-schema-graph\">{\"@context\":\"https:\/\/schema.org\",\"@graph\":[{\"@type\":\"Article\",\"@id\":\"https:\/\/www.pressenza.com\/it\/2019\/11\/solidarieta-al-movimento-ambientalista-brasiliano-e-alla-ong-sotto-attacco-da-parte-del-governo\/#article\",\"isPartOf\":{\"@id\":\"https:\/\/www.pressenza.com\/it\/2019\/11\/solidarieta-al-movimento-ambientalista-brasiliano-e-alla-ong-sotto-attacco-da-parte-del-governo\/\"},\"author\":{\"name\":\"Redazione Italia\",\"@id\":\"https:\/\/www.pressenza.com\/it\/#\/schema\/person\/d983e81827ae24f2c7b1a2123d197f8d\"},\"headline\":\"Solidariet\u00e0 al movimento ambientalista brasiliano e alla ONG sotto attacco da parte del governo\",\"datePublished\":\"2019-11-27T20:34:30+00:00\",\"dateModified\":\"2019-11-27T20:36:41+00:00\",\"mainEntityOfPage\":{\"@id\":\"https:\/\/www.pressenza.com\/it\/2019\/11\/solidarieta-al-movimento-ambientalista-brasiliano-e-alla-ong-sotto-attacco-da-parte-del-governo\/\"},\"wordCount\":636,\"publisher\":{\"@id\":\"https:\/\/www.pressenza.com\/it\/#organization\"},\"image\":{\"@id\":\"https:\/\/www.pressenza.com\/it\/2019\/11\/solidarieta-al-movimento-ambientalista-brasiliano-e-alla-ong-sotto-attacco-da-parte-del-governo\/#primaryimage\"},\"thumbnailUrl\":\"https:\/\/www.pressenza.com\/wp-content\/uploads\/2019\/11\/Incendi-Amazzonia.jpg\",\"keywords\":[\"Amazzonia\",\"arresti\",\"bolsonaro\",\"movimento ambientalista\"],\"articleSection\":[\"Comunicati Stampa\",\"Ecologia ed Ambiente\",\"Europa\"],\"inLanguage\":\"it-IT\"},{\"@type\":\"WebPage\",\"@id\":\"https:\/\/www.pressenza.com\/it\/2019\/11\/solidarieta-al-movimento-ambientalista-brasiliano-e-alla-ong-sotto-attacco-da-parte-del-governo\/\",\"url\":\"https:\/\/www.pressenza.com\/it\/2019\/11\/solidarieta-al-movimento-ambientalista-brasiliano-e-alla-ong-sotto-attacco-da-parte-del-governo\/\",\"name\":\"Solidariet\u00e0 al movimento ambientalista brasiliano e alla ONG sotto attacco da parte del governo\",\"isPartOf\":{\"@id\":\"https:\/\/www.pressenza.com\/it\/#website\"},\"primaryImageOfPage\":{\"@id\":\"https:\/\/www.pressenza.com\/it\/2019\/11\/solidarieta-al-movimento-ambientalista-brasiliano-e-alla-ong-sotto-attacco-da-parte-del-governo\/#primaryimage\"},\"image\":{\"@id\":\"https:\/\/www.pressenza.com\/it\/2019\/11\/solidarieta-al-movimento-ambientalista-brasiliano-e-alla-ong-sotto-attacco-da-parte-del-governo\/#primaryimage\"},\"thumbnailUrl\":\"https:\/\/www.pressenza.com\/wp-content\/uploads\/2019\/11\/Incendi-Amazzonia.jpg\",\"datePublished\":\"2019-11-27T20:34:30+00:00\",\"dateModified\":\"2019-11-27T20:36:41+00:00\",\"description\":\"Ieri a Santarem, stato del Par\u00e0, Amazzonia brasiliana 4 giovani ambientalisti e volontari di una Brigada antincendio sono stati imprigionati con l\u2019accusa di aver dato fuoco alla foresta in un\u2019area denominata Alter do Chao allo scopo di ricevere donazioni. Le prove portate dall\u2019accusa sono dei video fatti dagli stessi arrestati che hanno ripreso l\u2019incendio mentre tentavano di spegnerlo\",\"breadcrumb\":{\"@id\":\"https:\/\/www.pressenza.com\/it\/2019\/11\/solidarieta-al-movimento-ambientalista-brasiliano-e-alla-ong-sotto-attacco-da-parte-del-governo\/#breadcrumb\"},\"inLanguage\":\"it-IT\",\"potentialAction\":[{\"@type\":\"ReadAction\",\"target\":[\"https:\/\/www.pressenza.com\/it\/2019\/11\/solidarieta-al-movimento-ambientalista-brasiliano-e-alla-ong-sotto-attacco-da-parte-del-governo\/\"]}]},{\"@type\":\"ImageObject\",\"inLanguage\":\"it-IT\",\"@id\":\"https:\/\/www.pressenza.com\/it\/2019\/11\/solidarieta-al-movimento-ambientalista-brasiliano-e-alla-ong-sotto-attacco-da-parte-del-governo\/#primaryimage\",\"url\":\"https:\/\/www.pressenza.com\/wp-content\/uploads\/2019\/11\/Incendi-Amazzonia.jpg\",\"contentUrl\":\"https:\/\/www.pressenza.com\/wp-content\/uploads\/2019\/11\/Incendi-Amazzonia.jpg\",\"width\":835,\"height\":435},{\"@type\":\"BreadcrumbList\",\"@id\":\"https:\/\/www.pressenza.com\/it\/2019\/11\/solidarieta-al-movimento-ambientalista-brasiliano-e-alla-ong-sotto-attacco-da-parte-del-governo\/#breadcrumb\",\"itemListElement\":[{\"@type\":\"ListItem\",\"position\":1,\"name\":\"Accueil\",\"item\":\"https:\/\/www.pressenza.com\/it\/\"},{\"@type\":\"ListItem\",\"position\":2,\"name\":\"Solidariet\u00e0 al movimento ambientalista brasiliano e alla ONG sotto attacco da parte del governo\"}]},{\"@type\":\"WebSite\",\"@id\":\"https:\/\/www.pressenza.com\/it\/#website\",\"url\":\"https:\/\/www.pressenza.com\/it\/\",\"name\":\"Pressenza\",\"description\":\"Agenzia di Stampa Internazionale\",\"publisher\":{\"@id\":\"https:\/\/www.pressenza.com\/it\/#organization\"},\"potentialAction\":[{\"@type\":\"SearchAction\",\"target\":{\"@type\":\"EntryPoint\",\"urlTemplate\":\"https:\/\/www.pressenza.com\/it\/?s={search_term_string}\"},\"query-input\":{\"@type\":\"PropertyValueSpecification\",\"valueRequired\":true,\"valueName\":\"search_term_string\"}}],\"inLanguage\":\"it-IT\"},{\"@type\":\"Organization\",\"@id\":\"https:\/\/www.pressenza.com\/it\/#organization\",\"name\":\"Pressenza\",\"url\":\"https:\/\/www.pressenza.com\/it\/\",\"logo\":{\"@type\":\"ImageObject\",\"inLanguage\":\"it-IT\",\"@id\":\"https:\/\/www.pressenza.com\/it\/#\/schema\/logo\/image\/\",\"url\":\"https:\/\/www.pressenza.com\/wp-content\/uploads\/2022\/10\/pressenza_logo_200x200.jpg\",\"contentUrl\":\"https:\/\/www.pressenza.com\/wp-content\/uploads\/2022\/10\/pressenza_logo_200x200.jpg\",\"width\":200,\"height\":200,\"caption\":\"Pressenza\"},\"image\":{\"@id\":\"https:\/\/www.pressenza.com\/it\/#\/schema\/logo\/image\/\"},\"sameAs\":[\"https:\/\/www.facebook.com\/PressenzaItalia\",\"https:\/\/x.com\/PressenzaIPA\"]},{\"@type\":\"Person\",\"@id\":\"https:\/\/www.pressenza.com\/it\/#\/schema\/person\/d983e81827ae24f2c7b1a2123d197f8d\",\"name\":\"Redazione Italia\",\"description\":\"News from the Pressenza Bureau in Italy\",\"sameAs\":[\"https:\/\/www.pressenza.com\/it\/author\/redazione-italia\/\",\"https:\/\/www.facebook.com\/PressenzaItalia\",\"https:\/\/www.instagram.com\/pressenza_italia\/\",\"https:\/\/x.com\/pressenza_it\",\"https:\/\/www.youtube.com\/channel\/UCSalEIWjE1RSxkwjfftFuqg\"],\"url\":\"https:\/\/www.pressenza.com\/it\/author\/redazione-italia\/\"}]}<\/script>\n<!-- \/ Yoast SEO plugin. -->","yoast_head_json":{"title":"Solidariet\u00e0 al movimento ambientalista brasiliano e alla ONG sotto attacco da parte del governo","description":"Ieri a Santarem, stato del Par\u00e0, Amazzonia brasiliana 4 giovani ambientalisti e volontari di una Brigada antincendio sono stati imprigionati con l\u2019accusa di aver dato fuoco alla foresta in un\u2019area denominata Alter do Chao allo scopo di ricevere donazioni. Le prove portate dall\u2019accusa sono dei video fatti dagli stessi arrestati che hanno ripreso l\u2019incendio mentre tentavano di spegnerlo","robots":{"index":"index","follow":"follow","max-snippet":"max-snippet:-1","max-image-preview":"max-image-preview:large","max-video-preview":"max-video-preview:-1"},"canonical":"https:\/\/www.pressenza.com\/it\/2019\/11\/solidarieta-al-movimento-ambientalista-brasiliano-e-alla-ong-sotto-attacco-da-parte-del-governo\/","og_locale":"it_IT","og_type":"article","og_title":"Solidariet\u00e0 al movimento ambientalista brasiliano e alla ONG sotto attacco da parte del governo","og_description":"Ieri a Santarem, stato del Par\u00e0, Amazzonia brasiliana 4 giovani ambientalisti e volontari di una Brigada antincendio sono stati imprigionati con l\u2019accusa di aver dato fuoco alla foresta in un\u2019area denominata Alter do Chao allo scopo di ricevere donazioni. Le prove portate dall\u2019accusa sono dei video fatti dagli stessi arrestati che hanno ripreso l\u2019incendio mentre tentavano di spegnerlo","og_url":"https:\/\/www.pressenza.com\/it\/2019\/11\/solidarieta-al-movimento-ambientalista-brasiliano-e-alla-ong-sotto-attacco-da-parte-del-governo\/","og_site_name":"Pressenza","article_publisher":"https:\/\/www.facebook.com\/PressenzaItalia","article_author":"https:\/\/www.facebook.com\/PressenzaItalia","article_published_time":"2019-11-27T20:34:30+00:00","article_modified_time":"2019-11-27T20:36:41+00:00","og_image":[{"width":835,"height":435,"url":"https:\/\/www.pressenza.com\/wp-content\/uploads\/2019\/11\/Incendi-Amazzonia.jpg","type":"image\/jpeg"}],"author":"Redazione Italia","twitter_card":"summary_large_image","twitter_creator":"@pressenza_it","twitter_site":"@PressenzaIPA","twitter_misc":{"Scritto da":"Redazione Italia","Tempo di lettura stimato":"3 minuti"},"schema":{"@context":"https:\/\/schema.org","@graph":[{"@type":"Article","@id":"https:\/\/www.pressenza.com\/it\/2019\/11\/solidarieta-al-movimento-ambientalista-brasiliano-e-alla-ong-sotto-attacco-da-parte-del-governo\/#article","isPartOf":{"@id":"https:\/\/www.pressenza.com\/it\/2019\/11\/solidarieta-al-movimento-ambientalista-brasiliano-e-alla-ong-sotto-attacco-da-parte-del-governo\/"},"author":{"name":"Redazione Italia","@id":"https:\/\/www.pressenza.com\/it\/#\/schema\/person\/d983e81827ae24f2c7b1a2123d197f8d"},"headline":"Solidariet\u00e0 al movimento ambientalista brasiliano e alla ONG sotto attacco da parte del governo","datePublished":"2019-11-27T20:34:30+00:00","dateModified":"2019-11-27T20:36:41+00:00","mainEntityOfPage":{"@id":"https:\/\/www.pressenza.com\/it\/2019\/11\/solidarieta-al-movimento-ambientalista-brasiliano-e-alla-ong-sotto-attacco-da-parte-del-governo\/"},"wordCount":636,"publisher":{"@id":"https:\/\/www.pressenza.com\/it\/#organization"},"image":{"@id":"https:\/\/www.pressenza.com\/it\/2019\/11\/solidarieta-al-movimento-ambientalista-brasiliano-e-alla-ong-sotto-attacco-da-parte-del-governo\/#primaryimage"},"thumbnailUrl":"https:\/\/www.pressenza.com\/wp-content\/uploads\/2019\/11\/Incendi-Amazzonia.jpg","keywords":["Amazzonia","arresti","bolsonaro","movimento ambientalista"],"articleSection":["Comunicati Stampa","Ecologia ed Ambiente","Europa"],"inLanguage":"it-IT"},{"@type":"WebPage","@id":"https:\/\/www.pressenza.com\/it\/2019\/11\/solidarieta-al-movimento-ambientalista-brasiliano-e-alla-ong-sotto-attacco-da-parte-del-governo\/","url":"https:\/\/www.pressenza.com\/it\/2019\/11\/solidarieta-al-movimento-ambientalista-brasiliano-e-alla-ong-sotto-attacco-da-parte-del-governo\/","name":"Solidariet\u00e0 al movimento ambientalista brasiliano e alla ONG sotto attacco da parte del governo","isPartOf":{"@id":"https:\/\/www.pressenza.com\/it\/#website"},"primaryImageOfPage":{"@id":"https:\/\/www.pressenza.com\/it\/2019\/11\/solidarieta-al-movimento-ambientalista-brasiliano-e-alla-ong-sotto-attacco-da-parte-del-governo\/#primaryimage"},"image":{"@id":"https:\/\/www.pressenza.com\/it\/2019\/11\/solidarieta-al-movimento-ambientalista-brasiliano-e-alla-ong-sotto-attacco-da-parte-del-governo\/#primaryimage"},"thumbnailUrl":"https:\/\/www.pressenza.com\/wp-content\/uploads\/2019\/11\/Incendi-Amazzonia.jpg","datePublished":"2019-11-27T20:34:30+00:00","dateModified":"2019-11-27T20:36:41+00:00","description":"Ieri a Santarem, stato del Par\u00e0, Amazzonia brasiliana 4 giovani ambientalisti e volontari di una Brigada antincendio sono stati imprigionati con l\u2019accusa di aver dato fuoco alla foresta in un\u2019area denominata Alter do Chao allo scopo di ricevere donazioni. Le prove portate dall\u2019accusa sono dei video fatti dagli stessi arrestati che hanno ripreso l\u2019incendio mentre tentavano di spegnerlo","breadcrumb":{"@id":"https:\/\/www.pressenza.com\/it\/2019\/11\/solidarieta-al-movimento-ambientalista-brasiliano-e-alla-ong-sotto-attacco-da-parte-del-governo\/#breadcrumb"},"inLanguage":"it-IT","potentialAction":[{"@type":"ReadAction","target":["https:\/\/www.pressenza.com\/it\/2019\/11\/solidarieta-al-movimento-ambientalista-brasiliano-e-alla-ong-sotto-attacco-da-parte-del-governo\/"]}]},{"@type":"ImageObject","inLanguage":"it-IT","@id":"https:\/\/www.pressenza.com\/it\/2019\/11\/solidarieta-al-movimento-ambientalista-brasiliano-e-alla-ong-sotto-attacco-da-parte-del-governo\/#primaryimage","url":"https:\/\/www.pressenza.com\/wp-content\/uploads\/2019\/11\/Incendi-Amazzonia.jpg","contentUrl":"https:\/\/www.pressenza.com\/wp-content\/uploads\/2019\/11\/Incendi-Amazzonia.jpg","width":835,"height":435},{"@type":"BreadcrumbList","@id":"https:\/\/www.pressenza.com\/it\/2019\/11\/solidarieta-al-movimento-ambientalista-brasiliano-e-alla-ong-sotto-attacco-da-parte-del-governo\/#breadcrumb","itemListElement":[{"@type":"ListItem","position":1,"name":"Accueil","item":"https:\/\/www.pressenza.com\/it\/"},{"@type":"ListItem","position":2,"name":"Solidariet\u00e0 al movimento ambientalista brasiliano e alla ONG sotto attacco da parte del governo"}]},{"@type":"WebSite","@id":"https:\/\/www.pressenza.com\/it\/#website","url":"https:\/\/www.pressenza.com\/it\/","name":"Pressenza","description":"Agenzia di Stampa Internazionale","publisher":{"@id":"https:\/\/www.pressenza.com\/it\/#organization"},"potentialAction":[{"@type":"SearchAction","target":{"@type":"EntryPoint","urlTemplate":"https:\/\/www.pressenza.com\/it\/?s={search_term_string}"},"query-input":{"@type":"PropertyValueSpecification","valueRequired":true,"valueName":"search_term_string"}}],"inLanguage":"it-IT"},{"@type":"Organization","@id":"https:\/\/www.pressenza.com\/it\/#organization","name":"Pressenza","url":"https:\/\/www.pressenza.com\/it\/","logo":{"@type":"ImageObject","inLanguage":"it-IT","@id":"https:\/\/www.pressenza.com\/it\/#\/schema\/logo\/image\/","url":"https:\/\/www.pressenza.com\/wp-content\/uploads\/2022\/10\/pressenza_logo_200x200.jpg","contentUrl":"https:\/\/www.pressenza.com\/wp-content\/uploads\/2022\/10\/pressenza_logo_200x200.jpg","width":200,"height":200,"caption":"Pressenza"},"image":{"@id":"https:\/\/www.pressenza.com\/it\/#\/schema\/logo\/image\/"},"sameAs":["https:\/\/www.facebook.com\/PressenzaItalia","https:\/\/x.com\/PressenzaIPA"]},{"@type":"Person","@id":"https:\/\/www.pressenza.com\/it\/#\/schema\/person\/d983e81827ae24f2c7b1a2123d197f8d","name":"Redazione Italia","description":"News from the Pressenza Bureau in Italy","sameAs":["https:\/\/www.pressenza.com\/it\/author\/redazione-italia\/","https:\/\/www.facebook.com\/PressenzaItalia","https:\/\/www.instagram.com\/pressenza_italia\/","https:\/\/x.com\/pressenza_it","https:\/\/www.youtube.com\/channel\/UCSalEIWjE1RSxkwjfftFuqg"],"url":"https:\/\/www.pressenza.com\/it\/author\/redazione-italia\/"}]}},"place":"","original_article_url":"","_links":{"self":[{"href":"https:\/\/www.pressenza.com\/it\/wp-json\/wp\/v2\/posts\/982731","targetHints":{"allow":["GET"]}}],"collection":[{"href":"https:\/\/www.pressenza.com\/it\/wp-json\/wp\/v2\/posts"}],"about":[{"href":"https:\/\/www.pressenza.com\/it\/wp-json\/wp\/v2\/types\/post"}],"author":[{"embeddable":true,"href":"https:\/\/www.pressenza.com\/it\/wp-json\/wp\/v2\/users\/594"}],"replies":[{"embeddable":true,"href":"https:\/\/www.pressenza.com\/it\/wp-json\/wp\/v2\/comments?post=982731"}],"version-history":[{"count":0,"href":"https:\/\/www.pressenza.com\/it\/wp-json\/wp\/v2\/posts\/982731\/revisions"}],"wp:featuredmedia":[{"embeddable":true,"href":"https:\/\/www.pressenza.com\/it\/wp-json\/wp\/v2\/media\/982854"}],"wp:attachment":[{"href":"https:\/\/www.pressenza.com\/it\/wp-json\/wp\/v2\/media?parent=982731"}],"wp:term":[{"taxonomy":"category","embeddable":true,"href":"https:\/\/www.pressenza.com\/it\/wp-json\/wp\/v2\/categories?post=982731"},{"taxonomy":"post_tag","embeddable":true,"href":"https:\/\/www.pressenza.com\/it\/wp-json\/wp\/v2\/tags?post=982731"}],"curies":[{"name":"wp","href":"https:\/\/api.w.org\/{rel}","templated":true}]}}