{"id":981492,"date":"2019-11-26T14:23:58","date_gmt":"2019-11-26T14:23:58","guid":{"rendered":"https:\/\/www.pressenza.com\/?p=981492"},"modified":"2019-11-26T14:23:58","modified_gmt":"2019-11-26T14:23:58","slug":"milano-festa-solidale-per-riace","status":"publish","type":"post","link":"https:\/\/www.pressenza.com\/it\/2019\/11\/milano-festa-solidale-per-riace\/","title":{"rendered":"Milano, Festa Solidale Per Riace"},"content":{"rendered":"<p><strong>Gioved\u00ec 5 dicembre 2019 dalle 18,30 alle 20,30<\/strong><\/p>\n<p><strong>Tempio del Futuro perduto, via Luigi Nono 9, (MM 5 Cenisio)\u00a0<\/strong><strong>Milano<\/strong><\/p>\n<p><strong>Organizzato da\u00a0<a href=\"https:\/\/www.facebook.com\/comitatoundicigiugnomilano\/?__xts__%5B0%5D=68.ARAd62N0zvirhr7PpDRCDa7T0LIurEWIuCScX06aZyv9s3ohV7ZP_jmPd4TEny0qpRGwS80T_WJErRkp8QAStgYdDEPpkjdv5f0W_53kyF75Snwnz9EWstTwVC6jdAqdDhEhoWWmampzyJn3NVps3SirWbqN9dK-hweeNuz69StYVixBT3kUjr3vtPCedTNhIe0z9Dr1hmsrlkYM4e-Kp8hubzuz6oJ2yb8uzL5ALjsh9f2acE0TlQL3tgA-8rEbn0OAIl7CHtVBbnht5DYZKNUm2WZZhbn9Nkl1efO4BWWWH5Orzwr86MXtl_DtWC0qaHgUALG13sjEAROvd89h3og&amp;eid=ARDvKu9H7mucrUIkYL7Vx6w3K4sQBQ3efie01Tdaly1SqivC3xs7RLUKVr9knC0wH8lde-X1GpeQ37TO\" data-hovercard=\"\/ajax\/hovercard\/page.php?id=303907660520661&amp;extragetparams=%7B%22eid%22%3A%22ARDvKu9H7mucrUIkYL7Vx6w3K4sQBQ3efie01Tdaly1SqivC3xs7RLUKVr9knC0wH8lde-X1GpeQ37TO%22%7D\" data-hovercard-position=\"below\">Comitato Undici Giugno &#8211; Milano<\/a>, <a href=\"https:\/\/www.facebook.com\/AnpiProvincialeDiMilano\/?fref=profile_friend_list&amp;hc_location=profile_browser\">ANPI Provinciale di Milano<\/a> e <\/strong><strong><a href=\"https:\/\/www.facebook.com\/isentinellidimilano\/?fref=profile_friend_list&amp;hc_location=profile_browser\">I sentinelli di Milano<\/a><\/strong><\/p>\n<p>La Campagna &#8220;Milano X Riace&#8221; invita tutti a un aperitivo solidale.<\/p>\n<p>La Fondazione &#8220;\u00c8 Stato il Vento&#8221; informer\u00e0 sui progetti in corso, ai quali sar\u00e0 devoluto quanto raccoglieremo e inviter\u00e0 a venire nel paese dell&#8217;accoglienza.<\/p>\n<p>Parole, immagini e la musica di Vanni Lombardi (tromba), Valentin Mufila (canto e chitarra) e Dembo Kante (percussioni).<\/p>\n<p>Si potr\u00e0 comprare l&#8217;olio extra-vergine d&#8217;oliva appena prodotto dal frantoio di comunit\u00e0.<\/p>\n<p>Aiutiamo Riace a resistere e ri-esistere!<\/p>\n<p>Organizzatori:<\/p>\n<p>COMITATO 11 GIUGNO-MI, ACLI MI, ANPI MI, ASGI, ASSO PACE MI, CHICO MENDES, CGIL MI, CNCA MI, COM. MILANESE ACQUAPUBBLICA, COSTITUZIONE BENI COMUNI, ENERGIA FELICE, I SENTINELLI DI MI, IL CANTIERE, LAUDATO SII, MAMME A SCUOLA, MEMORIA ANTIFASCISTA, OSSERVATORIO SOLIDARIET\u00c0 CARTA DI MILANO, PRESSENZA, PUNTOROSSO, SCUOLA FORMAZIONE ANTONINO CAPONNETTO, TEMPIO DEL FUTURO PERDUTO.<\/p>\n<p>Per adesioni: <a href=\"mailto:presidiomimmo@gmail.com\">presidiomimmo@gmail.com<\/a><\/p>\n<p>&nbsp;<\/p>\n","protected":false},"excerpt":{"rendered":"<p>Gioved\u00ec 5 dicembre 2019 dalle 18,30 alle 20,30 Tempio del Futuro perduto, via Luigi Nono 9, (MM 5 Cenisio)\u00a0Milano Organizzato da\u00a0Comitato Undici Giugno &#8211; Milano, ANPI Provinciale di Milano e I sentinelli di Milano La Campagna &#8220;Milano X Riace&#8221; invita&hellip;<\/p>\n","protected":false},"author":1722,"featured_media":981493,"comment_status":"closed","ping_status":"closed","sticky":false,"template":"","format":"standard","meta":{"footnotes":""},"categories":[60,47],"tags":[5039,29215,1634],"class_list":["post-981492","post","type-post","status-publish","format-standard","has-post-thumbnail","hentry","category-diritti-umani","category-europa","tag-festa","tag-riace","tag-solidarieta"],"yoast_head":"<!-- This site is optimized with the Yoast SEO plugin v27.1.1 - https:\/\/yoast.com\/product\/yoast-seo-wordpress\/ -->\n<title>Milano, Festa Solidale Per Riace<\/title>\n<meta name=\"description\" content=\"Gioved\u00ec 5 dicembre 2019 dalle 18,30 alle 20,30 Tempio del Futuro perduto, via Luigi Nono 9, (MM 5 Cenisio)\u00a0Milano Organizzato da\u00a0Comitato Undici Giugno -\" \/>\n<meta name=\"robots\" content=\"index, follow, max-snippet:-1, max-image-preview:large, max-video-preview:-1\" \/>\n<link rel=\"canonical\" href=\"https:\/\/www.pressenza.com\/it\/2019\/11\/milano-festa-solidale-per-riace\/\" \/>\n<meta property=\"og:locale\" content=\"it_IT\" \/>\n<meta property=\"og:type\" content=\"article\" \/>\n<meta property=\"og:title\" content=\"Milano, Festa Solidale Per Riace\" \/>\n<meta property=\"og:description\" content=\"Gioved\u00ec 5 dicembre 2019 dalle 18,30 alle 20,30 Tempio del Futuro perduto, via Luigi Nono 9, (MM 5 Cenisio)\u00a0Milano Organizzato da\u00a0Comitato Undici Giugno -\" \/>\n<meta property=\"og:url\" content=\"https:\/\/www.pressenza.com\/it\/2019\/11\/milano-festa-solidale-per-riace\/\" \/>\n<meta property=\"og:site_name\" content=\"Pressenza\" \/>\n<meta property=\"article:publisher\" content=\"https:\/\/www.facebook.com\/PressenzaItalia\" \/>\n<meta property=\"article:published_time\" content=\"2019-11-26T14:23:58+00:00\" \/>\n<meta property=\"og:image\" content=\"https:\/\/www.pressenza.com\/wp-content\/uploads\/2019\/11\/festa-x-Riace.jpg\" \/>\n\t<meta property=\"og:image:width\" content=\"960\" \/>\n\t<meta property=\"og:image:height\" content=\"366\" \/>\n\t<meta property=\"og:image:type\" content=\"image\/jpeg\" \/>\n<meta name=\"author\" content=\"Redazione Milano\" \/>\n<meta name=\"twitter:card\" content=\"summary_large_image\" \/>\n<meta name=\"twitter:creator\" content=\"@PressenzaIPA\" \/>\n<meta name=\"twitter:site\" content=\"@PressenzaIPA\" \/>\n<meta name=\"twitter:label1\" content=\"Scritto da\" \/>\n\t<meta name=\"twitter:data1\" content=\"Redazione Milano\" \/>\n\t<meta name=\"twitter:label2\" content=\"Tempo di lettura stimato\" \/>\n\t<meta name=\"twitter:data2\" content=\"1 minuto\" \/>\n<script type=\"application\/ld+json\" class=\"yoast-schema-graph\">{\"@context\":\"https:\/\/schema.org\",\"@graph\":[{\"@type\":\"Article\",\"@id\":\"https:\/\/www.pressenza.com\/it\/2019\/11\/milano-festa-solidale-per-riace\/#article\",\"isPartOf\":{\"@id\":\"https:\/\/www.pressenza.com\/it\/2019\/11\/milano-festa-solidale-per-riace\/\"},\"author\":{\"name\":\"Redazione Milano\",\"@id\":\"https:\/\/www.pressenza.com\/it\/#\/schema\/person\/746fc8cdd6c8e3d918fb5714b3583e41\"},\"headline\":\"Milano, Festa Solidale Per Riace\",\"datePublished\":\"2019-11-26T14:23:58+00:00\",\"mainEntityOfPage\":{\"@id\":\"https:\/\/www.pressenza.com\/it\/2019\/11\/milano-festa-solidale-per-riace\/\"},\"wordCount\":167,\"publisher\":{\"@id\":\"https:\/\/www.pressenza.com\/it\/#organization\"},\"image\":{\"@id\":\"https:\/\/www.pressenza.com\/it\/2019\/11\/milano-festa-solidale-per-riace\/#primaryimage\"},\"thumbnailUrl\":\"https:\/\/www.pressenza.com\/wp-content\/uploads\/2019\/11\/festa-x-Riace.jpg\",\"keywords\":[\"festa\",\"Riace\",\"solidariet\u00e0\"],\"articleSection\":[\"Diritti Umani\",\"Europa\"],\"inLanguage\":\"it-IT\"},{\"@type\":\"WebPage\",\"@id\":\"https:\/\/www.pressenza.com\/it\/2019\/11\/milano-festa-solidale-per-riace\/\",\"url\":\"https:\/\/www.pressenza.com\/it\/2019\/11\/milano-festa-solidale-per-riace\/\",\"name\":\"Milano, Festa Solidale Per Riace\",\"isPartOf\":{\"@id\":\"https:\/\/www.pressenza.com\/it\/#website\"},\"primaryImageOfPage\":{\"@id\":\"https:\/\/www.pressenza.com\/it\/2019\/11\/milano-festa-solidale-per-riace\/#primaryimage\"},\"image\":{\"@id\":\"https:\/\/www.pressenza.com\/it\/2019\/11\/milano-festa-solidale-per-riace\/#primaryimage\"},\"thumbnailUrl\":\"https:\/\/www.pressenza.com\/wp-content\/uploads\/2019\/11\/festa-x-Riace.jpg\",\"datePublished\":\"2019-11-26T14:23:58+00:00\",\"description\":\"Gioved\u00ec 5 dicembre 2019 dalle 18,30 alle 20,30 Tempio del Futuro perduto, via Luigi Nono 9, (MM 5 Cenisio)\u00a0Milano Organizzato da\u00a0Comitato Undici Giugno -\",\"breadcrumb\":{\"@id\":\"https:\/\/www.pressenza.com\/it\/2019\/11\/milano-festa-solidale-per-riace\/#breadcrumb\"},\"inLanguage\":\"it-IT\",\"potentialAction\":[{\"@type\":\"ReadAction\",\"target\":[\"https:\/\/www.pressenza.com\/it\/2019\/11\/milano-festa-solidale-per-riace\/\"]}]},{\"@type\":\"ImageObject\",\"inLanguage\":\"it-IT\",\"@id\":\"https:\/\/www.pressenza.com\/it\/2019\/11\/milano-festa-solidale-per-riace\/#primaryimage\",\"url\":\"https:\/\/www.pressenza.com\/wp-content\/uploads\/2019\/11\/festa-x-Riace.jpg\",\"contentUrl\":\"https:\/\/www.pressenza.com\/wp-content\/uploads\/2019\/11\/festa-x-Riace.jpg\",\"width\":960,\"height\":366},{\"@type\":\"BreadcrumbList\",\"@id\":\"https:\/\/www.pressenza.com\/it\/2019\/11\/milano-festa-solidale-per-riace\/#breadcrumb\",\"itemListElement\":[{\"@type\":\"ListItem\",\"position\":1,\"name\":\"Accueil\",\"item\":\"https:\/\/www.pressenza.com\/it\/\"},{\"@type\":\"ListItem\",\"position\":2,\"name\":\"Milano, Festa Solidale Per Riace\"}]},{\"@type\":\"WebSite\",\"@id\":\"https:\/\/www.pressenza.com\/it\/#website\",\"url\":\"https:\/\/www.pressenza.com\/it\/\",\"name\":\"Pressenza\",\"description\":\"Agenzia di Stampa Internazionale\",\"publisher\":{\"@id\":\"https:\/\/www.pressenza.com\/it\/#organization\"},\"potentialAction\":[{\"@type\":\"SearchAction\",\"target\":{\"@type\":\"EntryPoint\",\"urlTemplate\":\"https:\/\/www.pressenza.com\/it\/?s={search_term_string}\"},\"query-input\":{\"@type\":\"PropertyValueSpecification\",\"valueRequired\":true,\"valueName\":\"search_term_string\"}}],\"inLanguage\":\"it-IT\"},{\"@type\":\"Organization\",\"@id\":\"https:\/\/www.pressenza.com\/it\/#organization\",\"name\":\"Pressenza\",\"url\":\"https:\/\/www.pressenza.com\/it\/\",\"logo\":{\"@type\":\"ImageObject\",\"inLanguage\":\"it-IT\",\"@id\":\"https:\/\/www.pressenza.com\/it\/#\/schema\/logo\/image\/\",\"url\":\"https:\/\/www.pressenza.com\/wp-content\/uploads\/2022\/10\/pressenza_logo_200x200.jpg\",\"contentUrl\":\"https:\/\/www.pressenza.com\/wp-content\/uploads\/2022\/10\/pressenza_logo_200x200.jpg\",\"width\":200,\"height\":200,\"caption\":\"Pressenza\"},\"image\":{\"@id\":\"https:\/\/www.pressenza.com\/it\/#\/schema\/logo\/image\/\"},\"sameAs\":[\"https:\/\/www.facebook.com\/PressenzaItalia\",\"https:\/\/x.com\/PressenzaIPA\"]},{\"@type\":\"Person\",\"@id\":\"https:\/\/www.pressenza.com\/it\/#\/schema\/person\/746fc8cdd6c8e3d918fb5714b3583e41\",\"name\":\"Redazione Milano\",\"description\":\"News from the Pressenza Bureau in Milan, Italy\",\"url\":\"https:\/\/www.pressenza.com\/it\/author\/redazione-milano\/\"}]}<\/script>\n<!-- \/ Yoast SEO plugin. -->","yoast_head_json":{"title":"Milano, Festa Solidale Per Riace","description":"Gioved\u00ec 5 dicembre 2019 dalle 18,30 alle 20,30 Tempio del Futuro perduto, via Luigi Nono 9, (MM 5 Cenisio)\u00a0Milano Organizzato da\u00a0Comitato Undici Giugno -","robots":{"index":"index","follow":"follow","max-snippet":"max-snippet:-1","max-image-preview":"max-image-preview:large","max-video-preview":"max-video-preview:-1"},"canonical":"https:\/\/www.pressenza.com\/it\/2019\/11\/milano-festa-solidale-per-riace\/","og_locale":"it_IT","og_type":"article","og_title":"Milano, Festa Solidale Per Riace","og_description":"Gioved\u00ec 5 dicembre 2019 dalle 18,30 alle 20,30 Tempio del Futuro perduto, via Luigi Nono 9, (MM 5 Cenisio)\u00a0Milano Organizzato da\u00a0Comitato Undici Giugno -","og_url":"https:\/\/www.pressenza.com\/it\/2019\/11\/milano-festa-solidale-per-riace\/","og_site_name":"Pressenza","article_publisher":"https:\/\/www.facebook.com\/PressenzaItalia","article_published_time":"2019-11-26T14:23:58+00:00","og_image":[{"width":960,"height":366,"url":"https:\/\/www.pressenza.com\/wp-content\/uploads\/2019\/11\/festa-x-Riace.jpg","type":"image\/jpeg"}],"author":"Redazione Milano","twitter_card":"summary_large_image","twitter_creator":"@PressenzaIPA","twitter_site":"@PressenzaIPA","twitter_misc":{"Scritto da":"Redazione Milano","Tempo di lettura stimato":"1 minuto"},"schema":{"@context":"https:\/\/schema.org","@graph":[{"@type":"Article","@id":"https:\/\/www.pressenza.com\/it\/2019\/11\/milano-festa-solidale-per-riace\/#article","isPartOf":{"@id":"https:\/\/www.pressenza.com\/it\/2019\/11\/milano-festa-solidale-per-riace\/"},"author":{"name":"Redazione Milano","@id":"https:\/\/www.pressenza.com\/it\/#\/schema\/person\/746fc8cdd6c8e3d918fb5714b3583e41"},"headline":"Milano, Festa Solidale Per Riace","datePublished":"2019-11-26T14:23:58+00:00","mainEntityOfPage":{"@id":"https:\/\/www.pressenza.com\/it\/2019\/11\/milano-festa-solidale-per-riace\/"},"wordCount":167,"publisher":{"@id":"https:\/\/www.pressenza.com\/it\/#organization"},"image":{"@id":"https:\/\/www.pressenza.com\/it\/2019\/11\/milano-festa-solidale-per-riace\/#primaryimage"},"thumbnailUrl":"https:\/\/www.pressenza.com\/wp-content\/uploads\/2019\/11\/festa-x-Riace.jpg","keywords":["festa","Riace","solidariet\u00e0"],"articleSection":["Diritti Umani","Europa"],"inLanguage":"it-IT"},{"@type":"WebPage","@id":"https:\/\/www.pressenza.com\/it\/2019\/11\/milano-festa-solidale-per-riace\/","url":"https:\/\/www.pressenza.com\/it\/2019\/11\/milano-festa-solidale-per-riace\/","name":"Milano, Festa Solidale Per Riace","isPartOf":{"@id":"https:\/\/www.pressenza.com\/it\/#website"},"primaryImageOfPage":{"@id":"https:\/\/www.pressenza.com\/it\/2019\/11\/milano-festa-solidale-per-riace\/#primaryimage"},"image":{"@id":"https:\/\/www.pressenza.com\/it\/2019\/11\/milano-festa-solidale-per-riace\/#primaryimage"},"thumbnailUrl":"https:\/\/www.pressenza.com\/wp-content\/uploads\/2019\/11\/festa-x-Riace.jpg","datePublished":"2019-11-26T14:23:58+00:00","description":"Gioved\u00ec 5 dicembre 2019 dalle 18,30 alle 20,30 Tempio del Futuro perduto, via Luigi Nono 9, (MM 5 Cenisio)\u00a0Milano Organizzato da\u00a0Comitato Undici Giugno -","breadcrumb":{"@id":"https:\/\/www.pressenza.com\/it\/2019\/11\/milano-festa-solidale-per-riace\/#breadcrumb"},"inLanguage":"it-IT","potentialAction":[{"@type":"ReadAction","target":["https:\/\/www.pressenza.com\/it\/2019\/11\/milano-festa-solidale-per-riace\/"]}]},{"@type":"ImageObject","inLanguage":"it-IT","@id":"https:\/\/www.pressenza.com\/it\/2019\/11\/milano-festa-solidale-per-riace\/#primaryimage","url":"https:\/\/www.pressenza.com\/wp-content\/uploads\/2019\/11\/festa-x-Riace.jpg","contentUrl":"https:\/\/www.pressenza.com\/wp-content\/uploads\/2019\/11\/festa-x-Riace.jpg","width":960,"height":366},{"@type":"BreadcrumbList","@id":"https:\/\/www.pressenza.com\/it\/2019\/11\/milano-festa-solidale-per-riace\/#breadcrumb","itemListElement":[{"@type":"ListItem","position":1,"name":"Accueil","item":"https:\/\/www.pressenza.com\/it\/"},{"@type":"ListItem","position":2,"name":"Milano, Festa Solidale Per Riace"}]},{"@type":"WebSite","@id":"https:\/\/www.pressenza.com\/it\/#website","url":"https:\/\/www.pressenza.com\/it\/","name":"Pressenza","description":"Agenzia di Stampa Internazionale","publisher":{"@id":"https:\/\/www.pressenza.com\/it\/#organization"},"potentialAction":[{"@type":"SearchAction","target":{"@type":"EntryPoint","urlTemplate":"https:\/\/www.pressenza.com\/it\/?s={search_term_string}"},"query-input":{"@type":"PropertyValueSpecification","valueRequired":true,"valueName":"search_term_string"}}],"inLanguage":"it-IT"},{"@type":"Organization","@id":"https:\/\/www.pressenza.com\/it\/#organization","name":"Pressenza","url":"https:\/\/www.pressenza.com\/it\/","logo":{"@type":"ImageObject","inLanguage":"it-IT","@id":"https:\/\/www.pressenza.com\/it\/#\/schema\/logo\/image\/","url":"https:\/\/www.pressenza.com\/wp-content\/uploads\/2022\/10\/pressenza_logo_200x200.jpg","contentUrl":"https:\/\/www.pressenza.com\/wp-content\/uploads\/2022\/10\/pressenza_logo_200x200.jpg","width":200,"height":200,"caption":"Pressenza"},"image":{"@id":"https:\/\/www.pressenza.com\/it\/#\/schema\/logo\/image\/"},"sameAs":["https:\/\/www.facebook.com\/PressenzaItalia","https:\/\/x.com\/PressenzaIPA"]},{"@type":"Person","@id":"https:\/\/www.pressenza.com\/it\/#\/schema\/person\/746fc8cdd6c8e3d918fb5714b3583e41","name":"Redazione Milano","description":"News from the Pressenza Bureau in Milan, Italy","url":"https:\/\/www.pressenza.com\/it\/author\/redazione-milano\/"}]}},"place":"","original_article_url":"","_links":{"self":[{"href":"https:\/\/www.pressenza.com\/it\/wp-json\/wp\/v2\/posts\/981492","targetHints":{"allow":["GET"]}}],"collection":[{"href":"https:\/\/www.pressenza.com\/it\/wp-json\/wp\/v2\/posts"}],"about":[{"href":"https:\/\/www.pressenza.com\/it\/wp-json\/wp\/v2\/types\/post"}],"author":[{"embeddable":true,"href":"https:\/\/www.pressenza.com\/it\/wp-json\/wp\/v2\/users\/1722"}],"replies":[{"embeddable":true,"href":"https:\/\/www.pressenza.com\/it\/wp-json\/wp\/v2\/comments?post=981492"}],"version-history":[{"count":0,"href":"https:\/\/www.pressenza.com\/it\/wp-json\/wp\/v2\/posts\/981492\/revisions"}],"wp:featuredmedia":[{"embeddable":true,"href":"https:\/\/www.pressenza.com\/it\/wp-json\/wp\/v2\/media\/981493"}],"wp:attachment":[{"href":"https:\/\/www.pressenza.com\/it\/wp-json\/wp\/v2\/media?parent=981492"}],"wp:term":[{"taxonomy":"category","embeddable":true,"href":"https:\/\/www.pressenza.com\/it\/wp-json\/wp\/v2\/categories?post=981492"},{"taxonomy":"post_tag","embeddable":true,"href":"https:\/\/www.pressenza.com\/it\/wp-json\/wp\/v2\/tags?post=981492"}],"curies":[{"name":"wp","href":"https:\/\/api.w.org\/{rel}","templated":true}]}}