{"id":981470,"date":"2019-11-26T14:07:02","date_gmt":"2019-11-26T14:07:02","guid":{"rendered":"https:\/\/www.pressenza.com\/?p=981470"},"modified":"2019-11-26T14:07:02","modified_gmt":"2019-11-26T14:07:02","slug":"donne-al-governo-delle-citta-qual-e-il-cambiamento","status":"publish","type":"post","link":"https:\/\/www.pressenza.com\/it\/2019\/11\/donne-al-governo-delle-citta-qual-e-il-cambiamento\/","title":{"rendered":"Donne al governo delle citt\u00e0, qual \u00e8 il cambiamento?"},"content":{"rendered":"<p><strong>Sabato 30 novembre 2019<\/strong>\u00a0<strong>dalle 9.30 alle 17.30 <\/strong><\/p>\n<p><strong>Spazio da Vivere della Casa delle Donne di Milano, via Marsala 8\/10<\/strong><\/p>\n<p>Incontreremo tre donne che rappresentano un\u2019esperienza molto significativa: femministe, impegnate nelle lotte dei movimenti sociali e nella politica spagnola, elette in alcune amministrazioni locali.<\/p>\n<p>Nell\u2019ambito di un progetto del Gruppo Networking internazionale dal titolo significativo \u201cDonne in politica, buone pratiche nel governo delle citt\u00e0: quale cambiamento?\u201d, cofinanziato dalla Fondazione Cariplo, abbiamo invitato\u00a0<strong>Eva Alfama<\/strong>\u00a0\u2013 assessora al Femminismo e LGBTQI+ della Citt\u00e0 di Barcellona (Catalogna),\u00a0<strong>Roc\u00edo Fraga\u00a0<\/strong>\u2013 gi\u00e0 consigliera alla Uguaglianza e Diversit\u00e0 del Comune di La Corun\u0303a (Galizia),\u00a0<strong>Lorena Garr\u00f3n<\/strong>\u00a0\u2013 assessora al Femminismo e LGBTI di Cadice (Andalusia).<\/p>\n<p>Si tratta del primo di due incontri con amministratrici locali europee. Nei prossimi mesi ne terremo un altro con esponenti politiche del Nord Europa (Islanda, Svezia, Norvegia e Finlandia).<\/p>\n<p>La domanda che ci porremo e che vorremmo discutere con le nostre ospiti \u00e8 se l\u2019ingresso nelle istituzioni di donne esponenti di movimenti di base e femministi, abbia determinato o possa innescare un reale cambiamento negli assetti di potere, tale da realizzare alcuni punti dei programmi espressi dai movimenti che ne hanno sostenuto l\u2019elezione.<\/p>\n<p>Nel pomeriggio \u00e8 prevista una tavola rotonda di approfondimento cui parteciperanno, oltre alle relatrici, Anita Sonego, gi\u00e0 consigliera e presidente del Comitato Pari Opportunit\u00e0 del Comune di Milano, Angelica Lepori, collettivo \u201cIo l\u20198\u201d, consigliera Mps Bellinzona ed Emanuela Bonini del collettivo Queer Transfemminista Ambrosia di Milano<\/p>\n<p><strong>\u00a0<\/strong><\/p>\n<p>&nbsp;<\/p>\n","protected":false},"excerpt":{"rendered":"<p>Sabato 30 novembre 2019\u00a0dalle 9.30 alle 17.30 Spazio da Vivere della Casa delle Donne di Milano, via Marsala 8\/10 Incontreremo tre donne che rappresentano un\u2019esperienza molto significativa: femministe, impegnate nelle lotte dei movimenti sociali e nella politica spagnola, elette in&hellip;<\/p>\n","protected":false},"author":1722,"featured_media":981471,"comment_status":"closed","ping_status":"closed","sticky":false,"template":"","format":"standard","meta":{"footnotes":""},"categories":[47,54513,55],"tags":[67514,14645,4603,1602],"class_list":["post-981470","post","type-post","status-publish","format-standard","has-post-thumbnail","hentry","category-europa","category-genere-e-femminismi","category-politica","tag-amministrazioni-locali","tag-casa-delle-donne-di-milano","tag-movimenti-sociali","tag-spagna"],"yoast_head":"<!-- This site is optimized with the Yoast SEO plugin v27.1.1 - https:\/\/yoast.com\/product\/yoast-seo-wordpress\/ -->\n<title>Donne al governo delle citt\u00e0, qual \u00e8 il cambiamento?<\/title>\n<meta name=\"description\" content=\"Sabato 30 novembre 2019\u00a0dalle 9.30 alle 17.30 Spazio da Vivere della Casa delle Donne di Milano, via Marsala 8\/10 Incontreremo tre donne che rappresentano\" \/>\n<meta name=\"robots\" content=\"index, follow, max-snippet:-1, max-image-preview:large, max-video-preview:-1\" \/>\n<link rel=\"canonical\" href=\"https:\/\/www.pressenza.com\/it\/2019\/11\/donne-al-governo-delle-citta-qual-e-il-cambiamento\/\" \/>\n<meta property=\"og:locale\" content=\"it_IT\" \/>\n<meta property=\"og:type\" content=\"article\" \/>\n<meta property=\"og:title\" content=\"Donne al governo delle citt\u00e0, qual \u00e8 il cambiamento?\" \/>\n<meta property=\"og:description\" content=\"Sabato 30 novembre 2019\u00a0dalle 9.30 alle 17.30 Spazio da Vivere della Casa delle Donne di Milano, via Marsala 8\/10 Incontreremo tre donne che rappresentano\" \/>\n<meta property=\"og:url\" content=\"https:\/\/www.pressenza.com\/it\/2019\/11\/donne-al-governo-delle-citta-qual-e-il-cambiamento\/\" \/>\n<meta property=\"og:site_name\" content=\"Pressenza\" \/>\n<meta property=\"article:publisher\" content=\"https:\/\/www.facebook.com\/PressenzaItalia\" \/>\n<meta property=\"article:published_time\" content=\"2019-11-26T14:07:02+00:00\" \/>\n<meta property=\"og:image\" content=\"https:\/\/www.pressenza.com\/wp-content\/uploads\/2019\/11\/striscione-casa-delle-donne-Milano.jpg\" \/>\n\t<meta property=\"og:image:width\" content=\"2039\" \/>\n\t<meta property=\"og:image:height\" content=\"865\" \/>\n\t<meta property=\"og:image:type\" content=\"image\/jpeg\" \/>\n<meta name=\"author\" content=\"Redazione Milano\" \/>\n<meta name=\"twitter:card\" content=\"summary_large_image\" \/>\n<meta name=\"twitter:creator\" content=\"@PressenzaIPA\" \/>\n<meta name=\"twitter:site\" content=\"@PressenzaIPA\" \/>\n<meta name=\"twitter:label1\" content=\"Scritto da\" \/>\n\t<meta name=\"twitter:data1\" content=\"Redazione Milano\" \/>\n\t<meta name=\"twitter:label2\" content=\"Tempo di lettura stimato\" \/>\n\t<meta name=\"twitter:data2\" content=\"1 minuto\" \/>\n<script type=\"application\/ld+json\" class=\"yoast-schema-graph\">{\"@context\":\"https:\/\/schema.org\",\"@graph\":[{\"@type\":\"Article\",\"@id\":\"https:\/\/www.pressenza.com\/it\/2019\/11\/donne-al-governo-delle-citta-qual-e-il-cambiamento\/#article\",\"isPartOf\":{\"@id\":\"https:\/\/www.pressenza.com\/it\/2019\/11\/donne-al-governo-delle-citta-qual-e-il-cambiamento\/\"},\"author\":{\"name\":\"Redazione Milano\",\"@id\":\"https:\/\/www.pressenza.com\/it\/#\/schema\/person\/746fc8cdd6c8e3d918fb5714b3583e41\"},\"headline\":\"Donne al governo delle citt\u00e0, qual \u00e8 il cambiamento?\",\"datePublished\":\"2019-11-26T14:07:02+00:00\",\"mainEntityOfPage\":{\"@id\":\"https:\/\/www.pressenza.com\/it\/2019\/11\/donne-al-governo-delle-citta-qual-e-il-cambiamento\/\"},\"wordCount\":246,\"publisher\":{\"@id\":\"https:\/\/www.pressenza.com\/it\/#organization\"},\"image\":{\"@id\":\"https:\/\/www.pressenza.com\/it\/2019\/11\/donne-al-governo-delle-citta-qual-e-il-cambiamento\/#primaryimage\"},\"thumbnailUrl\":\"https:\/\/www.pressenza.com\/wp-content\/uploads\/2019\/11\/striscione-casa-delle-donne-Milano.jpg\",\"keywords\":[\"amministrazioni locali\",\"Casa delle Donne di Milano\",\"movimenti sociali\",\"Spagna\"],\"articleSection\":[\"Europa\",\"Genere e femminismi\",\"Politica\"],\"inLanguage\":\"it-IT\"},{\"@type\":\"WebPage\",\"@id\":\"https:\/\/www.pressenza.com\/it\/2019\/11\/donne-al-governo-delle-citta-qual-e-il-cambiamento\/\",\"url\":\"https:\/\/www.pressenza.com\/it\/2019\/11\/donne-al-governo-delle-citta-qual-e-il-cambiamento\/\",\"name\":\"Donne al governo delle citt\u00e0, qual \u00e8 il cambiamento?\",\"isPartOf\":{\"@id\":\"https:\/\/www.pressenza.com\/it\/#website\"},\"primaryImageOfPage\":{\"@id\":\"https:\/\/www.pressenza.com\/it\/2019\/11\/donne-al-governo-delle-citta-qual-e-il-cambiamento\/#primaryimage\"},\"image\":{\"@id\":\"https:\/\/www.pressenza.com\/it\/2019\/11\/donne-al-governo-delle-citta-qual-e-il-cambiamento\/#primaryimage\"},\"thumbnailUrl\":\"https:\/\/www.pressenza.com\/wp-content\/uploads\/2019\/11\/striscione-casa-delle-donne-Milano.jpg\",\"datePublished\":\"2019-11-26T14:07:02+00:00\",\"description\":\"Sabato 30 novembre 2019\u00a0dalle 9.30 alle 17.30 Spazio da Vivere della Casa delle Donne di Milano, via Marsala 8\/10 Incontreremo tre donne che rappresentano\",\"breadcrumb\":{\"@id\":\"https:\/\/www.pressenza.com\/it\/2019\/11\/donne-al-governo-delle-citta-qual-e-il-cambiamento\/#breadcrumb\"},\"inLanguage\":\"it-IT\",\"potentialAction\":[{\"@type\":\"ReadAction\",\"target\":[\"https:\/\/www.pressenza.com\/it\/2019\/11\/donne-al-governo-delle-citta-qual-e-il-cambiamento\/\"]}]},{\"@type\":\"ImageObject\",\"inLanguage\":\"it-IT\",\"@id\":\"https:\/\/www.pressenza.com\/it\/2019\/11\/donne-al-governo-delle-citta-qual-e-il-cambiamento\/#primaryimage\",\"url\":\"https:\/\/www.pressenza.com\/wp-content\/uploads\/2019\/11\/striscione-casa-delle-donne-Milano.jpg\",\"contentUrl\":\"https:\/\/www.pressenza.com\/wp-content\/uploads\/2019\/11\/striscione-casa-delle-donne-Milano.jpg\",\"width\":2039,\"height\":865},{\"@type\":\"BreadcrumbList\",\"@id\":\"https:\/\/www.pressenza.com\/it\/2019\/11\/donne-al-governo-delle-citta-qual-e-il-cambiamento\/#breadcrumb\",\"itemListElement\":[{\"@type\":\"ListItem\",\"position\":1,\"name\":\"Accueil\",\"item\":\"https:\/\/www.pressenza.com\/it\/\"},{\"@type\":\"ListItem\",\"position\":2,\"name\":\"Donne al governo delle citt\u00e0, qual \u00e8 il cambiamento?\"}]},{\"@type\":\"WebSite\",\"@id\":\"https:\/\/www.pressenza.com\/it\/#website\",\"url\":\"https:\/\/www.pressenza.com\/it\/\",\"name\":\"Pressenza\",\"description\":\"Agenzia di Stampa Internazionale\",\"publisher\":{\"@id\":\"https:\/\/www.pressenza.com\/it\/#organization\"},\"potentialAction\":[{\"@type\":\"SearchAction\",\"target\":{\"@type\":\"EntryPoint\",\"urlTemplate\":\"https:\/\/www.pressenza.com\/it\/?s={search_term_string}\"},\"query-input\":{\"@type\":\"PropertyValueSpecification\",\"valueRequired\":true,\"valueName\":\"search_term_string\"}}],\"inLanguage\":\"it-IT\"},{\"@type\":\"Organization\",\"@id\":\"https:\/\/www.pressenza.com\/it\/#organization\",\"name\":\"Pressenza\",\"url\":\"https:\/\/www.pressenza.com\/it\/\",\"logo\":{\"@type\":\"ImageObject\",\"inLanguage\":\"it-IT\",\"@id\":\"https:\/\/www.pressenza.com\/it\/#\/schema\/logo\/image\/\",\"url\":\"https:\/\/www.pressenza.com\/wp-content\/uploads\/2022\/10\/pressenza_logo_200x200.jpg\",\"contentUrl\":\"https:\/\/www.pressenza.com\/wp-content\/uploads\/2022\/10\/pressenza_logo_200x200.jpg\",\"width\":200,\"height\":200,\"caption\":\"Pressenza\"},\"image\":{\"@id\":\"https:\/\/www.pressenza.com\/it\/#\/schema\/logo\/image\/\"},\"sameAs\":[\"https:\/\/www.facebook.com\/PressenzaItalia\",\"https:\/\/x.com\/PressenzaIPA\"]},{\"@type\":\"Person\",\"@id\":\"https:\/\/www.pressenza.com\/it\/#\/schema\/person\/746fc8cdd6c8e3d918fb5714b3583e41\",\"name\":\"Redazione Milano\",\"description\":\"News from the Pressenza Bureau in Milan, Italy\",\"url\":\"https:\/\/www.pressenza.com\/it\/author\/redazione-milano\/\"}]}<\/script>\n<!-- \/ Yoast SEO plugin. -->","yoast_head_json":{"title":"Donne al governo delle citt\u00e0, qual \u00e8 il cambiamento?","description":"Sabato 30 novembre 2019\u00a0dalle 9.30 alle 17.30 Spazio da Vivere della Casa delle Donne di Milano, via Marsala 8\/10 Incontreremo tre donne che rappresentano","robots":{"index":"index","follow":"follow","max-snippet":"max-snippet:-1","max-image-preview":"max-image-preview:large","max-video-preview":"max-video-preview:-1"},"canonical":"https:\/\/www.pressenza.com\/it\/2019\/11\/donne-al-governo-delle-citta-qual-e-il-cambiamento\/","og_locale":"it_IT","og_type":"article","og_title":"Donne al governo delle citt\u00e0, qual \u00e8 il cambiamento?","og_description":"Sabato 30 novembre 2019\u00a0dalle 9.30 alle 17.30 Spazio da Vivere della Casa delle Donne di Milano, via Marsala 8\/10 Incontreremo tre donne che rappresentano","og_url":"https:\/\/www.pressenza.com\/it\/2019\/11\/donne-al-governo-delle-citta-qual-e-il-cambiamento\/","og_site_name":"Pressenza","article_publisher":"https:\/\/www.facebook.com\/PressenzaItalia","article_published_time":"2019-11-26T14:07:02+00:00","og_image":[{"width":2039,"height":865,"url":"https:\/\/www.pressenza.com\/wp-content\/uploads\/2019\/11\/striscione-casa-delle-donne-Milano.jpg","type":"image\/jpeg"}],"author":"Redazione Milano","twitter_card":"summary_large_image","twitter_creator":"@PressenzaIPA","twitter_site":"@PressenzaIPA","twitter_misc":{"Scritto da":"Redazione Milano","Tempo di lettura stimato":"1 minuto"},"schema":{"@context":"https:\/\/schema.org","@graph":[{"@type":"Article","@id":"https:\/\/www.pressenza.com\/it\/2019\/11\/donne-al-governo-delle-citta-qual-e-il-cambiamento\/#article","isPartOf":{"@id":"https:\/\/www.pressenza.com\/it\/2019\/11\/donne-al-governo-delle-citta-qual-e-il-cambiamento\/"},"author":{"name":"Redazione Milano","@id":"https:\/\/www.pressenza.com\/it\/#\/schema\/person\/746fc8cdd6c8e3d918fb5714b3583e41"},"headline":"Donne al governo delle citt\u00e0, qual \u00e8 il cambiamento?","datePublished":"2019-11-26T14:07:02+00:00","mainEntityOfPage":{"@id":"https:\/\/www.pressenza.com\/it\/2019\/11\/donne-al-governo-delle-citta-qual-e-il-cambiamento\/"},"wordCount":246,"publisher":{"@id":"https:\/\/www.pressenza.com\/it\/#organization"},"image":{"@id":"https:\/\/www.pressenza.com\/it\/2019\/11\/donne-al-governo-delle-citta-qual-e-il-cambiamento\/#primaryimage"},"thumbnailUrl":"https:\/\/www.pressenza.com\/wp-content\/uploads\/2019\/11\/striscione-casa-delle-donne-Milano.jpg","keywords":["amministrazioni locali","Casa delle Donne di Milano","movimenti sociali","Spagna"],"articleSection":["Europa","Genere e femminismi","Politica"],"inLanguage":"it-IT"},{"@type":"WebPage","@id":"https:\/\/www.pressenza.com\/it\/2019\/11\/donne-al-governo-delle-citta-qual-e-il-cambiamento\/","url":"https:\/\/www.pressenza.com\/it\/2019\/11\/donne-al-governo-delle-citta-qual-e-il-cambiamento\/","name":"Donne al governo delle citt\u00e0, qual \u00e8 il cambiamento?","isPartOf":{"@id":"https:\/\/www.pressenza.com\/it\/#website"},"primaryImageOfPage":{"@id":"https:\/\/www.pressenza.com\/it\/2019\/11\/donne-al-governo-delle-citta-qual-e-il-cambiamento\/#primaryimage"},"image":{"@id":"https:\/\/www.pressenza.com\/it\/2019\/11\/donne-al-governo-delle-citta-qual-e-il-cambiamento\/#primaryimage"},"thumbnailUrl":"https:\/\/www.pressenza.com\/wp-content\/uploads\/2019\/11\/striscione-casa-delle-donne-Milano.jpg","datePublished":"2019-11-26T14:07:02+00:00","description":"Sabato 30 novembre 2019\u00a0dalle 9.30 alle 17.30 Spazio da Vivere della Casa delle Donne di Milano, via Marsala 8\/10 Incontreremo tre donne che rappresentano","breadcrumb":{"@id":"https:\/\/www.pressenza.com\/it\/2019\/11\/donne-al-governo-delle-citta-qual-e-il-cambiamento\/#breadcrumb"},"inLanguage":"it-IT","potentialAction":[{"@type":"ReadAction","target":["https:\/\/www.pressenza.com\/it\/2019\/11\/donne-al-governo-delle-citta-qual-e-il-cambiamento\/"]}]},{"@type":"ImageObject","inLanguage":"it-IT","@id":"https:\/\/www.pressenza.com\/it\/2019\/11\/donne-al-governo-delle-citta-qual-e-il-cambiamento\/#primaryimage","url":"https:\/\/www.pressenza.com\/wp-content\/uploads\/2019\/11\/striscione-casa-delle-donne-Milano.jpg","contentUrl":"https:\/\/www.pressenza.com\/wp-content\/uploads\/2019\/11\/striscione-casa-delle-donne-Milano.jpg","width":2039,"height":865},{"@type":"BreadcrumbList","@id":"https:\/\/www.pressenza.com\/it\/2019\/11\/donne-al-governo-delle-citta-qual-e-il-cambiamento\/#breadcrumb","itemListElement":[{"@type":"ListItem","position":1,"name":"Accueil","item":"https:\/\/www.pressenza.com\/it\/"},{"@type":"ListItem","position":2,"name":"Donne al governo delle citt\u00e0, qual \u00e8 il cambiamento?"}]},{"@type":"WebSite","@id":"https:\/\/www.pressenza.com\/it\/#website","url":"https:\/\/www.pressenza.com\/it\/","name":"Pressenza","description":"Agenzia di Stampa Internazionale","publisher":{"@id":"https:\/\/www.pressenza.com\/it\/#organization"},"potentialAction":[{"@type":"SearchAction","target":{"@type":"EntryPoint","urlTemplate":"https:\/\/www.pressenza.com\/it\/?s={search_term_string}"},"query-input":{"@type":"PropertyValueSpecification","valueRequired":true,"valueName":"search_term_string"}}],"inLanguage":"it-IT"},{"@type":"Organization","@id":"https:\/\/www.pressenza.com\/it\/#organization","name":"Pressenza","url":"https:\/\/www.pressenza.com\/it\/","logo":{"@type":"ImageObject","inLanguage":"it-IT","@id":"https:\/\/www.pressenza.com\/it\/#\/schema\/logo\/image\/","url":"https:\/\/www.pressenza.com\/wp-content\/uploads\/2022\/10\/pressenza_logo_200x200.jpg","contentUrl":"https:\/\/www.pressenza.com\/wp-content\/uploads\/2022\/10\/pressenza_logo_200x200.jpg","width":200,"height":200,"caption":"Pressenza"},"image":{"@id":"https:\/\/www.pressenza.com\/it\/#\/schema\/logo\/image\/"},"sameAs":["https:\/\/www.facebook.com\/PressenzaItalia","https:\/\/x.com\/PressenzaIPA"]},{"@type":"Person","@id":"https:\/\/www.pressenza.com\/it\/#\/schema\/person\/746fc8cdd6c8e3d918fb5714b3583e41","name":"Redazione Milano","description":"News from the Pressenza Bureau in Milan, Italy","url":"https:\/\/www.pressenza.com\/it\/author\/redazione-milano\/"}]}},"place":"","original_article_url":"","_links":{"self":[{"href":"https:\/\/www.pressenza.com\/it\/wp-json\/wp\/v2\/posts\/981470","targetHints":{"allow":["GET"]}}],"collection":[{"href":"https:\/\/www.pressenza.com\/it\/wp-json\/wp\/v2\/posts"}],"about":[{"href":"https:\/\/www.pressenza.com\/it\/wp-json\/wp\/v2\/types\/post"}],"author":[{"embeddable":true,"href":"https:\/\/www.pressenza.com\/it\/wp-json\/wp\/v2\/users\/1722"}],"replies":[{"embeddable":true,"href":"https:\/\/www.pressenza.com\/it\/wp-json\/wp\/v2\/comments?post=981470"}],"version-history":[{"count":0,"href":"https:\/\/www.pressenza.com\/it\/wp-json\/wp\/v2\/posts\/981470\/revisions"}],"wp:featuredmedia":[{"embeddable":true,"href":"https:\/\/www.pressenza.com\/it\/wp-json\/wp\/v2\/media\/981471"}],"wp:attachment":[{"href":"https:\/\/www.pressenza.com\/it\/wp-json\/wp\/v2\/media?parent=981470"}],"wp:term":[{"taxonomy":"category","embeddable":true,"href":"https:\/\/www.pressenza.com\/it\/wp-json\/wp\/v2\/categories?post=981470"},{"taxonomy":"post_tag","embeddable":true,"href":"https:\/\/www.pressenza.com\/it\/wp-json\/wp\/v2\/tags?post=981470"}],"curies":[{"name":"wp","href":"https:\/\/api.w.org\/{rel}","templated":true}]}}