{"id":981186,"date":"2019-11-25T20:18:05","date_gmt":"2019-11-25T20:18:05","guid":{"rendered":"https:\/\/www.pressenza.com\/?p=981186"},"modified":"2019-11-25T20:36:33","modified_gmt":"2019-11-25T20:36:33","slug":"shirin-ebadi-su-iran-migliaia-di-arresti-non-siate-indifferenti","status":"publish","type":"post","link":"https:\/\/www.pressenza.com\/it\/2019\/11\/shirin-ebadi-su-iran-migliaia-di-arresti-non-siate-indifferenti\/","title":{"rendered":"Shirin Ebadi su Iran: migliaia di arresti, non siate indifferenti !!"},"content":{"rendered":"<p>&#8220;Non siate indifferenti alle sofferenze del popolo iraniano: dategli voce, non dimenticate le vittime tra i manifestanti degli ultimi giorni&#8221;.<\/p>\n<p>Questo l&#8217;appello di Shirin Ebadi, avvocato difensore per i diritti umani e Premio Nobel per la Pace. All&#8217;agenzia Dire, che l&#8217;ha intervistata a margine di un incontro a Roma, Ebadi ha detto: &#8220;In Iran le proteste sono scoppiate dopo che le autorit\u00e0, in una notte, hanno triplicato il prezzo della benzina.<\/p>\n<p>Il regime ha oscurato internet per giorni affinch\u00e9 la voce dei cittadini non uscisse dal Paese e non si sapesse che oltre 200 persone erano state uccise nella repressione e che, sempre secondo i nostri dati, oltre 4mila manifestanti erano stati arrestati. Non dimenticateli&#8221;.<\/p>\n<p>A chi le domandava se consideri il presidente Hassan Rouhani un moderato, cos\u00ec come parte della comunit\u00e0 internazionale riconosce, la Premio Nobel ha risposto: &#8220;Rouhani \u00e8 lo stesso che in questi giorni ha ordinato alla polizia di sparare contro i manifestanti. In Iran non voto da anni, perch\u00e9 so che le elezioni non sono libere; ad ogni modo non ho mai sostenuto Rouhani perch\u00e9 \u00e8&#8217; stato a capo del Consiglio di sicurezza nazionale&#8221;. Questo organismo, secondo Ebadi, ha avuto un ruolo diretto nelle persecuzioni a danno dei cittadini. &#8220;Quando mi chiedono cosa la comunit\u00e0 internazionale pu\u00f2 fare per aiutare l&#8217;Iran, dico: smettete di sostenere i dittatori e ricordate i nomi di chi e stato ucciso, anche recentemente, per difendere la libert\u00e0. Bisogna mantenere il loro ricordo&#8221;.<\/p>\n<p>Ebadi ha pagato caro l&#8217;aver difeso i diritti umani e civili dopo che, nel 1979, a Teheran si \u00e8 affermata la Repubblica islamica. Obbligo di velo per tutte le donne, che con l&#8217;imposizione della legge islamica hanno visto perduti anche diritti acquisiti, ha ricordato la Premio Nobel, &#8220;come avere un conto in banca o avere pari peso legale rispetto a quello di un uomo davanti alla legge&#8221;.<\/p>\n<div>Ebadi, che era un avvocato affermato, ha dovuto lasciare l&#8217;Iran dopo aver subito il blocco dei beni e l&#8217;interdizione a praticare la professione. Il marito e la sorella sono stati incarcerati al suo posto. Ebadi ha cos\u00ec cresciuto le due figlie all&#8217;estero, da dove per\u00f2 non ha smesso di lavorare per il bene del suo Paese: &#8220;Pi\u00f9 volte l&#8217;intelligence iraniana mi ha contattato dicendomi che, se avessi interrotto il mio lavoro, mi avrebbero restituito i miei averi e avrebbero liberato i miei cari, ma io sono convinta che se un popolo non paga il prezzo della propria democrazia, non sara&#8217; mai libero&#8221;.<\/div>\n<p>Rispetto alla storia recente del suo Paese e ai 40 anni di repubblica islamica, Ebadi ha detto: &#8220;Noi musulmani vogliamo il cambiamento e questo sar\u00e0 possibile solo quando la religione sar\u00e0 separata dallo Stato. Noi vogliamo uno Stato laico come il vostro. Abbiamo 5mila anni di storia alle spalle: sono certa che un giorno succeder\u00e0&#8221;.<\/p>\n<p>La Premio Nobel \u00e8 stata ospite di un incontro con gli studenti delle scuole superiori organizzato a Roma al Teatro Quirino\u00a0 all&#8217;Associazione nazionale volontarie Telefono Rosa &#8211; Onlus in occasione della Giornata internazionale contro la violenza sulle donne. Durante il dibattito \u00e8 stato menzionato l&#8217;ultimo libro in cui Ebadi racconta la sua vita e il suo impegno: &#8216;Finch\u00e9 non saremo liberi. Iran, la mia lotta per i diritti umani&#8217;, in Italia edito dalla Casa editrice Bompiani.<\/p>\n","protected":false},"excerpt":{"rendered":"<p>&#8220;Non siate indifferenti alle sofferenze del popolo iraniano: dategli voce, non dimenticate le vittime tra i manifestanti degli ultimi giorni&#8221;. Questo l&#8217;appello di Shirin Ebadi, avvocato difensore per i diritti umani e Premio Nobel per la Pace. All&#8217;agenzia Dire, che&hellip;<\/p>\n","protected":false},"author":1478,"featured_media":579641,"comment_status":"closed","ping_status":"closed","sticky":false,"template":"","format":"standard","meta":{"footnotes":""},"categories":[60,47,52],"tags":[206,3873,5015],"class_list":["post-981186","post","type-post","status-publish","format-standard","has-post-thumbnail","hentry","category-diritti-umani","category-europa","category-medio-oriente","tag-iran","tag-roma","tag-shirin-ebadi"],"yoast_head":"<!-- This site is optimized with the Yoast SEO plugin v27.1.1 - https:\/\/yoast.com\/product\/yoast-seo-wordpress\/ -->\n<title>Shirin Ebadi su Iran: migliaia di arresti, non siate indifferenti !!<\/title>\n<meta name=\"description\" content=\"&quot;Non siate indifferenti alle sofferenze del popolo iraniano: dategli voce, non dimenticate le vittime tra i manifestanti degli ultimi giorni&quot;. Questo\" \/>\n<meta name=\"robots\" content=\"index, follow, max-snippet:-1, max-image-preview:large, max-video-preview:-1\" \/>\n<link rel=\"canonical\" href=\"https:\/\/www.pressenza.com\/it\/2019\/11\/shirin-ebadi-su-iran-migliaia-di-arresti-non-siate-indifferenti\/\" \/>\n<meta property=\"og:locale\" content=\"it_IT\" \/>\n<meta property=\"og:type\" content=\"article\" \/>\n<meta property=\"og:title\" content=\"Shirin Ebadi su Iran: migliaia di arresti, non siate indifferenti !!\" \/>\n<meta property=\"og:description\" content=\"&quot;Non siate indifferenti alle sofferenze del popolo iraniano: dategli voce, non dimenticate le vittime tra i manifestanti degli ultimi giorni&quot;. Questo\" \/>\n<meta property=\"og:url\" content=\"https:\/\/www.pressenza.com\/it\/2019\/11\/shirin-ebadi-su-iran-migliaia-di-arresti-non-siate-indifferenti\/\" \/>\n<meta property=\"og:site_name\" content=\"Pressenza\" \/>\n<meta property=\"article:publisher\" content=\"https:\/\/www.facebook.com\/PressenzaItalia\" \/>\n<meta property=\"article:published_time\" content=\"2019-11-25T20:18:05+00:00\" \/>\n<meta property=\"article:modified_time\" content=\"2019-11-25T20:36:33+00:00\" \/>\n<meta property=\"og:image\" content=\"https:\/\/www.pressenza.com\/wp-content\/uploads\/2018\/01\/Shirin-Ebadi.jpg\" \/>\n\t<meta property=\"og:image:width\" content=\"940\" \/>\n\t<meta property=\"og:image:height\" content=\"529\" \/>\n\t<meta property=\"og:image:type\" content=\"image\/jpeg\" \/>\n<meta name=\"author\" content=\"Agenzia DIRE\" \/>\n<meta name=\"twitter:card\" content=\"summary_large_image\" \/>\n<meta name=\"twitter:creator\" content=\"@PressenzaIPA\" \/>\n<meta name=\"twitter:site\" content=\"@PressenzaIPA\" \/>\n<meta name=\"twitter:label1\" content=\"Scritto da\" \/>\n\t<meta name=\"twitter:data1\" content=\"Agenzia DIRE\" \/>\n\t<meta name=\"twitter:label2\" content=\"Tempo di lettura stimato\" \/>\n\t<meta name=\"twitter:data2\" content=\"3 minuti\" \/>\n<script type=\"application\/ld+json\" class=\"yoast-schema-graph\">{\"@context\":\"https:\/\/schema.org\",\"@graph\":[{\"@type\":\"Article\",\"@id\":\"https:\/\/www.pressenza.com\/it\/2019\/11\/shirin-ebadi-su-iran-migliaia-di-arresti-non-siate-indifferenti\/#article\",\"isPartOf\":{\"@id\":\"https:\/\/www.pressenza.com\/it\/2019\/11\/shirin-ebadi-su-iran-migliaia-di-arresti-non-siate-indifferenti\/\"},\"author\":{\"name\":\"Agenzia DIRE\",\"@id\":\"https:\/\/www.pressenza.com\/it\/#\/schema\/person\/bb13dad7d75de3f57ef0c4246101316b\"},\"headline\":\"Shirin Ebadi su Iran: migliaia di arresti, non siate indifferenti !!\",\"datePublished\":\"2019-11-25T20:18:05+00:00\",\"dateModified\":\"2019-11-25T20:36:33+00:00\",\"mainEntityOfPage\":{\"@id\":\"https:\/\/www.pressenza.com\/it\/2019\/11\/shirin-ebadi-su-iran-migliaia-di-arresti-non-siate-indifferenti\/\"},\"wordCount\":555,\"publisher\":{\"@id\":\"https:\/\/www.pressenza.com\/it\/#organization\"},\"image\":{\"@id\":\"https:\/\/www.pressenza.com\/it\/2019\/11\/shirin-ebadi-su-iran-migliaia-di-arresti-non-siate-indifferenti\/#primaryimage\"},\"thumbnailUrl\":\"https:\/\/www.pressenza.com\/wp-content\/uploads\/2018\/01\/Shirin-Ebadi.jpg\",\"keywords\":[\"Iran\",\"Roma\",\"Shirin Ebadi\"],\"articleSection\":[\"Diritti Umani\",\"Europa\",\"Medio Oriente\"],\"inLanguage\":\"it-IT\"},{\"@type\":\"WebPage\",\"@id\":\"https:\/\/www.pressenza.com\/it\/2019\/11\/shirin-ebadi-su-iran-migliaia-di-arresti-non-siate-indifferenti\/\",\"url\":\"https:\/\/www.pressenza.com\/it\/2019\/11\/shirin-ebadi-su-iran-migliaia-di-arresti-non-siate-indifferenti\/\",\"name\":\"Shirin Ebadi su Iran: migliaia di arresti, non siate indifferenti !!\",\"isPartOf\":{\"@id\":\"https:\/\/www.pressenza.com\/it\/#website\"},\"primaryImageOfPage\":{\"@id\":\"https:\/\/www.pressenza.com\/it\/2019\/11\/shirin-ebadi-su-iran-migliaia-di-arresti-non-siate-indifferenti\/#primaryimage\"},\"image\":{\"@id\":\"https:\/\/www.pressenza.com\/it\/2019\/11\/shirin-ebadi-su-iran-migliaia-di-arresti-non-siate-indifferenti\/#primaryimage\"},\"thumbnailUrl\":\"https:\/\/www.pressenza.com\/wp-content\/uploads\/2018\/01\/Shirin-Ebadi.jpg\",\"datePublished\":\"2019-11-25T20:18:05+00:00\",\"dateModified\":\"2019-11-25T20:36:33+00:00\",\"description\":\"\\\"Non siate indifferenti alle sofferenze del popolo iraniano: dategli voce, non dimenticate le vittime tra i manifestanti degli ultimi giorni\\\". Questo\",\"breadcrumb\":{\"@id\":\"https:\/\/www.pressenza.com\/it\/2019\/11\/shirin-ebadi-su-iran-migliaia-di-arresti-non-siate-indifferenti\/#breadcrumb\"},\"inLanguage\":\"it-IT\",\"potentialAction\":[{\"@type\":\"ReadAction\",\"target\":[\"https:\/\/www.pressenza.com\/it\/2019\/11\/shirin-ebadi-su-iran-migliaia-di-arresti-non-siate-indifferenti\/\"]}]},{\"@type\":\"ImageObject\",\"inLanguage\":\"it-IT\",\"@id\":\"https:\/\/www.pressenza.com\/it\/2019\/11\/shirin-ebadi-su-iran-migliaia-di-arresti-non-siate-indifferenti\/#primaryimage\",\"url\":\"https:\/\/www.pressenza.com\/wp-content\/uploads\/2018\/01\/Shirin-Ebadi.jpg\",\"contentUrl\":\"https:\/\/www.pressenza.com\/wp-content\/uploads\/2018\/01\/Shirin-Ebadi.jpg\",\"width\":940,\"height\":529},{\"@type\":\"BreadcrumbList\",\"@id\":\"https:\/\/www.pressenza.com\/it\/2019\/11\/shirin-ebadi-su-iran-migliaia-di-arresti-non-siate-indifferenti\/#breadcrumb\",\"itemListElement\":[{\"@type\":\"ListItem\",\"position\":1,\"name\":\"Accueil\",\"item\":\"https:\/\/www.pressenza.com\/it\/\"},{\"@type\":\"ListItem\",\"position\":2,\"name\":\"Shirin Ebadi su Iran: migliaia di arresti, non siate indifferenti !!\"}]},{\"@type\":\"WebSite\",\"@id\":\"https:\/\/www.pressenza.com\/it\/#website\",\"url\":\"https:\/\/www.pressenza.com\/it\/\",\"name\":\"Pressenza\",\"description\":\"Agenzia di Stampa Internazionale\",\"publisher\":{\"@id\":\"https:\/\/www.pressenza.com\/it\/#organization\"},\"potentialAction\":[{\"@type\":\"SearchAction\",\"target\":{\"@type\":\"EntryPoint\",\"urlTemplate\":\"https:\/\/www.pressenza.com\/it\/?s={search_term_string}\"},\"query-input\":{\"@type\":\"PropertyValueSpecification\",\"valueRequired\":true,\"valueName\":\"search_term_string\"}}],\"inLanguage\":\"it-IT\"},{\"@type\":\"Organization\",\"@id\":\"https:\/\/www.pressenza.com\/it\/#organization\",\"name\":\"Pressenza\",\"url\":\"https:\/\/www.pressenza.com\/it\/\",\"logo\":{\"@type\":\"ImageObject\",\"inLanguage\":\"it-IT\",\"@id\":\"https:\/\/www.pressenza.com\/it\/#\/schema\/logo\/image\/\",\"url\":\"https:\/\/www.pressenza.com\/wp-content\/uploads\/2022\/10\/pressenza_logo_200x200.jpg\",\"contentUrl\":\"https:\/\/www.pressenza.com\/wp-content\/uploads\/2022\/10\/pressenza_logo_200x200.jpg\",\"width\":200,\"height\":200,\"caption\":\"Pressenza\"},\"image\":{\"@id\":\"https:\/\/www.pressenza.com\/it\/#\/schema\/logo\/image\/\"},\"sameAs\":[\"https:\/\/www.facebook.com\/PressenzaItalia\",\"https:\/\/x.com\/PressenzaIPA\"]},{\"@type\":\"Person\",\"@id\":\"https:\/\/www.pressenza.com\/it\/#\/schema\/person\/bb13dad7d75de3f57ef0c4246101316b\",\"name\":\"Agenzia DIRE\",\"description\":\"La DIRE \u00e8 una delle principali agenzie di stampa nazionali, trasmette sui propri notiziari multimediali tutte le notizie dell'ultimo minuto, approfondimenti, interviste, newsletter tematiche. Specializzata in politiche parlamentari e di governo, oltre che esteri, sanit\u00e0, ambiente, welfare, politiche regionali e locali, giovani. Su Dire.it pubblica, ogni giorno, tutte le principali notizie. E' presente su tutto il territorio nazionale con sei sedi, cinquanta giornalisti e corrispondenti da tutte le regioni.\",\"sameAs\":[\"http:\/\/www.dire.it\/\"],\"url\":\"https:\/\/www.pressenza.com\/it\/author\/agenzia-dire\/\"}]}<\/script>\n<!-- \/ Yoast SEO plugin. -->","yoast_head_json":{"title":"Shirin Ebadi su Iran: migliaia di arresti, non siate indifferenti !!","description":"\"Non siate indifferenti alle sofferenze del popolo iraniano: dategli voce, non dimenticate le vittime tra i manifestanti degli ultimi giorni\". Questo","robots":{"index":"index","follow":"follow","max-snippet":"max-snippet:-1","max-image-preview":"max-image-preview:large","max-video-preview":"max-video-preview:-1"},"canonical":"https:\/\/www.pressenza.com\/it\/2019\/11\/shirin-ebadi-su-iran-migliaia-di-arresti-non-siate-indifferenti\/","og_locale":"it_IT","og_type":"article","og_title":"Shirin Ebadi su Iran: migliaia di arresti, non siate indifferenti !!","og_description":"\"Non siate indifferenti alle sofferenze del popolo iraniano: dategli voce, non dimenticate le vittime tra i manifestanti degli ultimi giorni\". Questo","og_url":"https:\/\/www.pressenza.com\/it\/2019\/11\/shirin-ebadi-su-iran-migliaia-di-arresti-non-siate-indifferenti\/","og_site_name":"Pressenza","article_publisher":"https:\/\/www.facebook.com\/PressenzaItalia","article_published_time":"2019-11-25T20:18:05+00:00","article_modified_time":"2019-11-25T20:36:33+00:00","og_image":[{"width":940,"height":529,"url":"https:\/\/www.pressenza.com\/wp-content\/uploads\/2018\/01\/Shirin-Ebadi.jpg","type":"image\/jpeg"}],"author":"Agenzia DIRE","twitter_card":"summary_large_image","twitter_creator":"@PressenzaIPA","twitter_site":"@PressenzaIPA","twitter_misc":{"Scritto da":"Agenzia DIRE","Tempo di lettura stimato":"3 minuti"},"schema":{"@context":"https:\/\/schema.org","@graph":[{"@type":"Article","@id":"https:\/\/www.pressenza.com\/it\/2019\/11\/shirin-ebadi-su-iran-migliaia-di-arresti-non-siate-indifferenti\/#article","isPartOf":{"@id":"https:\/\/www.pressenza.com\/it\/2019\/11\/shirin-ebadi-su-iran-migliaia-di-arresti-non-siate-indifferenti\/"},"author":{"name":"Agenzia DIRE","@id":"https:\/\/www.pressenza.com\/it\/#\/schema\/person\/bb13dad7d75de3f57ef0c4246101316b"},"headline":"Shirin Ebadi su Iran: migliaia di arresti, non siate indifferenti !!","datePublished":"2019-11-25T20:18:05+00:00","dateModified":"2019-11-25T20:36:33+00:00","mainEntityOfPage":{"@id":"https:\/\/www.pressenza.com\/it\/2019\/11\/shirin-ebadi-su-iran-migliaia-di-arresti-non-siate-indifferenti\/"},"wordCount":555,"publisher":{"@id":"https:\/\/www.pressenza.com\/it\/#organization"},"image":{"@id":"https:\/\/www.pressenza.com\/it\/2019\/11\/shirin-ebadi-su-iran-migliaia-di-arresti-non-siate-indifferenti\/#primaryimage"},"thumbnailUrl":"https:\/\/www.pressenza.com\/wp-content\/uploads\/2018\/01\/Shirin-Ebadi.jpg","keywords":["Iran","Roma","Shirin Ebadi"],"articleSection":["Diritti Umani","Europa","Medio Oriente"],"inLanguage":"it-IT"},{"@type":"WebPage","@id":"https:\/\/www.pressenza.com\/it\/2019\/11\/shirin-ebadi-su-iran-migliaia-di-arresti-non-siate-indifferenti\/","url":"https:\/\/www.pressenza.com\/it\/2019\/11\/shirin-ebadi-su-iran-migliaia-di-arresti-non-siate-indifferenti\/","name":"Shirin Ebadi su Iran: migliaia di arresti, non siate indifferenti !!","isPartOf":{"@id":"https:\/\/www.pressenza.com\/it\/#website"},"primaryImageOfPage":{"@id":"https:\/\/www.pressenza.com\/it\/2019\/11\/shirin-ebadi-su-iran-migliaia-di-arresti-non-siate-indifferenti\/#primaryimage"},"image":{"@id":"https:\/\/www.pressenza.com\/it\/2019\/11\/shirin-ebadi-su-iran-migliaia-di-arresti-non-siate-indifferenti\/#primaryimage"},"thumbnailUrl":"https:\/\/www.pressenza.com\/wp-content\/uploads\/2018\/01\/Shirin-Ebadi.jpg","datePublished":"2019-11-25T20:18:05+00:00","dateModified":"2019-11-25T20:36:33+00:00","description":"\"Non siate indifferenti alle sofferenze del popolo iraniano: dategli voce, non dimenticate le vittime tra i manifestanti degli ultimi giorni\". Questo","breadcrumb":{"@id":"https:\/\/www.pressenza.com\/it\/2019\/11\/shirin-ebadi-su-iran-migliaia-di-arresti-non-siate-indifferenti\/#breadcrumb"},"inLanguage":"it-IT","potentialAction":[{"@type":"ReadAction","target":["https:\/\/www.pressenza.com\/it\/2019\/11\/shirin-ebadi-su-iran-migliaia-di-arresti-non-siate-indifferenti\/"]}]},{"@type":"ImageObject","inLanguage":"it-IT","@id":"https:\/\/www.pressenza.com\/it\/2019\/11\/shirin-ebadi-su-iran-migliaia-di-arresti-non-siate-indifferenti\/#primaryimage","url":"https:\/\/www.pressenza.com\/wp-content\/uploads\/2018\/01\/Shirin-Ebadi.jpg","contentUrl":"https:\/\/www.pressenza.com\/wp-content\/uploads\/2018\/01\/Shirin-Ebadi.jpg","width":940,"height":529},{"@type":"BreadcrumbList","@id":"https:\/\/www.pressenza.com\/it\/2019\/11\/shirin-ebadi-su-iran-migliaia-di-arresti-non-siate-indifferenti\/#breadcrumb","itemListElement":[{"@type":"ListItem","position":1,"name":"Accueil","item":"https:\/\/www.pressenza.com\/it\/"},{"@type":"ListItem","position":2,"name":"Shirin Ebadi su Iran: migliaia di arresti, non siate indifferenti !!"}]},{"@type":"WebSite","@id":"https:\/\/www.pressenza.com\/it\/#website","url":"https:\/\/www.pressenza.com\/it\/","name":"Pressenza","description":"Agenzia di Stampa Internazionale","publisher":{"@id":"https:\/\/www.pressenza.com\/it\/#organization"},"potentialAction":[{"@type":"SearchAction","target":{"@type":"EntryPoint","urlTemplate":"https:\/\/www.pressenza.com\/it\/?s={search_term_string}"},"query-input":{"@type":"PropertyValueSpecification","valueRequired":true,"valueName":"search_term_string"}}],"inLanguage":"it-IT"},{"@type":"Organization","@id":"https:\/\/www.pressenza.com\/it\/#organization","name":"Pressenza","url":"https:\/\/www.pressenza.com\/it\/","logo":{"@type":"ImageObject","inLanguage":"it-IT","@id":"https:\/\/www.pressenza.com\/it\/#\/schema\/logo\/image\/","url":"https:\/\/www.pressenza.com\/wp-content\/uploads\/2022\/10\/pressenza_logo_200x200.jpg","contentUrl":"https:\/\/www.pressenza.com\/wp-content\/uploads\/2022\/10\/pressenza_logo_200x200.jpg","width":200,"height":200,"caption":"Pressenza"},"image":{"@id":"https:\/\/www.pressenza.com\/it\/#\/schema\/logo\/image\/"},"sameAs":["https:\/\/www.facebook.com\/PressenzaItalia","https:\/\/x.com\/PressenzaIPA"]},{"@type":"Person","@id":"https:\/\/www.pressenza.com\/it\/#\/schema\/person\/bb13dad7d75de3f57ef0c4246101316b","name":"Agenzia DIRE","description":"La DIRE \u00e8 una delle principali agenzie di stampa nazionali, trasmette sui propri notiziari multimediali tutte le notizie dell'ultimo minuto, approfondimenti, interviste, newsletter tematiche. Specializzata in politiche parlamentari e di governo, oltre che esteri, sanit\u00e0, ambiente, welfare, politiche regionali e locali, giovani. Su Dire.it pubblica, ogni giorno, tutte le principali notizie. E' presente su tutto il territorio nazionale con sei sedi, cinquanta giornalisti e corrispondenti da tutte le regioni.","sameAs":["http:\/\/www.dire.it\/"],"url":"https:\/\/www.pressenza.com\/it\/author\/agenzia-dire\/"}]}},"place":"","original_article_url":"","_links":{"self":[{"href":"https:\/\/www.pressenza.com\/it\/wp-json\/wp\/v2\/posts\/981186","targetHints":{"allow":["GET"]}}],"collection":[{"href":"https:\/\/www.pressenza.com\/it\/wp-json\/wp\/v2\/posts"}],"about":[{"href":"https:\/\/www.pressenza.com\/it\/wp-json\/wp\/v2\/types\/post"}],"author":[{"embeddable":true,"href":"https:\/\/www.pressenza.com\/it\/wp-json\/wp\/v2\/users\/1478"}],"replies":[{"embeddable":true,"href":"https:\/\/www.pressenza.com\/it\/wp-json\/wp\/v2\/comments?post=981186"}],"version-history":[{"count":0,"href":"https:\/\/www.pressenza.com\/it\/wp-json\/wp\/v2\/posts\/981186\/revisions"}],"wp:featuredmedia":[{"embeddable":true,"href":"https:\/\/www.pressenza.com\/it\/wp-json\/wp\/v2\/media\/579641"}],"wp:attachment":[{"href":"https:\/\/www.pressenza.com\/it\/wp-json\/wp\/v2\/media?parent=981186"}],"wp:term":[{"taxonomy":"category","embeddable":true,"href":"https:\/\/www.pressenza.com\/it\/wp-json\/wp\/v2\/categories?post=981186"},{"taxonomy":"post_tag","embeddable":true,"href":"https:\/\/www.pressenza.com\/it\/wp-json\/wp\/v2\/tags?post=981186"}],"curies":[{"name":"wp","href":"https:\/\/api.w.org\/{rel}","templated":true}]}}